{"id":14112,"date":"2024-04-03T18:49:21","date_gmt":"2024-04-03T21:49:21","guid":{"rendered":"https:\/\/apuntesdesanluis.com\/?p=14112"},"modified":"2024-04-03T18:51:48","modified_gmt":"2024-04-03T21:51:48","slug":"conflictos-en-el-inadi-y-en-la-secretaria-de-trabajo-por-despidos","status":"publish","type":"post","link":"https:\/\/apuntesdesanluis.com\/index.php\/2024\/04\/03\/conflictos-en-el-inadi-y-en-la-secretaria-de-trabajo-por-despidos\/","title":{"rendered":"CONFLICTOS EN EL INADI Y EN LA SECRETAR\u00cdA DE TRABAJO POR DESPIDOS"},"content":{"rendered":"<h3>Durante la ma\u00f1ana, hubo una serie de conflictos tanto en el <strong>Instituto Nacional contra la Discriminaci\u00f3n, el Racismo y la Xenofobia<\/strong> (INADI) como en la <strong>Secretar\u00eda de Trabajo<\/strong>.<\/h3>\n<h3>Luego de forcejear con las fuerzas de seguridad, trabajadores estatales ingresaron al edificio del INADI, mientras que en la Secretar\u00eda de Trabajo de la Naci\u00f3n hubo retenci\u00f3n de tareas por empleados cesanteados y una protesta llevada adelante por ATE (Asociaci\u00f3n de Trabajadores del Estado).<\/h3>\n<h3>El operativo de seguridad que se mont\u00f3 en las inmediaciones del INADI intent\u00f3 frenar sin \u00e9xito a los trabajadores que ingresaron al organismo, traspasando los molinetes.<\/h3>\n<p><iframe title=\"Trabajadores de ATE se manifiestan en contra de los despidos masivos en el Estado\" width=\"640\" height=\"360\" src=\"https:\/\/www.youtube.com\/embed\/jwJCCTuQ_24?feature=oembed\" frameborder=\"0\" allow=\"accelerometer; autoplay; clipboard-write; encrypted-media; gyroscope; picture-in-picture; web-share\" referrerpolicy=\"strict-origin-when-cross-origin\" allowfullscreen><\/iframe><\/p>\n<h3>En di\u00e1logo con Noticias Argentinas, parte del personal declar\u00f3 que notificaron \u201ccasi 40 despidos\u201d y que la polic\u00eda, que estaba presente en el lugar, \u201cten\u00eda orden de reprimir\u201d.<\/h3>\n<h3>Muchos de los empleados se enteraron de su desvinculaci\u00f3n en el mismo momento y otros recibieron, mediante correo electr\u00f3nico institucional, la comunicaci\u00f3n de la cesant\u00eda de sus contratos.<\/h3>\n<h3>Uno de los testimonios que se viraliz\u00f3 fue el de una mujer, empleada del INADI, que hab\u00eda ingresado a trabajar en el a\u00f1o 2008 y que le faltaban meses para jubilarse.<\/h3>\n<h3>&#8220;En mi legajo tengo los agradecimientos de todas las personas que benefici\u00e9 con mis gestiones. Me quedo sin ingresos hasta que salga mi jubilaci\u00f3n&#8221;, expres\u00f3 la mujer.<\/h3>\n<h3>Por su parte, los trabajadores del ex Ministerio de Trabajo de la Naci\u00f3n, que actualmente es una de las secretar\u00edas que dependen del Ministerio de Capital Humano, decidieron realizar una protesta con retenci\u00f3n de tareas por 14 contratados a los que desvincularon sin motivo.<\/h3>\n<p>&nbsp;<\/p>\n<p>&nbsp;<\/p>\n<p>&nbsp;<\/p>\n<p>&nbsp;<\/p>\n<p>&nbsp;<\/p>\n<p>&nbsp;<\/p>\n<p>&nbsp;<\/p>\n<p>&nbsp;<\/p>\n<p>&nbsp;<\/p>\n","protected":false},"excerpt":{"rendered":"<p>Durante la ma\u00f1ana, hubo una serie de conflictos tanto en el Instituto Nacional contra la&#8230;<\/p>\n","protected":false},"author":1,"featured_media":14113,"comment_status":"closed","ping_status":"closed","sticky":false,"template":"","format":"standard","meta":{"footnotes":""},"categories":[5],"tags":[],"class_list":["post-14112","post","type-post","status-publish","format-standard","has-post-thumbnail","hentry","category-nacionales-internacionales"],"yoast_head":"<!-- This site is optimized with the Yoast SEO plugin v26.1.1 - https:\/\/yoast.com\/wordpress\/plugins\/seo\/ -->\n<title>CONFLICTOS EN EL INADI Y EN LA SECRETAR\u00cdA DE TRABAJO POR DESPIDOS - Apuntes de San Luis<\/title>\n<meta name=\"robots\" content=\"index, follow, max-snippet:-1, max-image-preview:large, max-video-preview:-1\" \/>\n<link rel=\"canonical\" href=\"https:\/\/apuntesdesanluis.com\/index.php\/2024\/04\/03\/conflictos-en-el-inadi-y-en-la-secretaria-de-trabajo-por-despidos\/\" \/>\n<meta property=\"og:locale\" content=\"es_ES\" \/>\n<meta property=\"og:type\" content=\"article\" \/>\n<meta property=\"og:title\" content=\"CONFLICTOS EN EL INADI Y EN LA SECRETAR\u00cdA DE TRABAJO POR DESPIDOS - Apuntes de San Luis\" \/>\n<meta property=\"og:description\" content=\"Durante la ma\u00f1ana, hubo una serie de conflictos tanto en el Instituto Nacional contra la...\" \/>\n<meta property=\"og:url\" content=\"https:\/\/apuntesdesanluis.com\/index.php\/2024\/04\/03\/conflictos-en-el-inadi-y-en-la-secretaria-de-trabajo-por-despidos\/\" \/>\n<meta property=\"og:site_name\" content=\"Apuntes de San Luis\" \/>\n<meta property=\"article:published_time\" content=\"2024-04-03T21:49:21+00:00\" \/>\n<meta property=\"article:modified_time\" content=\"2024-04-03T21:51:48+00:00\" \/>\n<meta property=\"og:image\" content=\"https:\/\/apuntesdesanluis.com\/wp-content\/uploads\/2024\/04\/ABRAZOS.png\" \/>\n\t<meta property=\"og:image:width\" content=\"682\" \/>\n\t<meta property=\"og:image:height\" content=\"449\" \/>\n\t<meta property=\"og:image:type\" content=\"image\/png\" \/>\n<meta name=\"author\" content=\"apuntesdesanluis.com\" \/>\n<meta name=\"twitter:card\" content=\"summary_large_image\" \/>\n<meta name=\"twitter:label1\" content=\"Escrito por\" \/>\n\t<meta name=\"twitter:data1\" content=\"apuntesdesanluis.com\" \/>\n\t<meta name=\"twitter:label2\" content=\"Tiempo de lectura\" \/>\n\t<meta name=\"twitter:data2\" content=\"2 minutos\" \/>\n<script type=\"application\/ld+json\" class=\"yoast-schema-graph\">{\"@context\":\"https:\/\/schema.org\",\"@graph\":[{\"@type\":\"Article\",\"@id\":\"https:\/\/apuntesdesanluis.com\/index.php\/2024\/04\/03\/conflictos-en-el-inadi-y-en-la-secretaria-de-trabajo-por-despidos\/#article\",\"isPartOf\":{\"@id\":\"https:\/\/apuntesdesanluis.com\/index.php\/2024\/04\/03\/conflictos-en-el-inadi-y-en-la-secretaria-de-trabajo-por-despidos\/\"},\"author\":{\"name\":\"apuntesdesanluis.com\",\"@id\":\"https:\/\/apuntesdesanluis.com\/#\/schema\/person\/b55151d52296fcce64d1a72538a70b90\"},\"headline\":\"CONFLICTOS EN EL INADI Y EN LA SECRETAR\u00cdA DE TRABAJO POR DESPIDOS\",\"datePublished\":\"2024-04-03T21:49:21+00:00\",\"dateModified\":\"2024-04-03T21:51:48+00:00\",\"mainEntityOfPage\":{\"@id\":\"https:\/\/apuntesdesanluis.com\/index.php\/2024\/04\/03\/conflictos-en-el-inadi-y-en-la-secretaria-de-trabajo-por-despidos\/\"},\"wordCount\":301,\"publisher\":{\"@id\":\"https:\/\/apuntesdesanluis.com\/#\/schema\/person\/b55151d52296fcce64d1a72538a70b90\"},\"image\":{\"@id\":\"https:\/\/apuntesdesanluis.com\/index.php\/2024\/04\/03\/conflictos-en-el-inadi-y-en-la-secretaria-de-trabajo-por-despidos\/#primaryimage\"},\"thumbnailUrl\":\"https:\/\/apuntesdesanluis.com\/wp-content\/uploads\/2024\/04\/ABRAZOS.png\",\"articleSection\":[\"Nacionales\/Internacionales\"],\"inLanguage\":\"es-AR\"},{\"@type\":\"WebPage\",\"@id\":\"https:\/\/apuntesdesanluis.com\/index.php\/2024\/04\/03\/conflictos-en-el-inadi-y-en-la-secretaria-de-trabajo-por-despidos\/\",\"url\":\"https:\/\/apuntesdesanluis.com\/index.php\/2024\/04\/03\/conflictos-en-el-inadi-y-en-la-secretaria-de-trabajo-por-despidos\/\",\"name\":\"CONFLICTOS EN EL INADI Y EN LA SECRETAR\u00cdA DE TRABAJO POR DESPIDOS - Apuntes de San Luis\",\"isPartOf\":{\"@id\":\"https:\/\/apuntesdesanluis.com\/#website\"},\"primaryImageOfPage\":{\"@id\":\"https:\/\/apuntesdesanluis.com\/index.php\/2024\/04\/03\/conflictos-en-el-inadi-y-en-la-secretaria-de-trabajo-por-despidos\/#primaryimage\"},\"image\":{\"@id\":\"https:\/\/apuntesdesanluis.com\/index.php\/2024\/04\/03\/conflictos-en-el-inadi-y-en-la-secretaria-de-trabajo-por-despidos\/#primaryimage\"},\"thumbnailUrl\":\"https:\/\/apuntesdesanluis.com\/wp-content\/uploads\/2024\/04\/ABRAZOS.png\",\"datePublished\":\"2024-04-03T21:49:21+00:00\",\"dateModified\":\"2024-04-03T21:51:48+00:00\",\"breadcrumb\":{\"@id\":\"https:\/\/apuntesdesanluis.com\/index.php\/2024\/04\/03\/conflictos-en-el-inadi-y-en-la-secretaria-de-trabajo-por-despidos\/#breadcrumb\"},\"inLanguage\":\"es-AR\",\"potentialAction\":[{\"@type\":\"ReadAction\",\"target\":[\"https:\/\/apuntesdesanluis.com\/index.php\/2024\/04\/03\/conflictos-en-el-inadi-y-en-la-secretaria-de-trabajo-por-despidos\/\"]}]},{\"@type\":\"ImageObject\",\"inLanguage\":\"es-AR\",\"@id\":\"https:\/\/apuntesdesanluis.com\/index.php\/2024\/04\/03\/conflictos-en-el-inadi-y-en-la-secretaria-de-trabajo-por-despidos\/#primaryimage\",\"url\":\"https:\/\/apuntesdesanluis.com\/wp-content\/uploads\/2024\/04\/ABRAZOS.png\",\"contentUrl\":\"https:\/\/apuntesdesanluis.com\/wp-content\/uploads\/2024\/04\/ABRAZOS.png\",\"width\":682,\"height\":449},{\"@type\":\"BreadcrumbList\",\"@id\":\"https:\/\/apuntesdesanluis.com\/index.php\/2024\/04\/03\/conflictos-en-el-inadi-y-en-la-secretaria-de-trabajo-por-despidos\/#breadcrumb\",\"itemListElement\":[{\"@type\":\"ListItem\",\"position\":1,\"name\":\"Inicio\",\"item\":\"https:\/\/apuntesdesanluis.com\/\"},{\"@type\":\"ListItem\",\"position\":2,\"name\":\"CONFLICTOS EN EL INADI Y EN LA SECRETAR\u00cdA DE TRABAJO POR DESPIDOS\"}]},{\"@type\":\"WebSite\",\"@id\":\"https:\/\/apuntesdesanluis.com\/#website\",\"url\":\"https:\/\/apuntesdesanluis.com\/\",\"name\":\"Apuntes de San Luis\",\"description\":\"\",\"publisher\":{\"@id\":\"https:\/\/apuntesdesanluis.com\/#\/schema\/person\/b55151d52296fcce64d1a72538a70b90\"},\"potentialAction\":[{\"@type\":\"SearchAction\",\"target\":{\"@type\":\"EntryPoint\",\"urlTemplate\":\"https:\/\/apuntesdesanluis.com\/?s={search_term_string}\"},\"query-input\":{\"@type\":\"PropertyValueSpecification\",\"valueRequired\":true,\"valueName\":\"search_term_string\"}}],\"inLanguage\":\"es-AR\"},{\"@type\":[\"Person\",\"Organization\"],\"@id\":\"https:\/\/apuntesdesanluis.com\/#\/schema\/person\/b55151d52296fcce64d1a72538a70b90\",\"name\":\"apuntesdesanluis.com\",\"image\":{\"@type\":\"ImageObject\",\"inLanguage\":\"es-AR\",\"@id\":\"https:\/\/apuntesdesanluis.com\/#\/schema\/person\/image\/\",\"url\":\"https:\/\/apuntesdesanluis.com\/wp-content\/uploads\/2023\/07\/cropped-apuntesdesanluis.png\",\"contentUrl\":\"https:\/\/apuntesdesanluis.com\/wp-content\/uploads\/2023\/07\/cropped-apuntesdesanluis.png\",\"width\":450,\"height\":112,\"caption\":\"apuntesdesanluis.com\"},\"logo\":{\"@id\":\"https:\/\/apuntesdesanluis.com\/#\/schema\/person\/image\/\"},\"sameAs\":[\"https:\/\/apuntesdesanluis.com\"],\"url\":\"https:\/\/apuntesdesanluis.com\/index.php\/author\/apuntesdesanluis-com\/\"}]}<\/script>\n<!-- \/ Yoast SEO plugin. -->","yoast_head_json":{"title":"CONFLICTOS EN EL INADI Y EN LA SECRETAR\u00cdA DE TRABAJO POR DESPIDOS - Apuntes de San Luis","robots":{"index":"index","follow":"follow","max-snippet":"max-snippet:-1","max-image-preview":"max-image-preview:large","max-video-preview":"max-video-preview:-1"},"canonical":"https:\/\/apuntesdesanluis.com\/index.php\/2024\/04\/03\/conflictos-en-el-inadi-y-en-la-secretaria-de-trabajo-por-despidos\/","og_locale":"es_ES","og_type":"article","og_title":"CONFLICTOS EN EL INADI Y EN LA SECRETAR\u00cdA DE TRABAJO POR DESPIDOS - Apuntes de San Luis","og_description":"Durante la ma\u00f1ana, hubo una serie de conflictos tanto en el Instituto Nacional contra la...","og_url":"https:\/\/apuntesdesanluis.com\/index.php\/2024\/04\/03\/conflictos-en-el-inadi-y-en-la-secretaria-de-trabajo-por-despidos\/","og_site_name":"Apuntes de San Luis","article_published_time":"2024-04-03T21:49:21+00:00","article_modified_time":"2024-04-03T21:51:48+00:00","og_image":[{"width":682,"height":449,"url":"https:\/\/apuntesdesanluis.com\/wp-content\/uploads\/2024\/04\/ABRAZOS.png","type":"image\/png"}],"author":"apuntesdesanluis.com","twitter_card":"summary_large_image","twitter_misc":{"Escrito por":"apuntesdesanluis.com","Tiempo de lectura":"2 minutos"},"schema":{"@context":"https:\/\/schema.org","@graph":[{"@type":"Article","@id":"https:\/\/apuntesdesanluis.com\/index.php\/2024\/04\/03\/conflictos-en-el-inadi-y-en-la-secretaria-de-trabajo-por-despidos\/#article","isPartOf":{"@id":"https:\/\/apuntesdesanluis.com\/index.php\/2024\/04\/03\/conflictos-en-el-inadi-y-en-la-secretaria-de-trabajo-por-despidos\/"},"author":{"name":"apuntesdesanluis.com","@id":"https:\/\/apuntesdesanluis.com\/#\/schema\/person\/b55151d52296fcce64d1a72538a70b90"},"headline":"CONFLICTOS EN EL INADI Y EN LA SECRETAR\u00cdA DE TRABAJO POR DESPIDOS","datePublished":"2024-04-03T21:49:21+00:00","dateModified":"2024-04-03T21:51:48+00:00","mainEntityOfPage":{"@id":"https:\/\/apuntesdesanluis.com\/index.php\/2024\/04\/03\/conflictos-en-el-inadi-y-en-la-secretaria-de-trabajo-por-despidos\/"},"wordCount":301,"publisher":{"@id":"https:\/\/apuntesdesanluis.com\/#\/schema\/person\/b55151d52296fcce64d1a72538a70b90"},"image":{"@id":"https:\/\/apuntesdesanluis.com\/index.php\/2024\/04\/03\/conflictos-en-el-inadi-y-en-la-secretaria-de-trabajo-por-despidos\/#primaryimage"},"thumbnailUrl":"https:\/\/apuntesdesanluis.com\/wp-content\/uploads\/2024\/04\/ABRAZOS.png","articleSection":["Nacionales\/Internacionales"],"inLanguage":"es-AR"},{"@type":"WebPage","@id":"https:\/\/apuntesdesanluis.com\/index.php\/2024\/04\/03\/conflictos-en-el-inadi-y-en-la-secretaria-de-trabajo-por-despidos\/","url":"https:\/\/apuntesdesanluis.com\/index.php\/2024\/04\/03\/conflictos-en-el-inadi-y-en-la-secretaria-de-trabajo-por-despidos\/","name":"CONFLICTOS EN EL INADI Y EN LA SECRETAR\u00cdA DE TRABAJO POR DESPIDOS - Apuntes de San Luis","isPartOf":{"@id":"https:\/\/apuntesdesanluis.com\/#website"},"primaryImageOfPage":{"@id":"https:\/\/apuntesdesanluis.com\/index.php\/2024\/04\/03\/conflictos-en-el-inadi-y-en-la-secretaria-de-trabajo-por-despidos\/#primaryimage"},"image":{"@id":"https:\/\/apuntesdesanluis.com\/index.php\/2024\/04\/03\/conflictos-en-el-inadi-y-en-la-secretaria-de-trabajo-por-despidos\/#primaryimage"},"thumbnailUrl":"https:\/\/apuntesdesanluis.com\/wp-content\/uploads\/2024\/04\/ABRAZOS.png","datePublished":"2024-04-03T21:49:21+00:00","dateModified":"2024-04-03T21:51:48+00:00","breadcrumb":{"@id":"https:\/\/apuntesdesanluis.com\/index.php\/2024\/04\/03\/conflictos-en-el-inadi-y-en-la-secretaria-de-trabajo-por-despidos\/#breadcrumb"},"inLanguage":"es-AR","potentialAction":[{"@type":"ReadAction","target":["https:\/\/apuntesdesanluis.com\/index.php\/2024\/04\/03\/conflictos-en-el-inadi-y-en-la-secretaria-de-trabajo-por-despidos\/"]}]},{"@type":"ImageObject","inLanguage":"es-AR","@id":"https:\/\/apuntesdesanluis.com\/index.php\/2024\/04\/03\/conflictos-en-el-inadi-y-en-la-secretaria-de-trabajo-por-despidos\/#primaryimage","url":"https:\/\/apuntesdesanluis.com\/wp-content\/uploads\/2024\/04\/ABRAZOS.png","contentUrl":"https:\/\/apuntesdesanluis.com\/wp-content\/uploads\/2024\/04\/ABRAZOS.png","width":682,"height":449},{"@type":"BreadcrumbList","@id":"https:\/\/apuntesdesanluis.com\/index.php\/2024\/04\/03\/conflictos-en-el-inadi-y-en-la-secretaria-de-trabajo-por-despidos\/#breadcrumb","itemListElement":[{"@type":"ListItem","position":1,"name":"Inicio","item":"https:\/\/apuntesdesanluis.com\/"},{"@type":"ListItem","position":2,"name":"CONFLICTOS EN EL INADI Y EN LA SECRETAR\u00cdA DE TRABAJO POR DESPIDOS"}]},{"@type":"WebSite","@id":"https:\/\/apuntesdesanluis.com\/#website","url":"https:\/\/apuntesdesanluis.com\/","name":"Apuntes de San Luis","description":"","publisher":{"@id":"https:\/\/apuntesdesanluis.com\/#\/schema\/person\/b55151d52296fcce64d1a72538a70b90"},"potentialAction":[{"@type":"SearchAction","target":{"@type":"EntryPoint","urlTemplate":"https:\/\/apuntesdesanluis.com\/?s={search_term_string}"},"query-input":{"@type":"PropertyValueSpecification","valueRequired":true,"valueName":"search_term_string"}}],"inLanguage":"es-AR"},{"@type":["Person","Organization"],"@id":"https:\/\/apuntesdesanluis.com\/#\/schema\/person\/b55151d52296fcce64d1a72538a70b90","name":"apuntesdesanluis.com","image":{"@type":"ImageObject","inLanguage":"es-AR","@id":"https:\/\/apuntesdesanluis.com\/#\/schema\/person\/image\/","url":"https:\/\/apuntesdesanluis.com\/wp-content\/uploads\/2023\/07\/cropped-apuntesdesanluis.png","contentUrl":"https:\/\/apuntesdesanluis.com\/wp-content\/uploads\/2023\/07\/cropped-apuntesdesanluis.png","width":450,"height":112,"caption":"apuntesdesanluis.com"},"logo":{"@id":"https:\/\/apuntesdesanluis.com\/#\/schema\/person\/image\/"},"sameAs":["https:\/\/apuntesdesanluis.com"],"url":"https:\/\/apuntesdesanluis.com\/index.php\/author\/apuntesdesanluis-com\/"}]}},"featured_image_urls":{"full":["https:\/\/apuntesdesanluis.com\/wp-content\/uploads\/2024\/04\/ABRAZOS.png",682,449,false],"thumbnail":["https:\/\/apuntesdesanluis.com\/wp-content\/uploads\/2024\/04\/ABRAZOS-150x150.png",150,150,true],"medium":["https:\/\/apuntesdesanluis.com\/wp-content\/uploads\/2024\/04\/ABRAZOS-300x198.png",300,198,true],"medium_large":["https:\/\/apuntesdesanluis.com\/wp-content\/uploads\/2024\/04\/ABRAZOS.png",640,421,false],"large":["https:\/\/apuntesdesanluis.com\/wp-content\/uploads\/2024\/04\/ABRAZOS.png",640,421,false],"1536x1536":["https:\/\/apuntesdesanluis.com\/wp-content\/uploads\/2024\/04\/ABRAZOS.png",682,449,false],"2048x2048":["https:\/\/apuntesdesanluis.com\/wp-content\/uploads\/2024\/04\/ABRAZOS.png",682,449,false],"newsever-slider-full":["https:\/\/apuntesdesanluis.com\/wp-content\/uploads\/2024\/04\/ABRAZOS.png",682,449,false],"newsever-featured":["https:\/\/apuntesdesanluis.com\/wp-content\/uploads\/2024\/04\/ABRAZOS.png",682,449,false],"newsever-medium":["https:\/\/apuntesdesanluis.com\/wp-content\/uploads\/2024\/04\/ABRAZOS.png",682,449,false]},"author_info":{"display_name":"apuntesdesanluis.com","author_link":"https:\/\/apuntesdesanluis.com\/index.php\/author\/apuntesdesanluis-com\/"},"category_info":"<a href=\"https:\/\/apuntesdesanluis.com\/index.php\/category\/nacionales-internacionales\/\" rel=\"category tag\">Nacionales\/Internacionales<\/a>","tag_info":"Nacionales\/Internacionales","comment_count":"0","_links":{"self":[{"href":"https:\/\/apuntesdesanluis.com\/index.php\/wp-json\/wp\/v2\/posts\/14112","targetHints":{"allow":["GET"]}}],"collection":[{"href":"https:\/\/apuntesdesanluis.com\/index.php\/wp-json\/wp\/v2\/posts"}],"about":[{"href":"https:\/\/apuntesdesanluis.com\/index.php\/wp-json\/wp\/v2\/types\/post"}],"author":[{"embeddable":true,"href":"https:\/\/apuntesdesanluis.com\/index.php\/wp-json\/wp\/v2\/users\/1"}],"replies":[{"embeddable":true,"href":"https:\/\/apuntesdesanluis.com\/index.php\/wp-json\/wp\/v2\/comments?post=14112"}],"version-history":[{"count":2,"href":"https:\/\/apuntesdesanluis.com\/index.php\/wp-json\/wp\/v2\/posts\/14112\/revisions"}],"predecessor-version":[{"id":14115,"href":"https:\/\/apuntesdesanluis.com\/index.php\/wp-json\/wp\/v2\/posts\/14112\/revisions\/14115"}],"wp:featuredmedia":[{"embeddable":true,"href":"https:\/\/apuntesdesanluis.com\/index.php\/wp-json\/wp\/v2\/media\/14113"}],"wp:attachment":[{"href":"https:\/\/apuntesdesanluis.com\/index.php\/wp-json\/wp\/v2\/media?parent=14112"}],"wp:term":[{"taxonomy":"category","embeddable":true,"href":"https:\/\/apuntesdesanluis.com\/index.php\/wp-json\/wp\/v2\/categories?post=14112"},{"taxonomy":"post_tag","embeddable":true,"href":"https:\/\/apuntesdesanluis.com\/index.php\/wp-json\/wp\/v2\/tags?post=14112"}],"curies":[{"name":"wp","href":"https:\/\/api.w.org\/{rel}","templated":true}]}}