{"id":14116,"date":"2024-04-03T19:59:07","date_gmt":"2024-04-03T22:59:07","guid":{"rendered":"https:\/\/apuntesdesanluis.com\/?p=14116"},"modified":"2024-04-03T20:06:52","modified_gmt":"2024-04-03T23:06:52","slug":"dos-puntanos-en-una-foto-del-vaticano-que-recorre-el-mundo","status":"publish","type":"post","link":"https:\/\/apuntesdesanluis.com\/index.php\/2024\/04\/03\/dos-puntanos-en-una-foto-del-vaticano-que-recorre-el-mundo\/","title":{"rendered":"DOS PUNTANOS, EN UNA FOTO DEL VATICANO QUE RECORRE EL MUNDO"},"content":{"rendered":"<h3>Este mi\u00e9rcoles se realiz\u00f3 como todas las semanas la audiencia general en el <strong>Vaticano<\/strong>, entre las 09:00 y las 11:00 h, a la que se ingresa con un pase previamente autorizado y personal, en el que constan nombre y apellido. All\u00ed estaban <strong>Florencia<\/strong> y su esposo, al abogado de San Luis <strong>Jos\u00e9 Luis Dopazo, <\/strong>ex concejal<strong>.<\/strong><\/h3>\n<h3>Los puntanos hab\u00edan sacado los pasajes a Europa el a\u00f1o pasado y planificado visitar al <strong>Papa Francisco<\/strong>, tal como hicieran 7 a\u00f1os atr\u00e1s.<\/h3>\n<h3><em>\u201cEsa vez Flor se dio el gusto de decirle un par de palabras a Francisco mientras le cebaba unos mates, fue una experiencia hermosa\u201d,<\/em> recuerda \u201cEl Negro\u201d Dopazo a <span style=\"color: #000000;\"><strong>Apuntes de San Luis<\/strong><\/span>.<\/h3>\n<p><img fetchpriority=\"high\" decoding=\"async\" class=\"wp-image-14117 aligncenter\" src=\"https:\/\/apuntesdesanluis.com\/wp-content\/uploads\/2024\/04\/mates-300x178.jpg\" alt=\"\" width=\"615\" height=\"365\" srcset=\"https:\/\/apuntesdesanluis.com\/wp-content\/uploads\/2024\/04\/mates-300x178.jpg 300w, https:\/\/apuntesdesanluis.com\/wp-content\/uploads\/2024\/04\/mates.jpg 600w\" sizes=\"(max-width: 615px) 100vw, 615px\" \/><\/p>\n<h3>En esta oportunidad cumplieron similar rito. Fueron a saludar al Sumo Pont\u00edfice, pero estuvieron muy lejos. Como siempre, turistas de todo el mundo se acercan para intentar obtener una foto y, los m\u00e1s osados, poder saludarlo.<\/h3>\n<h3>Lamentablemente esa cercan\u00eda en los \u00faltimos tiempos ya no es posible, debido a que Francisco se moviliza en silla de ruedas. Por lo que debieron conformarse con saludarlo al paso de la unidad descapotable que lo traslada, imagen que tambi\u00e9n difundi\u00f3 el Vaticano.<\/h3>\n<p><img decoding=\"async\" class=\"wp-image-14118 aligncenter\" src=\"https:\/\/apuntesdesanluis.com\/wp-content\/uploads\/2024\/04\/papamovil-300x297.jpg\" alt=\"\" width=\"615\" height=\"609\" srcset=\"https:\/\/apuntesdesanluis.com\/wp-content\/uploads\/2024\/04\/papamovil-300x297.jpg 300w, https:\/\/apuntesdesanluis.com\/wp-content\/uploads\/2024\/04\/papamovil-150x150.jpg 150w, https:\/\/apuntesdesanluis.com\/wp-content\/uploads\/2024\/04\/papamovil.jpg 600w\" sizes=\"(max-width: 615px) 100vw, 615px\" \/><\/p>\n<h3>M\u00e1s tarde, ya en el hotel, Dopazo se alegr\u00f3 de leer que en el Instagram del Vaticano se publicaba un mensaje relacionado con una de sus principales pasiones: La Justicia.<\/h3>\n<h3><img decoding=\"async\" class=\"wp-image-14126 aligncenter\" src=\"https:\/\/apuntesdesanluis.com\/wp-content\/uploads\/2024\/04\/insta-vaticano-171x300.jpg\" alt=\"\" width=\"374\" height=\"656\" srcset=\"https:\/\/apuntesdesanluis.com\/wp-content\/uploads\/2024\/04\/insta-vaticano-171x300.jpg 171w, https:\/\/apuntesdesanluis.com\/wp-content\/uploads\/2024\/04\/insta-vaticano-585x1024.jpg 585w, https:\/\/apuntesdesanluis.com\/wp-content\/uploads\/2024\/04\/insta-vaticano.jpg 700w\" sizes=\"(max-width: 374px) 100vw, 374px\" \/><\/h3>\n<h3>Pero mayor fue su sorpresa, y la de su esposa, cuando apreciaron que ambos aparec\u00edan de fondo en la foto elegida por el \u00e1rea de Comunicaci\u00f3n Institucional de la Santa Sede, para difundir el tema central de la audiencia general.<\/h3>\n<h3><em>\u201cLa verdad es que fue muy fuerte. Poder ver de cerca nuevamente a Francisco, luego leer un mensaje sobre la justicia y al mismo tiempo descubrirnos en la foto elegida, que vos sab\u00e9s que va a recorrer el mundo. Fue un sentimiento extra\u00f1o, una cosa muy curiosa\u201d,<\/em> confiesa Dopazo, sin poder salir a\u00fan de su sorpresa.<\/h3>\n<p><img loading=\"lazy\" decoding=\"async\" class=\"wp-image-14121 aligncenter\" src=\"https:\/\/apuntesdesanluis.com\/wp-content\/uploads\/2024\/04\/foto-dopazo-y-flor-300x160.png\" alt=\"\" width=\"628\" height=\"335\" srcset=\"https:\/\/apuntesdesanluis.com\/wp-content\/uploads\/2024\/04\/foto-dopazo-y-flor-300x160.png 300w, https:\/\/apuntesdesanluis.com\/wp-content\/uploads\/2024\/04\/foto-dopazo-y-flor.png 522w\" sizes=\"(max-width: 628px) 100vw, 628px\" \/><\/p>\n<p>&nbsp;<\/p>\n<p>&nbsp;<\/p>\n<p>&nbsp;<\/p>\n<p>&nbsp;<\/p>\n","protected":false},"excerpt":{"rendered":"<p>Este mi\u00e9rcoles se realiz\u00f3 como todas las semanas la audiencia general en el Vaticano, entre&#8230;<\/p>\n","protected":false},"author":1,"featured_media":14122,"comment_status":"closed","ping_status":"closed","sticky":false,"template":"","format":"standard","meta":{"footnotes":""},"categories":[6],"tags":[],"class_list":["post-14116","post","type-post","status-publish","format-standard","has-post-thumbnail","hentry","category-ciudad-provincia"],"yoast_head":"<!-- This site is optimized with the Yoast SEO plugin v26.1.1 - https:\/\/yoast.com\/wordpress\/plugins\/seo\/ -->\n<title>DOS PUNTANOS, EN UNA FOTO DEL VATICANO QUE RECORRE EL MUNDO - Apuntes de San Luis<\/title>\n<meta name=\"robots\" content=\"index, follow, max-snippet:-1, max-image-preview:large, max-video-preview:-1\" \/>\n<link rel=\"canonical\" href=\"https:\/\/apuntesdesanluis.com\/index.php\/2024\/04\/03\/dos-puntanos-en-una-foto-del-vaticano-que-recorre-el-mundo\/\" \/>\n<meta property=\"og:locale\" content=\"es_ES\" \/>\n<meta property=\"og:type\" content=\"article\" \/>\n<meta property=\"og:title\" content=\"DOS PUNTANOS, EN UNA FOTO DEL VATICANO QUE RECORRE EL MUNDO - Apuntes de San Luis\" \/>\n<meta property=\"og:description\" content=\"Este mi\u00e9rcoles se realiz\u00f3 como todas las semanas la audiencia general en el Vaticano, entre...\" \/>\n<meta property=\"og:url\" content=\"https:\/\/apuntesdesanluis.com\/index.php\/2024\/04\/03\/dos-puntanos-en-una-foto-del-vaticano-que-recorre-el-mundo\/\" \/>\n<meta property=\"og:site_name\" content=\"Apuntes de San Luis\" \/>\n<meta property=\"article:published_time\" content=\"2024-04-03T22:59:07+00:00\" \/>\n<meta property=\"article:modified_time\" content=\"2024-04-03T23:06:52+00:00\" \/>\n<meta property=\"og:image\" content=\"https:\/\/apuntesdesanluis.com\/wp-content\/uploads\/2024\/04\/foto-principal.png\" \/>\n\t<meta property=\"og:image:width\" content=\"522\" \/>\n\t<meta property=\"og:image:height\" content=\"278\" \/>\n\t<meta property=\"og:image:type\" content=\"image\/png\" \/>\n<meta name=\"author\" content=\"apuntesdesanluis.com\" \/>\n<meta name=\"twitter:card\" content=\"summary_large_image\" \/>\n<meta name=\"twitter:label1\" content=\"Escrito por\" \/>\n\t<meta name=\"twitter:data1\" content=\"apuntesdesanluis.com\" \/>\n\t<meta name=\"twitter:label2\" content=\"Tiempo de lectura\" \/>\n\t<meta name=\"twitter:data2\" content=\"3 minutos\" \/>\n<script type=\"application\/ld+json\" class=\"yoast-schema-graph\">{\"@context\":\"https:\/\/schema.org\",\"@graph\":[{\"@type\":\"Article\",\"@id\":\"https:\/\/apuntesdesanluis.com\/index.php\/2024\/04\/03\/dos-puntanos-en-una-foto-del-vaticano-que-recorre-el-mundo\/#article\",\"isPartOf\":{\"@id\":\"https:\/\/apuntesdesanluis.com\/index.php\/2024\/04\/03\/dos-puntanos-en-una-foto-del-vaticano-que-recorre-el-mundo\/\"},\"author\":{\"name\":\"apuntesdesanluis.com\",\"@id\":\"https:\/\/apuntesdesanluis.com\/#\/schema\/person\/b55151d52296fcce64d1a72538a70b90\"},\"headline\":\"DOS PUNTANOS, EN UNA FOTO DEL VATICANO QUE RECORRE EL MUNDO\",\"datePublished\":\"2024-04-03T22:59:07+00:00\",\"dateModified\":\"2024-04-03T23:06:52+00:00\",\"mainEntityOfPage\":{\"@id\":\"https:\/\/apuntesdesanluis.com\/index.php\/2024\/04\/03\/dos-puntanos-en-una-foto-del-vaticano-que-recorre-el-mundo\/\"},\"wordCount\":344,\"publisher\":{\"@id\":\"https:\/\/apuntesdesanluis.com\/#\/schema\/person\/b55151d52296fcce64d1a72538a70b90\"},\"image\":{\"@id\":\"https:\/\/apuntesdesanluis.com\/index.php\/2024\/04\/03\/dos-puntanos-en-una-foto-del-vaticano-que-recorre-el-mundo\/#primaryimage\"},\"thumbnailUrl\":\"https:\/\/apuntesdesanluis.com\/wp-content\/uploads\/2024\/04\/foto-principal.png\",\"articleSection\":[\"Ciudad\/Provincia\"],\"inLanguage\":\"es-AR\"},{\"@type\":\"WebPage\",\"@id\":\"https:\/\/apuntesdesanluis.com\/index.php\/2024\/04\/03\/dos-puntanos-en-una-foto-del-vaticano-que-recorre-el-mundo\/\",\"url\":\"https:\/\/apuntesdesanluis.com\/index.php\/2024\/04\/03\/dos-puntanos-en-una-foto-del-vaticano-que-recorre-el-mundo\/\",\"name\":\"DOS PUNTANOS, EN UNA FOTO DEL VATICANO QUE RECORRE EL MUNDO - Apuntes de San Luis\",\"isPartOf\":{\"@id\":\"https:\/\/apuntesdesanluis.com\/#website\"},\"primaryImageOfPage\":{\"@id\":\"https:\/\/apuntesdesanluis.com\/index.php\/2024\/04\/03\/dos-puntanos-en-una-foto-del-vaticano-que-recorre-el-mundo\/#primaryimage\"},\"image\":{\"@id\":\"https:\/\/apuntesdesanluis.com\/index.php\/2024\/04\/03\/dos-puntanos-en-una-foto-del-vaticano-que-recorre-el-mundo\/#primaryimage\"},\"thumbnailUrl\":\"https:\/\/apuntesdesanluis.com\/wp-content\/uploads\/2024\/04\/foto-principal.png\",\"datePublished\":\"2024-04-03T22:59:07+00:00\",\"dateModified\":\"2024-04-03T23:06:52+00:00\",\"breadcrumb\":{\"@id\":\"https:\/\/apuntesdesanluis.com\/index.php\/2024\/04\/03\/dos-puntanos-en-una-foto-del-vaticano-que-recorre-el-mundo\/#breadcrumb\"},\"inLanguage\":\"es-AR\",\"potentialAction\":[{\"@type\":\"ReadAction\",\"target\":[\"https:\/\/apuntesdesanluis.com\/index.php\/2024\/04\/03\/dos-puntanos-en-una-foto-del-vaticano-que-recorre-el-mundo\/\"]}]},{\"@type\":\"ImageObject\",\"inLanguage\":\"es-AR\",\"@id\":\"https:\/\/apuntesdesanluis.com\/index.php\/2024\/04\/03\/dos-puntanos-en-una-foto-del-vaticano-que-recorre-el-mundo\/#primaryimage\",\"url\":\"https:\/\/apuntesdesanluis.com\/wp-content\/uploads\/2024\/04\/foto-principal.png\",\"contentUrl\":\"https:\/\/apuntesdesanluis.com\/wp-content\/uploads\/2024\/04\/foto-principal.png\",\"width\":522,\"height\":278},{\"@type\":\"BreadcrumbList\",\"@id\":\"https:\/\/apuntesdesanluis.com\/index.php\/2024\/04\/03\/dos-puntanos-en-una-foto-del-vaticano-que-recorre-el-mundo\/#breadcrumb\",\"itemListElement\":[{\"@type\":\"ListItem\",\"position\":1,\"name\":\"Inicio\",\"item\":\"https:\/\/apuntesdesanluis.com\/\"},{\"@type\":\"ListItem\",\"position\":2,\"name\":\"DOS PUNTANOS, EN UNA FOTO DEL VATICANO QUE RECORRE EL MUNDO\"}]},{\"@type\":\"WebSite\",\"@id\":\"https:\/\/apuntesdesanluis.com\/#website\",\"url\":\"https:\/\/apuntesdesanluis.com\/\",\"name\":\"Apuntes de San Luis\",\"description\":\"\",\"publisher\":{\"@id\":\"https:\/\/apuntesdesanluis.com\/#\/schema\/person\/b55151d52296fcce64d1a72538a70b90\"},\"potentialAction\":[{\"@type\":\"SearchAction\",\"target\":{\"@type\":\"EntryPoint\",\"urlTemplate\":\"https:\/\/apuntesdesanluis.com\/?s={search_term_string}\"},\"query-input\":{\"@type\":\"PropertyValueSpecification\",\"valueRequired\":true,\"valueName\":\"search_term_string\"}}],\"inLanguage\":\"es-AR\"},{\"@type\":[\"Person\",\"Organization\"],\"@id\":\"https:\/\/apuntesdesanluis.com\/#\/schema\/person\/b55151d52296fcce64d1a72538a70b90\",\"name\":\"apuntesdesanluis.com\",\"image\":{\"@type\":\"ImageObject\",\"inLanguage\":\"es-AR\",\"@id\":\"https:\/\/apuntesdesanluis.com\/#\/schema\/person\/image\/\",\"url\":\"https:\/\/apuntesdesanluis.com\/wp-content\/uploads\/2023\/07\/cropped-apuntesdesanluis.png\",\"contentUrl\":\"https:\/\/apuntesdesanluis.com\/wp-content\/uploads\/2023\/07\/cropped-apuntesdesanluis.png\",\"width\":450,\"height\":112,\"caption\":\"apuntesdesanluis.com\"},\"logo\":{\"@id\":\"https:\/\/apuntesdesanluis.com\/#\/schema\/person\/image\/\"},\"sameAs\":[\"https:\/\/apuntesdesanluis.com\"],\"url\":\"https:\/\/apuntesdesanluis.com\/index.php\/author\/apuntesdesanluis-com\/\"}]}<\/script>\n<!-- \/ Yoast SEO plugin. -->","yoast_head_json":{"title":"DOS PUNTANOS, EN UNA FOTO DEL VATICANO QUE RECORRE EL MUNDO - Apuntes de San Luis","robots":{"index":"index","follow":"follow","max-snippet":"max-snippet:-1","max-image-preview":"max-image-preview:large","max-video-preview":"max-video-preview:-1"},"canonical":"https:\/\/apuntesdesanluis.com\/index.php\/2024\/04\/03\/dos-puntanos-en-una-foto-del-vaticano-que-recorre-el-mundo\/","og_locale":"es_ES","og_type":"article","og_title":"DOS PUNTANOS, EN UNA FOTO DEL VATICANO QUE RECORRE EL MUNDO - Apuntes de San Luis","og_description":"Este mi\u00e9rcoles se realiz\u00f3 como todas las semanas la audiencia general en el Vaticano, entre...","og_url":"https:\/\/apuntesdesanluis.com\/index.php\/2024\/04\/03\/dos-puntanos-en-una-foto-del-vaticano-que-recorre-el-mundo\/","og_site_name":"Apuntes de San Luis","article_published_time":"2024-04-03T22:59:07+00:00","article_modified_time":"2024-04-03T23:06:52+00:00","og_image":[{"width":522,"height":278,"url":"https:\/\/apuntesdesanluis.com\/wp-content\/uploads\/2024\/04\/foto-principal.png","type":"image\/png"}],"author":"apuntesdesanluis.com","twitter_card":"summary_large_image","twitter_misc":{"Escrito por":"apuntesdesanluis.com","Tiempo de lectura":"3 minutos"},"schema":{"@context":"https:\/\/schema.org","@graph":[{"@type":"Article","@id":"https:\/\/apuntesdesanluis.com\/index.php\/2024\/04\/03\/dos-puntanos-en-una-foto-del-vaticano-que-recorre-el-mundo\/#article","isPartOf":{"@id":"https:\/\/apuntesdesanluis.com\/index.php\/2024\/04\/03\/dos-puntanos-en-una-foto-del-vaticano-que-recorre-el-mundo\/"},"author":{"name":"apuntesdesanluis.com","@id":"https:\/\/apuntesdesanluis.com\/#\/schema\/person\/b55151d52296fcce64d1a72538a70b90"},"headline":"DOS PUNTANOS, EN UNA FOTO DEL VATICANO QUE RECORRE EL MUNDO","datePublished":"2024-04-03T22:59:07+00:00","dateModified":"2024-04-03T23:06:52+00:00","mainEntityOfPage":{"@id":"https:\/\/apuntesdesanluis.com\/index.php\/2024\/04\/03\/dos-puntanos-en-una-foto-del-vaticano-que-recorre-el-mundo\/"},"wordCount":344,"publisher":{"@id":"https:\/\/apuntesdesanluis.com\/#\/schema\/person\/b55151d52296fcce64d1a72538a70b90"},"image":{"@id":"https:\/\/apuntesdesanluis.com\/index.php\/2024\/04\/03\/dos-puntanos-en-una-foto-del-vaticano-que-recorre-el-mundo\/#primaryimage"},"thumbnailUrl":"https:\/\/apuntesdesanluis.com\/wp-content\/uploads\/2024\/04\/foto-principal.png","articleSection":["Ciudad\/Provincia"],"inLanguage":"es-AR"},{"@type":"WebPage","@id":"https:\/\/apuntesdesanluis.com\/index.php\/2024\/04\/03\/dos-puntanos-en-una-foto-del-vaticano-que-recorre-el-mundo\/","url":"https:\/\/apuntesdesanluis.com\/index.php\/2024\/04\/03\/dos-puntanos-en-una-foto-del-vaticano-que-recorre-el-mundo\/","name":"DOS PUNTANOS, EN UNA FOTO DEL VATICANO QUE RECORRE EL MUNDO - Apuntes de San Luis","isPartOf":{"@id":"https:\/\/apuntesdesanluis.com\/#website"},"primaryImageOfPage":{"@id":"https:\/\/apuntesdesanluis.com\/index.php\/2024\/04\/03\/dos-puntanos-en-una-foto-del-vaticano-que-recorre-el-mundo\/#primaryimage"},"image":{"@id":"https:\/\/apuntesdesanluis.com\/index.php\/2024\/04\/03\/dos-puntanos-en-una-foto-del-vaticano-que-recorre-el-mundo\/#primaryimage"},"thumbnailUrl":"https:\/\/apuntesdesanluis.com\/wp-content\/uploads\/2024\/04\/foto-principal.png","datePublished":"2024-04-03T22:59:07+00:00","dateModified":"2024-04-03T23:06:52+00:00","breadcrumb":{"@id":"https:\/\/apuntesdesanluis.com\/index.php\/2024\/04\/03\/dos-puntanos-en-una-foto-del-vaticano-que-recorre-el-mundo\/#breadcrumb"},"inLanguage":"es-AR","potentialAction":[{"@type":"ReadAction","target":["https:\/\/apuntesdesanluis.com\/index.php\/2024\/04\/03\/dos-puntanos-en-una-foto-del-vaticano-que-recorre-el-mundo\/"]}]},{"@type":"ImageObject","inLanguage":"es-AR","@id":"https:\/\/apuntesdesanluis.com\/index.php\/2024\/04\/03\/dos-puntanos-en-una-foto-del-vaticano-que-recorre-el-mundo\/#primaryimage","url":"https:\/\/apuntesdesanluis.com\/wp-content\/uploads\/2024\/04\/foto-principal.png","contentUrl":"https:\/\/apuntesdesanluis.com\/wp-content\/uploads\/2024\/04\/foto-principal.png","width":522,"height":278},{"@type":"BreadcrumbList","@id":"https:\/\/apuntesdesanluis.com\/index.php\/2024\/04\/03\/dos-puntanos-en-una-foto-del-vaticano-que-recorre-el-mundo\/#breadcrumb","itemListElement":[{"@type":"ListItem","position":1,"name":"Inicio","item":"https:\/\/apuntesdesanluis.com\/"},{"@type":"ListItem","position":2,"name":"DOS PUNTANOS, EN UNA FOTO DEL VATICANO QUE RECORRE EL MUNDO"}]},{"@type":"WebSite","@id":"https:\/\/apuntesdesanluis.com\/#website","url":"https:\/\/apuntesdesanluis.com\/","name":"Apuntes de San Luis","description":"","publisher":{"@id":"https:\/\/apuntesdesanluis.com\/#\/schema\/person\/b55151d52296fcce64d1a72538a70b90"},"potentialAction":[{"@type":"SearchAction","target":{"@type":"EntryPoint","urlTemplate":"https:\/\/apuntesdesanluis.com\/?s={search_term_string}"},"query-input":{"@type":"PropertyValueSpecification","valueRequired":true,"valueName":"search_term_string"}}],"inLanguage":"es-AR"},{"@type":["Person","Organization"],"@id":"https:\/\/apuntesdesanluis.com\/#\/schema\/person\/b55151d52296fcce64d1a72538a70b90","name":"apuntesdesanluis.com","image":{"@type":"ImageObject","inLanguage":"es-AR","@id":"https:\/\/apuntesdesanluis.com\/#\/schema\/person\/image\/","url":"https:\/\/apuntesdesanluis.com\/wp-content\/uploads\/2023\/07\/cropped-apuntesdesanluis.png","contentUrl":"https:\/\/apuntesdesanluis.com\/wp-content\/uploads\/2023\/07\/cropped-apuntesdesanluis.png","width":450,"height":112,"caption":"apuntesdesanluis.com"},"logo":{"@id":"https:\/\/apuntesdesanluis.com\/#\/schema\/person\/image\/"},"sameAs":["https:\/\/apuntesdesanluis.com"],"url":"https:\/\/apuntesdesanluis.com\/index.php\/author\/apuntesdesanluis-com\/"}]}},"featured_image_urls":{"full":["https:\/\/apuntesdesanluis.com\/wp-content\/uploads\/2024\/04\/foto-principal.png",522,278,false],"thumbnail":["https:\/\/apuntesdesanluis.com\/wp-content\/uploads\/2024\/04\/foto-principal-150x150.png",150,150,true],"medium":["https:\/\/apuntesdesanluis.com\/wp-content\/uploads\/2024\/04\/foto-principal-300x160.png",300,160,true],"medium_large":["https:\/\/apuntesdesanluis.com\/wp-content\/uploads\/2024\/04\/foto-principal.png",522,278,false],"large":["https:\/\/apuntesdesanluis.com\/wp-content\/uploads\/2024\/04\/foto-principal.png",522,278,false],"1536x1536":["https:\/\/apuntesdesanluis.com\/wp-content\/uploads\/2024\/04\/foto-principal.png",522,278,false],"2048x2048":["https:\/\/apuntesdesanluis.com\/wp-content\/uploads\/2024\/04\/foto-principal.png",522,278,false],"newsever-slider-full":["https:\/\/apuntesdesanluis.com\/wp-content\/uploads\/2024\/04\/foto-principal.png",522,278,false],"newsever-featured":["https:\/\/apuntesdesanluis.com\/wp-content\/uploads\/2024\/04\/foto-principal.png",522,278,false],"newsever-medium":["https:\/\/apuntesdesanluis.com\/wp-content\/uploads\/2024\/04\/foto-principal.png",522,278,false]},"author_info":{"display_name":"apuntesdesanluis.com","author_link":"https:\/\/apuntesdesanluis.com\/index.php\/author\/apuntesdesanluis-com\/"},"category_info":"<a href=\"https:\/\/apuntesdesanluis.com\/index.php\/category\/ciudad-provincia\/\" rel=\"category tag\">Ciudad\/Provincia<\/a>","tag_info":"Ciudad\/Provincia","comment_count":"0","_links":{"self":[{"href":"https:\/\/apuntesdesanluis.com\/index.php\/wp-json\/wp\/v2\/posts\/14116","targetHints":{"allow":["GET"]}}],"collection":[{"href":"https:\/\/apuntesdesanluis.com\/index.php\/wp-json\/wp\/v2\/posts"}],"about":[{"href":"https:\/\/apuntesdesanluis.com\/index.php\/wp-json\/wp\/v2\/types\/post"}],"author":[{"embeddable":true,"href":"https:\/\/apuntesdesanluis.com\/index.php\/wp-json\/wp\/v2\/users\/1"}],"replies":[{"embeddable":true,"href":"https:\/\/apuntesdesanluis.com\/index.php\/wp-json\/wp\/v2\/comments?post=14116"}],"version-history":[{"count":13,"href":"https:\/\/apuntesdesanluis.com\/index.php\/wp-json\/wp\/v2\/posts\/14116\/revisions"}],"predecessor-version":[{"id":14136,"href":"https:\/\/apuntesdesanluis.com\/index.php\/wp-json\/wp\/v2\/posts\/14116\/revisions\/14136"}],"wp:featuredmedia":[{"embeddable":true,"href":"https:\/\/apuntesdesanluis.com\/index.php\/wp-json\/wp\/v2\/media\/14122"}],"wp:attachment":[{"href":"https:\/\/apuntesdesanluis.com\/index.php\/wp-json\/wp\/v2\/media?parent=14116"}],"wp:term":[{"taxonomy":"category","embeddable":true,"href":"https:\/\/apuntesdesanluis.com\/index.php\/wp-json\/wp\/v2\/categories?post=14116"},{"taxonomy":"post_tag","embeddable":true,"href":"https:\/\/apuntesdesanluis.com\/index.php\/wp-json\/wp\/v2\/tags?post=14116"}],"curies":[{"name":"wp","href":"https:\/\/api.w.org\/{rel}","templated":true}]}}