{"id":14141,"date":"2024-04-03T22:53:54","date_gmt":"2024-04-04T01:53:54","guid":{"rendered":"https:\/\/apuntesdesanluis.com\/?p=14141"},"modified":"2024-04-03T22:55:56","modified_gmt":"2024-04-04T01:55:56","slug":"nuevo-interbloque-en-diputados-frontera-consolida-su-poder-en-el-post-albertismo","status":"publish","type":"post","link":"https:\/\/apuntesdesanluis.com\/index.php\/2024\/04\/03\/nuevo-interbloque-en-diputados-frontera-consolida-su-poder-en-el-post-albertismo\/","title":{"rendered":"NUEVO INTERBLOQUE EN DIPUTADOS: FRONTERA CONSOLIDA SU PODER EN EL POST-ALBERTISMO"},"content":{"rendered":"<h3>Este mi\u00e9rcoles se conoci\u00f3 oficialmente que los legisladores del PJ \u201cdialoguista\u201d resolvieron unificarse en un Interbloque, que pol\u00edticamente responde al intendente de Villa Mercedes, <strong>Maximiliano Frontera<\/strong>.<\/h3>\n<h3>El 21 de febrero pasado se conoc\u00eda la conformaci\u00f3n de una nueva bancada, denominada \u201cAcuerdo por el Interior Sanluise\u00f1o\u201d, presidida por el diputado <strong>Edgardo Nicol\u00e1s Gonz\u00e1lez Ferro<\/strong> e integrada por su par del Departamento Pedernera, <strong>Christian Gurruchaga<\/strong>, y <strong>A\u00edda Beatriz L\u00f3pez<\/strong> (Ayacucho) y <strong>Carlos Altamiranda<\/strong> (Dupuy).<\/h3>\n<h3>En esos d\u00edas <strong>Ana Doly Glellel<\/strong> y <strong>Oscar C\u00e9sar Mac\u00edas<\/strong>, del Departamento Ayacucho, tambi\u00e9n resolv\u00edan conformar un bloque separado y escindirse del PJ, que pas\u00f3 a llamarse \u201cAyacucho de pie\u201d.<\/h3>\n<h3>Mucho antes, el a\u00f1o pasado, el actual presidente de la C\u00e1mara de Diputados <strong>Alberto Leyes<\/strong> (Belgrano), hab\u00eda sido un adelantado en esto de pegar el portazo en las filas pejotistas.<\/h3>\n<h3>Ahora se conoci\u00f3 que <strong>Graciela Mu\u00f1oz<\/strong> (Dupuy Unido) y <strong>Humberto Far\u00edas<\/strong> (Bloque Trabajo por los Pueblos), tambi\u00e9n resolvieron junto con los primeros integrarse a un Interbloque, reconociendo la conducci\u00f3n del diputado Gonz\u00e1lez Ferro, con lo cual ser\u00e1n num\u00e9ricamente la tercera fuerza en la c\u00e1mara baja, con 8 integrantes.<\/h3>\n<h3>El nombre del nuevo espacio legislativo no es casual: <strong>Consenso por San Luis<\/strong>, como para contraponerse con la postura intransigente que exhiben los ultra-albertistas, que cada vez son menos.<\/h3>\n<h3>No ser\u00eda de extra\u00f1ar que esta sangr\u00eda que sufre la bancada del PJ y aliados se profundice, con la partida de otros legisladores como los representantes del departamento <strong>Chacabuco<\/strong>, que tambi\u00e9n han mostrado cierta \u201cautonom\u00eda\u201d en las \u00faltimas votaciones.<\/h3>\n<h3>Los realineamientos de la ahora oposici\u00f3n en Diputados se estima que tambi\u00e9n tendr\u00e1n su correlato en la propia interna del Partido Justicialista, que este a\u00f1o deber\u00eda ser convocado para renovar autoridades, y en donde crece la figura del intendente villamercedino.<\/h3>\n<h3>Como se recordar\u00e1 Maximiliano Frontera fue uno de los pocos que en las elecciones de 2023 logr\u00f3 revalidar t\u00edtulos y ser reelecto, a pesar del triunfo de Poggi. Fortalecido, meses atr\u00e1s propuso p\u00fablicamente adoptar el mecanismo de elecciones internas abiertas para dirimir los futuros liderazgos en el partido de Per\u00f3n y Evita, algo que rechaza de plano el &#8220;albertismo&#8221;, que busca reunir fuerzas en el Tribunal de Disciplina partidario para impulsar su expulsi\u00f3n y la de los legisladores &#8220;separatistas&#8221;.<\/h3>\n<p><img fetchpriority=\"high\" decoding=\"async\" class=\"wp-image-14144 aligncenter\" src=\"https:\/\/apuntesdesanluis.com\/wp-content\/uploads\/2024\/04\/Nota-237x300.jpg\" alt=\"\" width=\"628\" height=\"795\" srcset=\"https:\/\/apuntesdesanluis.com\/wp-content\/uploads\/2024\/04\/Nota-237x300.jpg 237w, https:\/\/apuntesdesanluis.com\/wp-content\/uploads\/2024\/04\/Nota.jpg 600w\" sizes=\"(max-width: 628px) 100vw, 628px\" \/><\/p>\n<p>&nbsp;<\/p>\n<p>&nbsp;<\/p>\n<p>&nbsp;<\/p>\n<p>&nbsp;<\/p>\n<p>&nbsp;<\/p>\n","protected":false},"excerpt":{"rendered":"<p>Este mi\u00e9rcoles se conoci\u00f3 oficialmente que los legisladores del PJ \u201cdialoguista\u201d resolvieron unificarse en un&#8230;<\/p>\n","protected":false},"author":1,"featured_media":14143,"comment_status":"closed","ping_status":"closed","sticky":false,"template":"","format":"standard","meta":{"footnotes":""},"categories":[9],"tags":[],"class_list":["post-14141","post","type-post","status-publish","format-standard","has-post-thumbnail","hentry","category-opinion"],"yoast_head":"<!-- This site is optimized with the Yoast SEO plugin v26.1.1 - https:\/\/yoast.com\/wordpress\/plugins\/seo\/ -->\n<title>NUEVO INTERBLOQUE EN DIPUTADOS: FRONTERA CONSOLIDA SU PODER EN EL POST-ALBERTISMO - Apuntes de San Luis<\/title>\n<meta name=\"robots\" content=\"index, follow, max-snippet:-1, max-image-preview:large, max-video-preview:-1\" \/>\n<link rel=\"canonical\" href=\"https:\/\/apuntesdesanluis.com\/index.php\/2024\/04\/03\/nuevo-interbloque-en-diputados-frontera-consolida-su-poder-en-el-post-albertismo\/\" \/>\n<meta property=\"og:locale\" content=\"es_ES\" \/>\n<meta property=\"og:type\" content=\"article\" \/>\n<meta property=\"og:title\" content=\"NUEVO INTERBLOQUE EN DIPUTADOS: FRONTERA CONSOLIDA SU PODER EN EL POST-ALBERTISMO - Apuntes de San Luis\" \/>\n<meta property=\"og:description\" content=\"Este mi\u00e9rcoles se conoci\u00f3 oficialmente que los legisladores del PJ \u201cdialoguista\u201d resolvieron unificarse en un...\" \/>\n<meta property=\"og:url\" content=\"https:\/\/apuntesdesanluis.com\/index.php\/2024\/04\/03\/nuevo-interbloque-en-diputados-frontera-consolida-su-poder-en-el-post-albertismo\/\" \/>\n<meta property=\"og:site_name\" content=\"Apuntes de San Luis\" \/>\n<meta property=\"article:published_time\" content=\"2024-04-04T01:53:54+00:00\" \/>\n<meta property=\"article:modified_time\" content=\"2024-04-04T01:55:56+00:00\" \/>\n<meta property=\"og:image\" content=\"https:\/\/apuntesdesanluis.com\/wp-content\/uploads\/2024\/04\/dos-maxi-con-gonzalez-ferro.png\" \/>\n\t<meta property=\"og:image:width\" content=\"585\" \/>\n\t<meta property=\"og:image:height\" content=\"358\" \/>\n\t<meta property=\"og:image:type\" content=\"image\/png\" \/>\n<meta name=\"author\" content=\"apuntesdesanluis.com\" \/>\n<meta name=\"twitter:card\" content=\"summary_large_image\" \/>\n<meta name=\"twitter:label1\" content=\"Escrito por\" \/>\n\t<meta name=\"twitter:data1\" content=\"apuntesdesanluis.com\" \/>\n\t<meta name=\"twitter:label2\" content=\"Tiempo de lectura\" \/>\n\t<meta name=\"twitter:data2\" content=\"2 minutos\" \/>\n<script type=\"application\/ld+json\" class=\"yoast-schema-graph\">{\"@context\":\"https:\/\/schema.org\",\"@graph\":[{\"@type\":\"Article\",\"@id\":\"https:\/\/apuntesdesanluis.com\/index.php\/2024\/04\/03\/nuevo-interbloque-en-diputados-frontera-consolida-su-poder-en-el-post-albertismo\/#article\",\"isPartOf\":{\"@id\":\"https:\/\/apuntesdesanluis.com\/index.php\/2024\/04\/03\/nuevo-interbloque-en-diputados-frontera-consolida-su-poder-en-el-post-albertismo\/\"},\"author\":{\"name\":\"apuntesdesanluis.com\",\"@id\":\"https:\/\/apuntesdesanluis.com\/#\/schema\/person\/b55151d52296fcce64d1a72538a70b90\"},\"headline\":\"NUEVO INTERBLOQUE EN DIPUTADOS: FRONTERA CONSOLIDA SU PODER EN EL POST-ALBERTISMO\",\"datePublished\":\"2024-04-04T01:53:54+00:00\",\"dateModified\":\"2024-04-04T01:55:56+00:00\",\"mainEntityOfPage\":{\"@id\":\"https:\/\/apuntesdesanluis.com\/index.php\/2024\/04\/03\/nuevo-interbloque-en-diputados-frontera-consolida-su-poder-en-el-post-albertismo\/\"},\"wordCount\":420,\"publisher\":{\"@id\":\"https:\/\/apuntesdesanluis.com\/#\/schema\/person\/b55151d52296fcce64d1a72538a70b90\"},\"image\":{\"@id\":\"https:\/\/apuntesdesanluis.com\/index.php\/2024\/04\/03\/nuevo-interbloque-en-diputados-frontera-consolida-su-poder-en-el-post-albertismo\/#primaryimage\"},\"thumbnailUrl\":\"https:\/\/apuntesdesanluis.com\/wp-content\/uploads\/2024\/04\/dos-maxi-con-gonzalez-ferro.png\",\"articleSection\":[\"Opini\u00f3n\"],\"inLanguage\":\"es-AR\"},{\"@type\":\"WebPage\",\"@id\":\"https:\/\/apuntesdesanluis.com\/index.php\/2024\/04\/03\/nuevo-interbloque-en-diputados-frontera-consolida-su-poder-en-el-post-albertismo\/\",\"url\":\"https:\/\/apuntesdesanluis.com\/index.php\/2024\/04\/03\/nuevo-interbloque-en-diputados-frontera-consolida-su-poder-en-el-post-albertismo\/\",\"name\":\"NUEVO INTERBLOQUE EN DIPUTADOS: FRONTERA CONSOLIDA SU PODER EN EL POST-ALBERTISMO - Apuntes de San Luis\",\"isPartOf\":{\"@id\":\"https:\/\/apuntesdesanluis.com\/#website\"},\"primaryImageOfPage\":{\"@id\":\"https:\/\/apuntesdesanluis.com\/index.php\/2024\/04\/03\/nuevo-interbloque-en-diputados-frontera-consolida-su-poder-en-el-post-albertismo\/#primaryimage\"},\"image\":{\"@id\":\"https:\/\/apuntesdesanluis.com\/index.php\/2024\/04\/03\/nuevo-interbloque-en-diputados-frontera-consolida-su-poder-en-el-post-albertismo\/#primaryimage\"},\"thumbnailUrl\":\"https:\/\/apuntesdesanluis.com\/wp-content\/uploads\/2024\/04\/dos-maxi-con-gonzalez-ferro.png\",\"datePublished\":\"2024-04-04T01:53:54+00:00\",\"dateModified\":\"2024-04-04T01:55:56+00:00\",\"breadcrumb\":{\"@id\":\"https:\/\/apuntesdesanluis.com\/index.php\/2024\/04\/03\/nuevo-interbloque-en-diputados-frontera-consolida-su-poder-en-el-post-albertismo\/#breadcrumb\"},\"inLanguage\":\"es-AR\",\"potentialAction\":[{\"@type\":\"ReadAction\",\"target\":[\"https:\/\/apuntesdesanluis.com\/index.php\/2024\/04\/03\/nuevo-interbloque-en-diputados-frontera-consolida-su-poder-en-el-post-albertismo\/\"]}]},{\"@type\":\"ImageObject\",\"inLanguage\":\"es-AR\",\"@id\":\"https:\/\/apuntesdesanluis.com\/index.php\/2024\/04\/03\/nuevo-interbloque-en-diputados-frontera-consolida-su-poder-en-el-post-albertismo\/#primaryimage\",\"url\":\"https:\/\/apuntesdesanluis.com\/wp-content\/uploads\/2024\/04\/dos-maxi-con-gonzalez-ferro.png\",\"contentUrl\":\"https:\/\/apuntesdesanluis.com\/wp-content\/uploads\/2024\/04\/dos-maxi-con-gonzalez-ferro.png\",\"width\":585,\"height\":358},{\"@type\":\"BreadcrumbList\",\"@id\":\"https:\/\/apuntesdesanluis.com\/index.php\/2024\/04\/03\/nuevo-interbloque-en-diputados-frontera-consolida-su-poder-en-el-post-albertismo\/#breadcrumb\",\"itemListElement\":[{\"@type\":\"ListItem\",\"position\":1,\"name\":\"Inicio\",\"item\":\"https:\/\/apuntesdesanluis.com\/\"},{\"@type\":\"ListItem\",\"position\":2,\"name\":\"NUEVO INTERBLOQUE EN DIPUTADOS: FRONTERA CONSOLIDA SU PODER EN EL POST-ALBERTISMO\"}]},{\"@type\":\"WebSite\",\"@id\":\"https:\/\/apuntesdesanluis.com\/#website\",\"url\":\"https:\/\/apuntesdesanluis.com\/\",\"name\":\"Apuntes de San Luis\",\"description\":\"\",\"publisher\":{\"@id\":\"https:\/\/apuntesdesanluis.com\/#\/schema\/person\/b55151d52296fcce64d1a72538a70b90\"},\"potentialAction\":[{\"@type\":\"SearchAction\",\"target\":{\"@type\":\"EntryPoint\",\"urlTemplate\":\"https:\/\/apuntesdesanluis.com\/?s={search_term_string}\"},\"query-input\":{\"@type\":\"PropertyValueSpecification\",\"valueRequired\":true,\"valueName\":\"search_term_string\"}}],\"inLanguage\":\"es-AR\"},{\"@type\":[\"Person\",\"Organization\"],\"@id\":\"https:\/\/apuntesdesanluis.com\/#\/schema\/person\/b55151d52296fcce64d1a72538a70b90\",\"name\":\"apuntesdesanluis.com\",\"image\":{\"@type\":\"ImageObject\",\"inLanguage\":\"es-AR\",\"@id\":\"https:\/\/apuntesdesanluis.com\/#\/schema\/person\/image\/\",\"url\":\"https:\/\/apuntesdesanluis.com\/wp-content\/uploads\/2023\/07\/cropped-apuntesdesanluis.png\",\"contentUrl\":\"https:\/\/apuntesdesanluis.com\/wp-content\/uploads\/2023\/07\/cropped-apuntesdesanluis.png\",\"width\":450,\"height\":112,\"caption\":\"apuntesdesanluis.com\"},\"logo\":{\"@id\":\"https:\/\/apuntesdesanluis.com\/#\/schema\/person\/image\/\"},\"sameAs\":[\"https:\/\/apuntesdesanluis.com\"],\"url\":\"https:\/\/apuntesdesanluis.com\/index.php\/author\/apuntesdesanluis-com\/\"}]}<\/script>\n<!-- \/ Yoast SEO plugin. -->","yoast_head_json":{"title":"NUEVO INTERBLOQUE EN DIPUTADOS: FRONTERA CONSOLIDA SU PODER EN EL POST-ALBERTISMO - Apuntes de San Luis","robots":{"index":"index","follow":"follow","max-snippet":"max-snippet:-1","max-image-preview":"max-image-preview:large","max-video-preview":"max-video-preview:-1"},"canonical":"https:\/\/apuntesdesanluis.com\/index.php\/2024\/04\/03\/nuevo-interbloque-en-diputados-frontera-consolida-su-poder-en-el-post-albertismo\/","og_locale":"es_ES","og_type":"article","og_title":"NUEVO INTERBLOQUE EN DIPUTADOS: FRONTERA CONSOLIDA SU PODER EN EL POST-ALBERTISMO - Apuntes de San Luis","og_description":"Este mi\u00e9rcoles se conoci\u00f3 oficialmente que los legisladores del PJ \u201cdialoguista\u201d resolvieron unificarse en un...","og_url":"https:\/\/apuntesdesanluis.com\/index.php\/2024\/04\/03\/nuevo-interbloque-en-diputados-frontera-consolida-su-poder-en-el-post-albertismo\/","og_site_name":"Apuntes de San Luis","article_published_time":"2024-04-04T01:53:54+00:00","article_modified_time":"2024-04-04T01:55:56+00:00","og_image":[{"width":585,"height":358,"url":"https:\/\/apuntesdesanluis.com\/wp-content\/uploads\/2024\/04\/dos-maxi-con-gonzalez-ferro.png","type":"image\/png"}],"author":"apuntesdesanluis.com","twitter_card":"summary_large_image","twitter_misc":{"Escrito por":"apuntesdesanluis.com","Tiempo de lectura":"2 minutos"},"schema":{"@context":"https:\/\/schema.org","@graph":[{"@type":"Article","@id":"https:\/\/apuntesdesanluis.com\/index.php\/2024\/04\/03\/nuevo-interbloque-en-diputados-frontera-consolida-su-poder-en-el-post-albertismo\/#article","isPartOf":{"@id":"https:\/\/apuntesdesanluis.com\/index.php\/2024\/04\/03\/nuevo-interbloque-en-diputados-frontera-consolida-su-poder-en-el-post-albertismo\/"},"author":{"name":"apuntesdesanluis.com","@id":"https:\/\/apuntesdesanluis.com\/#\/schema\/person\/b55151d52296fcce64d1a72538a70b90"},"headline":"NUEVO INTERBLOQUE EN DIPUTADOS: FRONTERA CONSOLIDA SU PODER EN EL POST-ALBERTISMO","datePublished":"2024-04-04T01:53:54+00:00","dateModified":"2024-04-04T01:55:56+00:00","mainEntityOfPage":{"@id":"https:\/\/apuntesdesanluis.com\/index.php\/2024\/04\/03\/nuevo-interbloque-en-diputados-frontera-consolida-su-poder-en-el-post-albertismo\/"},"wordCount":420,"publisher":{"@id":"https:\/\/apuntesdesanluis.com\/#\/schema\/person\/b55151d52296fcce64d1a72538a70b90"},"image":{"@id":"https:\/\/apuntesdesanluis.com\/index.php\/2024\/04\/03\/nuevo-interbloque-en-diputados-frontera-consolida-su-poder-en-el-post-albertismo\/#primaryimage"},"thumbnailUrl":"https:\/\/apuntesdesanluis.com\/wp-content\/uploads\/2024\/04\/dos-maxi-con-gonzalez-ferro.png","articleSection":["Opini\u00f3n"],"inLanguage":"es-AR"},{"@type":"WebPage","@id":"https:\/\/apuntesdesanluis.com\/index.php\/2024\/04\/03\/nuevo-interbloque-en-diputados-frontera-consolida-su-poder-en-el-post-albertismo\/","url":"https:\/\/apuntesdesanluis.com\/index.php\/2024\/04\/03\/nuevo-interbloque-en-diputados-frontera-consolida-su-poder-en-el-post-albertismo\/","name":"NUEVO INTERBLOQUE EN DIPUTADOS: FRONTERA CONSOLIDA SU PODER EN EL POST-ALBERTISMO - Apuntes de San Luis","isPartOf":{"@id":"https:\/\/apuntesdesanluis.com\/#website"},"primaryImageOfPage":{"@id":"https:\/\/apuntesdesanluis.com\/index.php\/2024\/04\/03\/nuevo-interbloque-en-diputados-frontera-consolida-su-poder-en-el-post-albertismo\/#primaryimage"},"image":{"@id":"https:\/\/apuntesdesanluis.com\/index.php\/2024\/04\/03\/nuevo-interbloque-en-diputados-frontera-consolida-su-poder-en-el-post-albertismo\/#primaryimage"},"thumbnailUrl":"https:\/\/apuntesdesanluis.com\/wp-content\/uploads\/2024\/04\/dos-maxi-con-gonzalez-ferro.png","datePublished":"2024-04-04T01:53:54+00:00","dateModified":"2024-04-04T01:55:56+00:00","breadcrumb":{"@id":"https:\/\/apuntesdesanluis.com\/index.php\/2024\/04\/03\/nuevo-interbloque-en-diputados-frontera-consolida-su-poder-en-el-post-albertismo\/#breadcrumb"},"inLanguage":"es-AR","potentialAction":[{"@type":"ReadAction","target":["https:\/\/apuntesdesanluis.com\/index.php\/2024\/04\/03\/nuevo-interbloque-en-diputados-frontera-consolida-su-poder-en-el-post-albertismo\/"]}]},{"@type":"ImageObject","inLanguage":"es-AR","@id":"https:\/\/apuntesdesanluis.com\/index.php\/2024\/04\/03\/nuevo-interbloque-en-diputados-frontera-consolida-su-poder-en-el-post-albertismo\/#primaryimage","url":"https:\/\/apuntesdesanluis.com\/wp-content\/uploads\/2024\/04\/dos-maxi-con-gonzalez-ferro.png","contentUrl":"https:\/\/apuntesdesanluis.com\/wp-content\/uploads\/2024\/04\/dos-maxi-con-gonzalez-ferro.png","width":585,"height":358},{"@type":"BreadcrumbList","@id":"https:\/\/apuntesdesanluis.com\/index.php\/2024\/04\/03\/nuevo-interbloque-en-diputados-frontera-consolida-su-poder-en-el-post-albertismo\/#breadcrumb","itemListElement":[{"@type":"ListItem","position":1,"name":"Inicio","item":"https:\/\/apuntesdesanluis.com\/"},{"@type":"ListItem","position":2,"name":"NUEVO INTERBLOQUE EN DIPUTADOS: FRONTERA CONSOLIDA SU PODER EN EL POST-ALBERTISMO"}]},{"@type":"WebSite","@id":"https:\/\/apuntesdesanluis.com\/#website","url":"https:\/\/apuntesdesanluis.com\/","name":"Apuntes de San Luis","description":"","publisher":{"@id":"https:\/\/apuntesdesanluis.com\/#\/schema\/person\/b55151d52296fcce64d1a72538a70b90"},"potentialAction":[{"@type":"SearchAction","target":{"@type":"EntryPoint","urlTemplate":"https:\/\/apuntesdesanluis.com\/?s={search_term_string}"},"query-input":{"@type":"PropertyValueSpecification","valueRequired":true,"valueName":"search_term_string"}}],"inLanguage":"es-AR"},{"@type":["Person","Organization"],"@id":"https:\/\/apuntesdesanluis.com\/#\/schema\/person\/b55151d52296fcce64d1a72538a70b90","name":"apuntesdesanluis.com","image":{"@type":"ImageObject","inLanguage":"es-AR","@id":"https:\/\/apuntesdesanluis.com\/#\/schema\/person\/image\/","url":"https:\/\/apuntesdesanluis.com\/wp-content\/uploads\/2023\/07\/cropped-apuntesdesanluis.png","contentUrl":"https:\/\/apuntesdesanluis.com\/wp-content\/uploads\/2023\/07\/cropped-apuntesdesanluis.png","width":450,"height":112,"caption":"apuntesdesanluis.com"},"logo":{"@id":"https:\/\/apuntesdesanluis.com\/#\/schema\/person\/image\/"},"sameAs":["https:\/\/apuntesdesanluis.com"],"url":"https:\/\/apuntesdesanluis.com\/index.php\/author\/apuntesdesanluis-com\/"}]}},"featured_image_urls":{"full":["https:\/\/apuntesdesanluis.com\/wp-content\/uploads\/2024\/04\/dos-maxi-con-gonzalez-ferro.png",585,358,false],"thumbnail":["https:\/\/apuntesdesanluis.com\/wp-content\/uploads\/2024\/04\/dos-maxi-con-gonzalez-ferro-150x150.png",150,150,true],"medium":["https:\/\/apuntesdesanluis.com\/wp-content\/uploads\/2024\/04\/dos-maxi-con-gonzalez-ferro-300x184.png",300,184,true],"medium_large":["https:\/\/apuntesdesanluis.com\/wp-content\/uploads\/2024\/04\/dos-maxi-con-gonzalez-ferro.png",585,358,false],"large":["https:\/\/apuntesdesanluis.com\/wp-content\/uploads\/2024\/04\/dos-maxi-con-gonzalez-ferro.png",585,358,false],"1536x1536":["https:\/\/apuntesdesanluis.com\/wp-content\/uploads\/2024\/04\/dos-maxi-con-gonzalez-ferro.png",585,358,false],"2048x2048":["https:\/\/apuntesdesanluis.com\/wp-content\/uploads\/2024\/04\/dos-maxi-con-gonzalez-ferro.png",585,358,false],"newsever-slider-full":["https:\/\/apuntesdesanluis.com\/wp-content\/uploads\/2024\/04\/dos-maxi-con-gonzalez-ferro.png",585,358,false],"newsever-featured":["https:\/\/apuntesdesanluis.com\/wp-content\/uploads\/2024\/04\/dos-maxi-con-gonzalez-ferro.png",585,358,false],"newsever-medium":["https:\/\/apuntesdesanluis.com\/wp-content\/uploads\/2024\/04\/dos-maxi-con-gonzalez-ferro.png",585,358,false]},"author_info":{"display_name":"apuntesdesanluis.com","author_link":"https:\/\/apuntesdesanluis.com\/index.php\/author\/apuntesdesanluis-com\/"},"category_info":"<a href=\"https:\/\/apuntesdesanluis.com\/index.php\/category\/opinion\/\" rel=\"category tag\">Opini\u00f3n<\/a>","tag_info":"Opini\u00f3n","comment_count":"0","_links":{"self":[{"href":"https:\/\/apuntesdesanluis.com\/index.php\/wp-json\/wp\/v2\/posts\/14141","targetHints":{"allow":["GET"]}}],"collection":[{"href":"https:\/\/apuntesdesanluis.com\/index.php\/wp-json\/wp\/v2\/posts"}],"about":[{"href":"https:\/\/apuntesdesanluis.com\/index.php\/wp-json\/wp\/v2\/types\/post"}],"author":[{"embeddable":true,"href":"https:\/\/apuntesdesanluis.com\/index.php\/wp-json\/wp\/v2\/users\/1"}],"replies":[{"embeddable":true,"href":"https:\/\/apuntesdesanluis.com\/index.php\/wp-json\/wp\/v2\/comments?post=14141"}],"version-history":[{"count":3,"href":"https:\/\/apuntesdesanluis.com\/index.php\/wp-json\/wp\/v2\/posts\/14141\/revisions"}],"predecessor-version":[{"id":14146,"href":"https:\/\/apuntesdesanluis.com\/index.php\/wp-json\/wp\/v2\/posts\/14141\/revisions\/14146"}],"wp:featuredmedia":[{"embeddable":true,"href":"https:\/\/apuntesdesanluis.com\/index.php\/wp-json\/wp\/v2\/media\/14143"}],"wp:attachment":[{"href":"https:\/\/apuntesdesanluis.com\/index.php\/wp-json\/wp\/v2\/media?parent=14141"}],"wp:term":[{"taxonomy":"category","embeddable":true,"href":"https:\/\/apuntesdesanluis.com\/index.php\/wp-json\/wp\/v2\/categories?post=14141"},{"taxonomy":"post_tag","embeddable":true,"href":"https:\/\/apuntesdesanluis.com\/index.php\/wp-json\/wp\/v2\/tags?post=14141"}],"curies":[{"name":"wp","href":"https:\/\/api.w.org\/{rel}","templated":true}]}}