{"id":14147,"date":"2024-04-03T23:47:35","date_gmt":"2024-04-04T02:47:35","guid":{"rendered":"https:\/\/apuntesdesanluis.com\/?p=14147"},"modified":"2024-04-03T23:47:35","modified_gmt":"2024-04-04T02:47:35","slug":"la-fcejs-rubrico-acuerdo-con-el-ministerio-de-seguridad-de-la-provincia","status":"publish","type":"post","link":"https:\/\/apuntesdesanluis.com\/index.php\/2024\/04\/03\/la-fcejs-rubrico-acuerdo-con-el-ministerio-de-seguridad-de-la-provincia\/","title":{"rendered":"LA FCEJS RUBRIC\u00d3 ACUERDO CON EL MINISTERIO DE SEGURIDAD DE LA PROVINCIA"},"content":{"rendered":"<h3>La <strong>Facultad de Ciencias Econ\u00f3micas, Jur\u00eddicas y Sociales<\/strong> (FCEJS) y el <strong>Ministerio de Seguridad<\/strong> de la Provincia, pondr\u00e1n en marcha un amplio plan de capacitaci\u00f3n para agentes de seguridad, como tambi\u00e9n de pr\u00e1cticas pre-profesionales y de programas de extensi\u00f3n que desarrollan estudiantes y docentes del Centro Universitario Villa Mercedes.<\/h3>\n<h3>As\u00ed lo indica el Acta Complementaria que las partes firmaron, surgido del trabajo mancomunado que se viene realizando desde febrero entre ambas instituciones. La reuni\u00f3n estuvo presidida por el vicerrector de la UNSL, Mgtr. <strong>H\u00e9ctor Flores<\/strong>; la decana de la FCEJS, Mgtr. <strong>Roxanna Camiletti<\/strong>; la vicedecana de la Facultad, <strong>Hilda Maggi<\/strong>, y la ministra de Seguridad, <strong>Nancy Sosa<\/strong>. Asistieron tambi\u00e9n Directores de Departamento, Secretarias y Subsecretarias de las distintas \u00e1reas de la Facultad involucradas en el acuerdo, como tambi\u00e9n funcionarios\/as del gobierno.<\/h3>\n<h3>El Acta representa el primer paso que las instituciones formalizan para trabajar en temas que consideran clave: la capacitaci\u00f3n de agentes de seguridad del gobierno, fortalecer el sistema de pr\u00e1cticas profesionales de los\/as estudiantes en las \u00e1reas del Ministerio y, a su vez, continuar y ampliar los programas de extensi\u00f3n que la Facultad desarrolla en \u00e1mbitos de esa cartera, como la Penitenciar\u00eda Provincial.<\/h3>\n<h3>\u00abEs una obligaci\u00f3n moral de cualquiera que est\u00e1 en la direcci\u00f3n de una instituci\u00f3n fortalecer y ampliar los v\u00ednculos. En este caso, estamos hablando de la seguridad de la Provincia. Por eso, estamos sumamente felices de trabajar de manera conjunta con el Ministerio para mejorar un \u00e1rea tan sensible\u00bb, sostuvo el Vicerrector.<\/h3>\n<h3><img fetchpriority=\"high\" decoding=\"async\" class=\"wp-image-14149 aligncenter\" src=\"https:\/\/apuntesdesanluis.com\/wp-content\/uploads\/2024\/04\/CAMINANDO-300x237.png\" alt=\"\" width=\"661\" height=\"522\" srcset=\"https:\/\/apuntesdesanluis.com\/wp-content\/uploads\/2024\/04\/CAMINANDO-300x237.png 300w, https:\/\/apuntesdesanluis.com\/wp-content\/uploads\/2024\/04\/CAMINANDO.png 590w\" sizes=\"(max-width: 661px) 100vw, 661px\" \/><\/h3>\n<h3>La Decana de la FCEJS resalt\u00f3 que el trabajo con el Ministerio se ver\u00e1 fortalecido con este convenio, al tiempo que expres\u00f3 su satisfacci\u00f3n por \u00abpoder tener en nuestras aulas a las fuerzas de seguridad\u00bb como tambi\u00e9n a los y las estudiantes de la Facultad \u00abrealizando sus pasant\u00edas o participando en los proyectos de extensi\u00f3n\u00bb, en las diversas \u00e1reas del Ministerio.<\/h3>\n<h3>\u00abME SIENTO COMO EN CASA\u00bb<\/h3>\n<h3>Algo m\u00e1s distendida y luego de firmar el convenio, la Ministra Nancy Sosa coment\u00f3 que se sent\u00eda feliz por el encuentro, y adem\u00e1s sostuvo: \u00abme siento como en casa\u00bb.<\/h3>\n<h3>En di\u00e1logo con Radio de la UNSL en Villa Mercedes, explic\u00f3: \u00abcreo fundamentalmente en la acci\u00f3n y la funci\u00f3n que desempe\u00f1an las universidades. Dije que me siento como en casa porque el lugar que da conocimiento tiene que ser nuestra casa y eso es lo que percibo en la UNSL\u00bb, agreg\u00f3 luego.<\/h3>\n<h3>Sobre el Acta que firm\u00f3 con la FCEJS, hizo hincapi\u00e9 en la importancia que tendr\u00e1 para el \u00e1rea a su cargo: \u00abser\u00e1 para la formaci\u00f3n y profesionalizaci\u00f3n de las fuerzas de seguridad, policiales y penitenciarios. Ya tenemos un acta complementaria con el Instituto de Seguridad y este acuerdo nos permitir\u00e1 ampliar y avanzar con las capacitaciones\u00bb.<\/h3>\n<p>&nbsp;<\/p>\n<p>&nbsp;<\/p>\n<p>&nbsp;<\/p>\n","protected":false},"excerpt":{"rendered":"<p>La Facultad de Ciencias Econ\u00f3micas, Jur\u00eddicas y Sociales (FCEJS) y el Ministerio de Seguridad de&#8230;<\/p>\n","protected":false},"author":1,"featured_media":14148,"comment_status":"closed","ping_status":"closed","sticky":false,"template":"","format":"standard","meta":{"footnotes":""},"categories":[6],"tags":[],"class_list":["post-14147","post","type-post","status-publish","format-standard","has-post-thumbnail","hentry","category-ciudad-provincia"],"yoast_head":"<!-- This site is optimized with the Yoast SEO plugin v26.1.1 - https:\/\/yoast.com\/wordpress\/plugins\/seo\/ -->\n<title>LA FCEJS RUBRIC\u00d3 ACUERDO CON EL MINISTERIO DE SEGURIDAD DE LA PROVINCIA - Apuntes de San Luis<\/title>\n<meta name=\"robots\" content=\"index, follow, max-snippet:-1, max-image-preview:large, max-video-preview:-1\" \/>\n<link rel=\"canonical\" href=\"https:\/\/apuntesdesanluis.com\/index.php\/2024\/04\/03\/la-fcejs-rubrico-acuerdo-con-el-ministerio-de-seguridad-de-la-provincia\/\" \/>\n<meta property=\"og:locale\" content=\"es_ES\" \/>\n<meta property=\"og:type\" content=\"article\" \/>\n<meta property=\"og:title\" content=\"LA FCEJS RUBRIC\u00d3 ACUERDO CON EL MINISTERIO DE SEGURIDAD DE LA PROVINCIA - Apuntes de San Luis\" \/>\n<meta property=\"og:description\" content=\"La Facultad de Ciencias Econ\u00f3micas, Jur\u00eddicas y Sociales (FCEJS) y el Ministerio de Seguridad de...\" \/>\n<meta property=\"og:url\" content=\"https:\/\/apuntesdesanluis.com\/index.php\/2024\/04\/03\/la-fcejs-rubrico-acuerdo-con-el-ministerio-de-seguridad-de-la-provincia\/\" \/>\n<meta property=\"og:site_name\" content=\"Apuntes de San Luis\" \/>\n<meta property=\"article:published_time\" content=\"2024-04-04T02:47:35+00:00\" \/>\n<meta property=\"og:image\" content=\"https:\/\/apuntesdesanluis.com\/wp-content\/uploads\/2024\/04\/ACUERDO.png\" \/>\n\t<meta property=\"og:image:width\" content=\"600\" \/>\n\t<meta property=\"og:image:height\" content=\"342\" \/>\n\t<meta property=\"og:image:type\" content=\"image\/png\" \/>\n<meta name=\"author\" content=\"apuntesdesanluis.com\" \/>\n<meta name=\"twitter:card\" content=\"summary_large_image\" \/>\n<meta name=\"twitter:label1\" content=\"Escrito por\" \/>\n\t<meta name=\"twitter:data1\" content=\"apuntesdesanluis.com\" \/>\n\t<meta name=\"twitter:label2\" content=\"Tiempo de lectura\" \/>\n\t<meta name=\"twitter:data2\" content=\"3 minutos\" \/>\n<script type=\"application\/ld+json\" class=\"yoast-schema-graph\">{\"@context\":\"https:\/\/schema.org\",\"@graph\":[{\"@type\":\"Article\",\"@id\":\"https:\/\/apuntesdesanluis.com\/index.php\/2024\/04\/03\/la-fcejs-rubrico-acuerdo-con-el-ministerio-de-seguridad-de-la-provincia\/#article\",\"isPartOf\":{\"@id\":\"https:\/\/apuntesdesanluis.com\/index.php\/2024\/04\/03\/la-fcejs-rubrico-acuerdo-con-el-ministerio-de-seguridad-de-la-provincia\/\"},\"author\":{\"name\":\"apuntesdesanluis.com\",\"@id\":\"https:\/\/apuntesdesanluis.com\/#\/schema\/person\/b55151d52296fcce64d1a72538a70b90\"},\"headline\":\"LA FCEJS RUBRIC\u00d3 ACUERDO CON EL MINISTERIO DE SEGURIDAD DE LA PROVINCIA\",\"datePublished\":\"2024-04-04T02:47:35+00:00\",\"mainEntityOfPage\":{\"@id\":\"https:\/\/apuntesdesanluis.com\/index.php\/2024\/04\/03\/la-fcejs-rubrico-acuerdo-con-el-ministerio-de-seguridad-de-la-provincia\/\"},\"wordCount\":498,\"publisher\":{\"@id\":\"https:\/\/apuntesdesanluis.com\/#\/schema\/person\/b55151d52296fcce64d1a72538a70b90\"},\"image\":{\"@id\":\"https:\/\/apuntesdesanluis.com\/index.php\/2024\/04\/03\/la-fcejs-rubrico-acuerdo-con-el-ministerio-de-seguridad-de-la-provincia\/#primaryimage\"},\"thumbnailUrl\":\"https:\/\/apuntesdesanluis.com\/wp-content\/uploads\/2024\/04\/ACUERDO.png\",\"articleSection\":[\"Ciudad\/Provincia\"],\"inLanguage\":\"es-AR\"},{\"@type\":\"WebPage\",\"@id\":\"https:\/\/apuntesdesanluis.com\/index.php\/2024\/04\/03\/la-fcejs-rubrico-acuerdo-con-el-ministerio-de-seguridad-de-la-provincia\/\",\"url\":\"https:\/\/apuntesdesanluis.com\/index.php\/2024\/04\/03\/la-fcejs-rubrico-acuerdo-con-el-ministerio-de-seguridad-de-la-provincia\/\",\"name\":\"LA FCEJS RUBRIC\u00d3 ACUERDO CON EL MINISTERIO DE SEGURIDAD DE LA PROVINCIA - Apuntes de San Luis\",\"isPartOf\":{\"@id\":\"https:\/\/apuntesdesanluis.com\/#website\"},\"primaryImageOfPage\":{\"@id\":\"https:\/\/apuntesdesanluis.com\/index.php\/2024\/04\/03\/la-fcejs-rubrico-acuerdo-con-el-ministerio-de-seguridad-de-la-provincia\/#primaryimage\"},\"image\":{\"@id\":\"https:\/\/apuntesdesanluis.com\/index.php\/2024\/04\/03\/la-fcejs-rubrico-acuerdo-con-el-ministerio-de-seguridad-de-la-provincia\/#primaryimage\"},\"thumbnailUrl\":\"https:\/\/apuntesdesanluis.com\/wp-content\/uploads\/2024\/04\/ACUERDO.png\",\"datePublished\":\"2024-04-04T02:47:35+00:00\",\"breadcrumb\":{\"@id\":\"https:\/\/apuntesdesanluis.com\/index.php\/2024\/04\/03\/la-fcejs-rubrico-acuerdo-con-el-ministerio-de-seguridad-de-la-provincia\/#breadcrumb\"},\"inLanguage\":\"es-AR\",\"potentialAction\":[{\"@type\":\"ReadAction\",\"target\":[\"https:\/\/apuntesdesanluis.com\/index.php\/2024\/04\/03\/la-fcejs-rubrico-acuerdo-con-el-ministerio-de-seguridad-de-la-provincia\/\"]}]},{\"@type\":\"ImageObject\",\"inLanguage\":\"es-AR\",\"@id\":\"https:\/\/apuntesdesanluis.com\/index.php\/2024\/04\/03\/la-fcejs-rubrico-acuerdo-con-el-ministerio-de-seguridad-de-la-provincia\/#primaryimage\",\"url\":\"https:\/\/apuntesdesanluis.com\/wp-content\/uploads\/2024\/04\/ACUERDO.png\",\"contentUrl\":\"https:\/\/apuntesdesanluis.com\/wp-content\/uploads\/2024\/04\/ACUERDO.png\",\"width\":600,\"height\":342},{\"@type\":\"BreadcrumbList\",\"@id\":\"https:\/\/apuntesdesanluis.com\/index.php\/2024\/04\/03\/la-fcejs-rubrico-acuerdo-con-el-ministerio-de-seguridad-de-la-provincia\/#breadcrumb\",\"itemListElement\":[{\"@type\":\"ListItem\",\"position\":1,\"name\":\"Inicio\",\"item\":\"https:\/\/apuntesdesanluis.com\/\"},{\"@type\":\"ListItem\",\"position\":2,\"name\":\"LA FCEJS RUBRIC\u00d3 ACUERDO CON EL MINISTERIO DE SEGURIDAD DE LA PROVINCIA\"}]},{\"@type\":\"WebSite\",\"@id\":\"https:\/\/apuntesdesanluis.com\/#website\",\"url\":\"https:\/\/apuntesdesanluis.com\/\",\"name\":\"Apuntes de San Luis\",\"description\":\"\",\"publisher\":{\"@id\":\"https:\/\/apuntesdesanluis.com\/#\/schema\/person\/b55151d52296fcce64d1a72538a70b90\"},\"potentialAction\":[{\"@type\":\"SearchAction\",\"target\":{\"@type\":\"EntryPoint\",\"urlTemplate\":\"https:\/\/apuntesdesanluis.com\/?s={search_term_string}\"},\"query-input\":{\"@type\":\"PropertyValueSpecification\",\"valueRequired\":true,\"valueName\":\"search_term_string\"}}],\"inLanguage\":\"es-AR\"},{\"@type\":[\"Person\",\"Organization\"],\"@id\":\"https:\/\/apuntesdesanluis.com\/#\/schema\/person\/b55151d52296fcce64d1a72538a70b90\",\"name\":\"apuntesdesanluis.com\",\"image\":{\"@type\":\"ImageObject\",\"inLanguage\":\"es-AR\",\"@id\":\"https:\/\/apuntesdesanluis.com\/#\/schema\/person\/image\/\",\"url\":\"https:\/\/apuntesdesanluis.com\/wp-content\/uploads\/2023\/07\/cropped-apuntesdesanluis.png\",\"contentUrl\":\"https:\/\/apuntesdesanluis.com\/wp-content\/uploads\/2023\/07\/cropped-apuntesdesanluis.png\",\"width\":450,\"height\":112,\"caption\":\"apuntesdesanluis.com\"},\"logo\":{\"@id\":\"https:\/\/apuntesdesanluis.com\/#\/schema\/person\/image\/\"},\"sameAs\":[\"https:\/\/apuntesdesanluis.com\"],\"url\":\"https:\/\/apuntesdesanluis.com\/index.php\/author\/apuntesdesanluis-com\/\"}]}<\/script>\n<!-- \/ Yoast SEO plugin. -->","yoast_head_json":{"title":"LA FCEJS RUBRIC\u00d3 ACUERDO CON EL MINISTERIO DE SEGURIDAD DE LA PROVINCIA - Apuntes de San Luis","robots":{"index":"index","follow":"follow","max-snippet":"max-snippet:-1","max-image-preview":"max-image-preview:large","max-video-preview":"max-video-preview:-1"},"canonical":"https:\/\/apuntesdesanluis.com\/index.php\/2024\/04\/03\/la-fcejs-rubrico-acuerdo-con-el-ministerio-de-seguridad-de-la-provincia\/","og_locale":"es_ES","og_type":"article","og_title":"LA FCEJS RUBRIC\u00d3 ACUERDO CON EL MINISTERIO DE SEGURIDAD DE LA PROVINCIA - Apuntes de San Luis","og_description":"La Facultad de Ciencias Econ\u00f3micas, Jur\u00eddicas y Sociales (FCEJS) y el Ministerio de Seguridad de...","og_url":"https:\/\/apuntesdesanluis.com\/index.php\/2024\/04\/03\/la-fcejs-rubrico-acuerdo-con-el-ministerio-de-seguridad-de-la-provincia\/","og_site_name":"Apuntes de San Luis","article_published_time":"2024-04-04T02:47:35+00:00","og_image":[{"width":600,"height":342,"url":"https:\/\/apuntesdesanluis.com\/wp-content\/uploads\/2024\/04\/ACUERDO.png","type":"image\/png"}],"author":"apuntesdesanluis.com","twitter_card":"summary_large_image","twitter_misc":{"Escrito por":"apuntesdesanluis.com","Tiempo de lectura":"3 minutos"},"schema":{"@context":"https:\/\/schema.org","@graph":[{"@type":"Article","@id":"https:\/\/apuntesdesanluis.com\/index.php\/2024\/04\/03\/la-fcejs-rubrico-acuerdo-con-el-ministerio-de-seguridad-de-la-provincia\/#article","isPartOf":{"@id":"https:\/\/apuntesdesanluis.com\/index.php\/2024\/04\/03\/la-fcejs-rubrico-acuerdo-con-el-ministerio-de-seguridad-de-la-provincia\/"},"author":{"name":"apuntesdesanluis.com","@id":"https:\/\/apuntesdesanluis.com\/#\/schema\/person\/b55151d52296fcce64d1a72538a70b90"},"headline":"LA FCEJS RUBRIC\u00d3 ACUERDO CON EL MINISTERIO DE SEGURIDAD DE LA PROVINCIA","datePublished":"2024-04-04T02:47:35+00:00","mainEntityOfPage":{"@id":"https:\/\/apuntesdesanluis.com\/index.php\/2024\/04\/03\/la-fcejs-rubrico-acuerdo-con-el-ministerio-de-seguridad-de-la-provincia\/"},"wordCount":498,"publisher":{"@id":"https:\/\/apuntesdesanluis.com\/#\/schema\/person\/b55151d52296fcce64d1a72538a70b90"},"image":{"@id":"https:\/\/apuntesdesanluis.com\/index.php\/2024\/04\/03\/la-fcejs-rubrico-acuerdo-con-el-ministerio-de-seguridad-de-la-provincia\/#primaryimage"},"thumbnailUrl":"https:\/\/apuntesdesanluis.com\/wp-content\/uploads\/2024\/04\/ACUERDO.png","articleSection":["Ciudad\/Provincia"],"inLanguage":"es-AR"},{"@type":"WebPage","@id":"https:\/\/apuntesdesanluis.com\/index.php\/2024\/04\/03\/la-fcejs-rubrico-acuerdo-con-el-ministerio-de-seguridad-de-la-provincia\/","url":"https:\/\/apuntesdesanluis.com\/index.php\/2024\/04\/03\/la-fcejs-rubrico-acuerdo-con-el-ministerio-de-seguridad-de-la-provincia\/","name":"LA FCEJS RUBRIC\u00d3 ACUERDO CON EL MINISTERIO DE SEGURIDAD DE LA PROVINCIA - Apuntes de San Luis","isPartOf":{"@id":"https:\/\/apuntesdesanluis.com\/#website"},"primaryImageOfPage":{"@id":"https:\/\/apuntesdesanluis.com\/index.php\/2024\/04\/03\/la-fcejs-rubrico-acuerdo-con-el-ministerio-de-seguridad-de-la-provincia\/#primaryimage"},"image":{"@id":"https:\/\/apuntesdesanluis.com\/index.php\/2024\/04\/03\/la-fcejs-rubrico-acuerdo-con-el-ministerio-de-seguridad-de-la-provincia\/#primaryimage"},"thumbnailUrl":"https:\/\/apuntesdesanluis.com\/wp-content\/uploads\/2024\/04\/ACUERDO.png","datePublished":"2024-04-04T02:47:35+00:00","breadcrumb":{"@id":"https:\/\/apuntesdesanluis.com\/index.php\/2024\/04\/03\/la-fcejs-rubrico-acuerdo-con-el-ministerio-de-seguridad-de-la-provincia\/#breadcrumb"},"inLanguage":"es-AR","potentialAction":[{"@type":"ReadAction","target":["https:\/\/apuntesdesanluis.com\/index.php\/2024\/04\/03\/la-fcejs-rubrico-acuerdo-con-el-ministerio-de-seguridad-de-la-provincia\/"]}]},{"@type":"ImageObject","inLanguage":"es-AR","@id":"https:\/\/apuntesdesanluis.com\/index.php\/2024\/04\/03\/la-fcejs-rubrico-acuerdo-con-el-ministerio-de-seguridad-de-la-provincia\/#primaryimage","url":"https:\/\/apuntesdesanluis.com\/wp-content\/uploads\/2024\/04\/ACUERDO.png","contentUrl":"https:\/\/apuntesdesanluis.com\/wp-content\/uploads\/2024\/04\/ACUERDO.png","width":600,"height":342},{"@type":"BreadcrumbList","@id":"https:\/\/apuntesdesanluis.com\/index.php\/2024\/04\/03\/la-fcejs-rubrico-acuerdo-con-el-ministerio-de-seguridad-de-la-provincia\/#breadcrumb","itemListElement":[{"@type":"ListItem","position":1,"name":"Inicio","item":"https:\/\/apuntesdesanluis.com\/"},{"@type":"ListItem","position":2,"name":"LA FCEJS RUBRIC\u00d3 ACUERDO CON EL MINISTERIO DE SEGURIDAD DE LA PROVINCIA"}]},{"@type":"WebSite","@id":"https:\/\/apuntesdesanluis.com\/#website","url":"https:\/\/apuntesdesanluis.com\/","name":"Apuntes de San Luis","description":"","publisher":{"@id":"https:\/\/apuntesdesanluis.com\/#\/schema\/person\/b55151d52296fcce64d1a72538a70b90"},"potentialAction":[{"@type":"SearchAction","target":{"@type":"EntryPoint","urlTemplate":"https:\/\/apuntesdesanluis.com\/?s={search_term_string}"},"query-input":{"@type":"PropertyValueSpecification","valueRequired":true,"valueName":"search_term_string"}}],"inLanguage":"es-AR"},{"@type":["Person","Organization"],"@id":"https:\/\/apuntesdesanluis.com\/#\/schema\/person\/b55151d52296fcce64d1a72538a70b90","name":"apuntesdesanluis.com","image":{"@type":"ImageObject","inLanguage":"es-AR","@id":"https:\/\/apuntesdesanluis.com\/#\/schema\/person\/image\/","url":"https:\/\/apuntesdesanluis.com\/wp-content\/uploads\/2023\/07\/cropped-apuntesdesanluis.png","contentUrl":"https:\/\/apuntesdesanluis.com\/wp-content\/uploads\/2023\/07\/cropped-apuntesdesanluis.png","width":450,"height":112,"caption":"apuntesdesanluis.com"},"logo":{"@id":"https:\/\/apuntesdesanluis.com\/#\/schema\/person\/image\/"},"sameAs":["https:\/\/apuntesdesanluis.com"],"url":"https:\/\/apuntesdesanluis.com\/index.php\/author\/apuntesdesanluis-com\/"}]}},"featured_image_urls":{"full":["https:\/\/apuntesdesanluis.com\/wp-content\/uploads\/2024\/04\/ACUERDO.png",600,342,false],"thumbnail":["https:\/\/apuntesdesanluis.com\/wp-content\/uploads\/2024\/04\/ACUERDO-150x150.png",150,150,true],"medium":["https:\/\/apuntesdesanluis.com\/wp-content\/uploads\/2024\/04\/ACUERDO-300x171.png",300,171,true],"medium_large":["https:\/\/apuntesdesanluis.com\/wp-content\/uploads\/2024\/04\/ACUERDO.png",600,342,false],"large":["https:\/\/apuntesdesanluis.com\/wp-content\/uploads\/2024\/04\/ACUERDO.png",600,342,false],"1536x1536":["https:\/\/apuntesdesanluis.com\/wp-content\/uploads\/2024\/04\/ACUERDO.png",600,342,false],"2048x2048":["https:\/\/apuntesdesanluis.com\/wp-content\/uploads\/2024\/04\/ACUERDO.png",600,342,false],"newsever-slider-full":["https:\/\/apuntesdesanluis.com\/wp-content\/uploads\/2024\/04\/ACUERDO.png",600,342,false],"newsever-featured":["https:\/\/apuntesdesanluis.com\/wp-content\/uploads\/2024\/04\/ACUERDO.png",600,342,false],"newsever-medium":["https:\/\/apuntesdesanluis.com\/wp-content\/uploads\/2024\/04\/ACUERDO.png",600,342,false]},"author_info":{"display_name":"apuntesdesanluis.com","author_link":"https:\/\/apuntesdesanluis.com\/index.php\/author\/apuntesdesanluis-com\/"},"category_info":"<a href=\"https:\/\/apuntesdesanluis.com\/index.php\/category\/ciudad-provincia\/\" rel=\"category tag\">Ciudad\/Provincia<\/a>","tag_info":"Ciudad\/Provincia","comment_count":"0","_links":{"self":[{"href":"https:\/\/apuntesdesanluis.com\/index.php\/wp-json\/wp\/v2\/posts\/14147","targetHints":{"allow":["GET"]}}],"collection":[{"href":"https:\/\/apuntesdesanluis.com\/index.php\/wp-json\/wp\/v2\/posts"}],"about":[{"href":"https:\/\/apuntesdesanluis.com\/index.php\/wp-json\/wp\/v2\/types\/post"}],"author":[{"embeddable":true,"href":"https:\/\/apuntesdesanluis.com\/index.php\/wp-json\/wp\/v2\/users\/1"}],"replies":[{"embeddable":true,"href":"https:\/\/apuntesdesanluis.com\/index.php\/wp-json\/wp\/v2\/comments?post=14147"}],"version-history":[{"count":1,"href":"https:\/\/apuntesdesanluis.com\/index.php\/wp-json\/wp\/v2\/posts\/14147\/revisions"}],"predecessor-version":[{"id":14150,"href":"https:\/\/apuntesdesanluis.com\/index.php\/wp-json\/wp\/v2\/posts\/14147\/revisions\/14150"}],"wp:featuredmedia":[{"embeddable":true,"href":"https:\/\/apuntesdesanluis.com\/index.php\/wp-json\/wp\/v2\/media\/14148"}],"wp:attachment":[{"href":"https:\/\/apuntesdesanluis.com\/index.php\/wp-json\/wp\/v2\/media?parent=14147"}],"wp:term":[{"taxonomy":"category","embeddable":true,"href":"https:\/\/apuntesdesanluis.com\/index.php\/wp-json\/wp\/v2\/categories?post=14147"},{"taxonomy":"post_tag","embeddable":true,"href":"https:\/\/apuntesdesanluis.com\/index.php\/wp-json\/wp\/v2\/tags?post=14147"}],"curies":[{"name":"wp","href":"https:\/\/api.w.org\/{rel}","templated":true}]}}