{"id":14154,"date":"2024-04-04T00:12:27","date_gmt":"2024-04-04T03:12:27","guid":{"rendered":"https:\/\/apuntesdesanluis.com\/?p=14154"},"modified":"2024-04-04T09:49:07","modified_gmt":"2024-04-04T12:49:07","slug":"tres-detenidos-por-la-muerte-de-una-persona-tras-una-pelea-familiar","status":"publish","type":"post","link":"https:\/\/apuntesdesanluis.com\/index.php\/2024\/04\/04\/tres-detenidos-por-la-muerte-de-una-persona-tras-una-pelea-familiar\/","title":{"rendered":"TRES DETENIDOS POR LA MUERTE DE UNA PERSONA TRAS UNA PELEA FAMILIAR"},"content":{"rendered":"<h3>Ocurri\u00f3 este mi\u00e9rcoles por la noche, en el marco de una pelea familiar -la cual viene de vieja data- en la localidad de Beazley. Hay tres detenidos.<\/h3>\n<h3>Como consecuencia del altercado, una persona mayor de edad result\u00f3 muerta, aparentemente con arma blanca, de acuerdo a las primeras averiguaciones.<\/h3>\n<h3>En estos momentos la Polic\u00eda realiza las actuaciones correspondientes en el lugar.<\/h3>\n<h3>En ese sentido, ha separado a los grupos que se enfrentaron, con el objetivo de interrogar a las personas involucradas y de esa manera establecer las circunstancias que desencadenaron en la muerte de la persona.<\/h3>\n<h3>Adem\u00e1s, se registr\u00f3 fuego en una vivienda del lugar, situaci\u00f3n que se est\u00e1 investigando en cuanto a la relaci\u00f3n de este hecho.<\/h3>\n<h3><strong>DETALLES<\/strong><\/h3>\n<h3>Los disturbios se originaron en las inmediaciones de las calles Salvio Cadelago y Juan Domingo Per\u00f3n. La persona fallecida es un hombre de 36 a\u00f1os, de apellido Rosales, quien ten\u00eda heridas similares a las producidas por un arma blanca.<\/h3>\n<h3>El hombre muri\u00f3 en el lugar, lo que fue constatado por personal de salud que acudi\u00f3 a ese sitio.<br \/>\nPor el hecho fueron detenidos y puestos a disposici\u00f3n de la Justicia un hombre de 23 a\u00f1os, un hombre de 35 a\u00f1os, una mujer de 57 a\u00f1os y un menor de 17 a\u00f1os de edad.<\/h3>\n<h3>Asimismo, se registraron da\u00f1os y focos \u00edgneos en dos viviendas de la localidad, que ser\u00edan propiedad de personas que estar\u00edan involucradas en los disturbios, entre otros da\u00f1os materiales. Adem\u00e1s, un efectivo policial que intervino en los disturbios result\u00f3 lesionado.<\/h3>\n<h3>La investigaci\u00f3n est\u00e1 a cargo del Departamento Homicidios de la Polic\u00eda de San Luis.<\/h3>\n<h3>En el lugar trabajaron efectivos policiales de la Comisar\u00eda Distrito 46\u00b0 de Beazley, del Destacamento Policial de Zanjitas, de Infanter\u00eda -dependiente de la Direcci\u00f3n General de Unidades Especiales-, de Bomberos de la Polic\u00eda, de Polic\u00eda Cient\u00edfica y de la Comisar\u00eda de Atenci\u00f3n a la Ni\u00f1ez, Adolescencia y Familia (CANAF).<\/h3>\n<h3>Interviene la Fiscal\u00eda de Instrucci\u00f3n N\u00b0 1 de la Primera Circunscripci\u00f3n Judicial, a cargo del Dr. Francisco Assat, y como fiscal adjunto interviene el Dr. Juan Pablo Estopi\u00f1\u00e1n. La causa est\u00e1 caratulada como \u201caveriguaci\u00f3n homicidio\u201d.<br \/>\nCabe se\u00f1alar que en las pr\u00f3ximas horas se realizar\u00e1 la autopsia al cuerpo.<\/h3>\n<p>&nbsp;<\/p>\n<p>&nbsp;<\/p>\n<p>&nbsp;<\/p>\n<p>&nbsp;<\/p>\n<p>&nbsp;<\/p>\n<p>&nbsp;<\/p>\n<p>&nbsp;<\/p>\n","protected":false},"excerpt":{"rendered":"<p>Ocurri\u00f3 este mi\u00e9rcoles por la noche, en el marco de una pelea familiar -la cual&#8230;<\/p>\n","protected":false},"author":1,"featured_media":14155,"comment_status":"closed","ping_status":"closed","sticky":false,"template":"","format":"standard","meta":{"footnotes":""},"categories":[6],"tags":[],"class_list":["post-14154","post","type-post","status-publish","format-standard","has-post-thumbnail","hentry","category-ciudad-provincia"],"yoast_head":"<!-- This site is optimized with the Yoast SEO plugin v26.1.1 - https:\/\/yoast.com\/wordpress\/plugins\/seo\/ -->\n<title>TRES DETENIDOS POR LA MUERTE DE UNA PERSONA TRAS UNA PELEA FAMILIAR - Apuntes de San Luis<\/title>\n<meta name=\"robots\" content=\"index, follow, max-snippet:-1, max-image-preview:large, max-video-preview:-1\" \/>\n<link rel=\"canonical\" href=\"https:\/\/apuntesdesanluis.com\/index.php\/2024\/04\/04\/tres-detenidos-por-la-muerte-de-una-persona-tras-una-pelea-familiar\/\" \/>\n<meta property=\"og:locale\" content=\"es_ES\" \/>\n<meta property=\"og:type\" content=\"article\" \/>\n<meta property=\"og:title\" content=\"TRES DETENIDOS POR LA MUERTE DE UNA PERSONA TRAS UNA PELEA FAMILIAR - Apuntes de San Luis\" \/>\n<meta property=\"og:description\" content=\"Ocurri\u00f3 este mi\u00e9rcoles por la noche, en el marco de una pelea familiar -la cual...\" \/>\n<meta property=\"og:url\" content=\"https:\/\/apuntesdesanluis.com\/index.php\/2024\/04\/04\/tres-detenidos-por-la-muerte-de-una-persona-tras-una-pelea-familiar\/\" \/>\n<meta property=\"og:site_name\" content=\"Apuntes de San Luis\" \/>\n<meta property=\"article:published_time\" content=\"2024-04-04T03:12:27+00:00\" \/>\n<meta property=\"article:modified_time\" content=\"2024-04-04T12:49:07+00:00\" \/>\n<meta property=\"og:image\" content=\"https:\/\/apuntesdesanluis.com\/wp-content\/uploads\/2024\/04\/BEAZLEY.png\" \/>\n\t<meta property=\"og:image:width\" content=\"608\" \/>\n\t<meta property=\"og:image:height\" content=\"321\" \/>\n\t<meta property=\"og:image:type\" content=\"image\/png\" \/>\n<meta name=\"author\" content=\"apuntesdesanluis.com\" \/>\n<meta name=\"twitter:card\" content=\"summary_large_image\" \/>\n<meta name=\"twitter:label1\" content=\"Escrito por\" \/>\n\t<meta name=\"twitter:data1\" content=\"apuntesdesanluis.com\" \/>\n\t<meta name=\"twitter:label2\" content=\"Tiempo de lectura\" \/>\n\t<meta name=\"twitter:data2\" content=\"2 minutos\" \/>\n<script type=\"application\/ld+json\" class=\"yoast-schema-graph\">{\"@context\":\"https:\/\/schema.org\",\"@graph\":[{\"@type\":\"Article\",\"@id\":\"https:\/\/apuntesdesanluis.com\/index.php\/2024\/04\/04\/tres-detenidos-por-la-muerte-de-una-persona-tras-una-pelea-familiar\/#article\",\"isPartOf\":{\"@id\":\"https:\/\/apuntesdesanluis.com\/index.php\/2024\/04\/04\/tres-detenidos-por-la-muerte-de-una-persona-tras-una-pelea-familiar\/\"},\"author\":{\"name\":\"apuntesdesanluis.com\",\"@id\":\"https:\/\/apuntesdesanluis.com\/#\/schema\/person\/b55151d52296fcce64d1a72538a70b90\"},\"headline\":\"TRES DETENIDOS POR LA MUERTE DE UNA PERSONA TRAS UNA PELEA FAMILIAR\",\"datePublished\":\"2024-04-04T03:12:27+00:00\",\"dateModified\":\"2024-04-04T12:49:07+00:00\",\"mainEntityOfPage\":{\"@id\":\"https:\/\/apuntesdesanluis.com\/index.php\/2024\/04\/04\/tres-detenidos-por-la-muerte-de-una-persona-tras-una-pelea-familiar\/\"},\"wordCount\":409,\"publisher\":{\"@id\":\"https:\/\/apuntesdesanluis.com\/#\/schema\/person\/b55151d52296fcce64d1a72538a70b90\"},\"image\":{\"@id\":\"https:\/\/apuntesdesanluis.com\/index.php\/2024\/04\/04\/tres-detenidos-por-la-muerte-de-una-persona-tras-una-pelea-familiar\/#primaryimage\"},\"thumbnailUrl\":\"https:\/\/apuntesdesanluis.com\/wp-content\/uploads\/2024\/04\/BEAZLEY.png\",\"articleSection\":[\"Ciudad\/Provincia\"],\"inLanguage\":\"es-AR\"},{\"@type\":\"WebPage\",\"@id\":\"https:\/\/apuntesdesanluis.com\/index.php\/2024\/04\/04\/tres-detenidos-por-la-muerte-de-una-persona-tras-una-pelea-familiar\/\",\"url\":\"https:\/\/apuntesdesanluis.com\/index.php\/2024\/04\/04\/tres-detenidos-por-la-muerte-de-una-persona-tras-una-pelea-familiar\/\",\"name\":\"TRES DETENIDOS POR LA MUERTE DE UNA PERSONA TRAS UNA PELEA FAMILIAR - Apuntes de San Luis\",\"isPartOf\":{\"@id\":\"https:\/\/apuntesdesanluis.com\/#website\"},\"primaryImageOfPage\":{\"@id\":\"https:\/\/apuntesdesanluis.com\/index.php\/2024\/04\/04\/tres-detenidos-por-la-muerte-de-una-persona-tras-una-pelea-familiar\/#primaryimage\"},\"image\":{\"@id\":\"https:\/\/apuntesdesanluis.com\/index.php\/2024\/04\/04\/tres-detenidos-por-la-muerte-de-una-persona-tras-una-pelea-familiar\/#primaryimage\"},\"thumbnailUrl\":\"https:\/\/apuntesdesanluis.com\/wp-content\/uploads\/2024\/04\/BEAZLEY.png\",\"datePublished\":\"2024-04-04T03:12:27+00:00\",\"dateModified\":\"2024-04-04T12:49:07+00:00\",\"breadcrumb\":{\"@id\":\"https:\/\/apuntesdesanluis.com\/index.php\/2024\/04\/04\/tres-detenidos-por-la-muerte-de-una-persona-tras-una-pelea-familiar\/#breadcrumb\"},\"inLanguage\":\"es-AR\",\"potentialAction\":[{\"@type\":\"ReadAction\",\"target\":[\"https:\/\/apuntesdesanluis.com\/index.php\/2024\/04\/04\/tres-detenidos-por-la-muerte-de-una-persona-tras-una-pelea-familiar\/\"]}]},{\"@type\":\"ImageObject\",\"inLanguage\":\"es-AR\",\"@id\":\"https:\/\/apuntesdesanluis.com\/index.php\/2024\/04\/04\/tres-detenidos-por-la-muerte-de-una-persona-tras-una-pelea-familiar\/#primaryimage\",\"url\":\"https:\/\/apuntesdesanluis.com\/wp-content\/uploads\/2024\/04\/BEAZLEY.png\",\"contentUrl\":\"https:\/\/apuntesdesanluis.com\/wp-content\/uploads\/2024\/04\/BEAZLEY.png\",\"width\":608,\"height\":321},{\"@type\":\"BreadcrumbList\",\"@id\":\"https:\/\/apuntesdesanluis.com\/index.php\/2024\/04\/04\/tres-detenidos-por-la-muerte-de-una-persona-tras-una-pelea-familiar\/#breadcrumb\",\"itemListElement\":[{\"@type\":\"ListItem\",\"position\":1,\"name\":\"Inicio\",\"item\":\"https:\/\/apuntesdesanluis.com\/\"},{\"@type\":\"ListItem\",\"position\":2,\"name\":\"TRES DETENIDOS POR LA MUERTE DE UNA PERSONA TRAS UNA PELEA FAMILIAR\"}]},{\"@type\":\"WebSite\",\"@id\":\"https:\/\/apuntesdesanluis.com\/#website\",\"url\":\"https:\/\/apuntesdesanluis.com\/\",\"name\":\"Apuntes de San Luis\",\"description\":\"\",\"publisher\":{\"@id\":\"https:\/\/apuntesdesanluis.com\/#\/schema\/person\/b55151d52296fcce64d1a72538a70b90\"},\"potentialAction\":[{\"@type\":\"SearchAction\",\"target\":{\"@type\":\"EntryPoint\",\"urlTemplate\":\"https:\/\/apuntesdesanluis.com\/?s={search_term_string}\"},\"query-input\":{\"@type\":\"PropertyValueSpecification\",\"valueRequired\":true,\"valueName\":\"search_term_string\"}}],\"inLanguage\":\"es-AR\"},{\"@type\":[\"Person\",\"Organization\"],\"@id\":\"https:\/\/apuntesdesanluis.com\/#\/schema\/person\/b55151d52296fcce64d1a72538a70b90\",\"name\":\"apuntesdesanluis.com\",\"image\":{\"@type\":\"ImageObject\",\"inLanguage\":\"es-AR\",\"@id\":\"https:\/\/apuntesdesanluis.com\/#\/schema\/person\/image\/\",\"url\":\"https:\/\/apuntesdesanluis.com\/wp-content\/uploads\/2023\/07\/cropped-apuntesdesanluis.png\",\"contentUrl\":\"https:\/\/apuntesdesanluis.com\/wp-content\/uploads\/2023\/07\/cropped-apuntesdesanluis.png\",\"width\":450,\"height\":112,\"caption\":\"apuntesdesanluis.com\"},\"logo\":{\"@id\":\"https:\/\/apuntesdesanluis.com\/#\/schema\/person\/image\/\"},\"sameAs\":[\"https:\/\/apuntesdesanluis.com\"],\"url\":\"https:\/\/apuntesdesanluis.com\/index.php\/author\/apuntesdesanluis-com\/\"}]}<\/script>\n<!-- \/ Yoast SEO plugin. -->","yoast_head_json":{"title":"TRES DETENIDOS POR LA MUERTE DE UNA PERSONA TRAS UNA PELEA FAMILIAR - Apuntes de San Luis","robots":{"index":"index","follow":"follow","max-snippet":"max-snippet:-1","max-image-preview":"max-image-preview:large","max-video-preview":"max-video-preview:-1"},"canonical":"https:\/\/apuntesdesanluis.com\/index.php\/2024\/04\/04\/tres-detenidos-por-la-muerte-de-una-persona-tras-una-pelea-familiar\/","og_locale":"es_ES","og_type":"article","og_title":"TRES DETENIDOS POR LA MUERTE DE UNA PERSONA TRAS UNA PELEA FAMILIAR - Apuntes de San Luis","og_description":"Ocurri\u00f3 este mi\u00e9rcoles por la noche, en el marco de una pelea familiar -la cual...","og_url":"https:\/\/apuntesdesanluis.com\/index.php\/2024\/04\/04\/tres-detenidos-por-la-muerte-de-una-persona-tras-una-pelea-familiar\/","og_site_name":"Apuntes de San Luis","article_published_time":"2024-04-04T03:12:27+00:00","article_modified_time":"2024-04-04T12:49:07+00:00","og_image":[{"width":608,"height":321,"url":"https:\/\/apuntesdesanluis.com\/wp-content\/uploads\/2024\/04\/BEAZLEY.png","type":"image\/png"}],"author":"apuntesdesanluis.com","twitter_card":"summary_large_image","twitter_misc":{"Escrito por":"apuntesdesanluis.com","Tiempo de lectura":"2 minutos"},"schema":{"@context":"https:\/\/schema.org","@graph":[{"@type":"Article","@id":"https:\/\/apuntesdesanluis.com\/index.php\/2024\/04\/04\/tres-detenidos-por-la-muerte-de-una-persona-tras-una-pelea-familiar\/#article","isPartOf":{"@id":"https:\/\/apuntesdesanluis.com\/index.php\/2024\/04\/04\/tres-detenidos-por-la-muerte-de-una-persona-tras-una-pelea-familiar\/"},"author":{"name":"apuntesdesanluis.com","@id":"https:\/\/apuntesdesanluis.com\/#\/schema\/person\/b55151d52296fcce64d1a72538a70b90"},"headline":"TRES DETENIDOS POR LA MUERTE DE UNA PERSONA TRAS UNA PELEA FAMILIAR","datePublished":"2024-04-04T03:12:27+00:00","dateModified":"2024-04-04T12:49:07+00:00","mainEntityOfPage":{"@id":"https:\/\/apuntesdesanluis.com\/index.php\/2024\/04\/04\/tres-detenidos-por-la-muerte-de-una-persona-tras-una-pelea-familiar\/"},"wordCount":409,"publisher":{"@id":"https:\/\/apuntesdesanluis.com\/#\/schema\/person\/b55151d52296fcce64d1a72538a70b90"},"image":{"@id":"https:\/\/apuntesdesanluis.com\/index.php\/2024\/04\/04\/tres-detenidos-por-la-muerte-de-una-persona-tras-una-pelea-familiar\/#primaryimage"},"thumbnailUrl":"https:\/\/apuntesdesanluis.com\/wp-content\/uploads\/2024\/04\/BEAZLEY.png","articleSection":["Ciudad\/Provincia"],"inLanguage":"es-AR"},{"@type":"WebPage","@id":"https:\/\/apuntesdesanluis.com\/index.php\/2024\/04\/04\/tres-detenidos-por-la-muerte-de-una-persona-tras-una-pelea-familiar\/","url":"https:\/\/apuntesdesanluis.com\/index.php\/2024\/04\/04\/tres-detenidos-por-la-muerte-de-una-persona-tras-una-pelea-familiar\/","name":"TRES DETENIDOS POR LA MUERTE DE UNA PERSONA TRAS UNA PELEA FAMILIAR - Apuntes de San Luis","isPartOf":{"@id":"https:\/\/apuntesdesanluis.com\/#website"},"primaryImageOfPage":{"@id":"https:\/\/apuntesdesanluis.com\/index.php\/2024\/04\/04\/tres-detenidos-por-la-muerte-de-una-persona-tras-una-pelea-familiar\/#primaryimage"},"image":{"@id":"https:\/\/apuntesdesanluis.com\/index.php\/2024\/04\/04\/tres-detenidos-por-la-muerte-de-una-persona-tras-una-pelea-familiar\/#primaryimage"},"thumbnailUrl":"https:\/\/apuntesdesanluis.com\/wp-content\/uploads\/2024\/04\/BEAZLEY.png","datePublished":"2024-04-04T03:12:27+00:00","dateModified":"2024-04-04T12:49:07+00:00","breadcrumb":{"@id":"https:\/\/apuntesdesanluis.com\/index.php\/2024\/04\/04\/tres-detenidos-por-la-muerte-de-una-persona-tras-una-pelea-familiar\/#breadcrumb"},"inLanguage":"es-AR","potentialAction":[{"@type":"ReadAction","target":["https:\/\/apuntesdesanluis.com\/index.php\/2024\/04\/04\/tres-detenidos-por-la-muerte-de-una-persona-tras-una-pelea-familiar\/"]}]},{"@type":"ImageObject","inLanguage":"es-AR","@id":"https:\/\/apuntesdesanluis.com\/index.php\/2024\/04\/04\/tres-detenidos-por-la-muerte-de-una-persona-tras-una-pelea-familiar\/#primaryimage","url":"https:\/\/apuntesdesanluis.com\/wp-content\/uploads\/2024\/04\/BEAZLEY.png","contentUrl":"https:\/\/apuntesdesanluis.com\/wp-content\/uploads\/2024\/04\/BEAZLEY.png","width":608,"height":321},{"@type":"BreadcrumbList","@id":"https:\/\/apuntesdesanluis.com\/index.php\/2024\/04\/04\/tres-detenidos-por-la-muerte-de-una-persona-tras-una-pelea-familiar\/#breadcrumb","itemListElement":[{"@type":"ListItem","position":1,"name":"Inicio","item":"https:\/\/apuntesdesanluis.com\/"},{"@type":"ListItem","position":2,"name":"TRES DETENIDOS POR LA MUERTE DE UNA PERSONA TRAS UNA PELEA FAMILIAR"}]},{"@type":"WebSite","@id":"https:\/\/apuntesdesanluis.com\/#website","url":"https:\/\/apuntesdesanluis.com\/","name":"Apuntes de San Luis","description":"","publisher":{"@id":"https:\/\/apuntesdesanluis.com\/#\/schema\/person\/b55151d52296fcce64d1a72538a70b90"},"potentialAction":[{"@type":"SearchAction","target":{"@type":"EntryPoint","urlTemplate":"https:\/\/apuntesdesanluis.com\/?s={search_term_string}"},"query-input":{"@type":"PropertyValueSpecification","valueRequired":true,"valueName":"search_term_string"}}],"inLanguage":"es-AR"},{"@type":["Person","Organization"],"@id":"https:\/\/apuntesdesanluis.com\/#\/schema\/person\/b55151d52296fcce64d1a72538a70b90","name":"apuntesdesanluis.com","image":{"@type":"ImageObject","inLanguage":"es-AR","@id":"https:\/\/apuntesdesanluis.com\/#\/schema\/person\/image\/","url":"https:\/\/apuntesdesanluis.com\/wp-content\/uploads\/2023\/07\/cropped-apuntesdesanluis.png","contentUrl":"https:\/\/apuntesdesanluis.com\/wp-content\/uploads\/2023\/07\/cropped-apuntesdesanluis.png","width":450,"height":112,"caption":"apuntesdesanluis.com"},"logo":{"@id":"https:\/\/apuntesdesanluis.com\/#\/schema\/person\/image\/"},"sameAs":["https:\/\/apuntesdesanluis.com"],"url":"https:\/\/apuntesdesanluis.com\/index.php\/author\/apuntesdesanluis-com\/"}]}},"featured_image_urls":{"full":["https:\/\/apuntesdesanluis.com\/wp-content\/uploads\/2024\/04\/BEAZLEY.png",608,321,false],"thumbnail":["https:\/\/apuntesdesanluis.com\/wp-content\/uploads\/2024\/04\/BEAZLEY-150x150.png",150,150,true],"medium":["https:\/\/apuntesdesanluis.com\/wp-content\/uploads\/2024\/04\/BEAZLEY-300x158.png",300,158,true],"medium_large":["https:\/\/apuntesdesanluis.com\/wp-content\/uploads\/2024\/04\/BEAZLEY.png",608,321,false],"large":["https:\/\/apuntesdesanluis.com\/wp-content\/uploads\/2024\/04\/BEAZLEY.png",608,321,false],"1536x1536":["https:\/\/apuntesdesanluis.com\/wp-content\/uploads\/2024\/04\/BEAZLEY.png",608,321,false],"2048x2048":["https:\/\/apuntesdesanluis.com\/wp-content\/uploads\/2024\/04\/BEAZLEY.png",608,321,false],"newsever-slider-full":["https:\/\/apuntesdesanluis.com\/wp-content\/uploads\/2024\/04\/BEAZLEY.png",608,321,false],"newsever-featured":["https:\/\/apuntesdesanluis.com\/wp-content\/uploads\/2024\/04\/BEAZLEY.png",608,321,false],"newsever-medium":["https:\/\/apuntesdesanluis.com\/wp-content\/uploads\/2024\/04\/BEAZLEY.png",608,321,false]},"author_info":{"display_name":"apuntesdesanluis.com","author_link":"https:\/\/apuntesdesanluis.com\/index.php\/author\/apuntesdesanluis-com\/"},"category_info":"<a href=\"https:\/\/apuntesdesanluis.com\/index.php\/category\/ciudad-provincia\/\" rel=\"category tag\">Ciudad\/Provincia<\/a>","tag_info":"Ciudad\/Provincia","comment_count":"0","_links":{"self":[{"href":"https:\/\/apuntesdesanluis.com\/index.php\/wp-json\/wp\/v2\/posts\/14154","targetHints":{"allow":["GET"]}}],"collection":[{"href":"https:\/\/apuntesdesanluis.com\/index.php\/wp-json\/wp\/v2\/posts"}],"about":[{"href":"https:\/\/apuntesdesanluis.com\/index.php\/wp-json\/wp\/v2\/types\/post"}],"author":[{"embeddable":true,"href":"https:\/\/apuntesdesanluis.com\/index.php\/wp-json\/wp\/v2\/users\/1"}],"replies":[{"embeddable":true,"href":"https:\/\/apuntesdesanluis.com\/index.php\/wp-json\/wp\/v2\/comments?post=14154"}],"version-history":[{"count":3,"href":"https:\/\/apuntesdesanluis.com\/index.php\/wp-json\/wp\/v2\/posts\/14154\/revisions"}],"predecessor-version":[{"id":14162,"href":"https:\/\/apuntesdesanluis.com\/index.php\/wp-json\/wp\/v2\/posts\/14154\/revisions\/14162"}],"wp:featuredmedia":[{"embeddable":true,"href":"https:\/\/apuntesdesanluis.com\/index.php\/wp-json\/wp\/v2\/media\/14155"}],"wp:attachment":[{"href":"https:\/\/apuntesdesanluis.com\/index.php\/wp-json\/wp\/v2\/media?parent=14154"}],"wp:term":[{"taxonomy":"category","embeddable":true,"href":"https:\/\/apuntesdesanluis.com\/index.php\/wp-json\/wp\/v2\/categories?post=14154"},{"taxonomy":"post_tag","embeddable":true,"href":"https:\/\/apuntesdesanluis.com\/index.php\/wp-json\/wp\/v2\/tags?post=14154"}],"curies":[{"name":"wp","href":"https:\/\/api.w.org\/{rel}","templated":true}]}}