{"id":1417,"date":"2023-08-10T14:51:05","date_gmt":"2023-08-10T17:51:05","guid":{"rendered":"https:\/\/apuntesdesanluis.com\/?p=1417"},"modified":"2023-08-10T14:51:59","modified_gmt":"2023-08-10T17:51:59","slug":"san-luis-tendra-una-sede-del-instituto-geografico-nacional","status":"publish","type":"post","link":"https:\/\/apuntesdesanluis.com\/index.php\/2023\/08\/10\/san-luis-tendra-una-sede-del-instituto-geografico-nacional\/","title":{"rendered":"SAN LUIS TENDR\u00c1 UNA SEDE DEL INSTITUTO GEOGR\u00c1FICO NACIONAL"},"content":{"rendered":"<h3>Este mi\u00e9rcoles se realiz\u00f3 la firma del convenio en Buenos Aires. La nueva dependencia funcionar\u00e1 en la Direcci\u00f3n Provincial de Catastro y Tierras Fiscales, en el Edificio Administrativo de la ex casa de Gobierno.<\/h3>\n<h3>Con plena conciencia del valor estrat\u00e9gico, en t\u00e9rminos de pol\u00edticas p\u00fablicas, que tiene la producci\u00f3n y la difusi\u00f3n de informaci\u00f3n geogr\u00e1fica de nuestro pa\u00eds y la provincia, la <strong>Direcci\u00f3n Provincial de Catastro y Tierras Fiscales<\/strong> y el <strong>Instituto Geogr\u00e1fico Nacional<\/strong> (IGN) firmaron un convenio de cooperaci\u00f3n, que implicar\u00e1 la apertura de una sede de ese organismo en San Luis como punto de partida de otras articulaciones con el instituto, m\u00e1xima entidad p\u00fablica en la materia en nuestro pa\u00eds.<\/h3>\n<h3>El convenio fue rubricado este mi\u00e9rcoles en la oficina central del IGN, en la Ciudad Aut\u00f3noma de Buenos Aires. Por San Luis firm\u00f3 la directora de Catastro, <strong>\u00c9rica Bonilla<\/strong>, y por el IGN, su presidente, <strong>Sergio Cimbaro<\/strong>. Tambi\u00e9n participaron del encuentro la directora de Planificaci\u00f3n, Investigaci\u00f3n y Desarrollo del IGN, Eugenia Chiarito, y el coordinador de oficinas provinciales del IGN, Marco Gargiulo.<\/h3>\n<h3>La oficina de IGN en San Luis estar\u00e1 ubicada en Catastro, en el cuarto piso del Edificio Administrativo, en Ayacucho entre Rivadavia y San Mart\u00edn. \u201cPermitir\u00e1 el intercambio fluido de datos, publicaciones, informes y antecedentes geogr\u00e1ficos de todo tipo, como as\u00ed tambi\u00e9n la realizaci\u00f3n de investigaciones, actividades t\u00e9cnicas y operativas tendientes a mejorar la informaci\u00f3n geogr\u00e1fica que poseen la provincia y la Naci\u00f3n\u201d, resumi\u00f3 Bonilla.<\/h3>\n<h3>Y agreg\u00f3: \u201cEste convenio es un aporte m\u00e1s a las alianzas con organismos en el marco de la creaci\u00f3n del Observatorio Territorial Provincial. El IGN es un referente en cuanto a la producci\u00f3n y certificaci\u00f3n de cartograf\u00eda, por lo que sumar\u00e1 calidad a la informaci\u00f3n que sea publicada en este observatorio\u201d.<\/h3>\n<h3>Seg\u00fan su p\u00e1gina web, la misi\u00f3n del IGN es \u201centender en la representaci\u00f3n oficial del territorio nacional y en la elaboraci\u00f3n de los marcos normativos para su realizaci\u00f3n, mediante la obtenci\u00f3n de informaci\u00f3n geogr\u00e1fica precisa, oportuna y concisa, imprescindible para el desarrollo integral del pa\u00eds\u201d.<\/h3>\n<h3>Con la apertura de esta sede, San Luis se suma a la red de 18 provincias que actualmente tienen oficinas del IGN, integr\u00e1ndose de este modo a trabajar sobre objetivos comunes, entre ellos, la generaci\u00f3n y la publicaci\u00f3n, en diversos formatos, de informaci\u00f3n geogr\u00e1fica precisa; la representaci\u00f3n oficial del territorio nacional y la elaboraci\u00f3n de los marcos normativos para su realizaci\u00f3n y fiscalizaci\u00f3n; la investigaci\u00f3n y producci\u00f3n colaborativa de informaci\u00f3n geoespacial y la innovaci\u00f3n y la socializaci\u00f3n de este conocimiento.<\/h3>\n","protected":false},"excerpt":{"rendered":"<p>Este mi\u00e9rcoles se realiz\u00f3 la firma del convenio en Buenos Aires. La nueva dependencia funcionar\u00e1&#8230;<\/p>\n","protected":false},"author":1,"featured_media":1418,"comment_status":"closed","ping_status":"closed","sticky":false,"template":"","format":"standard","meta":{"footnotes":""},"categories":[6],"tags":[],"class_list":["post-1417","post","type-post","status-publish","format-standard","has-post-thumbnail","hentry","category-ciudad-provincia"],"yoast_head":"<!-- This site is optimized with the Yoast SEO plugin v26.1.1 - https:\/\/yoast.com\/wordpress\/plugins\/seo\/ -->\n<title>SAN LUIS TENDR\u00c1 UNA SEDE DEL INSTITUTO GEOGR\u00c1FICO NACIONAL - Apuntes de San Luis<\/title>\n<meta name=\"robots\" content=\"index, follow, max-snippet:-1, max-image-preview:large, max-video-preview:-1\" \/>\n<link rel=\"canonical\" href=\"https:\/\/apuntesdesanluis.com\/index.php\/2023\/08\/10\/san-luis-tendra-una-sede-del-instituto-geografico-nacional\/\" \/>\n<meta property=\"og:locale\" content=\"es_ES\" \/>\n<meta property=\"og:type\" content=\"article\" \/>\n<meta property=\"og:title\" content=\"SAN LUIS TENDR\u00c1 UNA SEDE DEL INSTITUTO GEOGR\u00c1FICO NACIONAL - Apuntes de San Luis\" \/>\n<meta property=\"og:description\" content=\"Este mi\u00e9rcoles se realiz\u00f3 la firma del convenio en Buenos Aires. La nueva dependencia funcionar\u00e1...\" \/>\n<meta property=\"og:url\" content=\"https:\/\/apuntesdesanluis.com\/index.php\/2023\/08\/10\/san-luis-tendra-una-sede-del-instituto-geografico-nacional\/\" \/>\n<meta property=\"og:site_name\" content=\"Apuntes de San Luis\" \/>\n<meta property=\"article:published_time\" content=\"2023-08-10T17:51:05+00:00\" \/>\n<meta property=\"article:modified_time\" content=\"2023-08-10T17:51:59+00:00\" \/>\n<meta property=\"og:image\" content=\"https:\/\/apuntesdesanluis.com\/wp-content\/uploads\/2023\/08\/instituto-geografico.png\" \/>\n\t<meta property=\"og:image:width\" content=\"515\" \/>\n\t<meta property=\"og:image:height\" content=\"285\" \/>\n\t<meta property=\"og:image:type\" content=\"image\/png\" \/>\n<meta name=\"author\" content=\"apuntesdesanluis.com\" \/>\n<meta name=\"twitter:card\" content=\"summary_large_image\" \/>\n<meta name=\"twitter:label1\" content=\"Escrito por\" \/>\n\t<meta name=\"twitter:data1\" content=\"apuntesdesanluis.com\" \/>\n\t<meta name=\"twitter:label2\" content=\"Tiempo de lectura\" \/>\n\t<meta name=\"twitter:data2\" content=\"2 minutos\" \/>\n<script type=\"application\/ld+json\" class=\"yoast-schema-graph\">{\"@context\":\"https:\/\/schema.org\",\"@graph\":[{\"@type\":\"Article\",\"@id\":\"https:\/\/apuntesdesanluis.com\/index.php\/2023\/08\/10\/san-luis-tendra-una-sede-del-instituto-geografico-nacional\/#article\",\"isPartOf\":{\"@id\":\"https:\/\/apuntesdesanluis.com\/index.php\/2023\/08\/10\/san-luis-tendra-una-sede-del-instituto-geografico-nacional\/\"},\"author\":{\"name\":\"apuntesdesanluis.com\",\"@id\":\"https:\/\/apuntesdesanluis.com\/#\/schema\/person\/b55151d52296fcce64d1a72538a70b90\"},\"headline\":\"SAN LUIS TENDR\u00c1 UNA SEDE DEL INSTITUTO GEOGR\u00c1FICO NACIONAL\",\"datePublished\":\"2023-08-10T17:51:05+00:00\",\"dateModified\":\"2023-08-10T17:51:59+00:00\",\"mainEntityOfPage\":{\"@id\":\"https:\/\/apuntesdesanluis.com\/index.php\/2023\/08\/10\/san-luis-tendra-una-sede-del-instituto-geografico-nacional\/\"},\"wordCount\":484,\"publisher\":{\"@id\":\"https:\/\/apuntesdesanluis.com\/#\/schema\/person\/b55151d52296fcce64d1a72538a70b90\"},\"image\":{\"@id\":\"https:\/\/apuntesdesanluis.com\/index.php\/2023\/08\/10\/san-luis-tendra-una-sede-del-instituto-geografico-nacional\/#primaryimage\"},\"thumbnailUrl\":\"https:\/\/apuntesdesanluis.com\/wp-content\/uploads\/2023\/08\/instituto-geografico.png\",\"articleSection\":[\"Ciudad\/Provincia\"],\"inLanguage\":\"es-AR\"},{\"@type\":\"WebPage\",\"@id\":\"https:\/\/apuntesdesanluis.com\/index.php\/2023\/08\/10\/san-luis-tendra-una-sede-del-instituto-geografico-nacional\/\",\"url\":\"https:\/\/apuntesdesanluis.com\/index.php\/2023\/08\/10\/san-luis-tendra-una-sede-del-instituto-geografico-nacional\/\",\"name\":\"SAN LUIS TENDR\u00c1 UNA SEDE DEL INSTITUTO GEOGR\u00c1FICO NACIONAL - Apuntes de San Luis\",\"isPartOf\":{\"@id\":\"https:\/\/apuntesdesanluis.com\/#website\"},\"primaryImageOfPage\":{\"@id\":\"https:\/\/apuntesdesanluis.com\/index.php\/2023\/08\/10\/san-luis-tendra-una-sede-del-instituto-geografico-nacional\/#primaryimage\"},\"image\":{\"@id\":\"https:\/\/apuntesdesanluis.com\/index.php\/2023\/08\/10\/san-luis-tendra-una-sede-del-instituto-geografico-nacional\/#primaryimage\"},\"thumbnailUrl\":\"https:\/\/apuntesdesanluis.com\/wp-content\/uploads\/2023\/08\/instituto-geografico.png\",\"datePublished\":\"2023-08-10T17:51:05+00:00\",\"dateModified\":\"2023-08-10T17:51:59+00:00\",\"breadcrumb\":{\"@id\":\"https:\/\/apuntesdesanluis.com\/index.php\/2023\/08\/10\/san-luis-tendra-una-sede-del-instituto-geografico-nacional\/#breadcrumb\"},\"inLanguage\":\"es-AR\",\"potentialAction\":[{\"@type\":\"ReadAction\",\"target\":[\"https:\/\/apuntesdesanluis.com\/index.php\/2023\/08\/10\/san-luis-tendra-una-sede-del-instituto-geografico-nacional\/\"]}]},{\"@type\":\"ImageObject\",\"inLanguage\":\"es-AR\",\"@id\":\"https:\/\/apuntesdesanluis.com\/index.php\/2023\/08\/10\/san-luis-tendra-una-sede-del-instituto-geografico-nacional\/#primaryimage\",\"url\":\"https:\/\/apuntesdesanluis.com\/wp-content\/uploads\/2023\/08\/instituto-geografico.png\",\"contentUrl\":\"https:\/\/apuntesdesanluis.com\/wp-content\/uploads\/2023\/08\/instituto-geografico.png\",\"width\":515,\"height\":285},{\"@type\":\"BreadcrumbList\",\"@id\":\"https:\/\/apuntesdesanluis.com\/index.php\/2023\/08\/10\/san-luis-tendra-una-sede-del-instituto-geografico-nacional\/#breadcrumb\",\"itemListElement\":[{\"@type\":\"ListItem\",\"position\":1,\"name\":\"Inicio\",\"item\":\"https:\/\/apuntesdesanluis.com\/\"},{\"@type\":\"ListItem\",\"position\":2,\"name\":\"SAN LUIS TENDR\u00c1 UNA SEDE DEL INSTITUTO GEOGR\u00c1FICO NACIONAL\"}]},{\"@type\":\"WebSite\",\"@id\":\"https:\/\/apuntesdesanluis.com\/#website\",\"url\":\"https:\/\/apuntesdesanluis.com\/\",\"name\":\"Apuntes de San Luis\",\"description\":\"\",\"publisher\":{\"@id\":\"https:\/\/apuntesdesanluis.com\/#\/schema\/person\/b55151d52296fcce64d1a72538a70b90\"},\"potentialAction\":[{\"@type\":\"SearchAction\",\"target\":{\"@type\":\"EntryPoint\",\"urlTemplate\":\"https:\/\/apuntesdesanluis.com\/?s={search_term_string}\"},\"query-input\":{\"@type\":\"PropertyValueSpecification\",\"valueRequired\":true,\"valueName\":\"search_term_string\"}}],\"inLanguage\":\"es-AR\"},{\"@type\":[\"Person\",\"Organization\"],\"@id\":\"https:\/\/apuntesdesanluis.com\/#\/schema\/person\/b55151d52296fcce64d1a72538a70b90\",\"name\":\"apuntesdesanluis.com\",\"image\":{\"@type\":\"ImageObject\",\"inLanguage\":\"es-AR\",\"@id\":\"https:\/\/apuntesdesanluis.com\/#\/schema\/person\/image\/\",\"url\":\"https:\/\/apuntesdesanluis.com\/wp-content\/uploads\/2023\/07\/cropped-apuntesdesanluis.png\",\"contentUrl\":\"https:\/\/apuntesdesanluis.com\/wp-content\/uploads\/2023\/07\/cropped-apuntesdesanluis.png\",\"width\":450,\"height\":112,\"caption\":\"apuntesdesanluis.com\"},\"logo\":{\"@id\":\"https:\/\/apuntesdesanluis.com\/#\/schema\/person\/image\/\"},\"sameAs\":[\"https:\/\/apuntesdesanluis.com\"],\"url\":\"https:\/\/apuntesdesanluis.com\/index.php\/author\/apuntesdesanluis-com\/\"}]}<\/script>\n<!-- \/ Yoast SEO plugin. -->","yoast_head_json":{"title":"SAN LUIS TENDR\u00c1 UNA SEDE DEL INSTITUTO GEOGR\u00c1FICO NACIONAL - Apuntes de San Luis","robots":{"index":"index","follow":"follow","max-snippet":"max-snippet:-1","max-image-preview":"max-image-preview:large","max-video-preview":"max-video-preview:-1"},"canonical":"https:\/\/apuntesdesanluis.com\/index.php\/2023\/08\/10\/san-luis-tendra-una-sede-del-instituto-geografico-nacional\/","og_locale":"es_ES","og_type":"article","og_title":"SAN LUIS TENDR\u00c1 UNA SEDE DEL INSTITUTO GEOGR\u00c1FICO NACIONAL - Apuntes de San Luis","og_description":"Este mi\u00e9rcoles se realiz\u00f3 la firma del convenio en Buenos Aires. La nueva dependencia funcionar\u00e1...","og_url":"https:\/\/apuntesdesanluis.com\/index.php\/2023\/08\/10\/san-luis-tendra-una-sede-del-instituto-geografico-nacional\/","og_site_name":"Apuntes de San Luis","article_published_time":"2023-08-10T17:51:05+00:00","article_modified_time":"2023-08-10T17:51:59+00:00","og_image":[{"width":515,"height":285,"url":"https:\/\/apuntesdesanluis.com\/wp-content\/uploads\/2023\/08\/instituto-geografico.png","type":"image\/png"}],"author":"apuntesdesanluis.com","twitter_card":"summary_large_image","twitter_misc":{"Escrito por":"apuntesdesanluis.com","Tiempo de lectura":"2 minutos"},"schema":{"@context":"https:\/\/schema.org","@graph":[{"@type":"Article","@id":"https:\/\/apuntesdesanluis.com\/index.php\/2023\/08\/10\/san-luis-tendra-una-sede-del-instituto-geografico-nacional\/#article","isPartOf":{"@id":"https:\/\/apuntesdesanluis.com\/index.php\/2023\/08\/10\/san-luis-tendra-una-sede-del-instituto-geografico-nacional\/"},"author":{"name":"apuntesdesanluis.com","@id":"https:\/\/apuntesdesanluis.com\/#\/schema\/person\/b55151d52296fcce64d1a72538a70b90"},"headline":"SAN LUIS TENDR\u00c1 UNA SEDE DEL INSTITUTO GEOGR\u00c1FICO NACIONAL","datePublished":"2023-08-10T17:51:05+00:00","dateModified":"2023-08-10T17:51:59+00:00","mainEntityOfPage":{"@id":"https:\/\/apuntesdesanluis.com\/index.php\/2023\/08\/10\/san-luis-tendra-una-sede-del-instituto-geografico-nacional\/"},"wordCount":484,"publisher":{"@id":"https:\/\/apuntesdesanluis.com\/#\/schema\/person\/b55151d52296fcce64d1a72538a70b90"},"image":{"@id":"https:\/\/apuntesdesanluis.com\/index.php\/2023\/08\/10\/san-luis-tendra-una-sede-del-instituto-geografico-nacional\/#primaryimage"},"thumbnailUrl":"https:\/\/apuntesdesanluis.com\/wp-content\/uploads\/2023\/08\/instituto-geografico.png","articleSection":["Ciudad\/Provincia"],"inLanguage":"es-AR"},{"@type":"WebPage","@id":"https:\/\/apuntesdesanluis.com\/index.php\/2023\/08\/10\/san-luis-tendra-una-sede-del-instituto-geografico-nacional\/","url":"https:\/\/apuntesdesanluis.com\/index.php\/2023\/08\/10\/san-luis-tendra-una-sede-del-instituto-geografico-nacional\/","name":"SAN LUIS TENDR\u00c1 UNA SEDE DEL INSTITUTO GEOGR\u00c1FICO NACIONAL - Apuntes de San Luis","isPartOf":{"@id":"https:\/\/apuntesdesanluis.com\/#website"},"primaryImageOfPage":{"@id":"https:\/\/apuntesdesanluis.com\/index.php\/2023\/08\/10\/san-luis-tendra-una-sede-del-instituto-geografico-nacional\/#primaryimage"},"image":{"@id":"https:\/\/apuntesdesanluis.com\/index.php\/2023\/08\/10\/san-luis-tendra-una-sede-del-instituto-geografico-nacional\/#primaryimage"},"thumbnailUrl":"https:\/\/apuntesdesanluis.com\/wp-content\/uploads\/2023\/08\/instituto-geografico.png","datePublished":"2023-08-10T17:51:05+00:00","dateModified":"2023-08-10T17:51:59+00:00","breadcrumb":{"@id":"https:\/\/apuntesdesanluis.com\/index.php\/2023\/08\/10\/san-luis-tendra-una-sede-del-instituto-geografico-nacional\/#breadcrumb"},"inLanguage":"es-AR","potentialAction":[{"@type":"ReadAction","target":["https:\/\/apuntesdesanluis.com\/index.php\/2023\/08\/10\/san-luis-tendra-una-sede-del-instituto-geografico-nacional\/"]}]},{"@type":"ImageObject","inLanguage":"es-AR","@id":"https:\/\/apuntesdesanluis.com\/index.php\/2023\/08\/10\/san-luis-tendra-una-sede-del-instituto-geografico-nacional\/#primaryimage","url":"https:\/\/apuntesdesanluis.com\/wp-content\/uploads\/2023\/08\/instituto-geografico.png","contentUrl":"https:\/\/apuntesdesanluis.com\/wp-content\/uploads\/2023\/08\/instituto-geografico.png","width":515,"height":285},{"@type":"BreadcrumbList","@id":"https:\/\/apuntesdesanluis.com\/index.php\/2023\/08\/10\/san-luis-tendra-una-sede-del-instituto-geografico-nacional\/#breadcrumb","itemListElement":[{"@type":"ListItem","position":1,"name":"Inicio","item":"https:\/\/apuntesdesanluis.com\/"},{"@type":"ListItem","position":2,"name":"SAN LUIS TENDR\u00c1 UNA SEDE DEL INSTITUTO GEOGR\u00c1FICO NACIONAL"}]},{"@type":"WebSite","@id":"https:\/\/apuntesdesanluis.com\/#website","url":"https:\/\/apuntesdesanluis.com\/","name":"Apuntes de San Luis","description":"","publisher":{"@id":"https:\/\/apuntesdesanluis.com\/#\/schema\/person\/b55151d52296fcce64d1a72538a70b90"},"potentialAction":[{"@type":"SearchAction","target":{"@type":"EntryPoint","urlTemplate":"https:\/\/apuntesdesanluis.com\/?s={search_term_string}"},"query-input":{"@type":"PropertyValueSpecification","valueRequired":true,"valueName":"search_term_string"}}],"inLanguage":"es-AR"},{"@type":["Person","Organization"],"@id":"https:\/\/apuntesdesanluis.com\/#\/schema\/person\/b55151d52296fcce64d1a72538a70b90","name":"apuntesdesanluis.com","image":{"@type":"ImageObject","inLanguage":"es-AR","@id":"https:\/\/apuntesdesanluis.com\/#\/schema\/person\/image\/","url":"https:\/\/apuntesdesanluis.com\/wp-content\/uploads\/2023\/07\/cropped-apuntesdesanluis.png","contentUrl":"https:\/\/apuntesdesanluis.com\/wp-content\/uploads\/2023\/07\/cropped-apuntesdesanluis.png","width":450,"height":112,"caption":"apuntesdesanluis.com"},"logo":{"@id":"https:\/\/apuntesdesanluis.com\/#\/schema\/person\/image\/"},"sameAs":["https:\/\/apuntesdesanluis.com"],"url":"https:\/\/apuntesdesanluis.com\/index.php\/author\/apuntesdesanluis-com\/"}]}},"featured_image_urls":{"full":["https:\/\/apuntesdesanluis.com\/wp-content\/uploads\/2023\/08\/instituto-geografico.png",515,285,false],"thumbnail":["https:\/\/apuntesdesanluis.com\/wp-content\/uploads\/2023\/08\/instituto-geografico-150x150.png",150,150,true],"medium":["https:\/\/apuntesdesanluis.com\/wp-content\/uploads\/2023\/08\/instituto-geografico-300x166.png",300,166,true],"medium_large":["https:\/\/apuntesdesanluis.com\/wp-content\/uploads\/2023\/08\/instituto-geografico.png",515,285,false],"large":["https:\/\/apuntesdesanluis.com\/wp-content\/uploads\/2023\/08\/instituto-geografico.png",515,285,false],"1536x1536":["https:\/\/apuntesdesanluis.com\/wp-content\/uploads\/2023\/08\/instituto-geografico.png",515,285,false],"2048x2048":["https:\/\/apuntesdesanluis.com\/wp-content\/uploads\/2023\/08\/instituto-geografico.png",515,285,false],"newsever-slider-full":["https:\/\/apuntesdesanluis.com\/wp-content\/uploads\/2023\/08\/instituto-geografico.png",515,285,false],"newsever-featured":["https:\/\/apuntesdesanluis.com\/wp-content\/uploads\/2023\/08\/instituto-geografico.png",515,285,false],"newsever-medium":["https:\/\/apuntesdesanluis.com\/wp-content\/uploads\/2023\/08\/instituto-geografico.png",515,285,false]},"author_info":{"display_name":"apuntesdesanluis.com","author_link":"https:\/\/apuntesdesanluis.com\/index.php\/author\/apuntesdesanluis-com\/"},"category_info":"<a href=\"https:\/\/apuntesdesanluis.com\/index.php\/category\/ciudad-provincia\/\" rel=\"category tag\">Ciudad\/Provincia<\/a>","tag_info":"Ciudad\/Provincia","comment_count":"0","_links":{"self":[{"href":"https:\/\/apuntesdesanluis.com\/index.php\/wp-json\/wp\/v2\/posts\/1417","targetHints":{"allow":["GET"]}}],"collection":[{"href":"https:\/\/apuntesdesanluis.com\/index.php\/wp-json\/wp\/v2\/posts"}],"about":[{"href":"https:\/\/apuntesdesanluis.com\/index.php\/wp-json\/wp\/v2\/types\/post"}],"author":[{"embeddable":true,"href":"https:\/\/apuntesdesanluis.com\/index.php\/wp-json\/wp\/v2\/users\/1"}],"replies":[{"embeddable":true,"href":"https:\/\/apuntesdesanluis.com\/index.php\/wp-json\/wp\/v2\/comments?post=1417"}],"version-history":[{"count":2,"href":"https:\/\/apuntesdesanluis.com\/index.php\/wp-json\/wp\/v2\/posts\/1417\/revisions"}],"predecessor-version":[{"id":1420,"href":"https:\/\/apuntesdesanluis.com\/index.php\/wp-json\/wp\/v2\/posts\/1417\/revisions\/1420"}],"wp:featuredmedia":[{"embeddable":true,"href":"https:\/\/apuntesdesanluis.com\/index.php\/wp-json\/wp\/v2\/media\/1418"}],"wp:attachment":[{"href":"https:\/\/apuntesdesanluis.com\/index.php\/wp-json\/wp\/v2\/media?parent=1417"}],"wp:term":[{"taxonomy":"category","embeddable":true,"href":"https:\/\/apuntesdesanluis.com\/index.php\/wp-json\/wp\/v2\/categories?post=1417"},{"taxonomy":"post_tag","embeddable":true,"href":"https:\/\/apuntesdesanluis.com\/index.php\/wp-json\/wp\/v2\/tags?post=1417"}],"curies":[{"name":"wp","href":"https:\/\/api.w.org\/{rel}","templated":true}]}}