{"id":14186,"date":"2024-04-04T21:44:03","date_gmt":"2024-04-05T00:44:03","guid":{"rendered":"https:\/\/apuntesdesanluis.com\/?p=14186"},"modified":"2024-04-04T21:44:03","modified_gmt":"2024-04-05T00:44:03","slug":"murio-una-pareja-sanjuanina-en-un-accidente-en-francia-el-conductor-que-los-embistio-estaba-alcoholizado","status":"publish","type":"post","link":"https:\/\/apuntesdesanluis.com\/index.php\/2024\/04\/04\/murio-una-pareja-sanjuanina-en-un-accidente-en-francia-el-conductor-que-los-embistio-estaba-alcoholizado\/","title":{"rendered":"MURI\u00d3 UNA PAREJA SANJUANINA EN UN ACCIDENTE EN FRANCIA: EL CONDUCTOR QUE LOS EMBISTI\u00d3 ESTABA ALCOHOLIZADO"},"content":{"rendered":"<h3>Una pareja de sanjuaninos que viv\u00eda en Par\u00eds perdi\u00f3 la vida en un accidente de tr\u00e1nsito el s\u00e1bado pasado a la madrugada. <strong>Emiliano Pennice<\/strong> (31) y <strong>Noelia Maldonado<\/strong> (32) regresaban de un viaje junto a su amigo <strong>Juan Francisco D\u00edaz<\/strong>, tambi\u00e9n oriundo de la provincia de San Juan, cuando un automovilista que estaba alcoholizado embisti\u00f3 el auto en el que viajaban los argentinos. La mujer perdi\u00f3 la vida en el acto, mientras que su novio permaneci\u00f3 internado con muerte cerebral durante tres d\u00edas y falleci\u00f3 este mi\u00e9rcoles.<\/h3>\n<h3>\u00a0\u201c\u00c9l era muy amable y trabajador. Siempre nos dec\u00eda que se quer\u00eda ir a vivir a Europa\u201d, cuenta Sebasti\u00e1n, uno de los amigos de la v\u00edctima, un d\u00eda despu\u00e9s de conocer la triste noticia. Junto a Noelia, Emiliano hab\u00eda decidido emigrar en diciembre pasado. \u201cPrimero, pasaron Navidad en Espa\u00f1a y de ah\u00ed se fueron a vivir a Francia\u201d, relata en di\u00e1logo con Infobae.<\/h3>\n<h3>La tragedia de los j\u00f3venes conmovi\u00f3 a toda la provincia. Emiliano era mec\u00e1nico y, de acuerdo al testimonio de una t\u00eda de la v\u00edctima a San Juan 8, hab\u00eda conseguido empleo \u201cen talleres de alta gama\u201d. \u201cTodo a pulm\u00f3n. Libre de humo y alcohol\u201d, indica su perfil en las redes sociales. Noelia era estilista.<\/h3>\n<h3>Tras meses viviendo en el extranjero, hab\u00edan decidido pasar el fin de semana de Pascuas junto a su amigo en Luxemburgo, situado a m\u00e1s de 300 kil\u00f3metros de la capital francesa. El tr\u00e1gico episodio ocurri\u00f3 durante el regreso, en el tramo Estrasburgo-Par\u00eds, cuando fueron embestidos por un auto que marchaba detr\u00e1s y cuyo conductor manejaba bajo los efectos del alcohol.<\/h3>\n<h3><img fetchpriority=\"high\" decoding=\"async\" class=\"wp-image-14189 aligncenter\" src=\"https:\/\/apuntesdesanluis.com\/wp-content\/uploads\/2024\/04\/EN-LA-TORRE-300x169.png\" alt=\"\" width=\"719\" height=\"405\" srcset=\"https:\/\/apuntesdesanluis.com\/wp-content\/uploads\/2024\/04\/EN-LA-TORRE-300x169.png 300w, https:\/\/apuntesdesanluis.com\/wp-content\/uploads\/2024\/04\/EN-LA-TORRE.png 600w\" sizes=\"(max-width: 719px) 100vw, 719px\" \/><\/h3>\n<h3>\u201cLos valores siempre fueron importantes para nosotros, y enterarnos de que el conductor involucrado en el accidente ven\u00eda alcoholizado nos sume en una profunda tristeza\u201d, se\u00f1al\u00f3 el padre de Emiliano en conversaci\u00f3n con Canal 8 tras conocerse la noticia del accidente.<\/h3>\n<h3>\u00a0\u201cMi hijo, Emiliano, jam\u00e1s tomaba alcohol. Es una tragedia que dos vidas inocentes hayan sido arrebatadas de esta manera. Queremos que esta noticia se difunda, para que sirva de conciencia a cientos de familias. Si se consume alcohol, no se debe conducir\u201d, agreg\u00f3.<\/h3>\n<h3>En cuanto al tercer pasajero y amigo de la pareja, Juan Francisco D\u00edaz, sufri\u00f3 lesiones \u00f3seas y se encuentra fuera de peligro, seg\u00fan la informaci\u00f3n publicada por Diario de Cuyo. Este jueves recibi\u00f3 el alta, seg\u00fan fuentes oficiales de Canciller\u00eda.<\/h3>\n<h3>\u201c\u00c9ramos amigos de hace muchos a\u00f1os. Lo conocimos a trav\u00e9s de un amigo, pegamos buena onda con el Colo y de ah\u00ed arranc\u00f3 la amistad. Todos los d\u00edas era juntarse a jugar a la pelota o a la Play(Station), sal\u00edamos a tomar o comer algo por ah\u00ed. Mi familia tambi\u00e9n peg\u00f3 muy buena onda con \u00e9l\u201d, relata Sebasti\u00e1n. \u201cLa verdad que fue una noticia muy triste\u201d, confiesa en di\u00e1logo con este medio.<\/h3>\n<h3>Los allegados de las v\u00edctimas expresaron su dolor y se despidieron a trav\u00e9s de las redes sociales. \u201cUn homenaje para vos, en nombre de tu gente. Te queremos a montones y te vamos a extra\u00f1ar a\u00fan m\u00e1s Colorado. Las palabras no salen ahora, pero gracias por ser parte de nuestras vidas y hacerlas tan especiales a tu manera. Como s\u00f3lo vos sab\u00edas. Me quedo feliz de saber que cumpliste tu m\u00e1s grande sue\u00f1o, que era el que te quedaba, y a\u00fan m\u00e1s sabiendo que lo hiciste acompa\u00f1ado de esa hermosa mujer\u201d, fue el sentido mensaje que comparti\u00f3 una amiga de la pareja.<\/h3>\n<h3>\u201cTe merec\u00edas cosas buenas y ellas te pasaron. Fue injusto para nosotros tu momento de partida, pero la vida es as\u00ed, sin sentido a veces. Gracias por tus charlas y ense\u00f1anzas. Fuiste y sos especial, ocurrente, \u00fanico, libre, inteligente, gracioso y siempre presente. Sab\u00edas que te quer\u00eda, pero jam\u00e1s te dije lo que ahora ya es tarde: Gracias por ser un gran amigo, que me escucho muchas veces, me ret\u00f3 y me ense\u00f1\u00f3 muchas cosas. Hasta siempre Emi\u201d, concluy\u00f3.<\/h3>\n<h3>\u201cLa secci\u00f3n Consular de la Embajada argentina en Francia est\u00e1 en comunicaci\u00f3n con las autoridades locales y los familiares a fin de brindar contenci\u00f3n y la asistencia correspondiente. Familiares de los fallecidos se trasladaron a ese pa\u00eds, mientras que el ciudadano hospitalizado recibi\u00f3 el alta el d\u00eda de hoy\u201d, informaron fuentes oficiales.<\/h3>\n<p>&nbsp;<\/p>\n<p>&nbsp;<\/p>\n<p>&nbsp;<\/p>\n<p>&nbsp;<\/p>\n<p>&nbsp;<\/p>\n<p>&nbsp;<\/p>\n","protected":false},"excerpt":{"rendered":"<p>Una pareja de sanjuaninos que viv\u00eda en Par\u00eds perdi\u00f3 la vida en un accidente de&#8230;<\/p>\n","protected":false},"author":1,"featured_media":14188,"comment_status":"closed","ping_status":"closed","sticky":false,"template":"","format":"standard","meta":{"footnotes":""},"categories":[5],"tags":[],"class_list":["post-14186","post","type-post","status-publish","format-standard","has-post-thumbnail","hentry","category-nacionales-internacionales"],"yoast_head":"<!-- This site is optimized with the Yoast SEO plugin v26.1.1 - https:\/\/yoast.com\/wordpress\/plugins\/seo\/ -->\n<title>MURI\u00d3 UNA PAREJA SANJUANINA EN UN ACCIDENTE EN FRANCIA: EL CONDUCTOR QUE LOS EMBISTI\u00d3 ESTABA ALCOHOLIZADO - Apuntes de San Luis<\/title>\n<meta name=\"robots\" content=\"index, follow, max-snippet:-1, max-image-preview:large, max-video-preview:-1\" \/>\n<link rel=\"canonical\" href=\"https:\/\/apuntesdesanluis.com\/index.php\/2024\/04\/04\/murio-una-pareja-sanjuanina-en-un-accidente-en-francia-el-conductor-que-los-embistio-estaba-alcoholizado\/\" \/>\n<meta property=\"og:locale\" content=\"es_ES\" \/>\n<meta property=\"og:type\" content=\"article\" \/>\n<meta property=\"og:title\" content=\"MURI\u00d3 UNA PAREJA SANJUANINA EN UN ACCIDENTE EN FRANCIA: EL CONDUCTOR QUE LOS EMBISTI\u00d3 ESTABA ALCOHOLIZADO - Apuntes de San Luis\" \/>\n<meta property=\"og:description\" content=\"Una pareja de sanjuaninos que viv\u00eda en Par\u00eds perdi\u00f3 la vida en un accidente de...\" \/>\n<meta property=\"og:url\" content=\"https:\/\/apuntesdesanluis.com\/index.php\/2024\/04\/04\/murio-una-pareja-sanjuanina-en-un-accidente-en-francia-el-conductor-que-los-embistio-estaba-alcoholizado\/\" \/>\n<meta property=\"og:site_name\" content=\"Apuntes de San Luis\" \/>\n<meta property=\"article:published_time\" content=\"2024-04-05T00:44:03+00:00\" \/>\n<meta property=\"og:image\" content=\"https:\/\/apuntesdesanluis.com\/wp-content\/uploads\/2024\/04\/TURISTAS.png\" \/>\n\t<meta property=\"og:image:width\" content=\"600\" \/>\n\t<meta property=\"og:image:height\" content=\"416\" \/>\n\t<meta property=\"og:image:type\" content=\"image\/png\" \/>\n<meta name=\"author\" content=\"apuntesdesanluis.com\" \/>\n<meta name=\"twitter:card\" content=\"summary_large_image\" \/>\n<meta name=\"twitter:label1\" content=\"Escrito por\" \/>\n\t<meta name=\"twitter:data1\" content=\"apuntesdesanluis.com\" \/>\n\t<meta name=\"twitter:label2\" content=\"Tiempo de lectura\" \/>\n\t<meta name=\"twitter:data2\" content=\"4 minutos\" \/>\n<script type=\"application\/ld+json\" class=\"yoast-schema-graph\">{\"@context\":\"https:\/\/schema.org\",\"@graph\":[{\"@type\":\"Article\",\"@id\":\"https:\/\/apuntesdesanluis.com\/index.php\/2024\/04\/04\/murio-una-pareja-sanjuanina-en-un-accidente-en-francia-el-conductor-que-los-embistio-estaba-alcoholizado\/#article\",\"isPartOf\":{\"@id\":\"https:\/\/apuntesdesanluis.com\/index.php\/2024\/04\/04\/murio-una-pareja-sanjuanina-en-un-accidente-en-francia-el-conductor-que-los-embistio-estaba-alcoholizado\/\"},\"author\":{\"name\":\"apuntesdesanluis.com\",\"@id\":\"https:\/\/apuntesdesanluis.com\/#\/schema\/person\/b55151d52296fcce64d1a72538a70b90\"},\"headline\":\"MURI\u00d3 UNA PAREJA SANJUANINA EN UN ACCIDENTE EN FRANCIA: EL CONDUCTOR QUE LOS EMBISTI\u00d3 ESTABA ALCOHOLIZADO\",\"datePublished\":\"2024-04-05T00:44:03+00:00\",\"mainEntityOfPage\":{\"@id\":\"https:\/\/apuntesdesanluis.com\/index.php\/2024\/04\/04\/murio-una-pareja-sanjuanina-en-un-accidente-en-francia-el-conductor-que-los-embistio-estaba-alcoholizado\/\"},\"wordCount\":778,\"publisher\":{\"@id\":\"https:\/\/apuntesdesanluis.com\/#\/schema\/person\/b55151d52296fcce64d1a72538a70b90\"},\"image\":{\"@id\":\"https:\/\/apuntesdesanluis.com\/index.php\/2024\/04\/04\/murio-una-pareja-sanjuanina-en-un-accidente-en-francia-el-conductor-que-los-embistio-estaba-alcoholizado\/#primaryimage\"},\"thumbnailUrl\":\"https:\/\/apuntesdesanluis.com\/wp-content\/uploads\/2024\/04\/TURISTAS.png\",\"articleSection\":[\"Nacionales\/Internacionales\"],\"inLanguage\":\"es-AR\"},{\"@type\":\"WebPage\",\"@id\":\"https:\/\/apuntesdesanluis.com\/index.php\/2024\/04\/04\/murio-una-pareja-sanjuanina-en-un-accidente-en-francia-el-conductor-que-los-embistio-estaba-alcoholizado\/\",\"url\":\"https:\/\/apuntesdesanluis.com\/index.php\/2024\/04\/04\/murio-una-pareja-sanjuanina-en-un-accidente-en-francia-el-conductor-que-los-embistio-estaba-alcoholizado\/\",\"name\":\"MURI\u00d3 UNA PAREJA SANJUANINA EN UN ACCIDENTE EN FRANCIA: EL CONDUCTOR QUE LOS EMBISTI\u00d3 ESTABA ALCOHOLIZADO - Apuntes de San Luis\",\"isPartOf\":{\"@id\":\"https:\/\/apuntesdesanluis.com\/#website\"},\"primaryImageOfPage\":{\"@id\":\"https:\/\/apuntesdesanluis.com\/index.php\/2024\/04\/04\/murio-una-pareja-sanjuanina-en-un-accidente-en-francia-el-conductor-que-los-embistio-estaba-alcoholizado\/#primaryimage\"},\"image\":{\"@id\":\"https:\/\/apuntesdesanluis.com\/index.php\/2024\/04\/04\/murio-una-pareja-sanjuanina-en-un-accidente-en-francia-el-conductor-que-los-embistio-estaba-alcoholizado\/#primaryimage\"},\"thumbnailUrl\":\"https:\/\/apuntesdesanluis.com\/wp-content\/uploads\/2024\/04\/TURISTAS.png\",\"datePublished\":\"2024-04-05T00:44:03+00:00\",\"breadcrumb\":{\"@id\":\"https:\/\/apuntesdesanluis.com\/index.php\/2024\/04\/04\/murio-una-pareja-sanjuanina-en-un-accidente-en-francia-el-conductor-que-los-embistio-estaba-alcoholizado\/#breadcrumb\"},\"inLanguage\":\"es-AR\",\"potentialAction\":[{\"@type\":\"ReadAction\",\"target\":[\"https:\/\/apuntesdesanluis.com\/index.php\/2024\/04\/04\/murio-una-pareja-sanjuanina-en-un-accidente-en-francia-el-conductor-que-los-embistio-estaba-alcoholizado\/\"]}]},{\"@type\":\"ImageObject\",\"inLanguage\":\"es-AR\",\"@id\":\"https:\/\/apuntesdesanluis.com\/index.php\/2024\/04\/04\/murio-una-pareja-sanjuanina-en-un-accidente-en-francia-el-conductor-que-los-embistio-estaba-alcoholizado\/#primaryimage\",\"url\":\"https:\/\/apuntesdesanluis.com\/wp-content\/uploads\/2024\/04\/TURISTAS.png\",\"contentUrl\":\"https:\/\/apuntesdesanluis.com\/wp-content\/uploads\/2024\/04\/TURISTAS.png\",\"width\":600,\"height\":416},{\"@type\":\"BreadcrumbList\",\"@id\":\"https:\/\/apuntesdesanluis.com\/index.php\/2024\/04\/04\/murio-una-pareja-sanjuanina-en-un-accidente-en-francia-el-conductor-que-los-embistio-estaba-alcoholizado\/#breadcrumb\",\"itemListElement\":[{\"@type\":\"ListItem\",\"position\":1,\"name\":\"Inicio\",\"item\":\"https:\/\/apuntesdesanluis.com\/\"},{\"@type\":\"ListItem\",\"position\":2,\"name\":\"MURI\u00d3 UNA PAREJA SANJUANINA EN UN ACCIDENTE EN FRANCIA: EL CONDUCTOR QUE LOS EMBISTI\u00d3 ESTABA ALCOHOLIZADO\"}]},{\"@type\":\"WebSite\",\"@id\":\"https:\/\/apuntesdesanluis.com\/#website\",\"url\":\"https:\/\/apuntesdesanluis.com\/\",\"name\":\"Apuntes de San Luis\",\"description\":\"\",\"publisher\":{\"@id\":\"https:\/\/apuntesdesanluis.com\/#\/schema\/person\/b55151d52296fcce64d1a72538a70b90\"},\"potentialAction\":[{\"@type\":\"SearchAction\",\"target\":{\"@type\":\"EntryPoint\",\"urlTemplate\":\"https:\/\/apuntesdesanluis.com\/?s={search_term_string}\"},\"query-input\":{\"@type\":\"PropertyValueSpecification\",\"valueRequired\":true,\"valueName\":\"search_term_string\"}}],\"inLanguage\":\"es-AR\"},{\"@type\":[\"Person\",\"Organization\"],\"@id\":\"https:\/\/apuntesdesanluis.com\/#\/schema\/person\/b55151d52296fcce64d1a72538a70b90\",\"name\":\"apuntesdesanluis.com\",\"image\":{\"@type\":\"ImageObject\",\"inLanguage\":\"es-AR\",\"@id\":\"https:\/\/apuntesdesanluis.com\/#\/schema\/person\/image\/\",\"url\":\"https:\/\/apuntesdesanluis.com\/wp-content\/uploads\/2023\/07\/cropped-apuntesdesanluis.png\",\"contentUrl\":\"https:\/\/apuntesdesanluis.com\/wp-content\/uploads\/2023\/07\/cropped-apuntesdesanluis.png\",\"width\":450,\"height\":112,\"caption\":\"apuntesdesanluis.com\"},\"logo\":{\"@id\":\"https:\/\/apuntesdesanluis.com\/#\/schema\/person\/image\/\"},\"sameAs\":[\"https:\/\/apuntesdesanluis.com\"],\"url\":\"https:\/\/apuntesdesanluis.com\/index.php\/author\/apuntesdesanluis-com\/\"}]}<\/script>\n<!-- \/ Yoast SEO plugin. -->","yoast_head_json":{"title":"MURI\u00d3 UNA PAREJA SANJUANINA EN UN ACCIDENTE EN FRANCIA: EL CONDUCTOR QUE LOS EMBISTI\u00d3 ESTABA ALCOHOLIZADO - Apuntes de San Luis","robots":{"index":"index","follow":"follow","max-snippet":"max-snippet:-1","max-image-preview":"max-image-preview:large","max-video-preview":"max-video-preview:-1"},"canonical":"https:\/\/apuntesdesanluis.com\/index.php\/2024\/04\/04\/murio-una-pareja-sanjuanina-en-un-accidente-en-francia-el-conductor-que-los-embistio-estaba-alcoholizado\/","og_locale":"es_ES","og_type":"article","og_title":"MURI\u00d3 UNA PAREJA SANJUANINA EN UN ACCIDENTE EN FRANCIA: EL CONDUCTOR QUE LOS EMBISTI\u00d3 ESTABA ALCOHOLIZADO - Apuntes de San Luis","og_description":"Una pareja de sanjuaninos que viv\u00eda en Par\u00eds perdi\u00f3 la vida en un accidente de...","og_url":"https:\/\/apuntesdesanluis.com\/index.php\/2024\/04\/04\/murio-una-pareja-sanjuanina-en-un-accidente-en-francia-el-conductor-que-los-embistio-estaba-alcoholizado\/","og_site_name":"Apuntes de San Luis","article_published_time":"2024-04-05T00:44:03+00:00","og_image":[{"width":600,"height":416,"url":"https:\/\/apuntesdesanluis.com\/wp-content\/uploads\/2024\/04\/TURISTAS.png","type":"image\/png"}],"author":"apuntesdesanluis.com","twitter_card":"summary_large_image","twitter_misc":{"Escrito por":"apuntesdesanluis.com","Tiempo de lectura":"4 minutos"},"schema":{"@context":"https:\/\/schema.org","@graph":[{"@type":"Article","@id":"https:\/\/apuntesdesanluis.com\/index.php\/2024\/04\/04\/murio-una-pareja-sanjuanina-en-un-accidente-en-francia-el-conductor-que-los-embistio-estaba-alcoholizado\/#article","isPartOf":{"@id":"https:\/\/apuntesdesanluis.com\/index.php\/2024\/04\/04\/murio-una-pareja-sanjuanina-en-un-accidente-en-francia-el-conductor-que-los-embistio-estaba-alcoholizado\/"},"author":{"name":"apuntesdesanluis.com","@id":"https:\/\/apuntesdesanluis.com\/#\/schema\/person\/b55151d52296fcce64d1a72538a70b90"},"headline":"MURI\u00d3 UNA PAREJA SANJUANINA EN UN ACCIDENTE EN FRANCIA: EL CONDUCTOR QUE LOS EMBISTI\u00d3 ESTABA ALCOHOLIZADO","datePublished":"2024-04-05T00:44:03+00:00","mainEntityOfPage":{"@id":"https:\/\/apuntesdesanluis.com\/index.php\/2024\/04\/04\/murio-una-pareja-sanjuanina-en-un-accidente-en-francia-el-conductor-que-los-embistio-estaba-alcoholizado\/"},"wordCount":778,"publisher":{"@id":"https:\/\/apuntesdesanluis.com\/#\/schema\/person\/b55151d52296fcce64d1a72538a70b90"},"image":{"@id":"https:\/\/apuntesdesanluis.com\/index.php\/2024\/04\/04\/murio-una-pareja-sanjuanina-en-un-accidente-en-francia-el-conductor-que-los-embistio-estaba-alcoholizado\/#primaryimage"},"thumbnailUrl":"https:\/\/apuntesdesanluis.com\/wp-content\/uploads\/2024\/04\/TURISTAS.png","articleSection":["Nacionales\/Internacionales"],"inLanguage":"es-AR"},{"@type":"WebPage","@id":"https:\/\/apuntesdesanluis.com\/index.php\/2024\/04\/04\/murio-una-pareja-sanjuanina-en-un-accidente-en-francia-el-conductor-que-los-embistio-estaba-alcoholizado\/","url":"https:\/\/apuntesdesanluis.com\/index.php\/2024\/04\/04\/murio-una-pareja-sanjuanina-en-un-accidente-en-francia-el-conductor-que-los-embistio-estaba-alcoholizado\/","name":"MURI\u00d3 UNA PAREJA SANJUANINA EN UN ACCIDENTE EN FRANCIA: EL CONDUCTOR QUE LOS EMBISTI\u00d3 ESTABA ALCOHOLIZADO - Apuntes de San Luis","isPartOf":{"@id":"https:\/\/apuntesdesanluis.com\/#website"},"primaryImageOfPage":{"@id":"https:\/\/apuntesdesanluis.com\/index.php\/2024\/04\/04\/murio-una-pareja-sanjuanina-en-un-accidente-en-francia-el-conductor-que-los-embistio-estaba-alcoholizado\/#primaryimage"},"image":{"@id":"https:\/\/apuntesdesanluis.com\/index.php\/2024\/04\/04\/murio-una-pareja-sanjuanina-en-un-accidente-en-francia-el-conductor-que-los-embistio-estaba-alcoholizado\/#primaryimage"},"thumbnailUrl":"https:\/\/apuntesdesanluis.com\/wp-content\/uploads\/2024\/04\/TURISTAS.png","datePublished":"2024-04-05T00:44:03+00:00","breadcrumb":{"@id":"https:\/\/apuntesdesanluis.com\/index.php\/2024\/04\/04\/murio-una-pareja-sanjuanina-en-un-accidente-en-francia-el-conductor-que-los-embistio-estaba-alcoholizado\/#breadcrumb"},"inLanguage":"es-AR","potentialAction":[{"@type":"ReadAction","target":["https:\/\/apuntesdesanluis.com\/index.php\/2024\/04\/04\/murio-una-pareja-sanjuanina-en-un-accidente-en-francia-el-conductor-que-los-embistio-estaba-alcoholizado\/"]}]},{"@type":"ImageObject","inLanguage":"es-AR","@id":"https:\/\/apuntesdesanluis.com\/index.php\/2024\/04\/04\/murio-una-pareja-sanjuanina-en-un-accidente-en-francia-el-conductor-que-los-embistio-estaba-alcoholizado\/#primaryimage","url":"https:\/\/apuntesdesanluis.com\/wp-content\/uploads\/2024\/04\/TURISTAS.png","contentUrl":"https:\/\/apuntesdesanluis.com\/wp-content\/uploads\/2024\/04\/TURISTAS.png","width":600,"height":416},{"@type":"BreadcrumbList","@id":"https:\/\/apuntesdesanluis.com\/index.php\/2024\/04\/04\/murio-una-pareja-sanjuanina-en-un-accidente-en-francia-el-conductor-que-los-embistio-estaba-alcoholizado\/#breadcrumb","itemListElement":[{"@type":"ListItem","position":1,"name":"Inicio","item":"https:\/\/apuntesdesanluis.com\/"},{"@type":"ListItem","position":2,"name":"MURI\u00d3 UNA PAREJA SANJUANINA EN UN ACCIDENTE EN FRANCIA: EL CONDUCTOR QUE LOS EMBISTI\u00d3 ESTABA ALCOHOLIZADO"}]},{"@type":"WebSite","@id":"https:\/\/apuntesdesanluis.com\/#website","url":"https:\/\/apuntesdesanluis.com\/","name":"Apuntes de San Luis","description":"","publisher":{"@id":"https:\/\/apuntesdesanluis.com\/#\/schema\/person\/b55151d52296fcce64d1a72538a70b90"},"potentialAction":[{"@type":"SearchAction","target":{"@type":"EntryPoint","urlTemplate":"https:\/\/apuntesdesanluis.com\/?s={search_term_string}"},"query-input":{"@type":"PropertyValueSpecification","valueRequired":true,"valueName":"search_term_string"}}],"inLanguage":"es-AR"},{"@type":["Person","Organization"],"@id":"https:\/\/apuntesdesanluis.com\/#\/schema\/person\/b55151d52296fcce64d1a72538a70b90","name":"apuntesdesanluis.com","image":{"@type":"ImageObject","inLanguage":"es-AR","@id":"https:\/\/apuntesdesanluis.com\/#\/schema\/person\/image\/","url":"https:\/\/apuntesdesanluis.com\/wp-content\/uploads\/2023\/07\/cropped-apuntesdesanluis.png","contentUrl":"https:\/\/apuntesdesanluis.com\/wp-content\/uploads\/2023\/07\/cropped-apuntesdesanluis.png","width":450,"height":112,"caption":"apuntesdesanluis.com"},"logo":{"@id":"https:\/\/apuntesdesanluis.com\/#\/schema\/person\/image\/"},"sameAs":["https:\/\/apuntesdesanluis.com"],"url":"https:\/\/apuntesdesanluis.com\/index.php\/author\/apuntesdesanluis-com\/"}]}},"featured_image_urls":{"full":["https:\/\/apuntesdesanluis.com\/wp-content\/uploads\/2024\/04\/TURISTAS.png",600,416,false],"thumbnail":["https:\/\/apuntesdesanluis.com\/wp-content\/uploads\/2024\/04\/TURISTAS-150x150.png",150,150,true],"medium":["https:\/\/apuntesdesanluis.com\/wp-content\/uploads\/2024\/04\/TURISTAS-300x208.png",300,208,true],"medium_large":["https:\/\/apuntesdesanluis.com\/wp-content\/uploads\/2024\/04\/TURISTAS.png",600,416,false],"large":["https:\/\/apuntesdesanluis.com\/wp-content\/uploads\/2024\/04\/TURISTAS.png",600,416,false],"1536x1536":["https:\/\/apuntesdesanluis.com\/wp-content\/uploads\/2024\/04\/TURISTAS.png",600,416,false],"2048x2048":["https:\/\/apuntesdesanluis.com\/wp-content\/uploads\/2024\/04\/TURISTAS.png",600,416,false],"newsever-slider-full":["https:\/\/apuntesdesanluis.com\/wp-content\/uploads\/2024\/04\/TURISTAS.png",600,416,false],"newsever-featured":["https:\/\/apuntesdesanluis.com\/wp-content\/uploads\/2024\/04\/TURISTAS.png",600,416,false],"newsever-medium":["https:\/\/apuntesdesanluis.com\/wp-content\/uploads\/2024\/04\/TURISTAS.png",600,416,false]},"author_info":{"display_name":"apuntesdesanluis.com","author_link":"https:\/\/apuntesdesanluis.com\/index.php\/author\/apuntesdesanluis-com\/"},"category_info":"<a href=\"https:\/\/apuntesdesanluis.com\/index.php\/category\/nacionales-internacionales\/\" rel=\"category tag\">Nacionales\/Internacionales<\/a>","tag_info":"Nacionales\/Internacionales","comment_count":"0","_links":{"self":[{"href":"https:\/\/apuntesdesanluis.com\/index.php\/wp-json\/wp\/v2\/posts\/14186","targetHints":{"allow":["GET"]}}],"collection":[{"href":"https:\/\/apuntesdesanluis.com\/index.php\/wp-json\/wp\/v2\/posts"}],"about":[{"href":"https:\/\/apuntesdesanluis.com\/index.php\/wp-json\/wp\/v2\/types\/post"}],"author":[{"embeddable":true,"href":"https:\/\/apuntesdesanluis.com\/index.php\/wp-json\/wp\/v2\/users\/1"}],"replies":[{"embeddable":true,"href":"https:\/\/apuntesdesanluis.com\/index.php\/wp-json\/wp\/v2\/comments?post=14186"}],"version-history":[{"count":2,"href":"https:\/\/apuntesdesanluis.com\/index.php\/wp-json\/wp\/v2\/posts\/14186\/revisions"}],"predecessor-version":[{"id":14190,"href":"https:\/\/apuntesdesanluis.com\/index.php\/wp-json\/wp\/v2\/posts\/14186\/revisions\/14190"}],"wp:featuredmedia":[{"embeddable":true,"href":"https:\/\/apuntesdesanluis.com\/index.php\/wp-json\/wp\/v2\/media\/14188"}],"wp:attachment":[{"href":"https:\/\/apuntesdesanluis.com\/index.php\/wp-json\/wp\/v2\/media?parent=14186"}],"wp:term":[{"taxonomy":"category","embeddable":true,"href":"https:\/\/apuntesdesanluis.com\/index.php\/wp-json\/wp\/v2\/categories?post=14186"},{"taxonomy":"post_tag","embeddable":true,"href":"https:\/\/apuntesdesanluis.com\/index.php\/wp-json\/wp\/v2\/tags?post=14186"}],"curies":[{"name":"wp","href":"https:\/\/api.w.org\/{rel}","templated":true}]}}