{"id":14191,"date":"2024-04-04T22:00:44","date_gmt":"2024-04-05T01:00:44","guid":{"rendered":"https:\/\/apuntesdesanluis.com\/?p=14191"},"modified":"2024-04-04T22:00:44","modified_gmt":"2024-04-05T01:00:44","slug":"plata-para-los-senadores-si-hay-villarruel-no-retrotrajo-el-aumento","status":"publish","type":"post","link":"https:\/\/apuntesdesanluis.com\/index.php\/2024\/04\/04\/plata-para-los-senadores-si-hay-villarruel-no-retrotrajo-el-aumento\/","title":{"rendered":"PLATA PARA LOS SENADORES S\u00cd HAY: VILLARRUEL NO RETROTRAJO EL AUMENTO"},"content":{"rendered":"<h3>La titular de la C\u00e1mara alta de la naci\u00f3n, <strong>Victoria Villarruel<\/strong>, no retrotrajo los incrementos a diciembre como reclam\u00f3 el mandatario.<\/h3>\n<h3>Tras un impasse en sus diferencias y un acto compartido para reflotar la pol\u00edtica de la &#8220;reconciliaci\u00f3n&#8221; con las Fuerzas Armadas, la vicepresidenta Victoria Villarruel volver\u00e1 a la agenda por marcar otro desaf\u00edo al presidente Javier Milei. Los senadores recibieron un aumento de 16 por ciento, correspondiente a enero, por la que la titular de la C\u00e1mara alta no retrotrajo los incrementos a diciembre como reclam\u00f3 el mandatario.<\/h3>\n<h3>La noticia surgi\u00f3 en los pasillos del Congreso con los recibos de sueldo en mano entre senadores y diputados. Los legisladores de la C\u00e1mara alta percibieron un incremento del 16 por ciento; mientras que en la C\u00e1mara baja &#8211;presidida por Mart\u00edn Menem&#8211; no registraron incrementos en comparaci\u00f3n con diciembre.<\/h3>\n<h3>&#8220;Que los diputados no me vengan con que la plata no alcanza, que much\u00edsima gente la est\u00e1 pasando peor&#8221;, hab\u00eda sido el reto del presidente, cuando a principios de marzo se conoci\u00f3 que Villarruel y Menem hab\u00edan firmado un incremento en las dietas del Congreso del 30%, aumento del 16% desde el 1\u00b0 de enero y del 12% desde el 1\u00b0 de febrero para el personal del Congreso.<\/h3>\n<h3>El oficialismo intent\u00f3 echar culpas a la gesti\u00f3n de Cristina Kirchner por una resoluci\u00f3n que igualaba los aumentos de los empleados legislativos con los representantes de ambas C\u00e1maras, pero Milei sali\u00f3 a reclamar una marcha atr\u00e1s.<\/h3>\n<h3>Menem entendi\u00f3 el mensaje presidencial y dio marcha atr\u00e1s, incluso habl\u00f3 p\u00fablicamente de acompa\u00f1ar un proyecto de ley de Diego Santilli para rechazar los incrementos, algo innecesario, un gesto sobreactuado del diputado del PRO. Tras el reto presidencial &#8211;quien luego deber\u00eda disculparse por el aumento salarial que \u00e9l mismo se otorg\u00f3&#8211;, los titulares de ambas c\u00e1maras parec\u00edan haber escuchado.<\/h3>\n<h3>Los recibos de sueldo de los senadores indicaron lo contrario. Villarruel dio marcha atr\u00e1s con el incremento de febrero, pero dej\u00f3 firme el 16% de enero. La vicepresidenta hab\u00eda mostrado su desacuerdo en la entrevista en la que tild\u00f3 de &#8220;jamocito&#8221; al presidente. &#8220;Lo hice porque me lo pidi\u00f3 el presidente&#8221;, respondi\u00f3 Villarruel, en una entrevista al periodista oficialista Jonatan Viale en TN.<\/h3>\n<h3>&#8220;El aumento que se les dio estaba por debajo de la inflaci\u00f3n y ac\u00e1 hay empleados p\u00fablicos de la casa que van a cobrar m\u00e1s que un senador, se rompi\u00f3 cualquier paridad&#8221;, consider\u00f3 Villaruel en aquella entrevista, aunque ante la consulta no supo decir cu\u00e1nto cobraba un empleado legislativo.<\/h3>\n<h3>En aquella entrevista, la titular del Senado busc\u00f3 destacar &#8220;la responsabilidad que el pueblo argentino les dio&#8221; a los 72 senadores para justificar el incremento salarial, en defensa del equilibrio que busca conseguir en una C\u00e1mara alta con escasa representaci\u00f3n del oficialismo. En principio, les sostuvo un aumento salarial a contramano de la orden presidencial.<\/h3>\n<p>&nbsp;<\/p>\n<p>&nbsp;<\/p>\n<p>&nbsp;<\/p>\n<p>&nbsp;<\/p>\n<p>&nbsp;<\/p>\n<p>&nbsp;<\/p>\n<p>&nbsp;<\/p>\n","protected":false},"excerpt":{"rendered":"<p>La titular de la C\u00e1mara alta de la naci\u00f3n, Victoria Villarruel, no retrotrajo los incrementos&#8230;<\/p>\n","protected":false},"author":1,"featured_media":14193,"comment_status":"closed","ping_status":"closed","sticky":false,"template":"","format":"standard","meta":{"footnotes":""},"categories":[5],"tags":[],"class_list":["post-14191","post","type-post","status-publish","format-standard","has-post-thumbnail","hentry","category-nacionales-internacionales"],"yoast_head":"<!-- This site is optimized with the Yoast SEO plugin v26.1.1 - https:\/\/yoast.com\/wordpress\/plugins\/seo\/ -->\n<title>PLATA PARA LOS SENADORES S\u00cd HAY: VILLARRUEL NO RETROTRAJO EL AUMENTO - Apuntes de San Luis<\/title>\n<meta name=\"robots\" content=\"index, follow, max-snippet:-1, max-image-preview:large, max-video-preview:-1\" \/>\n<link rel=\"canonical\" href=\"https:\/\/apuntesdesanluis.com\/index.php\/2024\/04\/04\/plata-para-los-senadores-si-hay-villarruel-no-retrotrajo-el-aumento\/\" \/>\n<meta property=\"og:locale\" content=\"es_ES\" \/>\n<meta property=\"og:type\" content=\"article\" \/>\n<meta property=\"og:title\" content=\"PLATA PARA LOS SENADORES S\u00cd HAY: VILLARRUEL NO RETROTRAJO EL AUMENTO - Apuntes de San Luis\" \/>\n<meta property=\"og:description\" content=\"La titular de la C\u00e1mara alta de la naci\u00f3n, Victoria Villarruel, no retrotrajo los incrementos...\" \/>\n<meta property=\"og:url\" content=\"https:\/\/apuntesdesanluis.com\/index.php\/2024\/04\/04\/plata-para-los-senadores-si-hay-villarruel-no-retrotrajo-el-aumento\/\" \/>\n<meta property=\"og:site_name\" content=\"Apuntes de San Luis\" \/>\n<meta property=\"article:published_time\" content=\"2024-04-05T01:00:44+00:00\" \/>\n<meta property=\"og:image\" content=\"https:\/\/apuntesdesanluis.com\/wp-content\/uploads\/2024\/04\/victoria-villarruel.png\" \/>\n\t<meta property=\"og:image:width\" content=\"600\" \/>\n\t<meta property=\"og:image:height\" content=\"317\" \/>\n\t<meta property=\"og:image:type\" content=\"image\/png\" \/>\n<meta name=\"author\" content=\"apuntesdesanluis.com\" \/>\n<meta name=\"twitter:card\" content=\"summary_large_image\" \/>\n<meta name=\"twitter:label1\" content=\"Escrito por\" \/>\n\t<meta name=\"twitter:data1\" content=\"apuntesdesanluis.com\" \/>\n\t<meta name=\"twitter:label2\" content=\"Tiempo de lectura\" \/>\n\t<meta name=\"twitter:data2\" content=\"3 minutos\" \/>\n<script type=\"application\/ld+json\" class=\"yoast-schema-graph\">{\"@context\":\"https:\/\/schema.org\",\"@graph\":[{\"@type\":\"Article\",\"@id\":\"https:\/\/apuntesdesanluis.com\/index.php\/2024\/04\/04\/plata-para-los-senadores-si-hay-villarruel-no-retrotrajo-el-aumento\/#article\",\"isPartOf\":{\"@id\":\"https:\/\/apuntesdesanluis.com\/index.php\/2024\/04\/04\/plata-para-los-senadores-si-hay-villarruel-no-retrotrajo-el-aumento\/\"},\"author\":{\"name\":\"apuntesdesanluis.com\",\"@id\":\"https:\/\/apuntesdesanluis.com\/#\/schema\/person\/b55151d52296fcce64d1a72538a70b90\"},\"headline\":\"PLATA PARA LOS SENADORES S\u00cd HAY: VILLARRUEL NO RETROTRAJO EL AUMENTO\",\"datePublished\":\"2024-04-05T01:00:44+00:00\",\"mainEntityOfPage\":{\"@id\":\"https:\/\/apuntesdesanluis.com\/index.php\/2024\/04\/04\/plata-para-los-senadores-si-hay-villarruel-no-retrotrajo-el-aumento\/\"},\"wordCount\":509,\"publisher\":{\"@id\":\"https:\/\/apuntesdesanluis.com\/#\/schema\/person\/b55151d52296fcce64d1a72538a70b90\"},\"image\":{\"@id\":\"https:\/\/apuntesdesanluis.com\/index.php\/2024\/04\/04\/plata-para-los-senadores-si-hay-villarruel-no-retrotrajo-el-aumento\/#primaryimage\"},\"thumbnailUrl\":\"https:\/\/apuntesdesanluis.com\/wp-content\/uploads\/2024\/04\/victoria-villarruel.png\",\"articleSection\":[\"Nacionales\/Internacionales\"],\"inLanguage\":\"es-AR\"},{\"@type\":\"WebPage\",\"@id\":\"https:\/\/apuntesdesanluis.com\/index.php\/2024\/04\/04\/plata-para-los-senadores-si-hay-villarruel-no-retrotrajo-el-aumento\/\",\"url\":\"https:\/\/apuntesdesanluis.com\/index.php\/2024\/04\/04\/plata-para-los-senadores-si-hay-villarruel-no-retrotrajo-el-aumento\/\",\"name\":\"PLATA PARA LOS SENADORES S\u00cd HAY: VILLARRUEL NO RETROTRAJO EL AUMENTO - Apuntes de San Luis\",\"isPartOf\":{\"@id\":\"https:\/\/apuntesdesanluis.com\/#website\"},\"primaryImageOfPage\":{\"@id\":\"https:\/\/apuntesdesanluis.com\/index.php\/2024\/04\/04\/plata-para-los-senadores-si-hay-villarruel-no-retrotrajo-el-aumento\/#primaryimage\"},\"image\":{\"@id\":\"https:\/\/apuntesdesanluis.com\/index.php\/2024\/04\/04\/plata-para-los-senadores-si-hay-villarruel-no-retrotrajo-el-aumento\/#primaryimage\"},\"thumbnailUrl\":\"https:\/\/apuntesdesanluis.com\/wp-content\/uploads\/2024\/04\/victoria-villarruel.png\",\"datePublished\":\"2024-04-05T01:00:44+00:00\",\"breadcrumb\":{\"@id\":\"https:\/\/apuntesdesanluis.com\/index.php\/2024\/04\/04\/plata-para-los-senadores-si-hay-villarruel-no-retrotrajo-el-aumento\/#breadcrumb\"},\"inLanguage\":\"es-AR\",\"potentialAction\":[{\"@type\":\"ReadAction\",\"target\":[\"https:\/\/apuntesdesanluis.com\/index.php\/2024\/04\/04\/plata-para-los-senadores-si-hay-villarruel-no-retrotrajo-el-aumento\/\"]}]},{\"@type\":\"ImageObject\",\"inLanguage\":\"es-AR\",\"@id\":\"https:\/\/apuntesdesanluis.com\/index.php\/2024\/04\/04\/plata-para-los-senadores-si-hay-villarruel-no-retrotrajo-el-aumento\/#primaryimage\",\"url\":\"https:\/\/apuntesdesanluis.com\/wp-content\/uploads\/2024\/04\/victoria-villarruel.png\",\"contentUrl\":\"https:\/\/apuntesdesanluis.com\/wp-content\/uploads\/2024\/04\/victoria-villarruel.png\",\"width\":600,\"height\":317},{\"@type\":\"BreadcrumbList\",\"@id\":\"https:\/\/apuntesdesanluis.com\/index.php\/2024\/04\/04\/plata-para-los-senadores-si-hay-villarruel-no-retrotrajo-el-aumento\/#breadcrumb\",\"itemListElement\":[{\"@type\":\"ListItem\",\"position\":1,\"name\":\"Inicio\",\"item\":\"https:\/\/apuntesdesanluis.com\/\"},{\"@type\":\"ListItem\",\"position\":2,\"name\":\"PLATA PARA LOS SENADORES S\u00cd HAY: VILLARRUEL NO RETROTRAJO EL AUMENTO\"}]},{\"@type\":\"WebSite\",\"@id\":\"https:\/\/apuntesdesanluis.com\/#website\",\"url\":\"https:\/\/apuntesdesanluis.com\/\",\"name\":\"Apuntes de San Luis\",\"description\":\"\",\"publisher\":{\"@id\":\"https:\/\/apuntesdesanluis.com\/#\/schema\/person\/b55151d52296fcce64d1a72538a70b90\"},\"potentialAction\":[{\"@type\":\"SearchAction\",\"target\":{\"@type\":\"EntryPoint\",\"urlTemplate\":\"https:\/\/apuntesdesanluis.com\/?s={search_term_string}\"},\"query-input\":{\"@type\":\"PropertyValueSpecification\",\"valueRequired\":true,\"valueName\":\"search_term_string\"}}],\"inLanguage\":\"es-AR\"},{\"@type\":[\"Person\",\"Organization\"],\"@id\":\"https:\/\/apuntesdesanluis.com\/#\/schema\/person\/b55151d52296fcce64d1a72538a70b90\",\"name\":\"apuntesdesanluis.com\",\"image\":{\"@type\":\"ImageObject\",\"inLanguage\":\"es-AR\",\"@id\":\"https:\/\/apuntesdesanluis.com\/#\/schema\/person\/image\/\",\"url\":\"https:\/\/apuntesdesanluis.com\/wp-content\/uploads\/2023\/07\/cropped-apuntesdesanluis.png\",\"contentUrl\":\"https:\/\/apuntesdesanluis.com\/wp-content\/uploads\/2023\/07\/cropped-apuntesdesanluis.png\",\"width\":450,\"height\":112,\"caption\":\"apuntesdesanluis.com\"},\"logo\":{\"@id\":\"https:\/\/apuntesdesanluis.com\/#\/schema\/person\/image\/\"},\"sameAs\":[\"https:\/\/apuntesdesanluis.com\"],\"url\":\"https:\/\/apuntesdesanluis.com\/index.php\/author\/apuntesdesanluis-com\/\"}]}<\/script>\n<!-- \/ Yoast SEO plugin. -->","yoast_head_json":{"title":"PLATA PARA LOS SENADORES S\u00cd HAY: VILLARRUEL NO RETROTRAJO EL AUMENTO - Apuntes de San Luis","robots":{"index":"index","follow":"follow","max-snippet":"max-snippet:-1","max-image-preview":"max-image-preview:large","max-video-preview":"max-video-preview:-1"},"canonical":"https:\/\/apuntesdesanluis.com\/index.php\/2024\/04\/04\/plata-para-los-senadores-si-hay-villarruel-no-retrotrajo-el-aumento\/","og_locale":"es_ES","og_type":"article","og_title":"PLATA PARA LOS SENADORES S\u00cd HAY: VILLARRUEL NO RETROTRAJO EL AUMENTO - Apuntes de San Luis","og_description":"La titular de la C\u00e1mara alta de la naci\u00f3n, Victoria Villarruel, no retrotrajo los incrementos...","og_url":"https:\/\/apuntesdesanluis.com\/index.php\/2024\/04\/04\/plata-para-los-senadores-si-hay-villarruel-no-retrotrajo-el-aumento\/","og_site_name":"Apuntes de San Luis","article_published_time":"2024-04-05T01:00:44+00:00","og_image":[{"width":600,"height":317,"url":"https:\/\/apuntesdesanluis.com\/wp-content\/uploads\/2024\/04\/victoria-villarruel.png","type":"image\/png"}],"author":"apuntesdesanluis.com","twitter_card":"summary_large_image","twitter_misc":{"Escrito por":"apuntesdesanluis.com","Tiempo de lectura":"3 minutos"},"schema":{"@context":"https:\/\/schema.org","@graph":[{"@type":"Article","@id":"https:\/\/apuntesdesanluis.com\/index.php\/2024\/04\/04\/plata-para-los-senadores-si-hay-villarruel-no-retrotrajo-el-aumento\/#article","isPartOf":{"@id":"https:\/\/apuntesdesanluis.com\/index.php\/2024\/04\/04\/plata-para-los-senadores-si-hay-villarruel-no-retrotrajo-el-aumento\/"},"author":{"name":"apuntesdesanluis.com","@id":"https:\/\/apuntesdesanluis.com\/#\/schema\/person\/b55151d52296fcce64d1a72538a70b90"},"headline":"PLATA PARA LOS SENADORES S\u00cd HAY: VILLARRUEL NO RETROTRAJO EL AUMENTO","datePublished":"2024-04-05T01:00:44+00:00","mainEntityOfPage":{"@id":"https:\/\/apuntesdesanluis.com\/index.php\/2024\/04\/04\/plata-para-los-senadores-si-hay-villarruel-no-retrotrajo-el-aumento\/"},"wordCount":509,"publisher":{"@id":"https:\/\/apuntesdesanluis.com\/#\/schema\/person\/b55151d52296fcce64d1a72538a70b90"},"image":{"@id":"https:\/\/apuntesdesanluis.com\/index.php\/2024\/04\/04\/plata-para-los-senadores-si-hay-villarruel-no-retrotrajo-el-aumento\/#primaryimage"},"thumbnailUrl":"https:\/\/apuntesdesanluis.com\/wp-content\/uploads\/2024\/04\/victoria-villarruel.png","articleSection":["Nacionales\/Internacionales"],"inLanguage":"es-AR"},{"@type":"WebPage","@id":"https:\/\/apuntesdesanluis.com\/index.php\/2024\/04\/04\/plata-para-los-senadores-si-hay-villarruel-no-retrotrajo-el-aumento\/","url":"https:\/\/apuntesdesanluis.com\/index.php\/2024\/04\/04\/plata-para-los-senadores-si-hay-villarruel-no-retrotrajo-el-aumento\/","name":"PLATA PARA LOS SENADORES S\u00cd HAY: VILLARRUEL NO RETROTRAJO EL AUMENTO - Apuntes de San Luis","isPartOf":{"@id":"https:\/\/apuntesdesanluis.com\/#website"},"primaryImageOfPage":{"@id":"https:\/\/apuntesdesanluis.com\/index.php\/2024\/04\/04\/plata-para-los-senadores-si-hay-villarruel-no-retrotrajo-el-aumento\/#primaryimage"},"image":{"@id":"https:\/\/apuntesdesanluis.com\/index.php\/2024\/04\/04\/plata-para-los-senadores-si-hay-villarruel-no-retrotrajo-el-aumento\/#primaryimage"},"thumbnailUrl":"https:\/\/apuntesdesanluis.com\/wp-content\/uploads\/2024\/04\/victoria-villarruel.png","datePublished":"2024-04-05T01:00:44+00:00","breadcrumb":{"@id":"https:\/\/apuntesdesanluis.com\/index.php\/2024\/04\/04\/plata-para-los-senadores-si-hay-villarruel-no-retrotrajo-el-aumento\/#breadcrumb"},"inLanguage":"es-AR","potentialAction":[{"@type":"ReadAction","target":["https:\/\/apuntesdesanluis.com\/index.php\/2024\/04\/04\/plata-para-los-senadores-si-hay-villarruel-no-retrotrajo-el-aumento\/"]}]},{"@type":"ImageObject","inLanguage":"es-AR","@id":"https:\/\/apuntesdesanluis.com\/index.php\/2024\/04\/04\/plata-para-los-senadores-si-hay-villarruel-no-retrotrajo-el-aumento\/#primaryimage","url":"https:\/\/apuntesdesanluis.com\/wp-content\/uploads\/2024\/04\/victoria-villarruel.png","contentUrl":"https:\/\/apuntesdesanluis.com\/wp-content\/uploads\/2024\/04\/victoria-villarruel.png","width":600,"height":317},{"@type":"BreadcrumbList","@id":"https:\/\/apuntesdesanluis.com\/index.php\/2024\/04\/04\/plata-para-los-senadores-si-hay-villarruel-no-retrotrajo-el-aumento\/#breadcrumb","itemListElement":[{"@type":"ListItem","position":1,"name":"Inicio","item":"https:\/\/apuntesdesanluis.com\/"},{"@type":"ListItem","position":2,"name":"PLATA PARA LOS SENADORES S\u00cd HAY: VILLARRUEL NO RETROTRAJO EL AUMENTO"}]},{"@type":"WebSite","@id":"https:\/\/apuntesdesanluis.com\/#website","url":"https:\/\/apuntesdesanluis.com\/","name":"Apuntes de San Luis","description":"","publisher":{"@id":"https:\/\/apuntesdesanluis.com\/#\/schema\/person\/b55151d52296fcce64d1a72538a70b90"},"potentialAction":[{"@type":"SearchAction","target":{"@type":"EntryPoint","urlTemplate":"https:\/\/apuntesdesanluis.com\/?s={search_term_string}"},"query-input":{"@type":"PropertyValueSpecification","valueRequired":true,"valueName":"search_term_string"}}],"inLanguage":"es-AR"},{"@type":["Person","Organization"],"@id":"https:\/\/apuntesdesanluis.com\/#\/schema\/person\/b55151d52296fcce64d1a72538a70b90","name":"apuntesdesanluis.com","image":{"@type":"ImageObject","inLanguage":"es-AR","@id":"https:\/\/apuntesdesanluis.com\/#\/schema\/person\/image\/","url":"https:\/\/apuntesdesanluis.com\/wp-content\/uploads\/2023\/07\/cropped-apuntesdesanluis.png","contentUrl":"https:\/\/apuntesdesanluis.com\/wp-content\/uploads\/2023\/07\/cropped-apuntesdesanluis.png","width":450,"height":112,"caption":"apuntesdesanluis.com"},"logo":{"@id":"https:\/\/apuntesdesanluis.com\/#\/schema\/person\/image\/"},"sameAs":["https:\/\/apuntesdesanluis.com"],"url":"https:\/\/apuntesdesanluis.com\/index.php\/author\/apuntesdesanluis-com\/"}]}},"featured_image_urls":{"full":["https:\/\/apuntesdesanluis.com\/wp-content\/uploads\/2024\/04\/victoria-villarruel.png",600,317,false],"thumbnail":["https:\/\/apuntesdesanluis.com\/wp-content\/uploads\/2024\/04\/victoria-villarruel-150x150.png",150,150,true],"medium":["https:\/\/apuntesdesanluis.com\/wp-content\/uploads\/2024\/04\/victoria-villarruel-300x159.png",300,159,true],"medium_large":["https:\/\/apuntesdesanluis.com\/wp-content\/uploads\/2024\/04\/victoria-villarruel.png",600,317,false],"large":["https:\/\/apuntesdesanluis.com\/wp-content\/uploads\/2024\/04\/victoria-villarruel.png",600,317,false],"1536x1536":["https:\/\/apuntesdesanluis.com\/wp-content\/uploads\/2024\/04\/victoria-villarruel.png",600,317,false],"2048x2048":["https:\/\/apuntesdesanluis.com\/wp-content\/uploads\/2024\/04\/victoria-villarruel.png",600,317,false],"newsever-slider-full":["https:\/\/apuntesdesanluis.com\/wp-content\/uploads\/2024\/04\/victoria-villarruel.png",600,317,false],"newsever-featured":["https:\/\/apuntesdesanluis.com\/wp-content\/uploads\/2024\/04\/victoria-villarruel.png",600,317,false],"newsever-medium":["https:\/\/apuntesdesanluis.com\/wp-content\/uploads\/2024\/04\/victoria-villarruel.png",600,317,false]},"author_info":{"display_name":"apuntesdesanluis.com","author_link":"https:\/\/apuntesdesanluis.com\/index.php\/author\/apuntesdesanluis-com\/"},"category_info":"<a href=\"https:\/\/apuntesdesanluis.com\/index.php\/category\/nacionales-internacionales\/\" rel=\"category tag\">Nacionales\/Internacionales<\/a>","tag_info":"Nacionales\/Internacionales","comment_count":"0","_links":{"self":[{"href":"https:\/\/apuntesdesanluis.com\/index.php\/wp-json\/wp\/v2\/posts\/14191","targetHints":{"allow":["GET"]}}],"collection":[{"href":"https:\/\/apuntesdesanluis.com\/index.php\/wp-json\/wp\/v2\/posts"}],"about":[{"href":"https:\/\/apuntesdesanluis.com\/index.php\/wp-json\/wp\/v2\/types\/post"}],"author":[{"embeddable":true,"href":"https:\/\/apuntesdesanluis.com\/index.php\/wp-json\/wp\/v2\/users\/1"}],"replies":[{"embeddable":true,"href":"https:\/\/apuntesdesanluis.com\/index.php\/wp-json\/wp\/v2\/comments?post=14191"}],"version-history":[{"count":2,"href":"https:\/\/apuntesdesanluis.com\/index.php\/wp-json\/wp\/v2\/posts\/14191\/revisions"}],"predecessor-version":[{"id":14194,"href":"https:\/\/apuntesdesanluis.com\/index.php\/wp-json\/wp\/v2\/posts\/14191\/revisions\/14194"}],"wp:featuredmedia":[{"embeddable":true,"href":"https:\/\/apuntesdesanluis.com\/index.php\/wp-json\/wp\/v2\/media\/14193"}],"wp:attachment":[{"href":"https:\/\/apuntesdesanluis.com\/index.php\/wp-json\/wp\/v2\/media?parent=14191"}],"wp:term":[{"taxonomy":"category","embeddable":true,"href":"https:\/\/apuntesdesanluis.com\/index.php\/wp-json\/wp\/v2\/categories?post=14191"},{"taxonomy":"post_tag","embeddable":true,"href":"https:\/\/apuntesdesanluis.com\/index.php\/wp-json\/wp\/v2\/tags?post=14191"}],"curies":[{"name":"wp","href":"https:\/\/api.w.org\/{rel}","templated":true}]}}