{"id":14208,"date":"2024-04-05T13:54:03","date_gmt":"2024-04-05T16:54:03","guid":{"rendered":"https:\/\/apuntesdesanluis.com\/?p=14208"},"modified":"2024-04-05T22:23:58","modified_gmt":"2024-04-06T01:23:58","slug":"severa-denuncia-penal-contra-el-diputado-beltran-por-vaciamiento-del-molino-fenix","status":"publish","type":"post","link":"https:\/\/apuntesdesanluis.com\/index.php\/2024\/04\/05\/severa-denuncia-penal-contra-el-diputado-beltran-por-vaciamiento-del-molino-fenix\/","title":{"rendered":"SEVERA DENUNCIA PENAL CONTRA EL DIPUTADO BELTR\u00c1N, POR VACIAMIENTO DEL MOLINO F\u00c9NIX"},"content":{"rendered":"<h3>La present\u00f3 el actual responsable de Intendencia del Molino F\u00e9nix, <strong>Pablo Fernando Gonz\u00e1lez<\/strong>, por los delitos de \u201cIncumplimiento de los deberes de funcionario p\u00fablico, malversaci\u00f3n de caudales y peculado\u201d.<\/h3>\n<h3>La denuncia involucra al ex Administrador del complejo, <strong>Joaqu\u00edn Ra\u00fal Beltr\u00e1n<\/strong>, actual diputado provincial del PJ; su cu\u00f1ado, el ex Jefe de Eventos <strong>Enzo Patricio Lucero <\/strong>(hermano de la ex diputada provincial Anabela Lucero); el ex Coordinador de la Casa de la M\u00fasica, <strong>Exequiel Alberto Scarel<\/strong>, y <strong>Diego Emanuel Torres<\/strong>, ex Coordinador del Teatro.<\/h3>\n<h3>En la presentaci\u00f3n efectuada ante Fiscal\u00eda en turno se deja constancia que el Complejo Molino F\u00e9nix y Casa de la M\u00fasica en todo momento fueron \u201cco-administrados\u201d por la ex diputada <strong>Anabela Lucero<\/strong>, pareja de Beltr\u00e1n, \u201cquien concurr\u00eda asiduamente dirigiendo y organizando el complejo\u201d, seg\u00fan manifiestan empleados aportados como testigos.<\/h3>\n<p><img fetchpriority=\"high\" decoding=\"async\" class=\"wp-image-14213 aligncenter\" src=\"https:\/\/apuntesdesanluis.com\/wp-content\/uploads\/2024\/04\/Anabela-lucero-y-joaquin-beltran-300x167.png\" alt=\"\" width=\"557\" height=\"310\" srcset=\"https:\/\/apuntesdesanluis.com\/wp-content\/uploads\/2024\/04\/Anabela-lucero-y-joaquin-beltran-300x167.png 300w, https:\/\/apuntesdesanluis.com\/wp-content\/uploads\/2024\/04\/Anabela-lucero-y-joaquin-beltran.png 600w\" sizes=\"(max-width: 557px) 100vw, 557px\" \/><\/p>\n<h3>Al momento del cambio de gesti\u00f3n, en diciembre \u00faltimo, los nuevos administradores se encontraron con carencia de inventario e instalaciones sin mantenimiento, faltante de mobiliario, computadoras, equipos electr\u00f3nicos e imposibilidad de acceder a las cuentas contratadas al proveedor Google, las cuales luego pudieron ser recuperadas.<\/h3>\n<h3><strong>VACIAMIENTO NOCTURNO<\/strong><\/h3>\n<h3>Uno de los p\u00e1rrafos m\u00e1s escandalosos de la denuncia relata que entre el viernes 8 y el s\u00e1bado 9 de diciembre, horas antes de finalizar su mandato al frente del Complejo Molino F\u00e9nix y Casa de la M\u00fasica, se procedi\u00f3 a extraer irregularmente gran cantidad de equipos.<\/h3>\n<h3>Esto se hizo en una camioneta y un utilitario, previo haber desconectado las c\u00e1maras de seguridad. Dicho equipamiento habr\u00eda sido llevado a un taller de montajes industriales, Tecmetal SRL, ubicado en colectora sur km 696 de la Autopista Serran\u00edas Puntanas.<\/h3>\n<p><img decoding=\"async\" class=\"wp-image-14210 aligncenter\" src=\"https:\/\/apuntesdesanluis.com\/wp-content\/uploads\/2024\/04\/Tecmetal-300x183.png\" alt=\"\" width=\"584\" height=\"356\" srcset=\"https:\/\/apuntesdesanluis.com\/wp-content\/uploads\/2024\/04\/Tecmetal-300x183.png 300w, https:\/\/apuntesdesanluis.com\/wp-content\/uploads\/2024\/04\/Tecmetal.png 535w\" sizes=\"(max-width: 584px) 100vw, 584px\" \/><\/p>\n<h3>Uno de los testimonios que corrobora este irregular accionar lo aporta nada menos que el sereno, Leandro Chavero, quien al querer intervenir fue \u201cincrepado \/ amenazado por Exequiel Scarel\u201d.<\/h3>\n<h3>La presentaci\u00f3n judicial tambi\u00e9n asegura que dicho galp\u00f3n era utilizado asiduamente por Beltr\u00e1n para guardar mercader\u00eda, que luego fue utilizada para la \u00faltima campa\u00f1a electoral.<\/h3>\n<h3><strong>CAMPA\u00d1A Y HOTEL<\/strong><\/h3>\n<h3>En otra parte se denuncian reiterados hechos de utilizaci\u00f3n de recursos y personal del Complejo Molino F\u00e9nix, para la campa\u00f1a electoral de Anabela Lucero.<\/h3>\n<h3>Agrega que d\u00edas despu\u00e9s de la elecci\u00f3n del 11 de junio, el d\u00eda 15, los denunciados comenzaron a retirar mesas, sillas y escritorios.<\/h3>\n<p><img decoding=\"async\" class=\"wp-image-14214 aligncenter\" src=\"https:\/\/apuntesdesanluis.com\/wp-content\/uploads\/2024\/04\/Casa-de-la-musica-300x180.png\" alt=\"\" width=\"553\" height=\"332\" srcset=\"https:\/\/apuntesdesanluis.com\/wp-content\/uploads\/2024\/04\/Casa-de-la-musica-300x180.png 300w, https:\/\/apuntesdesanluis.com\/wp-content\/uploads\/2024\/04\/Casa-de-la-musica.png 600w\" sizes=\"(max-width: 553px) 100vw, 553px\" \/><\/p>\n<h3>Por otro lado, tambi\u00e9n se deja constancia que Beltr\u00e1n y Lucero, durante la refacci\u00f3n de la vivienda de esta \u00faltima, se instalaron a vivir ella y su familia en la suite y habitaciones que posee Casa de la M\u00fasica para hospedar a los artistas, convirtiendo a la dependencia en un \u201chotel con servicios completos (comida incluida)\u201d.<\/h3>\n<h3>En la presentaci\u00f3n se aportan &#8220;im\u00e1genes fotogr\u00e1ficas y filmaciones tomadas de manera espont\u00e1nea por personal del complejo, documentando equipos y mobiliario que no encuentran luego del cambio de gesti\u00f3n&#8221;. Tambi\u00e9n facturas y tickets de compras de alimentos destinados a la campa\u00f1a electoral de Anabela Lucero y Joaqu\u00edn Beltr\u00e1n.<\/h3>\n<h3>Tambi\u00e9n se solicita que se cite a declarar a numerosas personas y se ordene oficio a los fines de obtener registros de las c\u00e1maras de videovigilancia de la polic\u00eda de la provincia, de las inmediaciones del Complejo Molinos F\u00e9nix los pasados d\u00edas 8 y 9 de diciembre de 2023.<\/h3>\n<p><img loading=\"lazy\" decoding=\"async\" class=\"wp-image-14220 aligncenter\" src=\"https:\/\/apuntesdesanluis.com\/wp-content\/uploads\/2024\/04\/prueba-275x300.png\" alt=\"\" width=\"557\" height=\"608\" srcset=\"https:\/\/apuntesdesanluis.com\/wp-content\/uploads\/2024\/04\/prueba-275x300.png 275w, https:\/\/apuntesdesanluis.com\/wp-content\/uploads\/2024\/04\/prueba.png 647w\" sizes=\"(max-width: 557px) 100vw, 557px\" \/><\/p>\n<h3>Tambi\u00e9n que se ordene el allanamiento del taller de montaje industrial Tecmetal SRL.<\/h3>\n<h3>Por otra parte, este viernes se conoci\u00f3 a trav\u00e9s de las redes sociales el &#8220;oportuno&#8221; lanzamiento de campa\u00f1a de la ex diputada provincial <strong>Anabela Lucero<\/strong>, quien pretende ser electa intendenta municipal en 2027. En la imagen que se difundi\u00f3 a trav\u00e9s de redes sociales, aparece junto al gobernador, que no puede lograr que el tribunal de disciplina del PJ expulse a los dirigentes y legisladores que ya no le responden (Ver nota aparte).<\/h3>\n<h3><img loading=\"lazy\" decoding=\"async\" class=\"wp-image-14262 aligncenter\" src=\"https:\/\/apuntesdesanluis.com\/wp-content\/uploads\/2024\/04\/Imagen-de-WhatsApp-2024-04-05-a-las-20.18.55_f71f95b4-1-265x300.jpg\" alt=\"\" width=\"650\" height=\"736\" srcset=\"https:\/\/apuntesdesanluis.com\/wp-content\/uploads\/2024\/04\/Imagen-de-WhatsApp-2024-04-05-a-las-20.18.55_f71f95b4-1-265x300.jpg 265w, https:\/\/apuntesdesanluis.com\/wp-content\/uploads\/2024\/04\/Imagen-de-WhatsApp-2024-04-05-a-las-20.18.55_f71f95b4-1.jpg 593w\" sizes=\"(max-width: 650px) 100vw, 650px\" \/><\/h3>\n<h3><\/h3>\n<h3>VER:\u00a0<span style=\"color: #ff0000;\"><a style=\"color: #ff0000;\" href=\"https:\/\/apuntesdesanluis.com\/wp-content\/uploads\/2024\/04\/DENUNCIA-MOLINO-FENIX.pdf\">DENUNCIA MOLINO FENIX<\/a><\/span><\/h3>\n<h3><\/h3>\n<p>&nbsp;<\/p>\n<p>&nbsp;<\/p>\n<p>&nbsp;<\/p>\n<h3><\/h3>\n<h3><\/h3>\n<h3><\/h3>\n","protected":false},"excerpt":{"rendered":"<p>La present\u00f3 el actual responsable de Intendencia del Molino F\u00e9nix, Pablo Fernando Gonz\u00e1lez, por los&#8230;<\/p>\n","protected":false},"author":1,"featured_media":14211,"comment_status":"closed","ping_status":"closed","sticky":false,"template":"","format":"standard","meta":{"footnotes":""},"categories":[9],"tags":[],"class_list":["post-14208","post","type-post","status-publish","format-standard","has-post-thumbnail","hentry","category-opinion"],"yoast_head":"<!-- This site is optimized with the Yoast SEO plugin v26.1.1 - https:\/\/yoast.com\/wordpress\/plugins\/seo\/ -->\n<title>SEVERA DENUNCIA PENAL CONTRA EL DIPUTADO BELTR\u00c1N, POR VACIAMIENTO DEL MOLINO F\u00c9NIX - Apuntes de San Luis<\/title>\n<meta name=\"robots\" content=\"index, follow, max-snippet:-1, max-image-preview:large, max-video-preview:-1\" \/>\n<link rel=\"canonical\" href=\"https:\/\/apuntesdesanluis.com\/index.php\/2024\/04\/05\/severa-denuncia-penal-contra-el-diputado-beltran-por-vaciamiento-del-molino-fenix\/\" \/>\n<meta property=\"og:locale\" content=\"es_ES\" \/>\n<meta property=\"og:type\" content=\"article\" \/>\n<meta property=\"og:title\" content=\"SEVERA DENUNCIA PENAL CONTRA EL DIPUTADO BELTR\u00c1N, POR VACIAMIENTO DEL MOLINO F\u00c9NIX - Apuntes de San Luis\" \/>\n<meta property=\"og:description\" content=\"La present\u00f3 el actual responsable de Intendencia del Molino F\u00e9nix, Pablo Fernando Gonz\u00e1lez, por los...\" \/>\n<meta property=\"og:url\" content=\"https:\/\/apuntesdesanluis.com\/index.php\/2024\/04\/05\/severa-denuncia-penal-contra-el-diputado-beltran-por-vaciamiento-del-molino-fenix\/\" \/>\n<meta property=\"og:site_name\" content=\"Apuntes de San Luis\" \/>\n<meta property=\"article:published_time\" content=\"2024-04-05T16:54:03+00:00\" \/>\n<meta property=\"article:modified_time\" content=\"2024-04-06T01:23:58+00:00\" \/>\n<meta property=\"og:image\" content=\"https:\/\/apuntesdesanluis.com\/wp-content\/uploads\/2024\/04\/COMPLEJO.png\" \/>\n\t<meta property=\"og:image:width\" content=\"600\" \/>\n\t<meta property=\"og:image:height\" content=\"377\" \/>\n\t<meta property=\"og:image:type\" content=\"image\/png\" \/>\n<meta name=\"author\" content=\"apuntesdesanluis.com\" \/>\n<meta name=\"twitter:card\" content=\"summary_large_image\" \/>\n<meta name=\"twitter:label1\" content=\"Escrito por\" \/>\n\t<meta name=\"twitter:data1\" content=\"apuntesdesanluis.com\" \/>\n\t<meta name=\"twitter:label2\" content=\"Tiempo de lectura\" \/>\n\t<meta name=\"twitter:data2\" content=\"4 minutos\" \/>\n<script type=\"application\/ld+json\" class=\"yoast-schema-graph\">{\"@context\":\"https:\/\/schema.org\",\"@graph\":[{\"@type\":\"Article\",\"@id\":\"https:\/\/apuntesdesanluis.com\/index.php\/2024\/04\/05\/severa-denuncia-penal-contra-el-diputado-beltran-por-vaciamiento-del-molino-fenix\/#article\",\"isPartOf\":{\"@id\":\"https:\/\/apuntesdesanluis.com\/index.php\/2024\/04\/05\/severa-denuncia-penal-contra-el-diputado-beltran-por-vaciamiento-del-molino-fenix\/\"},\"author\":{\"name\":\"apuntesdesanluis.com\",\"@id\":\"https:\/\/apuntesdesanluis.com\/#\/schema\/person\/b55151d52296fcce64d1a72538a70b90\"},\"headline\":\"SEVERA DENUNCIA PENAL CONTRA EL DIPUTADO BELTR\u00c1N, POR VACIAMIENTO DEL MOLINO F\u00c9NIX\",\"datePublished\":\"2024-04-05T16:54:03+00:00\",\"dateModified\":\"2024-04-06T01:23:58+00:00\",\"mainEntityOfPage\":{\"@id\":\"https:\/\/apuntesdesanluis.com\/index.php\/2024\/04\/05\/severa-denuncia-penal-contra-el-diputado-beltran-por-vaciamiento-del-molino-fenix\/\"},\"wordCount\":682,\"publisher\":{\"@id\":\"https:\/\/apuntesdesanluis.com\/#\/schema\/person\/b55151d52296fcce64d1a72538a70b90\"},\"image\":{\"@id\":\"https:\/\/apuntesdesanluis.com\/index.php\/2024\/04\/05\/severa-denuncia-penal-contra-el-diputado-beltran-por-vaciamiento-del-molino-fenix\/#primaryimage\"},\"thumbnailUrl\":\"https:\/\/apuntesdesanluis.com\/wp-content\/uploads\/2024\/04\/COMPLEJO.png\",\"articleSection\":[\"Opini\u00f3n\"],\"inLanguage\":\"es-AR\"},{\"@type\":\"WebPage\",\"@id\":\"https:\/\/apuntesdesanluis.com\/index.php\/2024\/04\/05\/severa-denuncia-penal-contra-el-diputado-beltran-por-vaciamiento-del-molino-fenix\/\",\"url\":\"https:\/\/apuntesdesanluis.com\/index.php\/2024\/04\/05\/severa-denuncia-penal-contra-el-diputado-beltran-por-vaciamiento-del-molino-fenix\/\",\"name\":\"SEVERA DENUNCIA PENAL CONTRA EL DIPUTADO BELTR\u00c1N, POR VACIAMIENTO DEL MOLINO F\u00c9NIX - Apuntes de San Luis\",\"isPartOf\":{\"@id\":\"https:\/\/apuntesdesanluis.com\/#website\"},\"primaryImageOfPage\":{\"@id\":\"https:\/\/apuntesdesanluis.com\/index.php\/2024\/04\/05\/severa-denuncia-penal-contra-el-diputado-beltran-por-vaciamiento-del-molino-fenix\/#primaryimage\"},\"image\":{\"@id\":\"https:\/\/apuntesdesanluis.com\/index.php\/2024\/04\/05\/severa-denuncia-penal-contra-el-diputado-beltran-por-vaciamiento-del-molino-fenix\/#primaryimage\"},\"thumbnailUrl\":\"https:\/\/apuntesdesanluis.com\/wp-content\/uploads\/2024\/04\/COMPLEJO.png\",\"datePublished\":\"2024-04-05T16:54:03+00:00\",\"dateModified\":\"2024-04-06T01:23:58+00:00\",\"breadcrumb\":{\"@id\":\"https:\/\/apuntesdesanluis.com\/index.php\/2024\/04\/05\/severa-denuncia-penal-contra-el-diputado-beltran-por-vaciamiento-del-molino-fenix\/#breadcrumb\"},\"inLanguage\":\"es-AR\",\"potentialAction\":[{\"@type\":\"ReadAction\",\"target\":[\"https:\/\/apuntesdesanluis.com\/index.php\/2024\/04\/05\/severa-denuncia-penal-contra-el-diputado-beltran-por-vaciamiento-del-molino-fenix\/\"]}]},{\"@type\":\"ImageObject\",\"inLanguage\":\"es-AR\",\"@id\":\"https:\/\/apuntesdesanluis.com\/index.php\/2024\/04\/05\/severa-denuncia-penal-contra-el-diputado-beltran-por-vaciamiento-del-molino-fenix\/#primaryimage\",\"url\":\"https:\/\/apuntesdesanluis.com\/wp-content\/uploads\/2024\/04\/COMPLEJO.png\",\"contentUrl\":\"https:\/\/apuntesdesanluis.com\/wp-content\/uploads\/2024\/04\/COMPLEJO.png\",\"width\":600,\"height\":377},{\"@type\":\"BreadcrumbList\",\"@id\":\"https:\/\/apuntesdesanluis.com\/index.php\/2024\/04\/05\/severa-denuncia-penal-contra-el-diputado-beltran-por-vaciamiento-del-molino-fenix\/#breadcrumb\",\"itemListElement\":[{\"@type\":\"ListItem\",\"position\":1,\"name\":\"Inicio\",\"item\":\"https:\/\/apuntesdesanluis.com\/\"},{\"@type\":\"ListItem\",\"position\":2,\"name\":\"SEVERA DENUNCIA PENAL CONTRA EL DIPUTADO BELTR\u00c1N, POR VACIAMIENTO DEL MOLINO F\u00c9NIX\"}]},{\"@type\":\"WebSite\",\"@id\":\"https:\/\/apuntesdesanluis.com\/#website\",\"url\":\"https:\/\/apuntesdesanluis.com\/\",\"name\":\"Apuntes de San Luis\",\"description\":\"\",\"publisher\":{\"@id\":\"https:\/\/apuntesdesanluis.com\/#\/schema\/person\/b55151d52296fcce64d1a72538a70b90\"},\"potentialAction\":[{\"@type\":\"SearchAction\",\"target\":{\"@type\":\"EntryPoint\",\"urlTemplate\":\"https:\/\/apuntesdesanluis.com\/?s={search_term_string}\"},\"query-input\":{\"@type\":\"PropertyValueSpecification\",\"valueRequired\":true,\"valueName\":\"search_term_string\"}}],\"inLanguage\":\"es-AR\"},{\"@type\":[\"Person\",\"Organization\"],\"@id\":\"https:\/\/apuntesdesanluis.com\/#\/schema\/person\/b55151d52296fcce64d1a72538a70b90\",\"name\":\"apuntesdesanluis.com\",\"image\":{\"@type\":\"ImageObject\",\"inLanguage\":\"es-AR\",\"@id\":\"https:\/\/apuntesdesanluis.com\/#\/schema\/person\/image\/\",\"url\":\"https:\/\/apuntesdesanluis.com\/wp-content\/uploads\/2023\/07\/cropped-apuntesdesanluis.png\",\"contentUrl\":\"https:\/\/apuntesdesanluis.com\/wp-content\/uploads\/2023\/07\/cropped-apuntesdesanluis.png\",\"width\":450,\"height\":112,\"caption\":\"apuntesdesanluis.com\"},\"logo\":{\"@id\":\"https:\/\/apuntesdesanluis.com\/#\/schema\/person\/image\/\"},\"sameAs\":[\"https:\/\/apuntesdesanluis.com\"],\"url\":\"https:\/\/apuntesdesanluis.com\/index.php\/author\/apuntesdesanluis-com\/\"}]}<\/script>\n<!-- \/ Yoast SEO plugin. -->","yoast_head_json":{"title":"SEVERA DENUNCIA PENAL CONTRA EL DIPUTADO BELTR\u00c1N, POR VACIAMIENTO DEL MOLINO F\u00c9NIX - Apuntes de San Luis","robots":{"index":"index","follow":"follow","max-snippet":"max-snippet:-1","max-image-preview":"max-image-preview:large","max-video-preview":"max-video-preview:-1"},"canonical":"https:\/\/apuntesdesanluis.com\/index.php\/2024\/04\/05\/severa-denuncia-penal-contra-el-diputado-beltran-por-vaciamiento-del-molino-fenix\/","og_locale":"es_ES","og_type":"article","og_title":"SEVERA DENUNCIA PENAL CONTRA EL DIPUTADO BELTR\u00c1N, POR VACIAMIENTO DEL MOLINO F\u00c9NIX - Apuntes de San Luis","og_description":"La present\u00f3 el actual responsable de Intendencia del Molino F\u00e9nix, Pablo Fernando Gonz\u00e1lez, por los...","og_url":"https:\/\/apuntesdesanluis.com\/index.php\/2024\/04\/05\/severa-denuncia-penal-contra-el-diputado-beltran-por-vaciamiento-del-molino-fenix\/","og_site_name":"Apuntes de San Luis","article_published_time":"2024-04-05T16:54:03+00:00","article_modified_time":"2024-04-06T01:23:58+00:00","og_image":[{"width":600,"height":377,"url":"https:\/\/apuntesdesanluis.com\/wp-content\/uploads\/2024\/04\/COMPLEJO.png","type":"image\/png"}],"author":"apuntesdesanluis.com","twitter_card":"summary_large_image","twitter_misc":{"Escrito por":"apuntesdesanluis.com","Tiempo de lectura":"4 minutos"},"schema":{"@context":"https:\/\/schema.org","@graph":[{"@type":"Article","@id":"https:\/\/apuntesdesanluis.com\/index.php\/2024\/04\/05\/severa-denuncia-penal-contra-el-diputado-beltran-por-vaciamiento-del-molino-fenix\/#article","isPartOf":{"@id":"https:\/\/apuntesdesanluis.com\/index.php\/2024\/04\/05\/severa-denuncia-penal-contra-el-diputado-beltran-por-vaciamiento-del-molino-fenix\/"},"author":{"name":"apuntesdesanluis.com","@id":"https:\/\/apuntesdesanluis.com\/#\/schema\/person\/b55151d52296fcce64d1a72538a70b90"},"headline":"SEVERA DENUNCIA PENAL CONTRA EL DIPUTADO BELTR\u00c1N, POR VACIAMIENTO DEL MOLINO F\u00c9NIX","datePublished":"2024-04-05T16:54:03+00:00","dateModified":"2024-04-06T01:23:58+00:00","mainEntityOfPage":{"@id":"https:\/\/apuntesdesanluis.com\/index.php\/2024\/04\/05\/severa-denuncia-penal-contra-el-diputado-beltran-por-vaciamiento-del-molino-fenix\/"},"wordCount":682,"publisher":{"@id":"https:\/\/apuntesdesanluis.com\/#\/schema\/person\/b55151d52296fcce64d1a72538a70b90"},"image":{"@id":"https:\/\/apuntesdesanluis.com\/index.php\/2024\/04\/05\/severa-denuncia-penal-contra-el-diputado-beltran-por-vaciamiento-del-molino-fenix\/#primaryimage"},"thumbnailUrl":"https:\/\/apuntesdesanluis.com\/wp-content\/uploads\/2024\/04\/COMPLEJO.png","articleSection":["Opini\u00f3n"],"inLanguage":"es-AR"},{"@type":"WebPage","@id":"https:\/\/apuntesdesanluis.com\/index.php\/2024\/04\/05\/severa-denuncia-penal-contra-el-diputado-beltran-por-vaciamiento-del-molino-fenix\/","url":"https:\/\/apuntesdesanluis.com\/index.php\/2024\/04\/05\/severa-denuncia-penal-contra-el-diputado-beltran-por-vaciamiento-del-molino-fenix\/","name":"SEVERA DENUNCIA PENAL CONTRA EL DIPUTADO BELTR\u00c1N, POR VACIAMIENTO DEL MOLINO F\u00c9NIX - Apuntes de San Luis","isPartOf":{"@id":"https:\/\/apuntesdesanluis.com\/#website"},"primaryImageOfPage":{"@id":"https:\/\/apuntesdesanluis.com\/index.php\/2024\/04\/05\/severa-denuncia-penal-contra-el-diputado-beltran-por-vaciamiento-del-molino-fenix\/#primaryimage"},"image":{"@id":"https:\/\/apuntesdesanluis.com\/index.php\/2024\/04\/05\/severa-denuncia-penal-contra-el-diputado-beltran-por-vaciamiento-del-molino-fenix\/#primaryimage"},"thumbnailUrl":"https:\/\/apuntesdesanluis.com\/wp-content\/uploads\/2024\/04\/COMPLEJO.png","datePublished":"2024-04-05T16:54:03+00:00","dateModified":"2024-04-06T01:23:58+00:00","breadcrumb":{"@id":"https:\/\/apuntesdesanluis.com\/index.php\/2024\/04\/05\/severa-denuncia-penal-contra-el-diputado-beltran-por-vaciamiento-del-molino-fenix\/#breadcrumb"},"inLanguage":"es-AR","potentialAction":[{"@type":"ReadAction","target":["https:\/\/apuntesdesanluis.com\/index.php\/2024\/04\/05\/severa-denuncia-penal-contra-el-diputado-beltran-por-vaciamiento-del-molino-fenix\/"]}]},{"@type":"ImageObject","inLanguage":"es-AR","@id":"https:\/\/apuntesdesanluis.com\/index.php\/2024\/04\/05\/severa-denuncia-penal-contra-el-diputado-beltran-por-vaciamiento-del-molino-fenix\/#primaryimage","url":"https:\/\/apuntesdesanluis.com\/wp-content\/uploads\/2024\/04\/COMPLEJO.png","contentUrl":"https:\/\/apuntesdesanluis.com\/wp-content\/uploads\/2024\/04\/COMPLEJO.png","width":600,"height":377},{"@type":"BreadcrumbList","@id":"https:\/\/apuntesdesanluis.com\/index.php\/2024\/04\/05\/severa-denuncia-penal-contra-el-diputado-beltran-por-vaciamiento-del-molino-fenix\/#breadcrumb","itemListElement":[{"@type":"ListItem","position":1,"name":"Inicio","item":"https:\/\/apuntesdesanluis.com\/"},{"@type":"ListItem","position":2,"name":"SEVERA DENUNCIA PENAL CONTRA EL DIPUTADO BELTR\u00c1N, POR VACIAMIENTO DEL MOLINO F\u00c9NIX"}]},{"@type":"WebSite","@id":"https:\/\/apuntesdesanluis.com\/#website","url":"https:\/\/apuntesdesanluis.com\/","name":"Apuntes de San Luis","description":"","publisher":{"@id":"https:\/\/apuntesdesanluis.com\/#\/schema\/person\/b55151d52296fcce64d1a72538a70b90"},"potentialAction":[{"@type":"SearchAction","target":{"@type":"EntryPoint","urlTemplate":"https:\/\/apuntesdesanluis.com\/?s={search_term_string}"},"query-input":{"@type":"PropertyValueSpecification","valueRequired":true,"valueName":"search_term_string"}}],"inLanguage":"es-AR"},{"@type":["Person","Organization"],"@id":"https:\/\/apuntesdesanluis.com\/#\/schema\/person\/b55151d52296fcce64d1a72538a70b90","name":"apuntesdesanluis.com","image":{"@type":"ImageObject","inLanguage":"es-AR","@id":"https:\/\/apuntesdesanluis.com\/#\/schema\/person\/image\/","url":"https:\/\/apuntesdesanluis.com\/wp-content\/uploads\/2023\/07\/cropped-apuntesdesanluis.png","contentUrl":"https:\/\/apuntesdesanluis.com\/wp-content\/uploads\/2023\/07\/cropped-apuntesdesanluis.png","width":450,"height":112,"caption":"apuntesdesanluis.com"},"logo":{"@id":"https:\/\/apuntesdesanluis.com\/#\/schema\/person\/image\/"},"sameAs":["https:\/\/apuntesdesanluis.com"],"url":"https:\/\/apuntesdesanluis.com\/index.php\/author\/apuntesdesanluis-com\/"}]}},"featured_image_urls":{"full":["https:\/\/apuntesdesanluis.com\/wp-content\/uploads\/2024\/04\/COMPLEJO.png",600,377,false],"thumbnail":["https:\/\/apuntesdesanluis.com\/wp-content\/uploads\/2024\/04\/COMPLEJO-150x150.png",150,150,true],"medium":["https:\/\/apuntesdesanluis.com\/wp-content\/uploads\/2024\/04\/COMPLEJO-300x189.png",300,189,true],"medium_large":["https:\/\/apuntesdesanluis.com\/wp-content\/uploads\/2024\/04\/COMPLEJO.png",600,377,false],"large":["https:\/\/apuntesdesanluis.com\/wp-content\/uploads\/2024\/04\/COMPLEJO.png",600,377,false],"1536x1536":["https:\/\/apuntesdesanluis.com\/wp-content\/uploads\/2024\/04\/COMPLEJO.png",600,377,false],"2048x2048":["https:\/\/apuntesdesanluis.com\/wp-content\/uploads\/2024\/04\/COMPLEJO.png",600,377,false],"newsever-slider-full":["https:\/\/apuntesdesanluis.com\/wp-content\/uploads\/2024\/04\/COMPLEJO.png",600,377,false],"newsever-featured":["https:\/\/apuntesdesanluis.com\/wp-content\/uploads\/2024\/04\/COMPLEJO.png",600,377,false],"newsever-medium":["https:\/\/apuntesdesanluis.com\/wp-content\/uploads\/2024\/04\/COMPLEJO.png",600,377,false]},"author_info":{"display_name":"apuntesdesanluis.com","author_link":"https:\/\/apuntesdesanluis.com\/index.php\/author\/apuntesdesanluis-com\/"},"category_info":"<a href=\"https:\/\/apuntesdesanluis.com\/index.php\/category\/opinion\/\" rel=\"category tag\">Opini\u00f3n<\/a>","tag_info":"Opini\u00f3n","comment_count":"0","_links":{"self":[{"href":"https:\/\/apuntesdesanluis.com\/index.php\/wp-json\/wp\/v2\/posts\/14208","targetHints":{"allow":["GET"]}}],"collection":[{"href":"https:\/\/apuntesdesanluis.com\/index.php\/wp-json\/wp\/v2\/posts"}],"about":[{"href":"https:\/\/apuntesdesanluis.com\/index.php\/wp-json\/wp\/v2\/types\/post"}],"author":[{"embeddable":true,"href":"https:\/\/apuntesdesanluis.com\/index.php\/wp-json\/wp\/v2\/users\/1"}],"replies":[{"embeddable":true,"href":"https:\/\/apuntesdesanluis.com\/index.php\/wp-json\/wp\/v2\/comments?post=14208"}],"version-history":[{"count":8,"href":"https:\/\/apuntesdesanluis.com\/index.php\/wp-json\/wp\/v2\/posts\/14208\/revisions"}],"predecessor-version":[{"id":14263,"href":"https:\/\/apuntesdesanluis.com\/index.php\/wp-json\/wp\/v2\/posts\/14208\/revisions\/14263"}],"wp:featuredmedia":[{"embeddable":true,"href":"https:\/\/apuntesdesanluis.com\/index.php\/wp-json\/wp\/v2\/media\/14211"}],"wp:attachment":[{"href":"https:\/\/apuntesdesanluis.com\/index.php\/wp-json\/wp\/v2\/media?parent=14208"}],"wp:term":[{"taxonomy":"category","embeddable":true,"href":"https:\/\/apuntesdesanluis.com\/index.php\/wp-json\/wp\/v2\/categories?post=14208"},{"taxonomy":"post_tag","embeddable":true,"href":"https:\/\/apuntesdesanluis.com\/index.php\/wp-json\/wp\/v2\/tags?post=14208"}],"curies":[{"name":"wp","href":"https:\/\/api.w.org\/{rel}","templated":true}]}}