{"id":1421,"date":"2023-08-10T21:57:36","date_gmt":"2023-08-11T00:57:36","guid":{"rendered":"https:\/\/apuntesdesanluis.com\/?p=1421"},"modified":"2023-08-10T21:57:36","modified_gmt":"2023-08-11T00:57:36","slug":"juicio-abreviado-condenaron-a-un-hombre-a-2-anos-y-6-meses-de-prision-efectiva","status":"publish","type":"post","link":"https:\/\/apuntesdesanluis.com\/index.php\/2023\/08\/10\/juicio-abreviado-condenaron-a-un-hombre-a-2-anos-y-6-meses-de-prision-efectiva\/","title":{"rendered":"JUICIO ABREVIADO: CONDENARON A UN HOMBRE A 2 A\u00d1OS Y 6 MESES DE PRISI\u00d3N EFECTIVA"},"content":{"rendered":"<h3>As\u00ed lo resolvi\u00f3 el <strong>Dr. Santiago Ortiz<\/strong>, Juez de Garant\u00eda N\u00ba 4,\u00a0 en una audiencia en la que las partes acordaron concluir causas acumuladas mediante el procedimiento de juicio abreviado.<\/h3>\n<h3><strong>Luis Emanuel Sosa<\/strong> acept\u00f3 su participaci\u00f3n en varios hechos delictivos registrados en la ciudad de Villa Mercedes, la calificaci\u00f3n legal formulada por los mismos y la imposici\u00f3n de una pena de dos a\u00f1os y seis meses que deber\u00e1 cumplir en el Servicio Penitenciario Provincial, en marco de un juicio abreviado que se celebr\u00f3 en el Juzgado de Garant\u00eda N\u00ba 4 de la Segunda Circunscripci\u00f3n Judicial, a cargo del Dr. Santiago Ortiz.<\/h3>\n<h3>Al comenzar la audiencia el Dr. <strong>Leandro Estrada<\/strong> explic\u00f3 que se acumularon varias causas que ten\u00edan como autor al mismo imputado: Luis Emanuel Sosa. Adem\u00e1s, detall\u00f3 que acordaron con la defensa \u2013 Dr. <strong>Hern\u00e1n Herrera<\/strong> \u2013 concluir las mismas mediante el procedimiento de juicio abreviado.<\/h3>\n<h3>A continuaci\u00f3n,\u00a0 solicit\u00f3 cambio en la calificaci\u00f3n inicial conforme la evidencia recabada, a la de robo simple (previsto y penado en el art. 164 del C. Penal), en car\u00e1cter de autor (art. 45 del C. Penal), en perjuicio de J.A.E., y respecto del hecho que habr\u00eda ocurrido el d\u00eda 02-11-22\u00a0 y por los delitos de: robo simple (previsto y penado en el art. 164 del C. Penal), en perjuicio de A.J.R.C., en car\u00e1cter de autor (art\u00edculo 45 del C. Penal), y por el delito de Lesiones leves calificadas por la calidad funcional de la v\u00edctima (agente de polic\u00eda) (previsto y penado en los arts. 89, 92 con remisi\u00f3n al art. 80 inciso 8vo del C. Penal), en car\u00e1cter de autor (art\u00edculo 45 del C. Penal), en perjuicio de M.A., y respecto de los hechos que habr\u00edan ocurrido el d\u00eda 30-05-23, todo en Concurso real (55 del C. Penal).\u00a0 Solicit\u00f3 una pena de dos a\u00f1os y seis meses de prisi\u00f3n efectiva con expresa declaraci\u00f3n de reincidencia, accesorias legales y costas procesales.<\/h3>\n<h3>El Dr. Hern\u00e1n Herrera, defensor Oficial N\u00ba 1, adhiri\u00f3 a lo peticionado por el Ministerio P\u00fablico Fiscal, y cedida la palabra a <strong>Luis Emanuel Sosa<\/strong> acept\u00f3 su culpabilidad en los hechos, como tambi\u00e9n la pena requerida por la Fiscal\u00eda.<\/h3>\n<h3><strong>RESOLUCI\u00d3N<\/strong><\/h3>\n<h3>Luego de escuchar a las partes, el Dr. Ortiz resolvi\u00f3:\u00a0 homologar el acuerdo de procedimiento abreviado celebrado por el Fiscal de Instrucci\u00f3n N\u00ba 4 y el\u00a0 Defensor Oficial Penal con acuerdo del imputado Sr. Luis Emmanuel Sosa, declar\u00e1ndolo autor penalmente responsable por los delito de: Robo simple (previsto y penado en el art. 164 del C. Penal), en car\u00e1cter de autor (art. 45 del C. Penal), en perjuicio de J.A.E. y respecto del hecho que habr\u00eda ocurrido el d\u00eda 02-11-22 y por los delitos de: Robo simple (previsto y penado en el art. 164 del C. Penal), en perjuicio de A.J.R.C., en car\u00e1cter de autor (art\u00edculo 45 del C. Penal), y por el delito de Lesiones leves calificadas por la calidad funcional de la v\u00edctima (agente de polic\u00eda) (previsto y penado en los arts. 89, 92 con remisi\u00f3n al art. 80 inciso 8vo del C. Penal), en car\u00e1cter de autor (art\u00edculo 45 del C. Penal), en perjuicio de M.E.A, y respecto de los hechos que habr\u00edan ocurrido el d\u00eda 30- 05-23 (PEX N\u00b0 362075\/23), todo en Concurso real (art. 55 del C. Penal), y condenarlo a sufrir la pena de DOS (2) A\u00d1OS y SEIS (6) MESES DE PRISION EFECTIVA, con expresa declaraci\u00f3n de reincidencia, accesorias legales y costas procesales.<\/h3>\n<h3>Asimismo, el Dr. Ortiz dispuso el inmediato traslado de Sosa\u00a0 al Servicio Penitenciario Provincial a los efectos de cumplir la pena impuesta.<\/h3>\n<h3>Cabe mencionar que esta audiencia se desarroll\u00f3 en la sala de juicios N\u00ba 2 y fue presenciada por\u00a0 un grupo de alumnos de quinto a\u00f1o de la carrera de abogac\u00eda de la Facultad\u00a0 de Ciencias Econ\u00f3micas, Jur\u00eddicas y Sociales de la Universidad Nacional de San Luis.<\/h3>\n<p>&nbsp;<\/p>\n<p>&nbsp;<\/p>\n<p>&nbsp;<\/p>\n<p>&nbsp;<\/p>\n","protected":false},"excerpt":{"rendered":"<p>As\u00ed lo resolvi\u00f3 el Dr. Santiago Ortiz, Juez de Garant\u00eda N\u00ba 4,\u00a0 en una audiencia&#8230;<\/p>\n","protected":false},"author":1,"featured_media":1422,"comment_status":"closed","ping_status":"closed","sticky":false,"template":"","format":"standard","meta":{"footnotes":""},"categories":[6],"tags":[],"class_list":["post-1421","post","type-post","status-publish","format-standard","has-post-thumbnail","hentry","category-ciudad-provincia"],"yoast_head":"<!-- This site is optimized with the Yoast SEO plugin v26.1.1 - https:\/\/yoast.com\/wordpress\/plugins\/seo\/ -->\n<title>JUICIO ABREVIADO: CONDENARON A UN HOMBRE A 2 A\u00d1OS Y 6 MESES DE PRISI\u00d3N EFECTIVA - Apuntes de San Luis<\/title>\n<meta name=\"robots\" content=\"index, follow, max-snippet:-1, max-image-preview:large, max-video-preview:-1\" \/>\n<link rel=\"canonical\" href=\"https:\/\/apuntesdesanluis.com\/index.php\/2023\/08\/10\/juicio-abreviado-condenaron-a-un-hombre-a-2-anos-y-6-meses-de-prision-efectiva\/\" \/>\n<meta property=\"og:locale\" content=\"es_ES\" \/>\n<meta property=\"og:type\" content=\"article\" \/>\n<meta property=\"og:title\" content=\"JUICIO ABREVIADO: CONDENARON A UN HOMBRE A 2 A\u00d1OS Y 6 MESES DE PRISI\u00d3N EFECTIVA - Apuntes de San Luis\" \/>\n<meta property=\"og:description\" content=\"As\u00ed lo resolvi\u00f3 el Dr. Santiago Ortiz, Juez de Garant\u00eda N\u00ba 4,\u00a0 en una audiencia...\" \/>\n<meta property=\"og:url\" content=\"https:\/\/apuntesdesanluis.com\/index.php\/2023\/08\/10\/juicio-abreviado-condenaron-a-un-hombre-a-2-anos-y-6-meses-de-prision-efectiva\/\" \/>\n<meta property=\"og:site_name\" content=\"Apuntes de San Luis\" \/>\n<meta property=\"article:published_time\" content=\"2023-08-11T00:57:36+00:00\" \/>\n<meta property=\"og:image\" content=\"https:\/\/apuntesdesanluis.com\/wp-content\/uploads\/2023\/08\/estrada.png\" \/>\n\t<meta property=\"og:image:width\" content=\"597\" \/>\n\t<meta property=\"og:image:height\" content=\"358\" \/>\n\t<meta property=\"og:image:type\" content=\"image\/png\" \/>\n<meta name=\"author\" content=\"apuntesdesanluis.com\" \/>\n<meta name=\"twitter:card\" content=\"summary_large_image\" \/>\n<meta name=\"twitter:label1\" content=\"Escrito por\" \/>\n\t<meta name=\"twitter:data1\" content=\"apuntesdesanluis.com\" \/>\n\t<meta name=\"twitter:label2\" content=\"Tiempo de lectura\" \/>\n\t<meta name=\"twitter:data2\" content=\"3 minutos\" \/>\n<script type=\"application\/ld+json\" class=\"yoast-schema-graph\">{\"@context\":\"https:\/\/schema.org\",\"@graph\":[{\"@type\":\"Article\",\"@id\":\"https:\/\/apuntesdesanluis.com\/index.php\/2023\/08\/10\/juicio-abreviado-condenaron-a-un-hombre-a-2-anos-y-6-meses-de-prision-efectiva\/#article\",\"isPartOf\":{\"@id\":\"https:\/\/apuntesdesanluis.com\/index.php\/2023\/08\/10\/juicio-abreviado-condenaron-a-un-hombre-a-2-anos-y-6-meses-de-prision-efectiva\/\"},\"author\":{\"name\":\"apuntesdesanluis.com\",\"@id\":\"https:\/\/apuntesdesanluis.com\/#\/schema\/person\/b55151d52296fcce64d1a72538a70b90\"},\"headline\":\"JUICIO ABREVIADO: CONDENARON A UN HOMBRE A 2 A\u00d1OS Y 6 MESES DE PRISI\u00d3N EFECTIVA\",\"datePublished\":\"2023-08-11T00:57:36+00:00\",\"mainEntityOfPage\":{\"@id\":\"https:\/\/apuntesdesanluis.com\/index.php\/2023\/08\/10\/juicio-abreviado-condenaron-a-un-hombre-a-2-anos-y-6-meses-de-prision-efectiva\/\"},\"wordCount\":693,\"publisher\":{\"@id\":\"https:\/\/apuntesdesanluis.com\/#\/schema\/person\/b55151d52296fcce64d1a72538a70b90\"},\"image\":{\"@id\":\"https:\/\/apuntesdesanluis.com\/index.php\/2023\/08\/10\/juicio-abreviado-condenaron-a-un-hombre-a-2-anos-y-6-meses-de-prision-efectiva\/#primaryimage\"},\"thumbnailUrl\":\"https:\/\/apuntesdesanluis.com\/wp-content\/uploads\/2023\/08\/estrada.png\",\"articleSection\":[\"Ciudad\/Provincia\"],\"inLanguage\":\"es-AR\"},{\"@type\":\"WebPage\",\"@id\":\"https:\/\/apuntesdesanluis.com\/index.php\/2023\/08\/10\/juicio-abreviado-condenaron-a-un-hombre-a-2-anos-y-6-meses-de-prision-efectiva\/\",\"url\":\"https:\/\/apuntesdesanluis.com\/index.php\/2023\/08\/10\/juicio-abreviado-condenaron-a-un-hombre-a-2-anos-y-6-meses-de-prision-efectiva\/\",\"name\":\"JUICIO ABREVIADO: CONDENARON A UN HOMBRE A 2 A\u00d1OS Y 6 MESES DE PRISI\u00d3N EFECTIVA - Apuntes de San Luis\",\"isPartOf\":{\"@id\":\"https:\/\/apuntesdesanluis.com\/#website\"},\"primaryImageOfPage\":{\"@id\":\"https:\/\/apuntesdesanluis.com\/index.php\/2023\/08\/10\/juicio-abreviado-condenaron-a-un-hombre-a-2-anos-y-6-meses-de-prision-efectiva\/#primaryimage\"},\"image\":{\"@id\":\"https:\/\/apuntesdesanluis.com\/index.php\/2023\/08\/10\/juicio-abreviado-condenaron-a-un-hombre-a-2-anos-y-6-meses-de-prision-efectiva\/#primaryimage\"},\"thumbnailUrl\":\"https:\/\/apuntesdesanluis.com\/wp-content\/uploads\/2023\/08\/estrada.png\",\"datePublished\":\"2023-08-11T00:57:36+00:00\",\"breadcrumb\":{\"@id\":\"https:\/\/apuntesdesanluis.com\/index.php\/2023\/08\/10\/juicio-abreviado-condenaron-a-un-hombre-a-2-anos-y-6-meses-de-prision-efectiva\/#breadcrumb\"},\"inLanguage\":\"es-AR\",\"potentialAction\":[{\"@type\":\"ReadAction\",\"target\":[\"https:\/\/apuntesdesanluis.com\/index.php\/2023\/08\/10\/juicio-abreviado-condenaron-a-un-hombre-a-2-anos-y-6-meses-de-prision-efectiva\/\"]}]},{\"@type\":\"ImageObject\",\"inLanguage\":\"es-AR\",\"@id\":\"https:\/\/apuntesdesanluis.com\/index.php\/2023\/08\/10\/juicio-abreviado-condenaron-a-un-hombre-a-2-anos-y-6-meses-de-prision-efectiva\/#primaryimage\",\"url\":\"https:\/\/apuntesdesanluis.com\/wp-content\/uploads\/2023\/08\/estrada.png\",\"contentUrl\":\"https:\/\/apuntesdesanluis.com\/wp-content\/uploads\/2023\/08\/estrada.png\",\"width\":597,\"height\":358},{\"@type\":\"BreadcrumbList\",\"@id\":\"https:\/\/apuntesdesanluis.com\/index.php\/2023\/08\/10\/juicio-abreviado-condenaron-a-un-hombre-a-2-anos-y-6-meses-de-prision-efectiva\/#breadcrumb\",\"itemListElement\":[{\"@type\":\"ListItem\",\"position\":1,\"name\":\"Inicio\",\"item\":\"https:\/\/apuntesdesanluis.com\/\"},{\"@type\":\"ListItem\",\"position\":2,\"name\":\"JUICIO ABREVIADO: CONDENARON A UN HOMBRE A 2 A\u00d1OS Y 6 MESES DE PRISI\u00d3N EFECTIVA\"}]},{\"@type\":\"WebSite\",\"@id\":\"https:\/\/apuntesdesanluis.com\/#website\",\"url\":\"https:\/\/apuntesdesanluis.com\/\",\"name\":\"Apuntes de San Luis\",\"description\":\"\",\"publisher\":{\"@id\":\"https:\/\/apuntesdesanluis.com\/#\/schema\/person\/b55151d52296fcce64d1a72538a70b90\"},\"potentialAction\":[{\"@type\":\"SearchAction\",\"target\":{\"@type\":\"EntryPoint\",\"urlTemplate\":\"https:\/\/apuntesdesanluis.com\/?s={search_term_string}\"},\"query-input\":{\"@type\":\"PropertyValueSpecification\",\"valueRequired\":true,\"valueName\":\"search_term_string\"}}],\"inLanguage\":\"es-AR\"},{\"@type\":[\"Person\",\"Organization\"],\"@id\":\"https:\/\/apuntesdesanluis.com\/#\/schema\/person\/b55151d52296fcce64d1a72538a70b90\",\"name\":\"apuntesdesanluis.com\",\"image\":{\"@type\":\"ImageObject\",\"inLanguage\":\"es-AR\",\"@id\":\"https:\/\/apuntesdesanluis.com\/#\/schema\/person\/image\/\",\"url\":\"https:\/\/apuntesdesanluis.com\/wp-content\/uploads\/2023\/07\/cropped-apuntesdesanluis.png\",\"contentUrl\":\"https:\/\/apuntesdesanluis.com\/wp-content\/uploads\/2023\/07\/cropped-apuntesdesanluis.png\",\"width\":450,\"height\":112,\"caption\":\"apuntesdesanluis.com\"},\"logo\":{\"@id\":\"https:\/\/apuntesdesanluis.com\/#\/schema\/person\/image\/\"},\"sameAs\":[\"https:\/\/apuntesdesanluis.com\"],\"url\":\"https:\/\/apuntesdesanluis.com\/index.php\/author\/apuntesdesanluis-com\/\"}]}<\/script>\n<!-- \/ Yoast SEO plugin. -->","yoast_head_json":{"title":"JUICIO ABREVIADO: CONDENARON A UN HOMBRE A 2 A\u00d1OS Y 6 MESES DE PRISI\u00d3N EFECTIVA - Apuntes de San Luis","robots":{"index":"index","follow":"follow","max-snippet":"max-snippet:-1","max-image-preview":"max-image-preview:large","max-video-preview":"max-video-preview:-1"},"canonical":"https:\/\/apuntesdesanluis.com\/index.php\/2023\/08\/10\/juicio-abreviado-condenaron-a-un-hombre-a-2-anos-y-6-meses-de-prision-efectiva\/","og_locale":"es_ES","og_type":"article","og_title":"JUICIO ABREVIADO: CONDENARON A UN HOMBRE A 2 A\u00d1OS Y 6 MESES DE PRISI\u00d3N EFECTIVA - Apuntes de San Luis","og_description":"As\u00ed lo resolvi\u00f3 el Dr. Santiago Ortiz, Juez de Garant\u00eda N\u00ba 4,\u00a0 en una audiencia...","og_url":"https:\/\/apuntesdesanluis.com\/index.php\/2023\/08\/10\/juicio-abreviado-condenaron-a-un-hombre-a-2-anos-y-6-meses-de-prision-efectiva\/","og_site_name":"Apuntes de San Luis","article_published_time":"2023-08-11T00:57:36+00:00","og_image":[{"width":597,"height":358,"url":"https:\/\/apuntesdesanluis.com\/wp-content\/uploads\/2023\/08\/estrada.png","type":"image\/png"}],"author":"apuntesdesanluis.com","twitter_card":"summary_large_image","twitter_misc":{"Escrito por":"apuntesdesanluis.com","Tiempo de lectura":"3 minutos"},"schema":{"@context":"https:\/\/schema.org","@graph":[{"@type":"Article","@id":"https:\/\/apuntesdesanluis.com\/index.php\/2023\/08\/10\/juicio-abreviado-condenaron-a-un-hombre-a-2-anos-y-6-meses-de-prision-efectiva\/#article","isPartOf":{"@id":"https:\/\/apuntesdesanluis.com\/index.php\/2023\/08\/10\/juicio-abreviado-condenaron-a-un-hombre-a-2-anos-y-6-meses-de-prision-efectiva\/"},"author":{"name":"apuntesdesanluis.com","@id":"https:\/\/apuntesdesanluis.com\/#\/schema\/person\/b55151d52296fcce64d1a72538a70b90"},"headline":"JUICIO ABREVIADO: CONDENARON A UN HOMBRE A 2 A\u00d1OS Y 6 MESES DE PRISI\u00d3N EFECTIVA","datePublished":"2023-08-11T00:57:36+00:00","mainEntityOfPage":{"@id":"https:\/\/apuntesdesanluis.com\/index.php\/2023\/08\/10\/juicio-abreviado-condenaron-a-un-hombre-a-2-anos-y-6-meses-de-prision-efectiva\/"},"wordCount":693,"publisher":{"@id":"https:\/\/apuntesdesanluis.com\/#\/schema\/person\/b55151d52296fcce64d1a72538a70b90"},"image":{"@id":"https:\/\/apuntesdesanluis.com\/index.php\/2023\/08\/10\/juicio-abreviado-condenaron-a-un-hombre-a-2-anos-y-6-meses-de-prision-efectiva\/#primaryimage"},"thumbnailUrl":"https:\/\/apuntesdesanluis.com\/wp-content\/uploads\/2023\/08\/estrada.png","articleSection":["Ciudad\/Provincia"],"inLanguage":"es-AR"},{"@type":"WebPage","@id":"https:\/\/apuntesdesanluis.com\/index.php\/2023\/08\/10\/juicio-abreviado-condenaron-a-un-hombre-a-2-anos-y-6-meses-de-prision-efectiva\/","url":"https:\/\/apuntesdesanluis.com\/index.php\/2023\/08\/10\/juicio-abreviado-condenaron-a-un-hombre-a-2-anos-y-6-meses-de-prision-efectiva\/","name":"JUICIO ABREVIADO: CONDENARON A UN HOMBRE A 2 A\u00d1OS Y 6 MESES DE PRISI\u00d3N EFECTIVA - Apuntes de San Luis","isPartOf":{"@id":"https:\/\/apuntesdesanluis.com\/#website"},"primaryImageOfPage":{"@id":"https:\/\/apuntesdesanluis.com\/index.php\/2023\/08\/10\/juicio-abreviado-condenaron-a-un-hombre-a-2-anos-y-6-meses-de-prision-efectiva\/#primaryimage"},"image":{"@id":"https:\/\/apuntesdesanluis.com\/index.php\/2023\/08\/10\/juicio-abreviado-condenaron-a-un-hombre-a-2-anos-y-6-meses-de-prision-efectiva\/#primaryimage"},"thumbnailUrl":"https:\/\/apuntesdesanluis.com\/wp-content\/uploads\/2023\/08\/estrada.png","datePublished":"2023-08-11T00:57:36+00:00","breadcrumb":{"@id":"https:\/\/apuntesdesanluis.com\/index.php\/2023\/08\/10\/juicio-abreviado-condenaron-a-un-hombre-a-2-anos-y-6-meses-de-prision-efectiva\/#breadcrumb"},"inLanguage":"es-AR","potentialAction":[{"@type":"ReadAction","target":["https:\/\/apuntesdesanluis.com\/index.php\/2023\/08\/10\/juicio-abreviado-condenaron-a-un-hombre-a-2-anos-y-6-meses-de-prision-efectiva\/"]}]},{"@type":"ImageObject","inLanguage":"es-AR","@id":"https:\/\/apuntesdesanluis.com\/index.php\/2023\/08\/10\/juicio-abreviado-condenaron-a-un-hombre-a-2-anos-y-6-meses-de-prision-efectiva\/#primaryimage","url":"https:\/\/apuntesdesanluis.com\/wp-content\/uploads\/2023\/08\/estrada.png","contentUrl":"https:\/\/apuntesdesanluis.com\/wp-content\/uploads\/2023\/08\/estrada.png","width":597,"height":358},{"@type":"BreadcrumbList","@id":"https:\/\/apuntesdesanluis.com\/index.php\/2023\/08\/10\/juicio-abreviado-condenaron-a-un-hombre-a-2-anos-y-6-meses-de-prision-efectiva\/#breadcrumb","itemListElement":[{"@type":"ListItem","position":1,"name":"Inicio","item":"https:\/\/apuntesdesanluis.com\/"},{"@type":"ListItem","position":2,"name":"JUICIO ABREVIADO: CONDENARON A UN HOMBRE A 2 A\u00d1OS Y 6 MESES DE PRISI\u00d3N EFECTIVA"}]},{"@type":"WebSite","@id":"https:\/\/apuntesdesanluis.com\/#website","url":"https:\/\/apuntesdesanluis.com\/","name":"Apuntes de San Luis","description":"","publisher":{"@id":"https:\/\/apuntesdesanluis.com\/#\/schema\/person\/b55151d52296fcce64d1a72538a70b90"},"potentialAction":[{"@type":"SearchAction","target":{"@type":"EntryPoint","urlTemplate":"https:\/\/apuntesdesanluis.com\/?s={search_term_string}"},"query-input":{"@type":"PropertyValueSpecification","valueRequired":true,"valueName":"search_term_string"}}],"inLanguage":"es-AR"},{"@type":["Person","Organization"],"@id":"https:\/\/apuntesdesanluis.com\/#\/schema\/person\/b55151d52296fcce64d1a72538a70b90","name":"apuntesdesanluis.com","image":{"@type":"ImageObject","inLanguage":"es-AR","@id":"https:\/\/apuntesdesanluis.com\/#\/schema\/person\/image\/","url":"https:\/\/apuntesdesanluis.com\/wp-content\/uploads\/2023\/07\/cropped-apuntesdesanluis.png","contentUrl":"https:\/\/apuntesdesanluis.com\/wp-content\/uploads\/2023\/07\/cropped-apuntesdesanluis.png","width":450,"height":112,"caption":"apuntesdesanluis.com"},"logo":{"@id":"https:\/\/apuntesdesanluis.com\/#\/schema\/person\/image\/"},"sameAs":["https:\/\/apuntesdesanluis.com"],"url":"https:\/\/apuntesdesanluis.com\/index.php\/author\/apuntesdesanluis-com\/"}]}},"featured_image_urls":{"full":["https:\/\/apuntesdesanluis.com\/wp-content\/uploads\/2023\/08\/estrada.png",597,358,false],"thumbnail":["https:\/\/apuntesdesanluis.com\/wp-content\/uploads\/2023\/08\/estrada-150x150.png",150,150,true],"medium":["https:\/\/apuntesdesanluis.com\/wp-content\/uploads\/2023\/08\/estrada-300x180.png",300,180,true],"medium_large":["https:\/\/apuntesdesanluis.com\/wp-content\/uploads\/2023\/08\/estrada.png",597,358,false],"large":["https:\/\/apuntesdesanluis.com\/wp-content\/uploads\/2023\/08\/estrada.png",597,358,false],"1536x1536":["https:\/\/apuntesdesanluis.com\/wp-content\/uploads\/2023\/08\/estrada.png",597,358,false],"2048x2048":["https:\/\/apuntesdesanluis.com\/wp-content\/uploads\/2023\/08\/estrada.png",597,358,false],"newsever-slider-full":["https:\/\/apuntesdesanluis.com\/wp-content\/uploads\/2023\/08\/estrada.png",597,358,false],"newsever-featured":["https:\/\/apuntesdesanluis.com\/wp-content\/uploads\/2023\/08\/estrada.png",597,358,false],"newsever-medium":["https:\/\/apuntesdesanluis.com\/wp-content\/uploads\/2023\/08\/estrada.png",597,358,false]},"author_info":{"display_name":"apuntesdesanluis.com","author_link":"https:\/\/apuntesdesanluis.com\/index.php\/author\/apuntesdesanluis-com\/"},"category_info":"<a href=\"https:\/\/apuntesdesanluis.com\/index.php\/category\/ciudad-provincia\/\" rel=\"category tag\">Ciudad\/Provincia<\/a>","tag_info":"Ciudad\/Provincia","comment_count":"0","_links":{"self":[{"href":"https:\/\/apuntesdesanluis.com\/index.php\/wp-json\/wp\/v2\/posts\/1421","targetHints":{"allow":["GET"]}}],"collection":[{"href":"https:\/\/apuntesdesanluis.com\/index.php\/wp-json\/wp\/v2\/posts"}],"about":[{"href":"https:\/\/apuntesdesanluis.com\/index.php\/wp-json\/wp\/v2\/types\/post"}],"author":[{"embeddable":true,"href":"https:\/\/apuntesdesanluis.com\/index.php\/wp-json\/wp\/v2\/users\/1"}],"replies":[{"embeddable":true,"href":"https:\/\/apuntesdesanluis.com\/index.php\/wp-json\/wp\/v2\/comments?post=1421"}],"version-history":[{"count":1,"href":"https:\/\/apuntesdesanluis.com\/index.php\/wp-json\/wp\/v2\/posts\/1421\/revisions"}],"predecessor-version":[{"id":1423,"href":"https:\/\/apuntesdesanluis.com\/index.php\/wp-json\/wp\/v2\/posts\/1421\/revisions\/1423"}],"wp:featuredmedia":[{"embeddable":true,"href":"https:\/\/apuntesdesanluis.com\/index.php\/wp-json\/wp\/v2\/media\/1422"}],"wp:attachment":[{"href":"https:\/\/apuntesdesanluis.com\/index.php\/wp-json\/wp\/v2\/media?parent=1421"}],"wp:term":[{"taxonomy":"category","embeddable":true,"href":"https:\/\/apuntesdesanluis.com\/index.php\/wp-json\/wp\/v2\/categories?post=1421"},{"taxonomy":"post_tag","embeddable":true,"href":"https:\/\/apuntesdesanluis.com\/index.php\/wp-json\/wp\/v2\/tags?post=1421"}],"curies":[{"name":"wp","href":"https:\/\/api.w.org\/{rel}","templated":true}]}}