{"id":14234,"date":"2024-04-05T19:56:03","date_gmt":"2024-04-05T22:56:03","guid":{"rendered":"https:\/\/apuntesdesanluis.com\/?p=14234"},"modified":"2024-04-05T19:56:03","modified_gmt":"2024-04-05T22:56:03","slug":"rechazan-pedido-para-que-un-acusado-de-robo-y-abuso-recupere-la-libertad","status":"publish","type":"post","link":"https:\/\/apuntesdesanluis.com\/index.php\/2024\/04\/05\/rechazan-pedido-para-que-un-acusado-de-robo-y-abuso-recupere-la-libertad\/","title":{"rendered":"RECHAZAN PEDIDO PARA QUE UN ACUSADO DE ROBO Y ABUSO RECUPERE LA LIBERTAD"},"content":{"rendered":"<h3><strong>E.G.<\/strong>, un hombre de 32 a\u00f1os acusado de abusar sexualmente a una adolescente de 16 a\u00f1os y de robarle sus pertenencias, continuar\u00e1 alojado en el Servicio Penitenciario Provincial bajo prisi\u00f3n preventiva por un plazo de 120 d\u00edas. As\u00ed lo resolvi\u00f3 esta semana el Tribunal de Impugnaciones de la ciudad de San Luis, que rechaz\u00f3 el recurso de revisi\u00f3n presentado por la defensa del imputado y confirm\u00f3 la medida de coerci\u00f3n dictada el 12 de marzo pasado por el juez subrogante del Juzgado de Garant\u00edas N\u00b0 4, Marcos Flores Leyes.<\/h3>\n<h3>El tribunal, integrado por Yanina Del Viso en la presidencia, Laura Molino, primera vocal, y Dar\u00edo Herrera, segundo vocal, entendi\u00f3 que el plazo por el cual se estableci\u00f3 la medida resulta necesario y proporcional a los hechos que se investigan y la gravedad de los delitos atribuidos.<\/h3>\n<h3>\u201cEs posible afirmar que el juez de Garant\u00edas ha merituado debidamente las exigencias legales y f\u00e1cticas del caso relativas a la medida de encierro dispuesta, y que es posible coincidir a que si el encartado recuperase su libertad podr\u00eda entorpecer la investigaci\u00f3n y\/o eludir el accionar de la Justicia\u201d, dice uno de los fragmentos de la resoluci\u00f3n de los jueces de Impugnaci\u00f3n.<\/h3>\n<h3>Rodolfo Mercau, abogado defensor, hab\u00eda interpuesto un recurso revisi\u00f3n de prisi\u00f3n preventiva porque entend\u00eda que la medida era excesiva y que su defendido no estuvo en el lugar del hecho. \u201cLa identificaci\u00f3n que hace la v\u00edctima no coincide con la realizada por la v\u00edctima y en la C\u00e1mara Gesell tampoco est\u00e1 justificada su participaci\u00f3n. Si no se puede identificar al supuesto agresor no podemos considerar que haya sido \u00e9l el que cometi\u00f3 el hecho\u201d, dijo el abogado en la audiencia ante el tribunal.<\/h3>\n<h3>Mercau tambi\u00e9n atac\u00f3 los riesgos procesales que mencion\u00f3 la Fiscal\u00eda N\u00b0 4 en la audiencia de formulaci\u00f3n de cargos del 12 de marzo y pidi\u00f3 medidas de coerci\u00f3n m\u00e1s morigeradas: \u201cNo hubo entorpecimiento de la investigaci\u00f3n ni existe riesgo de fuga. Mi defendido siempre se puso a derecho por lo que entendemos, adem\u00e1s, que el plazo de los 120 d\u00edas es excesivo. Por esto solicitamos que se le dicte prisi\u00f3n domiciliaria en la casa de su pareja y que se dicte una restricci\u00f3n de acercamiento\u201d.<\/h3>\n<h3>Sin embargo, la fiscal adjunta Antonella Romagnoli dijo ante los integrantes del tribunal de Impugnaciones que existe solidez en la imputaci\u00f3n y evidencias recogidas y que hay riesgos procesales que se deben tutelar.<\/h3>\n<h3>\u201cEl imputado ya fue condenado en otras causas y tiene una extensa lista de antecedentes, no respeta normas. Entendemos que el plazo es necesario, razonable y proporcional para concluir con los tiempos de la investigaci\u00f3n\u201d, sostuvo la fiscal e inform\u00f3 que un d\u00eda despu\u00e9s de que el juez de Garant\u00edas ordenara la prisi\u00f3n preventiva, la madre de la v\u00edctima recibi\u00f3 amenazas de la madre del imputado.<\/h3>\n<h3>\u201cLa mujer le dijo que su hijo es inocente y que se fije bien lo que va a decir y que su hija minti\u00f3 en C\u00e1mara Gesell. Por esto, el riesgo es latente especialmente para la v\u00edctima\u201d, dijo la funcionaria del Ministerio P\u00fablico Fiscal.<\/h3>\n<h3>En el mismo sentido, la Defensora Oficial de Ni\u00f1ez, Adolescencia e Incapaces N\u00b0 2, Marcela Torres Cappiello, expres\u00f3 que no se debe perder de vista que se trata de una v\u00edctima vulnerable por su condici\u00f3n de ni\u00f1a, mujer y damnificada directa de los hechos que se investigan, y qui\u00e9n sufri\u00f3 agresiones f\u00edsicas y sexuales, m\u00e1s all\u00e1 de los delitos contra la propiedad que tambi\u00e9n se investigan.<\/h3>\n<h3>\u201cLa v\u00edctima estaba sola en su domicilio, fue atada, abusada, la ataron de manos y pies y luego le robaron sus pertenec\u00edas. Adem\u00e1s, estamos hablando de un imputado que en anteriores audiencias amenaz\u00f3 con matarse y que golpe\u00f3 con su cabeza una pared. El riesgo para la v\u00edctima y su familia es claro\u201d, dijo la defensora y pidi\u00f3 que los jueces aborden el caso con perspectiva de ni\u00f1ez y de g\u00e9nero.<\/h3>\n<h3><strong>LA RESOLUCI\u00d3N<\/strong><\/h3>\n<h3>En la resoluci\u00f3n emitida este mi\u00e9rcoles, el tribunal entendi\u00f3 que \u201ctanto Fiscal\u00eda como la Defensor\u00eda de Ni\u00f1ez han dado fundados elementos para sostener la imputaci\u00f3n objetiva en cabeza E.G., no pudiendo en esta etapa procesal requerir mayor certeza respecto de la culpabilidad del mismo\u201d.<\/h3>\n<h3>Y agreg\u00f3: \u201cconsideramos que la medida de coerci\u00f3n dispuesta por el Sr. Juez de Garant\u00edas debe ser confirmada a efectos de sustentar la protecci\u00f3n de los fines del proceso, esto es asegurar la investigaci\u00f3n y la actuaci\u00f3n de la ley, a\u00f1adiendo que el razonamiento del magistrado interviniente resulta correcto en t\u00e9rminos de la debida diligencia que debe observar la Justicia, con el objeto de no caer en violencia institucional contra una v\u00edctima de violencia sexual\u201d.<\/h3>\n<h3>Respecto a la actitud de la madre del imputado, para el tribunal qued\u00f3 claro la existencia de un riesgo cierto para la v\u00edctima, tal cual lo establece el art\u00edculo 205* del C\u00f3digo Procesal Penal para procurar su resguardo con la prisi\u00f3n preventiva dictada.<\/h3>\n<h3>Y a\u00f1adi\u00f3: \u201cla medida de coerci\u00f3n personal, encuentra su respaldo jur\u00eddico en la Convenci\u00f3n de Derechos del Ni\u00f1o de la O.N.U. y la Ley N\u00ba 26.061 de Protecci\u00f3n Integral de Ni\u00f1os, Ni\u00f1as y Adolescentes, que se\u00f1alan que los Estados tienen el deber de adoptar diversas medidas de protecci\u00f3n contra el abuso f\u00edsico, mental y sexual y los malos tratos hacia los ni\u00f1os y ni\u00f1as, se\u00f1alando, adem\u00e1s en estos supuesto debe llevarse a cabo una investigaci\u00f3n seria y sancionar a los responsables\u201d.<\/h3>\n<h3>Para finalizar, el tribunal consider\u00f3 que no aparece -hasta el momento- la configuraci\u00f3n de un cuadro de situaci\u00f3n, que indique que la posici\u00f3n de E.G. en el proceso resida por fuera de lo corriente, y que sea posible morigerar su situaci\u00f3n de encierro provisorio.<\/h3>\n<h3>Por todo lo expuesto, los jueces rechazaron el recurso de apelaci\u00f3n interpuesto por la defensa del imputado y confirmaron la resoluci\u00f3n dictada por el juez de Garant\u00edas Flores Leyes.<\/h3>\n<h3><strong>EL HECHO<\/strong><\/h3>\n<h3>De acuerdo a la teor\u00eda del caso del Ministerio P\u00fablico Fiscal, el hecho ocurri\u00f3 el 24 de febrero de 2024 en la ciudad de San Luis, aproximadamente a las 20 horas, cuando el imputado se present\u00f3 en la vivienda donde viv\u00eda la adolescente, que en ese momento se encontraba sola. Ella abri\u00f3 la puerta y el detenido la empuj\u00f3, la llev\u00f3 hasta la habitaci\u00f3n principal, abus\u00f3 de ella y la amenaz\u00f3 de muerte. Antes de retirarse del lugar, le maniat\u00f3 los pies a la v\u00edctima y le sustrajo sus prendas, su tel\u00e9fono celular y dos notebooks.<\/h3>\n<h3>En la audiencia de formulaci\u00f3n de cargos, la fiscal adjunta Antonella Romagnoli dijo que con el pedido de la prisi\u00f3n preventiva se buscaba asegurar el proceso y resguardar a la v\u00edctima ya que el imputado viv\u00eda a 200 metros. Tambi\u00e9n mencion\u00f3 que existen riesgos procesales de fuga y de entorpecimiento de la investigaci\u00f3n.<\/h3>\n<h3><\/h3>\n<h3>\u2026\u2026\u2026\u2026\u2026\u2026.<\/h3>\n<h3><em><span style=\"color: #3366ff;\"><strong>*ART\u00cdCULO 205.-<\/strong> <\/span>RIESGO PARA LA INTEGRIDAD DE LA V\u00cdCTIMA O DE SU FAMILIA. Para decidir acerca del riesgo para la integridad de la v\u00edctima o de su familia, se debe tener en cuenta, entre otras pautas, la existencia de: a) Amenazas, atentados o hechos violentos realizados por el imputado en contra de la v\u00edctima o de su familia; b) Incumplimiento, por parte del imputado, de otras medidas cautelares no privativas de la libertad que se hayan ordenado en protecci\u00f3n de la v\u00edctima.-<\/em><\/h3>\n<p>&nbsp;<\/p>\n<p>&nbsp;<\/p>\n<p>&nbsp;<\/p>\n<p>&nbsp;<\/p>\n<p>&nbsp;<\/p>\n<p>&nbsp;<\/p>\n","protected":false},"excerpt":{"rendered":"<p>E.G., un hombre de 32 a\u00f1os acusado de abusar sexualmente a una adolescente de 16&#8230;<\/p>\n","protected":false},"author":1,"featured_media":14235,"comment_status":"closed","ping_status":"closed","sticky":false,"template":"","format":"standard","meta":{"footnotes":""},"categories":[6],"tags":[],"class_list":["post-14234","post","type-post","status-publish","format-standard","has-post-thumbnail","hentry","category-ciudad-provincia"],"yoast_head":"<!-- This site is optimized with the Yoast SEO plugin v26.1.1 - https:\/\/yoast.com\/wordpress\/plugins\/seo\/ -->\n<title>RECHAZAN PEDIDO PARA QUE UN ACUSADO DE ROBO Y ABUSO RECUPERE LA LIBERTAD - Apuntes de San Luis<\/title>\n<meta name=\"robots\" content=\"index, follow, max-snippet:-1, max-image-preview:large, max-video-preview:-1\" \/>\n<link rel=\"canonical\" href=\"https:\/\/apuntesdesanluis.com\/index.php\/2024\/04\/05\/rechazan-pedido-para-que-un-acusado-de-robo-y-abuso-recupere-la-libertad\/\" \/>\n<meta property=\"og:locale\" content=\"es_ES\" \/>\n<meta property=\"og:type\" content=\"article\" \/>\n<meta property=\"og:title\" content=\"RECHAZAN PEDIDO PARA QUE UN ACUSADO DE ROBO Y ABUSO RECUPERE LA LIBERTAD - Apuntes de San Luis\" \/>\n<meta property=\"og:description\" content=\"E.G., un hombre de 32 a\u00f1os acusado de abusar sexualmente a una adolescente de 16...\" \/>\n<meta property=\"og:url\" content=\"https:\/\/apuntesdesanluis.com\/index.php\/2024\/04\/05\/rechazan-pedido-para-que-un-acusado-de-robo-y-abuso-recupere-la-libertad\/\" \/>\n<meta property=\"og:site_name\" content=\"Apuntes de San Luis\" \/>\n<meta property=\"article:published_time\" content=\"2024-04-05T22:56:03+00:00\" \/>\n<meta property=\"og:image\" content=\"https:\/\/apuntesdesanluis.com\/wp-content\/uploads\/2024\/04\/juezas.png\" \/>\n\t<meta property=\"og:image:width\" content=\"600\" \/>\n\t<meta property=\"og:image:height\" content=\"369\" \/>\n\t<meta property=\"og:image:type\" content=\"image\/png\" \/>\n<meta name=\"author\" content=\"apuntesdesanluis.com\" \/>\n<meta name=\"twitter:card\" content=\"summary_large_image\" \/>\n<meta name=\"twitter:label1\" content=\"Escrito por\" \/>\n\t<meta name=\"twitter:data1\" content=\"apuntesdesanluis.com\" \/>\n\t<meta name=\"twitter:label2\" content=\"Tiempo de lectura\" \/>\n\t<meta name=\"twitter:data2\" content=\"6 minutos\" \/>\n<script type=\"application\/ld+json\" class=\"yoast-schema-graph\">{\"@context\":\"https:\/\/schema.org\",\"@graph\":[{\"@type\":\"Article\",\"@id\":\"https:\/\/apuntesdesanluis.com\/index.php\/2024\/04\/05\/rechazan-pedido-para-que-un-acusado-de-robo-y-abuso-recupere-la-libertad\/#article\",\"isPartOf\":{\"@id\":\"https:\/\/apuntesdesanluis.com\/index.php\/2024\/04\/05\/rechazan-pedido-para-que-un-acusado-de-robo-y-abuso-recupere-la-libertad\/\"},\"author\":{\"name\":\"apuntesdesanluis.com\",\"@id\":\"https:\/\/apuntesdesanluis.com\/#\/schema\/person\/b55151d52296fcce64d1a72538a70b90\"},\"headline\":\"RECHAZAN PEDIDO PARA QUE UN ACUSADO DE ROBO Y ABUSO RECUPERE LA LIBERTAD\",\"datePublished\":\"2024-04-05T22:56:03+00:00\",\"mainEntityOfPage\":{\"@id\":\"https:\/\/apuntesdesanluis.com\/index.php\/2024\/04\/05\/rechazan-pedido-para-que-un-acusado-de-robo-y-abuso-recupere-la-libertad\/\"},\"wordCount\":1325,\"publisher\":{\"@id\":\"https:\/\/apuntesdesanluis.com\/#\/schema\/person\/b55151d52296fcce64d1a72538a70b90\"},\"image\":{\"@id\":\"https:\/\/apuntesdesanluis.com\/index.php\/2024\/04\/05\/rechazan-pedido-para-que-un-acusado-de-robo-y-abuso-recupere-la-libertad\/#primaryimage\"},\"thumbnailUrl\":\"https:\/\/apuntesdesanluis.com\/wp-content\/uploads\/2024\/04\/juezas.png\",\"articleSection\":[\"Ciudad\/Provincia\"],\"inLanguage\":\"es-AR\"},{\"@type\":\"WebPage\",\"@id\":\"https:\/\/apuntesdesanluis.com\/index.php\/2024\/04\/05\/rechazan-pedido-para-que-un-acusado-de-robo-y-abuso-recupere-la-libertad\/\",\"url\":\"https:\/\/apuntesdesanluis.com\/index.php\/2024\/04\/05\/rechazan-pedido-para-que-un-acusado-de-robo-y-abuso-recupere-la-libertad\/\",\"name\":\"RECHAZAN PEDIDO PARA QUE UN ACUSADO DE ROBO Y ABUSO RECUPERE LA LIBERTAD - Apuntes de San Luis\",\"isPartOf\":{\"@id\":\"https:\/\/apuntesdesanluis.com\/#website\"},\"primaryImageOfPage\":{\"@id\":\"https:\/\/apuntesdesanluis.com\/index.php\/2024\/04\/05\/rechazan-pedido-para-que-un-acusado-de-robo-y-abuso-recupere-la-libertad\/#primaryimage\"},\"image\":{\"@id\":\"https:\/\/apuntesdesanluis.com\/index.php\/2024\/04\/05\/rechazan-pedido-para-que-un-acusado-de-robo-y-abuso-recupere-la-libertad\/#primaryimage\"},\"thumbnailUrl\":\"https:\/\/apuntesdesanluis.com\/wp-content\/uploads\/2024\/04\/juezas.png\",\"datePublished\":\"2024-04-05T22:56:03+00:00\",\"breadcrumb\":{\"@id\":\"https:\/\/apuntesdesanluis.com\/index.php\/2024\/04\/05\/rechazan-pedido-para-que-un-acusado-de-robo-y-abuso-recupere-la-libertad\/#breadcrumb\"},\"inLanguage\":\"es-AR\",\"potentialAction\":[{\"@type\":\"ReadAction\",\"target\":[\"https:\/\/apuntesdesanluis.com\/index.php\/2024\/04\/05\/rechazan-pedido-para-que-un-acusado-de-robo-y-abuso-recupere-la-libertad\/\"]}]},{\"@type\":\"ImageObject\",\"inLanguage\":\"es-AR\",\"@id\":\"https:\/\/apuntesdesanluis.com\/index.php\/2024\/04\/05\/rechazan-pedido-para-que-un-acusado-de-robo-y-abuso-recupere-la-libertad\/#primaryimage\",\"url\":\"https:\/\/apuntesdesanluis.com\/wp-content\/uploads\/2024\/04\/juezas.png\",\"contentUrl\":\"https:\/\/apuntesdesanluis.com\/wp-content\/uploads\/2024\/04\/juezas.png\",\"width\":600,\"height\":369},{\"@type\":\"BreadcrumbList\",\"@id\":\"https:\/\/apuntesdesanluis.com\/index.php\/2024\/04\/05\/rechazan-pedido-para-que-un-acusado-de-robo-y-abuso-recupere-la-libertad\/#breadcrumb\",\"itemListElement\":[{\"@type\":\"ListItem\",\"position\":1,\"name\":\"Inicio\",\"item\":\"https:\/\/apuntesdesanluis.com\/\"},{\"@type\":\"ListItem\",\"position\":2,\"name\":\"RECHAZAN PEDIDO PARA QUE UN ACUSADO DE ROBO Y ABUSO RECUPERE LA LIBERTAD\"}]},{\"@type\":\"WebSite\",\"@id\":\"https:\/\/apuntesdesanluis.com\/#website\",\"url\":\"https:\/\/apuntesdesanluis.com\/\",\"name\":\"Apuntes de San Luis\",\"description\":\"\",\"publisher\":{\"@id\":\"https:\/\/apuntesdesanluis.com\/#\/schema\/person\/b55151d52296fcce64d1a72538a70b90\"},\"potentialAction\":[{\"@type\":\"SearchAction\",\"target\":{\"@type\":\"EntryPoint\",\"urlTemplate\":\"https:\/\/apuntesdesanluis.com\/?s={search_term_string}\"},\"query-input\":{\"@type\":\"PropertyValueSpecification\",\"valueRequired\":true,\"valueName\":\"search_term_string\"}}],\"inLanguage\":\"es-AR\"},{\"@type\":[\"Person\",\"Organization\"],\"@id\":\"https:\/\/apuntesdesanluis.com\/#\/schema\/person\/b55151d52296fcce64d1a72538a70b90\",\"name\":\"apuntesdesanluis.com\",\"image\":{\"@type\":\"ImageObject\",\"inLanguage\":\"es-AR\",\"@id\":\"https:\/\/apuntesdesanluis.com\/#\/schema\/person\/image\/\",\"url\":\"https:\/\/apuntesdesanluis.com\/wp-content\/uploads\/2023\/07\/cropped-apuntesdesanluis.png\",\"contentUrl\":\"https:\/\/apuntesdesanluis.com\/wp-content\/uploads\/2023\/07\/cropped-apuntesdesanluis.png\",\"width\":450,\"height\":112,\"caption\":\"apuntesdesanluis.com\"},\"logo\":{\"@id\":\"https:\/\/apuntesdesanluis.com\/#\/schema\/person\/image\/\"},\"sameAs\":[\"https:\/\/apuntesdesanluis.com\"],\"url\":\"https:\/\/apuntesdesanluis.com\/index.php\/author\/apuntesdesanluis-com\/\"}]}<\/script>\n<!-- \/ Yoast SEO plugin. -->","yoast_head_json":{"title":"RECHAZAN PEDIDO PARA QUE UN ACUSADO DE ROBO Y ABUSO RECUPERE LA LIBERTAD - Apuntes de San Luis","robots":{"index":"index","follow":"follow","max-snippet":"max-snippet:-1","max-image-preview":"max-image-preview:large","max-video-preview":"max-video-preview:-1"},"canonical":"https:\/\/apuntesdesanluis.com\/index.php\/2024\/04\/05\/rechazan-pedido-para-que-un-acusado-de-robo-y-abuso-recupere-la-libertad\/","og_locale":"es_ES","og_type":"article","og_title":"RECHAZAN PEDIDO PARA QUE UN ACUSADO DE ROBO Y ABUSO RECUPERE LA LIBERTAD - Apuntes de San Luis","og_description":"E.G., un hombre de 32 a\u00f1os acusado de abusar sexualmente a una adolescente de 16...","og_url":"https:\/\/apuntesdesanluis.com\/index.php\/2024\/04\/05\/rechazan-pedido-para-que-un-acusado-de-robo-y-abuso-recupere-la-libertad\/","og_site_name":"Apuntes de San Luis","article_published_time":"2024-04-05T22:56:03+00:00","og_image":[{"width":600,"height":369,"url":"https:\/\/apuntesdesanluis.com\/wp-content\/uploads\/2024\/04\/juezas.png","type":"image\/png"}],"author":"apuntesdesanluis.com","twitter_card":"summary_large_image","twitter_misc":{"Escrito por":"apuntesdesanluis.com","Tiempo de lectura":"6 minutos"},"schema":{"@context":"https:\/\/schema.org","@graph":[{"@type":"Article","@id":"https:\/\/apuntesdesanluis.com\/index.php\/2024\/04\/05\/rechazan-pedido-para-que-un-acusado-de-robo-y-abuso-recupere-la-libertad\/#article","isPartOf":{"@id":"https:\/\/apuntesdesanluis.com\/index.php\/2024\/04\/05\/rechazan-pedido-para-que-un-acusado-de-robo-y-abuso-recupere-la-libertad\/"},"author":{"name":"apuntesdesanluis.com","@id":"https:\/\/apuntesdesanluis.com\/#\/schema\/person\/b55151d52296fcce64d1a72538a70b90"},"headline":"RECHAZAN PEDIDO PARA QUE UN ACUSADO DE ROBO Y ABUSO RECUPERE LA LIBERTAD","datePublished":"2024-04-05T22:56:03+00:00","mainEntityOfPage":{"@id":"https:\/\/apuntesdesanluis.com\/index.php\/2024\/04\/05\/rechazan-pedido-para-que-un-acusado-de-robo-y-abuso-recupere-la-libertad\/"},"wordCount":1325,"publisher":{"@id":"https:\/\/apuntesdesanluis.com\/#\/schema\/person\/b55151d52296fcce64d1a72538a70b90"},"image":{"@id":"https:\/\/apuntesdesanluis.com\/index.php\/2024\/04\/05\/rechazan-pedido-para-que-un-acusado-de-robo-y-abuso-recupere-la-libertad\/#primaryimage"},"thumbnailUrl":"https:\/\/apuntesdesanluis.com\/wp-content\/uploads\/2024\/04\/juezas.png","articleSection":["Ciudad\/Provincia"],"inLanguage":"es-AR"},{"@type":"WebPage","@id":"https:\/\/apuntesdesanluis.com\/index.php\/2024\/04\/05\/rechazan-pedido-para-que-un-acusado-de-robo-y-abuso-recupere-la-libertad\/","url":"https:\/\/apuntesdesanluis.com\/index.php\/2024\/04\/05\/rechazan-pedido-para-que-un-acusado-de-robo-y-abuso-recupere-la-libertad\/","name":"RECHAZAN PEDIDO PARA QUE UN ACUSADO DE ROBO Y ABUSO RECUPERE LA LIBERTAD - Apuntes de San Luis","isPartOf":{"@id":"https:\/\/apuntesdesanluis.com\/#website"},"primaryImageOfPage":{"@id":"https:\/\/apuntesdesanluis.com\/index.php\/2024\/04\/05\/rechazan-pedido-para-que-un-acusado-de-robo-y-abuso-recupere-la-libertad\/#primaryimage"},"image":{"@id":"https:\/\/apuntesdesanluis.com\/index.php\/2024\/04\/05\/rechazan-pedido-para-que-un-acusado-de-robo-y-abuso-recupere-la-libertad\/#primaryimage"},"thumbnailUrl":"https:\/\/apuntesdesanluis.com\/wp-content\/uploads\/2024\/04\/juezas.png","datePublished":"2024-04-05T22:56:03+00:00","breadcrumb":{"@id":"https:\/\/apuntesdesanluis.com\/index.php\/2024\/04\/05\/rechazan-pedido-para-que-un-acusado-de-robo-y-abuso-recupere-la-libertad\/#breadcrumb"},"inLanguage":"es-AR","potentialAction":[{"@type":"ReadAction","target":["https:\/\/apuntesdesanluis.com\/index.php\/2024\/04\/05\/rechazan-pedido-para-que-un-acusado-de-robo-y-abuso-recupere-la-libertad\/"]}]},{"@type":"ImageObject","inLanguage":"es-AR","@id":"https:\/\/apuntesdesanluis.com\/index.php\/2024\/04\/05\/rechazan-pedido-para-que-un-acusado-de-robo-y-abuso-recupere-la-libertad\/#primaryimage","url":"https:\/\/apuntesdesanluis.com\/wp-content\/uploads\/2024\/04\/juezas.png","contentUrl":"https:\/\/apuntesdesanluis.com\/wp-content\/uploads\/2024\/04\/juezas.png","width":600,"height":369},{"@type":"BreadcrumbList","@id":"https:\/\/apuntesdesanluis.com\/index.php\/2024\/04\/05\/rechazan-pedido-para-que-un-acusado-de-robo-y-abuso-recupere-la-libertad\/#breadcrumb","itemListElement":[{"@type":"ListItem","position":1,"name":"Inicio","item":"https:\/\/apuntesdesanluis.com\/"},{"@type":"ListItem","position":2,"name":"RECHAZAN PEDIDO PARA QUE UN ACUSADO DE ROBO Y ABUSO RECUPERE LA LIBERTAD"}]},{"@type":"WebSite","@id":"https:\/\/apuntesdesanluis.com\/#website","url":"https:\/\/apuntesdesanluis.com\/","name":"Apuntes de San Luis","description":"","publisher":{"@id":"https:\/\/apuntesdesanluis.com\/#\/schema\/person\/b55151d52296fcce64d1a72538a70b90"},"potentialAction":[{"@type":"SearchAction","target":{"@type":"EntryPoint","urlTemplate":"https:\/\/apuntesdesanluis.com\/?s={search_term_string}"},"query-input":{"@type":"PropertyValueSpecification","valueRequired":true,"valueName":"search_term_string"}}],"inLanguage":"es-AR"},{"@type":["Person","Organization"],"@id":"https:\/\/apuntesdesanluis.com\/#\/schema\/person\/b55151d52296fcce64d1a72538a70b90","name":"apuntesdesanluis.com","image":{"@type":"ImageObject","inLanguage":"es-AR","@id":"https:\/\/apuntesdesanluis.com\/#\/schema\/person\/image\/","url":"https:\/\/apuntesdesanluis.com\/wp-content\/uploads\/2023\/07\/cropped-apuntesdesanluis.png","contentUrl":"https:\/\/apuntesdesanluis.com\/wp-content\/uploads\/2023\/07\/cropped-apuntesdesanluis.png","width":450,"height":112,"caption":"apuntesdesanluis.com"},"logo":{"@id":"https:\/\/apuntesdesanluis.com\/#\/schema\/person\/image\/"},"sameAs":["https:\/\/apuntesdesanluis.com"],"url":"https:\/\/apuntesdesanluis.com\/index.php\/author\/apuntesdesanluis-com\/"}]}},"featured_image_urls":{"full":["https:\/\/apuntesdesanluis.com\/wp-content\/uploads\/2024\/04\/juezas.png",600,369,false],"thumbnail":["https:\/\/apuntesdesanluis.com\/wp-content\/uploads\/2024\/04\/juezas-150x150.png",150,150,true],"medium":["https:\/\/apuntesdesanluis.com\/wp-content\/uploads\/2024\/04\/juezas-300x185.png",300,185,true],"medium_large":["https:\/\/apuntesdesanluis.com\/wp-content\/uploads\/2024\/04\/juezas.png",600,369,false],"large":["https:\/\/apuntesdesanluis.com\/wp-content\/uploads\/2024\/04\/juezas.png",600,369,false],"1536x1536":["https:\/\/apuntesdesanluis.com\/wp-content\/uploads\/2024\/04\/juezas.png",600,369,false],"2048x2048":["https:\/\/apuntesdesanluis.com\/wp-content\/uploads\/2024\/04\/juezas.png",600,369,false],"newsever-slider-full":["https:\/\/apuntesdesanluis.com\/wp-content\/uploads\/2024\/04\/juezas.png",600,369,false],"newsever-featured":["https:\/\/apuntesdesanluis.com\/wp-content\/uploads\/2024\/04\/juezas.png",600,369,false],"newsever-medium":["https:\/\/apuntesdesanluis.com\/wp-content\/uploads\/2024\/04\/juezas.png",600,369,false]},"author_info":{"display_name":"apuntesdesanluis.com","author_link":"https:\/\/apuntesdesanluis.com\/index.php\/author\/apuntesdesanluis-com\/"},"category_info":"<a href=\"https:\/\/apuntesdesanluis.com\/index.php\/category\/ciudad-provincia\/\" rel=\"category tag\">Ciudad\/Provincia<\/a>","tag_info":"Ciudad\/Provincia","comment_count":"0","_links":{"self":[{"href":"https:\/\/apuntesdesanluis.com\/index.php\/wp-json\/wp\/v2\/posts\/14234","targetHints":{"allow":["GET"]}}],"collection":[{"href":"https:\/\/apuntesdesanluis.com\/index.php\/wp-json\/wp\/v2\/posts"}],"about":[{"href":"https:\/\/apuntesdesanluis.com\/index.php\/wp-json\/wp\/v2\/types\/post"}],"author":[{"embeddable":true,"href":"https:\/\/apuntesdesanluis.com\/index.php\/wp-json\/wp\/v2\/users\/1"}],"replies":[{"embeddable":true,"href":"https:\/\/apuntesdesanluis.com\/index.php\/wp-json\/wp\/v2\/comments?post=14234"}],"version-history":[{"count":1,"href":"https:\/\/apuntesdesanluis.com\/index.php\/wp-json\/wp\/v2\/posts\/14234\/revisions"}],"predecessor-version":[{"id":14236,"href":"https:\/\/apuntesdesanluis.com\/index.php\/wp-json\/wp\/v2\/posts\/14234\/revisions\/14236"}],"wp:featuredmedia":[{"embeddable":true,"href":"https:\/\/apuntesdesanluis.com\/index.php\/wp-json\/wp\/v2\/media\/14235"}],"wp:attachment":[{"href":"https:\/\/apuntesdesanluis.com\/index.php\/wp-json\/wp\/v2\/media?parent=14234"}],"wp:term":[{"taxonomy":"category","embeddable":true,"href":"https:\/\/apuntesdesanluis.com\/index.php\/wp-json\/wp\/v2\/categories?post=14234"},{"taxonomy":"post_tag","embeddable":true,"href":"https:\/\/apuntesdesanluis.com\/index.php\/wp-json\/wp\/v2\/tags?post=14234"}],"curies":[{"name":"wp","href":"https:\/\/api.w.org\/{rel}","templated":true}]}}