{"id":14237,"date":"2024-04-05T20:02:46","date_gmt":"2024-04-05T23:02:46","guid":{"rendered":"https:\/\/apuntesdesanluis.com\/?p=14237"},"modified":"2024-04-05T20:02:46","modified_gmt":"2024-04-05T23:02:46","slug":"una-mujer-sera-juzgada-en-villa-mercedes-por-impedimiento-de-contacto","status":"publish","type":"post","link":"https:\/\/apuntesdesanluis.com\/index.php\/2024\/04\/05\/una-mujer-sera-juzgada-en-villa-mercedes-por-impedimiento-de-contacto\/","title":{"rendered":"UNA MUJER SER\u00c1 JUZGADA EN VILLA MERCEDES POR &#8220;IMPEDIMIENTO DE CONTACTO&#8221;"},"content":{"rendered":"<h3>El Juez de Garant\u00eda declar\u00f3 la competencia del Colegio de Jueces, donde deber\u00e1 desarrollarse el debate oral.<\/h3>\n<h3>En una audiencia de control de acusaci\u00f3n que se desarroll\u00f3 el pasado mi\u00e9rcoles en la ma\u00f1ana, el Juez de Garant\u00eda N\u00ba 2, Dr. Mat\u00edas Farinazzo Tempestini, dispuso la elevaci\u00f3n a juicio de una causa donde se investig\u00f3 a una mujer por el delito de incumplimiento de contacto, en los t\u00e9rminos del Art. 1 de la Ley 24270.<\/h3>\n<h3>El Ministerio P\u00fablico Fiscal explic\u00f3 que el presunto impedimento de contacto de la imputada, transcurri\u00f3 desde diciembre de dos mil veintid\u00f3s hasta la actualidad. La denuncia fue formulada por el padre del ni\u00f1o.<\/h3>\n<h3>En la audiencia estuvieron presentes en representaci\u00f3n del Ministerio P\u00fablico Fiscal, el Fiscal de Instrucci\u00f3n N\u00ba 1 \u2013 Dr. Maximiliano Bazla Cassina-; la imputada \u2013 representada por la defensa oficial de las Dras. Victoria Suarez y Ximena B\u00e9rtoli. Intervino como secretario el Dr. Ignacio Esquerr\u00e9.<\/h3>\n<h3>Durante la audiencia, el Juez tambi\u00e9n tuvo por admitida las pruebas ofrecidas por Fiscal\u00eda y por la Defensa.<\/h3>\n<h3>Luego de escuchar a las partes, el Juez de Garant\u00eda N\u00ba 2 resolvi\u00f3: rechazar el sobreseimiento instado por la defensa; tener por admitida la acusaci\u00f3n formulada en contra de la imputada por el delito de impedimento de contacto de hijo padre no conviviente y disponer la elevaci\u00f3n a juicio, declarando la competencia del Colegio de Jueces de la Segunda Circunscripci\u00f3n Judicial, tribunal unipersonal.<\/h3>\n<h3>\u2026&#8230;&#8230;&#8230;.<\/h3>\n<h3><\/h3>\n<h3><strong><em>Ley 24.270. ARTICULO 1\u00ba<\/em><\/strong><em>\u00a0 -Ser\u00e1 reprimido con prisi\u00f3n de un mes a un a\u00f1o el padre o tercero que, ilegalmente, impidiere u obstruyere el contacto de menores de edad con sus padres no convivientes. Si se tratare de un menor de diez a\u00f1os o de un discapacitado, la pena ser\u00e1 de seis meses a tres a\u00f1os de prisi\u00f3n.<\/em><\/h3>\n<p>&nbsp;<\/p>\n<p>&nbsp;<\/p>\n<p>&nbsp;<\/p>\n<p>&nbsp;<\/p>\n","protected":false},"excerpt":{"rendered":"<p>El Juez de Garant\u00eda declar\u00f3 la competencia del Colegio de Jueces, donde deber\u00e1 desarrollarse el&#8230;<\/p>\n","protected":false},"author":1,"featured_media":14238,"comment_status":"closed","ping_status":"closed","sticky":false,"template":"","format":"standard","meta":{"footnotes":""},"categories":[6],"tags":[],"class_list":["post-14237","post","type-post","status-publish","format-standard","has-post-thumbnail","hentry","category-ciudad-provincia"],"yoast_head":"<!-- This site is optimized with the Yoast SEO plugin v26.1.1 - https:\/\/yoast.com\/wordpress\/plugins\/seo\/ -->\n<title>UNA MUJER SER\u00c1 JUZGADA EN VILLA MERCEDES POR &quot;IMPEDIMIENTO DE CONTACTO&quot; - Apuntes de San Luis<\/title>\n<meta name=\"robots\" content=\"index, follow, max-snippet:-1, max-image-preview:large, max-video-preview:-1\" \/>\n<link rel=\"canonical\" href=\"https:\/\/apuntesdesanluis.com\/index.php\/2024\/04\/05\/una-mujer-sera-juzgada-en-villa-mercedes-por-impedimiento-de-contacto\/\" \/>\n<meta property=\"og:locale\" content=\"es_ES\" \/>\n<meta property=\"og:type\" content=\"article\" \/>\n<meta property=\"og:title\" content=\"UNA MUJER SER\u00c1 JUZGADA EN VILLA MERCEDES POR &quot;IMPEDIMIENTO DE CONTACTO&quot; - Apuntes de San Luis\" \/>\n<meta property=\"og:description\" content=\"El Juez de Garant\u00eda declar\u00f3 la competencia del Colegio de Jueces, donde deber\u00e1 desarrollarse el...\" \/>\n<meta property=\"og:url\" content=\"https:\/\/apuntesdesanluis.com\/index.php\/2024\/04\/05\/una-mujer-sera-juzgada-en-villa-mercedes-por-impedimiento-de-contacto\/\" \/>\n<meta property=\"og:site_name\" content=\"Apuntes de San Luis\" \/>\n<meta property=\"article:published_time\" content=\"2024-04-05T23:02:46+00:00\" \/>\n<meta property=\"og:image\" content=\"https:\/\/apuntesdesanluis.com\/wp-content\/uploads\/2024\/04\/IMPEDIMENTO-DE-CONTACTO.png\" \/>\n\t<meta property=\"og:image:width\" content=\"497\" \/>\n\t<meta property=\"og:image:height\" content=\"280\" \/>\n\t<meta property=\"og:image:type\" content=\"image\/png\" \/>\n<meta name=\"author\" content=\"apuntesdesanluis.com\" \/>\n<meta name=\"twitter:card\" content=\"summary_large_image\" \/>\n<meta name=\"twitter:label1\" content=\"Escrito por\" \/>\n\t<meta name=\"twitter:data1\" content=\"apuntesdesanluis.com\" \/>\n\t<meta name=\"twitter:label2\" content=\"Tiempo de lectura\" \/>\n\t<meta name=\"twitter:data2\" content=\"2 minutos\" \/>\n<script type=\"application\/ld+json\" class=\"yoast-schema-graph\">{\"@context\":\"https:\/\/schema.org\",\"@graph\":[{\"@type\":\"Article\",\"@id\":\"https:\/\/apuntesdesanluis.com\/index.php\/2024\/04\/05\/una-mujer-sera-juzgada-en-villa-mercedes-por-impedimiento-de-contacto\/#article\",\"isPartOf\":{\"@id\":\"https:\/\/apuntesdesanluis.com\/index.php\/2024\/04\/05\/una-mujer-sera-juzgada-en-villa-mercedes-por-impedimiento-de-contacto\/\"},\"author\":{\"name\":\"apuntesdesanluis.com\",\"@id\":\"https:\/\/apuntesdesanluis.com\/#\/schema\/person\/b55151d52296fcce64d1a72538a70b90\"},\"headline\":\"UNA MUJER SER\u00c1 JUZGADA EN VILLA MERCEDES POR &#8220;IMPEDIMIENTO DE CONTACTO&#8221;\",\"datePublished\":\"2024-04-05T23:02:46+00:00\",\"mainEntityOfPage\":{\"@id\":\"https:\/\/apuntesdesanluis.com\/index.php\/2024\/04\/05\/una-mujer-sera-juzgada-en-villa-mercedes-por-impedimiento-de-contacto\/\"},\"wordCount\":323,\"publisher\":{\"@id\":\"https:\/\/apuntesdesanluis.com\/#\/schema\/person\/b55151d52296fcce64d1a72538a70b90\"},\"image\":{\"@id\":\"https:\/\/apuntesdesanluis.com\/index.php\/2024\/04\/05\/una-mujer-sera-juzgada-en-villa-mercedes-por-impedimiento-de-contacto\/#primaryimage\"},\"thumbnailUrl\":\"https:\/\/apuntesdesanluis.com\/wp-content\/uploads\/2024\/04\/IMPEDIMENTO-DE-CONTACTO.png\",\"articleSection\":[\"Ciudad\/Provincia\"],\"inLanguage\":\"es-AR\"},{\"@type\":\"WebPage\",\"@id\":\"https:\/\/apuntesdesanluis.com\/index.php\/2024\/04\/05\/una-mujer-sera-juzgada-en-villa-mercedes-por-impedimiento-de-contacto\/\",\"url\":\"https:\/\/apuntesdesanluis.com\/index.php\/2024\/04\/05\/una-mujer-sera-juzgada-en-villa-mercedes-por-impedimiento-de-contacto\/\",\"name\":\"UNA MUJER SER\u00c1 JUZGADA EN VILLA MERCEDES POR \\\"IMPEDIMIENTO DE CONTACTO\\\" - Apuntes de San Luis\",\"isPartOf\":{\"@id\":\"https:\/\/apuntesdesanluis.com\/#website\"},\"primaryImageOfPage\":{\"@id\":\"https:\/\/apuntesdesanluis.com\/index.php\/2024\/04\/05\/una-mujer-sera-juzgada-en-villa-mercedes-por-impedimiento-de-contacto\/#primaryimage\"},\"image\":{\"@id\":\"https:\/\/apuntesdesanluis.com\/index.php\/2024\/04\/05\/una-mujer-sera-juzgada-en-villa-mercedes-por-impedimiento-de-contacto\/#primaryimage\"},\"thumbnailUrl\":\"https:\/\/apuntesdesanluis.com\/wp-content\/uploads\/2024\/04\/IMPEDIMENTO-DE-CONTACTO.png\",\"datePublished\":\"2024-04-05T23:02:46+00:00\",\"breadcrumb\":{\"@id\":\"https:\/\/apuntesdesanluis.com\/index.php\/2024\/04\/05\/una-mujer-sera-juzgada-en-villa-mercedes-por-impedimiento-de-contacto\/#breadcrumb\"},\"inLanguage\":\"es-AR\",\"potentialAction\":[{\"@type\":\"ReadAction\",\"target\":[\"https:\/\/apuntesdesanluis.com\/index.php\/2024\/04\/05\/una-mujer-sera-juzgada-en-villa-mercedes-por-impedimiento-de-contacto\/\"]}]},{\"@type\":\"ImageObject\",\"inLanguage\":\"es-AR\",\"@id\":\"https:\/\/apuntesdesanluis.com\/index.php\/2024\/04\/05\/una-mujer-sera-juzgada-en-villa-mercedes-por-impedimiento-de-contacto\/#primaryimage\",\"url\":\"https:\/\/apuntesdesanluis.com\/wp-content\/uploads\/2024\/04\/IMPEDIMENTO-DE-CONTACTO.png\",\"contentUrl\":\"https:\/\/apuntesdesanluis.com\/wp-content\/uploads\/2024\/04\/IMPEDIMENTO-DE-CONTACTO.png\",\"width\":497,\"height\":280},{\"@type\":\"BreadcrumbList\",\"@id\":\"https:\/\/apuntesdesanluis.com\/index.php\/2024\/04\/05\/una-mujer-sera-juzgada-en-villa-mercedes-por-impedimiento-de-contacto\/#breadcrumb\",\"itemListElement\":[{\"@type\":\"ListItem\",\"position\":1,\"name\":\"Inicio\",\"item\":\"https:\/\/apuntesdesanluis.com\/\"},{\"@type\":\"ListItem\",\"position\":2,\"name\":\"UNA MUJER SER\u00c1 JUZGADA EN VILLA MERCEDES POR &#8220;IMPEDIMIENTO DE CONTACTO&#8221;\"}]},{\"@type\":\"WebSite\",\"@id\":\"https:\/\/apuntesdesanluis.com\/#website\",\"url\":\"https:\/\/apuntesdesanluis.com\/\",\"name\":\"Apuntes de San Luis\",\"description\":\"\",\"publisher\":{\"@id\":\"https:\/\/apuntesdesanluis.com\/#\/schema\/person\/b55151d52296fcce64d1a72538a70b90\"},\"potentialAction\":[{\"@type\":\"SearchAction\",\"target\":{\"@type\":\"EntryPoint\",\"urlTemplate\":\"https:\/\/apuntesdesanluis.com\/?s={search_term_string}\"},\"query-input\":{\"@type\":\"PropertyValueSpecification\",\"valueRequired\":true,\"valueName\":\"search_term_string\"}}],\"inLanguage\":\"es-AR\"},{\"@type\":[\"Person\",\"Organization\"],\"@id\":\"https:\/\/apuntesdesanluis.com\/#\/schema\/person\/b55151d52296fcce64d1a72538a70b90\",\"name\":\"apuntesdesanluis.com\",\"image\":{\"@type\":\"ImageObject\",\"inLanguage\":\"es-AR\",\"@id\":\"https:\/\/apuntesdesanluis.com\/#\/schema\/person\/image\/\",\"url\":\"https:\/\/apuntesdesanluis.com\/wp-content\/uploads\/2023\/07\/cropped-apuntesdesanluis.png\",\"contentUrl\":\"https:\/\/apuntesdesanluis.com\/wp-content\/uploads\/2023\/07\/cropped-apuntesdesanluis.png\",\"width\":450,\"height\":112,\"caption\":\"apuntesdesanluis.com\"},\"logo\":{\"@id\":\"https:\/\/apuntesdesanluis.com\/#\/schema\/person\/image\/\"},\"sameAs\":[\"https:\/\/apuntesdesanluis.com\"],\"url\":\"https:\/\/apuntesdesanluis.com\/index.php\/author\/apuntesdesanluis-com\/\"}]}<\/script>\n<!-- \/ Yoast SEO plugin. -->","yoast_head_json":{"title":"UNA MUJER SER\u00c1 JUZGADA EN VILLA MERCEDES POR \"IMPEDIMIENTO DE CONTACTO\" - Apuntes de San Luis","robots":{"index":"index","follow":"follow","max-snippet":"max-snippet:-1","max-image-preview":"max-image-preview:large","max-video-preview":"max-video-preview:-1"},"canonical":"https:\/\/apuntesdesanluis.com\/index.php\/2024\/04\/05\/una-mujer-sera-juzgada-en-villa-mercedes-por-impedimiento-de-contacto\/","og_locale":"es_ES","og_type":"article","og_title":"UNA MUJER SER\u00c1 JUZGADA EN VILLA MERCEDES POR \"IMPEDIMIENTO DE CONTACTO\" - Apuntes de San Luis","og_description":"El Juez de Garant\u00eda declar\u00f3 la competencia del Colegio de Jueces, donde deber\u00e1 desarrollarse el...","og_url":"https:\/\/apuntesdesanluis.com\/index.php\/2024\/04\/05\/una-mujer-sera-juzgada-en-villa-mercedes-por-impedimiento-de-contacto\/","og_site_name":"Apuntes de San Luis","article_published_time":"2024-04-05T23:02:46+00:00","og_image":[{"width":497,"height":280,"url":"https:\/\/apuntesdesanluis.com\/wp-content\/uploads\/2024\/04\/IMPEDIMENTO-DE-CONTACTO.png","type":"image\/png"}],"author":"apuntesdesanluis.com","twitter_card":"summary_large_image","twitter_misc":{"Escrito por":"apuntesdesanluis.com","Tiempo de lectura":"2 minutos"},"schema":{"@context":"https:\/\/schema.org","@graph":[{"@type":"Article","@id":"https:\/\/apuntesdesanluis.com\/index.php\/2024\/04\/05\/una-mujer-sera-juzgada-en-villa-mercedes-por-impedimiento-de-contacto\/#article","isPartOf":{"@id":"https:\/\/apuntesdesanluis.com\/index.php\/2024\/04\/05\/una-mujer-sera-juzgada-en-villa-mercedes-por-impedimiento-de-contacto\/"},"author":{"name":"apuntesdesanluis.com","@id":"https:\/\/apuntesdesanluis.com\/#\/schema\/person\/b55151d52296fcce64d1a72538a70b90"},"headline":"UNA MUJER SER\u00c1 JUZGADA EN VILLA MERCEDES POR &#8220;IMPEDIMIENTO DE CONTACTO&#8221;","datePublished":"2024-04-05T23:02:46+00:00","mainEntityOfPage":{"@id":"https:\/\/apuntesdesanluis.com\/index.php\/2024\/04\/05\/una-mujer-sera-juzgada-en-villa-mercedes-por-impedimiento-de-contacto\/"},"wordCount":323,"publisher":{"@id":"https:\/\/apuntesdesanluis.com\/#\/schema\/person\/b55151d52296fcce64d1a72538a70b90"},"image":{"@id":"https:\/\/apuntesdesanluis.com\/index.php\/2024\/04\/05\/una-mujer-sera-juzgada-en-villa-mercedes-por-impedimiento-de-contacto\/#primaryimage"},"thumbnailUrl":"https:\/\/apuntesdesanluis.com\/wp-content\/uploads\/2024\/04\/IMPEDIMENTO-DE-CONTACTO.png","articleSection":["Ciudad\/Provincia"],"inLanguage":"es-AR"},{"@type":"WebPage","@id":"https:\/\/apuntesdesanluis.com\/index.php\/2024\/04\/05\/una-mujer-sera-juzgada-en-villa-mercedes-por-impedimiento-de-contacto\/","url":"https:\/\/apuntesdesanluis.com\/index.php\/2024\/04\/05\/una-mujer-sera-juzgada-en-villa-mercedes-por-impedimiento-de-contacto\/","name":"UNA MUJER SER\u00c1 JUZGADA EN VILLA MERCEDES POR \"IMPEDIMIENTO DE CONTACTO\" - Apuntes de San Luis","isPartOf":{"@id":"https:\/\/apuntesdesanluis.com\/#website"},"primaryImageOfPage":{"@id":"https:\/\/apuntesdesanluis.com\/index.php\/2024\/04\/05\/una-mujer-sera-juzgada-en-villa-mercedes-por-impedimiento-de-contacto\/#primaryimage"},"image":{"@id":"https:\/\/apuntesdesanluis.com\/index.php\/2024\/04\/05\/una-mujer-sera-juzgada-en-villa-mercedes-por-impedimiento-de-contacto\/#primaryimage"},"thumbnailUrl":"https:\/\/apuntesdesanluis.com\/wp-content\/uploads\/2024\/04\/IMPEDIMENTO-DE-CONTACTO.png","datePublished":"2024-04-05T23:02:46+00:00","breadcrumb":{"@id":"https:\/\/apuntesdesanluis.com\/index.php\/2024\/04\/05\/una-mujer-sera-juzgada-en-villa-mercedes-por-impedimiento-de-contacto\/#breadcrumb"},"inLanguage":"es-AR","potentialAction":[{"@type":"ReadAction","target":["https:\/\/apuntesdesanluis.com\/index.php\/2024\/04\/05\/una-mujer-sera-juzgada-en-villa-mercedes-por-impedimiento-de-contacto\/"]}]},{"@type":"ImageObject","inLanguage":"es-AR","@id":"https:\/\/apuntesdesanluis.com\/index.php\/2024\/04\/05\/una-mujer-sera-juzgada-en-villa-mercedes-por-impedimiento-de-contacto\/#primaryimage","url":"https:\/\/apuntesdesanluis.com\/wp-content\/uploads\/2024\/04\/IMPEDIMENTO-DE-CONTACTO.png","contentUrl":"https:\/\/apuntesdesanluis.com\/wp-content\/uploads\/2024\/04\/IMPEDIMENTO-DE-CONTACTO.png","width":497,"height":280},{"@type":"BreadcrumbList","@id":"https:\/\/apuntesdesanluis.com\/index.php\/2024\/04\/05\/una-mujer-sera-juzgada-en-villa-mercedes-por-impedimiento-de-contacto\/#breadcrumb","itemListElement":[{"@type":"ListItem","position":1,"name":"Inicio","item":"https:\/\/apuntesdesanluis.com\/"},{"@type":"ListItem","position":2,"name":"UNA MUJER SER\u00c1 JUZGADA EN VILLA MERCEDES POR &#8220;IMPEDIMIENTO DE CONTACTO&#8221;"}]},{"@type":"WebSite","@id":"https:\/\/apuntesdesanluis.com\/#website","url":"https:\/\/apuntesdesanluis.com\/","name":"Apuntes de San Luis","description":"","publisher":{"@id":"https:\/\/apuntesdesanluis.com\/#\/schema\/person\/b55151d52296fcce64d1a72538a70b90"},"potentialAction":[{"@type":"SearchAction","target":{"@type":"EntryPoint","urlTemplate":"https:\/\/apuntesdesanluis.com\/?s={search_term_string}"},"query-input":{"@type":"PropertyValueSpecification","valueRequired":true,"valueName":"search_term_string"}}],"inLanguage":"es-AR"},{"@type":["Person","Organization"],"@id":"https:\/\/apuntesdesanluis.com\/#\/schema\/person\/b55151d52296fcce64d1a72538a70b90","name":"apuntesdesanluis.com","image":{"@type":"ImageObject","inLanguage":"es-AR","@id":"https:\/\/apuntesdesanluis.com\/#\/schema\/person\/image\/","url":"https:\/\/apuntesdesanluis.com\/wp-content\/uploads\/2023\/07\/cropped-apuntesdesanluis.png","contentUrl":"https:\/\/apuntesdesanluis.com\/wp-content\/uploads\/2023\/07\/cropped-apuntesdesanluis.png","width":450,"height":112,"caption":"apuntesdesanluis.com"},"logo":{"@id":"https:\/\/apuntesdesanluis.com\/#\/schema\/person\/image\/"},"sameAs":["https:\/\/apuntesdesanluis.com"],"url":"https:\/\/apuntesdesanluis.com\/index.php\/author\/apuntesdesanluis-com\/"}]}},"featured_image_urls":{"full":["https:\/\/apuntesdesanluis.com\/wp-content\/uploads\/2024\/04\/IMPEDIMENTO-DE-CONTACTO.png",497,280,false],"thumbnail":["https:\/\/apuntesdesanluis.com\/wp-content\/uploads\/2024\/04\/IMPEDIMENTO-DE-CONTACTO-150x150.png",150,150,true],"medium":["https:\/\/apuntesdesanluis.com\/wp-content\/uploads\/2024\/04\/IMPEDIMENTO-DE-CONTACTO-300x169.png",300,169,true],"medium_large":["https:\/\/apuntesdesanluis.com\/wp-content\/uploads\/2024\/04\/IMPEDIMENTO-DE-CONTACTO.png",497,280,false],"large":["https:\/\/apuntesdesanluis.com\/wp-content\/uploads\/2024\/04\/IMPEDIMENTO-DE-CONTACTO.png",497,280,false],"1536x1536":["https:\/\/apuntesdesanluis.com\/wp-content\/uploads\/2024\/04\/IMPEDIMENTO-DE-CONTACTO.png",497,280,false],"2048x2048":["https:\/\/apuntesdesanluis.com\/wp-content\/uploads\/2024\/04\/IMPEDIMENTO-DE-CONTACTO.png",497,280,false],"newsever-slider-full":["https:\/\/apuntesdesanluis.com\/wp-content\/uploads\/2024\/04\/IMPEDIMENTO-DE-CONTACTO.png",497,280,false],"newsever-featured":["https:\/\/apuntesdesanluis.com\/wp-content\/uploads\/2024\/04\/IMPEDIMENTO-DE-CONTACTO.png",497,280,false],"newsever-medium":["https:\/\/apuntesdesanluis.com\/wp-content\/uploads\/2024\/04\/IMPEDIMENTO-DE-CONTACTO.png",497,280,false]},"author_info":{"display_name":"apuntesdesanluis.com","author_link":"https:\/\/apuntesdesanluis.com\/index.php\/author\/apuntesdesanluis-com\/"},"category_info":"<a href=\"https:\/\/apuntesdesanluis.com\/index.php\/category\/ciudad-provincia\/\" rel=\"category tag\">Ciudad\/Provincia<\/a>","tag_info":"Ciudad\/Provincia","comment_count":"0","_links":{"self":[{"href":"https:\/\/apuntesdesanluis.com\/index.php\/wp-json\/wp\/v2\/posts\/14237","targetHints":{"allow":["GET"]}}],"collection":[{"href":"https:\/\/apuntesdesanluis.com\/index.php\/wp-json\/wp\/v2\/posts"}],"about":[{"href":"https:\/\/apuntesdesanluis.com\/index.php\/wp-json\/wp\/v2\/types\/post"}],"author":[{"embeddable":true,"href":"https:\/\/apuntesdesanluis.com\/index.php\/wp-json\/wp\/v2\/users\/1"}],"replies":[{"embeddable":true,"href":"https:\/\/apuntesdesanluis.com\/index.php\/wp-json\/wp\/v2\/comments?post=14237"}],"version-history":[{"count":1,"href":"https:\/\/apuntesdesanluis.com\/index.php\/wp-json\/wp\/v2\/posts\/14237\/revisions"}],"predecessor-version":[{"id":14239,"href":"https:\/\/apuntesdesanluis.com\/index.php\/wp-json\/wp\/v2\/posts\/14237\/revisions\/14239"}],"wp:featuredmedia":[{"embeddable":true,"href":"https:\/\/apuntesdesanluis.com\/index.php\/wp-json\/wp\/v2\/media\/14238"}],"wp:attachment":[{"href":"https:\/\/apuntesdesanluis.com\/index.php\/wp-json\/wp\/v2\/media?parent=14237"}],"wp:term":[{"taxonomy":"category","embeddable":true,"href":"https:\/\/apuntesdesanluis.com\/index.php\/wp-json\/wp\/v2\/categories?post=14237"},{"taxonomy":"post_tag","embeddable":true,"href":"https:\/\/apuntesdesanluis.com\/index.php\/wp-json\/wp\/v2\/tags?post=14237"}],"curies":[{"name":"wp","href":"https:\/\/api.w.org\/{rel}","templated":true}]}}