{"id":14257,"date":"2024-04-05T22:14:31","date_gmt":"2024-04-06T01:14:31","guid":{"rendered":"https:\/\/apuntesdesanluis.com\/?p=14257"},"modified":"2024-04-05T22:14:31","modified_gmt":"2024-04-06T01:14:31","slug":"mas-cambios-en-el-gobierno-echaron-a-dos-funcionarios-de-la-secretaria-de-agricultura","status":"publish","type":"post","link":"https:\/\/apuntesdesanluis.com\/index.php\/2024\/04\/05\/mas-cambios-en-el-gobierno-echaron-a-dos-funcionarios-de-la-secretaria-de-agricultura\/","title":{"rendered":"M\u00c1S CAMBIOS EN EL GOBIERNO: ECHARON A DOS FUNCIONARIOS DE LA SECRETAR\u00cdA DE AGRICULTURA"},"content":{"rendered":"<h3>Se trata de Germ\u00e1n Di Bella y Pedro Vigneau. Los nombres que los reemplazar\u00e1n ser\u00edan conocidos el pr\u00f3ximo lunes<\/h3>\n<h3>El subsecretario de Agricultura de la Naci\u00f3n, Germ\u00e1n Di Bella y el subsecretario de Fortalecimiento Productivo y Sustentable para Peque\u00f1os y Medianos Productores Agroalimentarios, Pedro Vigneau, fueron desplazados de su cargo en las \u00faltimas horas, en el marco de un \u201credise\u00f1o del Gabinete\u201d.<\/h3>\n<h3>Seg\u00fan pudo saber Infobae, a\u00fan no hay nombres para reemplazar a los ahora ex funcionarios, pero se buscar\u00e1 nuevas caras con el objetivo de \u201cseguir con el foco en el productor\u201d.<\/h3>\n<h3>Los reemplazantes ser\u00edan confirmados el pr\u00f3ximo lunes por el secretario de Agricultura, Fernando Vilella.<\/h3>\n<h3>Ambos eran de su entorno y muy cercanos a Vilella, hasta el momento eran dos hombres fuertes del \u00e1rea.<\/h3>\n<h3><strong>EL ROL DE DI BELLA EN EL GOBIERNO<\/strong><\/h3>\n<h3>El ex subsecretario de Agricultura, Germ\u00e1n Di Bella, tuvo en enero pasado un papel central en la marcha atr\u00e1s que dio el Gobierno nacional en la desregulaci\u00f3n del mercado de biocombustibles. Si bien Naci\u00f3n cedi\u00f3 a la presi\u00f3n de los gobernadores de C\u00f3rdoba, Santa Fe y Tucum\u00e1n a cambio del compromiso de los diputados de esas provincias para acompa\u00f1ar la llamada \u201cLey Bases\u201d, el ex funcionario tambi\u00e9n habr\u00eda ejercido presi\u00f3n puertas adentro.<\/h3>\n<h3>Bioetanol R\u00edo Cuarto es acreedora del 10,5% del volumen de bioetanol que mes a mes asigna la Secretar\u00eda de Energ\u00eda para mezclarse con las naftas que se producen en la Argentina. Es la tercera empresa m\u00e1s favorecida de las 18 que mensualmente elige el gobierno de entre las que pueden vender su producci\u00f3n al mercado local. Solo entre diciembre pasado y en enero se le asign\u00f3 un cupo de 21.000 m3 de bioetanol que las petroleras debieron comprarle por un valor de 9.742 millones de pesos. La compa\u00f1\u00eda es propiedad de Germ\u00e1n Di Bella y Manuel Ron.<\/h3>\n<h3>Antes, hasta principios de diciembre, Di Bella era secretario de Desarrollo Econ\u00f3mico de la localidad cordobesa de R\u00edo Cuarto, donde hab\u00eda alcanzado un acuerdo para que los veh\u00edculos de esa municipalidad fueran abastecidos pr\u00e1cticamente en un ciento por ciento con bioetanol producido por su propia empresa.<\/h3>\n<h3><strong>QUI\u00c9N ES PEDRO VIGNEAU<\/strong><\/h3>\n<h3>Pedro Vigneau es productor agropecuario en Bol\u00edvar, Buenos Aires, fue presidente de la Asociaci\u00f3n Argentina de Productores en Siembra Directa (Aapresid) y titular de la Asociaci\u00f3n de Ma\u00edz y Sorgo Argentino (Maizar).<\/h3>\n<h3>En el marco de la transici\u00f3n entre gobiernos, Vigneau present\u00f3 junto a Vilella y el productor Germ\u00e1n Paats un documento con los lineamientos centrales de su propuesta para el sector agropecuario. Propusieron un plan sobre c\u00f3mo eliminar las retenciones a la exportaci\u00f3n \u201cen pocos a\u00f1os\u201d, adoptar un tipo de cambio \u00fanico, suprimir restricciones al comercio exterior y mantener el flujo comercial con pa\u00edses como China y Brasil.<\/h3>\n<h3>Vigneau tambi\u00e9n particip\u00f3 en las ideas sobre c\u00f3mo \u201cduplicar las exportaciones del sector agropecuario\u201d para sostener un crecimiento econ\u00f3mico y contar con \u201cun d\u00f3lar \u00fanico\u201d desde el arranque de la gesti\u00f3n.<\/h3>\n<p>&nbsp;<\/p>\n<p>&nbsp;<\/p>\n<p>&nbsp;<\/p>\n<p>&nbsp;<\/p>\n<p>&nbsp;<\/p>\n<p>&nbsp;<\/p>\n","protected":false},"excerpt":{"rendered":"<p>Se trata de Germ\u00e1n Di Bella y Pedro Vigneau. Los nombres que los reemplazar\u00e1n ser\u00edan&#8230;<\/p>\n","protected":false},"author":1,"featured_media":14258,"comment_status":"closed","ping_status":"closed","sticky":false,"template":"","format":"standard","meta":{"footnotes":""},"categories":[5],"tags":[],"class_list":["post-14257","post","type-post","status-publish","format-standard","has-post-thumbnail","hentry","category-nacionales-internacionales"],"yoast_head":"<!-- This site is optimized with the Yoast SEO plugin v26.1.1 - https:\/\/yoast.com\/wordpress\/plugins\/seo\/ -->\n<title>M\u00c1S CAMBIOS EN EL GOBIERNO: ECHARON A DOS FUNCIONARIOS DE LA SECRETAR\u00cdA DE AGRICULTURA - Apuntes de San Luis<\/title>\n<meta name=\"robots\" content=\"index, follow, max-snippet:-1, max-image-preview:large, max-video-preview:-1\" \/>\n<link rel=\"canonical\" href=\"https:\/\/apuntesdesanluis.com\/index.php\/2024\/04\/05\/mas-cambios-en-el-gobierno-echaron-a-dos-funcionarios-de-la-secretaria-de-agricultura\/\" \/>\n<meta property=\"og:locale\" content=\"es_ES\" \/>\n<meta property=\"og:type\" content=\"article\" \/>\n<meta property=\"og:title\" content=\"M\u00c1S CAMBIOS EN EL GOBIERNO: ECHARON A DOS FUNCIONARIOS DE LA SECRETAR\u00cdA DE AGRICULTURA - Apuntes de San Luis\" \/>\n<meta property=\"og:description\" content=\"Se trata de Germ\u00e1n Di Bella y Pedro Vigneau. Los nombres que los reemplazar\u00e1n ser\u00edan...\" \/>\n<meta property=\"og:url\" content=\"https:\/\/apuntesdesanluis.com\/index.php\/2024\/04\/05\/mas-cambios-en-el-gobierno-echaron-a-dos-funcionarios-de-la-secretaria-de-agricultura\/\" \/>\n<meta property=\"og:site_name\" content=\"Apuntes de San Luis\" \/>\n<meta property=\"article:published_time\" content=\"2024-04-06T01:14:31+00:00\" \/>\n<meta property=\"og:image\" content=\"https:\/\/apuntesdesanluis.com\/wp-content\/uploads\/2024\/04\/DOS-AFUERA.png\" \/>\n\t<meta property=\"og:image:width\" content=\"935\" \/>\n\t<meta property=\"og:image:height\" content=\"487\" \/>\n\t<meta property=\"og:image:type\" content=\"image\/png\" \/>\n<meta name=\"author\" content=\"apuntesdesanluis.com\" \/>\n<meta name=\"twitter:card\" content=\"summary_large_image\" \/>\n<meta name=\"twitter:label1\" content=\"Escrito por\" \/>\n\t<meta name=\"twitter:data1\" content=\"apuntesdesanluis.com\" \/>\n\t<meta name=\"twitter:label2\" content=\"Tiempo de lectura\" \/>\n\t<meta name=\"twitter:data2\" content=\"3 minutos\" \/>\n<script type=\"application\/ld+json\" class=\"yoast-schema-graph\">{\"@context\":\"https:\/\/schema.org\",\"@graph\":[{\"@type\":\"Article\",\"@id\":\"https:\/\/apuntesdesanluis.com\/index.php\/2024\/04\/05\/mas-cambios-en-el-gobierno-echaron-a-dos-funcionarios-de-la-secretaria-de-agricultura\/#article\",\"isPartOf\":{\"@id\":\"https:\/\/apuntesdesanluis.com\/index.php\/2024\/04\/05\/mas-cambios-en-el-gobierno-echaron-a-dos-funcionarios-de-la-secretaria-de-agricultura\/\"},\"author\":{\"name\":\"apuntesdesanluis.com\",\"@id\":\"https:\/\/apuntesdesanluis.com\/#\/schema\/person\/b55151d52296fcce64d1a72538a70b90\"},\"headline\":\"M\u00c1S CAMBIOS EN EL GOBIERNO: ECHARON A DOS FUNCIONARIOS DE LA SECRETAR\u00cdA DE AGRICULTURA\",\"datePublished\":\"2024-04-06T01:14:31+00:00\",\"mainEntityOfPage\":{\"@id\":\"https:\/\/apuntesdesanluis.com\/index.php\/2024\/04\/05\/mas-cambios-en-el-gobierno-echaron-a-dos-funcionarios-de-la-secretaria-de-agricultura\/\"},\"wordCount\":552,\"publisher\":{\"@id\":\"https:\/\/apuntesdesanluis.com\/#\/schema\/person\/b55151d52296fcce64d1a72538a70b90\"},\"image\":{\"@id\":\"https:\/\/apuntesdesanluis.com\/index.php\/2024\/04\/05\/mas-cambios-en-el-gobierno-echaron-a-dos-funcionarios-de-la-secretaria-de-agricultura\/#primaryimage\"},\"thumbnailUrl\":\"https:\/\/apuntesdesanluis.com\/wp-content\/uploads\/2024\/04\/DOS-AFUERA.png\",\"articleSection\":[\"Nacionales\/Internacionales\"],\"inLanguage\":\"es-AR\"},{\"@type\":\"WebPage\",\"@id\":\"https:\/\/apuntesdesanluis.com\/index.php\/2024\/04\/05\/mas-cambios-en-el-gobierno-echaron-a-dos-funcionarios-de-la-secretaria-de-agricultura\/\",\"url\":\"https:\/\/apuntesdesanluis.com\/index.php\/2024\/04\/05\/mas-cambios-en-el-gobierno-echaron-a-dos-funcionarios-de-la-secretaria-de-agricultura\/\",\"name\":\"M\u00c1S CAMBIOS EN EL GOBIERNO: ECHARON A DOS FUNCIONARIOS DE LA SECRETAR\u00cdA DE AGRICULTURA - Apuntes de San Luis\",\"isPartOf\":{\"@id\":\"https:\/\/apuntesdesanluis.com\/#website\"},\"primaryImageOfPage\":{\"@id\":\"https:\/\/apuntesdesanluis.com\/index.php\/2024\/04\/05\/mas-cambios-en-el-gobierno-echaron-a-dos-funcionarios-de-la-secretaria-de-agricultura\/#primaryimage\"},\"image\":{\"@id\":\"https:\/\/apuntesdesanluis.com\/index.php\/2024\/04\/05\/mas-cambios-en-el-gobierno-echaron-a-dos-funcionarios-de-la-secretaria-de-agricultura\/#primaryimage\"},\"thumbnailUrl\":\"https:\/\/apuntesdesanluis.com\/wp-content\/uploads\/2024\/04\/DOS-AFUERA.png\",\"datePublished\":\"2024-04-06T01:14:31+00:00\",\"breadcrumb\":{\"@id\":\"https:\/\/apuntesdesanluis.com\/index.php\/2024\/04\/05\/mas-cambios-en-el-gobierno-echaron-a-dos-funcionarios-de-la-secretaria-de-agricultura\/#breadcrumb\"},\"inLanguage\":\"es-AR\",\"potentialAction\":[{\"@type\":\"ReadAction\",\"target\":[\"https:\/\/apuntesdesanluis.com\/index.php\/2024\/04\/05\/mas-cambios-en-el-gobierno-echaron-a-dos-funcionarios-de-la-secretaria-de-agricultura\/\"]}]},{\"@type\":\"ImageObject\",\"inLanguage\":\"es-AR\",\"@id\":\"https:\/\/apuntesdesanluis.com\/index.php\/2024\/04\/05\/mas-cambios-en-el-gobierno-echaron-a-dos-funcionarios-de-la-secretaria-de-agricultura\/#primaryimage\",\"url\":\"https:\/\/apuntesdesanluis.com\/wp-content\/uploads\/2024\/04\/DOS-AFUERA.png\",\"contentUrl\":\"https:\/\/apuntesdesanluis.com\/wp-content\/uploads\/2024\/04\/DOS-AFUERA.png\",\"width\":935,\"height\":487},{\"@type\":\"BreadcrumbList\",\"@id\":\"https:\/\/apuntesdesanluis.com\/index.php\/2024\/04\/05\/mas-cambios-en-el-gobierno-echaron-a-dos-funcionarios-de-la-secretaria-de-agricultura\/#breadcrumb\",\"itemListElement\":[{\"@type\":\"ListItem\",\"position\":1,\"name\":\"Inicio\",\"item\":\"https:\/\/apuntesdesanluis.com\/\"},{\"@type\":\"ListItem\",\"position\":2,\"name\":\"M\u00c1S CAMBIOS EN EL GOBIERNO: ECHARON A DOS FUNCIONARIOS DE LA SECRETAR\u00cdA DE AGRICULTURA\"}]},{\"@type\":\"WebSite\",\"@id\":\"https:\/\/apuntesdesanluis.com\/#website\",\"url\":\"https:\/\/apuntesdesanluis.com\/\",\"name\":\"Apuntes de San Luis\",\"description\":\"\",\"publisher\":{\"@id\":\"https:\/\/apuntesdesanluis.com\/#\/schema\/person\/b55151d52296fcce64d1a72538a70b90\"},\"potentialAction\":[{\"@type\":\"SearchAction\",\"target\":{\"@type\":\"EntryPoint\",\"urlTemplate\":\"https:\/\/apuntesdesanluis.com\/?s={search_term_string}\"},\"query-input\":{\"@type\":\"PropertyValueSpecification\",\"valueRequired\":true,\"valueName\":\"search_term_string\"}}],\"inLanguage\":\"es-AR\"},{\"@type\":[\"Person\",\"Organization\"],\"@id\":\"https:\/\/apuntesdesanluis.com\/#\/schema\/person\/b55151d52296fcce64d1a72538a70b90\",\"name\":\"apuntesdesanluis.com\",\"image\":{\"@type\":\"ImageObject\",\"inLanguage\":\"es-AR\",\"@id\":\"https:\/\/apuntesdesanluis.com\/#\/schema\/person\/image\/\",\"url\":\"https:\/\/apuntesdesanluis.com\/wp-content\/uploads\/2023\/07\/cropped-apuntesdesanluis.png\",\"contentUrl\":\"https:\/\/apuntesdesanluis.com\/wp-content\/uploads\/2023\/07\/cropped-apuntesdesanluis.png\",\"width\":450,\"height\":112,\"caption\":\"apuntesdesanluis.com\"},\"logo\":{\"@id\":\"https:\/\/apuntesdesanluis.com\/#\/schema\/person\/image\/\"},\"sameAs\":[\"https:\/\/apuntesdesanluis.com\"],\"url\":\"https:\/\/apuntesdesanluis.com\/index.php\/author\/apuntesdesanluis-com\/\"}]}<\/script>\n<!-- \/ Yoast SEO plugin. -->","yoast_head_json":{"title":"M\u00c1S CAMBIOS EN EL GOBIERNO: ECHARON A DOS FUNCIONARIOS DE LA SECRETAR\u00cdA DE AGRICULTURA - Apuntes de San Luis","robots":{"index":"index","follow":"follow","max-snippet":"max-snippet:-1","max-image-preview":"max-image-preview:large","max-video-preview":"max-video-preview:-1"},"canonical":"https:\/\/apuntesdesanluis.com\/index.php\/2024\/04\/05\/mas-cambios-en-el-gobierno-echaron-a-dos-funcionarios-de-la-secretaria-de-agricultura\/","og_locale":"es_ES","og_type":"article","og_title":"M\u00c1S CAMBIOS EN EL GOBIERNO: ECHARON A DOS FUNCIONARIOS DE LA SECRETAR\u00cdA DE AGRICULTURA - Apuntes de San Luis","og_description":"Se trata de Germ\u00e1n Di Bella y Pedro Vigneau. Los nombres que los reemplazar\u00e1n ser\u00edan...","og_url":"https:\/\/apuntesdesanluis.com\/index.php\/2024\/04\/05\/mas-cambios-en-el-gobierno-echaron-a-dos-funcionarios-de-la-secretaria-de-agricultura\/","og_site_name":"Apuntes de San Luis","article_published_time":"2024-04-06T01:14:31+00:00","og_image":[{"width":935,"height":487,"url":"https:\/\/apuntesdesanluis.com\/wp-content\/uploads\/2024\/04\/DOS-AFUERA.png","type":"image\/png"}],"author":"apuntesdesanluis.com","twitter_card":"summary_large_image","twitter_misc":{"Escrito por":"apuntesdesanluis.com","Tiempo de lectura":"3 minutos"},"schema":{"@context":"https:\/\/schema.org","@graph":[{"@type":"Article","@id":"https:\/\/apuntesdesanluis.com\/index.php\/2024\/04\/05\/mas-cambios-en-el-gobierno-echaron-a-dos-funcionarios-de-la-secretaria-de-agricultura\/#article","isPartOf":{"@id":"https:\/\/apuntesdesanluis.com\/index.php\/2024\/04\/05\/mas-cambios-en-el-gobierno-echaron-a-dos-funcionarios-de-la-secretaria-de-agricultura\/"},"author":{"name":"apuntesdesanluis.com","@id":"https:\/\/apuntesdesanluis.com\/#\/schema\/person\/b55151d52296fcce64d1a72538a70b90"},"headline":"M\u00c1S CAMBIOS EN EL GOBIERNO: ECHARON A DOS FUNCIONARIOS DE LA SECRETAR\u00cdA DE AGRICULTURA","datePublished":"2024-04-06T01:14:31+00:00","mainEntityOfPage":{"@id":"https:\/\/apuntesdesanluis.com\/index.php\/2024\/04\/05\/mas-cambios-en-el-gobierno-echaron-a-dos-funcionarios-de-la-secretaria-de-agricultura\/"},"wordCount":552,"publisher":{"@id":"https:\/\/apuntesdesanluis.com\/#\/schema\/person\/b55151d52296fcce64d1a72538a70b90"},"image":{"@id":"https:\/\/apuntesdesanluis.com\/index.php\/2024\/04\/05\/mas-cambios-en-el-gobierno-echaron-a-dos-funcionarios-de-la-secretaria-de-agricultura\/#primaryimage"},"thumbnailUrl":"https:\/\/apuntesdesanluis.com\/wp-content\/uploads\/2024\/04\/DOS-AFUERA.png","articleSection":["Nacionales\/Internacionales"],"inLanguage":"es-AR"},{"@type":"WebPage","@id":"https:\/\/apuntesdesanluis.com\/index.php\/2024\/04\/05\/mas-cambios-en-el-gobierno-echaron-a-dos-funcionarios-de-la-secretaria-de-agricultura\/","url":"https:\/\/apuntesdesanluis.com\/index.php\/2024\/04\/05\/mas-cambios-en-el-gobierno-echaron-a-dos-funcionarios-de-la-secretaria-de-agricultura\/","name":"M\u00c1S CAMBIOS EN EL GOBIERNO: ECHARON A DOS FUNCIONARIOS DE LA SECRETAR\u00cdA DE AGRICULTURA - Apuntes de San Luis","isPartOf":{"@id":"https:\/\/apuntesdesanluis.com\/#website"},"primaryImageOfPage":{"@id":"https:\/\/apuntesdesanluis.com\/index.php\/2024\/04\/05\/mas-cambios-en-el-gobierno-echaron-a-dos-funcionarios-de-la-secretaria-de-agricultura\/#primaryimage"},"image":{"@id":"https:\/\/apuntesdesanluis.com\/index.php\/2024\/04\/05\/mas-cambios-en-el-gobierno-echaron-a-dos-funcionarios-de-la-secretaria-de-agricultura\/#primaryimage"},"thumbnailUrl":"https:\/\/apuntesdesanluis.com\/wp-content\/uploads\/2024\/04\/DOS-AFUERA.png","datePublished":"2024-04-06T01:14:31+00:00","breadcrumb":{"@id":"https:\/\/apuntesdesanluis.com\/index.php\/2024\/04\/05\/mas-cambios-en-el-gobierno-echaron-a-dos-funcionarios-de-la-secretaria-de-agricultura\/#breadcrumb"},"inLanguage":"es-AR","potentialAction":[{"@type":"ReadAction","target":["https:\/\/apuntesdesanluis.com\/index.php\/2024\/04\/05\/mas-cambios-en-el-gobierno-echaron-a-dos-funcionarios-de-la-secretaria-de-agricultura\/"]}]},{"@type":"ImageObject","inLanguage":"es-AR","@id":"https:\/\/apuntesdesanluis.com\/index.php\/2024\/04\/05\/mas-cambios-en-el-gobierno-echaron-a-dos-funcionarios-de-la-secretaria-de-agricultura\/#primaryimage","url":"https:\/\/apuntesdesanluis.com\/wp-content\/uploads\/2024\/04\/DOS-AFUERA.png","contentUrl":"https:\/\/apuntesdesanluis.com\/wp-content\/uploads\/2024\/04\/DOS-AFUERA.png","width":935,"height":487},{"@type":"BreadcrumbList","@id":"https:\/\/apuntesdesanluis.com\/index.php\/2024\/04\/05\/mas-cambios-en-el-gobierno-echaron-a-dos-funcionarios-de-la-secretaria-de-agricultura\/#breadcrumb","itemListElement":[{"@type":"ListItem","position":1,"name":"Inicio","item":"https:\/\/apuntesdesanluis.com\/"},{"@type":"ListItem","position":2,"name":"M\u00c1S CAMBIOS EN EL GOBIERNO: ECHARON A DOS FUNCIONARIOS DE LA SECRETAR\u00cdA DE AGRICULTURA"}]},{"@type":"WebSite","@id":"https:\/\/apuntesdesanluis.com\/#website","url":"https:\/\/apuntesdesanluis.com\/","name":"Apuntes de San Luis","description":"","publisher":{"@id":"https:\/\/apuntesdesanluis.com\/#\/schema\/person\/b55151d52296fcce64d1a72538a70b90"},"potentialAction":[{"@type":"SearchAction","target":{"@type":"EntryPoint","urlTemplate":"https:\/\/apuntesdesanluis.com\/?s={search_term_string}"},"query-input":{"@type":"PropertyValueSpecification","valueRequired":true,"valueName":"search_term_string"}}],"inLanguage":"es-AR"},{"@type":["Person","Organization"],"@id":"https:\/\/apuntesdesanluis.com\/#\/schema\/person\/b55151d52296fcce64d1a72538a70b90","name":"apuntesdesanluis.com","image":{"@type":"ImageObject","inLanguage":"es-AR","@id":"https:\/\/apuntesdesanluis.com\/#\/schema\/person\/image\/","url":"https:\/\/apuntesdesanluis.com\/wp-content\/uploads\/2023\/07\/cropped-apuntesdesanluis.png","contentUrl":"https:\/\/apuntesdesanluis.com\/wp-content\/uploads\/2023\/07\/cropped-apuntesdesanluis.png","width":450,"height":112,"caption":"apuntesdesanluis.com"},"logo":{"@id":"https:\/\/apuntesdesanluis.com\/#\/schema\/person\/image\/"},"sameAs":["https:\/\/apuntesdesanluis.com"],"url":"https:\/\/apuntesdesanluis.com\/index.php\/author\/apuntesdesanluis-com\/"}]}},"featured_image_urls":{"full":["https:\/\/apuntesdesanluis.com\/wp-content\/uploads\/2024\/04\/DOS-AFUERA.png",935,487,false],"thumbnail":["https:\/\/apuntesdesanluis.com\/wp-content\/uploads\/2024\/04\/DOS-AFUERA-150x150.png",150,150,true],"medium":["https:\/\/apuntesdesanluis.com\/wp-content\/uploads\/2024\/04\/DOS-AFUERA-300x156.png",300,156,true],"medium_large":["https:\/\/apuntesdesanluis.com\/wp-content\/uploads\/2024\/04\/DOS-AFUERA-768x400.png",640,333,true],"large":["https:\/\/apuntesdesanluis.com\/wp-content\/uploads\/2024\/04\/DOS-AFUERA.png",640,333,false],"1536x1536":["https:\/\/apuntesdesanluis.com\/wp-content\/uploads\/2024\/04\/DOS-AFUERA.png",935,487,false],"2048x2048":["https:\/\/apuntesdesanluis.com\/wp-content\/uploads\/2024\/04\/DOS-AFUERA.png",935,487,false],"newsever-slider-full":["https:\/\/apuntesdesanluis.com\/wp-content\/uploads\/2024\/04\/DOS-AFUERA.png",935,487,false],"newsever-featured":["https:\/\/apuntesdesanluis.com\/wp-content\/uploads\/2024\/04\/DOS-AFUERA.png",935,487,false],"newsever-medium":["https:\/\/apuntesdesanluis.com\/wp-content\/uploads\/2024\/04\/DOS-AFUERA-720x475.png",720,475,true]},"author_info":{"display_name":"apuntesdesanluis.com","author_link":"https:\/\/apuntesdesanluis.com\/index.php\/author\/apuntesdesanluis-com\/"},"category_info":"<a href=\"https:\/\/apuntesdesanluis.com\/index.php\/category\/nacionales-internacionales\/\" rel=\"category tag\">Nacionales\/Internacionales<\/a>","tag_info":"Nacionales\/Internacionales","comment_count":"0","_links":{"self":[{"href":"https:\/\/apuntesdesanluis.com\/index.php\/wp-json\/wp\/v2\/posts\/14257","targetHints":{"allow":["GET"]}}],"collection":[{"href":"https:\/\/apuntesdesanluis.com\/index.php\/wp-json\/wp\/v2\/posts"}],"about":[{"href":"https:\/\/apuntesdesanluis.com\/index.php\/wp-json\/wp\/v2\/types\/post"}],"author":[{"embeddable":true,"href":"https:\/\/apuntesdesanluis.com\/index.php\/wp-json\/wp\/v2\/users\/1"}],"replies":[{"embeddable":true,"href":"https:\/\/apuntesdesanluis.com\/index.php\/wp-json\/wp\/v2\/comments?post=14257"}],"version-history":[{"count":1,"href":"https:\/\/apuntesdesanluis.com\/index.php\/wp-json\/wp\/v2\/posts\/14257\/revisions"}],"predecessor-version":[{"id":14259,"href":"https:\/\/apuntesdesanluis.com\/index.php\/wp-json\/wp\/v2\/posts\/14257\/revisions\/14259"}],"wp:featuredmedia":[{"embeddable":true,"href":"https:\/\/apuntesdesanluis.com\/index.php\/wp-json\/wp\/v2\/media\/14258"}],"wp:attachment":[{"href":"https:\/\/apuntesdesanluis.com\/index.php\/wp-json\/wp\/v2\/media?parent=14257"}],"wp:term":[{"taxonomy":"category","embeddable":true,"href":"https:\/\/apuntesdesanluis.com\/index.php\/wp-json\/wp\/v2\/categories?post=14257"},{"taxonomy":"post_tag","embeddable":true,"href":"https:\/\/apuntesdesanluis.com\/index.php\/wp-json\/wp\/v2\/tags?post=14257"}],"curies":[{"name":"wp","href":"https:\/\/api.w.org\/{rel}","templated":true}]}}