{"id":1427,"date":"2023-08-10T22:06:49","date_gmt":"2023-08-11T01:06:49","guid":{"rendered":"https:\/\/apuntesdesanluis.com\/?p=1427"},"modified":"2023-08-10T22:36:36","modified_gmt":"2023-08-11T01:36:36","slug":"el-gobierno-anuncio-un-nuevo-aumento-de-las-jubilaciones-y-planes-sociales","status":"publish","type":"post","link":"https:\/\/apuntesdesanluis.com\/index.php\/2023\/08\/10\/el-gobierno-anuncio-un-nuevo-aumento-de-las-jubilaciones-y-planes-sociales\/","title":{"rendered":"EL GOBIERNO ANUNCI\u00d3 UN NUEVO AUMENTO DE LAS JUBILACIONES Y PLANES SOCIALES"},"content":{"rendered":"<h3 class=\"yiv7409174924ydp6329976emsonormal\" style=\"background: white;\"><span style=\"font-family: 'Arial','sans-serif'; color: #1d2228;\">Las <strong>jubilaciones subir\u00e1n 23,29% en septiembre<\/strong> pr\u00f3ximo y habr\u00e1 refuerzos de 27 mil pesos para quienes menos cobran, anunci\u00f3 el Gobierno en cumplimiento de la Ley de Movilidad.\u00a0<\/span><span style=\"font-family: 'Arial','sans-serif'; color: #1d2228;\">Seg\u00fan se inform\u00f3, ning\u00fan jubilado o pensionado cobrar\u00e1 menos de 114.460 pesos.<\/span><\/h3>\n<h3 class=\"yiv7409174924ydp6329976emsonormal\" style=\"background: white;\"><span style=\"font-family: 'Arial','sans-serif'; color: #1d2228;\">Asimismo, el haber los jubilados de la m\u00ednima que se jubilaron con los 30 a\u00f1os de aportes efectivos (apenas 1,2 millones de personas) quedar\u00e1 en 123.760 pesos.<\/span><\/h3>\n<h3 class=\"yiv7409174924ydp6329976emsonormal\" style=\"background: white;\"><span style=\"font-family: 'Arial','sans-serif'; color: #1d2228;\">La movilidad, que regir\u00e1 desde el pr\u00f3ximo mes, impactar\u00e1 en todas las jubilaciones, pensiones y asignaciones de ANSES, y alcanzar\u00e1 a m\u00e1s de 17 millones de beneficiarios.<\/span><\/h3>\n<h3 class=\"yiv7409174924ydp6329976emsonormal\" style=\"background: white;\"><span style=\"font-family: 'Arial','sans-serif'; color: #1d2228;\">En cuanto al refuerzo de 27 mil pesos para quienes cobran el haber m\u00ednimo, alcanzar\u00e1 a 5,1 millones de personas, alrededor del 70 por ciento de los jubilados y pensionados.<\/span><\/h3>\n<h3 class=\"yiv7409174924ydp6329976emsonormal\" style=\"background: white;\"><span style=\"font-family: 'Arial','sans-serif'; color: #1d2228;\">De esta forma, la jubilaci\u00f3n m\u00ednima habr\u00e1 tenido un incremento interanual del 127,3 por ciento (septiembre 2022 &#8211; septiembre 2023).<\/span><\/h3>\n<h3 class=\"yiv7409174924ydp6329976emsonormal\" style=\"background: white;\"><span style=\"font-family: 'Arial','sans-serif'; color: #1d2228;\">Ese crecimiento representa una recuperaci\u00f3n del poder adquisitivo del 12,2 por ciento con respecto a diciembre de 2019, seg\u00fan los c\u00e1lculos de la ANSES.<\/span><\/h3>\n<h3 class=\"yiv7409174924ydp6329976emsonormal\" style=\"background: white;\"><span style=\"font-family: 'Arial','sans-serif'; color: #1d2228;\">A su vez, con este nuevo aumento por movilidad, la Asignaci\u00f3n Universal por Hija e Hijo (AUH) y la Asignaci\u00f3n por Embarazo pasar\u00e1n a ser de 17.093 pesos.<\/span><\/h3>\n<p><iframe title=\"Jubilaciones, pensiones y asignaciones aumentan 23,29% por movilidad\" width=\"640\" height=\"360\" src=\"https:\/\/www.youtube.com\/embed\/8PIMahMEsrk?feature=oembed\" frameborder=\"0\" allow=\"accelerometer; autoplay; clipboard-write; encrypted-media; gyroscope; picture-in-picture; web-share\" referrerpolicy=\"strict-origin-when-cross-origin\" allowfullscreen><\/iframe><\/p>\n<h3 class=\"yiv7409174924ydp6329976emsonormal\" style=\"background: white;\"><strong><span style=\"font-family: 'Arial','sans-serif'; color: #1d2228;\">LA EVOLUCI\u00d3N DE LAS JUBILACIONES Y LOS PLANES<\/span><\/strong><\/h3>\n<h3 class=\"yiv7409174924ydp6329976emsonormal\" style=\"background: white;\"><span style=\"font-family: 'Arial','sans-serif'; color: #1d2228;\">La jubilaci\u00f3n m\u00ednima de agosto es de $70.938 (brutos) m\u00e1s $20.000 de bono. En total $90.938. Con una movilidad promedio del 23,29%, la jubilaci\u00f3n m\u00ednima pasar\u00eda a unos $97.460. Y con el bono de $27.000, el ingreso total en septiembre ser\u00eda de $ 114.460. Para este sector de jubilados el aumento es del 25,9%.<\/span><\/h3>\n<h3 class=\"yiv7409174924ydp6329976emsonormal\" style=\"background: white;\"><span style=\"font-family: 'Arial','sans-serif'; color: #1d2228;\">La jubilaci\u00f3n m\u00ednima m\u00e1s el bono comprende a 5,1 millones de jubilados y pensionados. A su vez, 1,4 millones jubilados y pensionados con haberes m\u00ednimos que se jubilaron con 30 o m\u00e1s a\u00f1os de aportes, cobrar\u00e1n un adicional de $9.300.<\/span><\/h3>\n<h3 class=\"yiv7409174924ydp6329976emsonormal\" style=\"background: white;\"><span style=\"font-family: 'Arial','sans-serif'; color: #1d2228;\">Esto es as\u00ed porque este grupo no puede cobrar menos que el 82% del SMVM. Ese importe se suma al bono de $27.000. En total son $123.760 (jubilaci\u00f3n m\u00ednima de $ 87.460 brutos + $ 27.000 de bono + $ 9.300 de plus).<\/span><\/h3>\n<h3 class=\"yiv7409174924ydp6329976emsonormal\" style=\"background: white;\"><span style=\"font-family: 'Arial','sans-serif'; color: #1d2228;\">Con este aumento, en septiembre las Pensiones o Contributivas pasan a $ 69.928 ( 70% del haber m\u00ednimo) y la PUAM ( Pension Universal al Adulto Mayor) $ 61.221, en ambos casos m\u00e1s el bono. Y la Asignaci\u00f3n Universal por Hija e Hijo (AUH) y la Asignaci\u00f3n por Embarazo pasar\u00e1n a ser de 17.093 pesos.<\/span><\/h3>\n<h3 class=\"yiv7409174924ydp6329976emsonormal\" style=\"background: white;\"><span style=\"font-family: 'Arial','sans-serif'; color: #1d2228;\">En marzo la movilidad fue del 17,04% y en junio del 20,92%. Eso arroja un acumulado a junio del 41,5% versus una inflaci\u00f3n en el semestre del 50,7%. Con la suba del 23,29% durante septiembre, octubre y noviembre el acumulado es del 74,45 % entre 9 y 11 meses, muy por debajo de la inflaci\u00f3n esperada.<\/span><\/h3>\n<h3 class=\"yiv7409174924ydp6329976emsonormal\" style=\"background: white;\"><span style=\"font-family: 'Arial','sans-serif'; color: #1d2228;\">En diciembre 2022, la jubilaci\u00f3n m\u00ednima m\u00e1s el bono sumaron $ 60.124 versus los $ 114.460, representa un alza del 90,4%. Y en relaci\u00f3n con los $ 50.353 de septiembre 2022, representa una suba del 127,4%.<\/span><\/h3>\n<h3 class=\"yiv7409174924ydp6329976emsonormal\" style=\"background: white;\"><span style=\"font-family: 'Arial','sans-serif'; color: #1d2228;\">De ser una compensaci\u00f3n \u201cpor \u00fanica vez\u201d o \u201cextraordinaria\u201d, por la disparada inflacionaria esos bonos han pasado a ser permanentes y en valores ascendentes.<\/span><\/h3>\n<h3 class=\"yiv7409174924ydp6329976emsonormal\" style=\"background: white;\"><span style=\"font-family: 'Arial','sans-serif'; color: #1d2228;\">Luego de la p\u00e9rdida del 19,5% de los haberes jubilatorios entre septiembre 2017 y noviembre 2019, durante el anterior Gobierno, el bono previsional para los que cuentan con haberes m\u00e1s bajos debut\u00f3 con el actual Gobierno \u201cpor \u00fanica vez\u201d en diciembre 2019.<\/span><\/h3>\n<h3 class=\"yiv7409174924ydp6329976emsonormal\" style=\"background: white;\"><span style=\"font-family: 'Arial','sans-serif'; color: #1d2228;\">Tras los bonos en 2020 y 2021. En 2022, se hicieron m\u00e1s frecuentes. Y a partir de septiembre se repitieron todos los meses.<\/span><\/h3>\n<h3 class=\"yiv7409174924ydp6329976emsonormal\" style=\"background: white;\"><span style=\"font-family: 'Arial','sans-serif'; color: #1d2228;\">Eso pasa porque la f\u00f3rmula de movilidad \u2013 que combina salarios con recaudaci\u00f3n tributaria que va a la Seguridad Social- no tiene una cl\u00e1usula de garant\u00eda o compensaci\u00f3n autom\u00e1tica frente a la inflaci\u00f3n. Y los bonos solo los reciben los jubilados y pensionados de haberes m\u00e1s bajos, achatando la pir\u00e1mide de ingresos del sistema.<\/span><\/h3>\n<h3 class=\"yiv7409174924ydp6329976emsonormal\" style=\"background: white;\"><span style=\"font-family: 'Arial','sans-serif'; color: #1d2228;\">Adem\u00e1s, esos bonos no se integran al haber. Solo compensan a un sector de jubilados una parte del alza de precios del mes o meses en que se cobran, pero al mes o meses siguientes el ingreso total del jubilado vuelve al nivel pre-bono y se requiere que se otorguen nuevos bonos que pasan a ser m\u00e1s frecuentes.<\/span><\/h3>\n<h3 class=\"yiv7409174924ydp6329976emsonormal\" style=\"background: white;\"><span style=\"font-family: 'Arial','sans-serif'; color: #1d2228;\">Por otro lado, los bonos no se toman en cuenta para los futuros incrementos de los haberes ni para el c\u00e1lculo del aguinaldo. De esta manera, la p\u00e9rdida jubilatoria continua \u201cde por vida\u201d.<\/span><\/h3>\n<h3 class=\"yiv7409174924ydp6329976emsonormal\" style=\"background: white;\"><span style=\"font-family: 'Arial','sans-serif'; color: #1d2228;\">En tanto, los que no cobran el bono -m\u00e1s de 2 millones de jubilados y pensionados- no tienen ninguna compensaci\u00f3n y absorben, con una baja en t\u00e9rminos reales de sus haberes, la p\u00e9rdida completa ante la inflaci\u00f3n.<\/span><\/h3>\n<h3 class=\"yiv7409174924ydp6329976emsonormal\" style=\"background: white;\"><span style=\"font-family: 'Arial','sans-serif'; color: #1d2228;\">Sin considerar los bonos, la evoluci\u00f3n de los aumentos versus la inflaci\u00f3n fue:<\/span><\/h3>\n<h3 class=\"yiv7409174924ydp6329976emsonormal\" style=\"background: white;\"><span style=\"font-family: 'Arial','sans-serif'; color: #1d2228;\">&#8211; Entre septiembre 2017 (base que se toma por el cambio de la movilidad durante el Gobierno de Mauricio Macri) y diciembre 2019, con otra f\u00f3rmula de movilidad, las jubilaciones y pensiones y dem\u00e1s prestaciones sociales tuvieron un deterioro del 19,5% en relaci\u00f3n con la inflaci\u00f3n.<\/span><\/h3>\n<h3 class=\"yiv7409174924ydp6329976emsonormal\" style=\"background: white;\"><span style=\"font-family: 'Arial','sans-serif'; color: #1d2228;\">&#8211; En 2020, ya con Alberto Fern\u00e1ndez, con los aumentos diferenciados por decreto, las jubilaciones y pensiones aumentaron entre el 35,3% y el 24,3% versus una inflaci\u00f3n del 36,1%. Una p\u00e9rdida de entre el 0,6% y el 8,7%.<\/span><\/h3>\n<h3 class=\"yiv7409174924ydp6329976emsonormal\" style=\"background: white;\"><span style=\"font-family: 'Arial','sans-serif'; color: #1d2228;\">&#8211; En 2021, con una inflaci\u00f3n del 50,9%, punta a punta, los aumentos fueron del 52,7%. Una mejora del 1,2%.<\/span><\/h3>\n<h3 class=\"yiv7409174924ydp6329976emsonormal\" style=\"background: white;\"><span style=\"font-family: 'Arial','sans-serif'; color: #1d2228;\">&#8211; En 2022, los aumentos fueron del 72,5% versus una inflaci\u00f3n del 94,8%. Una p\u00e9rdida del 11,5%.<\/span><\/h3>\n<p>&nbsp;<\/p>\n<p>&nbsp;<\/p>\n","protected":false},"excerpt":{"rendered":"<p>Las jubilaciones subir\u00e1n 23,29% en septiembre pr\u00f3ximo y habr\u00e1 refuerzos de 27 mil pesos para&#8230;<\/p>\n","protected":false},"author":1,"featured_media":1428,"comment_status":"closed","ping_status":"closed","sticky":false,"template":"","format":"standard","meta":{"footnotes":""},"categories":[5],"tags":[],"class_list":["post-1427","post","type-post","status-publish","format-standard","has-post-thumbnail","hentry","category-nacionales-internacionales"],"yoast_head":"<!-- This site is optimized with the Yoast SEO plugin v26.1.1 - https:\/\/yoast.com\/wordpress\/plugins\/seo\/ -->\n<title>EL GOBIERNO ANUNCI\u00d3 UN NUEVO AUMENTO DE LAS JUBILACIONES Y PLANES SOCIALES - Apuntes de San Luis<\/title>\n<meta name=\"robots\" content=\"index, follow, max-snippet:-1, max-image-preview:large, max-video-preview:-1\" \/>\n<link rel=\"canonical\" href=\"https:\/\/apuntesdesanluis.com\/index.php\/2023\/08\/10\/el-gobierno-anuncio-un-nuevo-aumento-de-las-jubilaciones-y-planes-sociales\/\" \/>\n<meta property=\"og:locale\" content=\"es_ES\" \/>\n<meta property=\"og:type\" content=\"article\" \/>\n<meta property=\"og:title\" content=\"EL GOBIERNO ANUNCI\u00d3 UN NUEVO AUMENTO DE LAS JUBILACIONES Y PLANES SOCIALES - Apuntes de San Luis\" \/>\n<meta property=\"og:description\" content=\"Las jubilaciones subir\u00e1n 23,29% en septiembre pr\u00f3ximo y habr\u00e1 refuerzos de 27 mil pesos para...\" \/>\n<meta property=\"og:url\" content=\"https:\/\/apuntesdesanluis.com\/index.php\/2023\/08\/10\/el-gobierno-anuncio-un-nuevo-aumento-de-las-jubilaciones-y-planes-sociales\/\" \/>\n<meta property=\"og:site_name\" content=\"Apuntes de San Luis\" \/>\n<meta property=\"article:published_time\" content=\"2023-08-11T01:06:49+00:00\" \/>\n<meta property=\"article:modified_time\" content=\"2023-08-11T01:36:36+00:00\" \/>\n<meta property=\"og:image\" content=\"https:\/\/apuntesdesanluis.com\/wp-content\/uploads\/2023\/08\/MASSA-2.png\" \/>\n\t<meta property=\"og:image:width\" content=\"842\" \/>\n\t<meta property=\"og:image:height\" content=\"482\" \/>\n\t<meta property=\"og:image:type\" content=\"image\/png\" \/>\n<meta name=\"author\" content=\"apuntesdesanluis.com\" \/>\n<meta name=\"twitter:card\" content=\"summary_large_image\" \/>\n<meta name=\"twitter:label1\" content=\"Escrito por\" \/>\n\t<meta name=\"twitter:data1\" content=\"apuntesdesanluis.com\" \/>\n\t<meta name=\"twitter:label2\" content=\"Tiempo de lectura\" \/>\n\t<meta name=\"twitter:data2\" content=\"5 minutos\" \/>\n<script type=\"application\/ld+json\" class=\"yoast-schema-graph\">{\"@context\":\"https:\/\/schema.org\",\"@graph\":[{\"@type\":\"Article\",\"@id\":\"https:\/\/apuntesdesanluis.com\/index.php\/2023\/08\/10\/el-gobierno-anuncio-un-nuevo-aumento-de-las-jubilaciones-y-planes-sociales\/#article\",\"isPartOf\":{\"@id\":\"https:\/\/apuntesdesanluis.com\/index.php\/2023\/08\/10\/el-gobierno-anuncio-un-nuevo-aumento-de-las-jubilaciones-y-planes-sociales\/\"},\"author\":{\"name\":\"apuntesdesanluis.com\",\"@id\":\"https:\/\/apuntesdesanluis.com\/#\/schema\/person\/b55151d52296fcce64d1a72538a70b90\"},\"headline\":\"EL GOBIERNO ANUNCI\u00d3 UN NUEVO AUMENTO DE LAS JUBILACIONES Y PLANES SOCIALES\",\"datePublished\":\"2023-08-11T01:06:49+00:00\",\"dateModified\":\"2023-08-11T01:36:36+00:00\",\"mainEntityOfPage\":{\"@id\":\"https:\/\/apuntesdesanluis.com\/index.php\/2023\/08\/10\/el-gobierno-anuncio-un-nuevo-aumento-de-las-jubilaciones-y-planes-sociales\/\"},\"wordCount\":902,\"publisher\":{\"@id\":\"https:\/\/apuntesdesanluis.com\/#\/schema\/person\/b55151d52296fcce64d1a72538a70b90\"},\"image\":{\"@id\":\"https:\/\/apuntesdesanluis.com\/index.php\/2023\/08\/10\/el-gobierno-anuncio-un-nuevo-aumento-de-las-jubilaciones-y-planes-sociales\/#primaryimage\"},\"thumbnailUrl\":\"https:\/\/apuntesdesanluis.com\/wp-content\/uploads\/2023\/08\/MASSA-2.png\",\"articleSection\":[\"Nacionales\/Internacionales\"],\"inLanguage\":\"es-AR\"},{\"@type\":\"WebPage\",\"@id\":\"https:\/\/apuntesdesanluis.com\/index.php\/2023\/08\/10\/el-gobierno-anuncio-un-nuevo-aumento-de-las-jubilaciones-y-planes-sociales\/\",\"url\":\"https:\/\/apuntesdesanluis.com\/index.php\/2023\/08\/10\/el-gobierno-anuncio-un-nuevo-aumento-de-las-jubilaciones-y-planes-sociales\/\",\"name\":\"EL GOBIERNO ANUNCI\u00d3 UN NUEVO AUMENTO DE LAS JUBILACIONES Y PLANES SOCIALES - Apuntes de San Luis\",\"isPartOf\":{\"@id\":\"https:\/\/apuntesdesanluis.com\/#website\"},\"primaryImageOfPage\":{\"@id\":\"https:\/\/apuntesdesanluis.com\/index.php\/2023\/08\/10\/el-gobierno-anuncio-un-nuevo-aumento-de-las-jubilaciones-y-planes-sociales\/#primaryimage\"},\"image\":{\"@id\":\"https:\/\/apuntesdesanluis.com\/index.php\/2023\/08\/10\/el-gobierno-anuncio-un-nuevo-aumento-de-las-jubilaciones-y-planes-sociales\/#primaryimage\"},\"thumbnailUrl\":\"https:\/\/apuntesdesanluis.com\/wp-content\/uploads\/2023\/08\/MASSA-2.png\",\"datePublished\":\"2023-08-11T01:06:49+00:00\",\"dateModified\":\"2023-08-11T01:36:36+00:00\",\"breadcrumb\":{\"@id\":\"https:\/\/apuntesdesanluis.com\/index.php\/2023\/08\/10\/el-gobierno-anuncio-un-nuevo-aumento-de-las-jubilaciones-y-planes-sociales\/#breadcrumb\"},\"inLanguage\":\"es-AR\",\"potentialAction\":[{\"@type\":\"ReadAction\",\"target\":[\"https:\/\/apuntesdesanluis.com\/index.php\/2023\/08\/10\/el-gobierno-anuncio-un-nuevo-aumento-de-las-jubilaciones-y-planes-sociales\/\"]}]},{\"@type\":\"ImageObject\",\"inLanguage\":\"es-AR\",\"@id\":\"https:\/\/apuntesdesanluis.com\/index.php\/2023\/08\/10\/el-gobierno-anuncio-un-nuevo-aumento-de-las-jubilaciones-y-planes-sociales\/#primaryimage\",\"url\":\"https:\/\/apuntesdesanluis.com\/wp-content\/uploads\/2023\/08\/MASSA-2.png\",\"contentUrl\":\"https:\/\/apuntesdesanluis.com\/wp-content\/uploads\/2023\/08\/MASSA-2.png\",\"width\":842,\"height\":482},{\"@type\":\"BreadcrumbList\",\"@id\":\"https:\/\/apuntesdesanluis.com\/index.php\/2023\/08\/10\/el-gobierno-anuncio-un-nuevo-aumento-de-las-jubilaciones-y-planes-sociales\/#breadcrumb\",\"itemListElement\":[{\"@type\":\"ListItem\",\"position\":1,\"name\":\"Inicio\",\"item\":\"https:\/\/apuntesdesanluis.com\/\"},{\"@type\":\"ListItem\",\"position\":2,\"name\":\"EL GOBIERNO ANUNCI\u00d3 UN NUEVO AUMENTO DE LAS JUBILACIONES Y PLANES SOCIALES\"}]},{\"@type\":\"WebSite\",\"@id\":\"https:\/\/apuntesdesanluis.com\/#website\",\"url\":\"https:\/\/apuntesdesanluis.com\/\",\"name\":\"Apuntes de San Luis\",\"description\":\"\",\"publisher\":{\"@id\":\"https:\/\/apuntesdesanluis.com\/#\/schema\/person\/b55151d52296fcce64d1a72538a70b90\"},\"potentialAction\":[{\"@type\":\"SearchAction\",\"target\":{\"@type\":\"EntryPoint\",\"urlTemplate\":\"https:\/\/apuntesdesanluis.com\/?s={search_term_string}\"},\"query-input\":{\"@type\":\"PropertyValueSpecification\",\"valueRequired\":true,\"valueName\":\"search_term_string\"}}],\"inLanguage\":\"es-AR\"},{\"@type\":[\"Person\",\"Organization\"],\"@id\":\"https:\/\/apuntesdesanluis.com\/#\/schema\/person\/b55151d52296fcce64d1a72538a70b90\",\"name\":\"apuntesdesanluis.com\",\"image\":{\"@type\":\"ImageObject\",\"inLanguage\":\"es-AR\",\"@id\":\"https:\/\/apuntesdesanluis.com\/#\/schema\/person\/image\/\",\"url\":\"https:\/\/apuntesdesanluis.com\/wp-content\/uploads\/2023\/07\/cropped-apuntesdesanluis.png\",\"contentUrl\":\"https:\/\/apuntesdesanluis.com\/wp-content\/uploads\/2023\/07\/cropped-apuntesdesanluis.png\",\"width\":450,\"height\":112,\"caption\":\"apuntesdesanluis.com\"},\"logo\":{\"@id\":\"https:\/\/apuntesdesanluis.com\/#\/schema\/person\/image\/\"},\"sameAs\":[\"https:\/\/apuntesdesanluis.com\"],\"url\":\"https:\/\/apuntesdesanluis.com\/index.php\/author\/apuntesdesanluis-com\/\"}]}<\/script>\n<!-- \/ Yoast SEO plugin. -->","yoast_head_json":{"title":"EL GOBIERNO ANUNCI\u00d3 UN NUEVO AUMENTO DE LAS JUBILACIONES Y PLANES SOCIALES - Apuntes de San Luis","robots":{"index":"index","follow":"follow","max-snippet":"max-snippet:-1","max-image-preview":"max-image-preview:large","max-video-preview":"max-video-preview:-1"},"canonical":"https:\/\/apuntesdesanluis.com\/index.php\/2023\/08\/10\/el-gobierno-anuncio-un-nuevo-aumento-de-las-jubilaciones-y-planes-sociales\/","og_locale":"es_ES","og_type":"article","og_title":"EL GOBIERNO ANUNCI\u00d3 UN NUEVO AUMENTO DE LAS JUBILACIONES Y PLANES SOCIALES - Apuntes de San Luis","og_description":"Las jubilaciones subir\u00e1n 23,29% en septiembre pr\u00f3ximo y habr\u00e1 refuerzos de 27 mil pesos para...","og_url":"https:\/\/apuntesdesanluis.com\/index.php\/2023\/08\/10\/el-gobierno-anuncio-un-nuevo-aumento-de-las-jubilaciones-y-planes-sociales\/","og_site_name":"Apuntes de San Luis","article_published_time":"2023-08-11T01:06:49+00:00","article_modified_time":"2023-08-11T01:36:36+00:00","og_image":[{"width":842,"height":482,"url":"https:\/\/apuntesdesanluis.com\/wp-content\/uploads\/2023\/08\/MASSA-2.png","type":"image\/png"}],"author":"apuntesdesanluis.com","twitter_card":"summary_large_image","twitter_misc":{"Escrito por":"apuntesdesanluis.com","Tiempo de lectura":"5 minutos"},"schema":{"@context":"https:\/\/schema.org","@graph":[{"@type":"Article","@id":"https:\/\/apuntesdesanluis.com\/index.php\/2023\/08\/10\/el-gobierno-anuncio-un-nuevo-aumento-de-las-jubilaciones-y-planes-sociales\/#article","isPartOf":{"@id":"https:\/\/apuntesdesanluis.com\/index.php\/2023\/08\/10\/el-gobierno-anuncio-un-nuevo-aumento-de-las-jubilaciones-y-planes-sociales\/"},"author":{"name":"apuntesdesanluis.com","@id":"https:\/\/apuntesdesanluis.com\/#\/schema\/person\/b55151d52296fcce64d1a72538a70b90"},"headline":"EL GOBIERNO ANUNCI\u00d3 UN NUEVO AUMENTO DE LAS JUBILACIONES Y PLANES SOCIALES","datePublished":"2023-08-11T01:06:49+00:00","dateModified":"2023-08-11T01:36:36+00:00","mainEntityOfPage":{"@id":"https:\/\/apuntesdesanluis.com\/index.php\/2023\/08\/10\/el-gobierno-anuncio-un-nuevo-aumento-de-las-jubilaciones-y-planes-sociales\/"},"wordCount":902,"publisher":{"@id":"https:\/\/apuntesdesanluis.com\/#\/schema\/person\/b55151d52296fcce64d1a72538a70b90"},"image":{"@id":"https:\/\/apuntesdesanluis.com\/index.php\/2023\/08\/10\/el-gobierno-anuncio-un-nuevo-aumento-de-las-jubilaciones-y-planes-sociales\/#primaryimage"},"thumbnailUrl":"https:\/\/apuntesdesanluis.com\/wp-content\/uploads\/2023\/08\/MASSA-2.png","articleSection":["Nacionales\/Internacionales"],"inLanguage":"es-AR"},{"@type":"WebPage","@id":"https:\/\/apuntesdesanluis.com\/index.php\/2023\/08\/10\/el-gobierno-anuncio-un-nuevo-aumento-de-las-jubilaciones-y-planes-sociales\/","url":"https:\/\/apuntesdesanluis.com\/index.php\/2023\/08\/10\/el-gobierno-anuncio-un-nuevo-aumento-de-las-jubilaciones-y-planes-sociales\/","name":"EL GOBIERNO ANUNCI\u00d3 UN NUEVO AUMENTO DE LAS JUBILACIONES Y PLANES SOCIALES - Apuntes de San Luis","isPartOf":{"@id":"https:\/\/apuntesdesanluis.com\/#website"},"primaryImageOfPage":{"@id":"https:\/\/apuntesdesanluis.com\/index.php\/2023\/08\/10\/el-gobierno-anuncio-un-nuevo-aumento-de-las-jubilaciones-y-planes-sociales\/#primaryimage"},"image":{"@id":"https:\/\/apuntesdesanluis.com\/index.php\/2023\/08\/10\/el-gobierno-anuncio-un-nuevo-aumento-de-las-jubilaciones-y-planes-sociales\/#primaryimage"},"thumbnailUrl":"https:\/\/apuntesdesanluis.com\/wp-content\/uploads\/2023\/08\/MASSA-2.png","datePublished":"2023-08-11T01:06:49+00:00","dateModified":"2023-08-11T01:36:36+00:00","breadcrumb":{"@id":"https:\/\/apuntesdesanluis.com\/index.php\/2023\/08\/10\/el-gobierno-anuncio-un-nuevo-aumento-de-las-jubilaciones-y-planes-sociales\/#breadcrumb"},"inLanguage":"es-AR","potentialAction":[{"@type":"ReadAction","target":["https:\/\/apuntesdesanluis.com\/index.php\/2023\/08\/10\/el-gobierno-anuncio-un-nuevo-aumento-de-las-jubilaciones-y-planes-sociales\/"]}]},{"@type":"ImageObject","inLanguage":"es-AR","@id":"https:\/\/apuntesdesanluis.com\/index.php\/2023\/08\/10\/el-gobierno-anuncio-un-nuevo-aumento-de-las-jubilaciones-y-planes-sociales\/#primaryimage","url":"https:\/\/apuntesdesanluis.com\/wp-content\/uploads\/2023\/08\/MASSA-2.png","contentUrl":"https:\/\/apuntesdesanluis.com\/wp-content\/uploads\/2023\/08\/MASSA-2.png","width":842,"height":482},{"@type":"BreadcrumbList","@id":"https:\/\/apuntesdesanluis.com\/index.php\/2023\/08\/10\/el-gobierno-anuncio-un-nuevo-aumento-de-las-jubilaciones-y-planes-sociales\/#breadcrumb","itemListElement":[{"@type":"ListItem","position":1,"name":"Inicio","item":"https:\/\/apuntesdesanluis.com\/"},{"@type":"ListItem","position":2,"name":"EL GOBIERNO ANUNCI\u00d3 UN NUEVO AUMENTO DE LAS JUBILACIONES Y PLANES SOCIALES"}]},{"@type":"WebSite","@id":"https:\/\/apuntesdesanluis.com\/#website","url":"https:\/\/apuntesdesanluis.com\/","name":"Apuntes de San Luis","description":"","publisher":{"@id":"https:\/\/apuntesdesanluis.com\/#\/schema\/person\/b55151d52296fcce64d1a72538a70b90"},"potentialAction":[{"@type":"SearchAction","target":{"@type":"EntryPoint","urlTemplate":"https:\/\/apuntesdesanluis.com\/?s={search_term_string}"},"query-input":{"@type":"PropertyValueSpecification","valueRequired":true,"valueName":"search_term_string"}}],"inLanguage":"es-AR"},{"@type":["Person","Organization"],"@id":"https:\/\/apuntesdesanluis.com\/#\/schema\/person\/b55151d52296fcce64d1a72538a70b90","name":"apuntesdesanluis.com","image":{"@type":"ImageObject","inLanguage":"es-AR","@id":"https:\/\/apuntesdesanluis.com\/#\/schema\/person\/image\/","url":"https:\/\/apuntesdesanluis.com\/wp-content\/uploads\/2023\/07\/cropped-apuntesdesanluis.png","contentUrl":"https:\/\/apuntesdesanluis.com\/wp-content\/uploads\/2023\/07\/cropped-apuntesdesanluis.png","width":450,"height":112,"caption":"apuntesdesanluis.com"},"logo":{"@id":"https:\/\/apuntesdesanluis.com\/#\/schema\/person\/image\/"},"sameAs":["https:\/\/apuntesdesanluis.com"],"url":"https:\/\/apuntesdesanluis.com\/index.php\/author\/apuntesdesanluis-com\/"}]}},"featured_image_urls":{"full":["https:\/\/apuntesdesanluis.com\/wp-content\/uploads\/2023\/08\/MASSA-2.png",842,482,false],"thumbnail":["https:\/\/apuntesdesanluis.com\/wp-content\/uploads\/2023\/08\/MASSA-2-150x150.png",150,150,true],"medium":["https:\/\/apuntesdesanluis.com\/wp-content\/uploads\/2023\/08\/MASSA-2-300x172.png",300,172,true],"medium_large":["https:\/\/apuntesdesanluis.com\/wp-content\/uploads\/2023\/08\/MASSA-2-768x440.png",640,367,true],"large":["https:\/\/apuntesdesanluis.com\/wp-content\/uploads\/2023\/08\/MASSA-2.png",640,366,false],"1536x1536":["https:\/\/apuntesdesanluis.com\/wp-content\/uploads\/2023\/08\/MASSA-2.png",842,482,false],"2048x2048":["https:\/\/apuntesdesanluis.com\/wp-content\/uploads\/2023\/08\/MASSA-2.png",842,482,false],"newsever-slider-full":["https:\/\/apuntesdesanluis.com\/wp-content\/uploads\/2023\/08\/MASSA-2.png",842,482,false],"newsever-featured":["https:\/\/apuntesdesanluis.com\/wp-content\/uploads\/2023\/08\/MASSA-2.png",842,482,false],"newsever-medium":["https:\/\/apuntesdesanluis.com\/wp-content\/uploads\/2023\/08\/MASSA-2-720x475.png",720,475,true]},"author_info":{"display_name":"apuntesdesanluis.com","author_link":"https:\/\/apuntesdesanluis.com\/index.php\/author\/apuntesdesanluis-com\/"},"category_info":"<a href=\"https:\/\/apuntesdesanluis.com\/index.php\/category\/nacionales-internacionales\/\" rel=\"category tag\">Nacionales\/Internacionales<\/a>","tag_info":"Nacionales\/Internacionales","comment_count":"0","_links":{"self":[{"href":"https:\/\/apuntesdesanluis.com\/index.php\/wp-json\/wp\/v2\/posts\/1427","targetHints":{"allow":["GET"]}}],"collection":[{"href":"https:\/\/apuntesdesanluis.com\/index.php\/wp-json\/wp\/v2\/posts"}],"about":[{"href":"https:\/\/apuntesdesanluis.com\/index.php\/wp-json\/wp\/v2\/types\/post"}],"author":[{"embeddable":true,"href":"https:\/\/apuntesdesanluis.com\/index.php\/wp-json\/wp\/v2\/users\/1"}],"replies":[{"embeddable":true,"href":"https:\/\/apuntesdesanluis.com\/index.php\/wp-json\/wp\/v2\/comments?post=1427"}],"version-history":[{"count":2,"href":"https:\/\/apuntesdesanluis.com\/index.php\/wp-json\/wp\/v2\/posts\/1427\/revisions"}],"predecessor-version":[{"id":1438,"href":"https:\/\/apuntesdesanluis.com\/index.php\/wp-json\/wp\/v2\/posts\/1427\/revisions\/1438"}],"wp:featuredmedia":[{"embeddable":true,"href":"https:\/\/apuntesdesanluis.com\/index.php\/wp-json\/wp\/v2\/media\/1428"}],"wp:attachment":[{"href":"https:\/\/apuntesdesanluis.com\/index.php\/wp-json\/wp\/v2\/media?parent=1427"}],"wp:term":[{"taxonomy":"category","embeddable":true,"href":"https:\/\/apuntesdesanluis.com\/index.php\/wp-json\/wp\/v2\/categories?post=1427"},{"taxonomy":"post_tag","embeddable":true,"href":"https:\/\/apuntesdesanluis.com\/index.php\/wp-json\/wp\/v2\/tags?post=1427"}],"curies":[{"name":"wp","href":"https:\/\/api.w.org\/{rel}","templated":true}]}}