{"id":1430,"date":"2023-08-10T22:28:04","date_gmt":"2023-08-11T01:28:04","guid":{"rendered":"https:\/\/apuntesdesanluis.com\/?p=1430"},"modified":"2023-08-10T22:28:04","modified_gmt":"2023-08-11T01:28:04","slug":"dramatica-protesta-en-el-obelisco-murio-un-manifestante-que-fue-detenido-por-la-policia","status":"publish","type":"post","link":"https:\/\/apuntesdesanluis.com\/index.php\/2023\/08\/10\/dramatica-protesta-en-el-obelisco-murio-un-manifestante-que-fue-detenido-por-la-policia\/","title":{"rendered":"DRAM\u00c1TICA PROTESTA EN EL OBELISCO: MURI\u00d3 UN MANIFESTANTE QUE FUE DETENIDO POR LA POLIC\u00cdA"},"content":{"rendered":"<h3 class=\"yiv7409174924ydp6329976emsonormal\" style=\"background: white;\"><span style=\"font-family: 'Arial','sans-serif'; color: #1d2228;\">Una protesta de las organizaciones Votamos Luchar y Rebeli\u00f3n Popular en el Obelisco termin\u00f3 con un hombre muerto, quien se descompens\u00f3 cuando era detenido por la Polic\u00eda de la Ciudad.<\/span><\/h3>\n<h3 class=\"yiv7409174924ydp6329976emsonormal\" style=\"background: white;\"><span style=\"font-family: 'Arial','sans-serif'; color: #1d2228;\">Seg\u00fan indicaron las agrupaciones, &#8220;realizaban un acto contra la farsa electoral y por la democracia del pueblo, cuando la Polic\u00eda arremeti\u00f3 contra los manifestantes hiriendo gravemente a uno de ellos y reteniendo a otros&#8221;.<\/span><\/h3>\n<h3 class=\"yiv7409174924ydp6329976emsonormal\" style=\"background: white;\"><span style=\"font-family: 'Arial','sans-serif'; color: #1d2228;\">&#8220;El compa\u00f1ero gravemente herido es <strong>Facundo Molares<\/strong>. Fue trasladado sin signos vitales despu\u00e9s de haber sido salvajemente golpeado&#8221;, subrayaron las organizaciones en un comunicado apenas hab\u00eda sido trasladado por la ambulancia.<\/span><\/h3>\n<h3 class=\"yiv7409174924ydp6329976emsonormal\" style=\"background: white;\"><span style=\"font-family: 'Arial','sans-serif'; color: #1d2228;\">Seg\u00fan se observa en videos del momento, uno de los manifestantes que estaba siendo detenido y era mantenido por efectivos policiales en el piso, sufri\u00f3 una descompensaci\u00f3n y debi\u00f3 ser reanimado en el lugar hasta que lleg\u00f3 la ambulancia.<\/span><\/h3>\n<h3 class=\"yiv7409174924ydp6329976emsonormal\" style=\"background: white;\"><span style=\"font-family: 'Arial','sans-serif'; color: #1d2228;\">Minutos m\u00e1s tarde, se confirm\u00f3 su fallecimiento de manera oficial.<\/span><\/h3>\n<p><iframe title=\"Una persona muerta tras la represi\u00f3n de la Polic\u00eda de la Ciudad\" width=\"640\" height=\"360\" src=\"https:\/\/www.youtube.com\/embed\/CKdw6CFgE10?feature=oembed\" frameborder=\"0\" allow=\"accelerometer; autoplay; clipboard-write; encrypted-media; gyroscope; picture-in-picture; web-share\" referrerpolicy=\"strict-origin-when-cross-origin\" allowfullscreen><\/iframe><\/p>\n<h3 class=\"yiv7409174924ydp6329976emsonormal\" style=\"background: white;\"><span style=\"font-family: 'Arial','sans-serif'; color: #1d2228;\">&#8220;Hacemos responsable al gobierno de (Horacio Rodr\u00edguez) Larreta y (Axel) Kicillof por dar la orden de reprimir. En momentos de profunda crisis los gobiernos se empe\u00f1an en avanzar contra quienes luchamos, mientras siguen reprimiendo y hambreando&#8221;, se\u00f1alaron las agrupaciones.<\/span><\/h3>\n<h3 class=\"yiv7409174924ydp6329976emsonormal\" style=\"background: white;\"><span style=\"font-family: 'Arial','sans-serif'; color: #1d2228;\">El SAME report\u00f3 que &#8220;el hombre de entre 40 y 45 a\u00f1os sin documentaci\u00f3n fue trasladado al Hospital Ramos Mejia desde el Obelisco&#8221;.<\/span><\/h3>\n<h3 class=\"yiv7409174924ydp6329976emsonormal\" style=\"background: white;\"><span style=\"font-family: 'Arial','sans-serif'; color: #1d2228;\">&#8220;Durante m\u00e1s de media hora se le hicieron maniobras de reanimaci\u00f3n hasta que se constat\u00f3 el fallecimiento.<\/span><\/h3>\n<h3 class=\"yiv7409174924ydp6329976emsonormal\" style=\"background: white;\"><span style=\"font-family: 'Arial','sans-serif'; color: #1d2228;\">Las causas del deceso se relacionan con un paro card\u00edaco producto de factores de riesgo. El cuerpo fue trasladado a la morgue judicial para la autopsia correspondiente&#8221;, indic\u00f3 el SAME.<\/span><\/h3>\n<h3 class=\"yiv7409174924ydp6329976emsonormal\" style=\"background: white;\"><span style=\"font-family: 'Arial','sans-serif'; color: #1d2228;\">La confirmaci\u00f3n de la muerte del manifestante, que era un militante de izquierda, gener\u00f3 que la protesta creciera y los \u00e1nimos se tensaran.<\/span><\/h3>\n<h3 class=\"yiv7409174924ydp6329976emsonormal\" style=\"background: white;\"><span style=\"font-family: 'Arial','sans-serif'; color: #1d2228;\">Las organizaciones convocantes tambi\u00e9n aseguraron que seis personas se encuentran detenidas.<\/span><\/h3>\n<h3 class=\"yiv7409174924ydp6329976emsonormal\" style=\"background: white;\"><span style=\"font-family: 'Arial','sans-serif'; color: #1d2228;\">&#8220;Ac\u00e1 hubo una detenci\u00f3n. Cualquier causa de riesgo es eso, que no hubiera pasado si hubiera sido detenido&#8221;, subray\u00f3 el postulante presidencial del Frente de Izquierda Gabriel Solano.<\/span><\/h3>\n<h3 class=\"yiv7409174924ydp6329976emsonormal\" style=\"background: white;\"><span style=\"font-family: 'Arial','sans-serif'; color: #1d2228;\">A su entender, &#8220;hay una decisi\u00f3n pol\u00edtica de reprimir sobre el final de la campa\u00f1a&#8221; de parte del gobierno porte\u00f1o de Rodr\u00edguez Larreta.<\/span><\/h3>\n","protected":false},"excerpt":{"rendered":"<p>Una protesta de las organizaciones Votamos Luchar y Rebeli\u00f3n Popular en el Obelisco termin\u00f3 con&#8230;<\/p>\n","protected":false},"author":1,"featured_media":1431,"comment_status":"closed","ping_status":"closed","sticky":false,"template":"","format":"standard","meta":{"footnotes":""},"categories":[5],"tags":[],"class_list":["post-1430","post","type-post","status-publish","format-standard","has-post-thumbnail","hentry","category-nacionales-internacionales"],"yoast_head":"<!-- This site is optimized with the Yoast SEO plugin v26.1.1 - https:\/\/yoast.com\/wordpress\/plugins\/seo\/ -->\n<title>DRAM\u00c1TICA PROTESTA EN EL OBELISCO: MURI\u00d3 UN MANIFESTANTE QUE FUE DETENIDO POR LA POLIC\u00cdA - Apuntes de San Luis<\/title>\n<meta name=\"robots\" content=\"index, follow, max-snippet:-1, max-image-preview:large, max-video-preview:-1\" \/>\n<link rel=\"canonical\" href=\"https:\/\/apuntesdesanluis.com\/index.php\/2023\/08\/10\/dramatica-protesta-en-el-obelisco-murio-un-manifestante-que-fue-detenido-por-la-policia\/\" \/>\n<meta property=\"og:locale\" content=\"es_ES\" \/>\n<meta property=\"og:type\" content=\"article\" \/>\n<meta property=\"og:title\" content=\"DRAM\u00c1TICA PROTESTA EN EL OBELISCO: MURI\u00d3 UN MANIFESTANTE QUE FUE DETENIDO POR LA POLIC\u00cdA - Apuntes de San Luis\" \/>\n<meta property=\"og:description\" content=\"Una protesta de las organizaciones Votamos Luchar y Rebeli\u00f3n Popular en el Obelisco termin\u00f3 con...\" \/>\n<meta property=\"og:url\" content=\"https:\/\/apuntesdesanluis.com\/index.php\/2023\/08\/10\/dramatica-protesta-en-el-obelisco-murio-un-manifestante-que-fue-detenido-por-la-policia\/\" \/>\n<meta property=\"og:site_name\" content=\"Apuntes de San Luis\" \/>\n<meta property=\"article:published_time\" content=\"2023-08-11T01:28:04+00:00\" \/>\n<meta property=\"og:image\" content=\"https:\/\/apuntesdesanluis.com\/wp-content\/uploads\/2023\/08\/MANIFESTANTE-MUERTO.png\" \/>\n\t<meta property=\"og:image:width\" content=\"700\" \/>\n\t<meta property=\"og:image:height\" content=\"424\" \/>\n\t<meta property=\"og:image:type\" content=\"image\/png\" \/>\n<meta name=\"author\" content=\"apuntesdesanluis.com\" \/>\n<meta name=\"twitter:card\" content=\"summary_large_image\" \/>\n<meta name=\"twitter:label1\" content=\"Escrito por\" \/>\n\t<meta name=\"twitter:data1\" content=\"apuntesdesanluis.com\" \/>\n\t<meta name=\"twitter:label2\" content=\"Tiempo de lectura\" \/>\n\t<meta name=\"twitter:data2\" content=\"2 minutos\" \/>\n<script type=\"application\/ld+json\" class=\"yoast-schema-graph\">{\"@context\":\"https:\/\/schema.org\",\"@graph\":[{\"@type\":\"Article\",\"@id\":\"https:\/\/apuntesdesanluis.com\/index.php\/2023\/08\/10\/dramatica-protesta-en-el-obelisco-murio-un-manifestante-que-fue-detenido-por-la-policia\/#article\",\"isPartOf\":{\"@id\":\"https:\/\/apuntesdesanluis.com\/index.php\/2023\/08\/10\/dramatica-protesta-en-el-obelisco-murio-un-manifestante-que-fue-detenido-por-la-policia\/\"},\"author\":{\"name\":\"apuntesdesanluis.com\",\"@id\":\"https:\/\/apuntesdesanluis.com\/#\/schema\/person\/b55151d52296fcce64d1a72538a70b90\"},\"headline\":\"DRAM\u00c1TICA PROTESTA EN EL OBELISCO: MURI\u00d3 UN MANIFESTANTE QUE FUE DETENIDO POR LA POLIC\u00cdA\",\"datePublished\":\"2023-08-11T01:28:04+00:00\",\"mainEntityOfPage\":{\"@id\":\"https:\/\/apuntesdesanluis.com\/index.php\/2023\/08\/10\/dramatica-protesta-en-el-obelisco-murio-un-manifestante-que-fue-detenido-por-la-policia\/\"},\"wordCount\":385,\"publisher\":{\"@id\":\"https:\/\/apuntesdesanluis.com\/#\/schema\/person\/b55151d52296fcce64d1a72538a70b90\"},\"image\":{\"@id\":\"https:\/\/apuntesdesanluis.com\/index.php\/2023\/08\/10\/dramatica-protesta-en-el-obelisco-murio-un-manifestante-que-fue-detenido-por-la-policia\/#primaryimage\"},\"thumbnailUrl\":\"https:\/\/apuntesdesanluis.com\/wp-content\/uploads\/2023\/08\/MANIFESTANTE-MUERTO.png\",\"articleSection\":[\"Nacionales\/Internacionales\"],\"inLanguage\":\"es-AR\"},{\"@type\":\"WebPage\",\"@id\":\"https:\/\/apuntesdesanluis.com\/index.php\/2023\/08\/10\/dramatica-protesta-en-el-obelisco-murio-un-manifestante-que-fue-detenido-por-la-policia\/\",\"url\":\"https:\/\/apuntesdesanluis.com\/index.php\/2023\/08\/10\/dramatica-protesta-en-el-obelisco-murio-un-manifestante-que-fue-detenido-por-la-policia\/\",\"name\":\"DRAM\u00c1TICA PROTESTA EN EL OBELISCO: MURI\u00d3 UN MANIFESTANTE QUE FUE DETENIDO POR LA POLIC\u00cdA - Apuntes de San Luis\",\"isPartOf\":{\"@id\":\"https:\/\/apuntesdesanluis.com\/#website\"},\"primaryImageOfPage\":{\"@id\":\"https:\/\/apuntesdesanluis.com\/index.php\/2023\/08\/10\/dramatica-protesta-en-el-obelisco-murio-un-manifestante-que-fue-detenido-por-la-policia\/#primaryimage\"},\"image\":{\"@id\":\"https:\/\/apuntesdesanluis.com\/index.php\/2023\/08\/10\/dramatica-protesta-en-el-obelisco-murio-un-manifestante-que-fue-detenido-por-la-policia\/#primaryimage\"},\"thumbnailUrl\":\"https:\/\/apuntesdesanluis.com\/wp-content\/uploads\/2023\/08\/MANIFESTANTE-MUERTO.png\",\"datePublished\":\"2023-08-11T01:28:04+00:00\",\"breadcrumb\":{\"@id\":\"https:\/\/apuntesdesanluis.com\/index.php\/2023\/08\/10\/dramatica-protesta-en-el-obelisco-murio-un-manifestante-que-fue-detenido-por-la-policia\/#breadcrumb\"},\"inLanguage\":\"es-AR\",\"potentialAction\":[{\"@type\":\"ReadAction\",\"target\":[\"https:\/\/apuntesdesanluis.com\/index.php\/2023\/08\/10\/dramatica-protesta-en-el-obelisco-murio-un-manifestante-que-fue-detenido-por-la-policia\/\"]}]},{\"@type\":\"ImageObject\",\"inLanguage\":\"es-AR\",\"@id\":\"https:\/\/apuntesdesanluis.com\/index.php\/2023\/08\/10\/dramatica-protesta-en-el-obelisco-murio-un-manifestante-que-fue-detenido-por-la-policia\/#primaryimage\",\"url\":\"https:\/\/apuntesdesanluis.com\/wp-content\/uploads\/2023\/08\/MANIFESTANTE-MUERTO.png\",\"contentUrl\":\"https:\/\/apuntesdesanluis.com\/wp-content\/uploads\/2023\/08\/MANIFESTANTE-MUERTO.png\",\"width\":700,\"height\":424},{\"@type\":\"BreadcrumbList\",\"@id\":\"https:\/\/apuntesdesanluis.com\/index.php\/2023\/08\/10\/dramatica-protesta-en-el-obelisco-murio-un-manifestante-que-fue-detenido-por-la-policia\/#breadcrumb\",\"itemListElement\":[{\"@type\":\"ListItem\",\"position\":1,\"name\":\"Inicio\",\"item\":\"https:\/\/apuntesdesanluis.com\/\"},{\"@type\":\"ListItem\",\"position\":2,\"name\":\"DRAM\u00c1TICA PROTESTA EN EL OBELISCO: MURI\u00d3 UN MANIFESTANTE QUE FUE DETENIDO POR LA POLIC\u00cdA\"}]},{\"@type\":\"WebSite\",\"@id\":\"https:\/\/apuntesdesanluis.com\/#website\",\"url\":\"https:\/\/apuntesdesanluis.com\/\",\"name\":\"Apuntes de San Luis\",\"description\":\"\",\"publisher\":{\"@id\":\"https:\/\/apuntesdesanluis.com\/#\/schema\/person\/b55151d52296fcce64d1a72538a70b90\"},\"potentialAction\":[{\"@type\":\"SearchAction\",\"target\":{\"@type\":\"EntryPoint\",\"urlTemplate\":\"https:\/\/apuntesdesanluis.com\/?s={search_term_string}\"},\"query-input\":{\"@type\":\"PropertyValueSpecification\",\"valueRequired\":true,\"valueName\":\"search_term_string\"}}],\"inLanguage\":\"es-AR\"},{\"@type\":[\"Person\",\"Organization\"],\"@id\":\"https:\/\/apuntesdesanluis.com\/#\/schema\/person\/b55151d52296fcce64d1a72538a70b90\",\"name\":\"apuntesdesanluis.com\",\"image\":{\"@type\":\"ImageObject\",\"inLanguage\":\"es-AR\",\"@id\":\"https:\/\/apuntesdesanluis.com\/#\/schema\/person\/image\/\",\"url\":\"https:\/\/apuntesdesanluis.com\/wp-content\/uploads\/2023\/07\/cropped-apuntesdesanluis.png\",\"contentUrl\":\"https:\/\/apuntesdesanluis.com\/wp-content\/uploads\/2023\/07\/cropped-apuntesdesanluis.png\",\"width\":450,\"height\":112,\"caption\":\"apuntesdesanluis.com\"},\"logo\":{\"@id\":\"https:\/\/apuntesdesanluis.com\/#\/schema\/person\/image\/\"},\"sameAs\":[\"https:\/\/apuntesdesanluis.com\"],\"url\":\"https:\/\/apuntesdesanluis.com\/index.php\/author\/apuntesdesanluis-com\/\"}]}<\/script>\n<!-- \/ Yoast SEO plugin. -->","yoast_head_json":{"title":"DRAM\u00c1TICA PROTESTA EN EL OBELISCO: MURI\u00d3 UN MANIFESTANTE QUE FUE DETENIDO POR LA POLIC\u00cdA - Apuntes de San Luis","robots":{"index":"index","follow":"follow","max-snippet":"max-snippet:-1","max-image-preview":"max-image-preview:large","max-video-preview":"max-video-preview:-1"},"canonical":"https:\/\/apuntesdesanluis.com\/index.php\/2023\/08\/10\/dramatica-protesta-en-el-obelisco-murio-un-manifestante-que-fue-detenido-por-la-policia\/","og_locale":"es_ES","og_type":"article","og_title":"DRAM\u00c1TICA PROTESTA EN EL OBELISCO: MURI\u00d3 UN MANIFESTANTE QUE FUE DETENIDO POR LA POLIC\u00cdA - Apuntes de San Luis","og_description":"Una protesta de las organizaciones Votamos Luchar y Rebeli\u00f3n Popular en el Obelisco termin\u00f3 con...","og_url":"https:\/\/apuntesdesanluis.com\/index.php\/2023\/08\/10\/dramatica-protesta-en-el-obelisco-murio-un-manifestante-que-fue-detenido-por-la-policia\/","og_site_name":"Apuntes de San Luis","article_published_time":"2023-08-11T01:28:04+00:00","og_image":[{"width":700,"height":424,"url":"https:\/\/apuntesdesanluis.com\/wp-content\/uploads\/2023\/08\/MANIFESTANTE-MUERTO.png","type":"image\/png"}],"author":"apuntesdesanluis.com","twitter_card":"summary_large_image","twitter_misc":{"Escrito por":"apuntesdesanluis.com","Tiempo de lectura":"2 minutos"},"schema":{"@context":"https:\/\/schema.org","@graph":[{"@type":"Article","@id":"https:\/\/apuntesdesanluis.com\/index.php\/2023\/08\/10\/dramatica-protesta-en-el-obelisco-murio-un-manifestante-que-fue-detenido-por-la-policia\/#article","isPartOf":{"@id":"https:\/\/apuntesdesanluis.com\/index.php\/2023\/08\/10\/dramatica-protesta-en-el-obelisco-murio-un-manifestante-que-fue-detenido-por-la-policia\/"},"author":{"name":"apuntesdesanluis.com","@id":"https:\/\/apuntesdesanluis.com\/#\/schema\/person\/b55151d52296fcce64d1a72538a70b90"},"headline":"DRAM\u00c1TICA PROTESTA EN EL OBELISCO: MURI\u00d3 UN MANIFESTANTE QUE FUE DETENIDO POR LA POLIC\u00cdA","datePublished":"2023-08-11T01:28:04+00:00","mainEntityOfPage":{"@id":"https:\/\/apuntesdesanluis.com\/index.php\/2023\/08\/10\/dramatica-protesta-en-el-obelisco-murio-un-manifestante-que-fue-detenido-por-la-policia\/"},"wordCount":385,"publisher":{"@id":"https:\/\/apuntesdesanluis.com\/#\/schema\/person\/b55151d52296fcce64d1a72538a70b90"},"image":{"@id":"https:\/\/apuntesdesanluis.com\/index.php\/2023\/08\/10\/dramatica-protesta-en-el-obelisco-murio-un-manifestante-que-fue-detenido-por-la-policia\/#primaryimage"},"thumbnailUrl":"https:\/\/apuntesdesanluis.com\/wp-content\/uploads\/2023\/08\/MANIFESTANTE-MUERTO.png","articleSection":["Nacionales\/Internacionales"],"inLanguage":"es-AR"},{"@type":"WebPage","@id":"https:\/\/apuntesdesanluis.com\/index.php\/2023\/08\/10\/dramatica-protesta-en-el-obelisco-murio-un-manifestante-que-fue-detenido-por-la-policia\/","url":"https:\/\/apuntesdesanluis.com\/index.php\/2023\/08\/10\/dramatica-protesta-en-el-obelisco-murio-un-manifestante-que-fue-detenido-por-la-policia\/","name":"DRAM\u00c1TICA PROTESTA EN EL OBELISCO: MURI\u00d3 UN MANIFESTANTE QUE FUE DETENIDO POR LA POLIC\u00cdA - Apuntes de San Luis","isPartOf":{"@id":"https:\/\/apuntesdesanluis.com\/#website"},"primaryImageOfPage":{"@id":"https:\/\/apuntesdesanluis.com\/index.php\/2023\/08\/10\/dramatica-protesta-en-el-obelisco-murio-un-manifestante-que-fue-detenido-por-la-policia\/#primaryimage"},"image":{"@id":"https:\/\/apuntesdesanluis.com\/index.php\/2023\/08\/10\/dramatica-protesta-en-el-obelisco-murio-un-manifestante-que-fue-detenido-por-la-policia\/#primaryimage"},"thumbnailUrl":"https:\/\/apuntesdesanluis.com\/wp-content\/uploads\/2023\/08\/MANIFESTANTE-MUERTO.png","datePublished":"2023-08-11T01:28:04+00:00","breadcrumb":{"@id":"https:\/\/apuntesdesanluis.com\/index.php\/2023\/08\/10\/dramatica-protesta-en-el-obelisco-murio-un-manifestante-que-fue-detenido-por-la-policia\/#breadcrumb"},"inLanguage":"es-AR","potentialAction":[{"@type":"ReadAction","target":["https:\/\/apuntesdesanluis.com\/index.php\/2023\/08\/10\/dramatica-protesta-en-el-obelisco-murio-un-manifestante-que-fue-detenido-por-la-policia\/"]}]},{"@type":"ImageObject","inLanguage":"es-AR","@id":"https:\/\/apuntesdesanluis.com\/index.php\/2023\/08\/10\/dramatica-protesta-en-el-obelisco-murio-un-manifestante-que-fue-detenido-por-la-policia\/#primaryimage","url":"https:\/\/apuntesdesanluis.com\/wp-content\/uploads\/2023\/08\/MANIFESTANTE-MUERTO.png","contentUrl":"https:\/\/apuntesdesanluis.com\/wp-content\/uploads\/2023\/08\/MANIFESTANTE-MUERTO.png","width":700,"height":424},{"@type":"BreadcrumbList","@id":"https:\/\/apuntesdesanluis.com\/index.php\/2023\/08\/10\/dramatica-protesta-en-el-obelisco-murio-un-manifestante-que-fue-detenido-por-la-policia\/#breadcrumb","itemListElement":[{"@type":"ListItem","position":1,"name":"Inicio","item":"https:\/\/apuntesdesanluis.com\/"},{"@type":"ListItem","position":2,"name":"DRAM\u00c1TICA PROTESTA EN EL OBELISCO: MURI\u00d3 UN MANIFESTANTE QUE FUE DETENIDO POR LA POLIC\u00cdA"}]},{"@type":"WebSite","@id":"https:\/\/apuntesdesanluis.com\/#website","url":"https:\/\/apuntesdesanluis.com\/","name":"Apuntes de San Luis","description":"","publisher":{"@id":"https:\/\/apuntesdesanluis.com\/#\/schema\/person\/b55151d52296fcce64d1a72538a70b90"},"potentialAction":[{"@type":"SearchAction","target":{"@type":"EntryPoint","urlTemplate":"https:\/\/apuntesdesanluis.com\/?s={search_term_string}"},"query-input":{"@type":"PropertyValueSpecification","valueRequired":true,"valueName":"search_term_string"}}],"inLanguage":"es-AR"},{"@type":["Person","Organization"],"@id":"https:\/\/apuntesdesanluis.com\/#\/schema\/person\/b55151d52296fcce64d1a72538a70b90","name":"apuntesdesanluis.com","image":{"@type":"ImageObject","inLanguage":"es-AR","@id":"https:\/\/apuntesdesanluis.com\/#\/schema\/person\/image\/","url":"https:\/\/apuntesdesanluis.com\/wp-content\/uploads\/2023\/07\/cropped-apuntesdesanluis.png","contentUrl":"https:\/\/apuntesdesanluis.com\/wp-content\/uploads\/2023\/07\/cropped-apuntesdesanluis.png","width":450,"height":112,"caption":"apuntesdesanluis.com"},"logo":{"@id":"https:\/\/apuntesdesanluis.com\/#\/schema\/person\/image\/"},"sameAs":["https:\/\/apuntesdesanluis.com"],"url":"https:\/\/apuntesdesanluis.com\/index.php\/author\/apuntesdesanluis-com\/"}]}},"featured_image_urls":{"full":["https:\/\/apuntesdesanluis.com\/wp-content\/uploads\/2023\/08\/MANIFESTANTE-MUERTO.png",700,424,false],"thumbnail":["https:\/\/apuntesdesanluis.com\/wp-content\/uploads\/2023\/08\/MANIFESTANTE-MUERTO-150x150.png",150,150,true],"medium":["https:\/\/apuntesdesanluis.com\/wp-content\/uploads\/2023\/08\/MANIFESTANTE-MUERTO-300x182.png",300,182,true],"medium_large":["https:\/\/apuntesdesanluis.com\/wp-content\/uploads\/2023\/08\/MANIFESTANTE-MUERTO.png",640,388,false],"large":["https:\/\/apuntesdesanluis.com\/wp-content\/uploads\/2023\/08\/MANIFESTANTE-MUERTO.png",640,388,false],"1536x1536":["https:\/\/apuntesdesanluis.com\/wp-content\/uploads\/2023\/08\/MANIFESTANTE-MUERTO.png",700,424,false],"2048x2048":["https:\/\/apuntesdesanluis.com\/wp-content\/uploads\/2023\/08\/MANIFESTANTE-MUERTO.png",700,424,false],"newsever-slider-full":["https:\/\/apuntesdesanluis.com\/wp-content\/uploads\/2023\/08\/MANIFESTANTE-MUERTO.png",700,424,false],"newsever-featured":["https:\/\/apuntesdesanluis.com\/wp-content\/uploads\/2023\/08\/MANIFESTANTE-MUERTO.png",700,424,false],"newsever-medium":["https:\/\/apuntesdesanluis.com\/wp-content\/uploads\/2023\/08\/MANIFESTANTE-MUERTO.png",700,424,false]},"author_info":{"display_name":"apuntesdesanluis.com","author_link":"https:\/\/apuntesdesanluis.com\/index.php\/author\/apuntesdesanluis-com\/"},"category_info":"<a href=\"https:\/\/apuntesdesanluis.com\/index.php\/category\/nacionales-internacionales\/\" rel=\"category tag\">Nacionales\/Internacionales<\/a>","tag_info":"Nacionales\/Internacionales","comment_count":"0","_links":{"self":[{"href":"https:\/\/apuntesdesanluis.com\/index.php\/wp-json\/wp\/v2\/posts\/1430","targetHints":{"allow":["GET"]}}],"collection":[{"href":"https:\/\/apuntesdesanluis.com\/index.php\/wp-json\/wp\/v2\/posts"}],"about":[{"href":"https:\/\/apuntesdesanluis.com\/index.php\/wp-json\/wp\/v2\/types\/post"}],"author":[{"embeddable":true,"href":"https:\/\/apuntesdesanluis.com\/index.php\/wp-json\/wp\/v2\/users\/1"}],"replies":[{"embeddable":true,"href":"https:\/\/apuntesdesanluis.com\/index.php\/wp-json\/wp\/v2\/comments?post=1430"}],"version-history":[{"count":1,"href":"https:\/\/apuntesdesanluis.com\/index.php\/wp-json\/wp\/v2\/posts\/1430\/revisions"}],"predecessor-version":[{"id":1432,"href":"https:\/\/apuntesdesanluis.com\/index.php\/wp-json\/wp\/v2\/posts\/1430\/revisions\/1432"}],"wp:featuredmedia":[{"embeddable":true,"href":"https:\/\/apuntesdesanluis.com\/index.php\/wp-json\/wp\/v2\/media\/1431"}],"wp:attachment":[{"href":"https:\/\/apuntesdesanluis.com\/index.php\/wp-json\/wp\/v2\/media?parent=1430"}],"wp:term":[{"taxonomy":"category","embeddable":true,"href":"https:\/\/apuntesdesanluis.com\/index.php\/wp-json\/wp\/v2\/categories?post=1430"},{"taxonomy":"post_tag","embeddable":true,"href":"https:\/\/apuntesdesanluis.com\/index.php\/wp-json\/wp\/v2\/tags?post=1430"}],"curies":[{"name":"wp","href":"https:\/\/api.w.org\/{rel}","templated":true}]}}