{"id":14329,"date":"2024-04-08T16:06:35","date_gmt":"2024-04-08T19:06:35","guid":{"rendered":"https:\/\/apuntesdesanluis.com\/?p=14329"},"modified":"2024-04-08T16:06:35","modified_gmt":"2024-04-08T19:06:35","slug":"adorni-respaldo-a-pettovello-y-aseguro-que-la-opinion-de-benegas-lynch-sobre-educacion-corre-por-su-cuenta","status":"publish","type":"post","link":"https:\/\/apuntesdesanluis.com\/index.php\/2024\/04\/08\/adorni-respaldo-a-pettovello-y-aseguro-que-la-opinion-de-benegas-lynch-sobre-educacion-corre-por-su-cuenta\/","title":{"rendered":"ADORNI RESPALD\u00d3 A PETTOVELLO Y ASEGUR\u00d3 QUE LA OPINI\u00d3N DE BENEGAS LYNCH SOBRE EDUCACI\u00d3N &#8220;CORRE POR SU CUENTA&#8221;"},"content":{"rendered":"<h3>El vocero presidencial, <strong>Manuel Adorni<\/strong>, tom\u00f3 distancias de los dichos del diputado de La Libertad Avanza A<strong>lberto \u201cBerti\u201d Benegas Lynch<\/strong> en materia educativa, y respald\u00f3 a la ministra de Capital Humano,<strong> Sandra Pettovello<\/strong>, al precisar que la educaci\u00f3n es &#8220;un recurso fundamental&#8221; para el pa\u00eds.<\/h3>\n<h3>&#8220;La Argentina sin conocimiento no tiene futuro, y por supuesto que lo que dice el diputado Benegas Lynch corres por su cuenta&#8221;, sostuvo el funcionario nacional en la habitual conferencia de prensa, en la que aclar\u00f3 que la postura del legislador &#8220;no tiene por qu\u00e9 coincidir con la opini\u00f3n del Gobierno&#8221; dado que en el gobierno de Javier Milei \u201cno se mueven en manada\u201d.<\/h3>\n<h3>Asimismo, en sinton\u00eda con Pettovello, Adorni plante\u00f3 que para la administraci\u00f3n libertaria \u201cla educaci\u00f3n es un recurso fundamental\u201d, y expuso: \u201cSiempre habl\u00e9 que la Argentina sin conocimiento no tiene futuro\u201d.<\/h3>\n<h3>\u201cDe fondo, la batalla contra la pobreza, lo m\u00e1s importante de eso m\u00e1s all\u00e1 de la dignidad, es tener la posibilidad de capacitar a los chicos. Lo \u00fanico que garantiza un futuro es la educaci\u00f3n\u201d, subray\u00f3 el vocero.<\/h3>\n<h3>En la misma l\u00ednea, respald\u00f3 a la titular de Capital Humano, la primera en tomar distancia de las pol\u00e9micas expresiones del diputado: \u201cLa mejor frase que escuch\u00e9 en los \u00faltimos tiempos es la frase de la ministra Pettovello que dice \u2018hombres trabajando y ni\u00f1os estudiando\u2019. Los ni\u00f1os que hoy estudien son los que nos van a garantizar a todos una Argentina el d\u00eda de ma\u00f1ana\u201d.<\/h3>\n<h3>Las aclaraciones de la administraci\u00f3n libertaria hacen referencia a los dichos de economista, hijo del reconocido <strong>Alberto Benegas Lynch<\/strong> (foto), quien afirm\u00f3: \u201cNo creo en la obligatoriedad de la educaci\u00f3n. Es una responsabilidad de los padres. Vos a tu hijo le quer\u00e9s dar lo mejor\u201d.<\/h3>\n<p><img fetchpriority=\"high\" decoding=\"async\" class=\"wp-image-14330 aligncenter\" src=\"https:\/\/apuntesdesanluis.com\/wp-content\/uploads\/2024\/04\/Benegas-linch-300x182.png\" alt=\"\" width=\"618\" height=\"375\" srcset=\"https:\/\/apuntesdesanluis.com\/wp-content\/uploads\/2024\/04\/Benegas-linch-300x182.png 300w, https:\/\/apuntesdesanluis.com\/wp-content\/uploads\/2024\/04\/Benegas-linch.png 600w\" sizes=\"(max-width: 618px) 100vw, 618px\" \/><\/p>\n<h3>\u201cMuchas veces puede pasar en la estancia, y sobre todo en Argentina, que no te pod\u00e9s dar el lujo de mandar a tu hijo al colegio porque lo necesit\u00e1s en el taller junto al padre trabajando y no lo puede mandar a la universidad\u201d, complet\u00f3, y se pregunt\u00f3: \u201c\u00bfC\u00f3mo va a ser el Estado el que decide sobre el chico? A mi ni se me ocurre una cosa m\u00e1s invasiva\u201d.<\/h3>\n<h3>Horas m\u00e1s tarde, Pettovello aclar\u00f3: &#8220;El Estado y la sociedad civil tambi\u00e9n forman parte de la tutela de la Educaci\u00f3n&#8221;.<\/h3>\n<h3>Tambi\u00e9n record\u00f3 que &#8220;la educaci\u00f3n obligatoria fue propuesta en el contexto del pensamiento humanista liberal justamente para promover la libertad de los menores tutelados por adultos&#8221;.<\/h3>\n<h3>&#8220;Es cierto que la educaci\u00f3n obligatoria ha derivado muchas veces en el adoctrinamiento o el monopolio ideol\u00f3gico. Pero de esto no deben seguirse falsas soluciones que caen en otros absolutismos, como el de los padres sobre los hijos&#8221;, concluy\u00f3 la ministra.<\/h3>\n<p>&nbsp;<\/p>\n<p>&nbsp;<\/p>\n","protected":false},"excerpt":{"rendered":"<p>El vocero presidencial, Manuel Adorni, tom\u00f3 distancias de los dichos del diputado de La Libertad&#8230;<\/p>\n","protected":false},"author":1,"featured_media":8566,"comment_status":"closed","ping_status":"closed","sticky":false,"template":"","format":"standard","meta":{"footnotes":""},"categories":[5],"tags":[],"class_list":["post-14329","post","type-post","status-publish","format-standard","has-post-thumbnail","hentry","category-nacionales-internacionales"],"yoast_head":"<!-- This site is optimized with the Yoast SEO plugin v26.1.1 - https:\/\/yoast.com\/wordpress\/plugins\/seo\/ -->\n<title>ADORNI RESPALD\u00d3 A PETTOVELLO Y ASEGUR\u00d3 QUE LA OPINI\u00d3N DE BENEGAS LYNCH SOBRE EDUCACI\u00d3N &quot;CORRE POR SU CUENTA&quot; - Apuntes de San Luis<\/title>\n<meta name=\"robots\" content=\"index, follow, max-snippet:-1, max-image-preview:large, max-video-preview:-1\" \/>\n<link rel=\"canonical\" href=\"https:\/\/apuntesdesanluis.com\/index.php\/2024\/04\/08\/adorni-respaldo-a-pettovello-y-aseguro-que-la-opinion-de-benegas-lynch-sobre-educacion-corre-por-su-cuenta\/\" \/>\n<meta property=\"og:locale\" content=\"es_ES\" \/>\n<meta property=\"og:type\" content=\"article\" \/>\n<meta property=\"og:title\" content=\"ADORNI RESPALD\u00d3 A PETTOVELLO Y ASEGUR\u00d3 QUE LA OPINI\u00d3N DE BENEGAS LYNCH SOBRE EDUCACI\u00d3N &quot;CORRE POR SU CUENTA&quot; - Apuntes de San Luis\" \/>\n<meta property=\"og:description\" content=\"El vocero presidencial, Manuel Adorni, tom\u00f3 distancias de los dichos del diputado de La Libertad...\" \/>\n<meta property=\"og:url\" content=\"https:\/\/apuntesdesanluis.com\/index.php\/2024\/04\/08\/adorni-respaldo-a-pettovello-y-aseguro-que-la-opinion-de-benegas-lynch-sobre-educacion-corre-por-su-cuenta\/\" \/>\n<meta property=\"og:site_name\" content=\"Apuntes de San Luis\" \/>\n<meta property=\"article:published_time\" content=\"2024-04-08T19:06:35+00:00\" \/>\n<meta property=\"og:image\" content=\"https:\/\/apuntesdesanluis.com\/wp-content\/uploads\/2023\/12\/SANDRA-PETTOVELLO.png\" \/>\n\t<meta property=\"og:image:width\" content=\"600\" \/>\n\t<meta property=\"og:image:height\" content=\"337\" \/>\n\t<meta property=\"og:image:type\" content=\"image\/png\" \/>\n<meta name=\"author\" content=\"apuntesdesanluis.com\" \/>\n<meta name=\"twitter:card\" content=\"summary_large_image\" \/>\n<meta name=\"twitter:label1\" content=\"Escrito por\" \/>\n\t<meta name=\"twitter:data1\" content=\"apuntesdesanluis.com\" \/>\n\t<meta name=\"twitter:label2\" content=\"Tiempo de lectura\" \/>\n\t<meta name=\"twitter:data2\" content=\"3 minutos\" \/>\n<script type=\"application\/ld+json\" class=\"yoast-schema-graph\">{\"@context\":\"https:\/\/schema.org\",\"@graph\":[{\"@type\":\"Article\",\"@id\":\"https:\/\/apuntesdesanluis.com\/index.php\/2024\/04\/08\/adorni-respaldo-a-pettovello-y-aseguro-que-la-opinion-de-benegas-lynch-sobre-educacion-corre-por-su-cuenta\/#article\",\"isPartOf\":{\"@id\":\"https:\/\/apuntesdesanluis.com\/index.php\/2024\/04\/08\/adorni-respaldo-a-pettovello-y-aseguro-que-la-opinion-de-benegas-lynch-sobre-educacion-corre-por-su-cuenta\/\"},\"author\":{\"name\":\"apuntesdesanluis.com\",\"@id\":\"https:\/\/apuntesdesanluis.com\/#\/schema\/person\/b55151d52296fcce64d1a72538a70b90\"},\"headline\":\"ADORNI RESPALD\u00d3 A PETTOVELLO Y ASEGUR\u00d3 QUE LA OPINI\u00d3N DE BENEGAS LYNCH SOBRE EDUCACI\u00d3N &#8220;CORRE POR SU CUENTA&#8221;\",\"datePublished\":\"2024-04-08T19:06:35+00:00\",\"mainEntityOfPage\":{\"@id\":\"https:\/\/apuntesdesanluis.com\/index.php\/2024\/04\/08\/adorni-respaldo-a-pettovello-y-aseguro-que-la-opinion-de-benegas-lynch-sobre-educacion-corre-por-su-cuenta\/\"},\"wordCount\":495,\"publisher\":{\"@id\":\"https:\/\/apuntesdesanluis.com\/#\/schema\/person\/b55151d52296fcce64d1a72538a70b90\"},\"image\":{\"@id\":\"https:\/\/apuntesdesanluis.com\/index.php\/2024\/04\/08\/adorni-respaldo-a-pettovello-y-aseguro-que-la-opinion-de-benegas-lynch-sobre-educacion-corre-por-su-cuenta\/#primaryimage\"},\"thumbnailUrl\":\"https:\/\/apuntesdesanluis.com\/wp-content\/uploads\/2023\/12\/SANDRA-PETTOVELLO.png\",\"articleSection\":[\"Nacionales\/Internacionales\"],\"inLanguage\":\"es-AR\"},{\"@type\":\"WebPage\",\"@id\":\"https:\/\/apuntesdesanluis.com\/index.php\/2024\/04\/08\/adorni-respaldo-a-pettovello-y-aseguro-que-la-opinion-de-benegas-lynch-sobre-educacion-corre-por-su-cuenta\/\",\"url\":\"https:\/\/apuntesdesanluis.com\/index.php\/2024\/04\/08\/adorni-respaldo-a-pettovello-y-aseguro-que-la-opinion-de-benegas-lynch-sobre-educacion-corre-por-su-cuenta\/\",\"name\":\"ADORNI RESPALD\u00d3 A PETTOVELLO Y ASEGUR\u00d3 QUE LA OPINI\u00d3N DE BENEGAS LYNCH SOBRE EDUCACI\u00d3N \\\"CORRE POR SU CUENTA\\\" - Apuntes de San Luis\",\"isPartOf\":{\"@id\":\"https:\/\/apuntesdesanluis.com\/#website\"},\"primaryImageOfPage\":{\"@id\":\"https:\/\/apuntesdesanluis.com\/index.php\/2024\/04\/08\/adorni-respaldo-a-pettovello-y-aseguro-que-la-opinion-de-benegas-lynch-sobre-educacion-corre-por-su-cuenta\/#primaryimage\"},\"image\":{\"@id\":\"https:\/\/apuntesdesanluis.com\/index.php\/2024\/04\/08\/adorni-respaldo-a-pettovello-y-aseguro-que-la-opinion-de-benegas-lynch-sobre-educacion-corre-por-su-cuenta\/#primaryimage\"},\"thumbnailUrl\":\"https:\/\/apuntesdesanluis.com\/wp-content\/uploads\/2023\/12\/SANDRA-PETTOVELLO.png\",\"datePublished\":\"2024-04-08T19:06:35+00:00\",\"breadcrumb\":{\"@id\":\"https:\/\/apuntesdesanluis.com\/index.php\/2024\/04\/08\/adorni-respaldo-a-pettovello-y-aseguro-que-la-opinion-de-benegas-lynch-sobre-educacion-corre-por-su-cuenta\/#breadcrumb\"},\"inLanguage\":\"es-AR\",\"potentialAction\":[{\"@type\":\"ReadAction\",\"target\":[\"https:\/\/apuntesdesanluis.com\/index.php\/2024\/04\/08\/adorni-respaldo-a-pettovello-y-aseguro-que-la-opinion-de-benegas-lynch-sobre-educacion-corre-por-su-cuenta\/\"]}]},{\"@type\":\"ImageObject\",\"inLanguage\":\"es-AR\",\"@id\":\"https:\/\/apuntesdesanluis.com\/index.php\/2024\/04\/08\/adorni-respaldo-a-pettovello-y-aseguro-que-la-opinion-de-benegas-lynch-sobre-educacion-corre-por-su-cuenta\/#primaryimage\",\"url\":\"https:\/\/apuntesdesanluis.com\/wp-content\/uploads\/2023\/12\/SANDRA-PETTOVELLO.png\",\"contentUrl\":\"https:\/\/apuntesdesanluis.com\/wp-content\/uploads\/2023\/12\/SANDRA-PETTOVELLO.png\",\"width\":600,\"height\":337},{\"@type\":\"BreadcrumbList\",\"@id\":\"https:\/\/apuntesdesanluis.com\/index.php\/2024\/04\/08\/adorni-respaldo-a-pettovello-y-aseguro-que-la-opinion-de-benegas-lynch-sobre-educacion-corre-por-su-cuenta\/#breadcrumb\",\"itemListElement\":[{\"@type\":\"ListItem\",\"position\":1,\"name\":\"Inicio\",\"item\":\"https:\/\/apuntesdesanluis.com\/\"},{\"@type\":\"ListItem\",\"position\":2,\"name\":\"ADORNI RESPALD\u00d3 A PETTOVELLO Y ASEGUR\u00d3 QUE LA OPINI\u00d3N DE BENEGAS LYNCH SOBRE EDUCACI\u00d3N &#8220;CORRE POR SU CUENTA&#8221;\"}]},{\"@type\":\"WebSite\",\"@id\":\"https:\/\/apuntesdesanluis.com\/#website\",\"url\":\"https:\/\/apuntesdesanluis.com\/\",\"name\":\"Apuntes de San Luis\",\"description\":\"\",\"publisher\":{\"@id\":\"https:\/\/apuntesdesanluis.com\/#\/schema\/person\/b55151d52296fcce64d1a72538a70b90\"},\"potentialAction\":[{\"@type\":\"SearchAction\",\"target\":{\"@type\":\"EntryPoint\",\"urlTemplate\":\"https:\/\/apuntesdesanluis.com\/?s={search_term_string}\"},\"query-input\":{\"@type\":\"PropertyValueSpecification\",\"valueRequired\":true,\"valueName\":\"search_term_string\"}}],\"inLanguage\":\"es-AR\"},{\"@type\":[\"Person\",\"Organization\"],\"@id\":\"https:\/\/apuntesdesanluis.com\/#\/schema\/person\/b55151d52296fcce64d1a72538a70b90\",\"name\":\"apuntesdesanluis.com\",\"image\":{\"@type\":\"ImageObject\",\"inLanguage\":\"es-AR\",\"@id\":\"https:\/\/apuntesdesanluis.com\/#\/schema\/person\/image\/\",\"url\":\"https:\/\/apuntesdesanluis.com\/wp-content\/uploads\/2023\/07\/cropped-apuntesdesanluis.png\",\"contentUrl\":\"https:\/\/apuntesdesanluis.com\/wp-content\/uploads\/2023\/07\/cropped-apuntesdesanluis.png\",\"width\":450,\"height\":112,\"caption\":\"apuntesdesanluis.com\"},\"logo\":{\"@id\":\"https:\/\/apuntesdesanluis.com\/#\/schema\/person\/image\/\"},\"sameAs\":[\"https:\/\/apuntesdesanluis.com\"],\"url\":\"https:\/\/apuntesdesanluis.com\/index.php\/author\/apuntesdesanluis-com\/\"}]}<\/script>\n<!-- \/ Yoast SEO plugin. -->","yoast_head_json":{"title":"ADORNI RESPALD\u00d3 A PETTOVELLO Y ASEGUR\u00d3 QUE LA OPINI\u00d3N DE BENEGAS LYNCH SOBRE EDUCACI\u00d3N \"CORRE POR SU CUENTA\" - Apuntes de San Luis","robots":{"index":"index","follow":"follow","max-snippet":"max-snippet:-1","max-image-preview":"max-image-preview:large","max-video-preview":"max-video-preview:-1"},"canonical":"https:\/\/apuntesdesanluis.com\/index.php\/2024\/04\/08\/adorni-respaldo-a-pettovello-y-aseguro-que-la-opinion-de-benegas-lynch-sobre-educacion-corre-por-su-cuenta\/","og_locale":"es_ES","og_type":"article","og_title":"ADORNI RESPALD\u00d3 A PETTOVELLO Y ASEGUR\u00d3 QUE LA OPINI\u00d3N DE BENEGAS LYNCH SOBRE EDUCACI\u00d3N \"CORRE POR SU CUENTA\" - Apuntes de San Luis","og_description":"El vocero presidencial, Manuel Adorni, tom\u00f3 distancias de los dichos del diputado de La Libertad...","og_url":"https:\/\/apuntesdesanluis.com\/index.php\/2024\/04\/08\/adorni-respaldo-a-pettovello-y-aseguro-que-la-opinion-de-benegas-lynch-sobre-educacion-corre-por-su-cuenta\/","og_site_name":"Apuntes de San Luis","article_published_time":"2024-04-08T19:06:35+00:00","og_image":[{"width":600,"height":337,"url":"https:\/\/apuntesdesanluis.com\/wp-content\/uploads\/2023\/12\/SANDRA-PETTOVELLO.png","type":"image\/png"}],"author":"apuntesdesanluis.com","twitter_card":"summary_large_image","twitter_misc":{"Escrito por":"apuntesdesanluis.com","Tiempo de lectura":"3 minutos"},"schema":{"@context":"https:\/\/schema.org","@graph":[{"@type":"Article","@id":"https:\/\/apuntesdesanluis.com\/index.php\/2024\/04\/08\/adorni-respaldo-a-pettovello-y-aseguro-que-la-opinion-de-benegas-lynch-sobre-educacion-corre-por-su-cuenta\/#article","isPartOf":{"@id":"https:\/\/apuntesdesanluis.com\/index.php\/2024\/04\/08\/adorni-respaldo-a-pettovello-y-aseguro-que-la-opinion-de-benegas-lynch-sobre-educacion-corre-por-su-cuenta\/"},"author":{"name":"apuntesdesanluis.com","@id":"https:\/\/apuntesdesanluis.com\/#\/schema\/person\/b55151d52296fcce64d1a72538a70b90"},"headline":"ADORNI RESPALD\u00d3 A PETTOVELLO Y ASEGUR\u00d3 QUE LA OPINI\u00d3N DE BENEGAS LYNCH SOBRE EDUCACI\u00d3N &#8220;CORRE POR SU CUENTA&#8221;","datePublished":"2024-04-08T19:06:35+00:00","mainEntityOfPage":{"@id":"https:\/\/apuntesdesanluis.com\/index.php\/2024\/04\/08\/adorni-respaldo-a-pettovello-y-aseguro-que-la-opinion-de-benegas-lynch-sobre-educacion-corre-por-su-cuenta\/"},"wordCount":495,"publisher":{"@id":"https:\/\/apuntesdesanluis.com\/#\/schema\/person\/b55151d52296fcce64d1a72538a70b90"},"image":{"@id":"https:\/\/apuntesdesanluis.com\/index.php\/2024\/04\/08\/adorni-respaldo-a-pettovello-y-aseguro-que-la-opinion-de-benegas-lynch-sobre-educacion-corre-por-su-cuenta\/#primaryimage"},"thumbnailUrl":"https:\/\/apuntesdesanluis.com\/wp-content\/uploads\/2023\/12\/SANDRA-PETTOVELLO.png","articleSection":["Nacionales\/Internacionales"],"inLanguage":"es-AR"},{"@type":"WebPage","@id":"https:\/\/apuntesdesanluis.com\/index.php\/2024\/04\/08\/adorni-respaldo-a-pettovello-y-aseguro-que-la-opinion-de-benegas-lynch-sobre-educacion-corre-por-su-cuenta\/","url":"https:\/\/apuntesdesanluis.com\/index.php\/2024\/04\/08\/adorni-respaldo-a-pettovello-y-aseguro-que-la-opinion-de-benegas-lynch-sobre-educacion-corre-por-su-cuenta\/","name":"ADORNI RESPALD\u00d3 A PETTOVELLO Y ASEGUR\u00d3 QUE LA OPINI\u00d3N DE BENEGAS LYNCH SOBRE EDUCACI\u00d3N \"CORRE POR SU CUENTA\" - Apuntes de San Luis","isPartOf":{"@id":"https:\/\/apuntesdesanluis.com\/#website"},"primaryImageOfPage":{"@id":"https:\/\/apuntesdesanluis.com\/index.php\/2024\/04\/08\/adorni-respaldo-a-pettovello-y-aseguro-que-la-opinion-de-benegas-lynch-sobre-educacion-corre-por-su-cuenta\/#primaryimage"},"image":{"@id":"https:\/\/apuntesdesanluis.com\/index.php\/2024\/04\/08\/adorni-respaldo-a-pettovello-y-aseguro-que-la-opinion-de-benegas-lynch-sobre-educacion-corre-por-su-cuenta\/#primaryimage"},"thumbnailUrl":"https:\/\/apuntesdesanluis.com\/wp-content\/uploads\/2023\/12\/SANDRA-PETTOVELLO.png","datePublished":"2024-04-08T19:06:35+00:00","breadcrumb":{"@id":"https:\/\/apuntesdesanluis.com\/index.php\/2024\/04\/08\/adorni-respaldo-a-pettovello-y-aseguro-que-la-opinion-de-benegas-lynch-sobre-educacion-corre-por-su-cuenta\/#breadcrumb"},"inLanguage":"es-AR","potentialAction":[{"@type":"ReadAction","target":["https:\/\/apuntesdesanluis.com\/index.php\/2024\/04\/08\/adorni-respaldo-a-pettovello-y-aseguro-que-la-opinion-de-benegas-lynch-sobre-educacion-corre-por-su-cuenta\/"]}]},{"@type":"ImageObject","inLanguage":"es-AR","@id":"https:\/\/apuntesdesanluis.com\/index.php\/2024\/04\/08\/adorni-respaldo-a-pettovello-y-aseguro-que-la-opinion-de-benegas-lynch-sobre-educacion-corre-por-su-cuenta\/#primaryimage","url":"https:\/\/apuntesdesanluis.com\/wp-content\/uploads\/2023\/12\/SANDRA-PETTOVELLO.png","contentUrl":"https:\/\/apuntesdesanluis.com\/wp-content\/uploads\/2023\/12\/SANDRA-PETTOVELLO.png","width":600,"height":337},{"@type":"BreadcrumbList","@id":"https:\/\/apuntesdesanluis.com\/index.php\/2024\/04\/08\/adorni-respaldo-a-pettovello-y-aseguro-que-la-opinion-de-benegas-lynch-sobre-educacion-corre-por-su-cuenta\/#breadcrumb","itemListElement":[{"@type":"ListItem","position":1,"name":"Inicio","item":"https:\/\/apuntesdesanluis.com\/"},{"@type":"ListItem","position":2,"name":"ADORNI RESPALD\u00d3 A PETTOVELLO Y ASEGUR\u00d3 QUE LA OPINI\u00d3N DE BENEGAS LYNCH SOBRE EDUCACI\u00d3N &#8220;CORRE POR SU CUENTA&#8221;"}]},{"@type":"WebSite","@id":"https:\/\/apuntesdesanluis.com\/#website","url":"https:\/\/apuntesdesanluis.com\/","name":"Apuntes de San Luis","description":"","publisher":{"@id":"https:\/\/apuntesdesanluis.com\/#\/schema\/person\/b55151d52296fcce64d1a72538a70b90"},"potentialAction":[{"@type":"SearchAction","target":{"@type":"EntryPoint","urlTemplate":"https:\/\/apuntesdesanluis.com\/?s={search_term_string}"},"query-input":{"@type":"PropertyValueSpecification","valueRequired":true,"valueName":"search_term_string"}}],"inLanguage":"es-AR"},{"@type":["Person","Organization"],"@id":"https:\/\/apuntesdesanluis.com\/#\/schema\/person\/b55151d52296fcce64d1a72538a70b90","name":"apuntesdesanluis.com","image":{"@type":"ImageObject","inLanguage":"es-AR","@id":"https:\/\/apuntesdesanluis.com\/#\/schema\/person\/image\/","url":"https:\/\/apuntesdesanluis.com\/wp-content\/uploads\/2023\/07\/cropped-apuntesdesanluis.png","contentUrl":"https:\/\/apuntesdesanluis.com\/wp-content\/uploads\/2023\/07\/cropped-apuntesdesanluis.png","width":450,"height":112,"caption":"apuntesdesanluis.com"},"logo":{"@id":"https:\/\/apuntesdesanluis.com\/#\/schema\/person\/image\/"},"sameAs":["https:\/\/apuntesdesanluis.com"],"url":"https:\/\/apuntesdesanluis.com\/index.php\/author\/apuntesdesanluis-com\/"}]}},"featured_image_urls":{"full":["https:\/\/apuntesdesanluis.com\/wp-content\/uploads\/2023\/12\/SANDRA-PETTOVELLO.png",600,337,false],"thumbnail":["https:\/\/apuntesdesanluis.com\/wp-content\/uploads\/2023\/12\/SANDRA-PETTOVELLO-150x150.png",150,150,true],"medium":["https:\/\/apuntesdesanluis.com\/wp-content\/uploads\/2023\/12\/SANDRA-PETTOVELLO-300x169.png",300,169,true],"medium_large":["https:\/\/apuntesdesanluis.com\/wp-content\/uploads\/2023\/12\/SANDRA-PETTOVELLO.png",600,337,false],"large":["https:\/\/apuntesdesanluis.com\/wp-content\/uploads\/2023\/12\/SANDRA-PETTOVELLO.png",600,337,false],"1536x1536":["https:\/\/apuntesdesanluis.com\/wp-content\/uploads\/2023\/12\/SANDRA-PETTOVELLO.png",600,337,false],"2048x2048":["https:\/\/apuntesdesanluis.com\/wp-content\/uploads\/2023\/12\/SANDRA-PETTOVELLO.png",600,337,false],"newsever-slider-full":["https:\/\/apuntesdesanluis.com\/wp-content\/uploads\/2023\/12\/SANDRA-PETTOVELLO.png",600,337,false],"newsever-featured":["https:\/\/apuntesdesanluis.com\/wp-content\/uploads\/2023\/12\/SANDRA-PETTOVELLO.png",600,337,false],"newsever-medium":["https:\/\/apuntesdesanluis.com\/wp-content\/uploads\/2023\/12\/SANDRA-PETTOVELLO.png",600,337,false]},"author_info":{"display_name":"apuntesdesanluis.com","author_link":"https:\/\/apuntesdesanluis.com\/index.php\/author\/apuntesdesanluis-com\/"},"category_info":"<a href=\"https:\/\/apuntesdesanluis.com\/index.php\/category\/nacionales-internacionales\/\" rel=\"category tag\">Nacionales\/Internacionales<\/a>","tag_info":"Nacionales\/Internacionales","comment_count":"0","_links":{"self":[{"href":"https:\/\/apuntesdesanluis.com\/index.php\/wp-json\/wp\/v2\/posts\/14329","targetHints":{"allow":["GET"]}}],"collection":[{"href":"https:\/\/apuntesdesanluis.com\/index.php\/wp-json\/wp\/v2\/posts"}],"about":[{"href":"https:\/\/apuntesdesanluis.com\/index.php\/wp-json\/wp\/v2\/types\/post"}],"author":[{"embeddable":true,"href":"https:\/\/apuntesdesanluis.com\/index.php\/wp-json\/wp\/v2\/users\/1"}],"replies":[{"embeddable":true,"href":"https:\/\/apuntesdesanluis.com\/index.php\/wp-json\/wp\/v2\/comments?post=14329"}],"version-history":[{"count":1,"href":"https:\/\/apuntesdesanluis.com\/index.php\/wp-json\/wp\/v2\/posts\/14329\/revisions"}],"predecessor-version":[{"id":14331,"href":"https:\/\/apuntesdesanluis.com\/index.php\/wp-json\/wp\/v2\/posts\/14329\/revisions\/14331"}],"wp:featuredmedia":[{"embeddable":true,"href":"https:\/\/apuntesdesanluis.com\/index.php\/wp-json\/wp\/v2\/media\/8566"}],"wp:attachment":[{"href":"https:\/\/apuntesdesanluis.com\/index.php\/wp-json\/wp\/v2\/media?parent=14329"}],"wp:term":[{"taxonomy":"category","embeddable":true,"href":"https:\/\/apuntesdesanluis.com\/index.php\/wp-json\/wp\/v2\/categories?post=14329"},{"taxonomy":"post_tag","embeddable":true,"href":"https:\/\/apuntesdesanluis.com\/index.php\/wp-json\/wp\/v2\/tags?post=14329"}],"curies":[{"name":"wp","href":"https:\/\/api.w.org\/{rel}","templated":true}]}}