{"id":1433,"date":"2023-08-10T22:31:40","date_gmt":"2023-08-11T01:31:40","guid":{"rendered":"https:\/\/apuntesdesanluis.com\/?p=1433"},"modified":"2023-08-10T22:31:40","modified_gmt":"2023-08-11T01:31:40","slug":"se-negaron-a-declarar-los-dos-acusados-por-el-crimen-de-morena","status":"publish","type":"post","link":"https:\/\/apuntesdesanluis.com\/index.php\/2023\/08\/10\/se-negaron-a-declarar-los-dos-acusados-por-el-crimen-de-morena\/","title":{"rendered":"SE NEGARON A DECLARAR LOS DOS ACUSADOS POR EL CRIMEN DE MORENA"},"content":{"rendered":"<h3 class=\"yiv7409174924ydp6329976emsonormal\" style=\"background: white;\"><span style=\"font-family: 'Arial','sans-serif'; color: #1d2228;\">Mientras la familia de <strong>Morena Dom\u00ednguez<\/strong>, la nena de 11 a\u00f1os asesinada a golpes en Lan\u00fas Oeste por motochorros que le robaron el celular, desped\u00eda sus restos junto a parientes, amigos, vecinos e integrantes de comunidad educativa de la escuela Almafuerte N\u00b060 frente a la que la mataron; los hermanos Madariaga se negaron a declarar ante la fiscal Silvia Bussone, confirmaron fuentes judiciales.<\/span><\/h3>\n<h3 class=\"yiv7409174924ydp6329976emsonormal\" style=\"background: white;\"><span style=\"font-family: 'Arial','sans-serif'; color: #1d2228;\">Se trata de <strong>Miguel \u00c1ngel (28) y Dar\u00edo (25) Madariaga<\/strong>, quienes este jueves eligieron el silencio cuando estuvieron ante la titular de la UFI N\u00b07 del departamento judicial de Lan\u00fas. El primero en ser indagado fue el mayor. Luego, el menor eligi\u00f3 el mismo camino que su hermano. No decir nada. Ambos son representados por un defensor oficial.<\/span><\/h3>\n<p><img fetchpriority=\"high\" decoding=\"async\" class=\"wp-image-1434 aligncenter\" src=\"https:\/\/apuntesdesanluis.com\/wp-content\/uploads\/2023\/08\/VELORIO-300x181.png\" alt=\"\" width=\"744\" height=\"449\" srcset=\"https:\/\/apuntesdesanluis.com\/wp-content\/uploads\/2023\/08\/VELORIO-300x181.png 300w, https:\/\/apuntesdesanluis.com\/wp-content\/uploads\/2023\/08\/VELORIO-768x464.png 768w, https:\/\/apuntesdesanluis.com\/wp-content\/uploads\/2023\/08\/VELORIO.png 846w\" sizes=\"(max-width: 744px) 100vw, 744px\" \/><\/p>\n<h3 class=\"yiv7409174924ydp6329976emsonormal\" style=\"background: white;\"><span style=\"font-family: 'Arial','sans-serif'; color: #1d2228;\">Ambos sospechosos est\u00e1n detenidos por los delitos de homicidio en ocasi\u00f3n de robo y encubrimiento, ya que la moto usada para atacar a la nena ten\u00eda un pedido de secuestro por robo del d\u00eda anterior, que tambi\u00e9n tramitaba en la fiscal\u00eda de Bussano. Justamente, ese veh\u00edculo fue secuestrado en el lugar que alquilaba uno de los detenidos, junto a otras personas.<\/span><\/h3>\n<h3 class=\"yiv7409174924ydp6329976emsonormal\" style=\"background: white;\"><span style=\"font-family: 'Arial','sans-serif'; color: #1d2228;\">Mientras tanto, se busca el celular que le robaron a Morena, con tareas a cargo de la DDI de Lan\u00fas de la Polic\u00eda Bonaerense. Fuentes del caso indicaron a este medio que \u201chay indicios del destino del aparato\u201d.<\/span><\/h3>\n<h3 class=\"yiv7409174924ydp6329976emsonormal\" style=\"background: white;\"><span style=\"font-family: 'Arial','sans-serif'; color: #1d2228;\">El primero de los hermanos Madariaga que fue detenido lo encontraron en el barrio Acuba, pero no en el lugar que alquilaba y donde estaba la moto utilizada en el asalto a Morena. S\u00ed con \u00e9l hallaron los cascos que usaron en el ataque que culmin\u00f3 con el crimen de la nena.<\/span><\/h3>\n<h3 class=\"yiv7409174924ydp6329976emsonormal\" style=\"background: white;\"><span style=\"font-family: 'Arial','sans-serif'; color: #1d2228;\">En tanto, al otro detenido lo capturaron en las inmediaciones de Puente Alsina. Una de las hip\u00f3tesis asegura que fue el encargado de internar vender el celular de la v\u00edctima. Si bien hay indicios de d\u00f3nde puede estar, el tel\u00e9fono de Morena no fue encontrado.<\/span><\/h3>\n<h3 class=\"yiv7409174924ydp6329976emsonormal\" style=\"background: white;\"><span style=\"font-family: 'Arial','sans-serif'; color: #1d2228;\">El padre de Morena, Hugo, indic\u00f3 que el tel\u00e9fono \u201csolo se activa por wifi\u201d, lo que da a entender que no ten\u00eda un plan de datos. Ese es un obst\u00e1culo, ya que al no andar el chip no puede ser rastreado por activaciones en impactos de antenas de celdas. En sus redes sociales, la menor se mostraba con al menos dos aparatos distintos.<\/span><\/h3>\n<h3 class=\"yiv7409174924ydp6329976emsonormal\" style=\"background: white;\"><span style=\"font-family: 'Arial','sans-serif'; color: #1d2228;\">Miguel, el mayor de los hermanos, nacido en 1997, hab\u00eda sido excarcelado en marzo de este a\u00f1o tras ser detenido por violaci\u00f3n de domicilio y resistencia a la autoridad. Antes hab\u00eda sido imputado por encubrimiento. Ambas causas tramitaron, seg\u00fan fuentes municipales, en la UFI N\u00b07. El menor hab\u00eda sido imputado en varias ocasiones por tenencia de estupefacientes para consumo personal.<\/span><\/h3>\n<h3 class=\"yiv7409174924ydp6329976emsonormal\" style=\"background: white;\"><span style=\"font-family: 'Arial','sans-serif'; color: #1d2228;\">Silvia Bussano, fiscal del caso, asegur\u00f3 en el programa Argenzuela, conducido por Jorge Rial en Radio 10. \u201cHubo varias l\u00edneas investigativas en la causa de la muerte de Morena, no s\u00f3lo se plantea una hip\u00f3tesis. Con la prueba que se ha incorporado hasta el momento, tenemos a los dos sospechosos\u201d<\/span><\/h3>\n<h3 class=\"yiv7409174924ydp6329976emsonormal\" style=\"background: white;\"><span style=\"font-family: 'Arial','sans-serif'; color: #1d2228;\">Una versi\u00f3n indicaba que los Madariaga cambiaron el celular por drogas. \u201cNo consta en la causa que hayan cambiado el celular por paco. Y al momento de ser detenidos no ten\u00edan droga encima\u201d, continu\u00f3 la funcionaria judicial.<\/span><\/h3>\n<h3 class=\"yiv7409174924ydp6329976emsonormal\" style=\"background: white;\"><span style=\"font-family: 'Arial','sans-serif'; color: #1d2228;\">En el mediod\u00eda de este jueves, en tanto, una multitud lleg\u00f3 a la casa de Villa Caraza del padre de Morena para despedir a la nena, quien fue velada all\u00ed. Luego, el cortejo parti\u00f3 hasta el cementerio de Lan\u00fas, donde sus restos descasan. Pero, en el camino, el coche f\u00fanebre fren\u00f3 en la escuela a la que iba la chica y sacaron parte del caj\u00f3n para una despedida: las escenas de sus compa\u00f1eros quebrados en llanto fueron desgarradoras.<\/span><\/h3>\n","protected":false},"excerpt":{"rendered":"<p>Mientras la familia de Morena Dom\u00ednguez, la nena de 11 a\u00f1os asesinada a golpes en&#8230;<\/p>\n","protected":false},"author":1,"featured_media":1375,"comment_status":"closed","ping_status":"closed","sticky":false,"template":"","format":"standard","meta":{"footnotes":""},"categories":[5],"tags":[],"class_list":["post-1433","post","type-post","status-publish","format-standard","has-post-thumbnail","hentry","category-nacionales-internacionales"],"yoast_head":"<!-- This site is optimized with the Yoast SEO plugin v26.1.1 - https:\/\/yoast.com\/wordpress\/plugins\/seo\/ -->\n<title>SE NEGARON A DECLARAR LOS DOS ACUSADOS POR EL CRIMEN DE MORENA - Apuntes de San Luis<\/title>\n<meta name=\"robots\" content=\"index, follow, max-snippet:-1, max-image-preview:large, max-video-preview:-1\" \/>\n<link rel=\"canonical\" href=\"https:\/\/apuntesdesanluis.com\/index.php\/2023\/08\/10\/se-negaron-a-declarar-los-dos-acusados-por-el-crimen-de-morena\/\" \/>\n<meta property=\"og:locale\" content=\"es_ES\" \/>\n<meta property=\"og:type\" content=\"article\" \/>\n<meta property=\"og:title\" content=\"SE NEGARON A DECLARAR LOS DOS ACUSADOS POR EL CRIMEN DE MORENA - Apuntes de San Luis\" \/>\n<meta property=\"og:description\" content=\"Mientras la familia de Morena Dom\u00ednguez, la nena de 11 a\u00f1os asesinada a golpes en...\" \/>\n<meta property=\"og:url\" content=\"https:\/\/apuntesdesanluis.com\/index.php\/2023\/08\/10\/se-negaron-a-declarar-los-dos-acusados-por-el-crimen-de-morena\/\" \/>\n<meta property=\"og:site_name\" content=\"Apuntes de San Luis\" \/>\n<meta property=\"article:published_time\" content=\"2023-08-11T01:31:40+00:00\" \/>\n<meta property=\"og:image\" content=\"https:\/\/apuntesdesanluis.com\/wp-content\/uploads\/2023\/08\/detenidos-1.png\" \/>\n\t<meta property=\"og:image:width\" content=\"687\" \/>\n\t<meta property=\"og:image:height\" content=\"411\" \/>\n\t<meta property=\"og:image:type\" content=\"image\/png\" \/>\n<meta name=\"author\" content=\"apuntesdesanluis.com\" \/>\n<meta name=\"twitter:card\" content=\"summary_large_image\" \/>\n<meta name=\"twitter:label1\" content=\"Escrito por\" \/>\n\t<meta name=\"twitter:data1\" content=\"apuntesdesanluis.com\" \/>\n\t<meta name=\"twitter:label2\" content=\"Tiempo de lectura\" \/>\n\t<meta name=\"twitter:data2\" content=\"3 minutos\" \/>\n<script type=\"application\/ld+json\" class=\"yoast-schema-graph\">{\"@context\":\"https:\/\/schema.org\",\"@graph\":[{\"@type\":\"Article\",\"@id\":\"https:\/\/apuntesdesanluis.com\/index.php\/2023\/08\/10\/se-negaron-a-declarar-los-dos-acusados-por-el-crimen-de-morena\/#article\",\"isPartOf\":{\"@id\":\"https:\/\/apuntesdesanluis.com\/index.php\/2023\/08\/10\/se-negaron-a-declarar-los-dos-acusados-por-el-crimen-de-morena\/\"},\"author\":{\"name\":\"apuntesdesanluis.com\",\"@id\":\"https:\/\/apuntesdesanluis.com\/#\/schema\/person\/b55151d52296fcce64d1a72538a70b90\"},\"headline\":\"SE NEGARON A DECLARAR LOS DOS ACUSADOS POR EL CRIMEN DE MORENA\",\"datePublished\":\"2023-08-11T01:31:40+00:00\",\"mainEntityOfPage\":{\"@id\":\"https:\/\/apuntesdesanluis.com\/index.php\/2023\/08\/10\/se-negaron-a-declarar-los-dos-acusados-por-el-crimen-de-morena\/\"},\"wordCount\":650,\"publisher\":{\"@id\":\"https:\/\/apuntesdesanluis.com\/#\/schema\/person\/b55151d52296fcce64d1a72538a70b90\"},\"image\":{\"@id\":\"https:\/\/apuntesdesanluis.com\/index.php\/2023\/08\/10\/se-negaron-a-declarar-los-dos-acusados-por-el-crimen-de-morena\/#primaryimage\"},\"thumbnailUrl\":\"https:\/\/apuntesdesanluis.com\/wp-content\/uploads\/2023\/08\/detenidos-1.png\",\"articleSection\":[\"Nacionales\/Internacionales\"],\"inLanguage\":\"es-AR\"},{\"@type\":\"WebPage\",\"@id\":\"https:\/\/apuntesdesanluis.com\/index.php\/2023\/08\/10\/se-negaron-a-declarar-los-dos-acusados-por-el-crimen-de-morena\/\",\"url\":\"https:\/\/apuntesdesanluis.com\/index.php\/2023\/08\/10\/se-negaron-a-declarar-los-dos-acusados-por-el-crimen-de-morena\/\",\"name\":\"SE NEGARON A DECLARAR LOS DOS ACUSADOS POR EL CRIMEN DE MORENA - Apuntes de San Luis\",\"isPartOf\":{\"@id\":\"https:\/\/apuntesdesanluis.com\/#website\"},\"primaryImageOfPage\":{\"@id\":\"https:\/\/apuntesdesanluis.com\/index.php\/2023\/08\/10\/se-negaron-a-declarar-los-dos-acusados-por-el-crimen-de-morena\/#primaryimage\"},\"image\":{\"@id\":\"https:\/\/apuntesdesanluis.com\/index.php\/2023\/08\/10\/se-negaron-a-declarar-los-dos-acusados-por-el-crimen-de-morena\/#primaryimage\"},\"thumbnailUrl\":\"https:\/\/apuntesdesanluis.com\/wp-content\/uploads\/2023\/08\/detenidos-1.png\",\"datePublished\":\"2023-08-11T01:31:40+00:00\",\"breadcrumb\":{\"@id\":\"https:\/\/apuntesdesanluis.com\/index.php\/2023\/08\/10\/se-negaron-a-declarar-los-dos-acusados-por-el-crimen-de-morena\/#breadcrumb\"},\"inLanguage\":\"es-AR\",\"potentialAction\":[{\"@type\":\"ReadAction\",\"target\":[\"https:\/\/apuntesdesanluis.com\/index.php\/2023\/08\/10\/se-negaron-a-declarar-los-dos-acusados-por-el-crimen-de-morena\/\"]}]},{\"@type\":\"ImageObject\",\"inLanguage\":\"es-AR\",\"@id\":\"https:\/\/apuntesdesanluis.com\/index.php\/2023\/08\/10\/se-negaron-a-declarar-los-dos-acusados-por-el-crimen-de-morena\/#primaryimage\",\"url\":\"https:\/\/apuntesdesanluis.com\/wp-content\/uploads\/2023\/08\/detenidos-1.png\",\"contentUrl\":\"https:\/\/apuntesdesanluis.com\/wp-content\/uploads\/2023\/08\/detenidos-1.png\",\"width\":687,\"height\":411},{\"@type\":\"BreadcrumbList\",\"@id\":\"https:\/\/apuntesdesanluis.com\/index.php\/2023\/08\/10\/se-negaron-a-declarar-los-dos-acusados-por-el-crimen-de-morena\/#breadcrumb\",\"itemListElement\":[{\"@type\":\"ListItem\",\"position\":1,\"name\":\"Inicio\",\"item\":\"https:\/\/apuntesdesanluis.com\/\"},{\"@type\":\"ListItem\",\"position\":2,\"name\":\"SE NEGARON A DECLARAR LOS DOS ACUSADOS POR EL CRIMEN DE MORENA\"}]},{\"@type\":\"WebSite\",\"@id\":\"https:\/\/apuntesdesanluis.com\/#website\",\"url\":\"https:\/\/apuntesdesanluis.com\/\",\"name\":\"Apuntes de San Luis\",\"description\":\"\",\"publisher\":{\"@id\":\"https:\/\/apuntesdesanluis.com\/#\/schema\/person\/b55151d52296fcce64d1a72538a70b90\"},\"potentialAction\":[{\"@type\":\"SearchAction\",\"target\":{\"@type\":\"EntryPoint\",\"urlTemplate\":\"https:\/\/apuntesdesanluis.com\/?s={search_term_string}\"},\"query-input\":{\"@type\":\"PropertyValueSpecification\",\"valueRequired\":true,\"valueName\":\"search_term_string\"}}],\"inLanguage\":\"es-AR\"},{\"@type\":[\"Person\",\"Organization\"],\"@id\":\"https:\/\/apuntesdesanluis.com\/#\/schema\/person\/b55151d52296fcce64d1a72538a70b90\",\"name\":\"apuntesdesanluis.com\",\"image\":{\"@type\":\"ImageObject\",\"inLanguage\":\"es-AR\",\"@id\":\"https:\/\/apuntesdesanluis.com\/#\/schema\/person\/image\/\",\"url\":\"https:\/\/apuntesdesanluis.com\/wp-content\/uploads\/2023\/07\/cropped-apuntesdesanluis.png\",\"contentUrl\":\"https:\/\/apuntesdesanluis.com\/wp-content\/uploads\/2023\/07\/cropped-apuntesdesanluis.png\",\"width\":450,\"height\":112,\"caption\":\"apuntesdesanluis.com\"},\"logo\":{\"@id\":\"https:\/\/apuntesdesanluis.com\/#\/schema\/person\/image\/\"},\"sameAs\":[\"https:\/\/apuntesdesanluis.com\"],\"url\":\"https:\/\/apuntesdesanluis.com\/index.php\/author\/apuntesdesanluis-com\/\"}]}<\/script>\n<!-- \/ Yoast SEO plugin. -->","yoast_head_json":{"title":"SE NEGARON A DECLARAR LOS DOS ACUSADOS POR EL CRIMEN DE MORENA - Apuntes de San Luis","robots":{"index":"index","follow":"follow","max-snippet":"max-snippet:-1","max-image-preview":"max-image-preview:large","max-video-preview":"max-video-preview:-1"},"canonical":"https:\/\/apuntesdesanluis.com\/index.php\/2023\/08\/10\/se-negaron-a-declarar-los-dos-acusados-por-el-crimen-de-morena\/","og_locale":"es_ES","og_type":"article","og_title":"SE NEGARON A DECLARAR LOS DOS ACUSADOS POR EL CRIMEN DE MORENA - Apuntes de San Luis","og_description":"Mientras la familia de Morena Dom\u00ednguez, la nena de 11 a\u00f1os asesinada a golpes en...","og_url":"https:\/\/apuntesdesanluis.com\/index.php\/2023\/08\/10\/se-negaron-a-declarar-los-dos-acusados-por-el-crimen-de-morena\/","og_site_name":"Apuntes de San Luis","article_published_time":"2023-08-11T01:31:40+00:00","og_image":[{"width":687,"height":411,"url":"https:\/\/apuntesdesanluis.com\/wp-content\/uploads\/2023\/08\/detenidos-1.png","type":"image\/png"}],"author":"apuntesdesanluis.com","twitter_card":"summary_large_image","twitter_misc":{"Escrito por":"apuntesdesanluis.com","Tiempo de lectura":"3 minutos"},"schema":{"@context":"https:\/\/schema.org","@graph":[{"@type":"Article","@id":"https:\/\/apuntesdesanluis.com\/index.php\/2023\/08\/10\/se-negaron-a-declarar-los-dos-acusados-por-el-crimen-de-morena\/#article","isPartOf":{"@id":"https:\/\/apuntesdesanluis.com\/index.php\/2023\/08\/10\/se-negaron-a-declarar-los-dos-acusados-por-el-crimen-de-morena\/"},"author":{"name":"apuntesdesanluis.com","@id":"https:\/\/apuntesdesanluis.com\/#\/schema\/person\/b55151d52296fcce64d1a72538a70b90"},"headline":"SE NEGARON A DECLARAR LOS DOS ACUSADOS POR EL CRIMEN DE MORENA","datePublished":"2023-08-11T01:31:40+00:00","mainEntityOfPage":{"@id":"https:\/\/apuntesdesanluis.com\/index.php\/2023\/08\/10\/se-negaron-a-declarar-los-dos-acusados-por-el-crimen-de-morena\/"},"wordCount":650,"publisher":{"@id":"https:\/\/apuntesdesanluis.com\/#\/schema\/person\/b55151d52296fcce64d1a72538a70b90"},"image":{"@id":"https:\/\/apuntesdesanluis.com\/index.php\/2023\/08\/10\/se-negaron-a-declarar-los-dos-acusados-por-el-crimen-de-morena\/#primaryimage"},"thumbnailUrl":"https:\/\/apuntesdesanluis.com\/wp-content\/uploads\/2023\/08\/detenidos-1.png","articleSection":["Nacionales\/Internacionales"],"inLanguage":"es-AR"},{"@type":"WebPage","@id":"https:\/\/apuntesdesanluis.com\/index.php\/2023\/08\/10\/se-negaron-a-declarar-los-dos-acusados-por-el-crimen-de-morena\/","url":"https:\/\/apuntesdesanluis.com\/index.php\/2023\/08\/10\/se-negaron-a-declarar-los-dos-acusados-por-el-crimen-de-morena\/","name":"SE NEGARON A DECLARAR LOS DOS ACUSADOS POR EL CRIMEN DE MORENA - Apuntes de San Luis","isPartOf":{"@id":"https:\/\/apuntesdesanluis.com\/#website"},"primaryImageOfPage":{"@id":"https:\/\/apuntesdesanluis.com\/index.php\/2023\/08\/10\/se-negaron-a-declarar-los-dos-acusados-por-el-crimen-de-morena\/#primaryimage"},"image":{"@id":"https:\/\/apuntesdesanluis.com\/index.php\/2023\/08\/10\/se-negaron-a-declarar-los-dos-acusados-por-el-crimen-de-morena\/#primaryimage"},"thumbnailUrl":"https:\/\/apuntesdesanluis.com\/wp-content\/uploads\/2023\/08\/detenidos-1.png","datePublished":"2023-08-11T01:31:40+00:00","breadcrumb":{"@id":"https:\/\/apuntesdesanluis.com\/index.php\/2023\/08\/10\/se-negaron-a-declarar-los-dos-acusados-por-el-crimen-de-morena\/#breadcrumb"},"inLanguage":"es-AR","potentialAction":[{"@type":"ReadAction","target":["https:\/\/apuntesdesanluis.com\/index.php\/2023\/08\/10\/se-negaron-a-declarar-los-dos-acusados-por-el-crimen-de-morena\/"]}]},{"@type":"ImageObject","inLanguage":"es-AR","@id":"https:\/\/apuntesdesanluis.com\/index.php\/2023\/08\/10\/se-negaron-a-declarar-los-dos-acusados-por-el-crimen-de-morena\/#primaryimage","url":"https:\/\/apuntesdesanluis.com\/wp-content\/uploads\/2023\/08\/detenidos-1.png","contentUrl":"https:\/\/apuntesdesanluis.com\/wp-content\/uploads\/2023\/08\/detenidos-1.png","width":687,"height":411},{"@type":"BreadcrumbList","@id":"https:\/\/apuntesdesanluis.com\/index.php\/2023\/08\/10\/se-negaron-a-declarar-los-dos-acusados-por-el-crimen-de-morena\/#breadcrumb","itemListElement":[{"@type":"ListItem","position":1,"name":"Inicio","item":"https:\/\/apuntesdesanluis.com\/"},{"@type":"ListItem","position":2,"name":"SE NEGARON A DECLARAR LOS DOS ACUSADOS POR EL CRIMEN DE MORENA"}]},{"@type":"WebSite","@id":"https:\/\/apuntesdesanluis.com\/#website","url":"https:\/\/apuntesdesanluis.com\/","name":"Apuntes de San Luis","description":"","publisher":{"@id":"https:\/\/apuntesdesanluis.com\/#\/schema\/person\/b55151d52296fcce64d1a72538a70b90"},"potentialAction":[{"@type":"SearchAction","target":{"@type":"EntryPoint","urlTemplate":"https:\/\/apuntesdesanluis.com\/?s={search_term_string}"},"query-input":{"@type":"PropertyValueSpecification","valueRequired":true,"valueName":"search_term_string"}}],"inLanguage":"es-AR"},{"@type":["Person","Organization"],"@id":"https:\/\/apuntesdesanluis.com\/#\/schema\/person\/b55151d52296fcce64d1a72538a70b90","name":"apuntesdesanluis.com","image":{"@type":"ImageObject","inLanguage":"es-AR","@id":"https:\/\/apuntesdesanluis.com\/#\/schema\/person\/image\/","url":"https:\/\/apuntesdesanluis.com\/wp-content\/uploads\/2023\/07\/cropped-apuntesdesanluis.png","contentUrl":"https:\/\/apuntesdesanluis.com\/wp-content\/uploads\/2023\/07\/cropped-apuntesdesanluis.png","width":450,"height":112,"caption":"apuntesdesanluis.com"},"logo":{"@id":"https:\/\/apuntesdesanluis.com\/#\/schema\/person\/image\/"},"sameAs":["https:\/\/apuntesdesanluis.com"],"url":"https:\/\/apuntesdesanluis.com\/index.php\/author\/apuntesdesanluis-com\/"}]}},"featured_image_urls":{"full":["https:\/\/apuntesdesanluis.com\/wp-content\/uploads\/2023\/08\/detenidos-1.png",687,411,false],"thumbnail":["https:\/\/apuntesdesanluis.com\/wp-content\/uploads\/2023\/08\/detenidos-1-150x150.png",150,150,true],"medium":["https:\/\/apuntesdesanluis.com\/wp-content\/uploads\/2023\/08\/detenidos-1-300x179.png",300,179,true],"medium_large":["https:\/\/apuntesdesanluis.com\/wp-content\/uploads\/2023\/08\/detenidos-1.png",640,383,false],"large":["https:\/\/apuntesdesanluis.com\/wp-content\/uploads\/2023\/08\/detenidos-1.png",640,383,false],"1536x1536":["https:\/\/apuntesdesanluis.com\/wp-content\/uploads\/2023\/08\/detenidos-1.png",687,411,false],"2048x2048":["https:\/\/apuntesdesanluis.com\/wp-content\/uploads\/2023\/08\/detenidos-1.png",687,411,false],"newsever-slider-full":["https:\/\/apuntesdesanluis.com\/wp-content\/uploads\/2023\/08\/detenidos-1.png",687,411,false],"newsever-featured":["https:\/\/apuntesdesanluis.com\/wp-content\/uploads\/2023\/08\/detenidos-1.png",687,411,false],"newsever-medium":["https:\/\/apuntesdesanluis.com\/wp-content\/uploads\/2023\/08\/detenidos-1.png",687,411,false]},"author_info":{"display_name":"apuntesdesanluis.com","author_link":"https:\/\/apuntesdesanluis.com\/index.php\/author\/apuntesdesanluis-com\/"},"category_info":"<a href=\"https:\/\/apuntesdesanluis.com\/index.php\/category\/nacionales-internacionales\/\" rel=\"category tag\">Nacionales\/Internacionales<\/a>","tag_info":"Nacionales\/Internacionales","comment_count":"0","_links":{"self":[{"href":"https:\/\/apuntesdesanluis.com\/index.php\/wp-json\/wp\/v2\/posts\/1433","targetHints":{"allow":["GET"]}}],"collection":[{"href":"https:\/\/apuntesdesanluis.com\/index.php\/wp-json\/wp\/v2\/posts"}],"about":[{"href":"https:\/\/apuntesdesanluis.com\/index.php\/wp-json\/wp\/v2\/types\/post"}],"author":[{"embeddable":true,"href":"https:\/\/apuntesdesanluis.com\/index.php\/wp-json\/wp\/v2\/users\/1"}],"replies":[{"embeddable":true,"href":"https:\/\/apuntesdesanluis.com\/index.php\/wp-json\/wp\/v2\/comments?post=1433"}],"version-history":[{"count":1,"href":"https:\/\/apuntesdesanluis.com\/index.php\/wp-json\/wp\/v2\/posts\/1433\/revisions"}],"predecessor-version":[{"id":1435,"href":"https:\/\/apuntesdesanluis.com\/index.php\/wp-json\/wp\/v2\/posts\/1433\/revisions\/1435"}],"wp:featuredmedia":[{"embeddable":true,"href":"https:\/\/apuntesdesanluis.com\/index.php\/wp-json\/wp\/v2\/media\/1375"}],"wp:attachment":[{"href":"https:\/\/apuntesdesanluis.com\/index.php\/wp-json\/wp\/v2\/media?parent=1433"}],"wp:term":[{"taxonomy":"category","embeddable":true,"href":"https:\/\/apuntesdesanluis.com\/index.php\/wp-json\/wp\/v2\/categories?post=1433"},{"taxonomy":"post_tag","embeddable":true,"href":"https:\/\/apuntesdesanluis.com\/index.php\/wp-json\/wp\/v2\/tags?post=1433"}],"curies":[{"name":"wp","href":"https:\/\/api.w.org\/{rel}","templated":true}]}}