{"id":14352,"date":"2024-04-08T19:27:11","date_gmt":"2024-04-08T22:27:11","guid":{"rendered":"https:\/\/apuntesdesanluis.com\/?p=14352"},"modified":"2024-04-08T19:27:11","modified_gmt":"2024-04-08T22:27:11","slug":"milei-se-despego-de-benegas-lynch-es-una-frase-absolutamente-desafortunada","status":"publish","type":"post","link":"https:\/\/apuntesdesanluis.com\/index.php\/2024\/04\/08\/milei-se-despego-de-benegas-lynch-es-una-frase-absolutamente-desafortunada\/","title":{"rendered":"MILEI SE DESPEG\u00d3 DE BENEGAS LYNCH: &#8220;ES UNA FRASE ABSOLUTAMENTE DESAFORTUNADA&#8221;"},"content":{"rendered":"<h3>El presidente <strong>Javier Milei<\/strong> se despeg\u00f3 de los dichos del diputado de La Libertad Avanza <strong>Alberto Benegas Lynch<\/strong>, quien aval\u00f3 el trabajo infantil, y asegur\u00f3 que su frase fue &#8220;absolutamente desafortunada&#8221;.<\/h3>\n<h3>&#8220;Una frase absolutamente desafortunada&#8221;, subray\u00f3 el mandatario nacional, aunque cuestion\u00f3 a la prensa y dijo que &#8220;adem\u00e1s, fue sacada de contexto&#8221;.<\/h3>\n<h3>En declaraciones a Neura, Milei sostuvo que &#8220;es un error de Bertie de ir a ese lugar&#8221; a dar una nota con la periodista Romina Manguel en FM Milenium, a quien acus\u00f3 de querer &#8220;destruir&#8221; a su espacio pol\u00edtico.<\/h3>\n<h3>\u201cHay periodistas que juegan para destruir, no ten\u00e9s que ir a darle notas a esos tipos, porque no les interesa lo que pens\u00e1s, les interesa hacerte una zancadilla\u201d, consider\u00f3 Milei, y continu\u00f3: \u201cEso los orcos lo entienden bien, pero los liberales no, porque somos libres pensadores\u201d.<\/h3>\n<h3>\u201cYo no creo en la obligatoriedad de la educaci\u00f3n\u201d, sostuvo el diputado libertario. En ese sentido, complet\u00f3: \u201cLa libertad tambi\u00e9n es que si no quer\u00e9s mandar a tu hijo al colegio porque lo necesit\u00e1s en el taller, puedas hacerlo\u201d.<\/h3>\n<h3>Tras los dichos de Benegas Lynch, el gobierno sali\u00f3 a despegarse y, adem\u00e1s de Milei, tambi\u00e9n cuestionaron esa postura el Ministerio de Capital Humano, que lidera Sandra Pettovello, y el vocero presidencial, Manuel Adorni.<\/h3>\n<p>&nbsp;<\/p>\n<p>&nbsp;<\/p>\n<p>&nbsp;<\/p>\n<p>&nbsp;<\/p>\n<p>&nbsp;<\/p>\n<p>&nbsp;<\/p>\n<p>&nbsp;<\/p>\n","protected":false},"excerpt":{"rendered":"<p>El presidente Javier Milei se despeg\u00f3 de los dichos del diputado de La Libertad Avanza&#8230;<\/p>\n","protected":false},"author":1,"featured_media":10615,"comment_status":"closed","ping_status":"closed","sticky":false,"template":"","format":"standard","meta":{"footnotes":""},"categories":[5],"tags":[],"class_list":["post-14352","post","type-post","status-publish","format-standard","has-post-thumbnail","hentry","category-nacionales-internacionales"],"yoast_head":"<!-- This site is optimized with the Yoast SEO plugin v26.1.1 - https:\/\/yoast.com\/wordpress\/plugins\/seo\/ -->\n<title>MILEI SE DESPEG\u00d3 DE BENEGAS LYNCH: &quot;ES UNA FRASE ABSOLUTAMENTE DESAFORTUNADA&quot; - Apuntes de San Luis<\/title>\n<meta name=\"robots\" content=\"index, follow, max-snippet:-1, max-image-preview:large, max-video-preview:-1\" \/>\n<link rel=\"canonical\" href=\"https:\/\/apuntesdesanluis.com\/index.php\/2024\/04\/08\/milei-se-despego-de-benegas-lynch-es-una-frase-absolutamente-desafortunada\/\" \/>\n<meta property=\"og:locale\" content=\"es_ES\" \/>\n<meta property=\"og:type\" content=\"article\" \/>\n<meta property=\"og:title\" content=\"MILEI SE DESPEG\u00d3 DE BENEGAS LYNCH: &quot;ES UNA FRASE ABSOLUTAMENTE DESAFORTUNADA&quot; - Apuntes de San Luis\" \/>\n<meta property=\"og:description\" content=\"El presidente Javier Milei se despeg\u00f3 de los dichos del diputado de La Libertad Avanza...\" \/>\n<meta property=\"og:url\" content=\"https:\/\/apuntesdesanluis.com\/index.php\/2024\/04\/08\/milei-se-despego-de-benegas-lynch-es-una-frase-absolutamente-desafortunada\/\" \/>\n<meta property=\"og:site_name\" content=\"Apuntes de San Luis\" \/>\n<meta property=\"article:published_time\" content=\"2024-04-08T22:27:11+00:00\" \/>\n<meta property=\"og:image\" content=\"https:\/\/apuntesdesanluis.com\/wp-content\/uploads\/2024\/01\/milei-8.png\" \/>\n\t<meta property=\"og:image:width\" content=\"694\" \/>\n\t<meta property=\"og:image:height\" content=\"444\" \/>\n\t<meta property=\"og:image:type\" content=\"image\/png\" \/>\n<meta name=\"author\" content=\"apuntesdesanluis.com\" \/>\n<meta name=\"twitter:card\" content=\"summary_large_image\" \/>\n<meta name=\"twitter:label1\" content=\"Escrito por\" \/>\n\t<meta name=\"twitter:data1\" content=\"apuntesdesanluis.com\" \/>\n\t<meta name=\"twitter:label2\" content=\"Tiempo de lectura\" \/>\n\t<meta name=\"twitter:data2\" content=\"1 minuto\" \/>\n<script type=\"application\/ld+json\" class=\"yoast-schema-graph\">{\"@context\":\"https:\/\/schema.org\",\"@graph\":[{\"@type\":\"Article\",\"@id\":\"https:\/\/apuntesdesanluis.com\/index.php\/2024\/04\/08\/milei-se-despego-de-benegas-lynch-es-una-frase-absolutamente-desafortunada\/#article\",\"isPartOf\":{\"@id\":\"https:\/\/apuntesdesanluis.com\/index.php\/2024\/04\/08\/milei-se-despego-de-benegas-lynch-es-una-frase-absolutamente-desafortunada\/\"},\"author\":{\"name\":\"apuntesdesanluis.com\",\"@id\":\"https:\/\/apuntesdesanluis.com\/#\/schema\/person\/b55151d52296fcce64d1a72538a70b90\"},\"headline\":\"MILEI SE DESPEG\u00d3 DE BENEGAS LYNCH: &#8220;ES UNA FRASE ABSOLUTAMENTE DESAFORTUNADA&#8221;\",\"datePublished\":\"2024-04-08T22:27:11+00:00\",\"mainEntityOfPage\":{\"@id\":\"https:\/\/apuntesdesanluis.com\/index.php\/2024\/04\/08\/milei-se-despego-de-benegas-lynch-es-una-frase-absolutamente-desafortunada\/\"},\"wordCount\":238,\"publisher\":{\"@id\":\"https:\/\/apuntesdesanluis.com\/#\/schema\/person\/b55151d52296fcce64d1a72538a70b90\"},\"image\":{\"@id\":\"https:\/\/apuntesdesanluis.com\/index.php\/2024\/04\/08\/milei-se-despego-de-benegas-lynch-es-una-frase-absolutamente-desafortunada\/#primaryimage\"},\"thumbnailUrl\":\"https:\/\/apuntesdesanluis.com\/wp-content\/uploads\/2024\/01\/milei-8.png\",\"articleSection\":[\"Nacionales\/Internacionales\"],\"inLanguage\":\"es-AR\"},{\"@type\":\"WebPage\",\"@id\":\"https:\/\/apuntesdesanluis.com\/index.php\/2024\/04\/08\/milei-se-despego-de-benegas-lynch-es-una-frase-absolutamente-desafortunada\/\",\"url\":\"https:\/\/apuntesdesanluis.com\/index.php\/2024\/04\/08\/milei-se-despego-de-benegas-lynch-es-una-frase-absolutamente-desafortunada\/\",\"name\":\"MILEI SE DESPEG\u00d3 DE BENEGAS LYNCH: \\\"ES UNA FRASE ABSOLUTAMENTE DESAFORTUNADA\\\" - Apuntes de San Luis\",\"isPartOf\":{\"@id\":\"https:\/\/apuntesdesanluis.com\/#website\"},\"primaryImageOfPage\":{\"@id\":\"https:\/\/apuntesdesanluis.com\/index.php\/2024\/04\/08\/milei-se-despego-de-benegas-lynch-es-una-frase-absolutamente-desafortunada\/#primaryimage\"},\"image\":{\"@id\":\"https:\/\/apuntesdesanluis.com\/index.php\/2024\/04\/08\/milei-se-despego-de-benegas-lynch-es-una-frase-absolutamente-desafortunada\/#primaryimage\"},\"thumbnailUrl\":\"https:\/\/apuntesdesanluis.com\/wp-content\/uploads\/2024\/01\/milei-8.png\",\"datePublished\":\"2024-04-08T22:27:11+00:00\",\"breadcrumb\":{\"@id\":\"https:\/\/apuntesdesanluis.com\/index.php\/2024\/04\/08\/milei-se-despego-de-benegas-lynch-es-una-frase-absolutamente-desafortunada\/#breadcrumb\"},\"inLanguage\":\"es-AR\",\"potentialAction\":[{\"@type\":\"ReadAction\",\"target\":[\"https:\/\/apuntesdesanluis.com\/index.php\/2024\/04\/08\/milei-se-despego-de-benegas-lynch-es-una-frase-absolutamente-desafortunada\/\"]}]},{\"@type\":\"ImageObject\",\"inLanguage\":\"es-AR\",\"@id\":\"https:\/\/apuntesdesanluis.com\/index.php\/2024\/04\/08\/milei-se-despego-de-benegas-lynch-es-una-frase-absolutamente-desafortunada\/#primaryimage\",\"url\":\"https:\/\/apuntesdesanluis.com\/wp-content\/uploads\/2024\/01\/milei-8.png\",\"contentUrl\":\"https:\/\/apuntesdesanluis.com\/wp-content\/uploads\/2024\/01\/milei-8.png\",\"width\":694,\"height\":444},{\"@type\":\"BreadcrumbList\",\"@id\":\"https:\/\/apuntesdesanluis.com\/index.php\/2024\/04\/08\/milei-se-despego-de-benegas-lynch-es-una-frase-absolutamente-desafortunada\/#breadcrumb\",\"itemListElement\":[{\"@type\":\"ListItem\",\"position\":1,\"name\":\"Inicio\",\"item\":\"https:\/\/apuntesdesanluis.com\/\"},{\"@type\":\"ListItem\",\"position\":2,\"name\":\"MILEI SE DESPEG\u00d3 DE BENEGAS LYNCH: &#8220;ES UNA FRASE ABSOLUTAMENTE DESAFORTUNADA&#8221;\"}]},{\"@type\":\"WebSite\",\"@id\":\"https:\/\/apuntesdesanluis.com\/#website\",\"url\":\"https:\/\/apuntesdesanluis.com\/\",\"name\":\"Apuntes de San Luis\",\"description\":\"\",\"publisher\":{\"@id\":\"https:\/\/apuntesdesanluis.com\/#\/schema\/person\/b55151d52296fcce64d1a72538a70b90\"},\"potentialAction\":[{\"@type\":\"SearchAction\",\"target\":{\"@type\":\"EntryPoint\",\"urlTemplate\":\"https:\/\/apuntesdesanluis.com\/?s={search_term_string}\"},\"query-input\":{\"@type\":\"PropertyValueSpecification\",\"valueRequired\":true,\"valueName\":\"search_term_string\"}}],\"inLanguage\":\"es-AR\"},{\"@type\":[\"Person\",\"Organization\"],\"@id\":\"https:\/\/apuntesdesanluis.com\/#\/schema\/person\/b55151d52296fcce64d1a72538a70b90\",\"name\":\"apuntesdesanluis.com\",\"image\":{\"@type\":\"ImageObject\",\"inLanguage\":\"es-AR\",\"@id\":\"https:\/\/apuntesdesanluis.com\/#\/schema\/person\/image\/\",\"url\":\"https:\/\/apuntesdesanluis.com\/wp-content\/uploads\/2023\/07\/cropped-apuntesdesanluis.png\",\"contentUrl\":\"https:\/\/apuntesdesanluis.com\/wp-content\/uploads\/2023\/07\/cropped-apuntesdesanluis.png\",\"width\":450,\"height\":112,\"caption\":\"apuntesdesanluis.com\"},\"logo\":{\"@id\":\"https:\/\/apuntesdesanluis.com\/#\/schema\/person\/image\/\"},\"sameAs\":[\"https:\/\/apuntesdesanluis.com\"],\"url\":\"https:\/\/apuntesdesanluis.com\/index.php\/author\/apuntesdesanluis-com\/\"}]}<\/script>\n<!-- \/ Yoast SEO plugin. -->","yoast_head_json":{"title":"MILEI SE DESPEG\u00d3 DE BENEGAS LYNCH: \"ES UNA FRASE ABSOLUTAMENTE DESAFORTUNADA\" - Apuntes de San Luis","robots":{"index":"index","follow":"follow","max-snippet":"max-snippet:-1","max-image-preview":"max-image-preview:large","max-video-preview":"max-video-preview:-1"},"canonical":"https:\/\/apuntesdesanluis.com\/index.php\/2024\/04\/08\/milei-se-despego-de-benegas-lynch-es-una-frase-absolutamente-desafortunada\/","og_locale":"es_ES","og_type":"article","og_title":"MILEI SE DESPEG\u00d3 DE BENEGAS LYNCH: \"ES UNA FRASE ABSOLUTAMENTE DESAFORTUNADA\" - Apuntes de San Luis","og_description":"El presidente Javier Milei se despeg\u00f3 de los dichos del diputado de La Libertad Avanza...","og_url":"https:\/\/apuntesdesanluis.com\/index.php\/2024\/04\/08\/milei-se-despego-de-benegas-lynch-es-una-frase-absolutamente-desafortunada\/","og_site_name":"Apuntes de San Luis","article_published_time":"2024-04-08T22:27:11+00:00","og_image":[{"width":694,"height":444,"url":"https:\/\/apuntesdesanluis.com\/wp-content\/uploads\/2024\/01\/milei-8.png","type":"image\/png"}],"author":"apuntesdesanluis.com","twitter_card":"summary_large_image","twitter_misc":{"Escrito por":"apuntesdesanluis.com","Tiempo de lectura":"1 minuto"},"schema":{"@context":"https:\/\/schema.org","@graph":[{"@type":"Article","@id":"https:\/\/apuntesdesanluis.com\/index.php\/2024\/04\/08\/milei-se-despego-de-benegas-lynch-es-una-frase-absolutamente-desafortunada\/#article","isPartOf":{"@id":"https:\/\/apuntesdesanluis.com\/index.php\/2024\/04\/08\/milei-se-despego-de-benegas-lynch-es-una-frase-absolutamente-desafortunada\/"},"author":{"name":"apuntesdesanluis.com","@id":"https:\/\/apuntesdesanluis.com\/#\/schema\/person\/b55151d52296fcce64d1a72538a70b90"},"headline":"MILEI SE DESPEG\u00d3 DE BENEGAS LYNCH: &#8220;ES UNA FRASE ABSOLUTAMENTE DESAFORTUNADA&#8221;","datePublished":"2024-04-08T22:27:11+00:00","mainEntityOfPage":{"@id":"https:\/\/apuntesdesanluis.com\/index.php\/2024\/04\/08\/milei-se-despego-de-benegas-lynch-es-una-frase-absolutamente-desafortunada\/"},"wordCount":238,"publisher":{"@id":"https:\/\/apuntesdesanluis.com\/#\/schema\/person\/b55151d52296fcce64d1a72538a70b90"},"image":{"@id":"https:\/\/apuntesdesanluis.com\/index.php\/2024\/04\/08\/milei-se-despego-de-benegas-lynch-es-una-frase-absolutamente-desafortunada\/#primaryimage"},"thumbnailUrl":"https:\/\/apuntesdesanluis.com\/wp-content\/uploads\/2024\/01\/milei-8.png","articleSection":["Nacionales\/Internacionales"],"inLanguage":"es-AR"},{"@type":"WebPage","@id":"https:\/\/apuntesdesanluis.com\/index.php\/2024\/04\/08\/milei-se-despego-de-benegas-lynch-es-una-frase-absolutamente-desafortunada\/","url":"https:\/\/apuntesdesanluis.com\/index.php\/2024\/04\/08\/milei-se-despego-de-benegas-lynch-es-una-frase-absolutamente-desafortunada\/","name":"MILEI SE DESPEG\u00d3 DE BENEGAS LYNCH: \"ES UNA FRASE ABSOLUTAMENTE DESAFORTUNADA\" - Apuntes de San Luis","isPartOf":{"@id":"https:\/\/apuntesdesanluis.com\/#website"},"primaryImageOfPage":{"@id":"https:\/\/apuntesdesanluis.com\/index.php\/2024\/04\/08\/milei-se-despego-de-benegas-lynch-es-una-frase-absolutamente-desafortunada\/#primaryimage"},"image":{"@id":"https:\/\/apuntesdesanluis.com\/index.php\/2024\/04\/08\/milei-se-despego-de-benegas-lynch-es-una-frase-absolutamente-desafortunada\/#primaryimage"},"thumbnailUrl":"https:\/\/apuntesdesanluis.com\/wp-content\/uploads\/2024\/01\/milei-8.png","datePublished":"2024-04-08T22:27:11+00:00","breadcrumb":{"@id":"https:\/\/apuntesdesanluis.com\/index.php\/2024\/04\/08\/milei-se-despego-de-benegas-lynch-es-una-frase-absolutamente-desafortunada\/#breadcrumb"},"inLanguage":"es-AR","potentialAction":[{"@type":"ReadAction","target":["https:\/\/apuntesdesanluis.com\/index.php\/2024\/04\/08\/milei-se-despego-de-benegas-lynch-es-una-frase-absolutamente-desafortunada\/"]}]},{"@type":"ImageObject","inLanguage":"es-AR","@id":"https:\/\/apuntesdesanluis.com\/index.php\/2024\/04\/08\/milei-se-despego-de-benegas-lynch-es-una-frase-absolutamente-desafortunada\/#primaryimage","url":"https:\/\/apuntesdesanluis.com\/wp-content\/uploads\/2024\/01\/milei-8.png","contentUrl":"https:\/\/apuntesdesanluis.com\/wp-content\/uploads\/2024\/01\/milei-8.png","width":694,"height":444},{"@type":"BreadcrumbList","@id":"https:\/\/apuntesdesanluis.com\/index.php\/2024\/04\/08\/milei-se-despego-de-benegas-lynch-es-una-frase-absolutamente-desafortunada\/#breadcrumb","itemListElement":[{"@type":"ListItem","position":1,"name":"Inicio","item":"https:\/\/apuntesdesanluis.com\/"},{"@type":"ListItem","position":2,"name":"MILEI SE DESPEG\u00d3 DE BENEGAS LYNCH: &#8220;ES UNA FRASE ABSOLUTAMENTE DESAFORTUNADA&#8221;"}]},{"@type":"WebSite","@id":"https:\/\/apuntesdesanluis.com\/#website","url":"https:\/\/apuntesdesanluis.com\/","name":"Apuntes de San Luis","description":"","publisher":{"@id":"https:\/\/apuntesdesanluis.com\/#\/schema\/person\/b55151d52296fcce64d1a72538a70b90"},"potentialAction":[{"@type":"SearchAction","target":{"@type":"EntryPoint","urlTemplate":"https:\/\/apuntesdesanluis.com\/?s={search_term_string}"},"query-input":{"@type":"PropertyValueSpecification","valueRequired":true,"valueName":"search_term_string"}}],"inLanguage":"es-AR"},{"@type":["Person","Organization"],"@id":"https:\/\/apuntesdesanluis.com\/#\/schema\/person\/b55151d52296fcce64d1a72538a70b90","name":"apuntesdesanluis.com","image":{"@type":"ImageObject","inLanguage":"es-AR","@id":"https:\/\/apuntesdesanluis.com\/#\/schema\/person\/image\/","url":"https:\/\/apuntesdesanluis.com\/wp-content\/uploads\/2023\/07\/cropped-apuntesdesanluis.png","contentUrl":"https:\/\/apuntesdesanluis.com\/wp-content\/uploads\/2023\/07\/cropped-apuntesdesanluis.png","width":450,"height":112,"caption":"apuntesdesanluis.com"},"logo":{"@id":"https:\/\/apuntesdesanluis.com\/#\/schema\/person\/image\/"},"sameAs":["https:\/\/apuntesdesanluis.com"],"url":"https:\/\/apuntesdesanluis.com\/index.php\/author\/apuntesdesanluis-com\/"}]}},"featured_image_urls":{"full":["https:\/\/apuntesdesanluis.com\/wp-content\/uploads\/2024\/01\/milei-8.png",694,444,false],"thumbnail":["https:\/\/apuntesdesanluis.com\/wp-content\/uploads\/2024\/01\/milei-8-150x150.png",150,150,true],"medium":["https:\/\/apuntesdesanluis.com\/wp-content\/uploads\/2024\/01\/milei-8-300x192.png",300,192,true],"medium_large":["https:\/\/apuntesdesanluis.com\/wp-content\/uploads\/2024\/01\/milei-8.png",640,409,false],"large":["https:\/\/apuntesdesanluis.com\/wp-content\/uploads\/2024\/01\/milei-8.png",640,409,false],"1536x1536":["https:\/\/apuntesdesanluis.com\/wp-content\/uploads\/2024\/01\/milei-8.png",694,444,false],"2048x2048":["https:\/\/apuntesdesanluis.com\/wp-content\/uploads\/2024\/01\/milei-8.png",694,444,false],"newsever-slider-full":["https:\/\/apuntesdesanluis.com\/wp-content\/uploads\/2024\/01\/milei-8.png",694,444,false],"newsever-featured":["https:\/\/apuntesdesanluis.com\/wp-content\/uploads\/2024\/01\/milei-8.png",694,444,false],"newsever-medium":["https:\/\/apuntesdesanluis.com\/wp-content\/uploads\/2024\/01\/milei-8.png",694,444,false]},"author_info":{"display_name":"apuntesdesanluis.com","author_link":"https:\/\/apuntesdesanluis.com\/index.php\/author\/apuntesdesanluis-com\/"},"category_info":"<a href=\"https:\/\/apuntesdesanluis.com\/index.php\/category\/nacionales-internacionales\/\" rel=\"category tag\">Nacionales\/Internacionales<\/a>","tag_info":"Nacionales\/Internacionales","comment_count":"0","_links":{"self":[{"href":"https:\/\/apuntesdesanluis.com\/index.php\/wp-json\/wp\/v2\/posts\/14352","targetHints":{"allow":["GET"]}}],"collection":[{"href":"https:\/\/apuntesdesanluis.com\/index.php\/wp-json\/wp\/v2\/posts"}],"about":[{"href":"https:\/\/apuntesdesanluis.com\/index.php\/wp-json\/wp\/v2\/types\/post"}],"author":[{"embeddable":true,"href":"https:\/\/apuntesdesanluis.com\/index.php\/wp-json\/wp\/v2\/users\/1"}],"replies":[{"embeddable":true,"href":"https:\/\/apuntesdesanluis.com\/index.php\/wp-json\/wp\/v2\/comments?post=14352"}],"version-history":[{"count":1,"href":"https:\/\/apuntesdesanluis.com\/index.php\/wp-json\/wp\/v2\/posts\/14352\/revisions"}],"predecessor-version":[{"id":14353,"href":"https:\/\/apuntesdesanluis.com\/index.php\/wp-json\/wp\/v2\/posts\/14352\/revisions\/14353"}],"wp:featuredmedia":[{"embeddable":true,"href":"https:\/\/apuntesdesanluis.com\/index.php\/wp-json\/wp\/v2\/media\/10615"}],"wp:attachment":[{"href":"https:\/\/apuntesdesanluis.com\/index.php\/wp-json\/wp\/v2\/media?parent=14352"}],"wp:term":[{"taxonomy":"category","embeddable":true,"href":"https:\/\/apuntesdesanluis.com\/index.php\/wp-json\/wp\/v2\/categories?post=14352"},{"taxonomy":"post_tag","embeddable":true,"href":"https:\/\/apuntesdesanluis.com\/index.php\/wp-json\/wp\/v2\/tags?post=14352"}],"curies":[{"name":"wp","href":"https:\/\/api.w.org\/{rel}","templated":true}]}}