{"id":14361,"date":"2024-04-08T20:20:37","date_gmt":"2024-04-08T23:20:37","guid":{"rendered":"https:\/\/apuntesdesanluis.com\/?p=14361"},"modified":"2024-04-08T20:21:30","modified_gmt":"2024-04-08T23:21:30","slug":"coincidencias-entre-el-sijupu-magistrados-y-el-stj-sobre-una-urgente-recomposicion-salarial","status":"publish","type":"post","link":"https:\/\/apuntesdesanluis.com\/index.php\/2024\/04\/08\/coincidencias-entre-el-sijupu-magistrados-y-el-stj-sobre-una-urgente-recomposicion-salarial\/","title":{"rendered":"COINCIDENCIAS ENTRE EL SIJUPU, MAGISTRADOS Y EL STJ SOBRE UNA \u201cURGENTE RECOMPOSICI\u00d3N SALARIAL\u201d"},"content":{"rendered":"<h3>El Secretario General del <strong>Sindicato Judiciales Puntanos (SiJuPu), Luciano Cardarelli<\/strong>, destac\u00f3 que en\u00a0 la reuni\u00f3n mantenida se acord\u00f3 \u201ctrabajar una propuesta conjunta, s\u00f3lida y unificada que aborde la dram\u00e1tica situaci\u00f3n de los ingresos del personal judicial, para elevarla al Poder Ejecutivo\u201d.<\/h3>\n<h3>El viernes, en horas del mediod\u00eda, el Superior Tribunal de Justicia en pleno mantuvo un nuevo encuentro con representantes de los Colegios de Magistrados y Funcionarios, y del Sindicato Judiciales Puntanos (SIJUPU) para analizar la situaci\u00f3n salarial de todos los agentes del Poder Judicial, ya que sus haberes se han visto seriamente afectados por el proceso inflacionario, encontr\u00e1ndose actualmente entre los m\u00e1s bajos del pa\u00eds, respecto de otras cortes judiciales provinciales.<\/h3>\n<h3>El titular del gremio judicial resalt\u00f3 que \u201cjuntos hemos acordado la urgente necesidad de una recomposici\u00f3n salarial, logrando como base que la categor\u00eda m\u00e1s baja supere la canasta b\u00e1sica, reivindicando as\u00ed nuestra larga lucha por la dignidad salarial que se logr\u00f3 con nuestra Ley de escala salarial, manteniendo la diferencia entre los cargos existentes. Esta propuesta, respaldada por todos los estamentos de la justicia, ser\u00e1 presentada al gobierno en la pr\u00f3xima reuni\u00f3n con los funcionarios correspondientes, donde esperamos obtener una respuesta favorable\u201d.<\/h3>\n<p><img fetchpriority=\"high\" decoding=\"async\" class=\"wp-image-14363 aligncenter\" src=\"https:\/\/apuntesdesanluis.com\/wp-content\/uploads\/2024\/04\/LUCHO-300x173.png\" alt=\"\" width=\"690\" height=\"398\" srcset=\"https:\/\/apuntesdesanluis.com\/wp-content\/uploads\/2024\/04\/LUCHO-300x173.png 300w, https:\/\/apuntesdesanluis.com\/wp-content\/uploads\/2024\/04\/LUCHO.png 600w\" sizes=\"(max-width: 690px) 100vw, 690px\" \/><\/p>\n<h3>En este marco, los presentes coincidieron por unanimidad en la urgencia de trabajar firmemente en la recomposici\u00f3n salarial, ante la particular situaci\u00f3n del personal judicial que, a diferencia de los dem\u00e1s empleados estatales, su ingreso y ascenso en todas las funciones es exclusivamente por concurso. Adem\u00e1s, no pueden realizar otras tareas laborales, ya que tienen la obligaci\u00f3n de dedicaci\u00f3n exclusiva, lo que implica no contar con otros ingresos econ\u00f3micos.<\/h3>\n<h3>Por otra parte, convinieron solicitar audiencias de car\u00e1cter urgente con el Ministro de Gobierno y el Gobernador de la provincia, a los fines de requerir respuestas concretas en relaci\u00f3n a la necesidad de recomponer los haberes de todo el personal judicial.<\/h3>\n<h3><strong>OTROS TEMAS<\/strong><\/h3>\n<h3>Adem\u00e1s, los ministros y autoridades colegiadas y gremiales coincidieron en comenzar a trabajar en un proyecto ley de autarqu\u00eda, que garantice la autonom\u00eda econ\u00f3mica-financiera del Poder Judicial, considerando que la situaci\u00f3n actual, en la que aproximadamente el 80% del presupuesto es cubierto por aportes del Tesoro que deben ser gestionados mensualmente ante el Poder Ejecutivo, lo que es un condicionante de su actividad e independencia.<\/h3>\n<h3>Entre otros temas, trataron la necesidad de cubrir vacantes de agentes previstas en el presupuesto 2024, como parte de los recursos necesarios para ejecutar las obligaciones legales del corriente a\u00f1o. En este aspecto, se explic\u00f3 que cada cargo de la planta permanente del Poder Judicial tiene una asignaci\u00f3n presupuestaria espec\u00edfica, conforme el presupuesto aprobado por ley. Es decir, que cada cargo constituye un elemento est\u00e1tico del presupuesto; lo que significa que no se pueden tomar recursos presupuestarios de uno para asignarlos a otro. Esto es v\u00e1lido tanto para los cargos cubiertos como para los cargos vacantes.<\/h3>\n<p><img decoding=\"async\" class=\"wp-image-14364 aligncenter\" src=\"https:\/\/apuntesdesanluis.com\/wp-content\/uploads\/2024\/04\/SIJUPU-Y-STJ-300x170.png\" alt=\"\" width=\"732\" height=\"415\" srcset=\"https:\/\/apuntesdesanluis.com\/wp-content\/uploads\/2024\/04\/SIJUPU-Y-STJ-300x170.png 300w, https:\/\/apuntesdesanluis.com\/wp-content\/uploads\/2024\/04\/SIJUPU-Y-STJ.png 600w\" sizes=\"(max-width: 732px) 100vw, 732px\" \/><\/p>\n<h3>Sobre este punto, se explic\u00f3 que el llamado a concurso para cubrir cargos vacantes no modifica el presupuesto, porque la asignaci\u00f3n presupuestaria de los mismos, no se puede asignar a otros y mucho menos utilizar dichos recursos para incrementar remuneraciones de los cargos cubiertos.<\/h3>\n<h3>Asimismo, se aclar\u00f3 que la partida de sueldos de los cargos de planta permanente no es una partida global, como s\u00ed lo son las partidas de servicios, obras p\u00fablicas o contratos a t\u00e9rmino.<\/h3>\n<h3>Antes de finalizar la reuni\u00f3n, los presentes acordaron realizar una nueva reuni\u00f3n, una vez concretadas las entrevistas con las autoridades del Poder Ejecutivo.<\/h3>\n<h3>Adem\u00e1s, en esta reuni\u00f3n se abordaron otras cuestiones importantes, como la ejecuci\u00f3n y pago de los cargos presupuestados. Tambi\u00e9n se trataron las propuestas de trabajo remoto, las cuales ser\u00e1n evaluadas con detenimiento.<\/h3>\n<h3>\u201cEstamos comprometidos a seguir trabajando juntos\/a en unidad para encontrar soluciones efectivas que restauren la dignidad de la familia judicial. Mantendremos informada a nuestra comunidad sobre los avances y pr\u00f3ximas acciones a trav\u00e9s de nuestros canales oficiales. \u00a1Unidos y organizados, seguimos adelante!\u201d, concluy\u00f3 Cardarelli.<\/h3>\n<p>&nbsp;<\/p>\n<p>&nbsp;<\/p>\n<p>&nbsp;<\/p>\n<p>&nbsp;<\/p>\n<p>&nbsp;<\/p>\n<p>&nbsp;<\/p>\n","protected":false},"excerpt":{"rendered":"<p>El Secretario General del Sindicato Judiciales Puntanos (SiJuPu), Luciano Cardarelli, destac\u00f3 que en\u00a0 la reuni\u00f3n&#8230;<\/p>\n","protected":false},"author":1,"featured_media":14362,"comment_status":"closed","ping_status":"closed","sticky":false,"template":"","format":"standard","meta":{"footnotes":""},"categories":[6],"tags":[],"class_list":["post-14361","post","type-post","status-publish","format-standard","has-post-thumbnail","hentry","category-ciudad-provincia"],"yoast_head":"<!-- This site is optimized with the Yoast SEO plugin v26.1.1 - https:\/\/yoast.com\/wordpress\/plugins\/seo\/ -->\n<title>COINCIDENCIAS ENTRE EL SIJUPU, MAGISTRADOS Y EL STJ SOBRE UNA \u201cURGENTE RECOMPOSICI\u00d3N SALARIAL\u201d - Apuntes de San Luis<\/title>\n<meta name=\"robots\" content=\"index, follow, max-snippet:-1, max-image-preview:large, max-video-preview:-1\" \/>\n<link rel=\"canonical\" href=\"https:\/\/apuntesdesanluis.com\/index.php\/2024\/04\/08\/coincidencias-entre-el-sijupu-magistrados-y-el-stj-sobre-una-urgente-recomposicion-salarial\/\" \/>\n<meta property=\"og:locale\" content=\"es_ES\" \/>\n<meta property=\"og:type\" content=\"article\" \/>\n<meta property=\"og:title\" content=\"COINCIDENCIAS ENTRE EL SIJUPU, MAGISTRADOS Y EL STJ SOBRE UNA \u201cURGENTE RECOMPOSICI\u00d3N SALARIAL\u201d - Apuntes de San Luis\" \/>\n<meta property=\"og:description\" content=\"El Secretario General del Sindicato Judiciales Puntanos (SiJuPu), Luciano Cardarelli, destac\u00f3 que en\u00a0 la reuni\u00f3n...\" \/>\n<meta property=\"og:url\" content=\"https:\/\/apuntesdesanluis.com\/index.php\/2024\/04\/08\/coincidencias-entre-el-sijupu-magistrados-y-el-stj-sobre-una-urgente-recomposicion-salarial\/\" \/>\n<meta property=\"og:site_name\" content=\"Apuntes de San Luis\" \/>\n<meta property=\"article:published_time\" content=\"2024-04-08T23:20:37+00:00\" \/>\n<meta property=\"article:modified_time\" content=\"2024-04-08T23:21:30+00:00\" \/>\n<meta property=\"og:image\" content=\"https:\/\/apuntesdesanluis.com\/wp-content\/uploads\/2024\/04\/REUNION.png\" \/>\n\t<meta property=\"og:image:width\" content=\"600\" \/>\n\t<meta property=\"og:image:height\" content=\"283\" \/>\n\t<meta property=\"og:image:type\" content=\"image\/png\" \/>\n<meta name=\"author\" content=\"apuntesdesanluis.com\" \/>\n<meta name=\"twitter:card\" content=\"summary_large_image\" \/>\n<meta name=\"twitter:label1\" content=\"Escrito por\" \/>\n\t<meta name=\"twitter:data1\" content=\"apuntesdesanluis.com\" \/>\n\t<meta name=\"twitter:label2\" content=\"Tiempo de lectura\" \/>\n\t<meta name=\"twitter:data2\" content=\"4 minutos\" \/>\n<script type=\"application\/ld+json\" class=\"yoast-schema-graph\">{\"@context\":\"https:\/\/schema.org\",\"@graph\":[{\"@type\":\"Article\",\"@id\":\"https:\/\/apuntesdesanluis.com\/index.php\/2024\/04\/08\/coincidencias-entre-el-sijupu-magistrados-y-el-stj-sobre-una-urgente-recomposicion-salarial\/#article\",\"isPartOf\":{\"@id\":\"https:\/\/apuntesdesanluis.com\/index.php\/2024\/04\/08\/coincidencias-entre-el-sijupu-magistrados-y-el-stj-sobre-una-urgente-recomposicion-salarial\/\"},\"author\":{\"name\":\"apuntesdesanluis.com\",\"@id\":\"https:\/\/apuntesdesanluis.com\/#\/schema\/person\/b55151d52296fcce64d1a72538a70b90\"},\"headline\":\"COINCIDENCIAS ENTRE EL SIJUPU, MAGISTRADOS Y EL STJ SOBRE UNA \u201cURGENTE RECOMPOSICI\u00d3N SALARIAL\u201d\",\"datePublished\":\"2024-04-08T23:20:37+00:00\",\"dateModified\":\"2024-04-08T23:21:30+00:00\",\"mainEntityOfPage\":{\"@id\":\"https:\/\/apuntesdesanluis.com\/index.php\/2024\/04\/08\/coincidencias-entre-el-sijupu-magistrados-y-el-stj-sobre-una-urgente-recomposicion-salarial\/\"},\"wordCount\":708,\"publisher\":{\"@id\":\"https:\/\/apuntesdesanluis.com\/#\/schema\/person\/b55151d52296fcce64d1a72538a70b90\"},\"image\":{\"@id\":\"https:\/\/apuntesdesanluis.com\/index.php\/2024\/04\/08\/coincidencias-entre-el-sijupu-magistrados-y-el-stj-sobre-una-urgente-recomposicion-salarial\/#primaryimage\"},\"thumbnailUrl\":\"https:\/\/apuntesdesanluis.com\/wp-content\/uploads\/2024\/04\/REUNION.png\",\"articleSection\":[\"Ciudad\/Provincia\"],\"inLanguage\":\"es-AR\"},{\"@type\":\"WebPage\",\"@id\":\"https:\/\/apuntesdesanluis.com\/index.php\/2024\/04\/08\/coincidencias-entre-el-sijupu-magistrados-y-el-stj-sobre-una-urgente-recomposicion-salarial\/\",\"url\":\"https:\/\/apuntesdesanluis.com\/index.php\/2024\/04\/08\/coincidencias-entre-el-sijupu-magistrados-y-el-stj-sobre-una-urgente-recomposicion-salarial\/\",\"name\":\"COINCIDENCIAS ENTRE EL SIJUPU, MAGISTRADOS Y EL STJ SOBRE UNA \u201cURGENTE RECOMPOSICI\u00d3N SALARIAL\u201d - Apuntes de San Luis\",\"isPartOf\":{\"@id\":\"https:\/\/apuntesdesanluis.com\/#website\"},\"primaryImageOfPage\":{\"@id\":\"https:\/\/apuntesdesanluis.com\/index.php\/2024\/04\/08\/coincidencias-entre-el-sijupu-magistrados-y-el-stj-sobre-una-urgente-recomposicion-salarial\/#primaryimage\"},\"image\":{\"@id\":\"https:\/\/apuntesdesanluis.com\/index.php\/2024\/04\/08\/coincidencias-entre-el-sijupu-magistrados-y-el-stj-sobre-una-urgente-recomposicion-salarial\/#primaryimage\"},\"thumbnailUrl\":\"https:\/\/apuntesdesanluis.com\/wp-content\/uploads\/2024\/04\/REUNION.png\",\"datePublished\":\"2024-04-08T23:20:37+00:00\",\"dateModified\":\"2024-04-08T23:21:30+00:00\",\"breadcrumb\":{\"@id\":\"https:\/\/apuntesdesanluis.com\/index.php\/2024\/04\/08\/coincidencias-entre-el-sijupu-magistrados-y-el-stj-sobre-una-urgente-recomposicion-salarial\/#breadcrumb\"},\"inLanguage\":\"es-AR\",\"potentialAction\":[{\"@type\":\"ReadAction\",\"target\":[\"https:\/\/apuntesdesanluis.com\/index.php\/2024\/04\/08\/coincidencias-entre-el-sijupu-magistrados-y-el-stj-sobre-una-urgente-recomposicion-salarial\/\"]}]},{\"@type\":\"ImageObject\",\"inLanguage\":\"es-AR\",\"@id\":\"https:\/\/apuntesdesanluis.com\/index.php\/2024\/04\/08\/coincidencias-entre-el-sijupu-magistrados-y-el-stj-sobre-una-urgente-recomposicion-salarial\/#primaryimage\",\"url\":\"https:\/\/apuntesdesanluis.com\/wp-content\/uploads\/2024\/04\/REUNION.png\",\"contentUrl\":\"https:\/\/apuntesdesanluis.com\/wp-content\/uploads\/2024\/04\/REUNION.png\",\"width\":600,\"height\":283},{\"@type\":\"BreadcrumbList\",\"@id\":\"https:\/\/apuntesdesanluis.com\/index.php\/2024\/04\/08\/coincidencias-entre-el-sijupu-magistrados-y-el-stj-sobre-una-urgente-recomposicion-salarial\/#breadcrumb\",\"itemListElement\":[{\"@type\":\"ListItem\",\"position\":1,\"name\":\"Inicio\",\"item\":\"https:\/\/apuntesdesanluis.com\/\"},{\"@type\":\"ListItem\",\"position\":2,\"name\":\"COINCIDENCIAS ENTRE EL SIJUPU, MAGISTRADOS Y EL STJ SOBRE UNA \u201cURGENTE RECOMPOSICI\u00d3N SALARIAL\u201d\"}]},{\"@type\":\"WebSite\",\"@id\":\"https:\/\/apuntesdesanluis.com\/#website\",\"url\":\"https:\/\/apuntesdesanluis.com\/\",\"name\":\"Apuntes de San Luis\",\"description\":\"\",\"publisher\":{\"@id\":\"https:\/\/apuntesdesanluis.com\/#\/schema\/person\/b55151d52296fcce64d1a72538a70b90\"},\"potentialAction\":[{\"@type\":\"SearchAction\",\"target\":{\"@type\":\"EntryPoint\",\"urlTemplate\":\"https:\/\/apuntesdesanluis.com\/?s={search_term_string}\"},\"query-input\":{\"@type\":\"PropertyValueSpecification\",\"valueRequired\":true,\"valueName\":\"search_term_string\"}}],\"inLanguage\":\"es-AR\"},{\"@type\":[\"Person\",\"Organization\"],\"@id\":\"https:\/\/apuntesdesanluis.com\/#\/schema\/person\/b55151d52296fcce64d1a72538a70b90\",\"name\":\"apuntesdesanluis.com\",\"image\":{\"@type\":\"ImageObject\",\"inLanguage\":\"es-AR\",\"@id\":\"https:\/\/apuntesdesanluis.com\/#\/schema\/person\/image\/\",\"url\":\"https:\/\/apuntesdesanluis.com\/wp-content\/uploads\/2023\/07\/cropped-apuntesdesanluis.png\",\"contentUrl\":\"https:\/\/apuntesdesanluis.com\/wp-content\/uploads\/2023\/07\/cropped-apuntesdesanluis.png\",\"width\":450,\"height\":112,\"caption\":\"apuntesdesanluis.com\"},\"logo\":{\"@id\":\"https:\/\/apuntesdesanluis.com\/#\/schema\/person\/image\/\"},\"sameAs\":[\"https:\/\/apuntesdesanluis.com\"],\"url\":\"https:\/\/apuntesdesanluis.com\/index.php\/author\/apuntesdesanluis-com\/\"}]}<\/script>\n<!-- \/ Yoast SEO plugin. -->","yoast_head_json":{"title":"COINCIDENCIAS ENTRE EL SIJUPU, MAGISTRADOS Y EL STJ SOBRE UNA \u201cURGENTE RECOMPOSICI\u00d3N SALARIAL\u201d - Apuntes de San Luis","robots":{"index":"index","follow":"follow","max-snippet":"max-snippet:-1","max-image-preview":"max-image-preview:large","max-video-preview":"max-video-preview:-1"},"canonical":"https:\/\/apuntesdesanluis.com\/index.php\/2024\/04\/08\/coincidencias-entre-el-sijupu-magistrados-y-el-stj-sobre-una-urgente-recomposicion-salarial\/","og_locale":"es_ES","og_type":"article","og_title":"COINCIDENCIAS ENTRE EL SIJUPU, MAGISTRADOS Y EL STJ SOBRE UNA \u201cURGENTE RECOMPOSICI\u00d3N SALARIAL\u201d - Apuntes de San Luis","og_description":"El Secretario General del Sindicato Judiciales Puntanos (SiJuPu), Luciano Cardarelli, destac\u00f3 que en\u00a0 la reuni\u00f3n...","og_url":"https:\/\/apuntesdesanluis.com\/index.php\/2024\/04\/08\/coincidencias-entre-el-sijupu-magistrados-y-el-stj-sobre-una-urgente-recomposicion-salarial\/","og_site_name":"Apuntes de San Luis","article_published_time":"2024-04-08T23:20:37+00:00","article_modified_time":"2024-04-08T23:21:30+00:00","og_image":[{"width":600,"height":283,"url":"https:\/\/apuntesdesanluis.com\/wp-content\/uploads\/2024\/04\/REUNION.png","type":"image\/png"}],"author":"apuntesdesanluis.com","twitter_card":"summary_large_image","twitter_misc":{"Escrito por":"apuntesdesanluis.com","Tiempo de lectura":"4 minutos"},"schema":{"@context":"https:\/\/schema.org","@graph":[{"@type":"Article","@id":"https:\/\/apuntesdesanluis.com\/index.php\/2024\/04\/08\/coincidencias-entre-el-sijupu-magistrados-y-el-stj-sobre-una-urgente-recomposicion-salarial\/#article","isPartOf":{"@id":"https:\/\/apuntesdesanluis.com\/index.php\/2024\/04\/08\/coincidencias-entre-el-sijupu-magistrados-y-el-stj-sobre-una-urgente-recomposicion-salarial\/"},"author":{"name":"apuntesdesanluis.com","@id":"https:\/\/apuntesdesanluis.com\/#\/schema\/person\/b55151d52296fcce64d1a72538a70b90"},"headline":"COINCIDENCIAS ENTRE EL SIJUPU, MAGISTRADOS Y EL STJ SOBRE UNA \u201cURGENTE RECOMPOSICI\u00d3N SALARIAL\u201d","datePublished":"2024-04-08T23:20:37+00:00","dateModified":"2024-04-08T23:21:30+00:00","mainEntityOfPage":{"@id":"https:\/\/apuntesdesanluis.com\/index.php\/2024\/04\/08\/coincidencias-entre-el-sijupu-magistrados-y-el-stj-sobre-una-urgente-recomposicion-salarial\/"},"wordCount":708,"publisher":{"@id":"https:\/\/apuntesdesanluis.com\/#\/schema\/person\/b55151d52296fcce64d1a72538a70b90"},"image":{"@id":"https:\/\/apuntesdesanluis.com\/index.php\/2024\/04\/08\/coincidencias-entre-el-sijupu-magistrados-y-el-stj-sobre-una-urgente-recomposicion-salarial\/#primaryimage"},"thumbnailUrl":"https:\/\/apuntesdesanluis.com\/wp-content\/uploads\/2024\/04\/REUNION.png","articleSection":["Ciudad\/Provincia"],"inLanguage":"es-AR"},{"@type":"WebPage","@id":"https:\/\/apuntesdesanluis.com\/index.php\/2024\/04\/08\/coincidencias-entre-el-sijupu-magistrados-y-el-stj-sobre-una-urgente-recomposicion-salarial\/","url":"https:\/\/apuntesdesanluis.com\/index.php\/2024\/04\/08\/coincidencias-entre-el-sijupu-magistrados-y-el-stj-sobre-una-urgente-recomposicion-salarial\/","name":"COINCIDENCIAS ENTRE EL SIJUPU, MAGISTRADOS Y EL STJ SOBRE UNA \u201cURGENTE RECOMPOSICI\u00d3N SALARIAL\u201d - Apuntes de San Luis","isPartOf":{"@id":"https:\/\/apuntesdesanluis.com\/#website"},"primaryImageOfPage":{"@id":"https:\/\/apuntesdesanluis.com\/index.php\/2024\/04\/08\/coincidencias-entre-el-sijupu-magistrados-y-el-stj-sobre-una-urgente-recomposicion-salarial\/#primaryimage"},"image":{"@id":"https:\/\/apuntesdesanluis.com\/index.php\/2024\/04\/08\/coincidencias-entre-el-sijupu-magistrados-y-el-stj-sobre-una-urgente-recomposicion-salarial\/#primaryimage"},"thumbnailUrl":"https:\/\/apuntesdesanluis.com\/wp-content\/uploads\/2024\/04\/REUNION.png","datePublished":"2024-04-08T23:20:37+00:00","dateModified":"2024-04-08T23:21:30+00:00","breadcrumb":{"@id":"https:\/\/apuntesdesanluis.com\/index.php\/2024\/04\/08\/coincidencias-entre-el-sijupu-magistrados-y-el-stj-sobre-una-urgente-recomposicion-salarial\/#breadcrumb"},"inLanguage":"es-AR","potentialAction":[{"@type":"ReadAction","target":["https:\/\/apuntesdesanluis.com\/index.php\/2024\/04\/08\/coincidencias-entre-el-sijupu-magistrados-y-el-stj-sobre-una-urgente-recomposicion-salarial\/"]}]},{"@type":"ImageObject","inLanguage":"es-AR","@id":"https:\/\/apuntesdesanluis.com\/index.php\/2024\/04\/08\/coincidencias-entre-el-sijupu-magistrados-y-el-stj-sobre-una-urgente-recomposicion-salarial\/#primaryimage","url":"https:\/\/apuntesdesanluis.com\/wp-content\/uploads\/2024\/04\/REUNION.png","contentUrl":"https:\/\/apuntesdesanluis.com\/wp-content\/uploads\/2024\/04\/REUNION.png","width":600,"height":283},{"@type":"BreadcrumbList","@id":"https:\/\/apuntesdesanluis.com\/index.php\/2024\/04\/08\/coincidencias-entre-el-sijupu-magistrados-y-el-stj-sobre-una-urgente-recomposicion-salarial\/#breadcrumb","itemListElement":[{"@type":"ListItem","position":1,"name":"Inicio","item":"https:\/\/apuntesdesanluis.com\/"},{"@type":"ListItem","position":2,"name":"COINCIDENCIAS ENTRE EL SIJUPU, MAGISTRADOS Y EL STJ SOBRE UNA \u201cURGENTE RECOMPOSICI\u00d3N SALARIAL\u201d"}]},{"@type":"WebSite","@id":"https:\/\/apuntesdesanluis.com\/#website","url":"https:\/\/apuntesdesanluis.com\/","name":"Apuntes de San Luis","description":"","publisher":{"@id":"https:\/\/apuntesdesanluis.com\/#\/schema\/person\/b55151d52296fcce64d1a72538a70b90"},"potentialAction":[{"@type":"SearchAction","target":{"@type":"EntryPoint","urlTemplate":"https:\/\/apuntesdesanluis.com\/?s={search_term_string}"},"query-input":{"@type":"PropertyValueSpecification","valueRequired":true,"valueName":"search_term_string"}}],"inLanguage":"es-AR"},{"@type":["Person","Organization"],"@id":"https:\/\/apuntesdesanluis.com\/#\/schema\/person\/b55151d52296fcce64d1a72538a70b90","name":"apuntesdesanluis.com","image":{"@type":"ImageObject","inLanguage":"es-AR","@id":"https:\/\/apuntesdesanluis.com\/#\/schema\/person\/image\/","url":"https:\/\/apuntesdesanluis.com\/wp-content\/uploads\/2023\/07\/cropped-apuntesdesanluis.png","contentUrl":"https:\/\/apuntesdesanluis.com\/wp-content\/uploads\/2023\/07\/cropped-apuntesdesanluis.png","width":450,"height":112,"caption":"apuntesdesanluis.com"},"logo":{"@id":"https:\/\/apuntesdesanluis.com\/#\/schema\/person\/image\/"},"sameAs":["https:\/\/apuntesdesanluis.com"],"url":"https:\/\/apuntesdesanluis.com\/index.php\/author\/apuntesdesanluis-com\/"}]}},"featured_image_urls":{"full":["https:\/\/apuntesdesanluis.com\/wp-content\/uploads\/2024\/04\/REUNION.png",600,283,false],"thumbnail":["https:\/\/apuntesdesanluis.com\/wp-content\/uploads\/2024\/04\/REUNION-150x150.png",150,150,true],"medium":["https:\/\/apuntesdesanluis.com\/wp-content\/uploads\/2024\/04\/REUNION-300x142.png",300,142,true],"medium_large":["https:\/\/apuntesdesanluis.com\/wp-content\/uploads\/2024\/04\/REUNION.png",600,283,false],"large":["https:\/\/apuntesdesanluis.com\/wp-content\/uploads\/2024\/04\/REUNION.png",600,283,false],"1536x1536":["https:\/\/apuntesdesanluis.com\/wp-content\/uploads\/2024\/04\/REUNION.png",600,283,false],"2048x2048":["https:\/\/apuntesdesanluis.com\/wp-content\/uploads\/2024\/04\/REUNION.png",600,283,false],"newsever-slider-full":["https:\/\/apuntesdesanluis.com\/wp-content\/uploads\/2024\/04\/REUNION.png",600,283,false],"newsever-featured":["https:\/\/apuntesdesanluis.com\/wp-content\/uploads\/2024\/04\/REUNION.png",600,283,false],"newsever-medium":["https:\/\/apuntesdesanluis.com\/wp-content\/uploads\/2024\/04\/REUNION.png",600,283,false]},"author_info":{"display_name":"apuntesdesanluis.com","author_link":"https:\/\/apuntesdesanluis.com\/index.php\/author\/apuntesdesanluis-com\/"},"category_info":"<a href=\"https:\/\/apuntesdesanluis.com\/index.php\/category\/ciudad-provincia\/\" rel=\"category tag\">Ciudad\/Provincia<\/a>","tag_info":"Ciudad\/Provincia","comment_count":"0","_links":{"self":[{"href":"https:\/\/apuntesdesanluis.com\/index.php\/wp-json\/wp\/v2\/posts\/14361","targetHints":{"allow":["GET"]}}],"collection":[{"href":"https:\/\/apuntesdesanluis.com\/index.php\/wp-json\/wp\/v2\/posts"}],"about":[{"href":"https:\/\/apuntesdesanluis.com\/index.php\/wp-json\/wp\/v2\/types\/post"}],"author":[{"embeddable":true,"href":"https:\/\/apuntesdesanluis.com\/index.php\/wp-json\/wp\/v2\/users\/1"}],"replies":[{"embeddable":true,"href":"https:\/\/apuntesdesanluis.com\/index.php\/wp-json\/wp\/v2\/comments?post=14361"}],"version-history":[{"count":2,"href":"https:\/\/apuntesdesanluis.com\/index.php\/wp-json\/wp\/v2\/posts\/14361\/revisions"}],"predecessor-version":[{"id":14366,"href":"https:\/\/apuntesdesanluis.com\/index.php\/wp-json\/wp\/v2\/posts\/14361\/revisions\/14366"}],"wp:featuredmedia":[{"embeddable":true,"href":"https:\/\/apuntesdesanluis.com\/index.php\/wp-json\/wp\/v2\/media\/14362"}],"wp:attachment":[{"href":"https:\/\/apuntesdesanluis.com\/index.php\/wp-json\/wp\/v2\/media?parent=14361"}],"wp:term":[{"taxonomy":"category","embeddable":true,"href":"https:\/\/apuntesdesanluis.com\/index.php\/wp-json\/wp\/v2\/categories?post=14361"},{"taxonomy":"post_tag","embeddable":true,"href":"https:\/\/apuntesdesanluis.com\/index.php\/wp-json\/wp\/v2\/tags?post=14361"}],"curies":[{"name":"wp","href":"https:\/\/api.w.org\/{rel}","templated":true}]}}