{"id":1439,"date":"2023-08-10T22:40:01","date_gmt":"2023-08-11T01:40:01","guid":{"rendered":"https:\/\/apuntesdesanluis.com\/?p=1439"},"modified":"2023-08-10T22:40:18","modified_gmt":"2023-08-11T01:40:18","slug":"patricia-bullrich-la-poblacion-esta-sola-no-tiene-quien-la-defienda","status":"publish","type":"post","link":"https:\/\/apuntesdesanluis.com\/index.php\/2023\/08\/10\/patricia-bullrich-la-poblacion-esta-sola-no-tiene-quien-la-defienda\/","title":{"rendered":"PATRICIA BULLRICH: &#8220;LA POBLACI\u00d3N EST\u00c1 SOLA, NO TIENE QUI\u00c9N LA DEFIENDA&#8221;"},"content":{"rendered":"<h3 class=\"yiv7409174924ydp6329976emsonormal\" style=\"background: white;\"><span style=\"font-family: 'Arial','sans-serif'; color: #1d2228;\">La precandidata a presidenta de la Naci\u00f3n, Patricia Bullrich, consider\u00f3 hoy que &#8220;la poblaci\u00f3n est\u00e1 sola, no tiene quien la defienda&#8221;, y afirm\u00f3 que &#8220;el \u00e9xito de una buena pol\u00edtica en seguridad&#8221; es &#8220;menos delitos, menos presos y menos delincuentes&#8221;.<\/span><\/h3>\n<h3 class=\"yiv7409174924ydp6329976emsonormal\" style=\"background: white;\"><span style=\"font-family: 'Arial','sans-serif'; color: #1d2228;\">&#8220;Creo que la pol\u00edtica de seguridad que se dej\u00f3 de lado durante estos a\u00f1os ha generado de nuevo una total y absoluta soledad en la poblaci\u00f3n. La poblaci\u00f3n est\u00e1 sola, no tiene quien la defienda&#8221;, resalt\u00f3 Bullrich durante su visita a C\u00f3rdoba.<\/span><\/h3>\n<h3 class=\"yiv7409174924ydp6329976emsonormal\" style=\"background: white;\"><span style=\"font-family: 'Arial','sans-serif'; color: #1d2228;\">En ese marco, la dirigente del PRO precis\u00f3: &#8220;Fui cuatro a\u00f1os ministra de Seguridad y tuve la decisi\u00f3n de atacar absolutamente el problema de la inseguridad mezclada con el narcotr\u00e1fico, con una situaci\u00f3n de v\u00edctimas y victimarios que realmente generan en nuestra sociedad un enorme problema de crisis: de crisis cultural, de crisis educativa, de crisis social&#8221;.<\/span><\/h3>\n<h3 class=\"yiv7409174924ydp6329976emsonormal\" style=\"background: white;\"><span style=\"font-family: 'Arial','sans-serif'; color: #1d2228;\">&#8220;En la gesti\u00f3n que viene van a dejar de estar solos porque saben que nosotros estamos al lado, como estuvimos en los barrios seguros, como estuvimos llevando gendarmer\u00eda a todos y cada uno de los lugares que hac\u00eda falta porque logramos bajar la tasa de homicidios en mucho m\u00e1s del 20% y en Rosario, por ejemplo, del 30%. Cuid\u00e1bamos a la gente, a las fuerzas de seguridad porque tuvimos una l\u00ednea clara, clarita: el que las hac\u00eda las pagaba&#8221;, subray\u00f3.<\/span><\/h3>\n<h3 class=\"yiv7409174924ydp6329976emsonormal\" style=\"background: white;\"><span style=\"font-family: 'Arial','sans-serif'; color: #1d2228;\">Respecto del marco regulatorio y las leyes que rigen actualmente, Bullrich precis\u00f3: &#8220;Vamos a precisar de algunas leyes que lamentablemente -cuando no tuvimos mayor\u00eda parlamentaria- no las votaron. El c\u00f3digo penal, el c\u00f3digo procesal que tiene que tener la reiterancia porque una persona comete un delito y lo largan, comete otro delito y lo largan. \u00bfSaben por qu\u00e9? Porque todav\u00eda no tiene una condena&#8221;.<\/span><\/h3>\n<h3 class=\"yiv7409174924ydp6329976emsonormal\" style=\"background: white;\"><span style=\"font-family: 'Arial','sans-serif'; color: #1d2228;\">&#8220;El 10 de diciembre entran al Congreso todas las leyes penales necesarias en nuestro pa\u00eds, el nuevo C\u00f3digo Penal, las leyes que van a regir la conducta de los menores, es decir, la Ley penal juvenil que ya la presentamos y lo vamos a volver a presentar&#8221;, prometi\u00f3.<\/span><\/h3>\n<h3 class=\"yiv7409174924ydp6329976emsonormal\" style=\"background: white;\"><span style=\"font-family: 'Arial','sans-serif'; color: #1d2228;\">Adem\u00e1s, la precandidata presidencial destac\u00f3: &#8220;Ustedes saben que con nosotros la seguridad est\u00e1 en el centro de nuestra preocupaci\u00f3n y que yo como ministra he sabido llevar adelante una pol\u00edtica de seguridad firme, clara, n\u00edtida y sin miedo&#8221;.<\/span><\/h3>\n<h3 class=\"yiv7409174924ydp6329976emsonormal\" style=\"background: white;\"><span style=\"font-family: 'Arial','sans-serif'; color: #1d2228;\">&#8220;No hay nada m\u00e1s importante que la vida de la gente. No queremos solamente m\u00e1s presos, queremos menos delitos, menos presos y menos delincuentes. Ese es el \u00e9xito de una buena pol\u00edtica en seguridad&#8221;, manifest\u00f3.<\/span><\/h3>\n<h3 class=\"yiv7409174924ydp6329976emsonormal\" style=\"background: white;\"><span style=\"font-family: 'Arial','sans-serif'; color: #1d2228;\">Por \u00faltimo, Bullrich sentenci\u00f3: &#8220;Creo que en esta oportunidad la gente va a decidir por una mano firme, clara y que sepa que va a defender a los ciudadanos y no a los delincuentes&#8221;.<\/span><\/h3>\n","protected":false},"excerpt":{"rendered":"<p>La precandidata a presidenta de la Naci\u00f3n, Patricia Bullrich, consider\u00f3 hoy que &#8220;la poblaci\u00f3n est\u00e1&#8230;<\/p>\n","protected":false},"author":1,"featured_media":1440,"comment_status":"closed","ping_status":"closed","sticky":false,"template":"","format":"standard","meta":{"footnotes":""},"categories":[5],"tags":[],"class_list":["post-1439","post","type-post","status-publish","format-standard","has-post-thumbnail","hentry","category-nacionales-internacionales"],"yoast_head":"<!-- This site is optimized with the Yoast SEO plugin v26.1.1 - https:\/\/yoast.com\/wordpress\/plugins\/seo\/ -->\n<title>PATRICIA BULLRICH: &quot;LA POBLACI\u00d3N EST\u00c1 SOLA, NO TIENE QUI\u00c9N LA DEFIENDA&quot; - Apuntes de San Luis<\/title>\n<meta name=\"robots\" content=\"index, follow, max-snippet:-1, max-image-preview:large, max-video-preview:-1\" \/>\n<link rel=\"canonical\" href=\"https:\/\/apuntesdesanluis.com\/index.php\/2023\/08\/10\/patricia-bullrich-la-poblacion-esta-sola-no-tiene-quien-la-defienda\/\" \/>\n<meta property=\"og:locale\" content=\"es_ES\" \/>\n<meta property=\"og:type\" content=\"article\" \/>\n<meta property=\"og:title\" content=\"PATRICIA BULLRICH: &quot;LA POBLACI\u00d3N EST\u00c1 SOLA, NO TIENE QUI\u00c9N LA DEFIENDA&quot; - Apuntes de San Luis\" \/>\n<meta property=\"og:description\" content=\"La precandidata a presidenta de la Naci\u00f3n, Patricia Bullrich, consider\u00f3 hoy que &#8220;la poblaci\u00f3n est\u00e1...\" \/>\n<meta property=\"og:url\" content=\"https:\/\/apuntesdesanluis.com\/index.php\/2023\/08\/10\/patricia-bullrich-la-poblacion-esta-sola-no-tiene-quien-la-defienda\/\" \/>\n<meta property=\"og:site_name\" content=\"Apuntes de San Luis\" \/>\n<meta property=\"article:published_time\" content=\"2023-08-11T01:40:01+00:00\" \/>\n<meta property=\"article:modified_time\" content=\"2023-08-11T01:40:18+00:00\" \/>\n<meta property=\"og:image\" content=\"https:\/\/apuntesdesanluis.com\/wp-content\/uploads\/2023\/08\/BULLRICH-3.png\" \/>\n\t<meta property=\"og:image:width\" content=\"773\" \/>\n\t<meta property=\"og:image:height\" content=\"474\" \/>\n\t<meta property=\"og:image:type\" content=\"image\/png\" \/>\n<meta name=\"author\" content=\"apuntesdesanluis.com\" \/>\n<meta name=\"twitter:card\" content=\"summary_large_image\" \/>\n<meta name=\"twitter:label1\" content=\"Escrito por\" \/>\n\t<meta name=\"twitter:data1\" content=\"apuntesdesanluis.com\" \/>\n\t<meta name=\"twitter:label2\" content=\"Tiempo de lectura\" \/>\n\t<meta name=\"twitter:data2\" content=\"3 minutos\" \/>\n<script type=\"application\/ld+json\" class=\"yoast-schema-graph\">{\"@context\":\"https:\/\/schema.org\",\"@graph\":[{\"@type\":\"Article\",\"@id\":\"https:\/\/apuntesdesanluis.com\/index.php\/2023\/08\/10\/patricia-bullrich-la-poblacion-esta-sola-no-tiene-quien-la-defienda\/#article\",\"isPartOf\":{\"@id\":\"https:\/\/apuntesdesanluis.com\/index.php\/2023\/08\/10\/patricia-bullrich-la-poblacion-esta-sola-no-tiene-quien-la-defienda\/\"},\"author\":{\"name\":\"apuntesdesanluis.com\",\"@id\":\"https:\/\/apuntesdesanluis.com\/#\/schema\/person\/b55151d52296fcce64d1a72538a70b90\"},\"headline\":\"PATRICIA BULLRICH: &#8220;LA POBLACI\u00d3N EST\u00c1 SOLA, NO TIENE QUI\u00c9N LA DEFIENDA&#8221;\",\"datePublished\":\"2023-08-11T01:40:01+00:00\",\"dateModified\":\"2023-08-11T01:40:18+00:00\",\"mainEntityOfPage\":{\"@id\":\"https:\/\/apuntesdesanluis.com\/index.php\/2023\/08\/10\/patricia-bullrich-la-poblacion-esta-sola-no-tiene-quien-la-defienda\/\"},\"wordCount\":481,\"publisher\":{\"@id\":\"https:\/\/apuntesdesanluis.com\/#\/schema\/person\/b55151d52296fcce64d1a72538a70b90\"},\"image\":{\"@id\":\"https:\/\/apuntesdesanluis.com\/index.php\/2023\/08\/10\/patricia-bullrich-la-poblacion-esta-sola-no-tiene-quien-la-defienda\/#primaryimage\"},\"thumbnailUrl\":\"https:\/\/apuntesdesanluis.com\/wp-content\/uploads\/2023\/08\/BULLRICH-3.png\",\"articleSection\":[\"Nacionales\/Internacionales\"],\"inLanguage\":\"es-AR\"},{\"@type\":\"WebPage\",\"@id\":\"https:\/\/apuntesdesanluis.com\/index.php\/2023\/08\/10\/patricia-bullrich-la-poblacion-esta-sola-no-tiene-quien-la-defienda\/\",\"url\":\"https:\/\/apuntesdesanluis.com\/index.php\/2023\/08\/10\/patricia-bullrich-la-poblacion-esta-sola-no-tiene-quien-la-defienda\/\",\"name\":\"PATRICIA BULLRICH: \\\"LA POBLACI\u00d3N EST\u00c1 SOLA, NO TIENE QUI\u00c9N LA DEFIENDA\\\" - Apuntes de San Luis\",\"isPartOf\":{\"@id\":\"https:\/\/apuntesdesanluis.com\/#website\"},\"primaryImageOfPage\":{\"@id\":\"https:\/\/apuntesdesanluis.com\/index.php\/2023\/08\/10\/patricia-bullrich-la-poblacion-esta-sola-no-tiene-quien-la-defienda\/#primaryimage\"},\"image\":{\"@id\":\"https:\/\/apuntesdesanluis.com\/index.php\/2023\/08\/10\/patricia-bullrich-la-poblacion-esta-sola-no-tiene-quien-la-defienda\/#primaryimage\"},\"thumbnailUrl\":\"https:\/\/apuntesdesanluis.com\/wp-content\/uploads\/2023\/08\/BULLRICH-3.png\",\"datePublished\":\"2023-08-11T01:40:01+00:00\",\"dateModified\":\"2023-08-11T01:40:18+00:00\",\"breadcrumb\":{\"@id\":\"https:\/\/apuntesdesanluis.com\/index.php\/2023\/08\/10\/patricia-bullrich-la-poblacion-esta-sola-no-tiene-quien-la-defienda\/#breadcrumb\"},\"inLanguage\":\"es-AR\",\"potentialAction\":[{\"@type\":\"ReadAction\",\"target\":[\"https:\/\/apuntesdesanluis.com\/index.php\/2023\/08\/10\/patricia-bullrich-la-poblacion-esta-sola-no-tiene-quien-la-defienda\/\"]}]},{\"@type\":\"ImageObject\",\"inLanguage\":\"es-AR\",\"@id\":\"https:\/\/apuntesdesanluis.com\/index.php\/2023\/08\/10\/patricia-bullrich-la-poblacion-esta-sola-no-tiene-quien-la-defienda\/#primaryimage\",\"url\":\"https:\/\/apuntesdesanluis.com\/wp-content\/uploads\/2023\/08\/BULLRICH-3.png\",\"contentUrl\":\"https:\/\/apuntesdesanluis.com\/wp-content\/uploads\/2023\/08\/BULLRICH-3.png\",\"width\":773,\"height\":474},{\"@type\":\"BreadcrumbList\",\"@id\":\"https:\/\/apuntesdesanluis.com\/index.php\/2023\/08\/10\/patricia-bullrich-la-poblacion-esta-sola-no-tiene-quien-la-defienda\/#breadcrumb\",\"itemListElement\":[{\"@type\":\"ListItem\",\"position\":1,\"name\":\"Inicio\",\"item\":\"https:\/\/apuntesdesanluis.com\/\"},{\"@type\":\"ListItem\",\"position\":2,\"name\":\"PATRICIA BULLRICH: &#8220;LA POBLACI\u00d3N EST\u00c1 SOLA, NO TIENE QUI\u00c9N LA DEFIENDA&#8221;\"}]},{\"@type\":\"WebSite\",\"@id\":\"https:\/\/apuntesdesanluis.com\/#website\",\"url\":\"https:\/\/apuntesdesanluis.com\/\",\"name\":\"Apuntes de San Luis\",\"description\":\"\",\"publisher\":{\"@id\":\"https:\/\/apuntesdesanluis.com\/#\/schema\/person\/b55151d52296fcce64d1a72538a70b90\"},\"potentialAction\":[{\"@type\":\"SearchAction\",\"target\":{\"@type\":\"EntryPoint\",\"urlTemplate\":\"https:\/\/apuntesdesanluis.com\/?s={search_term_string}\"},\"query-input\":{\"@type\":\"PropertyValueSpecification\",\"valueRequired\":true,\"valueName\":\"search_term_string\"}}],\"inLanguage\":\"es-AR\"},{\"@type\":[\"Person\",\"Organization\"],\"@id\":\"https:\/\/apuntesdesanluis.com\/#\/schema\/person\/b55151d52296fcce64d1a72538a70b90\",\"name\":\"apuntesdesanluis.com\",\"image\":{\"@type\":\"ImageObject\",\"inLanguage\":\"es-AR\",\"@id\":\"https:\/\/apuntesdesanluis.com\/#\/schema\/person\/image\/\",\"url\":\"https:\/\/apuntesdesanluis.com\/wp-content\/uploads\/2023\/07\/cropped-apuntesdesanluis.png\",\"contentUrl\":\"https:\/\/apuntesdesanluis.com\/wp-content\/uploads\/2023\/07\/cropped-apuntesdesanluis.png\",\"width\":450,\"height\":112,\"caption\":\"apuntesdesanluis.com\"},\"logo\":{\"@id\":\"https:\/\/apuntesdesanluis.com\/#\/schema\/person\/image\/\"},\"sameAs\":[\"https:\/\/apuntesdesanluis.com\"],\"url\":\"https:\/\/apuntesdesanluis.com\/index.php\/author\/apuntesdesanluis-com\/\"}]}<\/script>\n<!-- \/ Yoast SEO plugin. -->","yoast_head_json":{"title":"PATRICIA BULLRICH: \"LA POBLACI\u00d3N EST\u00c1 SOLA, NO TIENE QUI\u00c9N LA DEFIENDA\" - Apuntes de San Luis","robots":{"index":"index","follow":"follow","max-snippet":"max-snippet:-1","max-image-preview":"max-image-preview:large","max-video-preview":"max-video-preview:-1"},"canonical":"https:\/\/apuntesdesanluis.com\/index.php\/2023\/08\/10\/patricia-bullrich-la-poblacion-esta-sola-no-tiene-quien-la-defienda\/","og_locale":"es_ES","og_type":"article","og_title":"PATRICIA BULLRICH: \"LA POBLACI\u00d3N EST\u00c1 SOLA, NO TIENE QUI\u00c9N LA DEFIENDA\" - Apuntes de San Luis","og_description":"La precandidata a presidenta de la Naci\u00f3n, Patricia Bullrich, consider\u00f3 hoy que &#8220;la poblaci\u00f3n est\u00e1...","og_url":"https:\/\/apuntesdesanluis.com\/index.php\/2023\/08\/10\/patricia-bullrich-la-poblacion-esta-sola-no-tiene-quien-la-defienda\/","og_site_name":"Apuntes de San Luis","article_published_time":"2023-08-11T01:40:01+00:00","article_modified_time":"2023-08-11T01:40:18+00:00","og_image":[{"width":773,"height":474,"url":"https:\/\/apuntesdesanluis.com\/wp-content\/uploads\/2023\/08\/BULLRICH-3.png","type":"image\/png"}],"author":"apuntesdesanluis.com","twitter_card":"summary_large_image","twitter_misc":{"Escrito por":"apuntesdesanluis.com","Tiempo de lectura":"3 minutos"},"schema":{"@context":"https:\/\/schema.org","@graph":[{"@type":"Article","@id":"https:\/\/apuntesdesanluis.com\/index.php\/2023\/08\/10\/patricia-bullrich-la-poblacion-esta-sola-no-tiene-quien-la-defienda\/#article","isPartOf":{"@id":"https:\/\/apuntesdesanluis.com\/index.php\/2023\/08\/10\/patricia-bullrich-la-poblacion-esta-sola-no-tiene-quien-la-defienda\/"},"author":{"name":"apuntesdesanluis.com","@id":"https:\/\/apuntesdesanluis.com\/#\/schema\/person\/b55151d52296fcce64d1a72538a70b90"},"headline":"PATRICIA BULLRICH: &#8220;LA POBLACI\u00d3N EST\u00c1 SOLA, NO TIENE QUI\u00c9N LA DEFIENDA&#8221;","datePublished":"2023-08-11T01:40:01+00:00","dateModified":"2023-08-11T01:40:18+00:00","mainEntityOfPage":{"@id":"https:\/\/apuntesdesanluis.com\/index.php\/2023\/08\/10\/patricia-bullrich-la-poblacion-esta-sola-no-tiene-quien-la-defienda\/"},"wordCount":481,"publisher":{"@id":"https:\/\/apuntesdesanluis.com\/#\/schema\/person\/b55151d52296fcce64d1a72538a70b90"},"image":{"@id":"https:\/\/apuntesdesanluis.com\/index.php\/2023\/08\/10\/patricia-bullrich-la-poblacion-esta-sola-no-tiene-quien-la-defienda\/#primaryimage"},"thumbnailUrl":"https:\/\/apuntesdesanluis.com\/wp-content\/uploads\/2023\/08\/BULLRICH-3.png","articleSection":["Nacionales\/Internacionales"],"inLanguage":"es-AR"},{"@type":"WebPage","@id":"https:\/\/apuntesdesanluis.com\/index.php\/2023\/08\/10\/patricia-bullrich-la-poblacion-esta-sola-no-tiene-quien-la-defienda\/","url":"https:\/\/apuntesdesanluis.com\/index.php\/2023\/08\/10\/patricia-bullrich-la-poblacion-esta-sola-no-tiene-quien-la-defienda\/","name":"PATRICIA BULLRICH: \"LA POBLACI\u00d3N EST\u00c1 SOLA, NO TIENE QUI\u00c9N LA DEFIENDA\" - Apuntes de San Luis","isPartOf":{"@id":"https:\/\/apuntesdesanluis.com\/#website"},"primaryImageOfPage":{"@id":"https:\/\/apuntesdesanluis.com\/index.php\/2023\/08\/10\/patricia-bullrich-la-poblacion-esta-sola-no-tiene-quien-la-defienda\/#primaryimage"},"image":{"@id":"https:\/\/apuntesdesanluis.com\/index.php\/2023\/08\/10\/patricia-bullrich-la-poblacion-esta-sola-no-tiene-quien-la-defienda\/#primaryimage"},"thumbnailUrl":"https:\/\/apuntesdesanluis.com\/wp-content\/uploads\/2023\/08\/BULLRICH-3.png","datePublished":"2023-08-11T01:40:01+00:00","dateModified":"2023-08-11T01:40:18+00:00","breadcrumb":{"@id":"https:\/\/apuntesdesanluis.com\/index.php\/2023\/08\/10\/patricia-bullrich-la-poblacion-esta-sola-no-tiene-quien-la-defienda\/#breadcrumb"},"inLanguage":"es-AR","potentialAction":[{"@type":"ReadAction","target":["https:\/\/apuntesdesanluis.com\/index.php\/2023\/08\/10\/patricia-bullrich-la-poblacion-esta-sola-no-tiene-quien-la-defienda\/"]}]},{"@type":"ImageObject","inLanguage":"es-AR","@id":"https:\/\/apuntesdesanluis.com\/index.php\/2023\/08\/10\/patricia-bullrich-la-poblacion-esta-sola-no-tiene-quien-la-defienda\/#primaryimage","url":"https:\/\/apuntesdesanluis.com\/wp-content\/uploads\/2023\/08\/BULLRICH-3.png","contentUrl":"https:\/\/apuntesdesanluis.com\/wp-content\/uploads\/2023\/08\/BULLRICH-3.png","width":773,"height":474},{"@type":"BreadcrumbList","@id":"https:\/\/apuntesdesanluis.com\/index.php\/2023\/08\/10\/patricia-bullrich-la-poblacion-esta-sola-no-tiene-quien-la-defienda\/#breadcrumb","itemListElement":[{"@type":"ListItem","position":1,"name":"Inicio","item":"https:\/\/apuntesdesanluis.com\/"},{"@type":"ListItem","position":2,"name":"PATRICIA BULLRICH: &#8220;LA POBLACI\u00d3N EST\u00c1 SOLA, NO TIENE QUI\u00c9N LA DEFIENDA&#8221;"}]},{"@type":"WebSite","@id":"https:\/\/apuntesdesanluis.com\/#website","url":"https:\/\/apuntesdesanluis.com\/","name":"Apuntes de San Luis","description":"","publisher":{"@id":"https:\/\/apuntesdesanluis.com\/#\/schema\/person\/b55151d52296fcce64d1a72538a70b90"},"potentialAction":[{"@type":"SearchAction","target":{"@type":"EntryPoint","urlTemplate":"https:\/\/apuntesdesanluis.com\/?s={search_term_string}"},"query-input":{"@type":"PropertyValueSpecification","valueRequired":true,"valueName":"search_term_string"}}],"inLanguage":"es-AR"},{"@type":["Person","Organization"],"@id":"https:\/\/apuntesdesanluis.com\/#\/schema\/person\/b55151d52296fcce64d1a72538a70b90","name":"apuntesdesanluis.com","image":{"@type":"ImageObject","inLanguage":"es-AR","@id":"https:\/\/apuntesdesanluis.com\/#\/schema\/person\/image\/","url":"https:\/\/apuntesdesanluis.com\/wp-content\/uploads\/2023\/07\/cropped-apuntesdesanluis.png","contentUrl":"https:\/\/apuntesdesanluis.com\/wp-content\/uploads\/2023\/07\/cropped-apuntesdesanluis.png","width":450,"height":112,"caption":"apuntesdesanluis.com"},"logo":{"@id":"https:\/\/apuntesdesanluis.com\/#\/schema\/person\/image\/"},"sameAs":["https:\/\/apuntesdesanluis.com"],"url":"https:\/\/apuntesdesanluis.com\/index.php\/author\/apuntesdesanluis-com\/"}]}},"featured_image_urls":{"full":["https:\/\/apuntesdesanluis.com\/wp-content\/uploads\/2023\/08\/BULLRICH-3.png",773,474,false],"thumbnail":["https:\/\/apuntesdesanluis.com\/wp-content\/uploads\/2023\/08\/BULLRICH-3-150x150.png",150,150,true],"medium":["https:\/\/apuntesdesanluis.com\/wp-content\/uploads\/2023\/08\/BULLRICH-3-300x184.png",300,184,true],"medium_large":["https:\/\/apuntesdesanluis.com\/wp-content\/uploads\/2023\/08\/BULLRICH-3-768x471.png",640,393,true],"large":["https:\/\/apuntesdesanluis.com\/wp-content\/uploads\/2023\/08\/BULLRICH-3.png",640,392,false],"1536x1536":["https:\/\/apuntesdesanluis.com\/wp-content\/uploads\/2023\/08\/BULLRICH-3.png",773,474,false],"2048x2048":["https:\/\/apuntesdesanluis.com\/wp-content\/uploads\/2023\/08\/BULLRICH-3.png",773,474,false],"newsever-slider-full":["https:\/\/apuntesdesanluis.com\/wp-content\/uploads\/2023\/08\/BULLRICH-3.png",773,474,false],"newsever-featured":["https:\/\/apuntesdesanluis.com\/wp-content\/uploads\/2023\/08\/BULLRICH-3.png",773,474,false],"newsever-medium":["https:\/\/apuntesdesanluis.com\/wp-content\/uploads\/2023\/08\/BULLRICH-3-720x474.png",720,474,true]},"author_info":{"display_name":"apuntesdesanluis.com","author_link":"https:\/\/apuntesdesanluis.com\/index.php\/author\/apuntesdesanluis-com\/"},"category_info":"<a href=\"https:\/\/apuntesdesanluis.com\/index.php\/category\/nacionales-internacionales\/\" rel=\"category tag\">Nacionales\/Internacionales<\/a>","tag_info":"Nacionales\/Internacionales","comment_count":"0","_links":{"self":[{"href":"https:\/\/apuntesdesanluis.com\/index.php\/wp-json\/wp\/v2\/posts\/1439","targetHints":{"allow":["GET"]}}],"collection":[{"href":"https:\/\/apuntesdesanluis.com\/index.php\/wp-json\/wp\/v2\/posts"}],"about":[{"href":"https:\/\/apuntesdesanluis.com\/index.php\/wp-json\/wp\/v2\/types\/post"}],"author":[{"embeddable":true,"href":"https:\/\/apuntesdesanluis.com\/index.php\/wp-json\/wp\/v2\/users\/1"}],"replies":[{"embeddable":true,"href":"https:\/\/apuntesdesanluis.com\/index.php\/wp-json\/wp\/v2\/comments?post=1439"}],"version-history":[{"count":2,"href":"https:\/\/apuntesdesanluis.com\/index.php\/wp-json\/wp\/v2\/posts\/1439\/revisions"}],"predecessor-version":[{"id":1442,"href":"https:\/\/apuntesdesanluis.com\/index.php\/wp-json\/wp\/v2\/posts\/1439\/revisions\/1442"}],"wp:featuredmedia":[{"embeddable":true,"href":"https:\/\/apuntesdesanluis.com\/index.php\/wp-json\/wp\/v2\/media\/1440"}],"wp:attachment":[{"href":"https:\/\/apuntesdesanluis.com\/index.php\/wp-json\/wp\/v2\/media?parent=1439"}],"wp:term":[{"taxonomy":"category","embeddable":true,"href":"https:\/\/apuntesdesanluis.com\/index.php\/wp-json\/wp\/v2\/categories?post=1439"},{"taxonomy":"post_tag","embeddable":true,"href":"https:\/\/apuntesdesanluis.com\/index.php\/wp-json\/wp\/v2\/tags?post=1439"}],"curies":[{"name":"wp","href":"https:\/\/api.w.org\/{rel}","templated":true}]}}