{"id":14409,"date":"2024-04-08T23:17:50","date_gmt":"2024-04-09T02:17:50","guid":{"rendered":"https:\/\/apuntesdesanluis.com\/?p=14409"},"modified":"2024-04-08T23:17:50","modified_gmt":"2024-04-09T02:17:50","slug":"convocan-a-una-marcha-federal-universitaria-para-el-25-de-abril","status":"publish","type":"post","link":"https:\/\/apuntesdesanluis.com\/index.php\/2024\/04\/08\/convocan-a-una-marcha-federal-universitaria-para-el-25-de-abril\/","title":{"rendered":"CONVOCAN A UNA MARCHA FEDERAL UNIVERSITARIA PARA EL 25 DE ABRIL"},"content":{"rendered":"<h3>En el marco de la cr\u00edtica situaci\u00f3n que atraviesan las Universidades Nacionales y el Sistema P\u00fablico de Ciencia y Tecnolog\u00eda, producto del ajuste del gobierno de Milei, se ha convocado a una gran marcha federal universitaria para el pr\u00f3ximo 25 de abril.<\/h3>\n<h3>La medida, impulsada por el Frente Sindical de Universidades Nacionales y la FUA, \u201cbusca defender la universidad p\u00fablica, gratuita, laica y de calidad, ante los constantes ataques por parte del oficialismo\u201d nacional.<\/h3>\n<h3>En este sentido, se denuncia \u201cel ataque general que el partido de gobierno realiza a la educaci\u00f3n, equipar\u00e1ndola con el adoctrinamiento, y se repudia la reciente declaraci\u00f3n de uno de sus principales referentes, Benegas Lynch, quien reclam\u00f3 libertad para legitimar el trabajo infantil frente al derecho a la educaci\u00f3n obligatoria\u201d.<\/h3>\n<h3>Asimismo, se ratifican las 48 horas de lucha y visibilizaci\u00f3n de los d\u00edas 10 y 11 de abril en todo el pa\u00eds, como parte de un plan de acci\u00f3n conjunto para defender la universidad p\u00fablica y sus derechos.<\/h3>\n<h3>Los principales reclamos de la marcha se centran en:<\/h3>\n<ul>\n<li>\n<h3>Defensa de la universidad p\u00fablica, gratuita, laica y de calidad.<\/h3>\n<\/li>\n<li>\n<h3>Salarios dignos para docentes, NODOCENTES e investigadores.<\/h3>\n<\/li>\n<li>\n<h3>Reincorporaci\u00f3n de los despedidos en el Estado Nacional.<\/h3>\n<\/li>\n<li>\n<h3>Fortalecimiento del Sistema P\u00fablico de Ciencia y Tecnolog\u00eda.<\/h3>\n<\/li>\n<li>\n<h3>Becas, boleto educativo y condiciones que permitan al estudiantado sostenerse dentro de la universidad.<\/h3>\n<\/li>\n<\/ul>\n<h3>La convocatoria se extiende a toda la comunidad universitaria, as\u00ed como a organizaciones sociales, pol\u00edticas y gremiales que compartan los objetivos de la lucha.<\/h3>\n<p>&nbsp;<\/p>\n<p>&nbsp;<\/p>\n<p>&nbsp;<\/p>\n","protected":false},"excerpt":{"rendered":"<p>En el marco de la cr\u00edtica situaci\u00f3n que atraviesan las Universidades Nacionales y el Sistema&#8230;<\/p>\n","protected":false},"author":1,"featured_media":14410,"comment_status":"closed","ping_status":"closed","sticky":false,"template":"","format":"standard","meta":{"footnotes":""},"categories":[5],"tags":[],"class_list":["post-14409","post","type-post","status-publish","format-standard","has-post-thumbnail","hentry","category-nacionales-internacionales"],"yoast_head":"<!-- This site is optimized with the Yoast SEO plugin v26.1.1 - https:\/\/yoast.com\/wordpress\/plugins\/seo\/ -->\n<title>CONVOCAN A UNA MARCHA FEDERAL UNIVERSITARIA PARA EL 25 DE ABRIL - Apuntes de San Luis<\/title>\n<meta name=\"robots\" content=\"index, follow, max-snippet:-1, max-image-preview:large, max-video-preview:-1\" \/>\n<link rel=\"canonical\" href=\"https:\/\/apuntesdesanluis.com\/index.php\/2024\/04\/08\/convocan-a-una-marcha-federal-universitaria-para-el-25-de-abril\/\" \/>\n<meta property=\"og:locale\" content=\"es_ES\" \/>\n<meta property=\"og:type\" content=\"article\" \/>\n<meta property=\"og:title\" content=\"CONVOCAN A UNA MARCHA FEDERAL UNIVERSITARIA PARA EL 25 DE ABRIL - Apuntes de San Luis\" \/>\n<meta property=\"og:description\" content=\"En el marco de la cr\u00edtica situaci\u00f3n que atraviesan las Universidades Nacionales y el Sistema...\" \/>\n<meta property=\"og:url\" content=\"https:\/\/apuntesdesanluis.com\/index.php\/2024\/04\/08\/convocan-a-una-marcha-federal-universitaria-para-el-25-de-abril\/\" \/>\n<meta property=\"og:site_name\" content=\"Apuntes de San Luis\" \/>\n<meta property=\"article:published_time\" content=\"2024-04-09T02:17:50+00:00\" \/>\n<meta property=\"og:image\" content=\"https:\/\/apuntesdesanluis.com\/wp-content\/uploads\/2024\/04\/frente-de-universidades.png\" \/>\n\t<meta property=\"og:image:width\" content=\"816\" \/>\n\t<meta property=\"og:image:height\" content=\"481\" \/>\n\t<meta property=\"og:image:type\" content=\"image\/png\" \/>\n<meta name=\"author\" content=\"apuntesdesanluis.com\" \/>\n<meta name=\"twitter:card\" content=\"summary_large_image\" \/>\n<meta name=\"twitter:label1\" content=\"Escrito por\" \/>\n\t<meta name=\"twitter:data1\" content=\"apuntesdesanluis.com\" \/>\n\t<meta name=\"twitter:label2\" content=\"Tiempo de lectura\" \/>\n\t<meta name=\"twitter:data2\" content=\"2 minutos\" \/>\n<script type=\"application\/ld+json\" class=\"yoast-schema-graph\">{\"@context\":\"https:\/\/schema.org\",\"@graph\":[{\"@type\":\"Article\",\"@id\":\"https:\/\/apuntesdesanluis.com\/index.php\/2024\/04\/08\/convocan-a-una-marcha-federal-universitaria-para-el-25-de-abril\/#article\",\"isPartOf\":{\"@id\":\"https:\/\/apuntesdesanluis.com\/index.php\/2024\/04\/08\/convocan-a-una-marcha-federal-universitaria-para-el-25-de-abril\/\"},\"author\":{\"name\":\"apuntesdesanluis.com\",\"@id\":\"https:\/\/apuntesdesanluis.com\/#\/schema\/person\/b55151d52296fcce64d1a72538a70b90\"},\"headline\":\"CONVOCAN A UNA MARCHA FEDERAL UNIVERSITARIA PARA EL 25 DE ABRIL\",\"datePublished\":\"2024-04-09T02:17:50+00:00\",\"mainEntityOfPage\":{\"@id\":\"https:\/\/apuntesdesanluis.com\/index.php\/2024\/04\/08\/convocan-a-una-marcha-federal-universitaria-para-el-25-de-abril\/\"},\"wordCount\":271,\"publisher\":{\"@id\":\"https:\/\/apuntesdesanluis.com\/#\/schema\/person\/b55151d52296fcce64d1a72538a70b90\"},\"image\":{\"@id\":\"https:\/\/apuntesdesanluis.com\/index.php\/2024\/04\/08\/convocan-a-una-marcha-federal-universitaria-para-el-25-de-abril\/#primaryimage\"},\"thumbnailUrl\":\"https:\/\/apuntesdesanluis.com\/wp-content\/uploads\/2024\/04\/frente-de-universidades.png\",\"articleSection\":[\"Nacionales\/Internacionales\"],\"inLanguage\":\"es-AR\"},{\"@type\":\"WebPage\",\"@id\":\"https:\/\/apuntesdesanluis.com\/index.php\/2024\/04\/08\/convocan-a-una-marcha-federal-universitaria-para-el-25-de-abril\/\",\"url\":\"https:\/\/apuntesdesanluis.com\/index.php\/2024\/04\/08\/convocan-a-una-marcha-federal-universitaria-para-el-25-de-abril\/\",\"name\":\"CONVOCAN A UNA MARCHA FEDERAL UNIVERSITARIA PARA EL 25 DE ABRIL - Apuntes de San Luis\",\"isPartOf\":{\"@id\":\"https:\/\/apuntesdesanluis.com\/#website\"},\"primaryImageOfPage\":{\"@id\":\"https:\/\/apuntesdesanluis.com\/index.php\/2024\/04\/08\/convocan-a-una-marcha-federal-universitaria-para-el-25-de-abril\/#primaryimage\"},\"image\":{\"@id\":\"https:\/\/apuntesdesanluis.com\/index.php\/2024\/04\/08\/convocan-a-una-marcha-federal-universitaria-para-el-25-de-abril\/#primaryimage\"},\"thumbnailUrl\":\"https:\/\/apuntesdesanluis.com\/wp-content\/uploads\/2024\/04\/frente-de-universidades.png\",\"datePublished\":\"2024-04-09T02:17:50+00:00\",\"breadcrumb\":{\"@id\":\"https:\/\/apuntesdesanluis.com\/index.php\/2024\/04\/08\/convocan-a-una-marcha-federal-universitaria-para-el-25-de-abril\/#breadcrumb\"},\"inLanguage\":\"es-AR\",\"potentialAction\":[{\"@type\":\"ReadAction\",\"target\":[\"https:\/\/apuntesdesanluis.com\/index.php\/2024\/04\/08\/convocan-a-una-marcha-federal-universitaria-para-el-25-de-abril\/\"]}]},{\"@type\":\"ImageObject\",\"inLanguage\":\"es-AR\",\"@id\":\"https:\/\/apuntesdesanluis.com\/index.php\/2024\/04\/08\/convocan-a-una-marcha-federal-universitaria-para-el-25-de-abril\/#primaryimage\",\"url\":\"https:\/\/apuntesdesanluis.com\/wp-content\/uploads\/2024\/04\/frente-de-universidades.png\",\"contentUrl\":\"https:\/\/apuntesdesanluis.com\/wp-content\/uploads\/2024\/04\/frente-de-universidades.png\",\"width\":816,\"height\":481},{\"@type\":\"BreadcrumbList\",\"@id\":\"https:\/\/apuntesdesanluis.com\/index.php\/2024\/04\/08\/convocan-a-una-marcha-federal-universitaria-para-el-25-de-abril\/#breadcrumb\",\"itemListElement\":[{\"@type\":\"ListItem\",\"position\":1,\"name\":\"Inicio\",\"item\":\"https:\/\/apuntesdesanluis.com\/\"},{\"@type\":\"ListItem\",\"position\":2,\"name\":\"CONVOCAN A UNA MARCHA FEDERAL UNIVERSITARIA PARA EL 25 DE ABRIL\"}]},{\"@type\":\"WebSite\",\"@id\":\"https:\/\/apuntesdesanluis.com\/#website\",\"url\":\"https:\/\/apuntesdesanluis.com\/\",\"name\":\"Apuntes de San Luis\",\"description\":\"\",\"publisher\":{\"@id\":\"https:\/\/apuntesdesanluis.com\/#\/schema\/person\/b55151d52296fcce64d1a72538a70b90\"},\"potentialAction\":[{\"@type\":\"SearchAction\",\"target\":{\"@type\":\"EntryPoint\",\"urlTemplate\":\"https:\/\/apuntesdesanluis.com\/?s={search_term_string}\"},\"query-input\":{\"@type\":\"PropertyValueSpecification\",\"valueRequired\":true,\"valueName\":\"search_term_string\"}}],\"inLanguage\":\"es-AR\"},{\"@type\":[\"Person\",\"Organization\"],\"@id\":\"https:\/\/apuntesdesanluis.com\/#\/schema\/person\/b55151d52296fcce64d1a72538a70b90\",\"name\":\"apuntesdesanluis.com\",\"image\":{\"@type\":\"ImageObject\",\"inLanguage\":\"es-AR\",\"@id\":\"https:\/\/apuntesdesanluis.com\/#\/schema\/person\/image\/\",\"url\":\"https:\/\/apuntesdesanluis.com\/wp-content\/uploads\/2023\/07\/cropped-apuntesdesanluis.png\",\"contentUrl\":\"https:\/\/apuntesdesanluis.com\/wp-content\/uploads\/2023\/07\/cropped-apuntesdesanluis.png\",\"width\":450,\"height\":112,\"caption\":\"apuntesdesanluis.com\"},\"logo\":{\"@id\":\"https:\/\/apuntesdesanluis.com\/#\/schema\/person\/image\/\"},\"sameAs\":[\"https:\/\/apuntesdesanluis.com\"],\"url\":\"https:\/\/apuntesdesanluis.com\/index.php\/author\/apuntesdesanluis-com\/\"}]}<\/script>\n<!-- \/ Yoast SEO plugin. -->","yoast_head_json":{"title":"CONVOCAN A UNA MARCHA FEDERAL UNIVERSITARIA PARA EL 25 DE ABRIL - Apuntes de San Luis","robots":{"index":"index","follow":"follow","max-snippet":"max-snippet:-1","max-image-preview":"max-image-preview:large","max-video-preview":"max-video-preview:-1"},"canonical":"https:\/\/apuntesdesanluis.com\/index.php\/2024\/04\/08\/convocan-a-una-marcha-federal-universitaria-para-el-25-de-abril\/","og_locale":"es_ES","og_type":"article","og_title":"CONVOCAN A UNA MARCHA FEDERAL UNIVERSITARIA PARA EL 25 DE ABRIL - Apuntes de San Luis","og_description":"En el marco de la cr\u00edtica situaci\u00f3n que atraviesan las Universidades Nacionales y el Sistema...","og_url":"https:\/\/apuntesdesanluis.com\/index.php\/2024\/04\/08\/convocan-a-una-marcha-federal-universitaria-para-el-25-de-abril\/","og_site_name":"Apuntes de San Luis","article_published_time":"2024-04-09T02:17:50+00:00","og_image":[{"width":816,"height":481,"url":"https:\/\/apuntesdesanluis.com\/wp-content\/uploads\/2024\/04\/frente-de-universidades.png","type":"image\/png"}],"author":"apuntesdesanluis.com","twitter_card":"summary_large_image","twitter_misc":{"Escrito por":"apuntesdesanluis.com","Tiempo de lectura":"2 minutos"},"schema":{"@context":"https:\/\/schema.org","@graph":[{"@type":"Article","@id":"https:\/\/apuntesdesanluis.com\/index.php\/2024\/04\/08\/convocan-a-una-marcha-federal-universitaria-para-el-25-de-abril\/#article","isPartOf":{"@id":"https:\/\/apuntesdesanluis.com\/index.php\/2024\/04\/08\/convocan-a-una-marcha-federal-universitaria-para-el-25-de-abril\/"},"author":{"name":"apuntesdesanluis.com","@id":"https:\/\/apuntesdesanluis.com\/#\/schema\/person\/b55151d52296fcce64d1a72538a70b90"},"headline":"CONVOCAN A UNA MARCHA FEDERAL UNIVERSITARIA PARA EL 25 DE ABRIL","datePublished":"2024-04-09T02:17:50+00:00","mainEntityOfPage":{"@id":"https:\/\/apuntesdesanluis.com\/index.php\/2024\/04\/08\/convocan-a-una-marcha-federal-universitaria-para-el-25-de-abril\/"},"wordCount":271,"publisher":{"@id":"https:\/\/apuntesdesanluis.com\/#\/schema\/person\/b55151d52296fcce64d1a72538a70b90"},"image":{"@id":"https:\/\/apuntesdesanluis.com\/index.php\/2024\/04\/08\/convocan-a-una-marcha-federal-universitaria-para-el-25-de-abril\/#primaryimage"},"thumbnailUrl":"https:\/\/apuntesdesanluis.com\/wp-content\/uploads\/2024\/04\/frente-de-universidades.png","articleSection":["Nacionales\/Internacionales"],"inLanguage":"es-AR"},{"@type":"WebPage","@id":"https:\/\/apuntesdesanluis.com\/index.php\/2024\/04\/08\/convocan-a-una-marcha-federal-universitaria-para-el-25-de-abril\/","url":"https:\/\/apuntesdesanluis.com\/index.php\/2024\/04\/08\/convocan-a-una-marcha-federal-universitaria-para-el-25-de-abril\/","name":"CONVOCAN A UNA MARCHA FEDERAL UNIVERSITARIA PARA EL 25 DE ABRIL - Apuntes de San Luis","isPartOf":{"@id":"https:\/\/apuntesdesanluis.com\/#website"},"primaryImageOfPage":{"@id":"https:\/\/apuntesdesanluis.com\/index.php\/2024\/04\/08\/convocan-a-una-marcha-federal-universitaria-para-el-25-de-abril\/#primaryimage"},"image":{"@id":"https:\/\/apuntesdesanluis.com\/index.php\/2024\/04\/08\/convocan-a-una-marcha-federal-universitaria-para-el-25-de-abril\/#primaryimage"},"thumbnailUrl":"https:\/\/apuntesdesanluis.com\/wp-content\/uploads\/2024\/04\/frente-de-universidades.png","datePublished":"2024-04-09T02:17:50+00:00","breadcrumb":{"@id":"https:\/\/apuntesdesanluis.com\/index.php\/2024\/04\/08\/convocan-a-una-marcha-federal-universitaria-para-el-25-de-abril\/#breadcrumb"},"inLanguage":"es-AR","potentialAction":[{"@type":"ReadAction","target":["https:\/\/apuntesdesanluis.com\/index.php\/2024\/04\/08\/convocan-a-una-marcha-federal-universitaria-para-el-25-de-abril\/"]}]},{"@type":"ImageObject","inLanguage":"es-AR","@id":"https:\/\/apuntesdesanluis.com\/index.php\/2024\/04\/08\/convocan-a-una-marcha-federal-universitaria-para-el-25-de-abril\/#primaryimage","url":"https:\/\/apuntesdesanluis.com\/wp-content\/uploads\/2024\/04\/frente-de-universidades.png","contentUrl":"https:\/\/apuntesdesanluis.com\/wp-content\/uploads\/2024\/04\/frente-de-universidades.png","width":816,"height":481},{"@type":"BreadcrumbList","@id":"https:\/\/apuntesdesanluis.com\/index.php\/2024\/04\/08\/convocan-a-una-marcha-federal-universitaria-para-el-25-de-abril\/#breadcrumb","itemListElement":[{"@type":"ListItem","position":1,"name":"Inicio","item":"https:\/\/apuntesdesanluis.com\/"},{"@type":"ListItem","position":2,"name":"CONVOCAN A UNA MARCHA FEDERAL UNIVERSITARIA PARA EL 25 DE ABRIL"}]},{"@type":"WebSite","@id":"https:\/\/apuntesdesanluis.com\/#website","url":"https:\/\/apuntesdesanluis.com\/","name":"Apuntes de San Luis","description":"","publisher":{"@id":"https:\/\/apuntesdesanluis.com\/#\/schema\/person\/b55151d52296fcce64d1a72538a70b90"},"potentialAction":[{"@type":"SearchAction","target":{"@type":"EntryPoint","urlTemplate":"https:\/\/apuntesdesanluis.com\/?s={search_term_string}"},"query-input":{"@type":"PropertyValueSpecification","valueRequired":true,"valueName":"search_term_string"}}],"inLanguage":"es-AR"},{"@type":["Person","Organization"],"@id":"https:\/\/apuntesdesanluis.com\/#\/schema\/person\/b55151d52296fcce64d1a72538a70b90","name":"apuntesdesanluis.com","image":{"@type":"ImageObject","inLanguage":"es-AR","@id":"https:\/\/apuntesdesanluis.com\/#\/schema\/person\/image\/","url":"https:\/\/apuntesdesanluis.com\/wp-content\/uploads\/2023\/07\/cropped-apuntesdesanluis.png","contentUrl":"https:\/\/apuntesdesanluis.com\/wp-content\/uploads\/2023\/07\/cropped-apuntesdesanluis.png","width":450,"height":112,"caption":"apuntesdesanluis.com"},"logo":{"@id":"https:\/\/apuntesdesanluis.com\/#\/schema\/person\/image\/"},"sameAs":["https:\/\/apuntesdesanluis.com"],"url":"https:\/\/apuntesdesanluis.com\/index.php\/author\/apuntesdesanluis-com\/"}]}},"featured_image_urls":{"full":["https:\/\/apuntesdesanluis.com\/wp-content\/uploads\/2024\/04\/frente-de-universidades.png",816,481,false],"thumbnail":["https:\/\/apuntesdesanluis.com\/wp-content\/uploads\/2024\/04\/frente-de-universidades-150x150.png",150,150,true],"medium":["https:\/\/apuntesdesanluis.com\/wp-content\/uploads\/2024\/04\/frente-de-universidades-300x177.png",300,177,true],"medium_large":["https:\/\/apuntesdesanluis.com\/wp-content\/uploads\/2024\/04\/frente-de-universidades-768x453.png",640,378,true],"large":["https:\/\/apuntesdesanluis.com\/wp-content\/uploads\/2024\/04\/frente-de-universidades.png",640,377,false],"1536x1536":["https:\/\/apuntesdesanluis.com\/wp-content\/uploads\/2024\/04\/frente-de-universidades.png",816,481,false],"2048x2048":["https:\/\/apuntesdesanluis.com\/wp-content\/uploads\/2024\/04\/frente-de-universidades.png",816,481,false],"newsever-slider-full":["https:\/\/apuntesdesanluis.com\/wp-content\/uploads\/2024\/04\/frente-de-universidades.png",816,481,false],"newsever-featured":["https:\/\/apuntesdesanluis.com\/wp-content\/uploads\/2024\/04\/frente-de-universidades.png",816,481,false],"newsever-medium":["https:\/\/apuntesdesanluis.com\/wp-content\/uploads\/2024\/04\/frente-de-universidades-720x475.png",720,475,true]},"author_info":{"display_name":"apuntesdesanluis.com","author_link":"https:\/\/apuntesdesanluis.com\/index.php\/author\/apuntesdesanluis-com\/"},"category_info":"<a href=\"https:\/\/apuntesdesanluis.com\/index.php\/category\/nacionales-internacionales\/\" rel=\"category tag\">Nacionales\/Internacionales<\/a>","tag_info":"Nacionales\/Internacionales","comment_count":"0","_links":{"self":[{"href":"https:\/\/apuntesdesanluis.com\/index.php\/wp-json\/wp\/v2\/posts\/14409","targetHints":{"allow":["GET"]}}],"collection":[{"href":"https:\/\/apuntesdesanluis.com\/index.php\/wp-json\/wp\/v2\/posts"}],"about":[{"href":"https:\/\/apuntesdesanluis.com\/index.php\/wp-json\/wp\/v2\/types\/post"}],"author":[{"embeddable":true,"href":"https:\/\/apuntesdesanluis.com\/index.php\/wp-json\/wp\/v2\/users\/1"}],"replies":[{"embeddable":true,"href":"https:\/\/apuntesdesanluis.com\/index.php\/wp-json\/wp\/v2\/comments?post=14409"}],"version-history":[{"count":1,"href":"https:\/\/apuntesdesanluis.com\/index.php\/wp-json\/wp\/v2\/posts\/14409\/revisions"}],"predecessor-version":[{"id":14411,"href":"https:\/\/apuntesdesanluis.com\/index.php\/wp-json\/wp\/v2\/posts\/14409\/revisions\/14411"}],"wp:featuredmedia":[{"embeddable":true,"href":"https:\/\/apuntesdesanluis.com\/index.php\/wp-json\/wp\/v2\/media\/14410"}],"wp:attachment":[{"href":"https:\/\/apuntesdesanluis.com\/index.php\/wp-json\/wp\/v2\/media?parent=14409"}],"wp:term":[{"taxonomy":"category","embeddable":true,"href":"https:\/\/apuntesdesanluis.com\/index.php\/wp-json\/wp\/v2\/categories?post=14409"},{"taxonomy":"post_tag","embeddable":true,"href":"https:\/\/apuntesdesanluis.com\/index.php\/wp-json\/wp\/v2\/tags?post=14409"}],"curies":[{"name":"wp","href":"https:\/\/api.w.org\/{rel}","templated":true}]}}