{"id":14423,"date":"2024-04-08T20:40:28","date_gmt":"2024-04-08T23:40:28","guid":{"rendered":"https:\/\/apuntesdesanluis.com\/?p=14423"},"modified":"2024-04-09T10:44:28","modified_gmt":"2024-04-09T13:44:28","slug":"comenzo-la-convocatoria-para-financiar-proyectos-de-emprendedores","status":"publish","type":"post","link":"https:\/\/apuntesdesanluis.com\/index.php\/2024\/04\/08\/comenzo-la-convocatoria-para-financiar-proyectos-de-emprendedores\/","title":{"rendered":"COMENZ\u00d3 LA CONVOCATORIA PARA FINANCIAR PROYECTOS DE EMPRENDEDORES"},"content":{"rendered":"<h3>Este lunes el Ministerio de Desarrollo Productivo lanz\u00f3 la convocatoria para que, algunos proyectos que est\u00e9n en funcionamiento puedan acceder a un financiamiento p\u00fablico.<\/h3>\n<h3>Este beneficio surge a ra\u00edz del anuncio del gobernador Claudio Poggi en la presentaci\u00f3n de \u2018Mi pr\u00f3ximo Paso\u2019, una iniciativa que est\u00e1 dirigida al sector privado de toda la provincia, para que comience a generar mano de obra genuina.<\/h3>\n<h3>Para acceder a este financiamiento p\u00fablico, que est\u00e1 destinado a la compra de capital de trabajo, maquinarias, herramientas e instalaciones, los requisitos para anotarse son: m\u00ednimo dos integrantes por proyecto, sin l\u00edmite de edad; y un m\u00ednimo de dos a\u00f1os de residencia en la provincia y el mismo plazo regir\u00e1 para tener en marcha la actividad.<\/h3>\n<h3>Las inscripciones se realizan en el siguiente <a href=\"https:\/\/docs.google.com\/forms\/d\/e\/1FAIpQLSfUknktaOAnawqnm7dqpE9ctH3qgEinPG_Qhberb3jDsph8OA\/viewform\" target=\"_blank\" rel=\"noopener\"><span style=\"color: #3366ff;\"><strong>FORMULARIO<\/strong><\/span><\/a>.<\/h3>\n<h3>El monto total de financiamiento ser\u00e1 de $4.000 millones para el a\u00f1o 2024, conformados por:<\/h3>\n<h3>Sector P\u00fablico \u2013 Gobierno de San Luis = $1000 millones; y Bancos otros $3000 millones. Las entidades bancarias que se adhieren con propuestas para Pymes de San Luis son: Columbia, Comafi, Galicia, ICBC, Macro, Naci\u00f3n, Santander y Supervielle.<\/h3>\n<h3>La devoluci\u00f3n ser\u00e1 hasta en 36 cuotas con hasta 6 meses de gracia y tendr\u00e1n una tasa de inter\u00e9s del 50% subsidiada sobre referencia tasa BNA.<\/h3>\n<h3>Con respecto a los requisitos para cada l\u00edmite, los beneficiarios podr\u00e1n elegir entre tres l\u00edneas de cr\u00e9ditos:<\/h3>\n<h3>L\u00ednea 1: hasta $ 1.000.000 (proyecto aprobado, hacer capacitaci\u00f3n y garant\u00eda a sola firma).<\/h3>\n<h3>L\u00ednea 2: hasta $ 2.000.000 (proyecto aprobado, hacer capacitaci\u00f3n, garant\u00eda a sola firma, m\u00e1s dos cartas de recomendaci\u00f3n de proveedores\/clientes).<\/h3>\n<h3>L\u00ednea 3: hasta $ 3.000.000 (proyecto aprobado, hacer capacitaci\u00f3n, garant\u00eda personal, m\u00e1s dos cartas de recomendaci\u00f3n de proveedores\/clientes y garante solidario).<\/h3>\n<h3>Las garant\u00edas para financiar el proyecto pueden solicitarse a la SGR-Garantizar: <span style=\"color: #3366ff;\"><a style=\"color: #3366ff;\" href=\"https:\/\/www.garantizar.com.ar\/soluciones\">https:\/\/www.garantizar.com.ar\/soluciones<\/a><\/span><\/h3>\n<ul>\n<li>\n<h3>El cronograma de actividades y fechas es el siguiente:<\/h3>\n<\/li>\n<li>\n<h3>Inscripciones: 8 de abril hasta el 27 de abril.<\/h3>\n<\/li>\n<li>\n<h3>Capacitaci\u00f3n: 29 de abril al 11 de mayo.<\/h3>\n<\/li>\n<li>\n<h3>Formulaci\u00f3n de Proyecto: 29 de abril al 18 de mayo.<\/h3>\n<\/li>\n<li>\n<h3>Evaluaci\u00f3n: 20 de mayo al 1\u00b0 de junio.<\/h3>\n<\/li>\n<li>\n<h3>Convenios Mutuos y Actos Administrativos: 1\u00ba al 10 de junio.<\/h3>\n<\/li>\n<li>\n<h3>Financiamientos: 10 de junio al 29 de junio.<\/h3>\n<\/li>\n<li>\n<h3>Puesta en Marcha de proyectos: 10 de junio al 31 de agosto.<\/h3>\n<\/li>\n<\/ul>\n<p>&nbsp;<\/p>\n<p>&nbsp;<\/p>\n<p>&nbsp;<\/p>\n","protected":false},"excerpt":{"rendered":"<p>Este lunes el Ministerio de Desarrollo Productivo lanz\u00f3 la convocatoria para que, algunos proyectos que&#8230;<\/p>\n","protected":false},"author":1,"featured_media":14424,"comment_status":"closed","ping_status":"closed","sticky":false,"template":"","format":"standard","meta":{"footnotes":""},"categories":[1],"tags":[],"class_list":["post-14423","post","type-post","status-publish","format-standard","has-post-thumbnail","hentry","category-blog"],"yoast_head":"<!-- This site is optimized with the Yoast SEO plugin v26.1.1 - https:\/\/yoast.com\/wordpress\/plugins\/seo\/ -->\n<title>COMENZ\u00d3 LA CONVOCATORIA PARA FINANCIAR PROYECTOS DE EMPRENDEDORES - Apuntes de San Luis<\/title>\n<meta name=\"robots\" content=\"index, follow, max-snippet:-1, max-image-preview:large, max-video-preview:-1\" \/>\n<link rel=\"canonical\" href=\"https:\/\/apuntesdesanluis.com\/index.php\/2024\/04\/08\/comenzo-la-convocatoria-para-financiar-proyectos-de-emprendedores\/\" \/>\n<meta property=\"og:locale\" content=\"es_ES\" \/>\n<meta property=\"og:type\" content=\"article\" \/>\n<meta property=\"og:title\" content=\"COMENZ\u00d3 LA CONVOCATORIA PARA FINANCIAR PROYECTOS DE EMPRENDEDORES - Apuntes de San Luis\" \/>\n<meta property=\"og:description\" content=\"Este lunes el Ministerio de Desarrollo Productivo lanz\u00f3 la convocatoria para que, algunos proyectos que...\" \/>\n<meta property=\"og:url\" content=\"https:\/\/apuntesdesanluis.com\/index.php\/2024\/04\/08\/comenzo-la-convocatoria-para-financiar-proyectos-de-emprendedores\/\" \/>\n<meta property=\"og:site_name\" content=\"Apuntes de San Luis\" \/>\n<meta property=\"article:published_time\" content=\"2024-04-08T23:40:28+00:00\" \/>\n<meta property=\"article:modified_time\" content=\"2024-04-09T13:44:28+00:00\" \/>\n<meta property=\"og:image\" content=\"https:\/\/apuntesdesanluis.com\/wp-content\/uploads\/2024\/04\/EMPRENDEDORES.png\" \/>\n\t<meta property=\"og:image:width\" content=\"524\" \/>\n\t<meta property=\"og:image:height\" content=\"303\" \/>\n\t<meta property=\"og:image:type\" content=\"image\/png\" \/>\n<meta name=\"author\" content=\"apuntesdesanluis.com\" \/>\n<meta name=\"twitter:card\" content=\"summary_large_image\" \/>\n<meta name=\"twitter:label1\" content=\"Escrito por\" \/>\n\t<meta name=\"twitter:data1\" content=\"apuntesdesanluis.com\" \/>\n\t<meta name=\"twitter:label2\" content=\"Tiempo de lectura\" \/>\n\t<meta name=\"twitter:data2\" content=\"2 minutos\" \/>\n<script type=\"application\/ld+json\" class=\"yoast-schema-graph\">{\"@context\":\"https:\/\/schema.org\",\"@graph\":[{\"@type\":\"Article\",\"@id\":\"https:\/\/apuntesdesanluis.com\/index.php\/2024\/04\/08\/comenzo-la-convocatoria-para-financiar-proyectos-de-emprendedores\/#article\",\"isPartOf\":{\"@id\":\"https:\/\/apuntesdesanluis.com\/index.php\/2024\/04\/08\/comenzo-la-convocatoria-para-financiar-proyectos-de-emprendedores\/\"},\"author\":{\"name\":\"apuntesdesanluis.com\",\"@id\":\"https:\/\/apuntesdesanluis.com\/#\/schema\/person\/b55151d52296fcce64d1a72538a70b90\"},\"headline\":\"COMENZ\u00d3 LA CONVOCATORIA PARA FINANCIAR PROYECTOS DE EMPRENDEDORES\",\"datePublished\":\"2024-04-08T23:40:28+00:00\",\"dateModified\":\"2024-04-09T13:44:28+00:00\",\"mainEntityOfPage\":{\"@id\":\"https:\/\/apuntesdesanluis.com\/index.php\/2024\/04\/08\/comenzo-la-convocatoria-para-financiar-proyectos-de-emprendedores\/\"},\"wordCount\":387,\"publisher\":{\"@id\":\"https:\/\/apuntesdesanluis.com\/#\/schema\/person\/b55151d52296fcce64d1a72538a70b90\"},\"image\":{\"@id\":\"https:\/\/apuntesdesanluis.com\/index.php\/2024\/04\/08\/comenzo-la-convocatoria-para-financiar-proyectos-de-emprendedores\/#primaryimage\"},\"thumbnailUrl\":\"https:\/\/apuntesdesanluis.com\/wp-content\/uploads\/2024\/04\/EMPRENDEDORES.png\",\"articleSection\":[\"Blog\"],\"inLanguage\":\"es-AR\"},{\"@type\":\"WebPage\",\"@id\":\"https:\/\/apuntesdesanluis.com\/index.php\/2024\/04\/08\/comenzo-la-convocatoria-para-financiar-proyectos-de-emprendedores\/\",\"url\":\"https:\/\/apuntesdesanluis.com\/index.php\/2024\/04\/08\/comenzo-la-convocatoria-para-financiar-proyectos-de-emprendedores\/\",\"name\":\"COMENZ\u00d3 LA CONVOCATORIA PARA FINANCIAR PROYECTOS DE EMPRENDEDORES - Apuntes de San Luis\",\"isPartOf\":{\"@id\":\"https:\/\/apuntesdesanluis.com\/#website\"},\"primaryImageOfPage\":{\"@id\":\"https:\/\/apuntesdesanluis.com\/index.php\/2024\/04\/08\/comenzo-la-convocatoria-para-financiar-proyectos-de-emprendedores\/#primaryimage\"},\"image\":{\"@id\":\"https:\/\/apuntesdesanluis.com\/index.php\/2024\/04\/08\/comenzo-la-convocatoria-para-financiar-proyectos-de-emprendedores\/#primaryimage\"},\"thumbnailUrl\":\"https:\/\/apuntesdesanluis.com\/wp-content\/uploads\/2024\/04\/EMPRENDEDORES.png\",\"datePublished\":\"2024-04-08T23:40:28+00:00\",\"dateModified\":\"2024-04-09T13:44:28+00:00\",\"breadcrumb\":{\"@id\":\"https:\/\/apuntesdesanluis.com\/index.php\/2024\/04\/08\/comenzo-la-convocatoria-para-financiar-proyectos-de-emprendedores\/#breadcrumb\"},\"inLanguage\":\"es-AR\",\"potentialAction\":[{\"@type\":\"ReadAction\",\"target\":[\"https:\/\/apuntesdesanluis.com\/index.php\/2024\/04\/08\/comenzo-la-convocatoria-para-financiar-proyectos-de-emprendedores\/\"]}]},{\"@type\":\"ImageObject\",\"inLanguage\":\"es-AR\",\"@id\":\"https:\/\/apuntesdesanluis.com\/index.php\/2024\/04\/08\/comenzo-la-convocatoria-para-financiar-proyectos-de-emprendedores\/#primaryimage\",\"url\":\"https:\/\/apuntesdesanluis.com\/wp-content\/uploads\/2024\/04\/EMPRENDEDORES.png\",\"contentUrl\":\"https:\/\/apuntesdesanluis.com\/wp-content\/uploads\/2024\/04\/EMPRENDEDORES.png\",\"width\":524,\"height\":303},{\"@type\":\"BreadcrumbList\",\"@id\":\"https:\/\/apuntesdesanluis.com\/index.php\/2024\/04\/08\/comenzo-la-convocatoria-para-financiar-proyectos-de-emprendedores\/#breadcrumb\",\"itemListElement\":[{\"@type\":\"ListItem\",\"position\":1,\"name\":\"Inicio\",\"item\":\"https:\/\/apuntesdesanluis.com\/\"},{\"@type\":\"ListItem\",\"position\":2,\"name\":\"COMENZ\u00d3 LA CONVOCATORIA PARA FINANCIAR PROYECTOS DE EMPRENDEDORES\"}]},{\"@type\":\"WebSite\",\"@id\":\"https:\/\/apuntesdesanluis.com\/#website\",\"url\":\"https:\/\/apuntesdesanluis.com\/\",\"name\":\"Apuntes de San Luis\",\"description\":\"\",\"publisher\":{\"@id\":\"https:\/\/apuntesdesanluis.com\/#\/schema\/person\/b55151d52296fcce64d1a72538a70b90\"},\"potentialAction\":[{\"@type\":\"SearchAction\",\"target\":{\"@type\":\"EntryPoint\",\"urlTemplate\":\"https:\/\/apuntesdesanluis.com\/?s={search_term_string}\"},\"query-input\":{\"@type\":\"PropertyValueSpecification\",\"valueRequired\":true,\"valueName\":\"search_term_string\"}}],\"inLanguage\":\"es-AR\"},{\"@type\":[\"Person\",\"Organization\"],\"@id\":\"https:\/\/apuntesdesanluis.com\/#\/schema\/person\/b55151d52296fcce64d1a72538a70b90\",\"name\":\"apuntesdesanluis.com\",\"image\":{\"@type\":\"ImageObject\",\"inLanguage\":\"es-AR\",\"@id\":\"https:\/\/apuntesdesanluis.com\/#\/schema\/person\/image\/\",\"url\":\"https:\/\/apuntesdesanluis.com\/wp-content\/uploads\/2023\/07\/cropped-apuntesdesanluis.png\",\"contentUrl\":\"https:\/\/apuntesdesanluis.com\/wp-content\/uploads\/2023\/07\/cropped-apuntesdesanluis.png\",\"width\":450,\"height\":112,\"caption\":\"apuntesdesanluis.com\"},\"logo\":{\"@id\":\"https:\/\/apuntesdesanluis.com\/#\/schema\/person\/image\/\"},\"sameAs\":[\"https:\/\/apuntesdesanluis.com\"],\"url\":\"https:\/\/apuntesdesanluis.com\/index.php\/author\/apuntesdesanluis-com\/\"}]}<\/script>\n<!-- \/ Yoast SEO plugin. -->","yoast_head_json":{"title":"COMENZ\u00d3 LA CONVOCATORIA PARA FINANCIAR PROYECTOS DE EMPRENDEDORES - Apuntes de San Luis","robots":{"index":"index","follow":"follow","max-snippet":"max-snippet:-1","max-image-preview":"max-image-preview:large","max-video-preview":"max-video-preview:-1"},"canonical":"https:\/\/apuntesdesanluis.com\/index.php\/2024\/04\/08\/comenzo-la-convocatoria-para-financiar-proyectos-de-emprendedores\/","og_locale":"es_ES","og_type":"article","og_title":"COMENZ\u00d3 LA CONVOCATORIA PARA FINANCIAR PROYECTOS DE EMPRENDEDORES - Apuntes de San Luis","og_description":"Este lunes el Ministerio de Desarrollo Productivo lanz\u00f3 la convocatoria para que, algunos proyectos que...","og_url":"https:\/\/apuntesdesanluis.com\/index.php\/2024\/04\/08\/comenzo-la-convocatoria-para-financiar-proyectos-de-emprendedores\/","og_site_name":"Apuntes de San Luis","article_published_time":"2024-04-08T23:40:28+00:00","article_modified_time":"2024-04-09T13:44:28+00:00","og_image":[{"width":524,"height":303,"url":"https:\/\/apuntesdesanluis.com\/wp-content\/uploads\/2024\/04\/EMPRENDEDORES.png","type":"image\/png"}],"author":"apuntesdesanluis.com","twitter_card":"summary_large_image","twitter_misc":{"Escrito por":"apuntesdesanluis.com","Tiempo de lectura":"2 minutos"},"schema":{"@context":"https:\/\/schema.org","@graph":[{"@type":"Article","@id":"https:\/\/apuntesdesanluis.com\/index.php\/2024\/04\/08\/comenzo-la-convocatoria-para-financiar-proyectos-de-emprendedores\/#article","isPartOf":{"@id":"https:\/\/apuntesdesanluis.com\/index.php\/2024\/04\/08\/comenzo-la-convocatoria-para-financiar-proyectos-de-emprendedores\/"},"author":{"name":"apuntesdesanluis.com","@id":"https:\/\/apuntesdesanluis.com\/#\/schema\/person\/b55151d52296fcce64d1a72538a70b90"},"headline":"COMENZ\u00d3 LA CONVOCATORIA PARA FINANCIAR PROYECTOS DE EMPRENDEDORES","datePublished":"2024-04-08T23:40:28+00:00","dateModified":"2024-04-09T13:44:28+00:00","mainEntityOfPage":{"@id":"https:\/\/apuntesdesanluis.com\/index.php\/2024\/04\/08\/comenzo-la-convocatoria-para-financiar-proyectos-de-emprendedores\/"},"wordCount":387,"publisher":{"@id":"https:\/\/apuntesdesanluis.com\/#\/schema\/person\/b55151d52296fcce64d1a72538a70b90"},"image":{"@id":"https:\/\/apuntesdesanluis.com\/index.php\/2024\/04\/08\/comenzo-la-convocatoria-para-financiar-proyectos-de-emprendedores\/#primaryimage"},"thumbnailUrl":"https:\/\/apuntesdesanluis.com\/wp-content\/uploads\/2024\/04\/EMPRENDEDORES.png","articleSection":["Blog"],"inLanguage":"es-AR"},{"@type":"WebPage","@id":"https:\/\/apuntesdesanluis.com\/index.php\/2024\/04\/08\/comenzo-la-convocatoria-para-financiar-proyectos-de-emprendedores\/","url":"https:\/\/apuntesdesanluis.com\/index.php\/2024\/04\/08\/comenzo-la-convocatoria-para-financiar-proyectos-de-emprendedores\/","name":"COMENZ\u00d3 LA CONVOCATORIA PARA FINANCIAR PROYECTOS DE EMPRENDEDORES - Apuntes de San Luis","isPartOf":{"@id":"https:\/\/apuntesdesanluis.com\/#website"},"primaryImageOfPage":{"@id":"https:\/\/apuntesdesanluis.com\/index.php\/2024\/04\/08\/comenzo-la-convocatoria-para-financiar-proyectos-de-emprendedores\/#primaryimage"},"image":{"@id":"https:\/\/apuntesdesanluis.com\/index.php\/2024\/04\/08\/comenzo-la-convocatoria-para-financiar-proyectos-de-emprendedores\/#primaryimage"},"thumbnailUrl":"https:\/\/apuntesdesanluis.com\/wp-content\/uploads\/2024\/04\/EMPRENDEDORES.png","datePublished":"2024-04-08T23:40:28+00:00","dateModified":"2024-04-09T13:44:28+00:00","breadcrumb":{"@id":"https:\/\/apuntesdesanluis.com\/index.php\/2024\/04\/08\/comenzo-la-convocatoria-para-financiar-proyectos-de-emprendedores\/#breadcrumb"},"inLanguage":"es-AR","potentialAction":[{"@type":"ReadAction","target":["https:\/\/apuntesdesanluis.com\/index.php\/2024\/04\/08\/comenzo-la-convocatoria-para-financiar-proyectos-de-emprendedores\/"]}]},{"@type":"ImageObject","inLanguage":"es-AR","@id":"https:\/\/apuntesdesanluis.com\/index.php\/2024\/04\/08\/comenzo-la-convocatoria-para-financiar-proyectos-de-emprendedores\/#primaryimage","url":"https:\/\/apuntesdesanluis.com\/wp-content\/uploads\/2024\/04\/EMPRENDEDORES.png","contentUrl":"https:\/\/apuntesdesanluis.com\/wp-content\/uploads\/2024\/04\/EMPRENDEDORES.png","width":524,"height":303},{"@type":"BreadcrumbList","@id":"https:\/\/apuntesdesanluis.com\/index.php\/2024\/04\/08\/comenzo-la-convocatoria-para-financiar-proyectos-de-emprendedores\/#breadcrumb","itemListElement":[{"@type":"ListItem","position":1,"name":"Inicio","item":"https:\/\/apuntesdesanluis.com\/"},{"@type":"ListItem","position":2,"name":"COMENZ\u00d3 LA CONVOCATORIA PARA FINANCIAR PROYECTOS DE EMPRENDEDORES"}]},{"@type":"WebSite","@id":"https:\/\/apuntesdesanluis.com\/#website","url":"https:\/\/apuntesdesanluis.com\/","name":"Apuntes de San Luis","description":"","publisher":{"@id":"https:\/\/apuntesdesanluis.com\/#\/schema\/person\/b55151d52296fcce64d1a72538a70b90"},"potentialAction":[{"@type":"SearchAction","target":{"@type":"EntryPoint","urlTemplate":"https:\/\/apuntesdesanluis.com\/?s={search_term_string}"},"query-input":{"@type":"PropertyValueSpecification","valueRequired":true,"valueName":"search_term_string"}}],"inLanguage":"es-AR"},{"@type":["Person","Organization"],"@id":"https:\/\/apuntesdesanluis.com\/#\/schema\/person\/b55151d52296fcce64d1a72538a70b90","name":"apuntesdesanluis.com","image":{"@type":"ImageObject","inLanguage":"es-AR","@id":"https:\/\/apuntesdesanluis.com\/#\/schema\/person\/image\/","url":"https:\/\/apuntesdesanluis.com\/wp-content\/uploads\/2023\/07\/cropped-apuntesdesanluis.png","contentUrl":"https:\/\/apuntesdesanluis.com\/wp-content\/uploads\/2023\/07\/cropped-apuntesdesanluis.png","width":450,"height":112,"caption":"apuntesdesanluis.com"},"logo":{"@id":"https:\/\/apuntesdesanluis.com\/#\/schema\/person\/image\/"},"sameAs":["https:\/\/apuntesdesanluis.com"],"url":"https:\/\/apuntesdesanluis.com\/index.php\/author\/apuntesdesanluis-com\/"}]}},"featured_image_urls":{"full":["https:\/\/apuntesdesanluis.com\/wp-content\/uploads\/2024\/04\/EMPRENDEDORES.png",524,303,false],"thumbnail":["https:\/\/apuntesdesanluis.com\/wp-content\/uploads\/2024\/04\/EMPRENDEDORES-150x150.png",150,150,true],"medium":["https:\/\/apuntesdesanluis.com\/wp-content\/uploads\/2024\/04\/EMPRENDEDORES-300x173.png",300,173,true],"medium_large":["https:\/\/apuntesdesanluis.com\/wp-content\/uploads\/2024\/04\/EMPRENDEDORES.png",524,303,false],"large":["https:\/\/apuntesdesanluis.com\/wp-content\/uploads\/2024\/04\/EMPRENDEDORES.png",524,303,false],"1536x1536":["https:\/\/apuntesdesanluis.com\/wp-content\/uploads\/2024\/04\/EMPRENDEDORES.png",524,303,false],"2048x2048":["https:\/\/apuntesdesanluis.com\/wp-content\/uploads\/2024\/04\/EMPRENDEDORES.png",524,303,false],"newsever-slider-full":["https:\/\/apuntesdesanluis.com\/wp-content\/uploads\/2024\/04\/EMPRENDEDORES.png",524,303,false],"newsever-featured":["https:\/\/apuntesdesanluis.com\/wp-content\/uploads\/2024\/04\/EMPRENDEDORES.png",524,303,false],"newsever-medium":["https:\/\/apuntesdesanluis.com\/wp-content\/uploads\/2024\/04\/EMPRENDEDORES.png",524,303,false]},"author_info":{"display_name":"apuntesdesanluis.com","author_link":"https:\/\/apuntesdesanluis.com\/index.php\/author\/apuntesdesanluis-com\/"},"category_info":"<a href=\"https:\/\/apuntesdesanluis.com\/index.php\/category\/blog\/\" rel=\"category tag\">Blog<\/a>","tag_info":"Blog","comment_count":"0","_links":{"self":[{"href":"https:\/\/apuntesdesanluis.com\/index.php\/wp-json\/wp\/v2\/posts\/14423","targetHints":{"allow":["GET"]}}],"collection":[{"href":"https:\/\/apuntesdesanluis.com\/index.php\/wp-json\/wp\/v2\/posts"}],"about":[{"href":"https:\/\/apuntesdesanluis.com\/index.php\/wp-json\/wp\/v2\/types\/post"}],"author":[{"embeddable":true,"href":"https:\/\/apuntesdesanluis.com\/index.php\/wp-json\/wp\/v2\/users\/1"}],"replies":[{"embeddable":true,"href":"https:\/\/apuntesdesanluis.com\/index.php\/wp-json\/wp\/v2\/comments?post=14423"}],"version-history":[{"count":1,"href":"https:\/\/apuntesdesanluis.com\/index.php\/wp-json\/wp\/v2\/posts\/14423\/revisions"}],"predecessor-version":[{"id":14425,"href":"https:\/\/apuntesdesanluis.com\/index.php\/wp-json\/wp\/v2\/posts\/14423\/revisions\/14425"}],"wp:featuredmedia":[{"embeddable":true,"href":"https:\/\/apuntesdesanluis.com\/index.php\/wp-json\/wp\/v2\/media\/14424"}],"wp:attachment":[{"href":"https:\/\/apuntesdesanluis.com\/index.php\/wp-json\/wp\/v2\/media?parent=14423"}],"wp:term":[{"taxonomy":"category","embeddable":true,"href":"https:\/\/apuntesdesanluis.com\/index.php\/wp-json\/wp\/v2\/categories?post=14423"},{"taxonomy":"post_tag","embeddable":true,"href":"https:\/\/apuntesdesanluis.com\/index.php\/wp-json\/wp\/v2\/tags?post=14423"}],"curies":[{"name":"wp","href":"https:\/\/api.w.org\/{rel}","templated":true}]}}