{"id":14431,"date":"2024-04-09T10:42:19","date_gmt":"2024-04-09T13:42:19","guid":{"rendered":"https:\/\/apuntesdesanluis.com\/?p=14431"},"modified":"2024-04-09T20:10:50","modified_gmt":"2024-04-09T23:10:50","slug":"solicitan-prudencia-a-los-medios-en-relacion-con-noticias-que-involucren-a-menores","status":"publish","type":"post","link":"https:\/\/apuntesdesanluis.com\/index.php\/2024\/04\/09\/solicitan-prudencia-a-los-medios-en-relacion-con-noticias-que-involucren-a-menores\/","title":{"rendered":"SOLICITAN \u201cPRUDENCIA\u201d A LOS MEDIOS EN RELACI\u00d3N CON NOTICIAS QUE INVOLUCREN A MENORES"},"content":{"rendered":"<h3>El Juzgado de Familia, Ni\u00f1ez, Adolescencia Violencia N\u00ba 2 de la Segunda Circunscripci\u00f3n Judicial, a cargo del Dr. <strong>Alejandro Ra\u00fal Falc\u00f3n<\/strong>, solicita a los medios de comunicaci\u00f3n que eviten exponer, difundir o divulgar datos, informaciones o im\u00e1genes que permitan identificar a ni\u00f1os, ni\u00f1as y adolescentes, y los insta a arbitrar las medidas necesarias para el cumplimiento de lo dispuesto por el Art. 22\u00b0 de la Ley 26.061 de Protecci\u00f3n Integral de los Derechos de Ni\u00f1os, Ni\u00f1as y Adolescentes.<\/h3>\n<h3>En este sentido, desde el Juzgado se recuerda a los medios de comunicaci\u00f3n que deben \u201cresguardar con mayor prudencia la intimidad de todo ni\u00f1o, ni\u00f1a, adolescente debiendo extremar al m\u00e1ximo los recaudos necesarios a fin de evitar su posible identificaci\u00f3n, m\u00e1s a\u00fan cuando la difusi\u00f3n de informaci\u00f3n reservada no satisface ning\u00fan inter\u00e9s general o inter\u00e9s p\u00fablico prevaleciente que justifique ventilar circunstancias de tiempo, modo, espacio con datos que individualicen a quienes pueden resultar v\u00edctima y\/o testigo de delitos que impliquen cualquier detrimento o menoscabo a su integridad psicof\u00edsica o invasi\u00f3n a su reserva intima, todo ello en virtud de lo normado en la Constituci\u00f3n Nacional Argentina ART 18 Y ART 19,\u00a0 Declaraci\u00f3n Universal de los Derechos Humanos, ART. 12,\u00a0 Convenci\u00f3n de los Derechos del Ni\u00f1os ART. 16, ART. 22\u00ba de la Ley 26.061 de Protecci\u00f3n Integral de los Derechos de Ni\u00f1os, Ni\u00f1as y Adolescentes y C\u00f3digo Civil y Comercial de la Naci\u00f3n, Arts.\u00a0 51, 52, 53, 1770 y ccs.<\/h3>\n<h3>El <strong>Art. 22 de la Ley 26.061 de Protecci\u00f3n Integral de los Derechos de Ni\u00f1os, Ni\u00f1as y Adolescentes<\/strong> expresa:<\/h3>\n<h3>\u201c\u2014 <strong>DERECHO A LA DIGNIDAD.<\/strong> Las ni\u00f1as, ni\u00f1os y adolescentes tienen derecho a ser respetados en su dignidad, reputaci\u00f3n y propia imagen. Se proh\u00edbe exponer, difundir o divulgar datos, informaciones o im\u00e1genes que permitan identificar, directa o indirectamente a los sujetos de esta ley, a trav\u00e9s de cualquier medio de comunicaci\u00f3n o publicaci\u00f3n en contra de su voluntad y la de sus padres, representantes legales o responsables, cuando se lesionen su dignidad o la reputaci\u00f3n de las ni\u00f1as, ni\u00f1os y adolescentes o que constituyan injerencias arbitrarias o ilegales en su vida privada o intimidad familiar\u201d.<\/h3>\n<p>&nbsp;<\/p>\n<p>&nbsp;<\/p>\n<p>&nbsp;<\/p>\n","protected":false},"excerpt":{"rendered":"<p>El Juzgado de Familia, Ni\u00f1ez, Adolescencia Violencia N\u00ba 2 de la Segunda Circunscripci\u00f3n Judicial, a&#8230;<\/p>\n","protected":false},"author":1,"featured_media":14433,"comment_status":"closed","ping_status":"closed","sticky":false,"template":"","format":"standard","meta":{"footnotes":""},"categories":[6],"tags":[],"class_list":["post-14431","post","type-post","status-publish","format-standard","has-post-thumbnail","hentry","category-ciudad-provincia"],"yoast_head":"<!-- This site is optimized with the Yoast SEO plugin v26.1.1 - https:\/\/yoast.com\/wordpress\/plugins\/seo\/ -->\n<title>SOLICITAN \u201cPRUDENCIA\u201d A LOS MEDIOS EN RELACI\u00d3N CON NOTICIAS QUE INVOLUCREN A MENORES - Apuntes de San Luis<\/title>\n<meta name=\"robots\" content=\"index, follow, max-snippet:-1, max-image-preview:large, max-video-preview:-1\" \/>\n<link rel=\"canonical\" href=\"https:\/\/apuntesdesanluis.com\/index.php\/2024\/04\/09\/solicitan-prudencia-a-los-medios-en-relacion-con-noticias-que-involucren-a-menores\/\" \/>\n<meta property=\"og:locale\" content=\"es_ES\" \/>\n<meta property=\"og:type\" content=\"article\" \/>\n<meta property=\"og:title\" content=\"SOLICITAN \u201cPRUDENCIA\u201d A LOS MEDIOS EN RELACI\u00d3N CON NOTICIAS QUE INVOLUCREN A MENORES - Apuntes de San Luis\" \/>\n<meta property=\"og:description\" content=\"El Juzgado de Familia, Ni\u00f1ez, Adolescencia Violencia N\u00ba 2 de la Segunda Circunscripci\u00f3n Judicial, a...\" \/>\n<meta property=\"og:url\" content=\"https:\/\/apuntesdesanluis.com\/index.php\/2024\/04\/09\/solicitan-prudencia-a-los-medios-en-relacion-con-noticias-que-involucren-a-menores\/\" \/>\n<meta property=\"og:site_name\" content=\"Apuntes de San Luis\" \/>\n<meta property=\"article:published_time\" content=\"2024-04-09T13:42:19+00:00\" \/>\n<meta property=\"article:modified_time\" content=\"2024-04-09T23:10:50+00:00\" \/>\n<meta property=\"og:image\" content=\"https:\/\/apuntesdesanluis.com\/wp-content\/uploads\/2024\/04\/NINO-2.png\" \/>\n\t<meta property=\"og:image:width\" content=\"600\" \/>\n\t<meta property=\"og:image:height\" content=\"313\" \/>\n\t<meta property=\"og:image:type\" content=\"image\/png\" \/>\n<meta name=\"author\" content=\"apuntesdesanluis.com\" \/>\n<meta name=\"twitter:card\" content=\"summary_large_image\" \/>\n<meta name=\"twitter:label1\" content=\"Escrito por\" \/>\n\t<meta name=\"twitter:data1\" content=\"apuntesdesanluis.com\" \/>\n\t<meta name=\"twitter:label2\" content=\"Tiempo de lectura\" \/>\n\t<meta name=\"twitter:data2\" content=\"2 minutos\" \/>\n<script type=\"application\/ld+json\" class=\"yoast-schema-graph\">{\"@context\":\"https:\/\/schema.org\",\"@graph\":[{\"@type\":\"Article\",\"@id\":\"https:\/\/apuntesdesanluis.com\/index.php\/2024\/04\/09\/solicitan-prudencia-a-los-medios-en-relacion-con-noticias-que-involucren-a-menores\/#article\",\"isPartOf\":{\"@id\":\"https:\/\/apuntesdesanluis.com\/index.php\/2024\/04\/09\/solicitan-prudencia-a-los-medios-en-relacion-con-noticias-que-involucren-a-menores\/\"},\"author\":{\"name\":\"apuntesdesanluis.com\",\"@id\":\"https:\/\/apuntesdesanluis.com\/#\/schema\/person\/b55151d52296fcce64d1a72538a70b90\"},\"headline\":\"SOLICITAN \u201cPRUDENCIA\u201d A LOS MEDIOS EN RELACI\u00d3N CON NOTICIAS QUE INVOLUCREN A MENORES\",\"datePublished\":\"2024-04-09T13:42:19+00:00\",\"dateModified\":\"2024-04-09T23:10:50+00:00\",\"mainEntityOfPage\":{\"@id\":\"https:\/\/apuntesdesanluis.com\/index.php\/2024\/04\/09\/solicitan-prudencia-a-los-medios-en-relacion-con-noticias-que-involucren-a-menores\/\"},\"wordCount\":403,\"publisher\":{\"@id\":\"https:\/\/apuntesdesanluis.com\/#\/schema\/person\/b55151d52296fcce64d1a72538a70b90\"},\"image\":{\"@id\":\"https:\/\/apuntesdesanluis.com\/index.php\/2024\/04\/09\/solicitan-prudencia-a-los-medios-en-relacion-con-noticias-que-involucren-a-menores\/#primaryimage\"},\"thumbnailUrl\":\"https:\/\/apuntesdesanluis.com\/wp-content\/uploads\/2024\/04\/NINO-2.png\",\"articleSection\":[\"Ciudad\/Provincia\"],\"inLanguage\":\"es-AR\"},{\"@type\":\"WebPage\",\"@id\":\"https:\/\/apuntesdesanluis.com\/index.php\/2024\/04\/09\/solicitan-prudencia-a-los-medios-en-relacion-con-noticias-que-involucren-a-menores\/\",\"url\":\"https:\/\/apuntesdesanluis.com\/index.php\/2024\/04\/09\/solicitan-prudencia-a-los-medios-en-relacion-con-noticias-que-involucren-a-menores\/\",\"name\":\"SOLICITAN \u201cPRUDENCIA\u201d A LOS MEDIOS EN RELACI\u00d3N CON NOTICIAS QUE INVOLUCREN A MENORES - Apuntes de San Luis\",\"isPartOf\":{\"@id\":\"https:\/\/apuntesdesanluis.com\/#website\"},\"primaryImageOfPage\":{\"@id\":\"https:\/\/apuntesdesanluis.com\/index.php\/2024\/04\/09\/solicitan-prudencia-a-los-medios-en-relacion-con-noticias-que-involucren-a-menores\/#primaryimage\"},\"image\":{\"@id\":\"https:\/\/apuntesdesanluis.com\/index.php\/2024\/04\/09\/solicitan-prudencia-a-los-medios-en-relacion-con-noticias-que-involucren-a-menores\/#primaryimage\"},\"thumbnailUrl\":\"https:\/\/apuntesdesanluis.com\/wp-content\/uploads\/2024\/04\/NINO-2.png\",\"datePublished\":\"2024-04-09T13:42:19+00:00\",\"dateModified\":\"2024-04-09T23:10:50+00:00\",\"breadcrumb\":{\"@id\":\"https:\/\/apuntesdesanluis.com\/index.php\/2024\/04\/09\/solicitan-prudencia-a-los-medios-en-relacion-con-noticias-que-involucren-a-menores\/#breadcrumb\"},\"inLanguage\":\"es-AR\",\"potentialAction\":[{\"@type\":\"ReadAction\",\"target\":[\"https:\/\/apuntesdesanluis.com\/index.php\/2024\/04\/09\/solicitan-prudencia-a-los-medios-en-relacion-con-noticias-que-involucren-a-menores\/\"]}]},{\"@type\":\"ImageObject\",\"inLanguage\":\"es-AR\",\"@id\":\"https:\/\/apuntesdesanluis.com\/index.php\/2024\/04\/09\/solicitan-prudencia-a-los-medios-en-relacion-con-noticias-que-involucren-a-menores\/#primaryimage\",\"url\":\"https:\/\/apuntesdesanluis.com\/wp-content\/uploads\/2024\/04\/NINO-2.png\",\"contentUrl\":\"https:\/\/apuntesdesanluis.com\/wp-content\/uploads\/2024\/04\/NINO-2.png\",\"width\":600,\"height\":313},{\"@type\":\"BreadcrumbList\",\"@id\":\"https:\/\/apuntesdesanluis.com\/index.php\/2024\/04\/09\/solicitan-prudencia-a-los-medios-en-relacion-con-noticias-que-involucren-a-menores\/#breadcrumb\",\"itemListElement\":[{\"@type\":\"ListItem\",\"position\":1,\"name\":\"Inicio\",\"item\":\"https:\/\/apuntesdesanluis.com\/\"},{\"@type\":\"ListItem\",\"position\":2,\"name\":\"SOLICITAN \u201cPRUDENCIA\u201d A LOS MEDIOS EN RELACI\u00d3N CON NOTICIAS QUE INVOLUCREN A MENORES\"}]},{\"@type\":\"WebSite\",\"@id\":\"https:\/\/apuntesdesanluis.com\/#website\",\"url\":\"https:\/\/apuntesdesanluis.com\/\",\"name\":\"Apuntes de San Luis\",\"description\":\"\",\"publisher\":{\"@id\":\"https:\/\/apuntesdesanluis.com\/#\/schema\/person\/b55151d52296fcce64d1a72538a70b90\"},\"potentialAction\":[{\"@type\":\"SearchAction\",\"target\":{\"@type\":\"EntryPoint\",\"urlTemplate\":\"https:\/\/apuntesdesanluis.com\/?s={search_term_string}\"},\"query-input\":{\"@type\":\"PropertyValueSpecification\",\"valueRequired\":true,\"valueName\":\"search_term_string\"}}],\"inLanguage\":\"es-AR\"},{\"@type\":[\"Person\",\"Organization\"],\"@id\":\"https:\/\/apuntesdesanluis.com\/#\/schema\/person\/b55151d52296fcce64d1a72538a70b90\",\"name\":\"apuntesdesanluis.com\",\"image\":{\"@type\":\"ImageObject\",\"inLanguage\":\"es-AR\",\"@id\":\"https:\/\/apuntesdesanluis.com\/#\/schema\/person\/image\/\",\"url\":\"https:\/\/apuntesdesanluis.com\/wp-content\/uploads\/2023\/07\/cropped-apuntesdesanluis.png\",\"contentUrl\":\"https:\/\/apuntesdesanluis.com\/wp-content\/uploads\/2023\/07\/cropped-apuntesdesanluis.png\",\"width\":450,\"height\":112,\"caption\":\"apuntesdesanluis.com\"},\"logo\":{\"@id\":\"https:\/\/apuntesdesanluis.com\/#\/schema\/person\/image\/\"},\"sameAs\":[\"https:\/\/apuntesdesanluis.com\"],\"url\":\"https:\/\/apuntesdesanluis.com\/index.php\/author\/apuntesdesanluis-com\/\"}]}<\/script>\n<!-- \/ Yoast SEO plugin. -->","yoast_head_json":{"title":"SOLICITAN \u201cPRUDENCIA\u201d A LOS MEDIOS EN RELACI\u00d3N CON NOTICIAS QUE INVOLUCREN A MENORES - Apuntes de San Luis","robots":{"index":"index","follow":"follow","max-snippet":"max-snippet:-1","max-image-preview":"max-image-preview:large","max-video-preview":"max-video-preview:-1"},"canonical":"https:\/\/apuntesdesanluis.com\/index.php\/2024\/04\/09\/solicitan-prudencia-a-los-medios-en-relacion-con-noticias-que-involucren-a-menores\/","og_locale":"es_ES","og_type":"article","og_title":"SOLICITAN \u201cPRUDENCIA\u201d A LOS MEDIOS EN RELACI\u00d3N CON NOTICIAS QUE INVOLUCREN A MENORES - Apuntes de San Luis","og_description":"El Juzgado de Familia, Ni\u00f1ez, Adolescencia Violencia N\u00ba 2 de la Segunda Circunscripci\u00f3n Judicial, a...","og_url":"https:\/\/apuntesdesanluis.com\/index.php\/2024\/04\/09\/solicitan-prudencia-a-los-medios-en-relacion-con-noticias-que-involucren-a-menores\/","og_site_name":"Apuntes de San Luis","article_published_time":"2024-04-09T13:42:19+00:00","article_modified_time":"2024-04-09T23:10:50+00:00","og_image":[{"width":600,"height":313,"url":"https:\/\/apuntesdesanluis.com\/wp-content\/uploads\/2024\/04\/NINO-2.png","type":"image\/png"}],"author":"apuntesdesanluis.com","twitter_card":"summary_large_image","twitter_misc":{"Escrito por":"apuntesdesanluis.com","Tiempo de lectura":"2 minutos"},"schema":{"@context":"https:\/\/schema.org","@graph":[{"@type":"Article","@id":"https:\/\/apuntesdesanluis.com\/index.php\/2024\/04\/09\/solicitan-prudencia-a-los-medios-en-relacion-con-noticias-que-involucren-a-menores\/#article","isPartOf":{"@id":"https:\/\/apuntesdesanluis.com\/index.php\/2024\/04\/09\/solicitan-prudencia-a-los-medios-en-relacion-con-noticias-que-involucren-a-menores\/"},"author":{"name":"apuntesdesanluis.com","@id":"https:\/\/apuntesdesanluis.com\/#\/schema\/person\/b55151d52296fcce64d1a72538a70b90"},"headline":"SOLICITAN \u201cPRUDENCIA\u201d A LOS MEDIOS EN RELACI\u00d3N CON NOTICIAS QUE INVOLUCREN A MENORES","datePublished":"2024-04-09T13:42:19+00:00","dateModified":"2024-04-09T23:10:50+00:00","mainEntityOfPage":{"@id":"https:\/\/apuntesdesanluis.com\/index.php\/2024\/04\/09\/solicitan-prudencia-a-los-medios-en-relacion-con-noticias-que-involucren-a-menores\/"},"wordCount":403,"publisher":{"@id":"https:\/\/apuntesdesanluis.com\/#\/schema\/person\/b55151d52296fcce64d1a72538a70b90"},"image":{"@id":"https:\/\/apuntesdesanluis.com\/index.php\/2024\/04\/09\/solicitan-prudencia-a-los-medios-en-relacion-con-noticias-que-involucren-a-menores\/#primaryimage"},"thumbnailUrl":"https:\/\/apuntesdesanluis.com\/wp-content\/uploads\/2024\/04\/NINO-2.png","articleSection":["Ciudad\/Provincia"],"inLanguage":"es-AR"},{"@type":"WebPage","@id":"https:\/\/apuntesdesanluis.com\/index.php\/2024\/04\/09\/solicitan-prudencia-a-los-medios-en-relacion-con-noticias-que-involucren-a-menores\/","url":"https:\/\/apuntesdesanluis.com\/index.php\/2024\/04\/09\/solicitan-prudencia-a-los-medios-en-relacion-con-noticias-que-involucren-a-menores\/","name":"SOLICITAN \u201cPRUDENCIA\u201d A LOS MEDIOS EN RELACI\u00d3N CON NOTICIAS QUE INVOLUCREN A MENORES - Apuntes de San Luis","isPartOf":{"@id":"https:\/\/apuntesdesanluis.com\/#website"},"primaryImageOfPage":{"@id":"https:\/\/apuntesdesanluis.com\/index.php\/2024\/04\/09\/solicitan-prudencia-a-los-medios-en-relacion-con-noticias-que-involucren-a-menores\/#primaryimage"},"image":{"@id":"https:\/\/apuntesdesanluis.com\/index.php\/2024\/04\/09\/solicitan-prudencia-a-los-medios-en-relacion-con-noticias-que-involucren-a-menores\/#primaryimage"},"thumbnailUrl":"https:\/\/apuntesdesanluis.com\/wp-content\/uploads\/2024\/04\/NINO-2.png","datePublished":"2024-04-09T13:42:19+00:00","dateModified":"2024-04-09T23:10:50+00:00","breadcrumb":{"@id":"https:\/\/apuntesdesanluis.com\/index.php\/2024\/04\/09\/solicitan-prudencia-a-los-medios-en-relacion-con-noticias-que-involucren-a-menores\/#breadcrumb"},"inLanguage":"es-AR","potentialAction":[{"@type":"ReadAction","target":["https:\/\/apuntesdesanluis.com\/index.php\/2024\/04\/09\/solicitan-prudencia-a-los-medios-en-relacion-con-noticias-que-involucren-a-menores\/"]}]},{"@type":"ImageObject","inLanguage":"es-AR","@id":"https:\/\/apuntesdesanluis.com\/index.php\/2024\/04\/09\/solicitan-prudencia-a-los-medios-en-relacion-con-noticias-que-involucren-a-menores\/#primaryimage","url":"https:\/\/apuntesdesanluis.com\/wp-content\/uploads\/2024\/04\/NINO-2.png","contentUrl":"https:\/\/apuntesdesanluis.com\/wp-content\/uploads\/2024\/04\/NINO-2.png","width":600,"height":313},{"@type":"BreadcrumbList","@id":"https:\/\/apuntesdesanluis.com\/index.php\/2024\/04\/09\/solicitan-prudencia-a-los-medios-en-relacion-con-noticias-que-involucren-a-menores\/#breadcrumb","itemListElement":[{"@type":"ListItem","position":1,"name":"Inicio","item":"https:\/\/apuntesdesanluis.com\/"},{"@type":"ListItem","position":2,"name":"SOLICITAN \u201cPRUDENCIA\u201d A LOS MEDIOS EN RELACI\u00d3N CON NOTICIAS QUE INVOLUCREN A MENORES"}]},{"@type":"WebSite","@id":"https:\/\/apuntesdesanluis.com\/#website","url":"https:\/\/apuntesdesanluis.com\/","name":"Apuntes de San Luis","description":"","publisher":{"@id":"https:\/\/apuntesdesanluis.com\/#\/schema\/person\/b55151d52296fcce64d1a72538a70b90"},"potentialAction":[{"@type":"SearchAction","target":{"@type":"EntryPoint","urlTemplate":"https:\/\/apuntesdesanluis.com\/?s={search_term_string}"},"query-input":{"@type":"PropertyValueSpecification","valueRequired":true,"valueName":"search_term_string"}}],"inLanguage":"es-AR"},{"@type":["Person","Organization"],"@id":"https:\/\/apuntesdesanluis.com\/#\/schema\/person\/b55151d52296fcce64d1a72538a70b90","name":"apuntesdesanluis.com","image":{"@type":"ImageObject","inLanguage":"es-AR","@id":"https:\/\/apuntesdesanluis.com\/#\/schema\/person\/image\/","url":"https:\/\/apuntesdesanluis.com\/wp-content\/uploads\/2023\/07\/cropped-apuntesdesanluis.png","contentUrl":"https:\/\/apuntesdesanluis.com\/wp-content\/uploads\/2023\/07\/cropped-apuntesdesanluis.png","width":450,"height":112,"caption":"apuntesdesanluis.com"},"logo":{"@id":"https:\/\/apuntesdesanluis.com\/#\/schema\/person\/image\/"},"sameAs":["https:\/\/apuntesdesanluis.com"],"url":"https:\/\/apuntesdesanluis.com\/index.php\/author\/apuntesdesanluis-com\/"}]}},"featured_image_urls":{"full":["https:\/\/apuntesdesanluis.com\/wp-content\/uploads\/2024\/04\/NINO-2.png",600,313,false],"thumbnail":["https:\/\/apuntesdesanluis.com\/wp-content\/uploads\/2024\/04\/NINO-2-150x150.png",150,150,true],"medium":["https:\/\/apuntesdesanluis.com\/wp-content\/uploads\/2024\/04\/NINO-2-300x157.png",300,157,true],"medium_large":["https:\/\/apuntesdesanluis.com\/wp-content\/uploads\/2024\/04\/NINO-2.png",600,313,false],"large":["https:\/\/apuntesdesanluis.com\/wp-content\/uploads\/2024\/04\/NINO-2.png",600,313,false],"1536x1536":["https:\/\/apuntesdesanluis.com\/wp-content\/uploads\/2024\/04\/NINO-2.png",600,313,false],"2048x2048":["https:\/\/apuntesdesanluis.com\/wp-content\/uploads\/2024\/04\/NINO-2.png",600,313,false],"newsever-slider-full":["https:\/\/apuntesdesanluis.com\/wp-content\/uploads\/2024\/04\/NINO-2.png",600,313,false],"newsever-featured":["https:\/\/apuntesdesanluis.com\/wp-content\/uploads\/2024\/04\/NINO-2.png",600,313,false],"newsever-medium":["https:\/\/apuntesdesanluis.com\/wp-content\/uploads\/2024\/04\/NINO-2.png",600,313,false]},"author_info":{"display_name":"apuntesdesanluis.com","author_link":"https:\/\/apuntesdesanluis.com\/index.php\/author\/apuntesdesanluis-com\/"},"category_info":"<a href=\"https:\/\/apuntesdesanluis.com\/index.php\/category\/ciudad-provincia\/\" rel=\"category tag\">Ciudad\/Provincia<\/a>","tag_info":"Ciudad\/Provincia","comment_count":"0","_links":{"self":[{"href":"https:\/\/apuntesdesanluis.com\/index.php\/wp-json\/wp\/v2\/posts\/14431","targetHints":{"allow":["GET"]}}],"collection":[{"href":"https:\/\/apuntesdesanluis.com\/index.php\/wp-json\/wp\/v2\/posts"}],"about":[{"href":"https:\/\/apuntesdesanluis.com\/index.php\/wp-json\/wp\/v2\/types\/post"}],"author":[{"embeddable":true,"href":"https:\/\/apuntesdesanluis.com\/index.php\/wp-json\/wp\/v2\/users\/1"}],"replies":[{"embeddable":true,"href":"https:\/\/apuntesdesanluis.com\/index.php\/wp-json\/wp\/v2\/comments?post=14431"}],"version-history":[{"count":1,"href":"https:\/\/apuntesdesanluis.com\/index.php\/wp-json\/wp\/v2\/posts\/14431\/revisions"}],"predecessor-version":[{"id":14434,"href":"https:\/\/apuntesdesanluis.com\/index.php\/wp-json\/wp\/v2\/posts\/14431\/revisions\/14434"}],"wp:featuredmedia":[{"embeddable":true,"href":"https:\/\/apuntesdesanluis.com\/index.php\/wp-json\/wp\/v2\/media\/14433"}],"wp:attachment":[{"href":"https:\/\/apuntesdesanluis.com\/index.php\/wp-json\/wp\/v2\/media?parent=14431"}],"wp:term":[{"taxonomy":"category","embeddable":true,"href":"https:\/\/apuntesdesanluis.com\/index.php\/wp-json\/wp\/v2\/categories?post=14431"},{"taxonomy":"post_tag","embeddable":true,"href":"https:\/\/apuntesdesanluis.com\/index.php\/wp-json\/wp\/v2\/tags?post=14431"}],"curies":[{"name":"wp","href":"https:\/\/api.w.org\/{rel}","templated":true}]}}