{"id":14435,"date":"2024-04-09T17:05:47","date_gmt":"2024-04-09T20:05:47","guid":{"rendered":"https:\/\/apuntesdesanluis.com\/?p=14435"},"modified":"2024-04-09T13:08:43","modified_gmt":"2024-04-09T16:08:43","slug":"javier-milei-quiere-que-argentina-envie-ayuda-militar-a-ucrania-lo-esta-discutiendo-luis-petri","status":"publish","type":"post","link":"https:\/\/apuntesdesanluis.com\/index.php\/2024\/04\/09\/javier-milei-quiere-que-argentina-envie-ayuda-militar-a-ucrania-lo-esta-discutiendo-luis-petri\/","title":{"rendered":"JAVIER MILEI QUIERE QUE ARGENTINA ENV\u00cdE AYUDA MILITAR A UCRANIA: &#8220;LO EST\u00c1 DISCUTIENDO LUIS PETRI&#8221;"},"content":{"rendered":"<h3>El Presidente argentino viajar\u00e1 a Europa en junio y planea reunirse con su par ucraniano. No descart\u00f3 el env\u00edo de ayuda militar al conflicto con Rusia. Qu\u00e9 dijo de la salida del cepo y el rebote econ\u00f3mico.<\/h3>\n<h3>El presidente <strong>Javier Milei<\/strong> anticip\u00f3 que trabaja para concretar su visita a Ucrania con intenci\u00f3n de reunirse con Volod\u00edmir Zelenski, y no descart\u00f3 el env\u00edo de ayuda militar al conflicto que ese pa\u00eds mantiene con Rusia. &#8220;Es algo que est\u00e1 hablando nuestro ministro de Defensa&#8221;, Luis Petri, &#8220;para ver en qu\u00e9 podemos colaborar&#8221;, advirti\u00f3 el jede de Estado este lunes 8 de abril.<\/h3>\n<h3>&#8220;Los gobiernos est\u00e1n en contacto, nuestro ministro de Defensa est\u00e1 en contacto con las autoridades de Ucrania. En todo lo que podamos ayudarlos los vamos a ayudar&#8221;, asegur\u00f3 Milei en di\u00e1logo con CNN Radio. &#8220;Se va a hacer un foro en defensa de Ucrania en Latinoamerica, Zelenski me pidi\u00f3 que sea ac\u00e1 y yo le dije que s\u00ed, que lo vamos a hacer&#8221;, agreg\u00f3.<\/h3>\n<h3>Consultado sobre la posibilidad de mandar ayuda militar concreta a Ucrania, Milei sostuvo: &#8220;Es algo que est\u00e1 discutiendo el ministro de Defensa Luis Petri con las autoridades de Ucrania para ver en qu\u00e9 podemos colaborar&#8221;.<\/h3>\n<h3><strong>GIRA POR EUROPA Y MIAMI<\/strong><\/h3>\n<h3>El primer mandatario tiene prevista una gira internacional por varios pa\u00edses de Europa a mediados de junio. Milei participar\u00e1 de la reuni\u00f3n del Grupo de los 7 a celebrarse en Borgo Egnazia, Italia, que sesionar\u00e1 entre el 13 y el 15 de junio, por invitaci\u00f3n de la presidente de ministros italiana, Giorgia Meloni.<\/h3>\n<h3>El 21 del mismo mes, ser\u00e1 premiado por el Instituto Juan de Mariana, en la ciudad de Madrid, Espa\u00f1a, por &#8220;su defensa a las ideas de la libertad&#8221;. Ser\u00e1 en el marco de la Cena de la Libertad del Instituto Juan de Mariana, que tendr\u00e1 lugar en el Casino de Madrid. Al d\u00eda siguiente, en Alemania, ser\u00e1 galardonado con la medalla Hayek, que se otorga en referencia al Nobel de econom\u00eda Frederic von Hayek.<\/h3>\n<h3>La\u00a0 gira por Europa que tendr\u00e1 lugar a mediados de junio, luego de una visita a expr\u00e9s a Miami para recibir el reconocimiento de &#8220;Embajador Internacional de la Luz&#8221; este 10 de abril. A esos destinos quiere sumar Kiev, capital de Ucrania.<\/h3>\n<h3>&#8220;Estamos dise\u00f1ando un viaje y la idea es que pasemos por Ucrania. Tenemos que viajar al G7, agradezco a la presidente (Giorgia) Meloni por haberme invitado, tambi\u00e9n tengo que ir a Madrid a recibir al premio Juan de Mariana, despu\u00e9s a Alemania a recibir la medalla de honor&#8221;, explic\u00f3 el jefe de Estado argentino.<\/h3>\n<h3>Milei anticip\u00f3 que en ese mismo viaje intentar\u00e1 concretar una reuni\u00f3n con el canciller alem\u00e1n, Olaf Scholz, con su par de Francia, Emmanuel Macron, adem\u00e1s de su intenci\u00f3n de visitar a Zelenski.<\/h3>\n<h3><strong>SALIDA DEL CEPO<\/strong><\/h3>\n<h3>Consultado sobre el futuro de la econom\u00eda argentina, el presidente Javier Milei evit\u00f3 dar fechas para la recuperaci\u00f3n econ\u00f3mica del pa\u00eds, aunque mencion\u00f3 el &#8220;segundo semestre&#8221; de 2024 como posible punto de partida. Consider\u00f3 adem\u00e1s que &#8220;hay muchos elementos para ser optimistas&#8221; y que para, cuando se abra el cepo cambiario, se puede dar un rebote de la econom\u00eda que &#8220;har\u00e1 que se expanda fuertemente&#8221;.<\/h3>\n<h3>El presidente argentino en un primer momento evit\u00f3 hablar de fechas de rebote econ\u00f3mico, ya que &#8220;no es f\u00e1cil saberlo&#8221;. &#8220;Quien le diga una fecha es un error, eso depende de la acci\u00f3n humana, pero hay muchos elementos para ser optimistas. Hoy la mitad de los argentinos cree que de cara a los pr\u00f3ximos seis meses vamos a estar mejor&#8221;.<\/h3>\n<h3>El 70% de los argentinos est\u00e1 convencido de que vamos a terminar con la inflaci\u00f3n. Cuando uno mira las nubes de palabras de generaci\u00f3n espont\u00e1nea, aparece la palabra esperanza, el motor de los argentinos est\u00e1 intacto, est\u00e1 para salir&#8221;, argument\u00f3 Milei en di\u00e1logo con CNN. Y a\u00f1adi\u00f3: &#8220;En cuanto terminemos de sanear los balances del Banco Central y eliminar los pasivos remunerados, en ese momento, cuando abramos el cepo, la Argentina va a poder despegar muy fuertemente&#8221;.<\/h3>\n<p>&nbsp;<\/p>\n<p>&nbsp;<\/p>\n","protected":false},"excerpt":{"rendered":"<p>El Presidente argentino viajar\u00e1 a Europa en junio y planea reunirse con su par ucraniano&#8230;.<\/p>\n","protected":false},"author":1,"featured_media":14436,"comment_status":"closed","ping_status":"closed","sticky":false,"template":"","format":"standard","meta":{"footnotes":""},"categories":[5],"tags":[],"class_list":["post-14435","post","type-post","status-publish","format-standard","has-post-thumbnail","hentry","category-nacionales-internacionales"],"yoast_head":"<!-- This site is optimized with the Yoast SEO plugin v26.1.1 - https:\/\/yoast.com\/wordpress\/plugins\/seo\/ -->\n<title>JAVIER MILEI QUIERE QUE ARGENTINA ENV\u00cdE AYUDA MILITAR A UCRANIA: &quot;LO EST\u00c1 DISCUTIENDO LUIS PETRI&quot; - Apuntes de San Luis<\/title>\n<meta name=\"robots\" content=\"index, follow, max-snippet:-1, max-image-preview:large, max-video-preview:-1\" \/>\n<link rel=\"canonical\" href=\"https:\/\/apuntesdesanluis.com\/index.php\/2024\/04\/09\/javier-milei-quiere-que-argentina-envie-ayuda-militar-a-ucrania-lo-esta-discutiendo-luis-petri\/\" \/>\n<meta property=\"og:locale\" content=\"es_ES\" \/>\n<meta property=\"og:type\" content=\"article\" \/>\n<meta property=\"og:title\" content=\"JAVIER MILEI QUIERE QUE ARGENTINA ENV\u00cdE AYUDA MILITAR A UCRANIA: &quot;LO EST\u00c1 DISCUTIENDO LUIS PETRI&quot; - Apuntes de San Luis\" \/>\n<meta property=\"og:description\" content=\"El Presidente argentino viajar\u00e1 a Europa en junio y planea reunirse con su par ucraniano....\" \/>\n<meta property=\"og:url\" content=\"https:\/\/apuntesdesanluis.com\/index.php\/2024\/04\/09\/javier-milei-quiere-que-argentina-envie-ayuda-militar-a-ucrania-lo-esta-discutiendo-luis-petri\/\" \/>\n<meta property=\"og:site_name\" content=\"Apuntes de San Luis\" \/>\n<meta property=\"article:published_time\" content=\"2024-04-09T20:05:47+00:00\" \/>\n<meta property=\"og:image\" content=\"https:\/\/apuntesdesanluis.com\/wp-content\/uploads\/2024\/04\/MILEI-1.png\" \/>\n\t<meta property=\"og:image:width\" content=\"600\" \/>\n\t<meta property=\"og:image:height\" content=\"365\" \/>\n\t<meta property=\"og:image:type\" content=\"image\/png\" \/>\n<meta name=\"author\" content=\"apuntesdesanluis.com\" \/>\n<meta name=\"twitter:card\" content=\"summary_large_image\" \/>\n<meta name=\"twitter:label1\" content=\"Escrito por\" \/>\n\t<meta name=\"twitter:data1\" content=\"apuntesdesanluis.com\" \/>\n\t<meta name=\"twitter:label2\" content=\"Tiempo de lectura\" \/>\n\t<meta name=\"twitter:data2\" content=\"4 minutos\" \/>\n<script type=\"application\/ld+json\" class=\"yoast-schema-graph\">{\"@context\":\"https:\/\/schema.org\",\"@graph\":[{\"@type\":\"Article\",\"@id\":\"https:\/\/apuntesdesanluis.com\/index.php\/2024\/04\/09\/javier-milei-quiere-que-argentina-envie-ayuda-militar-a-ucrania-lo-esta-discutiendo-luis-petri\/#article\",\"isPartOf\":{\"@id\":\"https:\/\/apuntesdesanluis.com\/index.php\/2024\/04\/09\/javier-milei-quiere-que-argentina-envie-ayuda-militar-a-ucrania-lo-esta-discutiendo-luis-petri\/\"},\"author\":{\"name\":\"apuntesdesanluis.com\",\"@id\":\"https:\/\/apuntesdesanluis.com\/#\/schema\/person\/b55151d52296fcce64d1a72538a70b90\"},\"headline\":\"JAVIER MILEI QUIERE QUE ARGENTINA ENV\u00cdE AYUDA MILITAR A UCRANIA: &#8220;LO EST\u00c1 DISCUTIENDO LUIS PETRI&#8221;\",\"datePublished\":\"2024-04-09T20:05:47+00:00\",\"mainEntityOfPage\":{\"@id\":\"https:\/\/apuntesdesanluis.com\/index.php\/2024\/04\/09\/javier-milei-quiere-que-argentina-envie-ayuda-militar-a-ucrania-lo-esta-discutiendo-luis-petri\/\"},\"wordCount\":711,\"publisher\":{\"@id\":\"https:\/\/apuntesdesanluis.com\/#\/schema\/person\/b55151d52296fcce64d1a72538a70b90\"},\"image\":{\"@id\":\"https:\/\/apuntesdesanluis.com\/index.php\/2024\/04\/09\/javier-milei-quiere-que-argentina-envie-ayuda-militar-a-ucrania-lo-esta-discutiendo-luis-petri\/#primaryimage\"},\"thumbnailUrl\":\"https:\/\/apuntesdesanluis.com\/wp-content\/uploads\/2024\/04\/MILEI-1.png\",\"articleSection\":[\"Nacionales\/Internacionales\"],\"inLanguage\":\"es-AR\"},{\"@type\":\"WebPage\",\"@id\":\"https:\/\/apuntesdesanluis.com\/index.php\/2024\/04\/09\/javier-milei-quiere-que-argentina-envie-ayuda-militar-a-ucrania-lo-esta-discutiendo-luis-petri\/\",\"url\":\"https:\/\/apuntesdesanluis.com\/index.php\/2024\/04\/09\/javier-milei-quiere-que-argentina-envie-ayuda-militar-a-ucrania-lo-esta-discutiendo-luis-petri\/\",\"name\":\"JAVIER MILEI QUIERE QUE ARGENTINA ENV\u00cdE AYUDA MILITAR A UCRANIA: \\\"LO EST\u00c1 DISCUTIENDO LUIS PETRI\\\" - Apuntes de San Luis\",\"isPartOf\":{\"@id\":\"https:\/\/apuntesdesanluis.com\/#website\"},\"primaryImageOfPage\":{\"@id\":\"https:\/\/apuntesdesanluis.com\/index.php\/2024\/04\/09\/javier-milei-quiere-que-argentina-envie-ayuda-militar-a-ucrania-lo-esta-discutiendo-luis-petri\/#primaryimage\"},\"image\":{\"@id\":\"https:\/\/apuntesdesanluis.com\/index.php\/2024\/04\/09\/javier-milei-quiere-que-argentina-envie-ayuda-militar-a-ucrania-lo-esta-discutiendo-luis-petri\/#primaryimage\"},\"thumbnailUrl\":\"https:\/\/apuntesdesanluis.com\/wp-content\/uploads\/2024\/04\/MILEI-1.png\",\"datePublished\":\"2024-04-09T20:05:47+00:00\",\"breadcrumb\":{\"@id\":\"https:\/\/apuntesdesanluis.com\/index.php\/2024\/04\/09\/javier-milei-quiere-que-argentina-envie-ayuda-militar-a-ucrania-lo-esta-discutiendo-luis-petri\/#breadcrumb\"},\"inLanguage\":\"es-AR\",\"potentialAction\":[{\"@type\":\"ReadAction\",\"target\":[\"https:\/\/apuntesdesanluis.com\/index.php\/2024\/04\/09\/javier-milei-quiere-que-argentina-envie-ayuda-militar-a-ucrania-lo-esta-discutiendo-luis-petri\/\"]}]},{\"@type\":\"ImageObject\",\"inLanguage\":\"es-AR\",\"@id\":\"https:\/\/apuntesdesanluis.com\/index.php\/2024\/04\/09\/javier-milei-quiere-que-argentina-envie-ayuda-militar-a-ucrania-lo-esta-discutiendo-luis-petri\/#primaryimage\",\"url\":\"https:\/\/apuntesdesanluis.com\/wp-content\/uploads\/2024\/04\/MILEI-1.png\",\"contentUrl\":\"https:\/\/apuntesdesanluis.com\/wp-content\/uploads\/2024\/04\/MILEI-1.png\",\"width\":600,\"height\":365},{\"@type\":\"BreadcrumbList\",\"@id\":\"https:\/\/apuntesdesanluis.com\/index.php\/2024\/04\/09\/javier-milei-quiere-que-argentina-envie-ayuda-militar-a-ucrania-lo-esta-discutiendo-luis-petri\/#breadcrumb\",\"itemListElement\":[{\"@type\":\"ListItem\",\"position\":1,\"name\":\"Inicio\",\"item\":\"https:\/\/apuntesdesanluis.com\/\"},{\"@type\":\"ListItem\",\"position\":2,\"name\":\"JAVIER MILEI QUIERE QUE ARGENTINA ENV\u00cdE AYUDA MILITAR A UCRANIA: &#8220;LO EST\u00c1 DISCUTIENDO LUIS PETRI&#8221;\"}]},{\"@type\":\"WebSite\",\"@id\":\"https:\/\/apuntesdesanluis.com\/#website\",\"url\":\"https:\/\/apuntesdesanluis.com\/\",\"name\":\"Apuntes de San Luis\",\"description\":\"\",\"publisher\":{\"@id\":\"https:\/\/apuntesdesanluis.com\/#\/schema\/person\/b55151d52296fcce64d1a72538a70b90\"},\"potentialAction\":[{\"@type\":\"SearchAction\",\"target\":{\"@type\":\"EntryPoint\",\"urlTemplate\":\"https:\/\/apuntesdesanluis.com\/?s={search_term_string}\"},\"query-input\":{\"@type\":\"PropertyValueSpecification\",\"valueRequired\":true,\"valueName\":\"search_term_string\"}}],\"inLanguage\":\"es-AR\"},{\"@type\":[\"Person\",\"Organization\"],\"@id\":\"https:\/\/apuntesdesanluis.com\/#\/schema\/person\/b55151d52296fcce64d1a72538a70b90\",\"name\":\"apuntesdesanluis.com\",\"image\":{\"@type\":\"ImageObject\",\"inLanguage\":\"es-AR\",\"@id\":\"https:\/\/apuntesdesanluis.com\/#\/schema\/person\/image\/\",\"url\":\"https:\/\/apuntesdesanluis.com\/wp-content\/uploads\/2023\/07\/cropped-apuntesdesanluis.png\",\"contentUrl\":\"https:\/\/apuntesdesanluis.com\/wp-content\/uploads\/2023\/07\/cropped-apuntesdesanluis.png\",\"width\":450,\"height\":112,\"caption\":\"apuntesdesanluis.com\"},\"logo\":{\"@id\":\"https:\/\/apuntesdesanluis.com\/#\/schema\/person\/image\/\"},\"sameAs\":[\"https:\/\/apuntesdesanluis.com\"],\"url\":\"https:\/\/apuntesdesanluis.com\/index.php\/author\/apuntesdesanluis-com\/\"}]}<\/script>\n<!-- \/ Yoast SEO plugin. -->","yoast_head_json":{"title":"JAVIER MILEI QUIERE QUE ARGENTINA ENV\u00cdE AYUDA MILITAR A UCRANIA: \"LO EST\u00c1 DISCUTIENDO LUIS PETRI\" - Apuntes de San Luis","robots":{"index":"index","follow":"follow","max-snippet":"max-snippet:-1","max-image-preview":"max-image-preview:large","max-video-preview":"max-video-preview:-1"},"canonical":"https:\/\/apuntesdesanluis.com\/index.php\/2024\/04\/09\/javier-milei-quiere-que-argentina-envie-ayuda-militar-a-ucrania-lo-esta-discutiendo-luis-petri\/","og_locale":"es_ES","og_type":"article","og_title":"JAVIER MILEI QUIERE QUE ARGENTINA ENV\u00cdE AYUDA MILITAR A UCRANIA: \"LO EST\u00c1 DISCUTIENDO LUIS PETRI\" - Apuntes de San Luis","og_description":"El Presidente argentino viajar\u00e1 a Europa en junio y planea reunirse con su par ucraniano....","og_url":"https:\/\/apuntesdesanluis.com\/index.php\/2024\/04\/09\/javier-milei-quiere-que-argentina-envie-ayuda-militar-a-ucrania-lo-esta-discutiendo-luis-petri\/","og_site_name":"Apuntes de San Luis","article_published_time":"2024-04-09T20:05:47+00:00","og_image":[{"width":600,"height":365,"url":"https:\/\/apuntesdesanluis.com\/wp-content\/uploads\/2024\/04\/MILEI-1.png","type":"image\/png"}],"author":"apuntesdesanluis.com","twitter_card":"summary_large_image","twitter_misc":{"Escrito por":"apuntesdesanluis.com","Tiempo de lectura":"4 minutos"},"schema":{"@context":"https:\/\/schema.org","@graph":[{"@type":"Article","@id":"https:\/\/apuntesdesanluis.com\/index.php\/2024\/04\/09\/javier-milei-quiere-que-argentina-envie-ayuda-militar-a-ucrania-lo-esta-discutiendo-luis-petri\/#article","isPartOf":{"@id":"https:\/\/apuntesdesanluis.com\/index.php\/2024\/04\/09\/javier-milei-quiere-que-argentina-envie-ayuda-militar-a-ucrania-lo-esta-discutiendo-luis-petri\/"},"author":{"name":"apuntesdesanluis.com","@id":"https:\/\/apuntesdesanluis.com\/#\/schema\/person\/b55151d52296fcce64d1a72538a70b90"},"headline":"JAVIER MILEI QUIERE QUE ARGENTINA ENV\u00cdE AYUDA MILITAR A UCRANIA: &#8220;LO EST\u00c1 DISCUTIENDO LUIS PETRI&#8221;","datePublished":"2024-04-09T20:05:47+00:00","mainEntityOfPage":{"@id":"https:\/\/apuntesdesanluis.com\/index.php\/2024\/04\/09\/javier-milei-quiere-que-argentina-envie-ayuda-militar-a-ucrania-lo-esta-discutiendo-luis-petri\/"},"wordCount":711,"publisher":{"@id":"https:\/\/apuntesdesanluis.com\/#\/schema\/person\/b55151d52296fcce64d1a72538a70b90"},"image":{"@id":"https:\/\/apuntesdesanluis.com\/index.php\/2024\/04\/09\/javier-milei-quiere-que-argentina-envie-ayuda-militar-a-ucrania-lo-esta-discutiendo-luis-petri\/#primaryimage"},"thumbnailUrl":"https:\/\/apuntesdesanluis.com\/wp-content\/uploads\/2024\/04\/MILEI-1.png","articleSection":["Nacionales\/Internacionales"],"inLanguage":"es-AR"},{"@type":"WebPage","@id":"https:\/\/apuntesdesanluis.com\/index.php\/2024\/04\/09\/javier-milei-quiere-que-argentina-envie-ayuda-militar-a-ucrania-lo-esta-discutiendo-luis-petri\/","url":"https:\/\/apuntesdesanluis.com\/index.php\/2024\/04\/09\/javier-milei-quiere-que-argentina-envie-ayuda-militar-a-ucrania-lo-esta-discutiendo-luis-petri\/","name":"JAVIER MILEI QUIERE QUE ARGENTINA ENV\u00cdE AYUDA MILITAR A UCRANIA: \"LO EST\u00c1 DISCUTIENDO LUIS PETRI\" - Apuntes de San Luis","isPartOf":{"@id":"https:\/\/apuntesdesanluis.com\/#website"},"primaryImageOfPage":{"@id":"https:\/\/apuntesdesanluis.com\/index.php\/2024\/04\/09\/javier-milei-quiere-que-argentina-envie-ayuda-militar-a-ucrania-lo-esta-discutiendo-luis-petri\/#primaryimage"},"image":{"@id":"https:\/\/apuntesdesanluis.com\/index.php\/2024\/04\/09\/javier-milei-quiere-que-argentina-envie-ayuda-militar-a-ucrania-lo-esta-discutiendo-luis-petri\/#primaryimage"},"thumbnailUrl":"https:\/\/apuntesdesanluis.com\/wp-content\/uploads\/2024\/04\/MILEI-1.png","datePublished":"2024-04-09T20:05:47+00:00","breadcrumb":{"@id":"https:\/\/apuntesdesanluis.com\/index.php\/2024\/04\/09\/javier-milei-quiere-que-argentina-envie-ayuda-militar-a-ucrania-lo-esta-discutiendo-luis-petri\/#breadcrumb"},"inLanguage":"es-AR","potentialAction":[{"@type":"ReadAction","target":["https:\/\/apuntesdesanluis.com\/index.php\/2024\/04\/09\/javier-milei-quiere-que-argentina-envie-ayuda-militar-a-ucrania-lo-esta-discutiendo-luis-petri\/"]}]},{"@type":"ImageObject","inLanguage":"es-AR","@id":"https:\/\/apuntesdesanluis.com\/index.php\/2024\/04\/09\/javier-milei-quiere-que-argentina-envie-ayuda-militar-a-ucrania-lo-esta-discutiendo-luis-petri\/#primaryimage","url":"https:\/\/apuntesdesanluis.com\/wp-content\/uploads\/2024\/04\/MILEI-1.png","contentUrl":"https:\/\/apuntesdesanluis.com\/wp-content\/uploads\/2024\/04\/MILEI-1.png","width":600,"height":365},{"@type":"BreadcrumbList","@id":"https:\/\/apuntesdesanluis.com\/index.php\/2024\/04\/09\/javier-milei-quiere-que-argentina-envie-ayuda-militar-a-ucrania-lo-esta-discutiendo-luis-petri\/#breadcrumb","itemListElement":[{"@type":"ListItem","position":1,"name":"Inicio","item":"https:\/\/apuntesdesanluis.com\/"},{"@type":"ListItem","position":2,"name":"JAVIER MILEI QUIERE QUE ARGENTINA ENV\u00cdE AYUDA MILITAR A UCRANIA: &#8220;LO EST\u00c1 DISCUTIENDO LUIS PETRI&#8221;"}]},{"@type":"WebSite","@id":"https:\/\/apuntesdesanluis.com\/#website","url":"https:\/\/apuntesdesanluis.com\/","name":"Apuntes de San Luis","description":"","publisher":{"@id":"https:\/\/apuntesdesanluis.com\/#\/schema\/person\/b55151d52296fcce64d1a72538a70b90"},"potentialAction":[{"@type":"SearchAction","target":{"@type":"EntryPoint","urlTemplate":"https:\/\/apuntesdesanluis.com\/?s={search_term_string}"},"query-input":{"@type":"PropertyValueSpecification","valueRequired":true,"valueName":"search_term_string"}}],"inLanguage":"es-AR"},{"@type":["Person","Organization"],"@id":"https:\/\/apuntesdesanluis.com\/#\/schema\/person\/b55151d52296fcce64d1a72538a70b90","name":"apuntesdesanluis.com","image":{"@type":"ImageObject","inLanguage":"es-AR","@id":"https:\/\/apuntesdesanluis.com\/#\/schema\/person\/image\/","url":"https:\/\/apuntesdesanluis.com\/wp-content\/uploads\/2023\/07\/cropped-apuntesdesanluis.png","contentUrl":"https:\/\/apuntesdesanluis.com\/wp-content\/uploads\/2023\/07\/cropped-apuntesdesanluis.png","width":450,"height":112,"caption":"apuntesdesanluis.com"},"logo":{"@id":"https:\/\/apuntesdesanluis.com\/#\/schema\/person\/image\/"},"sameAs":["https:\/\/apuntesdesanluis.com"],"url":"https:\/\/apuntesdesanluis.com\/index.php\/author\/apuntesdesanluis-com\/"}]}},"featured_image_urls":{"full":["https:\/\/apuntesdesanluis.com\/wp-content\/uploads\/2024\/04\/MILEI-1.png",600,365,false],"thumbnail":["https:\/\/apuntesdesanluis.com\/wp-content\/uploads\/2024\/04\/MILEI-1-150x150.png",150,150,true],"medium":["https:\/\/apuntesdesanluis.com\/wp-content\/uploads\/2024\/04\/MILEI-1-300x183.png",300,183,true],"medium_large":["https:\/\/apuntesdesanluis.com\/wp-content\/uploads\/2024\/04\/MILEI-1.png",600,365,false],"large":["https:\/\/apuntesdesanluis.com\/wp-content\/uploads\/2024\/04\/MILEI-1.png",600,365,false],"1536x1536":["https:\/\/apuntesdesanluis.com\/wp-content\/uploads\/2024\/04\/MILEI-1.png",600,365,false],"2048x2048":["https:\/\/apuntesdesanluis.com\/wp-content\/uploads\/2024\/04\/MILEI-1.png",600,365,false],"newsever-slider-full":["https:\/\/apuntesdesanluis.com\/wp-content\/uploads\/2024\/04\/MILEI-1.png",600,365,false],"newsever-featured":["https:\/\/apuntesdesanluis.com\/wp-content\/uploads\/2024\/04\/MILEI-1.png",600,365,false],"newsever-medium":["https:\/\/apuntesdesanluis.com\/wp-content\/uploads\/2024\/04\/MILEI-1.png",600,365,false]},"author_info":{"display_name":"apuntesdesanluis.com","author_link":"https:\/\/apuntesdesanluis.com\/index.php\/author\/apuntesdesanluis-com\/"},"category_info":"<a href=\"https:\/\/apuntesdesanluis.com\/index.php\/category\/nacionales-internacionales\/\" rel=\"category tag\">Nacionales\/Internacionales<\/a>","tag_info":"Nacionales\/Internacionales","comment_count":"0","_links":{"self":[{"href":"https:\/\/apuntesdesanluis.com\/index.php\/wp-json\/wp\/v2\/posts\/14435","targetHints":{"allow":["GET"]}}],"collection":[{"href":"https:\/\/apuntesdesanluis.com\/index.php\/wp-json\/wp\/v2\/posts"}],"about":[{"href":"https:\/\/apuntesdesanluis.com\/index.php\/wp-json\/wp\/v2\/types\/post"}],"author":[{"embeddable":true,"href":"https:\/\/apuntesdesanluis.com\/index.php\/wp-json\/wp\/v2\/users\/1"}],"replies":[{"embeddable":true,"href":"https:\/\/apuntesdesanluis.com\/index.php\/wp-json\/wp\/v2\/comments?post=14435"}],"version-history":[{"count":2,"href":"https:\/\/apuntesdesanluis.com\/index.php\/wp-json\/wp\/v2\/posts\/14435\/revisions"}],"predecessor-version":[{"id":14438,"href":"https:\/\/apuntesdesanluis.com\/index.php\/wp-json\/wp\/v2\/posts\/14435\/revisions\/14438"}],"wp:featuredmedia":[{"embeddable":true,"href":"https:\/\/apuntesdesanluis.com\/index.php\/wp-json\/wp\/v2\/media\/14436"}],"wp:attachment":[{"href":"https:\/\/apuntesdesanluis.com\/index.php\/wp-json\/wp\/v2\/media?parent=14435"}],"wp:term":[{"taxonomy":"category","embeddable":true,"href":"https:\/\/apuntesdesanluis.com\/index.php\/wp-json\/wp\/v2\/categories?post=14435"},{"taxonomy":"post_tag","embeddable":true,"href":"https:\/\/apuntesdesanluis.com\/index.php\/wp-json\/wp\/v2\/tags?post=14435"}],"curies":[{"name":"wp","href":"https:\/\/api.w.org\/{rel}","templated":true}]}}