{"id":14439,"date":"2024-04-09T18:11:12","date_gmt":"2024-04-09T21:11:12","guid":{"rendered":"https:\/\/apuntesdesanluis.com\/?p=14439"},"modified":"2024-04-09T13:13:29","modified_gmt":"2024-04-09T16:13:29","slug":"a-menos-de-un-ano-de-su-inauguracion-debieron-clausurar-parte-del-edificio-de-la-upro-en-quines","status":"publish","type":"post","link":"https:\/\/apuntesdesanluis.com\/index.php\/2024\/04\/09\/a-menos-de-un-ano-de-su-inauguracion-debieron-clausurar-parte-del-edificio-de-la-upro-en-quines\/","title":{"rendered":"A MENOS DE UN A\u00d1O DE SU INAUGURACI\u00d3N, DEBIERON CLAUSURAR PARTE DEL EDIFICIO DE LA UPRO EN QUINES"},"content":{"rendered":"<h3>En algunos sectores el techo cedi\u00f3 unos 30 cent\u00edmetros. El rector Rudy C\u00e1mera mud\u00f3 el dictado de parte de los talleres a una escuela y llev\u00f3 tranquilidad a los alumnos.<\/h3>\n<h3>El 17 de abril del a\u00f1o pasado, la gesti\u00f3n de gobierno anterior inaugur\u00f3 el edificio de la Universidad Provincial de Oficios (UPrO) en Quines y, antes de cumplir su primer aniversario, parte de las instalaciones debieron ser clausuradas por fallas edilicias serias. El rector <strong>Rudy C\u00e1mera<\/strong> llev\u00f3 tranquilidad a los alumnos de los distintos talleres, ya que pudieron mudar el dictado de clases a la Escuela T\u00e9cnica N\u00ba31 \u2018Profesor V\u00edctor Sa\u00e1\u2019.<\/h3>\n<h3>En conferencia de prensa, C\u00e1mera celebr\u00f3 que las clases de la UPrO comenzaron con normalidad en toda la provincia, con toda la oferta acad\u00e9mica y los turnos habilitados. \u201cHoy estamos brindando los turnos ma\u00f1ana, tarde y noche dependiendo de cada localidad y de la cantidad de inscriptos que hemos tenido en cada una de las 39 carreras y cursos que se est\u00e1n dictando en toda la provincia, en las 11 sedes que tiene la UPrO\u201d, coment\u00f3 el funcionario.<\/h3>\n<h3>\u201cTambi\u00e9n queremos informar que en este inicio de clases hemos tenido algunos problemas, por ejemplo, en la sede de Quines, donde hemos tenido una clausura preventiva de parte del edificio. Es una obra que todav\u00eda no tiene ni siquiera un a\u00f1o de haber sido hecha, pero ya el techo ha cedido casi 30 cent\u00edmetros de la altura correspondiente, y la estructura va a tener que ser sometida a alg\u00fan apuntalamiento para poder tener un edificio seguro\u201d, lament\u00f3, y agradeci\u00f3 a las autoridades del colegio \u2018Profesor V\u00edctor Sa\u00e1\u2019 por abrirles sus puertas.<\/h3>\n<h3>\u201cQueremos transmitirle a toda la comunidad de Quines que no se va a desactivar la UPrO, porque hemos tenido muchas preguntas tras la clausura preventiva. S\u00ed vamos a tomar carta en el asunto para poder subsanar los problemas edilicios y de infraestructura que tiene la sede\u201d, confi\u00f3, y explic\u00f3 que parte de los cursos a\u00fan se dictan all\u00ed, pero en dependencias que tienen techo de losa.<\/h3>\n<p><iframe title=\"Rudy C\u00e1mera, rector de la UPrO\" width=\"640\" height=\"360\" src=\"https:\/\/www.youtube.com\/embed\/IHPeIzkyQlE?feature=oembed\" frameborder=\"0\" allow=\"accelerometer; autoplay; clipboard-write; encrypted-media; gyroscope; picture-in-picture; web-share\" referrerpolicy=\"strict-origin-when-cross-origin\" allowfullscreen><\/iframe><\/p>\n<h3><strong>BUENAS NOTICIAS<\/strong><\/h3>\n<h3>El rector de la UPrO tambi\u00e9n inform\u00f3 que en las pr\u00f3ximas semanas van a dar a conocer el cronograma de los cursos nivelatorios y que los interesados en cursar algunas de las carreras puedan inscribirse a mitad del cuatrimestre.<\/h3>\n<h3>Tambi\u00e9n celebr\u00f3 que dos docentes de la instituci\u00f3n fueron seleccionados y becados por la embajada de Taiw\u00e1n para viajar a ese pa\u00eds y perfeccionarse en modelado 3D. Emprender\u00e1n viaje este s\u00e1bado por un mes, hasta el 17 de mayo, para cursar 140 horas de especializaci\u00f3n que luego volcar\u00e1n en sus clases. \u201cNos sentimos muy orgullosos porque a la Provincia no le implica ning\u00fan tipo de costo esta beca y, gustosamente, los docentes van a ser formados para que despu\u00e9s puedan seguir dando clases en la universidad\u201d, cerr\u00f3 C\u00e1mera.<\/h3>\n<p>&nbsp;<\/p>\n<p>&nbsp;<\/p>\n<p>&nbsp;<\/p>\n","protected":false},"excerpt":{"rendered":"<p>En algunos sectores el techo cedi\u00f3 unos 30 cent\u00edmetros. El rector Rudy C\u00e1mera mud\u00f3 el&#8230;<\/p>\n","protected":false},"author":1,"featured_media":14440,"comment_status":"closed","ping_status":"closed","sticky":false,"template":"","format":"standard","meta":{"footnotes":""},"categories":[6],"tags":[],"class_list":["post-14439","post","type-post","status-publish","format-standard","has-post-thumbnail","hentry","category-ciudad-provincia"],"yoast_head":"<!-- This site is optimized with the Yoast SEO plugin v26.1.1 - https:\/\/yoast.com\/wordpress\/plugins\/seo\/ -->\n<title>A MENOS DE UN A\u00d1O DE SU INAUGURACI\u00d3N, DEBIERON CLAUSURAR PARTE DEL EDIFICIO DE LA UPRO EN QUINES - Apuntes de San Luis<\/title>\n<meta name=\"robots\" content=\"index, follow, max-snippet:-1, max-image-preview:large, max-video-preview:-1\" \/>\n<link rel=\"canonical\" href=\"https:\/\/apuntesdesanluis.com\/index.php\/2024\/04\/09\/a-menos-de-un-ano-de-su-inauguracion-debieron-clausurar-parte-del-edificio-de-la-upro-en-quines\/\" \/>\n<meta property=\"og:locale\" content=\"es_ES\" \/>\n<meta property=\"og:type\" content=\"article\" \/>\n<meta property=\"og:title\" content=\"A MENOS DE UN A\u00d1O DE SU INAUGURACI\u00d3N, DEBIERON CLAUSURAR PARTE DEL EDIFICIO DE LA UPRO EN QUINES - Apuntes de San Luis\" \/>\n<meta property=\"og:description\" content=\"En algunos sectores el techo cedi\u00f3 unos 30 cent\u00edmetros. El rector Rudy C\u00e1mera mud\u00f3 el...\" \/>\n<meta property=\"og:url\" content=\"https:\/\/apuntesdesanluis.com\/index.php\/2024\/04\/09\/a-menos-de-un-ano-de-su-inauguracion-debieron-clausurar-parte-del-edificio-de-la-upro-en-quines\/\" \/>\n<meta property=\"og:site_name\" content=\"Apuntes de San Luis\" \/>\n<meta property=\"article:published_time\" content=\"2024-04-09T21:11:12+00:00\" \/>\n<meta property=\"og:image\" content=\"https:\/\/apuntesdesanluis.com\/wp-content\/uploads\/2024\/04\/UPRO-QUINES.png\" \/>\n\t<meta property=\"og:image:width\" content=\"465\" \/>\n\t<meta property=\"og:image:height\" content=\"240\" \/>\n\t<meta property=\"og:image:type\" content=\"image\/png\" \/>\n<meta name=\"author\" content=\"apuntesdesanluis.com\" \/>\n<meta name=\"twitter:card\" content=\"summary_large_image\" \/>\n<meta name=\"twitter:label1\" content=\"Escrito por\" \/>\n\t<meta name=\"twitter:data1\" content=\"apuntesdesanluis.com\" \/>\n\t<meta name=\"twitter:label2\" content=\"Tiempo de lectura\" \/>\n\t<meta name=\"twitter:data2\" content=\"3 minutos\" \/>\n<script type=\"application\/ld+json\" class=\"yoast-schema-graph\">{\"@context\":\"https:\/\/schema.org\",\"@graph\":[{\"@type\":\"Article\",\"@id\":\"https:\/\/apuntesdesanluis.com\/index.php\/2024\/04\/09\/a-menos-de-un-ano-de-su-inauguracion-debieron-clausurar-parte-del-edificio-de-la-upro-en-quines\/#article\",\"isPartOf\":{\"@id\":\"https:\/\/apuntesdesanluis.com\/index.php\/2024\/04\/09\/a-menos-de-un-ano-de-su-inauguracion-debieron-clausurar-parte-del-edificio-de-la-upro-en-quines\/\"},\"author\":{\"name\":\"apuntesdesanluis.com\",\"@id\":\"https:\/\/apuntesdesanluis.com\/#\/schema\/person\/b55151d52296fcce64d1a72538a70b90\"},\"headline\":\"A MENOS DE UN A\u00d1O DE SU INAUGURACI\u00d3N, DEBIERON CLAUSURAR PARTE DEL EDIFICIO DE LA UPRO EN QUINES\",\"datePublished\":\"2024-04-09T21:11:12+00:00\",\"mainEntityOfPage\":{\"@id\":\"https:\/\/apuntesdesanluis.com\/index.php\/2024\/04\/09\/a-menos-de-un-ano-de-su-inauguracion-debieron-clausurar-parte-del-edificio-de-la-upro-en-quines\/\"},\"wordCount\":518,\"publisher\":{\"@id\":\"https:\/\/apuntesdesanluis.com\/#\/schema\/person\/b55151d52296fcce64d1a72538a70b90\"},\"image\":{\"@id\":\"https:\/\/apuntesdesanluis.com\/index.php\/2024\/04\/09\/a-menos-de-un-ano-de-su-inauguracion-debieron-clausurar-parte-del-edificio-de-la-upro-en-quines\/#primaryimage\"},\"thumbnailUrl\":\"https:\/\/apuntesdesanluis.com\/wp-content\/uploads\/2024\/04\/UPRO-QUINES.png\",\"articleSection\":[\"Ciudad\/Provincia\"],\"inLanguage\":\"es-AR\"},{\"@type\":\"WebPage\",\"@id\":\"https:\/\/apuntesdesanluis.com\/index.php\/2024\/04\/09\/a-menos-de-un-ano-de-su-inauguracion-debieron-clausurar-parte-del-edificio-de-la-upro-en-quines\/\",\"url\":\"https:\/\/apuntesdesanluis.com\/index.php\/2024\/04\/09\/a-menos-de-un-ano-de-su-inauguracion-debieron-clausurar-parte-del-edificio-de-la-upro-en-quines\/\",\"name\":\"A MENOS DE UN A\u00d1O DE SU INAUGURACI\u00d3N, DEBIERON CLAUSURAR PARTE DEL EDIFICIO DE LA UPRO EN QUINES - Apuntes de San Luis\",\"isPartOf\":{\"@id\":\"https:\/\/apuntesdesanluis.com\/#website\"},\"primaryImageOfPage\":{\"@id\":\"https:\/\/apuntesdesanluis.com\/index.php\/2024\/04\/09\/a-menos-de-un-ano-de-su-inauguracion-debieron-clausurar-parte-del-edificio-de-la-upro-en-quines\/#primaryimage\"},\"image\":{\"@id\":\"https:\/\/apuntesdesanluis.com\/index.php\/2024\/04\/09\/a-menos-de-un-ano-de-su-inauguracion-debieron-clausurar-parte-del-edificio-de-la-upro-en-quines\/#primaryimage\"},\"thumbnailUrl\":\"https:\/\/apuntesdesanluis.com\/wp-content\/uploads\/2024\/04\/UPRO-QUINES.png\",\"datePublished\":\"2024-04-09T21:11:12+00:00\",\"breadcrumb\":{\"@id\":\"https:\/\/apuntesdesanluis.com\/index.php\/2024\/04\/09\/a-menos-de-un-ano-de-su-inauguracion-debieron-clausurar-parte-del-edificio-de-la-upro-en-quines\/#breadcrumb\"},\"inLanguage\":\"es-AR\",\"potentialAction\":[{\"@type\":\"ReadAction\",\"target\":[\"https:\/\/apuntesdesanluis.com\/index.php\/2024\/04\/09\/a-menos-de-un-ano-de-su-inauguracion-debieron-clausurar-parte-del-edificio-de-la-upro-en-quines\/\"]}]},{\"@type\":\"ImageObject\",\"inLanguage\":\"es-AR\",\"@id\":\"https:\/\/apuntesdesanluis.com\/index.php\/2024\/04\/09\/a-menos-de-un-ano-de-su-inauguracion-debieron-clausurar-parte-del-edificio-de-la-upro-en-quines\/#primaryimage\",\"url\":\"https:\/\/apuntesdesanluis.com\/wp-content\/uploads\/2024\/04\/UPRO-QUINES.png\",\"contentUrl\":\"https:\/\/apuntesdesanluis.com\/wp-content\/uploads\/2024\/04\/UPRO-QUINES.png\",\"width\":465,\"height\":240},{\"@type\":\"BreadcrumbList\",\"@id\":\"https:\/\/apuntesdesanluis.com\/index.php\/2024\/04\/09\/a-menos-de-un-ano-de-su-inauguracion-debieron-clausurar-parte-del-edificio-de-la-upro-en-quines\/#breadcrumb\",\"itemListElement\":[{\"@type\":\"ListItem\",\"position\":1,\"name\":\"Inicio\",\"item\":\"https:\/\/apuntesdesanluis.com\/\"},{\"@type\":\"ListItem\",\"position\":2,\"name\":\"A MENOS DE UN A\u00d1O DE SU INAUGURACI\u00d3N, DEBIERON CLAUSURAR PARTE DEL EDIFICIO DE LA UPRO EN QUINES\"}]},{\"@type\":\"WebSite\",\"@id\":\"https:\/\/apuntesdesanluis.com\/#website\",\"url\":\"https:\/\/apuntesdesanluis.com\/\",\"name\":\"Apuntes de San Luis\",\"description\":\"\",\"publisher\":{\"@id\":\"https:\/\/apuntesdesanluis.com\/#\/schema\/person\/b55151d52296fcce64d1a72538a70b90\"},\"potentialAction\":[{\"@type\":\"SearchAction\",\"target\":{\"@type\":\"EntryPoint\",\"urlTemplate\":\"https:\/\/apuntesdesanluis.com\/?s={search_term_string}\"},\"query-input\":{\"@type\":\"PropertyValueSpecification\",\"valueRequired\":true,\"valueName\":\"search_term_string\"}}],\"inLanguage\":\"es-AR\"},{\"@type\":[\"Person\",\"Organization\"],\"@id\":\"https:\/\/apuntesdesanluis.com\/#\/schema\/person\/b55151d52296fcce64d1a72538a70b90\",\"name\":\"apuntesdesanluis.com\",\"image\":{\"@type\":\"ImageObject\",\"inLanguage\":\"es-AR\",\"@id\":\"https:\/\/apuntesdesanluis.com\/#\/schema\/person\/image\/\",\"url\":\"https:\/\/apuntesdesanluis.com\/wp-content\/uploads\/2023\/07\/cropped-apuntesdesanluis.png\",\"contentUrl\":\"https:\/\/apuntesdesanluis.com\/wp-content\/uploads\/2023\/07\/cropped-apuntesdesanluis.png\",\"width\":450,\"height\":112,\"caption\":\"apuntesdesanluis.com\"},\"logo\":{\"@id\":\"https:\/\/apuntesdesanluis.com\/#\/schema\/person\/image\/\"},\"sameAs\":[\"https:\/\/apuntesdesanluis.com\"],\"url\":\"https:\/\/apuntesdesanluis.com\/index.php\/author\/apuntesdesanluis-com\/\"}]}<\/script>\n<!-- \/ Yoast SEO plugin. -->","yoast_head_json":{"title":"A MENOS DE UN A\u00d1O DE SU INAUGURACI\u00d3N, DEBIERON CLAUSURAR PARTE DEL EDIFICIO DE LA UPRO EN QUINES - Apuntes de San Luis","robots":{"index":"index","follow":"follow","max-snippet":"max-snippet:-1","max-image-preview":"max-image-preview:large","max-video-preview":"max-video-preview:-1"},"canonical":"https:\/\/apuntesdesanluis.com\/index.php\/2024\/04\/09\/a-menos-de-un-ano-de-su-inauguracion-debieron-clausurar-parte-del-edificio-de-la-upro-en-quines\/","og_locale":"es_ES","og_type":"article","og_title":"A MENOS DE UN A\u00d1O DE SU INAUGURACI\u00d3N, DEBIERON CLAUSURAR PARTE DEL EDIFICIO DE LA UPRO EN QUINES - Apuntes de San Luis","og_description":"En algunos sectores el techo cedi\u00f3 unos 30 cent\u00edmetros. El rector Rudy C\u00e1mera mud\u00f3 el...","og_url":"https:\/\/apuntesdesanluis.com\/index.php\/2024\/04\/09\/a-menos-de-un-ano-de-su-inauguracion-debieron-clausurar-parte-del-edificio-de-la-upro-en-quines\/","og_site_name":"Apuntes de San Luis","article_published_time":"2024-04-09T21:11:12+00:00","og_image":[{"width":465,"height":240,"url":"https:\/\/apuntesdesanluis.com\/wp-content\/uploads\/2024\/04\/UPRO-QUINES.png","type":"image\/png"}],"author":"apuntesdesanluis.com","twitter_card":"summary_large_image","twitter_misc":{"Escrito por":"apuntesdesanluis.com","Tiempo de lectura":"3 minutos"},"schema":{"@context":"https:\/\/schema.org","@graph":[{"@type":"Article","@id":"https:\/\/apuntesdesanluis.com\/index.php\/2024\/04\/09\/a-menos-de-un-ano-de-su-inauguracion-debieron-clausurar-parte-del-edificio-de-la-upro-en-quines\/#article","isPartOf":{"@id":"https:\/\/apuntesdesanluis.com\/index.php\/2024\/04\/09\/a-menos-de-un-ano-de-su-inauguracion-debieron-clausurar-parte-del-edificio-de-la-upro-en-quines\/"},"author":{"name":"apuntesdesanluis.com","@id":"https:\/\/apuntesdesanluis.com\/#\/schema\/person\/b55151d52296fcce64d1a72538a70b90"},"headline":"A MENOS DE UN A\u00d1O DE SU INAUGURACI\u00d3N, DEBIERON CLAUSURAR PARTE DEL EDIFICIO DE LA UPRO EN QUINES","datePublished":"2024-04-09T21:11:12+00:00","mainEntityOfPage":{"@id":"https:\/\/apuntesdesanluis.com\/index.php\/2024\/04\/09\/a-menos-de-un-ano-de-su-inauguracion-debieron-clausurar-parte-del-edificio-de-la-upro-en-quines\/"},"wordCount":518,"publisher":{"@id":"https:\/\/apuntesdesanluis.com\/#\/schema\/person\/b55151d52296fcce64d1a72538a70b90"},"image":{"@id":"https:\/\/apuntesdesanluis.com\/index.php\/2024\/04\/09\/a-menos-de-un-ano-de-su-inauguracion-debieron-clausurar-parte-del-edificio-de-la-upro-en-quines\/#primaryimage"},"thumbnailUrl":"https:\/\/apuntesdesanluis.com\/wp-content\/uploads\/2024\/04\/UPRO-QUINES.png","articleSection":["Ciudad\/Provincia"],"inLanguage":"es-AR"},{"@type":"WebPage","@id":"https:\/\/apuntesdesanluis.com\/index.php\/2024\/04\/09\/a-menos-de-un-ano-de-su-inauguracion-debieron-clausurar-parte-del-edificio-de-la-upro-en-quines\/","url":"https:\/\/apuntesdesanluis.com\/index.php\/2024\/04\/09\/a-menos-de-un-ano-de-su-inauguracion-debieron-clausurar-parte-del-edificio-de-la-upro-en-quines\/","name":"A MENOS DE UN A\u00d1O DE SU INAUGURACI\u00d3N, DEBIERON CLAUSURAR PARTE DEL EDIFICIO DE LA UPRO EN QUINES - Apuntes de San Luis","isPartOf":{"@id":"https:\/\/apuntesdesanluis.com\/#website"},"primaryImageOfPage":{"@id":"https:\/\/apuntesdesanluis.com\/index.php\/2024\/04\/09\/a-menos-de-un-ano-de-su-inauguracion-debieron-clausurar-parte-del-edificio-de-la-upro-en-quines\/#primaryimage"},"image":{"@id":"https:\/\/apuntesdesanluis.com\/index.php\/2024\/04\/09\/a-menos-de-un-ano-de-su-inauguracion-debieron-clausurar-parte-del-edificio-de-la-upro-en-quines\/#primaryimage"},"thumbnailUrl":"https:\/\/apuntesdesanluis.com\/wp-content\/uploads\/2024\/04\/UPRO-QUINES.png","datePublished":"2024-04-09T21:11:12+00:00","breadcrumb":{"@id":"https:\/\/apuntesdesanluis.com\/index.php\/2024\/04\/09\/a-menos-de-un-ano-de-su-inauguracion-debieron-clausurar-parte-del-edificio-de-la-upro-en-quines\/#breadcrumb"},"inLanguage":"es-AR","potentialAction":[{"@type":"ReadAction","target":["https:\/\/apuntesdesanluis.com\/index.php\/2024\/04\/09\/a-menos-de-un-ano-de-su-inauguracion-debieron-clausurar-parte-del-edificio-de-la-upro-en-quines\/"]}]},{"@type":"ImageObject","inLanguage":"es-AR","@id":"https:\/\/apuntesdesanluis.com\/index.php\/2024\/04\/09\/a-menos-de-un-ano-de-su-inauguracion-debieron-clausurar-parte-del-edificio-de-la-upro-en-quines\/#primaryimage","url":"https:\/\/apuntesdesanluis.com\/wp-content\/uploads\/2024\/04\/UPRO-QUINES.png","contentUrl":"https:\/\/apuntesdesanluis.com\/wp-content\/uploads\/2024\/04\/UPRO-QUINES.png","width":465,"height":240},{"@type":"BreadcrumbList","@id":"https:\/\/apuntesdesanluis.com\/index.php\/2024\/04\/09\/a-menos-de-un-ano-de-su-inauguracion-debieron-clausurar-parte-del-edificio-de-la-upro-en-quines\/#breadcrumb","itemListElement":[{"@type":"ListItem","position":1,"name":"Inicio","item":"https:\/\/apuntesdesanluis.com\/"},{"@type":"ListItem","position":2,"name":"A MENOS DE UN A\u00d1O DE SU INAUGURACI\u00d3N, DEBIERON CLAUSURAR PARTE DEL EDIFICIO DE LA UPRO EN QUINES"}]},{"@type":"WebSite","@id":"https:\/\/apuntesdesanluis.com\/#website","url":"https:\/\/apuntesdesanluis.com\/","name":"Apuntes de San Luis","description":"","publisher":{"@id":"https:\/\/apuntesdesanluis.com\/#\/schema\/person\/b55151d52296fcce64d1a72538a70b90"},"potentialAction":[{"@type":"SearchAction","target":{"@type":"EntryPoint","urlTemplate":"https:\/\/apuntesdesanluis.com\/?s={search_term_string}"},"query-input":{"@type":"PropertyValueSpecification","valueRequired":true,"valueName":"search_term_string"}}],"inLanguage":"es-AR"},{"@type":["Person","Organization"],"@id":"https:\/\/apuntesdesanluis.com\/#\/schema\/person\/b55151d52296fcce64d1a72538a70b90","name":"apuntesdesanluis.com","image":{"@type":"ImageObject","inLanguage":"es-AR","@id":"https:\/\/apuntesdesanluis.com\/#\/schema\/person\/image\/","url":"https:\/\/apuntesdesanluis.com\/wp-content\/uploads\/2023\/07\/cropped-apuntesdesanluis.png","contentUrl":"https:\/\/apuntesdesanluis.com\/wp-content\/uploads\/2023\/07\/cropped-apuntesdesanluis.png","width":450,"height":112,"caption":"apuntesdesanluis.com"},"logo":{"@id":"https:\/\/apuntesdesanluis.com\/#\/schema\/person\/image\/"},"sameAs":["https:\/\/apuntesdesanluis.com"],"url":"https:\/\/apuntesdesanluis.com\/index.php\/author\/apuntesdesanluis-com\/"}]}},"featured_image_urls":{"full":["https:\/\/apuntesdesanluis.com\/wp-content\/uploads\/2024\/04\/UPRO-QUINES.png",465,240,false],"thumbnail":["https:\/\/apuntesdesanluis.com\/wp-content\/uploads\/2024\/04\/UPRO-QUINES-150x150.png",150,150,true],"medium":["https:\/\/apuntesdesanluis.com\/wp-content\/uploads\/2024\/04\/UPRO-QUINES-300x155.png",300,155,true],"medium_large":["https:\/\/apuntesdesanluis.com\/wp-content\/uploads\/2024\/04\/UPRO-QUINES.png",465,240,false],"large":["https:\/\/apuntesdesanluis.com\/wp-content\/uploads\/2024\/04\/UPRO-QUINES.png",465,240,false],"1536x1536":["https:\/\/apuntesdesanluis.com\/wp-content\/uploads\/2024\/04\/UPRO-QUINES.png",465,240,false],"2048x2048":["https:\/\/apuntesdesanluis.com\/wp-content\/uploads\/2024\/04\/UPRO-QUINES.png",465,240,false],"newsever-slider-full":["https:\/\/apuntesdesanluis.com\/wp-content\/uploads\/2024\/04\/UPRO-QUINES.png",465,240,false],"newsever-featured":["https:\/\/apuntesdesanluis.com\/wp-content\/uploads\/2024\/04\/UPRO-QUINES.png",465,240,false],"newsever-medium":["https:\/\/apuntesdesanluis.com\/wp-content\/uploads\/2024\/04\/UPRO-QUINES.png",465,240,false]},"author_info":{"display_name":"apuntesdesanluis.com","author_link":"https:\/\/apuntesdesanluis.com\/index.php\/author\/apuntesdesanluis-com\/"},"category_info":"<a href=\"https:\/\/apuntesdesanluis.com\/index.php\/category\/ciudad-provincia\/\" rel=\"category tag\">Ciudad\/Provincia<\/a>","tag_info":"Ciudad\/Provincia","comment_count":"0","_links":{"self":[{"href":"https:\/\/apuntesdesanluis.com\/index.php\/wp-json\/wp\/v2\/posts\/14439","targetHints":{"allow":["GET"]}}],"collection":[{"href":"https:\/\/apuntesdesanluis.com\/index.php\/wp-json\/wp\/v2\/posts"}],"about":[{"href":"https:\/\/apuntesdesanluis.com\/index.php\/wp-json\/wp\/v2\/types\/post"}],"author":[{"embeddable":true,"href":"https:\/\/apuntesdesanluis.com\/index.php\/wp-json\/wp\/v2\/users\/1"}],"replies":[{"embeddable":true,"href":"https:\/\/apuntesdesanluis.com\/index.php\/wp-json\/wp\/v2\/comments?post=14439"}],"version-history":[{"count":1,"href":"https:\/\/apuntesdesanluis.com\/index.php\/wp-json\/wp\/v2\/posts\/14439\/revisions"}],"predecessor-version":[{"id":14441,"href":"https:\/\/apuntesdesanluis.com\/index.php\/wp-json\/wp\/v2\/posts\/14439\/revisions\/14441"}],"wp:featuredmedia":[{"embeddable":true,"href":"https:\/\/apuntesdesanluis.com\/index.php\/wp-json\/wp\/v2\/media\/14440"}],"wp:attachment":[{"href":"https:\/\/apuntesdesanluis.com\/index.php\/wp-json\/wp\/v2\/media?parent=14439"}],"wp:term":[{"taxonomy":"category","embeddable":true,"href":"https:\/\/apuntesdesanluis.com\/index.php\/wp-json\/wp\/v2\/categories?post=14439"},{"taxonomy":"post_tag","embeddable":true,"href":"https:\/\/apuntesdesanluis.com\/index.php\/wp-json\/wp\/v2\/tags?post=14439"}],"curies":[{"name":"wp","href":"https:\/\/api.w.org\/{rel}","templated":true}]}}