{"id":14449,"date":"2024-04-09T19:51:08","date_gmt":"2024-04-09T22:51:08","guid":{"rendered":"https:\/\/apuntesdesanluis.com\/?p=14449"},"modified":"2024-04-09T19:51:08","modified_gmt":"2024-04-09T22:51:08","slug":"el-gobierno-tendra-este-miercoles-la-primera-reunion-oficial-con-la-cgt","status":"publish","type":"post","link":"https:\/\/apuntesdesanluis.com\/index.php\/2024\/04\/09\/el-gobierno-tendra-este-miercoles-la-primera-reunion-oficial-con-la-cgt\/","title":{"rendered":"EL GOBIERNO TENDR\u00c1 ESTE MI\u00c9RCOLES LA PRIMERA REUNI\u00d3N OFICIAL CON LA CGT"},"content":{"rendered":"<h3>El ministro del Interior, <strong>Guillermo Francos<\/strong>, recibir\u00e1 este mi\u00e9rcoles a las 16, a una delegaci\u00f3n de la CGT en la Casa de Gobierno. Ser\u00e1 la primera reuni\u00f3n oficial entre ambas partes y el Gobierno intenta bajar las tensiones para desactivar el nuevo paro general de la central obrera, que ser\u00e1 debatido este jueves.<\/h3>\n<h3>El encuentro ser\u00e1 a \u201cagenda abierta\u201d, aseguran en ambas partes, aunque uno de los temas sobre los que m\u00e1s se avanz\u00f3 en encuentros reservados entre Francos y el sector dialoguista de la CGT es sobre el nuevo impulso a la reforma laboral de Javier Milei, que ahora podr\u00eda ser incluida en la Ley Bases, a partir de un proyecto de la UCR, pero sin dos de los puntos que m\u00e1s irritan al sindicalismo, como la limitaci\u00f3n de las cuotas solidarias y de la ultraactividad de los convenios colectivos.<\/h3>\n<h3>Al encuentro en la Casa Rosada ir\u00edan los cotitulares de la CGT H\u00e9ctor Daer (Sanidad) y Carlos Acu\u00f1a (estaciones de servicio), m\u00e1s el secretario adjunto, Andr\u00e9s Rodr\u00edguez (UPCN), y dirigentes como Gerardo Mart\u00ednez (UOCRA), Jos\u00e9 Luis Lingeri (Obras Sanitarias) y Jorge Sola (seguro) , aunque se descuenta que no concurrir\u00e1 Pablo Moyano (Camioneros), irreductible contra el Gobierno.<\/h3>\n<p><img fetchpriority=\"high\" decoding=\"async\" class=\"wp-image-7708 aligncenter\" src=\"https:\/\/apuntesdesanluis.com\/wp-content\/uploads\/2023\/11\/FRANCOS-300x167.png\" alt=\"\" width=\"663\" height=\"369\" srcset=\"https:\/\/apuntesdesanluis.com\/wp-content\/uploads\/2023\/11\/FRANCOS-300x167.png 300w, https:\/\/apuntesdesanluis.com\/wp-content\/uploads\/2023\/11\/FRANCOS.png 690w\" sizes=\"(max-width: 663px) 100vw, 663px\" \/><\/p>\n<h4 style=\"text-align: center;\"><em>Ministro del Interior Guillermo Francos.<\/em><\/h4>\n<h3>La sorpresiva convocatoria de Francos llega en el peor momento de la relaci\u00f3n entre el Gobierno y el sindicalismo, con tensiones en ascenso por la no homologaci\u00f3n de algunas paritarias, como la del Sindicato de Camioneros; los despidos en el Estado y la falta de acuerdo salarial de gremios clave como la Uni\u00f3n Obrera Metal\u00fargica (UOM) y la Uni\u00f3n Tranviarios Automotor (UTA), entre otros.<\/h3>\n<h3>Apenas Javier Milei gan\u00f3 el balotaje, Francos inici\u00f3 contactos secretos con el sector dialoguista de la CGT, que lideran \u201clos Gordos\u201d (Daer y Armando Cavalieri, de Comercio) y los independientes (Rodr\u00edguez Mart\u00ednez y Lingeri) para tratar de consensuar la reforma laboral que impulsaban los libertarios.<\/h3>\n<h3>En esas reuniones, el designado ministro del Interior les dio garant\u00edas a los l\u00edderes cegetistas de que los cambios laborales no pondr\u00edan en riesgo al poder sindical, pero cuando Milei dict\u00f3 el DNU 70 los dirigentes gremiales se sorprendieron porque inclu\u00eda art\u00edculos que afectaban sus intereses.<\/h3>\n<h3>Es que la \u00faltima revisi\u00f3n del DNU 70 estuvo a cargo del asesor gubernamental Federico Sturzenegger, que endureci\u00f3 su contenido con art\u00edculos que irritaron a la CGT. Despu\u00e9s de conocido el DNU, la central obrera impugn\u00f3 su cap\u00edtulo laboral ante la Justicia por considerarlo inconstitucional y se abri\u00f3 una etapa de fricciones con el Gobierno que incluy\u00f3 el paro con movilizaci\u00f3n del 24 de enero pasado y que este jueves, en una reuni\u00f3n de la conducci\u00f3n cegetista, podr\u00eda llevar a una huelga de 24 horas.<\/h3>\n<h3>El sector m\u00e1s combativo de la CGT impulsa un paro general antes de la movilizaci\u00f3n a la Plaza de Mayo proyectada para conmemorar el D\u00eda del Trabajador, el 1\u00b0 de mayo, pero la fracci\u00f3n dialoguista es partidaria de concretar una huelga reci\u00e9n despu\u00e9s de esa concentraci\u00f3n callejera para \u201cmedir la fuerza real\u201d del malestar de los trabajadores contra las pol\u00edticas dispuestas por el Gobierno.<\/h3>\n<p><img decoding=\"async\" class=\"wp-image-14451 aligncenter\" src=\"https:\/\/apuntesdesanluis.com\/wp-content\/uploads\/2024\/04\/JULIO-CORDERO-300x183.png\" alt=\"\" width=\"631\" height=\"385\" srcset=\"https:\/\/apuntesdesanluis.com\/wp-content\/uploads\/2024\/04\/JULIO-CORDERO-300x183.png 300w, https:\/\/apuntesdesanluis.com\/wp-content\/uploads\/2024\/04\/JULIO-CORDERO.png 582w\" sizes=\"(max-width: 631px) 100vw, 631px\" \/><\/p>\n<h4 style=\"text-align: center;\"><em>Secretario de Trabajo Julio Cordero.<\/em><\/h4>\n<h3>Ahora, Francos retom\u00f3 el di\u00e1logo reservado con una parte de la CGT en busca de desactivar el paro y, como contrapartida, en la mesa de negociaciones entr\u00f3 la propuesta del Gobierno de bajar dos art\u00edculos de la reforma laboral objetados por el sindicalismo en busca de lograr un mayor consenso pol\u00edtico para acelerar su aprobaci\u00f3n parlamentaria dentro de la Ley Bases.<\/h3>\n<h3>En realidad, la estrategia del oficialismo es avalar un proyecto de reforma laboral que elabora el bloque de diputados de la UCR, que contendr\u00eda todo o una parte del cap\u00edtulo laboral del DNU 70 que fren\u00f3 la Justicia. \u201cSi al Gobierno lo satisface, se integrar\u00eda a la Ley Bases\u201d, admiti\u00f3 una fuente del radicalismo. La iniciativa cuenta con el apoyo del PRO y Hacemos Coalici\u00f3n Federal, que, junto con la UCR, ser\u00e1n la llave para destrabar y avanzar con la agenda legislativa que le interesa al Presidente.<\/h3>\n<h3>Ahora, en los nuevos contactos entre el Gobierno y la CGT, revelados por el periodista Jorge Duarte, los negociadores libertarios se mostraron dispuestos a sacar de la Ley Bases los art\u00edculos de la reforma laboral que figuran en el DNU m\u00e1s resistidos por el sindicalismo. Uno es la limitaci\u00f3n de las cuotas solidarias, el recurso m\u00e1s eficaz para el financiamiento de los sindicatos a trav\u00e9s de los descuentos compulsivos de una suma pactada en los convenios colectivos de trabajo, que el Poder Ejecutivo propuso que deb\u00edan contar con el \u201cconsentimiento expl\u00edcito\u201d del trabajador para ser descontada.<\/h3>\n<h3>Otro punto del DNU que critica la CGT es el que diluye la ultraactividad de los convenios colectivos, principio que obliga a mantener su vigencia hasta no negociar uno nuevo, algo que los sindicalistas defienden a rajatabla como una forma de \u201cpreservar los derechos de los trabajadores\u201d y evitar una \u201cnegociaci\u00f3n a la baja\u201d. El decreto de Milei, frenado por la Justicia, contempla que \u201cuna convenci\u00f3n colectiva de trabajo cuyo t\u00e9rmino estuviere vencido solamente mantendr\u00e1 subsistentes las normas referidas a las condiciones de trabajo establecidas en virtud de ellas (cl\u00e1usulas normativas) y hasta tanto entre en vigencia una nueva convenci\u00f3n colectiva o exista un acuerdo de partes que la prorrogue\u201d. Y agrega: \u201cEl resto de las cl\u00e1usulas (obligacionales) podr\u00e1n mantener su vigencia s\u00f3lo por acuerdo de partes o por la espec\u00edfica pr\u00f3rroga dispuesta por el Poder Ejecutivo Nacional\u201d.<\/h3>\n<h3>\u00bfAlcanzar\u00e1 para que el Gobierno consiga un gui\u00f1o de la CGT? Los sindicalistas tambi\u00e9n reclamar\u00e1n una soluci\u00f3n a la falta de homologaci\u00f3n de las paritarias que se apartan de la pauta oficial. Por eso en la reuni\u00f3n de este mi\u00e9rcoles en la Casa Rosada tambi\u00e9n estar\u00e1 el secretario de Trabajo, Julio Cordero, quien puede aportar soluciones a uno de los puntos que integran la larga lista de reclamos sindicales.<\/h3>\n<p>&nbsp;<\/p>\n<p>&nbsp;<\/p>\n<p>&nbsp;<\/p>\n<p>&nbsp;<\/p>\n<p>&nbsp;<\/p>\n<p>&nbsp;<\/p>\n<p>&nbsp;<\/p>\n","protected":false},"excerpt":{"rendered":"<p>El ministro del Interior, Guillermo Francos, recibir\u00e1 este mi\u00e9rcoles a las 16, a una delegaci\u00f3n&#8230;<\/p>\n","protected":false},"author":1,"featured_media":14450,"comment_status":"closed","ping_status":"closed","sticky":false,"template":"","format":"standard","meta":{"footnotes":""},"categories":[5],"tags":[],"class_list":["post-14449","post","type-post","status-publish","format-standard","has-post-thumbnail","hentry","category-nacionales-internacionales"],"yoast_head":"<!-- This site is optimized with the Yoast SEO plugin v26.1.1 - https:\/\/yoast.com\/wordpress\/plugins\/seo\/ -->\n<title>EL GOBIERNO TENDR\u00c1 ESTE MI\u00c9RCOLES LA PRIMERA REUNI\u00d3N OFICIAL CON LA CGT - Apuntes de San Luis<\/title>\n<meta name=\"robots\" content=\"index, follow, max-snippet:-1, max-image-preview:large, max-video-preview:-1\" \/>\n<link rel=\"canonical\" href=\"https:\/\/apuntesdesanluis.com\/index.php\/2024\/04\/09\/el-gobierno-tendra-este-miercoles-la-primera-reunion-oficial-con-la-cgt\/\" \/>\n<meta property=\"og:locale\" content=\"es_ES\" \/>\n<meta property=\"og:type\" content=\"article\" \/>\n<meta property=\"og:title\" content=\"EL GOBIERNO TENDR\u00c1 ESTE MI\u00c9RCOLES LA PRIMERA REUNI\u00d3N OFICIAL CON LA CGT - Apuntes de San Luis\" \/>\n<meta property=\"og:description\" content=\"El ministro del Interior, Guillermo Francos, recibir\u00e1 este mi\u00e9rcoles a las 16, a una delegaci\u00f3n...\" \/>\n<meta property=\"og:url\" content=\"https:\/\/apuntesdesanluis.com\/index.php\/2024\/04\/09\/el-gobierno-tendra-este-miercoles-la-primera-reunion-oficial-con-la-cgt\/\" \/>\n<meta property=\"og:site_name\" content=\"Apuntes de San Luis\" \/>\n<meta property=\"article:published_time\" content=\"2024-04-09T22:51:08+00:00\" \/>\n<meta property=\"og:image\" content=\"https:\/\/apuntesdesanluis.com\/wp-content\/uploads\/2024\/04\/CGT-1.png\" \/>\n\t<meta property=\"og:image:width\" content=\"637\" \/>\n\t<meta property=\"og:image:height\" content=\"374\" \/>\n\t<meta property=\"og:image:type\" content=\"image\/png\" \/>\n<meta name=\"author\" content=\"apuntesdesanluis.com\" \/>\n<meta name=\"twitter:card\" content=\"summary_large_image\" \/>\n<meta name=\"twitter:label1\" content=\"Escrito por\" \/>\n\t<meta name=\"twitter:data1\" content=\"apuntesdesanluis.com\" \/>\n\t<meta name=\"twitter:label2\" content=\"Tiempo de lectura\" \/>\n\t<meta name=\"twitter:data2\" content=\"5 minutos\" \/>\n<script type=\"application\/ld+json\" class=\"yoast-schema-graph\">{\"@context\":\"https:\/\/schema.org\",\"@graph\":[{\"@type\":\"Article\",\"@id\":\"https:\/\/apuntesdesanluis.com\/index.php\/2024\/04\/09\/el-gobierno-tendra-este-miercoles-la-primera-reunion-oficial-con-la-cgt\/#article\",\"isPartOf\":{\"@id\":\"https:\/\/apuntesdesanluis.com\/index.php\/2024\/04\/09\/el-gobierno-tendra-este-miercoles-la-primera-reunion-oficial-con-la-cgt\/\"},\"author\":{\"name\":\"apuntesdesanluis.com\",\"@id\":\"https:\/\/apuntesdesanluis.com\/#\/schema\/person\/b55151d52296fcce64d1a72538a70b90\"},\"headline\":\"EL GOBIERNO TENDR\u00c1 ESTE MI\u00c9RCOLES LA PRIMERA REUNI\u00d3N OFICIAL CON LA CGT\",\"datePublished\":\"2024-04-09T22:51:08+00:00\",\"mainEntityOfPage\":{\"@id\":\"https:\/\/apuntesdesanluis.com\/index.php\/2024\/04\/09\/el-gobierno-tendra-este-miercoles-la-primera-reunion-oficial-con-la-cgt\/\"},\"wordCount\":1052,\"publisher\":{\"@id\":\"https:\/\/apuntesdesanluis.com\/#\/schema\/person\/b55151d52296fcce64d1a72538a70b90\"},\"image\":{\"@id\":\"https:\/\/apuntesdesanluis.com\/index.php\/2024\/04\/09\/el-gobierno-tendra-este-miercoles-la-primera-reunion-oficial-con-la-cgt\/#primaryimage\"},\"thumbnailUrl\":\"https:\/\/apuntesdesanluis.com\/wp-content\/uploads\/2024\/04\/CGT-1.png\",\"articleSection\":[\"Nacionales\/Internacionales\"],\"inLanguage\":\"es-AR\"},{\"@type\":\"WebPage\",\"@id\":\"https:\/\/apuntesdesanluis.com\/index.php\/2024\/04\/09\/el-gobierno-tendra-este-miercoles-la-primera-reunion-oficial-con-la-cgt\/\",\"url\":\"https:\/\/apuntesdesanluis.com\/index.php\/2024\/04\/09\/el-gobierno-tendra-este-miercoles-la-primera-reunion-oficial-con-la-cgt\/\",\"name\":\"EL GOBIERNO TENDR\u00c1 ESTE MI\u00c9RCOLES LA PRIMERA REUNI\u00d3N OFICIAL CON LA CGT - Apuntes de San Luis\",\"isPartOf\":{\"@id\":\"https:\/\/apuntesdesanluis.com\/#website\"},\"primaryImageOfPage\":{\"@id\":\"https:\/\/apuntesdesanluis.com\/index.php\/2024\/04\/09\/el-gobierno-tendra-este-miercoles-la-primera-reunion-oficial-con-la-cgt\/#primaryimage\"},\"image\":{\"@id\":\"https:\/\/apuntesdesanluis.com\/index.php\/2024\/04\/09\/el-gobierno-tendra-este-miercoles-la-primera-reunion-oficial-con-la-cgt\/#primaryimage\"},\"thumbnailUrl\":\"https:\/\/apuntesdesanluis.com\/wp-content\/uploads\/2024\/04\/CGT-1.png\",\"datePublished\":\"2024-04-09T22:51:08+00:00\",\"breadcrumb\":{\"@id\":\"https:\/\/apuntesdesanluis.com\/index.php\/2024\/04\/09\/el-gobierno-tendra-este-miercoles-la-primera-reunion-oficial-con-la-cgt\/#breadcrumb\"},\"inLanguage\":\"es-AR\",\"potentialAction\":[{\"@type\":\"ReadAction\",\"target\":[\"https:\/\/apuntesdesanluis.com\/index.php\/2024\/04\/09\/el-gobierno-tendra-este-miercoles-la-primera-reunion-oficial-con-la-cgt\/\"]}]},{\"@type\":\"ImageObject\",\"inLanguage\":\"es-AR\",\"@id\":\"https:\/\/apuntesdesanluis.com\/index.php\/2024\/04\/09\/el-gobierno-tendra-este-miercoles-la-primera-reunion-oficial-con-la-cgt\/#primaryimage\",\"url\":\"https:\/\/apuntesdesanluis.com\/wp-content\/uploads\/2024\/04\/CGT-1.png\",\"contentUrl\":\"https:\/\/apuntesdesanluis.com\/wp-content\/uploads\/2024\/04\/CGT-1.png\",\"width\":637,\"height\":374},{\"@type\":\"BreadcrumbList\",\"@id\":\"https:\/\/apuntesdesanluis.com\/index.php\/2024\/04\/09\/el-gobierno-tendra-este-miercoles-la-primera-reunion-oficial-con-la-cgt\/#breadcrumb\",\"itemListElement\":[{\"@type\":\"ListItem\",\"position\":1,\"name\":\"Inicio\",\"item\":\"https:\/\/apuntesdesanluis.com\/\"},{\"@type\":\"ListItem\",\"position\":2,\"name\":\"EL GOBIERNO TENDR\u00c1 ESTE MI\u00c9RCOLES LA PRIMERA REUNI\u00d3N OFICIAL CON LA CGT\"}]},{\"@type\":\"WebSite\",\"@id\":\"https:\/\/apuntesdesanluis.com\/#website\",\"url\":\"https:\/\/apuntesdesanluis.com\/\",\"name\":\"Apuntes de San Luis\",\"description\":\"\",\"publisher\":{\"@id\":\"https:\/\/apuntesdesanluis.com\/#\/schema\/person\/b55151d52296fcce64d1a72538a70b90\"},\"potentialAction\":[{\"@type\":\"SearchAction\",\"target\":{\"@type\":\"EntryPoint\",\"urlTemplate\":\"https:\/\/apuntesdesanluis.com\/?s={search_term_string}\"},\"query-input\":{\"@type\":\"PropertyValueSpecification\",\"valueRequired\":true,\"valueName\":\"search_term_string\"}}],\"inLanguage\":\"es-AR\"},{\"@type\":[\"Person\",\"Organization\"],\"@id\":\"https:\/\/apuntesdesanluis.com\/#\/schema\/person\/b55151d52296fcce64d1a72538a70b90\",\"name\":\"apuntesdesanluis.com\",\"image\":{\"@type\":\"ImageObject\",\"inLanguage\":\"es-AR\",\"@id\":\"https:\/\/apuntesdesanluis.com\/#\/schema\/person\/image\/\",\"url\":\"https:\/\/apuntesdesanluis.com\/wp-content\/uploads\/2023\/07\/cropped-apuntesdesanluis.png\",\"contentUrl\":\"https:\/\/apuntesdesanluis.com\/wp-content\/uploads\/2023\/07\/cropped-apuntesdesanluis.png\",\"width\":450,\"height\":112,\"caption\":\"apuntesdesanluis.com\"},\"logo\":{\"@id\":\"https:\/\/apuntesdesanluis.com\/#\/schema\/person\/image\/\"},\"sameAs\":[\"https:\/\/apuntesdesanluis.com\"],\"url\":\"https:\/\/apuntesdesanluis.com\/index.php\/author\/apuntesdesanluis-com\/\"}]}<\/script>\n<!-- \/ Yoast SEO plugin. -->","yoast_head_json":{"title":"EL GOBIERNO TENDR\u00c1 ESTE MI\u00c9RCOLES LA PRIMERA REUNI\u00d3N OFICIAL CON LA CGT - Apuntes de San Luis","robots":{"index":"index","follow":"follow","max-snippet":"max-snippet:-1","max-image-preview":"max-image-preview:large","max-video-preview":"max-video-preview:-1"},"canonical":"https:\/\/apuntesdesanluis.com\/index.php\/2024\/04\/09\/el-gobierno-tendra-este-miercoles-la-primera-reunion-oficial-con-la-cgt\/","og_locale":"es_ES","og_type":"article","og_title":"EL GOBIERNO TENDR\u00c1 ESTE MI\u00c9RCOLES LA PRIMERA REUNI\u00d3N OFICIAL CON LA CGT - Apuntes de San Luis","og_description":"El ministro del Interior, Guillermo Francos, recibir\u00e1 este mi\u00e9rcoles a las 16, a una delegaci\u00f3n...","og_url":"https:\/\/apuntesdesanluis.com\/index.php\/2024\/04\/09\/el-gobierno-tendra-este-miercoles-la-primera-reunion-oficial-con-la-cgt\/","og_site_name":"Apuntes de San Luis","article_published_time":"2024-04-09T22:51:08+00:00","og_image":[{"width":637,"height":374,"url":"https:\/\/apuntesdesanluis.com\/wp-content\/uploads\/2024\/04\/CGT-1.png","type":"image\/png"}],"author":"apuntesdesanluis.com","twitter_card":"summary_large_image","twitter_misc":{"Escrito por":"apuntesdesanluis.com","Tiempo de lectura":"5 minutos"},"schema":{"@context":"https:\/\/schema.org","@graph":[{"@type":"Article","@id":"https:\/\/apuntesdesanluis.com\/index.php\/2024\/04\/09\/el-gobierno-tendra-este-miercoles-la-primera-reunion-oficial-con-la-cgt\/#article","isPartOf":{"@id":"https:\/\/apuntesdesanluis.com\/index.php\/2024\/04\/09\/el-gobierno-tendra-este-miercoles-la-primera-reunion-oficial-con-la-cgt\/"},"author":{"name":"apuntesdesanluis.com","@id":"https:\/\/apuntesdesanluis.com\/#\/schema\/person\/b55151d52296fcce64d1a72538a70b90"},"headline":"EL GOBIERNO TENDR\u00c1 ESTE MI\u00c9RCOLES LA PRIMERA REUNI\u00d3N OFICIAL CON LA CGT","datePublished":"2024-04-09T22:51:08+00:00","mainEntityOfPage":{"@id":"https:\/\/apuntesdesanluis.com\/index.php\/2024\/04\/09\/el-gobierno-tendra-este-miercoles-la-primera-reunion-oficial-con-la-cgt\/"},"wordCount":1052,"publisher":{"@id":"https:\/\/apuntesdesanluis.com\/#\/schema\/person\/b55151d52296fcce64d1a72538a70b90"},"image":{"@id":"https:\/\/apuntesdesanluis.com\/index.php\/2024\/04\/09\/el-gobierno-tendra-este-miercoles-la-primera-reunion-oficial-con-la-cgt\/#primaryimage"},"thumbnailUrl":"https:\/\/apuntesdesanluis.com\/wp-content\/uploads\/2024\/04\/CGT-1.png","articleSection":["Nacionales\/Internacionales"],"inLanguage":"es-AR"},{"@type":"WebPage","@id":"https:\/\/apuntesdesanluis.com\/index.php\/2024\/04\/09\/el-gobierno-tendra-este-miercoles-la-primera-reunion-oficial-con-la-cgt\/","url":"https:\/\/apuntesdesanluis.com\/index.php\/2024\/04\/09\/el-gobierno-tendra-este-miercoles-la-primera-reunion-oficial-con-la-cgt\/","name":"EL GOBIERNO TENDR\u00c1 ESTE MI\u00c9RCOLES LA PRIMERA REUNI\u00d3N OFICIAL CON LA CGT - Apuntes de San Luis","isPartOf":{"@id":"https:\/\/apuntesdesanluis.com\/#website"},"primaryImageOfPage":{"@id":"https:\/\/apuntesdesanluis.com\/index.php\/2024\/04\/09\/el-gobierno-tendra-este-miercoles-la-primera-reunion-oficial-con-la-cgt\/#primaryimage"},"image":{"@id":"https:\/\/apuntesdesanluis.com\/index.php\/2024\/04\/09\/el-gobierno-tendra-este-miercoles-la-primera-reunion-oficial-con-la-cgt\/#primaryimage"},"thumbnailUrl":"https:\/\/apuntesdesanluis.com\/wp-content\/uploads\/2024\/04\/CGT-1.png","datePublished":"2024-04-09T22:51:08+00:00","breadcrumb":{"@id":"https:\/\/apuntesdesanluis.com\/index.php\/2024\/04\/09\/el-gobierno-tendra-este-miercoles-la-primera-reunion-oficial-con-la-cgt\/#breadcrumb"},"inLanguage":"es-AR","potentialAction":[{"@type":"ReadAction","target":["https:\/\/apuntesdesanluis.com\/index.php\/2024\/04\/09\/el-gobierno-tendra-este-miercoles-la-primera-reunion-oficial-con-la-cgt\/"]}]},{"@type":"ImageObject","inLanguage":"es-AR","@id":"https:\/\/apuntesdesanluis.com\/index.php\/2024\/04\/09\/el-gobierno-tendra-este-miercoles-la-primera-reunion-oficial-con-la-cgt\/#primaryimage","url":"https:\/\/apuntesdesanluis.com\/wp-content\/uploads\/2024\/04\/CGT-1.png","contentUrl":"https:\/\/apuntesdesanluis.com\/wp-content\/uploads\/2024\/04\/CGT-1.png","width":637,"height":374},{"@type":"BreadcrumbList","@id":"https:\/\/apuntesdesanluis.com\/index.php\/2024\/04\/09\/el-gobierno-tendra-este-miercoles-la-primera-reunion-oficial-con-la-cgt\/#breadcrumb","itemListElement":[{"@type":"ListItem","position":1,"name":"Inicio","item":"https:\/\/apuntesdesanluis.com\/"},{"@type":"ListItem","position":2,"name":"EL GOBIERNO TENDR\u00c1 ESTE MI\u00c9RCOLES LA PRIMERA REUNI\u00d3N OFICIAL CON LA CGT"}]},{"@type":"WebSite","@id":"https:\/\/apuntesdesanluis.com\/#website","url":"https:\/\/apuntesdesanluis.com\/","name":"Apuntes de San Luis","description":"","publisher":{"@id":"https:\/\/apuntesdesanluis.com\/#\/schema\/person\/b55151d52296fcce64d1a72538a70b90"},"potentialAction":[{"@type":"SearchAction","target":{"@type":"EntryPoint","urlTemplate":"https:\/\/apuntesdesanluis.com\/?s={search_term_string}"},"query-input":{"@type":"PropertyValueSpecification","valueRequired":true,"valueName":"search_term_string"}}],"inLanguage":"es-AR"},{"@type":["Person","Organization"],"@id":"https:\/\/apuntesdesanluis.com\/#\/schema\/person\/b55151d52296fcce64d1a72538a70b90","name":"apuntesdesanluis.com","image":{"@type":"ImageObject","inLanguage":"es-AR","@id":"https:\/\/apuntesdesanluis.com\/#\/schema\/person\/image\/","url":"https:\/\/apuntesdesanluis.com\/wp-content\/uploads\/2023\/07\/cropped-apuntesdesanluis.png","contentUrl":"https:\/\/apuntesdesanluis.com\/wp-content\/uploads\/2023\/07\/cropped-apuntesdesanluis.png","width":450,"height":112,"caption":"apuntesdesanluis.com"},"logo":{"@id":"https:\/\/apuntesdesanluis.com\/#\/schema\/person\/image\/"},"sameAs":["https:\/\/apuntesdesanluis.com"],"url":"https:\/\/apuntesdesanluis.com\/index.php\/author\/apuntesdesanluis-com\/"}]}},"featured_image_urls":{"full":["https:\/\/apuntesdesanluis.com\/wp-content\/uploads\/2024\/04\/CGT-1.png",637,374,false],"thumbnail":["https:\/\/apuntesdesanluis.com\/wp-content\/uploads\/2024\/04\/CGT-1-150x150.png",150,150,true],"medium":["https:\/\/apuntesdesanluis.com\/wp-content\/uploads\/2024\/04\/CGT-1-300x176.png",300,176,true],"medium_large":["https:\/\/apuntesdesanluis.com\/wp-content\/uploads\/2024\/04\/CGT-1.png",637,374,false],"large":["https:\/\/apuntesdesanluis.com\/wp-content\/uploads\/2024\/04\/CGT-1.png",637,374,false],"1536x1536":["https:\/\/apuntesdesanluis.com\/wp-content\/uploads\/2024\/04\/CGT-1.png",637,374,false],"2048x2048":["https:\/\/apuntesdesanluis.com\/wp-content\/uploads\/2024\/04\/CGT-1.png",637,374,false],"newsever-slider-full":["https:\/\/apuntesdesanluis.com\/wp-content\/uploads\/2024\/04\/CGT-1.png",637,374,false],"newsever-featured":["https:\/\/apuntesdesanluis.com\/wp-content\/uploads\/2024\/04\/CGT-1.png",637,374,false],"newsever-medium":["https:\/\/apuntesdesanluis.com\/wp-content\/uploads\/2024\/04\/CGT-1.png",637,374,false]},"author_info":{"display_name":"apuntesdesanluis.com","author_link":"https:\/\/apuntesdesanluis.com\/index.php\/author\/apuntesdesanluis-com\/"},"category_info":"<a href=\"https:\/\/apuntesdesanluis.com\/index.php\/category\/nacionales-internacionales\/\" rel=\"category tag\">Nacionales\/Internacionales<\/a>","tag_info":"Nacionales\/Internacionales","comment_count":"0","_links":{"self":[{"href":"https:\/\/apuntesdesanluis.com\/index.php\/wp-json\/wp\/v2\/posts\/14449","targetHints":{"allow":["GET"]}}],"collection":[{"href":"https:\/\/apuntesdesanluis.com\/index.php\/wp-json\/wp\/v2\/posts"}],"about":[{"href":"https:\/\/apuntesdesanluis.com\/index.php\/wp-json\/wp\/v2\/types\/post"}],"author":[{"embeddable":true,"href":"https:\/\/apuntesdesanluis.com\/index.php\/wp-json\/wp\/v2\/users\/1"}],"replies":[{"embeddable":true,"href":"https:\/\/apuntesdesanluis.com\/index.php\/wp-json\/wp\/v2\/comments?post=14449"}],"version-history":[{"count":1,"href":"https:\/\/apuntesdesanluis.com\/index.php\/wp-json\/wp\/v2\/posts\/14449\/revisions"}],"predecessor-version":[{"id":14452,"href":"https:\/\/apuntesdesanluis.com\/index.php\/wp-json\/wp\/v2\/posts\/14449\/revisions\/14452"}],"wp:featuredmedia":[{"embeddable":true,"href":"https:\/\/apuntesdesanluis.com\/index.php\/wp-json\/wp\/v2\/media\/14450"}],"wp:attachment":[{"href":"https:\/\/apuntesdesanluis.com\/index.php\/wp-json\/wp\/v2\/media?parent=14449"}],"wp:term":[{"taxonomy":"category","embeddable":true,"href":"https:\/\/apuntesdesanluis.com\/index.php\/wp-json\/wp\/v2\/categories?post=14449"},{"taxonomy":"post_tag","embeddable":true,"href":"https:\/\/apuntesdesanluis.com\/index.php\/wp-json\/wp\/v2\/tags?post=14449"}],"curies":[{"name":"wp","href":"https:\/\/api.w.org\/{rel}","templated":true}]}}