{"id":14453,"date":"2024-04-09T17:00:26","date_gmt":"2024-04-09T20:00:26","guid":{"rendered":"https:\/\/apuntesdesanluis.com\/?p=14453"},"modified":"2024-04-09T20:00:59","modified_gmt":"2024-04-09T23:00:59","slug":"homicidio-de-juan-jose-ochoa-elevaron-la-causa-a-juicio-oral","status":"publish","type":"post","link":"https:\/\/apuntesdesanluis.com\/index.php\/2024\/04\/09\/homicidio-de-juan-jose-ochoa-elevaron-la-causa-a-juicio-oral\/","title":{"rendered":"HOMICIDIO DE JUAN JOS\u00c9 OCHOA: ELEVARON LA CAUSA A JUICIO ORAL"},"content":{"rendered":"<h3>Este martes se desarroll\u00f3 la audiencia de control de acusaci\u00f3n. El Ministerio P\u00fablico Fiscal solicit\u00f3 una pena de 20 a\u00f1os de prisi\u00f3n.<\/h3>\n<h3>En una audiencia que se celebr\u00f3 este martes al mediod\u00eda, el juez de Garant\u00eda N\u00ba 2 de la Segunda Circunscripci\u00f3n Judicial, Dr. Mat\u00edas Farinazzo Tempestini, dispuso la apertura del juicio oral en marco de la causa donde se investig\u00f3 la muerte de <strong>Juan Jos\u00e9 Ochoa<\/strong>, quien perdi\u00f3 la vida tras recibir una lesi\u00f3n con arma blanca a la altura de t\u00f3rax. El hecho ocurri\u00f3 el 15 de enero de este a\u00f1o, en la ciudad de Villa Mercedes.<\/h3>\n<h3>En primer lugar, el Dr. Marcelo Palacio \u2013 fiscal adjunto \u2013 relat\u00f3 las circunstancias en las que se produjo el hecho, en un complejo de departamentos. Explic\u00f3 que, al llegar al lugar, la polic\u00eda tom\u00f3 conocimiento de que se habr\u00eda producido un conflicto entre el propietario y el imputado por una bicicleta que se encontraba mal estacionada.<\/h3>\n<h3>El fiscal detall\u00f3 que la v\u00edctima fue atacada por el imputado con un elemento punzante que le provoc\u00f3 una lesi\u00f3n, que finalmente produjo su muerte. Calific\u00f3 al hecho como un homicidio simple y pidi\u00f3 una pena de 20 a\u00f1os de prisi\u00f3n. Mencion\u00f3 como atenuantes la falta de antecedentes condenatorios del imputado y como agravantes, la violencia extrema infundada utilizada.<\/h3>\n<h3>Luego, la querella \u2013 Dr.\u00a0 Gabriel Melano \u2013 adhiri\u00f3 al encuadre f\u00e1ctico formulado por el Ministerio P\u00fablico Fiscal pero solicit\u00f3 que el hecho sea calificado como un homicidio agravado por alevos\u00eda, pedido que fue posteriormente descartado por el Juez de Garant\u00eda en tanto no estuvo ajustado a los ordenamientos procesales vigentes.<\/h3>\n<h3>Por su parte, la Dra. Eliana Pradel \u2013 defensora del imputado \u2013 anticip\u00f3 que durante el debate oral discutir\u00e1n sobre los hechos y la imputaci\u00f3n solicitada.<\/h3>\n<h3>Durante la audiencia, tambi\u00e9n se trat\u00f3 el ofrecimiento de pruebas formulado por el Ministerio P\u00fablico Fiscal, la querella y la defensa.<\/h3>\n<h3>Luego de escuchar a las partes, el Dr. Farinazzo Tempestini tuvo por admitida la acusaci\u00f3n fiscal en los t\u00e9rminos solicitados por Fiscal\u00eda; rechaz\u00f3 la acusaci\u00f3n de la querella y dispuso la apertura a juicio de la casa, ordenando su remisi\u00f3n al Colegio de Jueces a fin de dar inicio con el debate oral.<\/h3>\n<h3>Cabe mencionar que, previo a finalizar la audiencia, el Juez de Garant\u00eda N\u00ba 2,\u00a0 se declar\u00f3 incompetente ante el pedido de pr\u00f3rroga de la medida de coerci\u00f3n solicitada por el Ministerio P\u00fablico Fiscal, en los t\u00e9rminos de lo previsto por el Art. 63 de la Ley Org\u00e1nica de Administraci\u00f3n de Justicia. Argument\u00f3 que la audiencia hab\u00eda sido solicitada a efectos de realizar el control de acusaci\u00f3n y no a tal efecto.<\/h3>\n<p>&nbsp;<\/p>\n<p>&nbsp;<\/p>\n<p>&nbsp;<\/p>\n<p>&nbsp;<\/p>\n<p>&nbsp;<\/p>\n<p>&nbsp;<\/p>\n","protected":false},"excerpt":{"rendered":"<p>Este martes se desarroll\u00f3 la audiencia de control de acusaci\u00f3n. El Ministerio P\u00fablico Fiscal solicit\u00f3&#8230;<\/p>\n","protected":false},"author":1,"featured_media":14454,"comment_status":"closed","ping_status":"closed","sticky":false,"template":"","format":"standard","meta":{"footnotes":""},"categories":[6],"tags":[],"class_list":["post-14453","post","type-post","status-publish","format-standard","has-post-thumbnail","hentry","category-ciudad-provincia"],"yoast_head":"<!-- This site is optimized with the Yoast SEO plugin v26.1.1 - https:\/\/yoast.com\/wordpress\/plugins\/seo\/ -->\n<title>HOMICIDIO DE JUAN JOS\u00c9 OCHOA: ELEVARON LA CAUSA A JUICIO ORAL - Apuntes de San Luis<\/title>\n<meta name=\"robots\" content=\"index, follow, max-snippet:-1, max-image-preview:large, max-video-preview:-1\" \/>\n<link rel=\"canonical\" href=\"https:\/\/apuntesdesanluis.com\/index.php\/2024\/04\/09\/homicidio-de-juan-jose-ochoa-elevaron-la-causa-a-juicio-oral\/\" \/>\n<meta property=\"og:locale\" content=\"es_ES\" \/>\n<meta property=\"og:type\" content=\"article\" \/>\n<meta property=\"og:title\" content=\"HOMICIDIO DE JUAN JOS\u00c9 OCHOA: ELEVARON LA CAUSA A JUICIO ORAL - Apuntes de San Luis\" \/>\n<meta property=\"og:description\" content=\"Este martes se desarroll\u00f3 la audiencia de control de acusaci\u00f3n. El Ministerio P\u00fablico Fiscal solicit\u00f3...\" \/>\n<meta property=\"og:url\" content=\"https:\/\/apuntesdesanluis.com\/index.php\/2024\/04\/09\/homicidio-de-juan-jose-ochoa-elevaron-la-causa-a-juicio-oral\/\" \/>\n<meta property=\"og:site_name\" content=\"Apuntes de San Luis\" \/>\n<meta property=\"article:published_time\" content=\"2024-04-09T20:00:26+00:00\" \/>\n<meta property=\"article:modified_time\" content=\"2024-04-09T23:00:59+00:00\" \/>\n<meta property=\"og:image\" content=\"https:\/\/apuntesdesanluis.com\/wp-content\/uploads\/2024\/04\/causa-ochoa.png\" \/>\n\t<meta property=\"og:image:width\" content=\"600\" \/>\n\t<meta property=\"og:image:height\" content=\"323\" \/>\n\t<meta property=\"og:image:type\" content=\"image\/png\" \/>\n<meta name=\"author\" content=\"apuntesdesanluis.com\" \/>\n<meta name=\"twitter:card\" content=\"summary_large_image\" \/>\n<meta name=\"twitter:label1\" content=\"Escrito por\" \/>\n\t<meta name=\"twitter:data1\" content=\"apuntesdesanluis.com\" \/>\n\t<meta name=\"twitter:label2\" content=\"Tiempo de lectura\" \/>\n\t<meta name=\"twitter:data2\" content=\"2 minutos\" \/>\n<script type=\"application\/ld+json\" class=\"yoast-schema-graph\">{\"@context\":\"https:\/\/schema.org\",\"@graph\":[{\"@type\":\"Article\",\"@id\":\"https:\/\/apuntesdesanluis.com\/index.php\/2024\/04\/09\/homicidio-de-juan-jose-ochoa-elevaron-la-causa-a-juicio-oral\/#article\",\"isPartOf\":{\"@id\":\"https:\/\/apuntesdesanluis.com\/index.php\/2024\/04\/09\/homicidio-de-juan-jose-ochoa-elevaron-la-causa-a-juicio-oral\/\"},\"author\":{\"name\":\"apuntesdesanluis.com\",\"@id\":\"https:\/\/apuntesdesanluis.com\/#\/schema\/person\/b55151d52296fcce64d1a72538a70b90\"},\"headline\":\"HOMICIDIO DE JUAN JOS\u00c9 OCHOA: ELEVARON LA CAUSA A JUICIO ORAL\",\"datePublished\":\"2024-04-09T20:00:26+00:00\",\"dateModified\":\"2024-04-09T23:00:59+00:00\",\"mainEntityOfPage\":{\"@id\":\"https:\/\/apuntesdesanluis.com\/index.php\/2024\/04\/09\/homicidio-de-juan-jose-ochoa-elevaron-la-causa-a-juicio-oral\/\"},\"wordCount\":481,\"publisher\":{\"@id\":\"https:\/\/apuntesdesanluis.com\/#\/schema\/person\/b55151d52296fcce64d1a72538a70b90\"},\"image\":{\"@id\":\"https:\/\/apuntesdesanluis.com\/index.php\/2024\/04\/09\/homicidio-de-juan-jose-ochoa-elevaron-la-causa-a-juicio-oral\/#primaryimage\"},\"thumbnailUrl\":\"https:\/\/apuntesdesanluis.com\/wp-content\/uploads\/2024\/04\/causa-ochoa.png\",\"articleSection\":[\"Ciudad\/Provincia\"],\"inLanguage\":\"es-AR\"},{\"@type\":\"WebPage\",\"@id\":\"https:\/\/apuntesdesanluis.com\/index.php\/2024\/04\/09\/homicidio-de-juan-jose-ochoa-elevaron-la-causa-a-juicio-oral\/\",\"url\":\"https:\/\/apuntesdesanluis.com\/index.php\/2024\/04\/09\/homicidio-de-juan-jose-ochoa-elevaron-la-causa-a-juicio-oral\/\",\"name\":\"HOMICIDIO DE JUAN JOS\u00c9 OCHOA: ELEVARON LA CAUSA A JUICIO ORAL - Apuntes de San Luis\",\"isPartOf\":{\"@id\":\"https:\/\/apuntesdesanluis.com\/#website\"},\"primaryImageOfPage\":{\"@id\":\"https:\/\/apuntesdesanluis.com\/index.php\/2024\/04\/09\/homicidio-de-juan-jose-ochoa-elevaron-la-causa-a-juicio-oral\/#primaryimage\"},\"image\":{\"@id\":\"https:\/\/apuntesdesanluis.com\/index.php\/2024\/04\/09\/homicidio-de-juan-jose-ochoa-elevaron-la-causa-a-juicio-oral\/#primaryimage\"},\"thumbnailUrl\":\"https:\/\/apuntesdesanluis.com\/wp-content\/uploads\/2024\/04\/causa-ochoa.png\",\"datePublished\":\"2024-04-09T20:00:26+00:00\",\"dateModified\":\"2024-04-09T23:00:59+00:00\",\"breadcrumb\":{\"@id\":\"https:\/\/apuntesdesanluis.com\/index.php\/2024\/04\/09\/homicidio-de-juan-jose-ochoa-elevaron-la-causa-a-juicio-oral\/#breadcrumb\"},\"inLanguage\":\"es-AR\",\"potentialAction\":[{\"@type\":\"ReadAction\",\"target\":[\"https:\/\/apuntesdesanluis.com\/index.php\/2024\/04\/09\/homicidio-de-juan-jose-ochoa-elevaron-la-causa-a-juicio-oral\/\"]}]},{\"@type\":\"ImageObject\",\"inLanguage\":\"es-AR\",\"@id\":\"https:\/\/apuntesdesanluis.com\/index.php\/2024\/04\/09\/homicidio-de-juan-jose-ochoa-elevaron-la-causa-a-juicio-oral\/#primaryimage\",\"url\":\"https:\/\/apuntesdesanluis.com\/wp-content\/uploads\/2024\/04\/causa-ochoa.png\",\"contentUrl\":\"https:\/\/apuntesdesanluis.com\/wp-content\/uploads\/2024\/04\/causa-ochoa.png\",\"width\":600,\"height\":323},{\"@type\":\"BreadcrumbList\",\"@id\":\"https:\/\/apuntesdesanluis.com\/index.php\/2024\/04\/09\/homicidio-de-juan-jose-ochoa-elevaron-la-causa-a-juicio-oral\/#breadcrumb\",\"itemListElement\":[{\"@type\":\"ListItem\",\"position\":1,\"name\":\"Inicio\",\"item\":\"https:\/\/apuntesdesanluis.com\/\"},{\"@type\":\"ListItem\",\"position\":2,\"name\":\"HOMICIDIO DE JUAN JOS\u00c9 OCHOA: ELEVARON LA CAUSA A JUICIO ORAL\"}]},{\"@type\":\"WebSite\",\"@id\":\"https:\/\/apuntesdesanluis.com\/#website\",\"url\":\"https:\/\/apuntesdesanluis.com\/\",\"name\":\"Apuntes de San Luis\",\"description\":\"\",\"publisher\":{\"@id\":\"https:\/\/apuntesdesanluis.com\/#\/schema\/person\/b55151d52296fcce64d1a72538a70b90\"},\"potentialAction\":[{\"@type\":\"SearchAction\",\"target\":{\"@type\":\"EntryPoint\",\"urlTemplate\":\"https:\/\/apuntesdesanluis.com\/?s={search_term_string}\"},\"query-input\":{\"@type\":\"PropertyValueSpecification\",\"valueRequired\":true,\"valueName\":\"search_term_string\"}}],\"inLanguage\":\"es-AR\"},{\"@type\":[\"Person\",\"Organization\"],\"@id\":\"https:\/\/apuntesdesanluis.com\/#\/schema\/person\/b55151d52296fcce64d1a72538a70b90\",\"name\":\"apuntesdesanluis.com\",\"image\":{\"@type\":\"ImageObject\",\"inLanguage\":\"es-AR\",\"@id\":\"https:\/\/apuntesdesanluis.com\/#\/schema\/person\/image\/\",\"url\":\"https:\/\/apuntesdesanluis.com\/wp-content\/uploads\/2023\/07\/cropped-apuntesdesanluis.png\",\"contentUrl\":\"https:\/\/apuntesdesanluis.com\/wp-content\/uploads\/2023\/07\/cropped-apuntesdesanluis.png\",\"width\":450,\"height\":112,\"caption\":\"apuntesdesanluis.com\"},\"logo\":{\"@id\":\"https:\/\/apuntesdesanluis.com\/#\/schema\/person\/image\/\"},\"sameAs\":[\"https:\/\/apuntesdesanluis.com\"],\"url\":\"https:\/\/apuntesdesanluis.com\/index.php\/author\/apuntesdesanluis-com\/\"}]}<\/script>\n<!-- \/ Yoast SEO plugin. -->","yoast_head_json":{"title":"HOMICIDIO DE JUAN JOS\u00c9 OCHOA: ELEVARON LA CAUSA A JUICIO ORAL - Apuntes de San Luis","robots":{"index":"index","follow":"follow","max-snippet":"max-snippet:-1","max-image-preview":"max-image-preview:large","max-video-preview":"max-video-preview:-1"},"canonical":"https:\/\/apuntesdesanluis.com\/index.php\/2024\/04\/09\/homicidio-de-juan-jose-ochoa-elevaron-la-causa-a-juicio-oral\/","og_locale":"es_ES","og_type":"article","og_title":"HOMICIDIO DE JUAN JOS\u00c9 OCHOA: ELEVARON LA CAUSA A JUICIO ORAL - Apuntes de San Luis","og_description":"Este martes se desarroll\u00f3 la audiencia de control de acusaci\u00f3n. El Ministerio P\u00fablico Fiscal solicit\u00f3...","og_url":"https:\/\/apuntesdesanluis.com\/index.php\/2024\/04\/09\/homicidio-de-juan-jose-ochoa-elevaron-la-causa-a-juicio-oral\/","og_site_name":"Apuntes de San Luis","article_published_time":"2024-04-09T20:00:26+00:00","article_modified_time":"2024-04-09T23:00:59+00:00","og_image":[{"width":600,"height":323,"url":"https:\/\/apuntesdesanluis.com\/wp-content\/uploads\/2024\/04\/causa-ochoa.png","type":"image\/png"}],"author":"apuntesdesanluis.com","twitter_card":"summary_large_image","twitter_misc":{"Escrito por":"apuntesdesanluis.com","Tiempo de lectura":"2 minutos"},"schema":{"@context":"https:\/\/schema.org","@graph":[{"@type":"Article","@id":"https:\/\/apuntesdesanluis.com\/index.php\/2024\/04\/09\/homicidio-de-juan-jose-ochoa-elevaron-la-causa-a-juicio-oral\/#article","isPartOf":{"@id":"https:\/\/apuntesdesanluis.com\/index.php\/2024\/04\/09\/homicidio-de-juan-jose-ochoa-elevaron-la-causa-a-juicio-oral\/"},"author":{"name":"apuntesdesanluis.com","@id":"https:\/\/apuntesdesanluis.com\/#\/schema\/person\/b55151d52296fcce64d1a72538a70b90"},"headline":"HOMICIDIO DE JUAN JOS\u00c9 OCHOA: ELEVARON LA CAUSA A JUICIO ORAL","datePublished":"2024-04-09T20:00:26+00:00","dateModified":"2024-04-09T23:00:59+00:00","mainEntityOfPage":{"@id":"https:\/\/apuntesdesanluis.com\/index.php\/2024\/04\/09\/homicidio-de-juan-jose-ochoa-elevaron-la-causa-a-juicio-oral\/"},"wordCount":481,"publisher":{"@id":"https:\/\/apuntesdesanluis.com\/#\/schema\/person\/b55151d52296fcce64d1a72538a70b90"},"image":{"@id":"https:\/\/apuntesdesanluis.com\/index.php\/2024\/04\/09\/homicidio-de-juan-jose-ochoa-elevaron-la-causa-a-juicio-oral\/#primaryimage"},"thumbnailUrl":"https:\/\/apuntesdesanluis.com\/wp-content\/uploads\/2024\/04\/causa-ochoa.png","articleSection":["Ciudad\/Provincia"],"inLanguage":"es-AR"},{"@type":"WebPage","@id":"https:\/\/apuntesdesanluis.com\/index.php\/2024\/04\/09\/homicidio-de-juan-jose-ochoa-elevaron-la-causa-a-juicio-oral\/","url":"https:\/\/apuntesdesanluis.com\/index.php\/2024\/04\/09\/homicidio-de-juan-jose-ochoa-elevaron-la-causa-a-juicio-oral\/","name":"HOMICIDIO DE JUAN JOS\u00c9 OCHOA: ELEVARON LA CAUSA A JUICIO ORAL - Apuntes de San Luis","isPartOf":{"@id":"https:\/\/apuntesdesanluis.com\/#website"},"primaryImageOfPage":{"@id":"https:\/\/apuntesdesanluis.com\/index.php\/2024\/04\/09\/homicidio-de-juan-jose-ochoa-elevaron-la-causa-a-juicio-oral\/#primaryimage"},"image":{"@id":"https:\/\/apuntesdesanluis.com\/index.php\/2024\/04\/09\/homicidio-de-juan-jose-ochoa-elevaron-la-causa-a-juicio-oral\/#primaryimage"},"thumbnailUrl":"https:\/\/apuntesdesanluis.com\/wp-content\/uploads\/2024\/04\/causa-ochoa.png","datePublished":"2024-04-09T20:00:26+00:00","dateModified":"2024-04-09T23:00:59+00:00","breadcrumb":{"@id":"https:\/\/apuntesdesanluis.com\/index.php\/2024\/04\/09\/homicidio-de-juan-jose-ochoa-elevaron-la-causa-a-juicio-oral\/#breadcrumb"},"inLanguage":"es-AR","potentialAction":[{"@type":"ReadAction","target":["https:\/\/apuntesdesanluis.com\/index.php\/2024\/04\/09\/homicidio-de-juan-jose-ochoa-elevaron-la-causa-a-juicio-oral\/"]}]},{"@type":"ImageObject","inLanguage":"es-AR","@id":"https:\/\/apuntesdesanluis.com\/index.php\/2024\/04\/09\/homicidio-de-juan-jose-ochoa-elevaron-la-causa-a-juicio-oral\/#primaryimage","url":"https:\/\/apuntesdesanluis.com\/wp-content\/uploads\/2024\/04\/causa-ochoa.png","contentUrl":"https:\/\/apuntesdesanluis.com\/wp-content\/uploads\/2024\/04\/causa-ochoa.png","width":600,"height":323},{"@type":"BreadcrumbList","@id":"https:\/\/apuntesdesanluis.com\/index.php\/2024\/04\/09\/homicidio-de-juan-jose-ochoa-elevaron-la-causa-a-juicio-oral\/#breadcrumb","itemListElement":[{"@type":"ListItem","position":1,"name":"Inicio","item":"https:\/\/apuntesdesanluis.com\/"},{"@type":"ListItem","position":2,"name":"HOMICIDIO DE JUAN JOS\u00c9 OCHOA: ELEVARON LA CAUSA A JUICIO ORAL"}]},{"@type":"WebSite","@id":"https:\/\/apuntesdesanluis.com\/#website","url":"https:\/\/apuntesdesanluis.com\/","name":"Apuntes de San Luis","description":"","publisher":{"@id":"https:\/\/apuntesdesanluis.com\/#\/schema\/person\/b55151d52296fcce64d1a72538a70b90"},"potentialAction":[{"@type":"SearchAction","target":{"@type":"EntryPoint","urlTemplate":"https:\/\/apuntesdesanluis.com\/?s={search_term_string}"},"query-input":{"@type":"PropertyValueSpecification","valueRequired":true,"valueName":"search_term_string"}}],"inLanguage":"es-AR"},{"@type":["Person","Organization"],"@id":"https:\/\/apuntesdesanluis.com\/#\/schema\/person\/b55151d52296fcce64d1a72538a70b90","name":"apuntesdesanluis.com","image":{"@type":"ImageObject","inLanguage":"es-AR","@id":"https:\/\/apuntesdesanluis.com\/#\/schema\/person\/image\/","url":"https:\/\/apuntesdesanluis.com\/wp-content\/uploads\/2023\/07\/cropped-apuntesdesanluis.png","contentUrl":"https:\/\/apuntesdesanluis.com\/wp-content\/uploads\/2023\/07\/cropped-apuntesdesanluis.png","width":450,"height":112,"caption":"apuntesdesanluis.com"},"logo":{"@id":"https:\/\/apuntesdesanluis.com\/#\/schema\/person\/image\/"},"sameAs":["https:\/\/apuntesdesanluis.com"],"url":"https:\/\/apuntesdesanluis.com\/index.php\/author\/apuntesdesanluis-com\/"}]}},"featured_image_urls":{"full":["https:\/\/apuntesdesanluis.com\/wp-content\/uploads\/2024\/04\/causa-ochoa.png",600,323,false],"thumbnail":["https:\/\/apuntesdesanluis.com\/wp-content\/uploads\/2024\/04\/causa-ochoa-150x150.png",150,150,true],"medium":["https:\/\/apuntesdesanluis.com\/wp-content\/uploads\/2024\/04\/causa-ochoa-300x162.png",300,162,true],"medium_large":["https:\/\/apuntesdesanluis.com\/wp-content\/uploads\/2024\/04\/causa-ochoa.png",600,323,false],"large":["https:\/\/apuntesdesanluis.com\/wp-content\/uploads\/2024\/04\/causa-ochoa.png",600,323,false],"1536x1536":["https:\/\/apuntesdesanluis.com\/wp-content\/uploads\/2024\/04\/causa-ochoa.png",600,323,false],"2048x2048":["https:\/\/apuntesdesanluis.com\/wp-content\/uploads\/2024\/04\/causa-ochoa.png",600,323,false],"newsever-slider-full":["https:\/\/apuntesdesanluis.com\/wp-content\/uploads\/2024\/04\/causa-ochoa.png",600,323,false],"newsever-featured":["https:\/\/apuntesdesanluis.com\/wp-content\/uploads\/2024\/04\/causa-ochoa.png",600,323,false],"newsever-medium":["https:\/\/apuntesdesanluis.com\/wp-content\/uploads\/2024\/04\/causa-ochoa.png",600,323,false]},"author_info":{"display_name":"apuntesdesanluis.com","author_link":"https:\/\/apuntesdesanluis.com\/index.php\/author\/apuntesdesanluis-com\/"},"category_info":"<a href=\"https:\/\/apuntesdesanluis.com\/index.php\/category\/ciudad-provincia\/\" rel=\"category tag\">Ciudad\/Provincia<\/a>","tag_info":"Ciudad\/Provincia","comment_count":"0","_links":{"self":[{"href":"https:\/\/apuntesdesanluis.com\/index.php\/wp-json\/wp\/v2\/posts\/14453","targetHints":{"allow":["GET"]}}],"collection":[{"href":"https:\/\/apuntesdesanluis.com\/index.php\/wp-json\/wp\/v2\/posts"}],"about":[{"href":"https:\/\/apuntesdesanluis.com\/index.php\/wp-json\/wp\/v2\/types\/post"}],"author":[{"embeddable":true,"href":"https:\/\/apuntesdesanluis.com\/index.php\/wp-json\/wp\/v2\/users\/1"}],"replies":[{"embeddable":true,"href":"https:\/\/apuntesdesanluis.com\/index.php\/wp-json\/wp\/v2\/comments?post=14453"}],"version-history":[{"count":1,"href":"https:\/\/apuntesdesanluis.com\/index.php\/wp-json\/wp\/v2\/posts\/14453\/revisions"}],"predecessor-version":[{"id":14455,"href":"https:\/\/apuntesdesanluis.com\/index.php\/wp-json\/wp\/v2\/posts\/14453\/revisions\/14455"}],"wp:featuredmedia":[{"embeddable":true,"href":"https:\/\/apuntesdesanluis.com\/index.php\/wp-json\/wp\/v2\/media\/14454"}],"wp:attachment":[{"href":"https:\/\/apuntesdesanluis.com\/index.php\/wp-json\/wp\/v2\/media?parent=14453"}],"wp:term":[{"taxonomy":"category","embeddable":true,"href":"https:\/\/apuntesdesanluis.com\/index.php\/wp-json\/wp\/v2\/categories?post=14453"},{"taxonomy":"post_tag","embeddable":true,"href":"https:\/\/apuntesdesanluis.com\/index.php\/wp-json\/wp\/v2\/tags?post=14453"}],"curies":[{"name":"wp","href":"https:\/\/api.w.org\/{rel}","templated":true}]}}