{"id":1446,"date":"2023-08-10T23:34:12","date_gmt":"2023-08-11T02:34:12","guid":{"rendered":"https:\/\/apuntesdesanluis.com\/?p=1446"},"modified":"2023-08-11T08:35:19","modified_gmt":"2023-08-11T11:35:19","slug":"la-gente-cuando-nos-pide-el-voto-nos-justifica-porque-va-a-votar-a-patricia","status":"publish","type":"post","link":"https:\/\/apuntesdesanluis.com\/index.php\/2023\/08\/10\/la-gente-cuando-nos-pide-el-voto-nos-justifica-porque-va-a-votar-a-patricia\/","title":{"rendered":"\u201cLA GENTE CUANDO NOS PIDE EL VOTO NOS JUSTIFICA PORQU\u00c9 VA A VOTAR A PATRICIA\u201d"},"content":{"rendered":"<h3 class=\"yiv7409174924ydp6329976emsonormal\" style=\"background: white;\"><span style=\"font-family: 'Arial','sans-serif'; color: #1d2228;\">As\u00ed lo asegur\u00f3 el candidato a diputado nacional por La Fuerza del Cambio, <strong>Carlos Almena<\/strong>, al fundamentar su convicci\u00f3n de que <strong>Patricia Bullrich<\/strong> ganar\u00e1 las PASO de este domingo, frente a su contendiente Horacio Rodr\u00edguez Larreta, y ser\u00e1 elegida presidente de los argentinos en las elecciones de octubre.<\/span><\/h3>\n<h3 class=\"yiv7409174924ydp6329976emsonormal\" style=\"background: white;\"><span style=\"font-family: 'Arial','sans-serif'; color: #1d2228;\">El actual legislador de Villa de Merlo asegur\u00f3 que \u201cla gente se acerca a nuestras sedes a pedir el voto y nos justifica porqu\u00e9 va a votar a Patricia, y eso es muy fuerte. Y nos dice: yo la eleg\u00ed a Patricia porque representa el momento bisagra que estamos viviendo, el cambio cultural, el coraje que hay que tener en esta Argentina tan turbulenta. Es la \u00fanica que puede llevar adelante todos los cambios que necesita la Argentina\u201d, enfatiz\u00f3.<\/span><\/h3>\n<h3 class=\"yiv7409174924ydp6329976emsonormal\" style=\"background: white;\"><span style=\"font-family: 'Arial','sans-serif'; color: #1d2228;\">Almena destac\u00f3 \u201cla decisi\u00f3n, la valent\u00eda y el equipo\u201d que distinguen a la ex ministra de Seguridad. \u201cEse apoyo es como que te dicen: che, asegurate que el 13 de agosto Patricia Bullrich va a ser la presidente. El propio vecino te quiere convencer a vos que sos el candidato\u201d, concluy\u00f3.<\/span><\/h3>\n<p>&nbsp;<\/p>\n<div style=\"width: 640px;\" class=\"wp-video\"><!--[if lt IE 9]><script>document.createElement('video');<\/script><![endif]-->\n<video class=\"wp-video-shortcode\" id=\"video-1446-1\" width=\"640\" height=\"272\" preload=\"metadata\" controls=\"controls\"><source type=\"video\/mp4\" src=\"https:\/\/apuntesdesanluis.com\/wp-content\/uploads\/2023\/08\/Video-de-WhatsApp-2023-08-11-a-las-01.19.57.mp4?_=1\" \/><a href=\"https:\/\/apuntesdesanluis.com\/wp-content\/uploads\/2023\/08\/Video-de-WhatsApp-2023-08-11-a-las-01.19.57.mp4\">https:\/\/apuntesdesanluis.com\/wp-content\/uploads\/2023\/08\/Video-de-WhatsApp-2023-08-11-a-las-01.19.57.mp4<\/a><\/video><\/div>\n<p>&nbsp;<\/p>\n<p>&nbsp;<\/p>\n<p>&nbsp;<\/p>\n","protected":false},"excerpt":{"rendered":"<p>As\u00ed lo asegur\u00f3 el candidato a diputado nacional por La Fuerza del Cambio, Carlos Almena,&#8230;<\/p>\n","protected":false},"author":1,"featured_media":1448,"comment_status":"closed","ping_status":"closed","sticky":false,"template":"","format":"standard","meta":{"footnotes":""},"categories":[6],"tags":[],"class_list":["post-1446","post","type-post","status-publish","format-standard","has-post-thumbnail","hentry","category-ciudad-provincia"],"yoast_head":"<!-- This site is optimized with the Yoast SEO plugin v26.1.1 - https:\/\/yoast.com\/wordpress\/plugins\/seo\/ -->\n<title>\u201cLA GENTE CUANDO NOS PIDE EL VOTO NOS JUSTIFICA PORQU\u00c9 VA A VOTAR A PATRICIA\u201d - Apuntes de San Luis<\/title>\n<meta name=\"robots\" content=\"index, follow, max-snippet:-1, max-image-preview:large, max-video-preview:-1\" \/>\n<link rel=\"canonical\" href=\"https:\/\/apuntesdesanluis.com\/index.php\/2023\/08\/10\/la-gente-cuando-nos-pide-el-voto-nos-justifica-porque-va-a-votar-a-patricia\/\" \/>\n<meta property=\"og:locale\" content=\"es_ES\" \/>\n<meta property=\"og:type\" content=\"article\" \/>\n<meta property=\"og:title\" content=\"\u201cLA GENTE CUANDO NOS PIDE EL VOTO NOS JUSTIFICA PORQU\u00c9 VA A VOTAR A PATRICIA\u201d - Apuntes de San Luis\" \/>\n<meta property=\"og:description\" content=\"As\u00ed lo asegur\u00f3 el candidato a diputado nacional por La Fuerza del Cambio, Carlos Almena,...\" \/>\n<meta property=\"og:url\" content=\"https:\/\/apuntesdesanluis.com\/index.php\/2023\/08\/10\/la-gente-cuando-nos-pide-el-voto-nos-justifica-porque-va-a-votar-a-patricia\/\" \/>\n<meta property=\"og:site_name\" content=\"Apuntes de San Luis\" \/>\n<meta property=\"article:published_time\" content=\"2023-08-11T02:34:12+00:00\" \/>\n<meta property=\"article:modified_time\" content=\"2023-08-11T11:35:19+00:00\" \/>\n<meta property=\"og:image\" content=\"https:\/\/apuntesdesanluis.com\/wp-content\/uploads\/2023\/08\/carlos-almena.png\" \/>\n\t<meta property=\"og:image:width\" content=\"691\" \/>\n\t<meta property=\"og:image:height\" content=\"446\" \/>\n\t<meta property=\"og:image:type\" content=\"image\/png\" \/>\n<meta name=\"author\" content=\"apuntesdesanluis.com\" \/>\n<meta name=\"twitter:card\" content=\"summary_large_image\" \/>\n<meta name=\"twitter:label1\" content=\"Escrito por\" \/>\n\t<meta name=\"twitter:data1\" content=\"apuntesdesanluis.com\" \/>\n\t<meta name=\"twitter:label2\" content=\"Tiempo de lectura\" \/>\n\t<meta name=\"twitter:data2\" content=\"1 minuto\" \/>\n<script type=\"application\/ld+json\" class=\"yoast-schema-graph\">{\"@context\":\"https:\/\/schema.org\",\"@graph\":[{\"@type\":\"Article\",\"@id\":\"https:\/\/apuntesdesanluis.com\/index.php\/2023\/08\/10\/la-gente-cuando-nos-pide-el-voto-nos-justifica-porque-va-a-votar-a-patricia\/#article\",\"isPartOf\":{\"@id\":\"https:\/\/apuntesdesanluis.com\/index.php\/2023\/08\/10\/la-gente-cuando-nos-pide-el-voto-nos-justifica-porque-va-a-votar-a-patricia\/\"},\"author\":{\"name\":\"apuntesdesanluis.com\",\"@id\":\"https:\/\/apuntesdesanluis.com\/#\/schema\/person\/b55151d52296fcce64d1a72538a70b90\"},\"headline\":\"\u201cLA GENTE CUANDO NOS PIDE EL VOTO NOS JUSTIFICA PORQU\u00c9 VA A VOTAR A PATRICIA\u201d\",\"datePublished\":\"2023-08-11T02:34:12+00:00\",\"dateModified\":\"2023-08-11T11:35:19+00:00\",\"mainEntityOfPage\":{\"@id\":\"https:\/\/apuntesdesanluis.com\/index.php\/2023\/08\/10\/la-gente-cuando-nos-pide-el-voto-nos-justifica-porque-va-a-votar-a-patricia\/\"},\"wordCount\":215,\"publisher\":{\"@id\":\"https:\/\/apuntesdesanluis.com\/#\/schema\/person\/b55151d52296fcce64d1a72538a70b90\"},\"image\":{\"@id\":\"https:\/\/apuntesdesanluis.com\/index.php\/2023\/08\/10\/la-gente-cuando-nos-pide-el-voto-nos-justifica-porque-va-a-votar-a-patricia\/#primaryimage\"},\"thumbnailUrl\":\"https:\/\/apuntesdesanluis.com\/wp-content\/uploads\/2023\/08\/carlos-almena.png\",\"articleSection\":[\"Ciudad\/Provincia\"],\"inLanguage\":\"es-AR\"},{\"@type\":\"WebPage\",\"@id\":\"https:\/\/apuntesdesanluis.com\/index.php\/2023\/08\/10\/la-gente-cuando-nos-pide-el-voto-nos-justifica-porque-va-a-votar-a-patricia\/\",\"url\":\"https:\/\/apuntesdesanluis.com\/index.php\/2023\/08\/10\/la-gente-cuando-nos-pide-el-voto-nos-justifica-porque-va-a-votar-a-patricia\/\",\"name\":\"\u201cLA GENTE CUANDO NOS PIDE EL VOTO NOS JUSTIFICA PORQU\u00c9 VA A VOTAR A PATRICIA\u201d - Apuntes de San Luis\",\"isPartOf\":{\"@id\":\"https:\/\/apuntesdesanluis.com\/#website\"},\"primaryImageOfPage\":{\"@id\":\"https:\/\/apuntesdesanluis.com\/index.php\/2023\/08\/10\/la-gente-cuando-nos-pide-el-voto-nos-justifica-porque-va-a-votar-a-patricia\/#primaryimage\"},\"image\":{\"@id\":\"https:\/\/apuntesdesanluis.com\/index.php\/2023\/08\/10\/la-gente-cuando-nos-pide-el-voto-nos-justifica-porque-va-a-votar-a-patricia\/#primaryimage\"},\"thumbnailUrl\":\"https:\/\/apuntesdesanluis.com\/wp-content\/uploads\/2023\/08\/carlos-almena.png\",\"datePublished\":\"2023-08-11T02:34:12+00:00\",\"dateModified\":\"2023-08-11T11:35:19+00:00\",\"breadcrumb\":{\"@id\":\"https:\/\/apuntesdesanluis.com\/index.php\/2023\/08\/10\/la-gente-cuando-nos-pide-el-voto-nos-justifica-porque-va-a-votar-a-patricia\/#breadcrumb\"},\"inLanguage\":\"es-AR\",\"potentialAction\":[{\"@type\":\"ReadAction\",\"target\":[\"https:\/\/apuntesdesanluis.com\/index.php\/2023\/08\/10\/la-gente-cuando-nos-pide-el-voto-nos-justifica-porque-va-a-votar-a-patricia\/\"]}]},{\"@type\":\"ImageObject\",\"inLanguage\":\"es-AR\",\"@id\":\"https:\/\/apuntesdesanluis.com\/index.php\/2023\/08\/10\/la-gente-cuando-nos-pide-el-voto-nos-justifica-porque-va-a-votar-a-patricia\/#primaryimage\",\"url\":\"https:\/\/apuntesdesanluis.com\/wp-content\/uploads\/2023\/08\/carlos-almena.png\",\"contentUrl\":\"https:\/\/apuntesdesanluis.com\/wp-content\/uploads\/2023\/08\/carlos-almena.png\",\"width\":691,\"height\":446},{\"@type\":\"BreadcrumbList\",\"@id\":\"https:\/\/apuntesdesanluis.com\/index.php\/2023\/08\/10\/la-gente-cuando-nos-pide-el-voto-nos-justifica-porque-va-a-votar-a-patricia\/#breadcrumb\",\"itemListElement\":[{\"@type\":\"ListItem\",\"position\":1,\"name\":\"Inicio\",\"item\":\"https:\/\/apuntesdesanluis.com\/\"},{\"@type\":\"ListItem\",\"position\":2,\"name\":\"\u201cLA GENTE CUANDO NOS PIDE EL VOTO NOS JUSTIFICA PORQU\u00c9 VA A VOTAR A PATRICIA\u201d\"}]},{\"@type\":\"WebSite\",\"@id\":\"https:\/\/apuntesdesanluis.com\/#website\",\"url\":\"https:\/\/apuntesdesanluis.com\/\",\"name\":\"Apuntes de San Luis\",\"description\":\"\",\"publisher\":{\"@id\":\"https:\/\/apuntesdesanluis.com\/#\/schema\/person\/b55151d52296fcce64d1a72538a70b90\"},\"potentialAction\":[{\"@type\":\"SearchAction\",\"target\":{\"@type\":\"EntryPoint\",\"urlTemplate\":\"https:\/\/apuntesdesanluis.com\/?s={search_term_string}\"},\"query-input\":{\"@type\":\"PropertyValueSpecification\",\"valueRequired\":true,\"valueName\":\"search_term_string\"}}],\"inLanguage\":\"es-AR\"},{\"@type\":[\"Person\",\"Organization\"],\"@id\":\"https:\/\/apuntesdesanluis.com\/#\/schema\/person\/b55151d52296fcce64d1a72538a70b90\",\"name\":\"apuntesdesanluis.com\",\"image\":{\"@type\":\"ImageObject\",\"inLanguage\":\"es-AR\",\"@id\":\"https:\/\/apuntesdesanluis.com\/#\/schema\/person\/image\/\",\"url\":\"https:\/\/apuntesdesanluis.com\/wp-content\/uploads\/2023\/07\/cropped-apuntesdesanluis.png\",\"contentUrl\":\"https:\/\/apuntesdesanluis.com\/wp-content\/uploads\/2023\/07\/cropped-apuntesdesanluis.png\",\"width\":450,\"height\":112,\"caption\":\"apuntesdesanluis.com\"},\"logo\":{\"@id\":\"https:\/\/apuntesdesanluis.com\/#\/schema\/person\/image\/\"},\"sameAs\":[\"https:\/\/apuntesdesanluis.com\"],\"url\":\"https:\/\/apuntesdesanluis.com\/index.php\/author\/apuntesdesanluis-com\/\"}]}<\/script>\n<!-- \/ Yoast SEO plugin. -->","yoast_head_json":{"title":"\u201cLA GENTE CUANDO NOS PIDE EL VOTO NOS JUSTIFICA PORQU\u00c9 VA A VOTAR A PATRICIA\u201d - Apuntes de San Luis","robots":{"index":"index","follow":"follow","max-snippet":"max-snippet:-1","max-image-preview":"max-image-preview:large","max-video-preview":"max-video-preview:-1"},"canonical":"https:\/\/apuntesdesanluis.com\/index.php\/2023\/08\/10\/la-gente-cuando-nos-pide-el-voto-nos-justifica-porque-va-a-votar-a-patricia\/","og_locale":"es_ES","og_type":"article","og_title":"\u201cLA GENTE CUANDO NOS PIDE EL VOTO NOS JUSTIFICA PORQU\u00c9 VA A VOTAR A PATRICIA\u201d - Apuntes de San Luis","og_description":"As\u00ed lo asegur\u00f3 el candidato a diputado nacional por La Fuerza del Cambio, Carlos Almena,...","og_url":"https:\/\/apuntesdesanluis.com\/index.php\/2023\/08\/10\/la-gente-cuando-nos-pide-el-voto-nos-justifica-porque-va-a-votar-a-patricia\/","og_site_name":"Apuntes de San Luis","article_published_time":"2023-08-11T02:34:12+00:00","article_modified_time":"2023-08-11T11:35:19+00:00","og_image":[{"width":691,"height":446,"url":"https:\/\/apuntesdesanluis.com\/wp-content\/uploads\/2023\/08\/carlos-almena.png","type":"image\/png"}],"author":"apuntesdesanluis.com","twitter_card":"summary_large_image","twitter_misc":{"Escrito por":"apuntesdesanluis.com","Tiempo de lectura":"1 minuto"},"schema":{"@context":"https:\/\/schema.org","@graph":[{"@type":"Article","@id":"https:\/\/apuntesdesanluis.com\/index.php\/2023\/08\/10\/la-gente-cuando-nos-pide-el-voto-nos-justifica-porque-va-a-votar-a-patricia\/#article","isPartOf":{"@id":"https:\/\/apuntesdesanluis.com\/index.php\/2023\/08\/10\/la-gente-cuando-nos-pide-el-voto-nos-justifica-porque-va-a-votar-a-patricia\/"},"author":{"name":"apuntesdesanluis.com","@id":"https:\/\/apuntesdesanluis.com\/#\/schema\/person\/b55151d52296fcce64d1a72538a70b90"},"headline":"\u201cLA GENTE CUANDO NOS PIDE EL VOTO NOS JUSTIFICA PORQU\u00c9 VA A VOTAR A PATRICIA\u201d","datePublished":"2023-08-11T02:34:12+00:00","dateModified":"2023-08-11T11:35:19+00:00","mainEntityOfPage":{"@id":"https:\/\/apuntesdesanluis.com\/index.php\/2023\/08\/10\/la-gente-cuando-nos-pide-el-voto-nos-justifica-porque-va-a-votar-a-patricia\/"},"wordCount":215,"publisher":{"@id":"https:\/\/apuntesdesanluis.com\/#\/schema\/person\/b55151d52296fcce64d1a72538a70b90"},"image":{"@id":"https:\/\/apuntesdesanluis.com\/index.php\/2023\/08\/10\/la-gente-cuando-nos-pide-el-voto-nos-justifica-porque-va-a-votar-a-patricia\/#primaryimage"},"thumbnailUrl":"https:\/\/apuntesdesanluis.com\/wp-content\/uploads\/2023\/08\/carlos-almena.png","articleSection":["Ciudad\/Provincia"],"inLanguage":"es-AR"},{"@type":"WebPage","@id":"https:\/\/apuntesdesanluis.com\/index.php\/2023\/08\/10\/la-gente-cuando-nos-pide-el-voto-nos-justifica-porque-va-a-votar-a-patricia\/","url":"https:\/\/apuntesdesanluis.com\/index.php\/2023\/08\/10\/la-gente-cuando-nos-pide-el-voto-nos-justifica-porque-va-a-votar-a-patricia\/","name":"\u201cLA GENTE CUANDO NOS PIDE EL VOTO NOS JUSTIFICA PORQU\u00c9 VA A VOTAR A PATRICIA\u201d - Apuntes de San Luis","isPartOf":{"@id":"https:\/\/apuntesdesanluis.com\/#website"},"primaryImageOfPage":{"@id":"https:\/\/apuntesdesanluis.com\/index.php\/2023\/08\/10\/la-gente-cuando-nos-pide-el-voto-nos-justifica-porque-va-a-votar-a-patricia\/#primaryimage"},"image":{"@id":"https:\/\/apuntesdesanluis.com\/index.php\/2023\/08\/10\/la-gente-cuando-nos-pide-el-voto-nos-justifica-porque-va-a-votar-a-patricia\/#primaryimage"},"thumbnailUrl":"https:\/\/apuntesdesanluis.com\/wp-content\/uploads\/2023\/08\/carlos-almena.png","datePublished":"2023-08-11T02:34:12+00:00","dateModified":"2023-08-11T11:35:19+00:00","breadcrumb":{"@id":"https:\/\/apuntesdesanluis.com\/index.php\/2023\/08\/10\/la-gente-cuando-nos-pide-el-voto-nos-justifica-porque-va-a-votar-a-patricia\/#breadcrumb"},"inLanguage":"es-AR","potentialAction":[{"@type":"ReadAction","target":["https:\/\/apuntesdesanluis.com\/index.php\/2023\/08\/10\/la-gente-cuando-nos-pide-el-voto-nos-justifica-porque-va-a-votar-a-patricia\/"]}]},{"@type":"ImageObject","inLanguage":"es-AR","@id":"https:\/\/apuntesdesanluis.com\/index.php\/2023\/08\/10\/la-gente-cuando-nos-pide-el-voto-nos-justifica-porque-va-a-votar-a-patricia\/#primaryimage","url":"https:\/\/apuntesdesanluis.com\/wp-content\/uploads\/2023\/08\/carlos-almena.png","contentUrl":"https:\/\/apuntesdesanluis.com\/wp-content\/uploads\/2023\/08\/carlos-almena.png","width":691,"height":446},{"@type":"BreadcrumbList","@id":"https:\/\/apuntesdesanluis.com\/index.php\/2023\/08\/10\/la-gente-cuando-nos-pide-el-voto-nos-justifica-porque-va-a-votar-a-patricia\/#breadcrumb","itemListElement":[{"@type":"ListItem","position":1,"name":"Inicio","item":"https:\/\/apuntesdesanluis.com\/"},{"@type":"ListItem","position":2,"name":"\u201cLA GENTE CUANDO NOS PIDE EL VOTO NOS JUSTIFICA PORQU\u00c9 VA A VOTAR A PATRICIA\u201d"}]},{"@type":"WebSite","@id":"https:\/\/apuntesdesanluis.com\/#website","url":"https:\/\/apuntesdesanluis.com\/","name":"Apuntes de San Luis","description":"","publisher":{"@id":"https:\/\/apuntesdesanluis.com\/#\/schema\/person\/b55151d52296fcce64d1a72538a70b90"},"potentialAction":[{"@type":"SearchAction","target":{"@type":"EntryPoint","urlTemplate":"https:\/\/apuntesdesanluis.com\/?s={search_term_string}"},"query-input":{"@type":"PropertyValueSpecification","valueRequired":true,"valueName":"search_term_string"}}],"inLanguage":"es-AR"},{"@type":["Person","Organization"],"@id":"https:\/\/apuntesdesanluis.com\/#\/schema\/person\/b55151d52296fcce64d1a72538a70b90","name":"apuntesdesanluis.com","image":{"@type":"ImageObject","inLanguage":"es-AR","@id":"https:\/\/apuntesdesanluis.com\/#\/schema\/person\/image\/","url":"https:\/\/apuntesdesanluis.com\/wp-content\/uploads\/2023\/07\/cropped-apuntesdesanluis.png","contentUrl":"https:\/\/apuntesdesanluis.com\/wp-content\/uploads\/2023\/07\/cropped-apuntesdesanluis.png","width":450,"height":112,"caption":"apuntesdesanluis.com"},"logo":{"@id":"https:\/\/apuntesdesanluis.com\/#\/schema\/person\/image\/"},"sameAs":["https:\/\/apuntesdesanluis.com"],"url":"https:\/\/apuntesdesanluis.com\/index.php\/author\/apuntesdesanluis-com\/"}]}},"featured_image_urls":{"full":["https:\/\/apuntesdesanluis.com\/wp-content\/uploads\/2023\/08\/carlos-almena.png",691,446,false],"thumbnail":["https:\/\/apuntesdesanluis.com\/wp-content\/uploads\/2023\/08\/carlos-almena-150x150.png",150,150,true],"medium":["https:\/\/apuntesdesanluis.com\/wp-content\/uploads\/2023\/08\/carlos-almena-300x194.png",300,194,true],"medium_large":["https:\/\/apuntesdesanluis.com\/wp-content\/uploads\/2023\/08\/carlos-almena.png",640,413,false],"large":["https:\/\/apuntesdesanluis.com\/wp-content\/uploads\/2023\/08\/carlos-almena.png",640,413,false],"1536x1536":["https:\/\/apuntesdesanluis.com\/wp-content\/uploads\/2023\/08\/carlos-almena.png",691,446,false],"2048x2048":["https:\/\/apuntesdesanluis.com\/wp-content\/uploads\/2023\/08\/carlos-almena.png",691,446,false],"newsever-slider-full":["https:\/\/apuntesdesanluis.com\/wp-content\/uploads\/2023\/08\/carlos-almena.png",691,446,false],"newsever-featured":["https:\/\/apuntesdesanluis.com\/wp-content\/uploads\/2023\/08\/carlos-almena.png",691,446,false],"newsever-medium":["https:\/\/apuntesdesanluis.com\/wp-content\/uploads\/2023\/08\/carlos-almena.png",691,446,false]},"author_info":{"display_name":"apuntesdesanluis.com","author_link":"https:\/\/apuntesdesanluis.com\/index.php\/author\/apuntesdesanluis-com\/"},"category_info":"<a href=\"https:\/\/apuntesdesanluis.com\/index.php\/category\/ciudad-provincia\/\" rel=\"category tag\">Ciudad\/Provincia<\/a>","tag_info":"Ciudad\/Provincia","comment_count":"0","_links":{"self":[{"href":"https:\/\/apuntesdesanluis.com\/index.php\/wp-json\/wp\/v2\/posts\/1446","targetHints":{"allow":["GET"]}}],"collection":[{"href":"https:\/\/apuntesdesanluis.com\/index.php\/wp-json\/wp\/v2\/posts"}],"about":[{"href":"https:\/\/apuntesdesanluis.com\/index.php\/wp-json\/wp\/v2\/types\/post"}],"author":[{"embeddable":true,"href":"https:\/\/apuntesdesanluis.com\/index.php\/wp-json\/wp\/v2\/users\/1"}],"replies":[{"embeddable":true,"href":"https:\/\/apuntesdesanluis.com\/index.php\/wp-json\/wp\/v2\/comments?post=1446"}],"version-history":[{"count":3,"href":"https:\/\/apuntesdesanluis.com\/index.php\/wp-json\/wp\/v2\/posts\/1446\/revisions"}],"predecessor-version":[{"id":1451,"href":"https:\/\/apuntesdesanluis.com\/index.php\/wp-json\/wp\/v2\/posts\/1446\/revisions\/1451"}],"wp:featuredmedia":[{"embeddable":true,"href":"https:\/\/apuntesdesanluis.com\/index.php\/wp-json\/wp\/v2\/media\/1448"}],"wp:attachment":[{"href":"https:\/\/apuntesdesanluis.com\/index.php\/wp-json\/wp\/v2\/media?parent=1446"}],"wp:term":[{"taxonomy":"category","embeddable":true,"href":"https:\/\/apuntesdesanluis.com\/index.php\/wp-json\/wp\/v2\/categories?post=1446"},{"taxonomy":"post_tag","embeddable":true,"href":"https:\/\/apuntesdesanluis.com\/index.php\/wp-json\/wp\/v2\/tags?post=1446"}],"curies":[{"name":"wp","href":"https:\/\/api.w.org\/{rel}","templated":true}]}}