{"id":14461,"date":"2024-04-09T22:29:31","date_gmt":"2024-04-10T01:29:31","guid":{"rendered":"https:\/\/apuntesdesanluis.com\/?p=14461"},"modified":"2024-04-10T12:41:21","modified_gmt":"2024-04-10T15:41:21","slug":"el-rector-de-la-unsl-victor-morinigo-es-el-nuevo-presidente-del-cin","status":"publish","type":"post","link":"https:\/\/apuntesdesanluis.com\/index.php\/2024\/04\/09\/el-rector-de-la-unsl-victor-morinigo-es-el-nuevo-presidente-del-cin\/","title":{"rendered":"EL RECTOR DE LA UNSL, V\u00cdCTOR MORI\u00d1IGO, ES EL NUEVO PRESIDENTE DEL CIN"},"content":{"rendered":"<h3>El acad\u00e9mico puntano se convirti\u00f3 en el cuarto rector de la <strong>Universidad Nacional de San Luis<\/strong> en alcanzar la presidencia del <strong>Consejo Interuniversitario Nacional<\/strong>, el m\u00e1ximo organismo de representaci\u00f3n de las universidades nacionales de todo el pa\u00eds.<\/h3>\n<h3>En otro contexto y con mucho menos universidades, hab\u00edan ocupado antes ese sitial <strong>Alberto Puchm\u00fcller<\/strong> (27\/06\/1991 &#8211; 05\/03\/1992), <strong>Esther Picco<\/strong> (05\/08\/1997 &#8211; 10\/12\/1997) y <strong>Germ\u00e1n Arias<\/strong> (23\/09\/2006 &#8211; 30\/03\/2007).<\/h3>\n<h3>En la oportunidad, las rectoras y los rectores de las universidades p\u00fablicas argentinas emitieron una declaraci\u00f3n en la que manifestaron &#8220;que la situaci\u00f3n econ\u00f3mica financiera que atraviesa el sistema universitario p\u00fablico es grave y necesita urgente respuesta por parte de los poderes del Estado nacional&#8221;. (Ver documento aparte)<\/h3>\n<h3>En di\u00e1logo con <span style=\"color: #000000;\"><strong>Apuntes de San Luis<\/strong><\/span>, el flamante presidente del CIN aclar\u00f3 que \u201cesta designaci\u00f3n constituye una enorme responsabilidad, porque estoy representando de alguna manera a mi provincia. No pienso en t\u00e9rminos personales, a mi ego esto no le hace falta. Interpreto que han confiado en mi persona para defender un valor social y un derecho humano trascendental, que es la educaci\u00f3n p\u00fablica universitaria\u201d.<\/h3>\n<h3>Mori\u00f1igo agreg\u00f3 que \u201cestamos ante un momento hist\u00f3rico, bisagra, donde debemos tener claro d\u00f3nde estamos parados y cu\u00e1les son los valores que defendemos. El gobierno nacional tiene legitimidad electoral, eso nadie lo discute, pero de ninguna manera eso constituye un cheque en blanco para que se lleve puesto todo, incluso la educaci\u00f3n p\u00fablica, la ciencia y la investigaci\u00f3n\u201d, enfatiz\u00f3.<\/h3>\n<p><img fetchpriority=\"high\" decoding=\"async\" class=\"wp-image-14464 aligncenter\" src=\"https:\/\/apuntesdesanluis.com\/wp-content\/uploads\/2024\/04\/plenario-300x166.png\" alt=\"\" width=\"652\" height=\"361\" srcset=\"https:\/\/apuntesdesanluis.com\/wp-content\/uploads\/2024\/04\/plenario-300x166.png 300w, https:\/\/apuntesdesanluis.com\/wp-content\/uploads\/2024\/04\/plenario-1024x565.png 1024w, https:\/\/apuntesdesanluis.com\/wp-content\/uploads\/2024\/04\/plenario-768x424.png 768w, https:\/\/apuntesdesanluis.com\/wp-content\/uploads\/2024\/04\/plenario.png 1123w\" sizes=\"(max-width: 652px) 100vw, 652px\" \/><\/p>\n<h3>De todos modos, se mostr\u00f3 optimista en que \u201ca partir del di\u00e1logo y la racionalidad el gobierno nacional comprenda que ning\u00fan pa\u00eds puede desarrollarse, progresar y ponerse a la vanguardia sin un sistema universitario prestigioso y de calidad, como es el que tiene nuestro pa\u00eds\u201d.<\/h3>\n<h3>Ejemplific\u00f3 que \u201crecientemente el Ranking Scimago (SIR) del a\u00f1o 2024, ubic\u00f3 en el primer lugar en el ranking de Latinoam\u00e9rica al Consejo Nacional de Investigaciones Cient\u00edficas y T\u00e9cnicas (CONICET), consolidando su posici\u00f3n como l\u00edder indiscutible en el campo de la investigaci\u00f3n cient\u00edfica en Am\u00e9rica Latina, superando a instituciones de M\u00e9xico, Chile y Brasil. \u00bfC\u00f3mo puede alguien estar pensando en cerrarlo o privatizarlo?\u201d, se pregunt\u00f3.<\/h3>\n<h3>\u201cEn mi exposici\u00f3n ante los colegas rectores de todo el pa\u00eds les dije, y as\u00ed lo reitero, que es nuestra obligaci\u00f3n defender esta universidad p\u00fablica, esta concepci\u00f3n. No s\u00f3lo porque nos va a sacar adelante como pa\u00eds, no s\u00f3lo porque es la principal tabla de movilidad social, sino porque es un derecho humano universal que estamos obligados a defender\u201d.<\/h3>\n<h3>Tambi\u00e9n expres\u00f3 su orgullo y agradecimiento a sus pares de universidades de todo el pa\u00eds, por haberlo elegido &#8220;por unanimidad, en estos dif\u00edciles momentos que atravesamos. Con Oscar Alpa tenemos conciencia que la parada -como dicen los criollos- es brava. Nunca las universidades han atravesado una crisis de financiamiento tan complicada, que pone en riesgo nuestra propia subsistencia. Pero me siento fuerte, confiado y muy respaldado por mis colegas, para dar la batalla que se necesita, a partir de la unidad, el di\u00e1logo y el sentido com\u00fan&#8221;.<\/h3>\n<h3><strong>PLENARIO\u00a0 <\/strong><\/h3>\n<h3>Autoridades de las 73 instituciones universitarias miembros de todo el pa\u00eds participaron del encuentro de manera presencial o mediante conexi\u00f3n remota, con la organizaci\u00f3n de la Universidad Nacional de San Mart\u00edn (UNSAM), en la localidad hom\u00f3nima de la provincia de Buenos Aires.<\/h3>\n<h3>\u00abEste evento propone un debate profundo y sincero sobre lo que entendemos necesario para el desarrollo del pa\u00eds\u00bb, explic\u00f3 el presidente y rector anfitri\u00f3n, Carlos Greco. \u00abPlanteamos que se establezca, hoy en d\u00eda y en una visi\u00f3n a futuro, que la educaci\u00f3n superior es una pol\u00edtica de Estado\u00bb, complet\u00f3 antes de iniciar el di\u00e1logo del pleno con el secretario de Educaci\u00f3n, <strong>Carlos Torrendell<\/strong>, y con el subsecretario de Pol\u00edticas Universitarias, <strong>Alejandro \u00c1lvarez<\/strong>, representantes del Ejecutivo nacional que asistieron a la actividad.<\/h3>\n<h3><strong>Fernando Moreira<\/strong>, intendente del partido de San Mart\u00edn, locaci\u00f3n de la UNSAM y del plenario, integr\u00f3 el acto de apertura del evento. \u00abEs un orgullo y un honor poder recibirlos\u00bb, celebr\u00f3. \u00abEl desarrollo que necesita nuestro pa\u00eds se ha de conseguir con m\u00e1s y mejor educaci\u00f3n p\u00fablica, estoy seguro\u00bb, agreg\u00f3.<\/h3>\n<h3>El evento culmin\u00f3 con la elecci\u00f3n de las nuevas autoridades para la gesti\u00f3n 2024-2025. El rector de la Universidad Nacional de San Luis, <strong>V\u00edctor Mori\u00f1igo<\/strong>, fue electo nuevo presidente del CIN y el rector de la Universidad Nacional de La Pampa, <strong>Oscar Alpa<\/strong>, el vicepresidente.<\/h3>\n<p><img decoding=\"async\" class=\"wp-image-14476 aligncenter\" src=\"https:\/\/apuntesdesanluis.com\/wp-content\/uploads\/2024\/04\/morinigo-alpa-apuntes-san-luis-300x182.png\" alt=\"\" width=\"575\" height=\"349\" srcset=\"https:\/\/apuntesdesanluis.com\/wp-content\/uploads\/2024\/04\/morinigo-alpa-apuntes-san-luis-300x182.png 300w, https:\/\/apuntesdesanluis.com\/wp-content\/uploads\/2024\/04\/morinigo-alpa-apuntes-san-luis.png 708w\" sizes=\"(max-width: 575px) 100vw, 575px\" \/><\/p>\n<h4 style=\"text-align: center;\"><em>V\u00edctor Mori\u00f1igo y Oscar Alpa, presidente y vice del CIN.<\/em><\/h4>\n<h3>El Comit\u00e9 Ejecutivo, en la misma l\u00ednea, qued\u00f3 conformado por las Universidades Nacionales de General Sarmiento, La Plata, Jos\u00e9 C. Paz, Guillermo Brown, R\u00edo Cuarto, Mar del Plata, Cuyo, R\u00edo Negro, Entre R\u00edos, Nordeste, Misiones y Tecnol\u00f3gica.<\/h3>\n<h3>Sus autoridades superiores presidir\u00e1n, en ese orden, las Comisiones de Asuntos Acad\u00e9micos; Acreditaci\u00f3n; Ciencia, T\u00e9cnica y Arte; Comunicaci\u00f3n y Medios; Conectividad y Sistemas de Informaci\u00f3n; Asuntos Econ\u00f3micos; Extensi\u00f3n, Bienestar Universitario y Vinculaci\u00f3n Territorial; Relaciones Institucionales; Asuntos Internacionales; Planeamiento; Posgrado; y Vinculaci\u00f3n Tecnol\u00f3gica.<\/h3>\n<h3>De igual manera, las vicepresidencias de las mismas comisiones quedan a cargo de las Universidades Nacionales de San Antonio de Areco, Patagonia San Juan Bosco, Sur, Comechingones, Luj\u00e1n, San Mart\u00edn, Centro de la Provincia de Buenos Aires, Rosario, Noroeste de la Provincia de Buenos Aires, Salta, C\u00f3rdoba y Litoral.<\/h3>\n<p><img decoding=\"async\" class=\"wp-image-14465 aligncenter\" src=\"https:\/\/apuntesdesanluis.com\/wp-content\/uploads\/2024\/04\/cin-en-plenario-300x149.png\" alt=\"\" width=\"721\" height=\"358\" srcset=\"https:\/\/apuntesdesanluis.com\/wp-content\/uploads\/2024\/04\/cin-en-plenario-300x149.png 300w, https:\/\/apuntesdesanluis.com\/wp-content\/uploads\/2024\/04\/cin-en-plenario.png 733w\" sizes=\"(max-width: 721px) 100vw, 721px\" \/><\/p>\n<h3>Con el acompa\u00f1amiento de las representaciones de las entidades gremiales docentes, estudiantiles y la nodocente, el plenario acord\u00f3, por unanimidad, apoyar y convocar una marcha nacional en defensa del sistema universitario p\u00fablico argentino el 23 de abril pr\u00f3ximo. En ese sentido, se aprob\u00f3 una declaraci\u00f3n que describe la situaci\u00f3n actual del sistema universitario p\u00fablico y el d\u00eda viernes 12 de abril se realizar\u00e1 una nueva reuni\u00f3n para acordar la metodolog\u00eda de la marcha junto con el frente gremial y la Federaci\u00f3n Universitaria Argentina (FUA).<\/h3>\n<h3>\u00abAgradezco a las y los colegas que siempre conf\u00edan en seguir para adelante\u00bb, celebr\u00f3 Alpa en sus primeras palabras como vicepresidente del Cuerpo de rectoras y rectores. \u00abTenemos que seguir trabajando positivamente defendiendo lo que creemos, estoy a disposici\u00f3n para ello\u00bb, a\u00f1adi\u00f3.<\/h3>\n<h3>El flamante presidente V\u00edctor Mori\u00f1igo destac\u00f3 la gesti\u00f3n de \u00abconvivencia sana, madura y con respeto\u00bb que caracteriza al CIN en casi 40 a\u00f1os desde su creaci\u00f3n.<\/h3>\n<h3>\u00abNuestras banderas del consenso respetan la autonom\u00eda universitaria, para ponernos de acuerdo incluso en lo que no estamos de acuerdo, porque la universidad argentina es aquella que cuida la delicada humanidad de las personas\u00bb, subray\u00f3 Mori\u00f1igo y cerr\u00f3: \u00abCuando se nace pobre estudiar es un acto de rebeld\u00eda enorme. No hay verdadera libertad sin educaci\u00f3n\u00bb.<\/h3>\n<h3><strong>MARCELO SOSA<\/strong><\/h3>\n<h3>Por su parte el rector <strong>Marcelo Sosa<\/strong>, de la UNViMe, se\u00f1al\u00f3 tras la elecci\u00f3n de nuevas autoridades: \u201cEs una distinci\u00f3n para el gran trabajo de V\u00edctor, un reconocimiento a su dilatada trayectoria en el sistema universitario y un acto de confianza en estas dif\u00edciles \u00e9pocas. La UNViMe se compromete a colaborar activamente con la gesti\u00f3n del flamante Presidente y del Vicepresidente \u00d3scar Alpa\u201d.<\/h3>\n<p><img loading=\"lazy\" decoding=\"async\" class=\"wp-image-14466 aligncenter\" src=\"https:\/\/apuntesdesanluis.com\/wp-content\/uploads\/2024\/04\/MORINIGO-SOSA-AGUSTINA-300x203.jpg\" alt=\"\" width=\"634\" height=\"429\" srcset=\"https:\/\/apuntesdesanluis.com\/wp-content\/uploads\/2024\/04\/MORINIGO-SOSA-AGUSTINA-300x203.jpg 300w, https:\/\/apuntesdesanluis.com\/wp-content\/uploads\/2024\/04\/MORINIGO-SOSA-AGUSTINA.jpg 575w\" sizes=\"(max-width: 634px) 100vw, 634px\" \/><\/p>\n<h3>En el encuentro tambi\u00e9n particip\u00f3 la rectora de la Universidad Nacional de Los Comechingones, <strong>Agustina Rodr\u00edguez Sa\u00e1<\/strong>.<\/h3>\n<h3>El titular de la Universidad Nacional de Villa Mercedes, que particip\u00f3 por primera vez en una reuni\u00f3n plenaria del m\u00e1ximo organismo y recibi\u00f3 la bienvenida de sus pares, apunt\u00f3 que durante el encuentro \u201ccolegas de todas las universidades expresaron su preocupaci\u00f3n por el dif\u00edcil momento que atraviesa el sistema universitario, a partir del desfinanciamiento a que nos someten las pol\u00edticas nacionales\u201d.<\/h3>\n<h3>\u201cPara San Luis y particularmente la UNViMe es un motivo de orgullo y un reconocimiento hacia el trabajo que desarrolla V\u00edctor Mori\u00f1igo, sin dudas lo tiene ampliamente merecido y me pone muy contento, al igual que la designaci\u00f3n de Oscar Alpa, rector de la Universidad Nacional de La Pampa, un excelente profesional y ambos absolutamente comprometidos con la defensa de la educaci\u00f3n p\u00fablica y el sistema de ciencia y t\u00e9cnica de nuestro pa\u00eds\u201d, concluy\u00f3.<\/h3>\n<p>&nbsp;<\/p>\n<h3><a href=\"https:\/\/www.cin.edu.ar\/convocamos-a-defender-la-educacion-publica-la-ciencia-y-el-sistema-universitario-nacional\/\" target=\"_blank\" rel=\"noopener\"><span style=\"color: #3366ff;\">DECLARACI\u00d3N DEL CIN<\/span><\/a><\/h3>\n<p>&nbsp;<\/p>\n<p>&nbsp;<\/p>\n<p>&nbsp;<\/p>\n","protected":false},"excerpt":{"rendered":"<p>El acad\u00e9mico puntano se convirti\u00f3 en el cuarto rector de la Universidad Nacional de San&#8230;<\/p>\n","protected":false},"author":1,"featured_media":14463,"comment_status":"closed","ping_status":"closed","sticky":false,"template":"","format":"standard","meta":{"footnotes":""},"categories":[5],"tags":[],"class_list":["post-14461","post","type-post","status-publish","format-standard","has-post-thumbnail","hentry","category-nacionales-internacionales"],"yoast_head":"<!-- This site is optimized with the Yoast SEO plugin v26.1.1 - https:\/\/yoast.com\/wordpress\/plugins\/seo\/ -->\n<title>EL RECTOR DE LA UNSL, V\u00cdCTOR MORI\u00d1IGO, ES EL NUEVO PRESIDENTE DEL CIN - Apuntes de San Luis<\/title>\n<meta name=\"robots\" content=\"index, follow, max-snippet:-1, max-image-preview:large, max-video-preview:-1\" \/>\n<link rel=\"canonical\" href=\"https:\/\/apuntesdesanluis.com\/index.php\/2024\/04\/09\/el-rector-de-la-unsl-victor-morinigo-es-el-nuevo-presidente-del-cin\/\" \/>\n<meta property=\"og:locale\" content=\"es_ES\" \/>\n<meta property=\"og:type\" content=\"article\" \/>\n<meta property=\"og:title\" content=\"EL RECTOR DE LA UNSL, V\u00cdCTOR MORI\u00d1IGO, ES EL NUEVO PRESIDENTE DEL CIN - Apuntes de San Luis\" \/>\n<meta property=\"og:description\" content=\"El acad\u00e9mico puntano se convirti\u00f3 en el cuarto rector de la Universidad Nacional de San...\" \/>\n<meta property=\"og:url\" content=\"https:\/\/apuntesdesanluis.com\/index.php\/2024\/04\/09\/el-rector-de-la-unsl-victor-morinigo-es-el-nuevo-presidente-del-cin\/\" \/>\n<meta property=\"og:site_name\" content=\"Apuntes de San Luis\" \/>\n<meta property=\"article:published_time\" content=\"2024-04-10T01:29:31+00:00\" \/>\n<meta property=\"article:modified_time\" content=\"2024-04-10T15:41:21+00:00\" \/>\n<meta property=\"og:image\" content=\"https:\/\/apuntesdesanluis.com\/wp-content\/uploads\/2024\/04\/morinigo.png\" \/>\n\t<meta property=\"og:image:width\" content=\"632\" \/>\n\t<meta property=\"og:image:height\" content=\"369\" \/>\n\t<meta property=\"og:image:type\" content=\"image\/png\" \/>\n<meta name=\"author\" content=\"apuntesdesanluis.com\" \/>\n<meta name=\"twitter:card\" content=\"summary_large_image\" \/>\n<meta name=\"twitter:label1\" content=\"Escrito por\" \/>\n\t<meta name=\"twitter:data1\" content=\"apuntesdesanluis.com\" \/>\n\t<meta name=\"twitter:label2\" content=\"Tiempo de lectura\" \/>\n\t<meta name=\"twitter:data2\" content=\"7 minutos\" \/>\n<script type=\"application\/ld+json\" class=\"yoast-schema-graph\">{\"@context\":\"https:\/\/schema.org\",\"@graph\":[{\"@type\":\"Article\",\"@id\":\"https:\/\/apuntesdesanluis.com\/index.php\/2024\/04\/09\/el-rector-de-la-unsl-victor-morinigo-es-el-nuevo-presidente-del-cin\/#article\",\"isPartOf\":{\"@id\":\"https:\/\/apuntesdesanluis.com\/index.php\/2024\/04\/09\/el-rector-de-la-unsl-victor-morinigo-es-el-nuevo-presidente-del-cin\/\"},\"author\":{\"name\":\"apuntesdesanluis.com\",\"@id\":\"https:\/\/apuntesdesanluis.com\/#\/schema\/person\/b55151d52296fcce64d1a72538a70b90\"},\"headline\":\"EL RECTOR DE LA UNSL, V\u00cdCTOR MORI\u00d1IGO, ES EL NUEVO PRESIDENTE DEL CIN\",\"datePublished\":\"2024-04-10T01:29:31+00:00\",\"dateModified\":\"2024-04-10T15:41:21+00:00\",\"mainEntityOfPage\":{\"@id\":\"https:\/\/apuntesdesanluis.com\/index.php\/2024\/04\/09\/el-rector-de-la-unsl-victor-morinigo-es-el-nuevo-presidente-del-cin\/\"},\"wordCount\":1425,\"publisher\":{\"@id\":\"https:\/\/apuntesdesanluis.com\/#\/schema\/person\/b55151d52296fcce64d1a72538a70b90\"},\"image\":{\"@id\":\"https:\/\/apuntesdesanluis.com\/index.php\/2024\/04\/09\/el-rector-de-la-unsl-victor-morinigo-es-el-nuevo-presidente-del-cin\/#primaryimage\"},\"thumbnailUrl\":\"https:\/\/apuntesdesanluis.com\/wp-content\/uploads\/2024\/04\/morinigo.png\",\"articleSection\":[\"Nacionales\/Internacionales\"],\"inLanguage\":\"es-AR\"},{\"@type\":\"WebPage\",\"@id\":\"https:\/\/apuntesdesanluis.com\/index.php\/2024\/04\/09\/el-rector-de-la-unsl-victor-morinigo-es-el-nuevo-presidente-del-cin\/\",\"url\":\"https:\/\/apuntesdesanluis.com\/index.php\/2024\/04\/09\/el-rector-de-la-unsl-victor-morinigo-es-el-nuevo-presidente-del-cin\/\",\"name\":\"EL RECTOR DE LA UNSL, V\u00cdCTOR MORI\u00d1IGO, ES EL NUEVO PRESIDENTE DEL CIN - Apuntes de San Luis\",\"isPartOf\":{\"@id\":\"https:\/\/apuntesdesanluis.com\/#website\"},\"primaryImageOfPage\":{\"@id\":\"https:\/\/apuntesdesanluis.com\/index.php\/2024\/04\/09\/el-rector-de-la-unsl-victor-morinigo-es-el-nuevo-presidente-del-cin\/#primaryimage\"},\"image\":{\"@id\":\"https:\/\/apuntesdesanluis.com\/index.php\/2024\/04\/09\/el-rector-de-la-unsl-victor-morinigo-es-el-nuevo-presidente-del-cin\/#primaryimage\"},\"thumbnailUrl\":\"https:\/\/apuntesdesanluis.com\/wp-content\/uploads\/2024\/04\/morinigo.png\",\"datePublished\":\"2024-04-10T01:29:31+00:00\",\"dateModified\":\"2024-04-10T15:41:21+00:00\",\"breadcrumb\":{\"@id\":\"https:\/\/apuntesdesanluis.com\/index.php\/2024\/04\/09\/el-rector-de-la-unsl-victor-morinigo-es-el-nuevo-presidente-del-cin\/#breadcrumb\"},\"inLanguage\":\"es-AR\",\"potentialAction\":[{\"@type\":\"ReadAction\",\"target\":[\"https:\/\/apuntesdesanluis.com\/index.php\/2024\/04\/09\/el-rector-de-la-unsl-victor-morinigo-es-el-nuevo-presidente-del-cin\/\"]}]},{\"@type\":\"ImageObject\",\"inLanguage\":\"es-AR\",\"@id\":\"https:\/\/apuntesdesanluis.com\/index.php\/2024\/04\/09\/el-rector-de-la-unsl-victor-morinigo-es-el-nuevo-presidente-del-cin\/#primaryimage\",\"url\":\"https:\/\/apuntesdesanluis.com\/wp-content\/uploads\/2024\/04\/morinigo.png\",\"contentUrl\":\"https:\/\/apuntesdesanluis.com\/wp-content\/uploads\/2024\/04\/morinigo.png\",\"width\":632,\"height\":369},{\"@type\":\"BreadcrumbList\",\"@id\":\"https:\/\/apuntesdesanluis.com\/index.php\/2024\/04\/09\/el-rector-de-la-unsl-victor-morinigo-es-el-nuevo-presidente-del-cin\/#breadcrumb\",\"itemListElement\":[{\"@type\":\"ListItem\",\"position\":1,\"name\":\"Inicio\",\"item\":\"https:\/\/apuntesdesanluis.com\/\"},{\"@type\":\"ListItem\",\"position\":2,\"name\":\"EL RECTOR DE LA UNSL, V\u00cdCTOR MORI\u00d1IGO, ES EL NUEVO PRESIDENTE DEL CIN\"}]},{\"@type\":\"WebSite\",\"@id\":\"https:\/\/apuntesdesanluis.com\/#website\",\"url\":\"https:\/\/apuntesdesanluis.com\/\",\"name\":\"Apuntes de San Luis\",\"description\":\"\",\"publisher\":{\"@id\":\"https:\/\/apuntesdesanluis.com\/#\/schema\/person\/b55151d52296fcce64d1a72538a70b90\"},\"potentialAction\":[{\"@type\":\"SearchAction\",\"target\":{\"@type\":\"EntryPoint\",\"urlTemplate\":\"https:\/\/apuntesdesanluis.com\/?s={search_term_string}\"},\"query-input\":{\"@type\":\"PropertyValueSpecification\",\"valueRequired\":true,\"valueName\":\"search_term_string\"}}],\"inLanguage\":\"es-AR\"},{\"@type\":[\"Person\",\"Organization\"],\"@id\":\"https:\/\/apuntesdesanluis.com\/#\/schema\/person\/b55151d52296fcce64d1a72538a70b90\",\"name\":\"apuntesdesanluis.com\",\"image\":{\"@type\":\"ImageObject\",\"inLanguage\":\"es-AR\",\"@id\":\"https:\/\/apuntesdesanluis.com\/#\/schema\/person\/image\/\",\"url\":\"https:\/\/apuntesdesanluis.com\/wp-content\/uploads\/2023\/07\/cropped-apuntesdesanluis.png\",\"contentUrl\":\"https:\/\/apuntesdesanluis.com\/wp-content\/uploads\/2023\/07\/cropped-apuntesdesanluis.png\",\"width\":450,\"height\":112,\"caption\":\"apuntesdesanluis.com\"},\"logo\":{\"@id\":\"https:\/\/apuntesdesanluis.com\/#\/schema\/person\/image\/\"},\"sameAs\":[\"https:\/\/apuntesdesanluis.com\"],\"url\":\"https:\/\/apuntesdesanluis.com\/index.php\/author\/apuntesdesanluis-com\/\"}]}<\/script>\n<!-- \/ Yoast SEO plugin. -->","yoast_head_json":{"title":"EL RECTOR DE LA UNSL, V\u00cdCTOR MORI\u00d1IGO, ES EL NUEVO PRESIDENTE DEL CIN - Apuntes de San Luis","robots":{"index":"index","follow":"follow","max-snippet":"max-snippet:-1","max-image-preview":"max-image-preview:large","max-video-preview":"max-video-preview:-1"},"canonical":"https:\/\/apuntesdesanluis.com\/index.php\/2024\/04\/09\/el-rector-de-la-unsl-victor-morinigo-es-el-nuevo-presidente-del-cin\/","og_locale":"es_ES","og_type":"article","og_title":"EL RECTOR DE LA UNSL, V\u00cdCTOR MORI\u00d1IGO, ES EL NUEVO PRESIDENTE DEL CIN - Apuntes de San Luis","og_description":"El acad\u00e9mico puntano se convirti\u00f3 en el cuarto rector de la Universidad Nacional de San...","og_url":"https:\/\/apuntesdesanluis.com\/index.php\/2024\/04\/09\/el-rector-de-la-unsl-victor-morinigo-es-el-nuevo-presidente-del-cin\/","og_site_name":"Apuntes de San Luis","article_published_time":"2024-04-10T01:29:31+00:00","article_modified_time":"2024-04-10T15:41:21+00:00","og_image":[{"width":632,"height":369,"url":"https:\/\/apuntesdesanluis.com\/wp-content\/uploads\/2024\/04\/morinigo.png","type":"image\/png"}],"author":"apuntesdesanluis.com","twitter_card":"summary_large_image","twitter_misc":{"Escrito por":"apuntesdesanluis.com","Tiempo de lectura":"7 minutos"},"schema":{"@context":"https:\/\/schema.org","@graph":[{"@type":"Article","@id":"https:\/\/apuntesdesanluis.com\/index.php\/2024\/04\/09\/el-rector-de-la-unsl-victor-morinigo-es-el-nuevo-presidente-del-cin\/#article","isPartOf":{"@id":"https:\/\/apuntesdesanluis.com\/index.php\/2024\/04\/09\/el-rector-de-la-unsl-victor-morinigo-es-el-nuevo-presidente-del-cin\/"},"author":{"name":"apuntesdesanluis.com","@id":"https:\/\/apuntesdesanluis.com\/#\/schema\/person\/b55151d52296fcce64d1a72538a70b90"},"headline":"EL RECTOR DE LA UNSL, V\u00cdCTOR MORI\u00d1IGO, ES EL NUEVO PRESIDENTE DEL CIN","datePublished":"2024-04-10T01:29:31+00:00","dateModified":"2024-04-10T15:41:21+00:00","mainEntityOfPage":{"@id":"https:\/\/apuntesdesanluis.com\/index.php\/2024\/04\/09\/el-rector-de-la-unsl-victor-morinigo-es-el-nuevo-presidente-del-cin\/"},"wordCount":1425,"publisher":{"@id":"https:\/\/apuntesdesanluis.com\/#\/schema\/person\/b55151d52296fcce64d1a72538a70b90"},"image":{"@id":"https:\/\/apuntesdesanluis.com\/index.php\/2024\/04\/09\/el-rector-de-la-unsl-victor-morinigo-es-el-nuevo-presidente-del-cin\/#primaryimage"},"thumbnailUrl":"https:\/\/apuntesdesanluis.com\/wp-content\/uploads\/2024\/04\/morinigo.png","articleSection":["Nacionales\/Internacionales"],"inLanguage":"es-AR"},{"@type":"WebPage","@id":"https:\/\/apuntesdesanluis.com\/index.php\/2024\/04\/09\/el-rector-de-la-unsl-victor-morinigo-es-el-nuevo-presidente-del-cin\/","url":"https:\/\/apuntesdesanluis.com\/index.php\/2024\/04\/09\/el-rector-de-la-unsl-victor-morinigo-es-el-nuevo-presidente-del-cin\/","name":"EL RECTOR DE LA UNSL, V\u00cdCTOR MORI\u00d1IGO, ES EL NUEVO PRESIDENTE DEL CIN - Apuntes de San Luis","isPartOf":{"@id":"https:\/\/apuntesdesanluis.com\/#website"},"primaryImageOfPage":{"@id":"https:\/\/apuntesdesanluis.com\/index.php\/2024\/04\/09\/el-rector-de-la-unsl-victor-morinigo-es-el-nuevo-presidente-del-cin\/#primaryimage"},"image":{"@id":"https:\/\/apuntesdesanluis.com\/index.php\/2024\/04\/09\/el-rector-de-la-unsl-victor-morinigo-es-el-nuevo-presidente-del-cin\/#primaryimage"},"thumbnailUrl":"https:\/\/apuntesdesanluis.com\/wp-content\/uploads\/2024\/04\/morinigo.png","datePublished":"2024-04-10T01:29:31+00:00","dateModified":"2024-04-10T15:41:21+00:00","breadcrumb":{"@id":"https:\/\/apuntesdesanluis.com\/index.php\/2024\/04\/09\/el-rector-de-la-unsl-victor-morinigo-es-el-nuevo-presidente-del-cin\/#breadcrumb"},"inLanguage":"es-AR","potentialAction":[{"@type":"ReadAction","target":["https:\/\/apuntesdesanluis.com\/index.php\/2024\/04\/09\/el-rector-de-la-unsl-victor-morinigo-es-el-nuevo-presidente-del-cin\/"]}]},{"@type":"ImageObject","inLanguage":"es-AR","@id":"https:\/\/apuntesdesanluis.com\/index.php\/2024\/04\/09\/el-rector-de-la-unsl-victor-morinigo-es-el-nuevo-presidente-del-cin\/#primaryimage","url":"https:\/\/apuntesdesanluis.com\/wp-content\/uploads\/2024\/04\/morinigo.png","contentUrl":"https:\/\/apuntesdesanluis.com\/wp-content\/uploads\/2024\/04\/morinigo.png","width":632,"height":369},{"@type":"BreadcrumbList","@id":"https:\/\/apuntesdesanluis.com\/index.php\/2024\/04\/09\/el-rector-de-la-unsl-victor-morinigo-es-el-nuevo-presidente-del-cin\/#breadcrumb","itemListElement":[{"@type":"ListItem","position":1,"name":"Inicio","item":"https:\/\/apuntesdesanluis.com\/"},{"@type":"ListItem","position":2,"name":"EL RECTOR DE LA UNSL, V\u00cdCTOR MORI\u00d1IGO, ES EL NUEVO PRESIDENTE DEL CIN"}]},{"@type":"WebSite","@id":"https:\/\/apuntesdesanluis.com\/#website","url":"https:\/\/apuntesdesanluis.com\/","name":"Apuntes de San Luis","description":"","publisher":{"@id":"https:\/\/apuntesdesanluis.com\/#\/schema\/person\/b55151d52296fcce64d1a72538a70b90"},"potentialAction":[{"@type":"SearchAction","target":{"@type":"EntryPoint","urlTemplate":"https:\/\/apuntesdesanluis.com\/?s={search_term_string}"},"query-input":{"@type":"PropertyValueSpecification","valueRequired":true,"valueName":"search_term_string"}}],"inLanguage":"es-AR"},{"@type":["Person","Organization"],"@id":"https:\/\/apuntesdesanluis.com\/#\/schema\/person\/b55151d52296fcce64d1a72538a70b90","name":"apuntesdesanluis.com","image":{"@type":"ImageObject","inLanguage":"es-AR","@id":"https:\/\/apuntesdesanluis.com\/#\/schema\/person\/image\/","url":"https:\/\/apuntesdesanluis.com\/wp-content\/uploads\/2023\/07\/cropped-apuntesdesanluis.png","contentUrl":"https:\/\/apuntesdesanluis.com\/wp-content\/uploads\/2023\/07\/cropped-apuntesdesanluis.png","width":450,"height":112,"caption":"apuntesdesanluis.com"},"logo":{"@id":"https:\/\/apuntesdesanluis.com\/#\/schema\/person\/image\/"},"sameAs":["https:\/\/apuntesdesanluis.com"],"url":"https:\/\/apuntesdesanluis.com\/index.php\/author\/apuntesdesanluis-com\/"}]}},"featured_image_urls":{"full":["https:\/\/apuntesdesanluis.com\/wp-content\/uploads\/2024\/04\/morinigo.png",632,369,false],"thumbnail":["https:\/\/apuntesdesanluis.com\/wp-content\/uploads\/2024\/04\/morinigo-150x150.png",150,150,true],"medium":["https:\/\/apuntesdesanluis.com\/wp-content\/uploads\/2024\/04\/morinigo-300x175.png",300,175,true],"medium_large":["https:\/\/apuntesdesanluis.com\/wp-content\/uploads\/2024\/04\/morinigo.png",632,369,false],"large":["https:\/\/apuntesdesanluis.com\/wp-content\/uploads\/2024\/04\/morinigo.png",632,369,false],"1536x1536":["https:\/\/apuntesdesanluis.com\/wp-content\/uploads\/2024\/04\/morinigo.png",632,369,false],"2048x2048":["https:\/\/apuntesdesanluis.com\/wp-content\/uploads\/2024\/04\/morinigo.png",632,369,false],"newsever-slider-full":["https:\/\/apuntesdesanluis.com\/wp-content\/uploads\/2024\/04\/morinigo.png",632,369,false],"newsever-featured":["https:\/\/apuntesdesanluis.com\/wp-content\/uploads\/2024\/04\/morinigo.png",632,369,false],"newsever-medium":["https:\/\/apuntesdesanluis.com\/wp-content\/uploads\/2024\/04\/morinigo.png",632,369,false]},"author_info":{"display_name":"apuntesdesanluis.com","author_link":"https:\/\/apuntesdesanluis.com\/index.php\/author\/apuntesdesanluis-com\/"},"category_info":"<a href=\"https:\/\/apuntesdesanluis.com\/index.php\/category\/nacionales-internacionales\/\" rel=\"category tag\">Nacionales\/Internacionales<\/a>","tag_info":"Nacionales\/Internacionales","comment_count":"0","_links":{"self":[{"href":"https:\/\/apuntesdesanluis.com\/index.php\/wp-json\/wp\/v2\/posts\/14461","targetHints":{"allow":["GET"]}}],"collection":[{"href":"https:\/\/apuntesdesanluis.com\/index.php\/wp-json\/wp\/v2\/posts"}],"about":[{"href":"https:\/\/apuntesdesanluis.com\/index.php\/wp-json\/wp\/v2\/types\/post"}],"author":[{"embeddable":true,"href":"https:\/\/apuntesdesanluis.com\/index.php\/wp-json\/wp\/v2\/users\/1"}],"replies":[{"embeddable":true,"href":"https:\/\/apuntesdesanluis.com\/index.php\/wp-json\/wp\/v2\/comments?post=14461"}],"version-history":[{"count":7,"href":"https:\/\/apuntesdesanluis.com\/index.php\/wp-json\/wp\/v2\/posts\/14461\/revisions"}],"predecessor-version":[{"id":14479,"href":"https:\/\/apuntesdesanluis.com\/index.php\/wp-json\/wp\/v2\/posts\/14461\/revisions\/14479"}],"wp:featuredmedia":[{"embeddable":true,"href":"https:\/\/apuntesdesanluis.com\/index.php\/wp-json\/wp\/v2\/media\/14463"}],"wp:attachment":[{"href":"https:\/\/apuntesdesanluis.com\/index.php\/wp-json\/wp\/v2\/media?parent=14461"}],"wp:term":[{"taxonomy":"category","embeddable":true,"href":"https:\/\/apuntesdesanluis.com\/index.php\/wp-json\/wp\/v2\/categories?post=14461"},{"taxonomy":"post_tag","embeddable":true,"href":"https:\/\/apuntesdesanluis.com\/index.php\/wp-json\/wp\/v2\/tags?post=14461"}],"curies":[{"name":"wp","href":"https:\/\/api.w.org\/{rel}","templated":true}]}}