{"id":14486,"date":"2024-04-10T20:33:44","date_gmt":"2024-04-10T23:33:44","guid":{"rendered":"https:\/\/apuntesdesanluis.com\/?p=14486"},"modified":"2024-04-10T20:33:44","modified_gmt":"2024-04-10T23:33:44","slug":"seguira-en-prision-el-acusado-por-el-crimen-de-juan-jose-ochoa","status":"publish","type":"post","link":"https:\/\/apuntesdesanluis.com\/index.php\/2024\/04\/10\/seguira-en-prision-el-acusado-por-el-crimen-de-juan-jose-ochoa\/","title":{"rendered":"SEGUIR\u00c1 EN PRISI\u00d3N EL ACUSADO POR EL CRIMEN DE JUAN JOS\u00c9 OCHOA"},"content":{"rendered":"<h3>La prisi\u00f3n preventiva se extender\u00e1 por dos meses y deber\u00e1 cumplirla en el Servicio Penitenciario Provincial.<\/h3>\n<h3>Luego de que la causa se elevara a la Oficina Judicial a fin de que se fije el inicio para el debate oral, este mi\u00e9rcoles se desarroll\u00f3 una audiencia a fin de tratar la pr\u00f3rroga de la prisi\u00f3n preventiva para el imputado por el homicidio de <strong>Juan Jos\u00e9 Ochoa.<\/strong><\/h3>\n<h3>Cabe recordar que Ochoa perdi\u00f3 la vida tras recibir una lesi\u00f3n con arma blanca a la altura de t\u00f3rax. El hecho ocurri\u00f3 el 15 de enero de este a\u00f1o, en la ciudad de Villa Mercedes.<\/h3>\n<h3>En la audiencia, que se celebr\u00f3 en la sala de juicios N\u00ba 1, estuvieron presentes el fiscal de Juicio Dr. N\u00e9stor Lucero, el Dr. Jos\u00e9 Olgu\u00edn \u2013 Fiscal de Instrucci\u00f3n N\u00ba 3 \u2013 y el Dr. Marcelo Palacio \u2013 fiscal adjunto y la defensora de juicio, Dra. Roc\u00edo Mediavilla. En representaci\u00f3n de la querella intervino el Dr. Gabriel Melano.<\/h3>\n<h3>El fiscal de juicio solicit\u00f3 la pr\u00f3rroga de la prisi\u00f3n preventiva por el t\u00e9rmino de dos meses, a lo que adhiri\u00f3 la fiscal\u00eda de instrucci\u00f3n y la querella. La defensa solicit\u00f3 una medida m\u00e1s morigerada como la prisi\u00f3n domiciliaria.<\/h3>\n<h3>Despu\u00e9s de escuchar los argumentos de las partes, la Dra. Sandra Ehrlich resolvi\u00f3 prorrogar la prisi\u00f3n preventiva por dos meses. Entre otras consideraciones, mencion\u00f3 riesgos procesales.<\/h3>\n<p>&nbsp;<\/p>\n<p>&nbsp;<\/p>\n<p>&nbsp;<\/p>\n<p>&nbsp;<\/p>\n<p>&nbsp;<\/p>\n<p>&nbsp;<\/p>\n<p>&nbsp;<\/p>\n","protected":false},"excerpt":{"rendered":"<p>La prisi\u00f3n preventiva se extender\u00e1 por dos meses y deber\u00e1 cumplirla en el Servicio Penitenciario&#8230;<\/p>\n","protected":false},"author":1,"featured_media":14488,"comment_status":"closed","ping_status":"closed","sticky":false,"template":"","format":"standard","meta":{"footnotes":""},"categories":[6],"tags":[],"class_list":["post-14486","post","type-post","status-publish","format-standard","has-post-thumbnail","hentry","category-ciudad-provincia"],"yoast_head":"<!-- This site is optimized with the Yoast SEO plugin v26.1.1 - https:\/\/yoast.com\/wordpress\/plugins\/seo\/ -->\n<title>SEGUIR\u00c1 EN PRISI\u00d3N EL ACUSADO POR EL CRIMEN DE JUAN JOS\u00c9 OCHOA - Apuntes de San Luis<\/title>\n<meta name=\"robots\" content=\"index, follow, max-snippet:-1, max-image-preview:large, max-video-preview:-1\" \/>\n<link rel=\"canonical\" href=\"https:\/\/apuntesdesanluis.com\/index.php\/2024\/04\/10\/seguira-en-prision-el-acusado-por-el-crimen-de-juan-jose-ochoa\/\" \/>\n<meta property=\"og:locale\" content=\"es_ES\" \/>\n<meta property=\"og:type\" content=\"article\" \/>\n<meta property=\"og:title\" content=\"SEGUIR\u00c1 EN PRISI\u00d3N EL ACUSADO POR EL CRIMEN DE JUAN JOS\u00c9 OCHOA - Apuntes de San Luis\" \/>\n<meta property=\"og:description\" content=\"La prisi\u00f3n preventiva se extender\u00e1 por dos meses y deber\u00e1 cumplirla en el Servicio Penitenciario...\" \/>\n<meta property=\"og:url\" content=\"https:\/\/apuntesdesanluis.com\/index.php\/2024\/04\/10\/seguira-en-prision-el-acusado-por-el-crimen-de-juan-jose-ochoa\/\" \/>\n<meta property=\"og:site_name\" content=\"Apuntes de San Luis\" \/>\n<meta property=\"article:published_time\" content=\"2024-04-10T23:33:44+00:00\" \/>\n<meta property=\"og:image\" content=\"https:\/\/apuntesdesanluis.com\/wp-content\/uploads\/2024\/04\/audiencia.png\" \/>\n\t<meta property=\"og:image:width\" content=\"604\" \/>\n\t<meta property=\"og:image:height\" content=\"328\" \/>\n\t<meta property=\"og:image:type\" content=\"image\/png\" \/>\n<meta name=\"author\" content=\"apuntesdesanluis.com\" \/>\n<meta name=\"twitter:card\" content=\"summary_large_image\" \/>\n<meta name=\"twitter:label1\" content=\"Escrito por\" \/>\n\t<meta name=\"twitter:data1\" content=\"apuntesdesanluis.com\" \/>\n\t<meta name=\"twitter:label2\" content=\"Tiempo de lectura\" \/>\n\t<meta name=\"twitter:data2\" content=\"2 minutos\" \/>\n<script type=\"application\/ld+json\" class=\"yoast-schema-graph\">{\"@context\":\"https:\/\/schema.org\",\"@graph\":[{\"@type\":\"Article\",\"@id\":\"https:\/\/apuntesdesanluis.com\/index.php\/2024\/04\/10\/seguira-en-prision-el-acusado-por-el-crimen-de-juan-jose-ochoa\/#article\",\"isPartOf\":{\"@id\":\"https:\/\/apuntesdesanluis.com\/index.php\/2024\/04\/10\/seguira-en-prision-el-acusado-por-el-crimen-de-juan-jose-ochoa\/\"},\"author\":{\"name\":\"apuntesdesanluis.com\",\"@id\":\"https:\/\/apuntesdesanluis.com\/#\/schema\/person\/b55151d52296fcce64d1a72538a70b90\"},\"headline\":\"SEGUIR\u00c1 EN PRISI\u00d3N EL ACUSADO POR EL CRIMEN DE JUAN JOS\u00c9 OCHOA\",\"datePublished\":\"2024-04-10T23:33:44+00:00\",\"mainEntityOfPage\":{\"@id\":\"https:\/\/apuntesdesanluis.com\/index.php\/2024\/04\/10\/seguira-en-prision-el-acusado-por-el-crimen-de-juan-jose-ochoa\/\"},\"wordCount\":259,\"publisher\":{\"@id\":\"https:\/\/apuntesdesanluis.com\/#\/schema\/person\/b55151d52296fcce64d1a72538a70b90\"},\"image\":{\"@id\":\"https:\/\/apuntesdesanluis.com\/index.php\/2024\/04\/10\/seguira-en-prision-el-acusado-por-el-crimen-de-juan-jose-ochoa\/#primaryimage\"},\"thumbnailUrl\":\"https:\/\/apuntesdesanluis.com\/wp-content\/uploads\/2024\/04\/audiencia.png\",\"articleSection\":[\"Ciudad\/Provincia\"],\"inLanguage\":\"es-AR\"},{\"@type\":\"WebPage\",\"@id\":\"https:\/\/apuntesdesanluis.com\/index.php\/2024\/04\/10\/seguira-en-prision-el-acusado-por-el-crimen-de-juan-jose-ochoa\/\",\"url\":\"https:\/\/apuntesdesanluis.com\/index.php\/2024\/04\/10\/seguira-en-prision-el-acusado-por-el-crimen-de-juan-jose-ochoa\/\",\"name\":\"SEGUIR\u00c1 EN PRISI\u00d3N EL ACUSADO POR EL CRIMEN DE JUAN JOS\u00c9 OCHOA - Apuntes de San Luis\",\"isPartOf\":{\"@id\":\"https:\/\/apuntesdesanluis.com\/#website\"},\"primaryImageOfPage\":{\"@id\":\"https:\/\/apuntesdesanluis.com\/index.php\/2024\/04\/10\/seguira-en-prision-el-acusado-por-el-crimen-de-juan-jose-ochoa\/#primaryimage\"},\"image\":{\"@id\":\"https:\/\/apuntesdesanluis.com\/index.php\/2024\/04\/10\/seguira-en-prision-el-acusado-por-el-crimen-de-juan-jose-ochoa\/#primaryimage\"},\"thumbnailUrl\":\"https:\/\/apuntesdesanluis.com\/wp-content\/uploads\/2024\/04\/audiencia.png\",\"datePublished\":\"2024-04-10T23:33:44+00:00\",\"breadcrumb\":{\"@id\":\"https:\/\/apuntesdesanluis.com\/index.php\/2024\/04\/10\/seguira-en-prision-el-acusado-por-el-crimen-de-juan-jose-ochoa\/#breadcrumb\"},\"inLanguage\":\"es-AR\",\"potentialAction\":[{\"@type\":\"ReadAction\",\"target\":[\"https:\/\/apuntesdesanluis.com\/index.php\/2024\/04\/10\/seguira-en-prision-el-acusado-por-el-crimen-de-juan-jose-ochoa\/\"]}]},{\"@type\":\"ImageObject\",\"inLanguage\":\"es-AR\",\"@id\":\"https:\/\/apuntesdesanluis.com\/index.php\/2024\/04\/10\/seguira-en-prision-el-acusado-por-el-crimen-de-juan-jose-ochoa\/#primaryimage\",\"url\":\"https:\/\/apuntesdesanluis.com\/wp-content\/uploads\/2024\/04\/audiencia.png\",\"contentUrl\":\"https:\/\/apuntesdesanluis.com\/wp-content\/uploads\/2024\/04\/audiencia.png\",\"width\":604,\"height\":328},{\"@type\":\"BreadcrumbList\",\"@id\":\"https:\/\/apuntesdesanluis.com\/index.php\/2024\/04\/10\/seguira-en-prision-el-acusado-por-el-crimen-de-juan-jose-ochoa\/#breadcrumb\",\"itemListElement\":[{\"@type\":\"ListItem\",\"position\":1,\"name\":\"Inicio\",\"item\":\"https:\/\/apuntesdesanluis.com\/\"},{\"@type\":\"ListItem\",\"position\":2,\"name\":\"SEGUIR\u00c1 EN PRISI\u00d3N EL ACUSADO POR EL CRIMEN DE JUAN JOS\u00c9 OCHOA\"}]},{\"@type\":\"WebSite\",\"@id\":\"https:\/\/apuntesdesanluis.com\/#website\",\"url\":\"https:\/\/apuntesdesanluis.com\/\",\"name\":\"Apuntes de San Luis\",\"description\":\"\",\"publisher\":{\"@id\":\"https:\/\/apuntesdesanluis.com\/#\/schema\/person\/b55151d52296fcce64d1a72538a70b90\"},\"potentialAction\":[{\"@type\":\"SearchAction\",\"target\":{\"@type\":\"EntryPoint\",\"urlTemplate\":\"https:\/\/apuntesdesanluis.com\/?s={search_term_string}\"},\"query-input\":{\"@type\":\"PropertyValueSpecification\",\"valueRequired\":true,\"valueName\":\"search_term_string\"}}],\"inLanguage\":\"es-AR\"},{\"@type\":[\"Person\",\"Organization\"],\"@id\":\"https:\/\/apuntesdesanluis.com\/#\/schema\/person\/b55151d52296fcce64d1a72538a70b90\",\"name\":\"apuntesdesanluis.com\",\"image\":{\"@type\":\"ImageObject\",\"inLanguage\":\"es-AR\",\"@id\":\"https:\/\/apuntesdesanluis.com\/#\/schema\/person\/image\/\",\"url\":\"https:\/\/apuntesdesanluis.com\/wp-content\/uploads\/2023\/07\/cropped-apuntesdesanluis.png\",\"contentUrl\":\"https:\/\/apuntesdesanluis.com\/wp-content\/uploads\/2023\/07\/cropped-apuntesdesanluis.png\",\"width\":450,\"height\":112,\"caption\":\"apuntesdesanluis.com\"},\"logo\":{\"@id\":\"https:\/\/apuntesdesanluis.com\/#\/schema\/person\/image\/\"},\"sameAs\":[\"https:\/\/apuntesdesanluis.com\"],\"url\":\"https:\/\/apuntesdesanluis.com\/index.php\/author\/apuntesdesanluis-com\/\"}]}<\/script>\n<!-- \/ Yoast SEO plugin. -->","yoast_head_json":{"title":"SEGUIR\u00c1 EN PRISI\u00d3N EL ACUSADO POR EL CRIMEN DE JUAN JOS\u00c9 OCHOA - Apuntes de San Luis","robots":{"index":"index","follow":"follow","max-snippet":"max-snippet:-1","max-image-preview":"max-image-preview:large","max-video-preview":"max-video-preview:-1"},"canonical":"https:\/\/apuntesdesanluis.com\/index.php\/2024\/04\/10\/seguira-en-prision-el-acusado-por-el-crimen-de-juan-jose-ochoa\/","og_locale":"es_ES","og_type":"article","og_title":"SEGUIR\u00c1 EN PRISI\u00d3N EL ACUSADO POR EL CRIMEN DE JUAN JOS\u00c9 OCHOA - Apuntes de San Luis","og_description":"La prisi\u00f3n preventiva se extender\u00e1 por dos meses y deber\u00e1 cumplirla en el Servicio Penitenciario...","og_url":"https:\/\/apuntesdesanluis.com\/index.php\/2024\/04\/10\/seguira-en-prision-el-acusado-por-el-crimen-de-juan-jose-ochoa\/","og_site_name":"Apuntes de San Luis","article_published_time":"2024-04-10T23:33:44+00:00","og_image":[{"width":604,"height":328,"url":"https:\/\/apuntesdesanluis.com\/wp-content\/uploads\/2024\/04\/audiencia.png","type":"image\/png"}],"author":"apuntesdesanluis.com","twitter_card":"summary_large_image","twitter_misc":{"Escrito por":"apuntesdesanluis.com","Tiempo de lectura":"2 minutos"},"schema":{"@context":"https:\/\/schema.org","@graph":[{"@type":"Article","@id":"https:\/\/apuntesdesanluis.com\/index.php\/2024\/04\/10\/seguira-en-prision-el-acusado-por-el-crimen-de-juan-jose-ochoa\/#article","isPartOf":{"@id":"https:\/\/apuntesdesanluis.com\/index.php\/2024\/04\/10\/seguira-en-prision-el-acusado-por-el-crimen-de-juan-jose-ochoa\/"},"author":{"name":"apuntesdesanluis.com","@id":"https:\/\/apuntesdesanluis.com\/#\/schema\/person\/b55151d52296fcce64d1a72538a70b90"},"headline":"SEGUIR\u00c1 EN PRISI\u00d3N EL ACUSADO POR EL CRIMEN DE JUAN JOS\u00c9 OCHOA","datePublished":"2024-04-10T23:33:44+00:00","mainEntityOfPage":{"@id":"https:\/\/apuntesdesanluis.com\/index.php\/2024\/04\/10\/seguira-en-prision-el-acusado-por-el-crimen-de-juan-jose-ochoa\/"},"wordCount":259,"publisher":{"@id":"https:\/\/apuntesdesanluis.com\/#\/schema\/person\/b55151d52296fcce64d1a72538a70b90"},"image":{"@id":"https:\/\/apuntesdesanluis.com\/index.php\/2024\/04\/10\/seguira-en-prision-el-acusado-por-el-crimen-de-juan-jose-ochoa\/#primaryimage"},"thumbnailUrl":"https:\/\/apuntesdesanluis.com\/wp-content\/uploads\/2024\/04\/audiencia.png","articleSection":["Ciudad\/Provincia"],"inLanguage":"es-AR"},{"@type":"WebPage","@id":"https:\/\/apuntesdesanluis.com\/index.php\/2024\/04\/10\/seguira-en-prision-el-acusado-por-el-crimen-de-juan-jose-ochoa\/","url":"https:\/\/apuntesdesanluis.com\/index.php\/2024\/04\/10\/seguira-en-prision-el-acusado-por-el-crimen-de-juan-jose-ochoa\/","name":"SEGUIR\u00c1 EN PRISI\u00d3N EL ACUSADO POR EL CRIMEN DE JUAN JOS\u00c9 OCHOA - Apuntes de San Luis","isPartOf":{"@id":"https:\/\/apuntesdesanluis.com\/#website"},"primaryImageOfPage":{"@id":"https:\/\/apuntesdesanluis.com\/index.php\/2024\/04\/10\/seguira-en-prision-el-acusado-por-el-crimen-de-juan-jose-ochoa\/#primaryimage"},"image":{"@id":"https:\/\/apuntesdesanluis.com\/index.php\/2024\/04\/10\/seguira-en-prision-el-acusado-por-el-crimen-de-juan-jose-ochoa\/#primaryimage"},"thumbnailUrl":"https:\/\/apuntesdesanluis.com\/wp-content\/uploads\/2024\/04\/audiencia.png","datePublished":"2024-04-10T23:33:44+00:00","breadcrumb":{"@id":"https:\/\/apuntesdesanluis.com\/index.php\/2024\/04\/10\/seguira-en-prision-el-acusado-por-el-crimen-de-juan-jose-ochoa\/#breadcrumb"},"inLanguage":"es-AR","potentialAction":[{"@type":"ReadAction","target":["https:\/\/apuntesdesanluis.com\/index.php\/2024\/04\/10\/seguira-en-prision-el-acusado-por-el-crimen-de-juan-jose-ochoa\/"]}]},{"@type":"ImageObject","inLanguage":"es-AR","@id":"https:\/\/apuntesdesanluis.com\/index.php\/2024\/04\/10\/seguira-en-prision-el-acusado-por-el-crimen-de-juan-jose-ochoa\/#primaryimage","url":"https:\/\/apuntesdesanluis.com\/wp-content\/uploads\/2024\/04\/audiencia.png","contentUrl":"https:\/\/apuntesdesanluis.com\/wp-content\/uploads\/2024\/04\/audiencia.png","width":604,"height":328},{"@type":"BreadcrumbList","@id":"https:\/\/apuntesdesanluis.com\/index.php\/2024\/04\/10\/seguira-en-prision-el-acusado-por-el-crimen-de-juan-jose-ochoa\/#breadcrumb","itemListElement":[{"@type":"ListItem","position":1,"name":"Inicio","item":"https:\/\/apuntesdesanluis.com\/"},{"@type":"ListItem","position":2,"name":"SEGUIR\u00c1 EN PRISI\u00d3N EL ACUSADO POR EL CRIMEN DE JUAN JOS\u00c9 OCHOA"}]},{"@type":"WebSite","@id":"https:\/\/apuntesdesanluis.com\/#website","url":"https:\/\/apuntesdesanluis.com\/","name":"Apuntes de San Luis","description":"","publisher":{"@id":"https:\/\/apuntesdesanluis.com\/#\/schema\/person\/b55151d52296fcce64d1a72538a70b90"},"potentialAction":[{"@type":"SearchAction","target":{"@type":"EntryPoint","urlTemplate":"https:\/\/apuntesdesanluis.com\/?s={search_term_string}"},"query-input":{"@type":"PropertyValueSpecification","valueRequired":true,"valueName":"search_term_string"}}],"inLanguage":"es-AR"},{"@type":["Person","Organization"],"@id":"https:\/\/apuntesdesanluis.com\/#\/schema\/person\/b55151d52296fcce64d1a72538a70b90","name":"apuntesdesanluis.com","image":{"@type":"ImageObject","inLanguage":"es-AR","@id":"https:\/\/apuntesdesanluis.com\/#\/schema\/person\/image\/","url":"https:\/\/apuntesdesanluis.com\/wp-content\/uploads\/2023\/07\/cropped-apuntesdesanluis.png","contentUrl":"https:\/\/apuntesdesanluis.com\/wp-content\/uploads\/2023\/07\/cropped-apuntesdesanluis.png","width":450,"height":112,"caption":"apuntesdesanluis.com"},"logo":{"@id":"https:\/\/apuntesdesanluis.com\/#\/schema\/person\/image\/"},"sameAs":["https:\/\/apuntesdesanluis.com"],"url":"https:\/\/apuntesdesanluis.com\/index.php\/author\/apuntesdesanluis-com\/"}]}},"featured_image_urls":{"full":["https:\/\/apuntesdesanluis.com\/wp-content\/uploads\/2024\/04\/audiencia.png",604,328,false],"thumbnail":["https:\/\/apuntesdesanluis.com\/wp-content\/uploads\/2024\/04\/audiencia-150x150.png",150,150,true],"medium":["https:\/\/apuntesdesanluis.com\/wp-content\/uploads\/2024\/04\/audiencia-300x163.png",300,163,true],"medium_large":["https:\/\/apuntesdesanluis.com\/wp-content\/uploads\/2024\/04\/audiencia.png",604,328,false],"large":["https:\/\/apuntesdesanluis.com\/wp-content\/uploads\/2024\/04\/audiencia.png",604,328,false],"1536x1536":["https:\/\/apuntesdesanluis.com\/wp-content\/uploads\/2024\/04\/audiencia.png",604,328,false],"2048x2048":["https:\/\/apuntesdesanluis.com\/wp-content\/uploads\/2024\/04\/audiencia.png",604,328,false],"newsever-slider-full":["https:\/\/apuntesdesanluis.com\/wp-content\/uploads\/2024\/04\/audiencia.png",604,328,false],"newsever-featured":["https:\/\/apuntesdesanluis.com\/wp-content\/uploads\/2024\/04\/audiencia.png",604,328,false],"newsever-medium":["https:\/\/apuntesdesanluis.com\/wp-content\/uploads\/2024\/04\/audiencia.png",604,328,false]},"author_info":{"display_name":"apuntesdesanluis.com","author_link":"https:\/\/apuntesdesanluis.com\/index.php\/author\/apuntesdesanluis-com\/"},"category_info":"<a href=\"https:\/\/apuntesdesanluis.com\/index.php\/category\/ciudad-provincia\/\" rel=\"category tag\">Ciudad\/Provincia<\/a>","tag_info":"Ciudad\/Provincia","comment_count":"0","_links":{"self":[{"href":"https:\/\/apuntesdesanluis.com\/index.php\/wp-json\/wp\/v2\/posts\/14486","targetHints":{"allow":["GET"]}}],"collection":[{"href":"https:\/\/apuntesdesanluis.com\/index.php\/wp-json\/wp\/v2\/posts"}],"about":[{"href":"https:\/\/apuntesdesanluis.com\/index.php\/wp-json\/wp\/v2\/types\/post"}],"author":[{"embeddable":true,"href":"https:\/\/apuntesdesanluis.com\/index.php\/wp-json\/wp\/v2\/users\/1"}],"replies":[{"embeddable":true,"href":"https:\/\/apuntesdesanluis.com\/index.php\/wp-json\/wp\/v2\/comments?post=14486"}],"version-history":[{"count":2,"href":"https:\/\/apuntesdesanluis.com\/index.php\/wp-json\/wp\/v2\/posts\/14486\/revisions"}],"predecessor-version":[{"id":14489,"href":"https:\/\/apuntesdesanluis.com\/index.php\/wp-json\/wp\/v2\/posts\/14486\/revisions\/14489"}],"wp:featuredmedia":[{"embeddable":true,"href":"https:\/\/apuntesdesanluis.com\/index.php\/wp-json\/wp\/v2\/media\/14488"}],"wp:attachment":[{"href":"https:\/\/apuntesdesanluis.com\/index.php\/wp-json\/wp\/v2\/media?parent=14486"}],"wp:term":[{"taxonomy":"category","embeddable":true,"href":"https:\/\/apuntesdesanluis.com\/index.php\/wp-json\/wp\/v2\/categories?post=14486"},{"taxonomy":"post_tag","embeddable":true,"href":"https:\/\/apuntesdesanluis.com\/index.php\/wp-json\/wp\/v2\/tags?post=14486"}],"curies":[{"name":"wp","href":"https:\/\/api.w.org\/{rel}","templated":true}]}}