{"id":14502,"date":"2024-04-10T22:03:34","date_gmt":"2024-04-11T01:03:34","guid":{"rendered":"https:\/\/apuntesdesanluis.com\/?p=14502"},"modified":"2024-04-10T22:03:34","modified_gmt":"2024-04-11T01:03:34","slug":"fuerte-interna-libertaria-por-la-presidencia-de-la-comision-de-juicio-politico","status":"publish","type":"post","link":"https:\/\/apuntesdesanluis.com\/index.php\/2024\/04\/10\/fuerte-interna-libertaria-por-la-presidencia-de-la-comision-de-juicio-politico\/","title":{"rendered":"FUERTE INTERNA LIBERTARIA POR LA PRESIDENCIA DE LA COMISI\u00d3N DE JUICIO POL\u00cdTICO"},"content":{"rendered":"<h3>En el ojo de la tormenta por la impugnaci\u00f3n de su nombramiento al frente de la comisi\u00f3n de Juicio Pol\u00edtico, la diputada nacional de La Libertad Avanza <strong>Marcela Pagano<\/strong> le dirigi\u00f3 un mensaje desafiante a los dirigentes de su espacio pol\u00edtico que pusieron reparos a su designaci\u00f3n, tras una jornada marcada por turbulencias y \u00e1speras internas en el Parlamento.<\/h3>\n<h3>Las diferencias quedaron expuestas en la dr\u00e1stica decisi\u00f3n tomada por el presidente de la C\u00e1mara baja, <strong>Mart\u00edn Menem<\/strong>, quien suspendi\u00f3 la reuni\u00f3n de un momento a otro y con este gesto profundiz\u00f3 las discrepancias con el jefe del bloque <strong>Oscar Zago (ambos en foto principal).<\/strong><\/h3>\n<h3>&#8220;(El presidente Javier) Milei dio el aval y \u00e9l es mi \u00fanico jefe pol\u00edtico&#8221;, asegur\u00f3 Pagano al referirse a una comunicaci\u00f3n que habr\u00eda tenido lugar el s\u00e1bado pasado en la que el mandatario nacional habr\u00eda dado luz verde para que la periodista fuera oficializada al frente de Juicio Pol\u00edtico.<\/h3>\n<h3>Una versi\u00f3n similar present\u00f3 Zago, presidente del bloque oficialista en Diputados, en di\u00e1logo con LN+: \u201cEl s\u00e1bado Milei me dijo que s\u00ed&#8230; le dije que Marcela Pagano estar\u00eda postul\u00e1ndose para que presida la Comisi\u00f3n de Juicio Pol\u00edtico, que creemos es la segunda comisi\u00f3n m\u00e1s importante y el Presidente dijo \u2018ok\u2019\u201d.<\/h3>\n<h3>\u201cCreo que Mart\u00edn Menem est\u00e1 equivocado. \u00c9l la levant\u00f3 un minuto despu\u00e9s cuando hab\u00eda qu\u00f3rum\u201d continu\u00f3 Oscar Zago y aclar\u00f3 que hubiera sido una irresponsabilidad de su parte &#8220;haberle permitido a la oposici\u00f3n poner el presidente, porque lo expresaron. Dijimos tenemos qu\u00f3rum suficiente para elegir y una diputada de Uni\u00f3n por la Patria dijo \u2018si no se ponen de acuerdo, nosotros al tener el qu\u00f3rum podemos poner el presidente\u2019\u201d.<\/h3>\n<p><img fetchpriority=\"high\" decoding=\"async\" class=\"wp-image-14504 aligncenter\" src=\"https:\/\/apuntesdesanluis.com\/wp-content\/uploads\/2024\/04\/PAGANO-MILEI-300x181.png\" alt=\"\" width=\"602\" height=\"363\" srcset=\"https:\/\/apuntesdesanluis.com\/wp-content\/uploads\/2024\/04\/PAGANO-MILEI-300x181.png 300w, https:\/\/apuntesdesanluis.com\/wp-content\/uploads\/2024\/04\/PAGANO-MILEI.png 600w\" sizes=\"(max-width: 602px) 100vw, 602px\" \/><\/p>\n<h4 style=\"text-align: center;\"><em>Marcela Pagano y Javier Milei.<\/em><\/h4>\n<h3>Fue entonces cuando Zago intervino, seg\u00fan su relato, para ratificar la nominaci\u00f3n de la legisladora Pagano: \u201cPed\u00ed la palabra y le dije \u2018de ninguna manera, presidente. De ninguna manera, diputada. Nosotros estamos en condiciones de poner a la presidenta como lo hab\u00edamos elegido en reuni\u00f3n de bloque en varias oportunidades\u201d.<\/h3>\n<h3>En ese sentido, el presidente del bloque oficialista puso al descubierto las internas de su espacio pol\u00edtico al mencionar que ya estaba todo estipulado para la conformaci\u00f3n de ambas comisiones, pero &#8220;pas\u00f3 algo en el medio&#8221; que termin\u00f3 deshaciendo los acuerdos previos con el propio jefe de Estado.<\/h3>\n<h3>&#8220;Si yo tengo una confirmaci\u00f3n del Presidente de la Naci\u00f3n, lo correcto hubiese sido que Mart\u00edn Menem comunique \u2018cambiamos la historia\u2019. Eran dos comisiones: la de Marcela Pagano como Juicio Pol\u00edtico y la de Bertie Benegas Lynch en Finanzas. Se eligi\u00f3 a Pagano y, despu\u00e9s, Benegas Lynch en Finanzas\u201d, especific\u00f3 Zago en LN+.<\/h3>\n<h3>Tambi\u00e9n remarc\u00f3 que desconoce los motivos por los cuales Menem suspendi\u00f3 la reuni\u00f3n: \u201cNosotros nos enteramos dos minutos antes de entrar a la comisi\u00f3n\u201d.<\/h3>\n<h3>Los cortocircuitos entre el presidente de Diputados y el jefe del bloque de LLA se plasmaron en una serie de discrepancias y graves malentendidos a la hora del armado de las comisiones.<\/h3>\n<h3>\u201cSi vamos a hacer lo queremos nosotros y no lo que corresponde hacer en una comisi\u00f3n, me parece que no es as\u00ed (&#8230;) Mart\u00edn Menem me dijo \u00b4el Presidente no quiere que sea Marcela Pagano\u00b4 y yo le dije que me lo comunique el Presidente porque a mi me dijo que s\u00ed la quer\u00eda a ella\u201d, agreg\u00f3. \u201cYo no voy a decir que Menem no habl\u00f3 con el presidente pero por ah\u00ed se confundi\u00f3\u201d, explic\u00f3 Zago.<\/h3>\n<p><iframe title=\"Marcela Pagano presidir\u00e1 la comisi\u00f3n de Juicio Pol\u00edtico\" width=\"640\" height=\"360\" src=\"https:\/\/www.youtube.com\/embed\/QM3qguIzqXg?feature=oembed\" frameborder=\"0\" allow=\"accelerometer; autoplay; clipboard-write; encrypted-media; gyroscope; picture-in-picture; web-share\" referrerpolicy=\"strict-origin-when-cross-origin\" allowfullscreen><\/iframe><\/p>\n<h3>\u00bfINTERNA ENTRE KARINA MILEI Y OSCAR ZAGO?<\/h3>\n<h3>Ante la consulta de Eduardo Feinmann por eventuales roces con la hermana del presidente, Karina Milei, Zago respondi\u00f3: \u201cNo habl\u00e9 con Karina Milei. No tengo ninguna comunicaci\u00f3n, ninguna controversia con la secretaria general de la Presidencia. Le tengo un respeto absoluto. Venimos trabajando hace seis a\u00f1os juntos y la verdad, si hubiese alg\u00fan inconveniente, seguramente ella me hubiese llamado. No lo hizo en ning\u00fan momento porque yo no estoy rompiendo nada\u201d.<\/h3>\n<h3>La mencionada comisi\u00f3n hab\u00eda sido convocada para este mi\u00e9rcoles a las 11 con la finalidad de conformar sus autoridades, y un sector del oficialismo encabezado por el jefe de bloque, Oscar Zago, impulsaba la designaci\u00f3n formal de Pagano como presidenta.<\/h3>\n<h3>A las 10:59 lleg\u00f3 a las casillas de mail de los integrantes de la comisi\u00f3n la comunicaci\u00f3n de que la reuni\u00f3n hab\u00eda sido suspendida por decisi\u00f3n del presidente de la C\u00e1mara de Diputados, Mart\u00edn Menem.<\/h3>\n<h3>Despu\u00e9s de un tenso intercambio, los diputados que estaban all\u00ed presentes desafiaron la instrucci\u00f3n del riojano y avanzaron con la votaci\u00f3n de las autoridades.<\/h3>\n<h3>Esa votaci\u00f3n fue desconocida por Menem, que se\u00f1al\u00f3 que nada de lo actuado en la reuni\u00f3n ten\u00eda validez alguna porque hab\u00eda sido suspendida previamente a su inicio.<\/h3>\n<h3>Sin vueltas, Pagano alz\u00f3 la voz, reafirm\u00f3 su postura y la de Zago, defendi\u00f3 su nominaci\u00f3n y ratific\u00f3 sus intenciones de encabezar la comisi\u00f3n.<\/h3>\n<h3>&#8220;Yo particularmente no tengo interna con nadie. A Milei se le inform\u00f3 que me iban a postular y dio el aval. Entiendo que despu\u00e9s hay oportunidad de cambiar de autoridades. Milei dio el aval y \u00e9l es mi \u00fanico jefe pol\u00edtico&#8221;, expres\u00f3.<\/h3>\n<h3>La diputada libertaria dijo que desconoc\u00eda qu\u00e9 es lo que hab\u00eda pasado &#8220;en el medio&#8221; entre la convocatoria a la sesi\u00f3n y la notificaci\u00f3n de que estaba suspendida.<\/h3>\n<h3>&#8220;Me sent\u00e9 ah\u00ed, conduje la comisi\u00f3n porque si no la perd\u00edamos y se la quedaba el kirchnerismo&#8221;, argument\u00f3 Pagano, quien es resistida, seg\u00fan algunas versiones, por la secretaria general de Presidencia, Karina Milei.<\/h3>\n<h3>&#8220;La comisi\u00f3n se llev\u00f3 adelante y lo que hicimos fue evitar que se avanzara con la posible p\u00e9rdida de la comisi\u00f3n y me eligieron a m\u00ed. La realidad es que despu\u00e9s se pueden revisar las autoridades, pero hoy la comisi\u00f3n sesion\u00f3 y se constituyeron autoridades&#8221;, sigui\u00f3.<\/h3>\n<h3>En di\u00e1logo con periodistas acreditados en Diputados, Pagano asegur\u00f3 que Menem &#8220;no tiene facultades para bajar una reuni\u00f3n que ya estaba empezando porque hab\u00eda qu\u00f3rum&#8221;.<\/h3>\n<h3>Adem\u00e1s apunt\u00f3 contra el riojano al asegurar que &#8220;el no tiene facultades para proponer&#8221; a un candidato para una comisi\u00f3n, y al respecto afirm\u00f3 que &#8220;institucionalmente quien propone&#8221; es el presidente de bloque&#8221;, es decir, Zago.<\/h3>\n<h3>&#8220;Si hay alguna diferencia interna se tiene que dirimir adentro del espacio. No sabemos qu\u00e9 pas\u00f3. El Presidente est\u00e1 en Estados Unidos pero mientras estuvo en Argentina dio conformidad de que yo estuviese al frente de esta comisi\u00f3n&#8221;, plante\u00f3.<\/h3>\n<p>&nbsp;<\/p>\n<p>&nbsp;<\/p>\n<p>&nbsp;<\/p>\n<p>&nbsp;<\/p>\n<p>&nbsp;<\/p>\n<p>&nbsp;<\/p>\n","protected":false},"excerpt":{"rendered":"<p>En el ojo de la tormenta por la impugnaci\u00f3n de su nombramiento al frente de&#8230;<\/p>\n","protected":false},"author":1,"featured_media":14503,"comment_status":"closed","ping_status":"closed","sticky":false,"template":"","format":"standard","meta":{"footnotes":""},"categories":[5],"tags":[],"class_list":["post-14502","post","type-post","status-publish","format-standard","has-post-thumbnail","hentry","category-nacionales-internacionales"],"yoast_head":"<!-- This site is optimized with the Yoast SEO plugin v26.1.1 - https:\/\/yoast.com\/wordpress\/plugins\/seo\/ -->\n<title>FUERTE INTERNA LIBERTARIA POR LA PRESIDENCIA DE LA COMISI\u00d3N DE JUICIO POL\u00cdTICO - Apuntes de San Luis<\/title>\n<meta name=\"robots\" content=\"index, follow, max-snippet:-1, max-image-preview:large, max-video-preview:-1\" \/>\n<link rel=\"canonical\" href=\"https:\/\/apuntesdesanluis.com\/index.php\/2024\/04\/10\/fuerte-interna-libertaria-por-la-presidencia-de-la-comision-de-juicio-politico\/\" \/>\n<meta property=\"og:locale\" content=\"es_ES\" \/>\n<meta property=\"og:type\" content=\"article\" \/>\n<meta property=\"og:title\" content=\"FUERTE INTERNA LIBERTARIA POR LA PRESIDENCIA DE LA COMISI\u00d3N DE JUICIO POL\u00cdTICO - Apuntes de San Luis\" \/>\n<meta property=\"og:description\" content=\"En el ojo de la tormenta por la impugnaci\u00f3n de su nombramiento al frente de...\" \/>\n<meta property=\"og:url\" content=\"https:\/\/apuntesdesanluis.com\/index.php\/2024\/04\/10\/fuerte-interna-libertaria-por-la-presidencia-de-la-comision-de-juicio-politico\/\" \/>\n<meta property=\"og:site_name\" content=\"Apuntes de San Luis\" \/>\n<meta property=\"article:published_time\" content=\"2024-04-11T01:03:34+00:00\" \/>\n<meta property=\"og:image\" content=\"https:\/\/apuntesdesanluis.com\/wp-content\/uploads\/2024\/04\/ZAGO-MENEM.png\" \/>\n\t<meta property=\"og:image:width\" content=\"600\" \/>\n\t<meta property=\"og:image:height\" content=\"345\" \/>\n\t<meta property=\"og:image:type\" content=\"image\/png\" \/>\n<meta name=\"author\" content=\"apuntesdesanluis.com\" \/>\n<meta name=\"twitter:card\" content=\"summary_large_image\" \/>\n<meta name=\"twitter:label1\" content=\"Escrito por\" \/>\n\t<meta name=\"twitter:data1\" content=\"apuntesdesanluis.com\" \/>\n\t<meta name=\"twitter:label2\" content=\"Tiempo de lectura\" \/>\n\t<meta name=\"twitter:data2\" content=\"5 minutos\" \/>\n<script type=\"application\/ld+json\" class=\"yoast-schema-graph\">{\"@context\":\"https:\/\/schema.org\",\"@graph\":[{\"@type\":\"Article\",\"@id\":\"https:\/\/apuntesdesanluis.com\/index.php\/2024\/04\/10\/fuerte-interna-libertaria-por-la-presidencia-de-la-comision-de-juicio-politico\/#article\",\"isPartOf\":{\"@id\":\"https:\/\/apuntesdesanluis.com\/index.php\/2024\/04\/10\/fuerte-interna-libertaria-por-la-presidencia-de-la-comision-de-juicio-politico\/\"},\"author\":{\"name\":\"apuntesdesanluis.com\",\"@id\":\"https:\/\/apuntesdesanluis.com\/#\/schema\/person\/b55151d52296fcce64d1a72538a70b90\"},\"headline\":\"FUERTE INTERNA LIBERTARIA POR LA PRESIDENCIA DE LA COMISI\u00d3N DE JUICIO POL\u00cdTICO\",\"datePublished\":\"2024-04-11T01:03:34+00:00\",\"mainEntityOfPage\":{\"@id\":\"https:\/\/apuntesdesanluis.com\/index.php\/2024\/04\/10\/fuerte-interna-libertaria-por-la-presidencia-de-la-comision-de-juicio-politico\/\"},\"wordCount\":1157,\"publisher\":{\"@id\":\"https:\/\/apuntesdesanluis.com\/#\/schema\/person\/b55151d52296fcce64d1a72538a70b90\"},\"image\":{\"@id\":\"https:\/\/apuntesdesanluis.com\/index.php\/2024\/04\/10\/fuerte-interna-libertaria-por-la-presidencia-de-la-comision-de-juicio-politico\/#primaryimage\"},\"thumbnailUrl\":\"https:\/\/apuntesdesanluis.com\/wp-content\/uploads\/2024\/04\/ZAGO-MENEM.png\",\"articleSection\":[\"Nacionales\/Internacionales\"],\"inLanguage\":\"es-AR\"},{\"@type\":\"WebPage\",\"@id\":\"https:\/\/apuntesdesanluis.com\/index.php\/2024\/04\/10\/fuerte-interna-libertaria-por-la-presidencia-de-la-comision-de-juicio-politico\/\",\"url\":\"https:\/\/apuntesdesanluis.com\/index.php\/2024\/04\/10\/fuerte-interna-libertaria-por-la-presidencia-de-la-comision-de-juicio-politico\/\",\"name\":\"FUERTE INTERNA LIBERTARIA POR LA PRESIDENCIA DE LA COMISI\u00d3N DE JUICIO POL\u00cdTICO - Apuntes de San Luis\",\"isPartOf\":{\"@id\":\"https:\/\/apuntesdesanluis.com\/#website\"},\"primaryImageOfPage\":{\"@id\":\"https:\/\/apuntesdesanluis.com\/index.php\/2024\/04\/10\/fuerte-interna-libertaria-por-la-presidencia-de-la-comision-de-juicio-politico\/#primaryimage\"},\"image\":{\"@id\":\"https:\/\/apuntesdesanluis.com\/index.php\/2024\/04\/10\/fuerte-interna-libertaria-por-la-presidencia-de-la-comision-de-juicio-politico\/#primaryimage\"},\"thumbnailUrl\":\"https:\/\/apuntesdesanluis.com\/wp-content\/uploads\/2024\/04\/ZAGO-MENEM.png\",\"datePublished\":\"2024-04-11T01:03:34+00:00\",\"breadcrumb\":{\"@id\":\"https:\/\/apuntesdesanluis.com\/index.php\/2024\/04\/10\/fuerte-interna-libertaria-por-la-presidencia-de-la-comision-de-juicio-politico\/#breadcrumb\"},\"inLanguage\":\"es-AR\",\"potentialAction\":[{\"@type\":\"ReadAction\",\"target\":[\"https:\/\/apuntesdesanluis.com\/index.php\/2024\/04\/10\/fuerte-interna-libertaria-por-la-presidencia-de-la-comision-de-juicio-politico\/\"]}]},{\"@type\":\"ImageObject\",\"inLanguage\":\"es-AR\",\"@id\":\"https:\/\/apuntesdesanluis.com\/index.php\/2024\/04\/10\/fuerte-interna-libertaria-por-la-presidencia-de-la-comision-de-juicio-politico\/#primaryimage\",\"url\":\"https:\/\/apuntesdesanluis.com\/wp-content\/uploads\/2024\/04\/ZAGO-MENEM.png\",\"contentUrl\":\"https:\/\/apuntesdesanluis.com\/wp-content\/uploads\/2024\/04\/ZAGO-MENEM.png\",\"width\":600,\"height\":345},{\"@type\":\"BreadcrumbList\",\"@id\":\"https:\/\/apuntesdesanluis.com\/index.php\/2024\/04\/10\/fuerte-interna-libertaria-por-la-presidencia-de-la-comision-de-juicio-politico\/#breadcrumb\",\"itemListElement\":[{\"@type\":\"ListItem\",\"position\":1,\"name\":\"Inicio\",\"item\":\"https:\/\/apuntesdesanluis.com\/\"},{\"@type\":\"ListItem\",\"position\":2,\"name\":\"FUERTE INTERNA LIBERTARIA POR LA PRESIDENCIA DE LA COMISI\u00d3N DE JUICIO POL\u00cdTICO\"}]},{\"@type\":\"WebSite\",\"@id\":\"https:\/\/apuntesdesanluis.com\/#website\",\"url\":\"https:\/\/apuntesdesanluis.com\/\",\"name\":\"Apuntes de San Luis\",\"description\":\"\",\"publisher\":{\"@id\":\"https:\/\/apuntesdesanluis.com\/#\/schema\/person\/b55151d52296fcce64d1a72538a70b90\"},\"potentialAction\":[{\"@type\":\"SearchAction\",\"target\":{\"@type\":\"EntryPoint\",\"urlTemplate\":\"https:\/\/apuntesdesanluis.com\/?s={search_term_string}\"},\"query-input\":{\"@type\":\"PropertyValueSpecification\",\"valueRequired\":true,\"valueName\":\"search_term_string\"}}],\"inLanguage\":\"es-AR\"},{\"@type\":[\"Person\",\"Organization\"],\"@id\":\"https:\/\/apuntesdesanluis.com\/#\/schema\/person\/b55151d52296fcce64d1a72538a70b90\",\"name\":\"apuntesdesanluis.com\",\"image\":{\"@type\":\"ImageObject\",\"inLanguage\":\"es-AR\",\"@id\":\"https:\/\/apuntesdesanluis.com\/#\/schema\/person\/image\/\",\"url\":\"https:\/\/apuntesdesanluis.com\/wp-content\/uploads\/2023\/07\/cropped-apuntesdesanluis.png\",\"contentUrl\":\"https:\/\/apuntesdesanluis.com\/wp-content\/uploads\/2023\/07\/cropped-apuntesdesanluis.png\",\"width\":450,\"height\":112,\"caption\":\"apuntesdesanluis.com\"},\"logo\":{\"@id\":\"https:\/\/apuntesdesanluis.com\/#\/schema\/person\/image\/\"},\"sameAs\":[\"https:\/\/apuntesdesanluis.com\"],\"url\":\"https:\/\/apuntesdesanluis.com\/index.php\/author\/apuntesdesanluis-com\/\"}]}<\/script>\n<!-- \/ Yoast SEO plugin. -->","yoast_head_json":{"title":"FUERTE INTERNA LIBERTARIA POR LA PRESIDENCIA DE LA COMISI\u00d3N DE JUICIO POL\u00cdTICO - Apuntes de San Luis","robots":{"index":"index","follow":"follow","max-snippet":"max-snippet:-1","max-image-preview":"max-image-preview:large","max-video-preview":"max-video-preview:-1"},"canonical":"https:\/\/apuntesdesanluis.com\/index.php\/2024\/04\/10\/fuerte-interna-libertaria-por-la-presidencia-de-la-comision-de-juicio-politico\/","og_locale":"es_ES","og_type":"article","og_title":"FUERTE INTERNA LIBERTARIA POR LA PRESIDENCIA DE LA COMISI\u00d3N DE JUICIO POL\u00cdTICO - Apuntes de San Luis","og_description":"En el ojo de la tormenta por la impugnaci\u00f3n de su nombramiento al frente de...","og_url":"https:\/\/apuntesdesanluis.com\/index.php\/2024\/04\/10\/fuerte-interna-libertaria-por-la-presidencia-de-la-comision-de-juicio-politico\/","og_site_name":"Apuntes de San Luis","article_published_time":"2024-04-11T01:03:34+00:00","og_image":[{"width":600,"height":345,"url":"https:\/\/apuntesdesanluis.com\/wp-content\/uploads\/2024\/04\/ZAGO-MENEM.png","type":"image\/png"}],"author":"apuntesdesanluis.com","twitter_card":"summary_large_image","twitter_misc":{"Escrito por":"apuntesdesanluis.com","Tiempo de lectura":"5 minutos"},"schema":{"@context":"https:\/\/schema.org","@graph":[{"@type":"Article","@id":"https:\/\/apuntesdesanluis.com\/index.php\/2024\/04\/10\/fuerte-interna-libertaria-por-la-presidencia-de-la-comision-de-juicio-politico\/#article","isPartOf":{"@id":"https:\/\/apuntesdesanluis.com\/index.php\/2024\/04\/10\/fuerte-interna-libertaria-por-la-presidencia-de-la-comision-de-juicio-politico\/"},"author":{"name":"apuntesdesanluis.com","@id":"https:\/\/apuntesdesanluis.com\/#\/schema\/person\/b55151d52296fcce64d1a72538a70b90"},"headline":"FUERTE INTERNA LIBERTARIA POR LA PRESIDENCIA DE LA COMISI\u00d3N DE JUICIO POL\u00cdTICO","datePublished":"2024-04-11T01:03:34+00:00","mainEntityOfPage":{"@id":"https:\/\/apuntesdesanluis.com\/index.php\/2024\/04\/10\/fuerte-interna-libertaria-por-la-presidencia-de-la-comision-de-juicio-politico\/"},"wordCount":1157,"publisher":{"@id":"https:\/\/apuntesdesanluis.com\/#\/schema\/person\/b55151d52296fcce64d1a72538a70b90"},"image":{"@id":"https:\/\/apuntesdesanluis.com\/index.php\/2024\/04\/10\/fuerte-interna-libertaria-por-la-presidencia-de-la-comision-de-juicio-politico\/#primaryimage"},"thumbnailUrl":"https:\/\/apuntesdesanluis.com\/wp-content\/uploads\/2024\/04\/ZAGO-MENEM.png","articleSection":["Nacionales\/Internacionales"],"inLanguage":"es-AR"},{"@type":"WebPage","@id":"https:\/\/apuntesdesanluis.com\/index.php\/2024\/04\/10\/fuerte-interna-libertaria-por-la-presidencia-de-la-comision-de-juicio-politico\/","url":"https:\/\/apuntesdesanluis.com\/index.php\/2024\/04\/10\/fuerte-interna-libertaria-por-la-presidencia-de-la-comision-de-juicio-politico\/","name":"FUERTE INTERNA LIBERTARIA POR LA PRESIDENCIA DE LA COMISI\u00d3N DE JUICIO POL\u00cdTICO - Apuntes de San Luis","isPartOf":{"@id":"https:\/\/apuntesdesanluis.com\/#website"},"primaryImageOfPage":{"@id":"https:\/\/apuntesdesanluis.com\/index.php\/2024\/04\/10\/fuerte-interna-libertaria-por-la-presidencia-de-la-comision-de-juicio-politico\/#primaryimage"},"image":{"@id":"https:\/\/apuntesdesanluis.com\/index.php\/2024\/04\/10\/fuerte-interna-libertaria-por-la-presidencia-de-la-comision-de-juicio-politico\/#primaryimage"},"thumbnailUrl":"https:\/\/apuntesdesanluis.com\/wp-content\/uploads\/2024\/04\/ZAGO-MENEM.png","datePublished":"2024-04-11T01:03:34+00:00","breadcrumb":{"@id":"https:\/\/apuntesdesanluis.com\/index.php\/2024\/04\/10\/fuerte-interna-libertaria-por-la-presidencia-de-la-comision-de-juicio-politico\/#breadcrumb"},"inLanguage":"es-AR","potentialAction":[{"@type":"ReadAction","target":["https:\/\/apuntesdesanluis.com\/index.php\/2024\/04\/10\/fuerte-interna-libertaria-por-la-presidencia-de-la-comision-de-juicio-politico\/"]}]},{"@type":"ImageObject","inLanguage":"es-AR","@id":"https:\/\/apuntesdesanluis.com\/index.php\/2024\/04\/10\/fuerte-interna-libertaria-por-la-presidencia-de-la-comision-de-juicio-politico\/#primaryimage","url":"https:\/\/apuntesdesanluis.com\/wp-content\/uploads\/2024\/04\/ZAGO-MENEM.png","contentUrl":"https:\/\/apuntesdesanluis.com\/wp-content\/uploads\/2024\/04\/ZAGO-MENEM.png","width":600,"height":345},{"@type":"BreadcrumbList","@id":"https:\/\/apuntesdesanluis.com\/index.php\/2024\/04\/10\/fuerte-interna-libertaria-por-la-presidencia-de-la-comision-de-juicio-politico\/#breadcrumb","itemListElement":[{"@type":"ListItem","position":1,"name":"Inicio","item":"https:\/\/apuntesdesanluis.com\/"},{"@type":"ListItem","position":2,"name":"FUERTE INTERNA LIBERTARIA POR LA PRESIDENCIA DE LA COMISI\u00d3N DE JUICIO POL\u00cdTICO"}]},{"@type":"WebSite","@id":"https:\/\/apuntesdesanluis.com\/#website","url":"https:\/\/apuntesdesanluis.com\/","name":"Apuntes de San Luis","description":"","publisher":{"@id":"https:\/\/apuntesdesanluis.com\/#\/schema\/person\/b55151d52296fcce64d1a72538a70b90"},"potentialAction":[{"@type":"SearchAction","target":{"@type":"EntryPoint","urlTemplate":"https:\/\/apuntesdesanluis.com\/?s={search_term_string}"},"query-input":{"@type":"PropertyValueSpecification","valueRequired":true,"valueName":"search_term_string"}}],"inLanguage":"es-AR"},{"@type":["Person","Organization"],"@id":"https:\/\/apuntesdesanluis.com\/#\/schema\/person\/b55151d52296fcce64d1a72538a70b90","name":"apuntesdesanluis.com","image":{"@type":"ImageObject","inLanguage":"es-AR","@id":"https:\/\/apuntesdesanluis.com\/#\/schema\/person\/image\/","url":"https:\/\/apuntesdesanluis.com\/wp-content\/uploads\/2023\/07\/cropped-apuntesdesanluis.png","contentUrl":"https:\/\/apuntesdesanluis.com\/wp-content\/uploads\/2023\/07\/cropped-apuntesdesanluis.png","width":450,"height":112,"caption":"apuntesdesanluis.com"},"logo":{"@id":"https:\/\/apuntesdesanluis.com\/#\/schema\/person\/image\/"},"sameAs":["https:\/\/apuntesdesanluis.com"],"url":"https:\/\/apuntesdesanluis.com\/index.php\/author\/apuntesdesanluis-com\/"}]}},"featured_image_urls":{"full":["https:\/\/apuntesdesanluis.com\/wp-content\/uploads\/2024\/04\/ZAGO-MENEM.png",600,345,false],"thumbnail":["https:\/\/apuntesdesanluis.com\/wp-content\/uploads\/2024\/04\/ZAGO-MENEM-150x150.png",150,150,true],"medium":["https:\/\/apuntesdesanluis.com\/wp-content\/uploads\/2024\/04\/ZAGO-MENEM-300x173.png",300,173,true],"medium_large":["https:\/\/apuntesdesanluis.com\/wp-content\/uploads\/2024\/04\/ZAGO-MENEM.png",600,345,false],"large":["https:\/\/apuntesdesanluis.com\/wp-content\/uploads\/2024\/04\/ZAGO-MENEM.png",600,345,false],"1536x1536":["https:\/\/apuntesdesanluis.com\/wp-content\/uploads\/2024\/04\/ZAGO-MENEM.png",600,345,false],"2048x2048":["https:\/\/apuntesdesanluis.com\/wp-content\/uploads\/2024\/04\/ZAGO-MENEM.png",600,345,false],"newsever-slider-full":["https:\/\/apuntesdesanluis.com\/wp-content\/uploads\/2024\/04\/ZAGO-MENEM.png",600,345,false],"newsever-featured":["https:\/\/apuntesdesanluis.com\/wp-content\/uploads\/2024\/04\/ZAGO-MENEM.png",600,345,false],"newsever-medium":["https:\/\/apuntesdesanluis.com\/wp-content\/uploads\/2024\/04\/ZAGO-MENEM.png",600,345,false]},"author_info":{"display_name":"apuntesdesanluis.com","author_link":"https:\/\/apuntesdesanluis.com\/index.php\/author\/apuntesdesanluis-com\/"},"category_info":"<a href=\"https:\/\/apuntesdesanluis.com\/index.php\/category\/nacionales-internacionales\/\" rel=\"category tag\">Nacionales\/Internacionales<\/a>","tag_info":"Nacionales\/Internacionales","comment_count":"0","_links":{"self":[{"href":"https:\/\/apuntesdesanluis.com\/index.php\/wp-json\/wp\/v2\/posts\/14502","targetHints":{"allow":["GET"]}}],"collection":[{"href":"https:\/\/apuntesdesanluis.com\/index.php\/wp-json\/wp\/v2\/posts"}],"about":[{"href":"https:\/\/apuntesdesanluis.com\/index.php\/wp-json\/wp\/v2\/types\/post"}],"author":[{"embeddable":true,"href":"https:\/\/apuntesdesanluis.com\/index.php\/wp-json\/wp\/v2\/users\/1"}],"replies":[{"embeddable":true,"href":"https:\/\/apuntesdesanluis.com\/index.php\/wp-json\/wp\/v2\/comments?post=14502"}],"version-history":[{"count":1,"href":"https:\/\/apuntesdesanluis.com\/index.php\/wp-json\/wp\/v2\/posts\/14502\/revisions"}],"predecessor-version":[{"id":14505,"href":"https:\/\/apuntesdesanluis.com\/index.php\/wp-json\/wp\/v2\/posts\/14502\/revisions\/14505"}],"wp:featuredmedia":[{"embeddable":true,"href":"https:\/\/apuntesdesanluis.com\/index.php\/wp-json\/wp\/v2\/media\/14503"}],"wp:attachment":[{"href":"https:\/\/apuntesdesanluis.com\/index.php\/wp-json\/wp\/v2\/media?parent=14502"}],"wp:term":[{"taxonomy":"category","embeddable":true,"href":"https:\/\/apuntesdesanluis.com\/index.php\/wp-json\/wp\/v2\/categories?post=14502"},{"taxonomy":"post_tag","embeddable":true,"href":"https:\/\/apuntesdesanluis.com\/index.php\/wp-json\/wp\/v2\/tags?post=14502"}],"curies":[{"name":"wp","href":"https:\/\/api.w.org\/{rel}","templated":true}]}}