{"id":14506,"date":"2024-04-10T22:13:20","date_gmt":"2024-04-11T01:13:20","guid":{"rendered":"https:\/\/apuntesdesanluis.com\/?p=14506"},"modified":"2024-04-10T22:13:20","modified_gmt":"2024-04-11T01:13:20","slug":"el-gobierno-con-la-cgt-paro-general-en-suspenso-y-sigue-la-pelea-por-la-homologacion-de-paritarias","status":"publish","type":"post","link":"https:\/\/apuntesdesanluis.com\/index.php\/2024\/04\/10\/el-gobierno-con-la-cgt-paro-general-en-suspenso-y-sigue-la-pelea-por-la-homologacion-de-paritarias\/","title":{"rendered":"EL GOBIERNO CON LA CGT: PARO GENERAL EN SUSPENSO Y SIGUE LA PELEA POR LA HOMOLOGACI\u00d3N DE PARITARIAS"},"content":{"rendered":"<h3>El ministro de Interior, <strong>Guillermo Francos<\/strong>, y el jefe de Gabinete, <strong>Nicol\u00e1s Posse<\/strong>, recibieron a la c\u00fapula de la Confederaci\u00f3n General del Trabajo (CGT) en Casa Rosada, en medio de la discusi\u00f3n de la Ley de Bases y de la posibilidad de que los gremios avancen con un nuevo paro general.<\/h3>\n<h3>Seg\u00fan pudo saber Noticias Argentinas de fuentes oficiales, los dirigentes gremiales se interiorizaron sobre el proyecto de Ley Bases y la eventual propuesta de reforma laboral. A su vez, dialogaron sobre la homologaci\u00f3n de convenios y las futuras negociaciones paritarias.<\/h3>\n<h3>\u201cJunto al jefe de gabinete y el secretario de Trabajo mantuvimos un encuentro con los secretarios generales de la CGT y dirigentes de m\u00faltiples entidades gremiales. En l\u00ednea con las reuniones mantenidas con legisladores, gobernadores y dirigentes, seguimos dialogando con todos los sectores y trabajando para la construcci\u00f3n de consensos que nos permitan llevar adelante las reformas que necesita la Argentina\u201d, se\u00f1al\u00f3 Francos luego del encuentro con la c\u00fapula sindical.<\/h3>\n<h3>De acuerdo a lo que indicaron fuentes gubernamentales a esta agencia, uno de los temas que m\u00e1s dificultades produjo durante el conclave fue la homologaci\u00f3n de las paritarias por arriba de la inflaci\u00f3n, sobre el que no arribaron a un acuerdo.<\/h3>\n<h3>La reuni\u00f3n, a donde llegaron los secretarios generales H\u00e9ctor Daer y Carlos Acu\u00f1a, el secretario general del Camioneros, Hugo Moyano; el titular de UPCN, Andr\u00e9s Rodr\u00edguez; y el secretario general del sindicato de Obras Sanitarias, Jos\u00e9 Luis Lingeri, se extendi\u00f3 por m\u00e1s de dos horas y media. Una vez concluido el encuentro, la c\u00fapula de la GGT se retir\u00f3 en medio de un fuerte hermetismo.<\/h3>\n<h3>En representaci\u00f3n de los gremios, formaron parte de la reuni\u00f3n adem\u00e1s Gerardo Mart\u00ednez (UOCRA); Marina Jaureguiberry (SADOP); Cristian Jer\u00f3nimo (Empleados del Vidrio); Susana Ben\u00edtez (SATSAID); Jorge Sola (Seguros); y Oscar Rojas (Maestranza).<\/h3>\n<h3>Del lado del Gobierno nacional, el encuentro cont\u00f3 tambi\u00e9n con la presencia del secretario de Interior, Lisandro Catal\u00e1n y el secretario de Trabajo, Julio Cordero.\u00a0 Se trat\u00f3 de la primera vez que el Poder Ejecutivo y la CGT se ven las caras de manera oficial desde el inicio del mandato del presidente Javier Milei.<\/h3>\n<h3>En el c\u00f3nclave que comenz\u00f3 poco antes de las 16.30 y se extendi\u00f3 hasta minutos antes de las 19, otro de los temas abordados fue el proyecto de reforma laboral que est\u00e1 elaborando un grupo de diputados de la UCR, entre ellos, los legisladores Karina Banfi, Carla Carrizo y Fabio Quetglas. La iniciativa cuenta tambi\u00e9n con el apoyo de los bloques dialoguistas en el parlamento.<\/h3>\n<h3>En relaci\u00f3n a los cambios de la norma laboral, que se agregar\u00eda al tratamiento de la Ley Bases, los popes sindicales pidieron informaci\u00f3n respecto del proyecto y plantearon algunas objeciones.<\/h3>\n<h3>Los temas conflictivos de la reforma, que toma como base las modificaciones que ya inclu\u00eda el DNU en esta materia, tienen que ver con la ultraactividad de los convenios colectivos, principio que obliga a mantener su vigencia hasta no negociar uno nuevo.<\/h3>\n<h3>Otro de los puntos calientes en la negociaci\u00f3n con la CGT est\u00e1 vinculado a la limitaci\u00f3n de las cuotas solidarias, uno de los instrumentos m\u00e1s importantes que tienen los sindicatos para financiarse a trav\u00e9s de descuentos compulsivos de una suma pactada en los convenios colectivos de trabajo.<\/h3>\n<h3>Este elemento es uno de los que m\u00e1s inter\u00e9s reviste en los gremialistas, porque afecta directamente a los ingresos de los sindicatos. Sobre esta cuesti\u00f3n, el Ejecutivo hab\u00eda propuesto que dicho descuento deb\u00eda contar con el \u201cconsentimiento\u201d del trabajador para llevarse a cabo.<\/h3>\n<h3>El acto no cont\u00f3 con la presencia del secretario adjunto de Camioneros e integrante del triunvirato cegetista, Pablo Moyano, el gremialista m\u00e1s cr\u00edtico a la administraci\u00f3n presidida por Javier Milei.<\/h3>\n<h3>El paro general no fue uno de los temas principales del encuentro y no existieron advertencias en ese sentido. En tanto, el momento de las definiciones con relaci\u00f3n a las medidas de fuerza llegar\u00e1 ma\u00f1ana, cuando la CGT definir\u00e1 si convoca a un nuevo paro general en su Consejo Directivo.<\/h3>\n<h3>La relaci\u00f3n entre el Poder Ejecutivo y la CGT se tens\u00f3 no s\u00f3lo tras la fuerte devaluaci\u00f3n de diciembre, sino tambi\u00e9n por la implementaci\u00f3n del DNU 70\/2023, que toc\u00f3 fibras sensibles en los sindicatos como las contribuciones y aportes obligatorios, m\u00e1s la mencionada reforma laboral.<\/h3>\n<p>&nbsp;<\/p>\n<p>&nbsp;<\/p>\n<p>&nbsp;<\/p>\n<p>&nbsp;<\/p>\n<p>&nbsp;<\/p>\n<p>&nbsp;<\/p>\n","protected":false},"excerpt":{"rendered":"<p>El ministro de Interior, Guillermo Francos, y el jefe de Gabinete, Nicol\u00e1s Posse, recibieron a&#8230;<\/p>\n","protected":false},"author":1,"featured_media":14508,"comment_status":"closed","ping_status":"closed","sticky":false,"template":"","format":"standard","meta":{"footnotes":""},"categories":[5],"tags":[],"class_list":["post-14506","post","type-post","status-publish","format-standard","has-post-thumbnail","hentry","category-nacionales-internacionales"],"yoast_head":"<!-- This site is optimized with the Yoast SEO plugin v26.1.1 - https:\/\/yoast.com\/wordpress\/plugins\/seo\/ -->\n<title>EL GOBIERNO CON LA CGT: PARO GENERAL EN SUSPENSO Y SIGUE LA PELEA POR LA HOMOLOGACI\u00d3N DE PARITARIAS - Apuntes de San Luis<\/title>\n<meta name=\"robots\" content=\"index, follow, max-snippet:-1, max-image-preview:large, max-video-preview:-1\" \/>\n<link rel=\"canonical\" href=\"https:\/\/apuntesdesanluis.com\/index.php\/2024\/04\/10\/el-gobierno-con-la-cgt-paro-general-en-suspenso-y-sigue-la-pelea-por-la-homologacion-de-paritarias\/\" \/>\n<meta property=\"og:locale\" content=\"es_ES\" \/>\n<meta property=\"og:type\" content=\"article\" \/>\n<meta property=\"og:title\" content=\"EL GOBIERNO CON LA CGT: PARO GENERAL EN SUSPENSO Y SIGUE LA PELEA POR LA HOMOLOGACI\u00d3N DE PARITARIAS - Apuntes de San Luis\" \/>\n<meta property=\"og:description\" content=\"El ministro de Interior, Guillermo Francos, y el jefe de Gabinete, Nicol\u00e1s Posse, recibieron a...\" \/>\n<meta property=\"og:url\" content=\"https:\/\/apuntesdesanluis.com\/index.php\/2024\/04\/10\/el-gobierno-con-la-cgt-paro-general-en-suspenso-y-sigue-la-pelea-por-la-homologacion-de-paritarias\/\" \/>\n<meta property=\"og:site_name\" content=\"Apuntes de San Luis\" \/>\n<meta property=\"article:published_time\" content=\"2024-04-11T01:13:20+00:00\" \/>\n<meta property=\"og:image\" content=\"https:\/\/apuntesdesanluis.com\/wp-content\/uploads\/2024\/04\/gobierno-cgt.png\" \/>\n\t<meta property=\"og:image:width\" content=\"600\" \/>\n\t<meta property=\"og:image:height\" content=\"319\" \/>\n\t<meta property=\"og:image:type\" content=\"image\/png\" \/>\n<meta name=\"author\" content=\"apuntesdesanluis.com\" \/>\n<meta name=\"twitter:card\" content=\"summary_large_image\" \/>\n<meta name=\"twitter:label1\" content=\"Escrito por\" \/>\n\t<meta name=\"twitter:data1\" content=\"apuntesdesanluis.com\" \/>\n\t<meta name=\"twitter:label2\" content=\"Tiempo de lectura\" \/>\n\t<meta name=\"twitter:data2\" content=\"4 minutos\" \/>\n<script type=\"application\/ld+json\" class=\"yoast-schema-graph\">{\"@context\":\"https:\/\/schema.org\",\"@graph\":[{\"@type\":\"Article\",\"@id\":\"https:\/\/apuntesdesanluis.com\/index.php\/2024\/04\/10\/el-gobierno-con-la-cgt-paro-general-en-suspenso-y-sigue-la-pelea-por-la-homologacion-de-paritarias\/#article\",\"isPartOf\":{\"@id\":\"https:\/\/apuntesdesanluis.com\/index.php\/2024\/04\/10\/el-gobierno-con-la-cgt-paro-general-en-suspenso-y-sigue-la-pelea-por-la-homologacion-de-paritarias\/\"},\"author\":{\"name\":\"apuntesdesanluis.com\",\"@id\":\"https:\/\/apuntesdesanluis.com\/#\/schema\/person\/b55151d52296fcce64d1a72538a70b90\"},\"headline\":\"EL GOBIERNO CON LA CGT: PARO GENERAL EN SUSPENSO Y SIGUE LA PELEA POR LA HOMOLOGACI\u00d3N DE PARITARIAS\",\"datePublished\":\"2024-04-11T01:13:20+00:00\",\"mainEntityOfPage\":{\"@id\":\"https:\/\/apuntesdesanluis.com\/index.php\/2024\/04\/10\/el-gobierno-con-la-cgt-paro-general-en-suspenso-y-sigue-la-pelea-por-la-homologacion-de-paritarias\/\"},\"wordCount\":782,\"publisher\":{\"@id\":\"https:\/\/apuntesdesanluis.com\/#\/schema\/person\/b55151d52296fcce64d1a72538a70b90\"},\"image\":{\"@id\":\"https:\/\/apuntesdesanluis.com\/index.php\/2024\/04\/10\/el-gobierno-con-la-cgt-paro-general-en-suspenso-y-sigue-la-pelea-por-la-homologacion-de-paritarias\/#primaryimage\"},\"thumbnailUrl\":\"https:\/\/apuntesdesanluis.com\/wp-content\/uploads\/2024\/04\/gobierno-cgt.png\",\"articleSection\":[\"Nacionales\/Internacionales\"],\"inLanguage\":\"es-AR\"},{\"@type\":\"WebPage\",\"@id\":\"https:\/\/apuntesdesanluis.com\/index.php\/2024\/04\/10\/el-gobierno-con-la-cgt-paro-general-en-suspenso-y-sigue-la-pelea-por-la-homologacion-de-paritarias\/\",\"url\":\"https:\/\/apuntesdesanluis.com\/index.php\/2024\/04\/10\/el-gobierno-con-la-cgt-paro-general-en-suspenso-y-sigue-la-pelea-por-la-homologacion-de-paritarias\/\",\"name\":\"EL GOBIERNO CON LA CGT: PARO GENERAL EN SUSPENSO Y SIGUE LA PELEA POR LA HOMOLOGACI\u00d3N DE PARITARIAS - Apuntes de San Luis\",\"isPartOf\":{\"@id\":\"https:\/\/apuntesdesanluis.com\/#website\"},\"primaryImageOfPage\":{\"@id\":\"https:\/\/apuntesdesanluis.com\/index.php\/2024\/04\/10\/el-gobierno-con-la-cgt-paro-general-en-suspenso-y-sigue-la-pelea-por-la-homologacion-de-paritarias\/#primaryimage\"},\"image\":{\"@id\":\"https:\/\/apuntesdesanluis.com\/index.php\/2024\/04\/10\/el-gobierno-con-la-cgt-paro-general-en-suspenso-y-sigue-la-pelea-por-la-homologacion-de-paritarias\/#primaryimage\"},\"thumbnailUrl\":\"https:\/\/apuntesdesanluis.com\/wp-content\/uploads\/2024\/04\/gobierno-cgt.png\",\"datePublished\":\"2024-04-11T01:13:20+00:00\",\"breadcrumb\":{\"@id\":\"https:\/\/apuntesdesanluis.com\/index.php\/2024\/04\/10\/el-gobierno-con-la-cgt-paro-general-en-suspenso-y-sigue-la-pelea-por-la-homologacion-de-paritarias\/#breadcrumb\"},\"inLanguage\":\"es-AR\",\"potentialAction\":[{\"@type\":\"ReadAction\",\"target\":[\"https:\/\/apuntesdesanluis.com\/index.php\/2024\/04\/10\/el-gobierno-con-la-cgt-paro-general-en-suspenso-y-sigue-la-pelea-por-la-homologacion-de-paritarias\/\"]}]},{\"@type\":\"ImageObject\",\"inLanguage\":\"es-AR\",\"@id\":\"https:\/\/apuntesdesanluis.com\/index.php\/2024\/04\/10\/el-gobierno-con-la-cgt-paro-general-en-suspenso-y-sigue-la-pelea-por-la-homologacion-de-paritarias\/#primaryimage\",\"url\":\"https:\/\/apuntesdesanluis.com\/wp-content\/uploads\/2024\/04\/gobierno-cgt.png\",\"contentUrl\":\"https:\/\/apuntesdesanluis.com\/wp-content\/uploads\/2024\/04\/gobierno-cgt.png\",\"width\":600,\"height\":319},{\"@type\":\"BreadcrumbList\",\"@id\":\"https:\/\/apuntesdesanluis.com\/index.php\/2024\/04\/10\/el-gobierno-con-la-cgt-paro-general-en-suspenso-y-sigue-la-pelea-por-la-homologacion-de-paritarias\/#breadcrumb\",\"itemListElement\":[{\"@type\":\"ListItem\",\"position\":1,\"name\":\"Inicio\",\"item\":\"https:\/\/apuntesdesanluis.com\/\"},{\"@type\":\"ListItem\",\"position\":2,\"name\":\"EL GOBIERNO CON LA CGT: PARO GENERAL EN SUSPENSO Y SIGUE LA PELEA POR LA HOMOLOGACI\u00d3N DE PARITARIAS\"}]},{\"@type\":\"WebSite\",\"@id\":\"https:\/\/apuntesdesanluis.com\/#website\",\"url\":\"https:\/\/apuntesdesanluis.com\/\",\"name\":\"Apuntes de San Luis\",\"description\":\"\",\"publisher\":{\"@id\":\"https:\/\/apuntesdesanluis.com\/#\/schema\/person\/b55151d52296fcce64d1a72538a70b90\"},\"potentialAction\":[{\"@type\":\"SearchAction\",\"target\":{\"@type\":\"EntryPoint\",\"urlTemplate\":\"https:\/\/apuntesdesanluis.com\/?s={search_term_string}\"},\"query-input\":{\"@type\":\"PropertyValueSpecification\",\"valueRequired\":true,\"valueName\":\"search_term_string\"}}],\"inLanguage\":\"es-AR\"},{\"@type\":[\"Person\",\"Organization\"],\"@id\":\"https:\/\/apuntesdesanluis.com\/#\/schema\/person\/b55151d52296fcce64d1a72538a70b90\",\"name\":\"apuntesdesanluis.com\",\"image\":{\"@type\":\"ImageObject\",\"inLanguage\":\"es-AR\",\"@id\":\"https:\/\/apuntesdesanluis.com\/#\/schema\/person\/image\/\",\"url\":\"https:\/\/apuntesdesanluis.com\/wp-content\/uploads\/2023\/07\/cropped-apuntesdesanluis.png\",\"contentUrl\":\"https:\/\/apuntesdesanluis.com\/wp-content\/uploads\/2023\/07\/cropped-apuntesdesanluis.png\",\"width\":450,\"height\":112,\"caption\":\"apuntesdesanluis.com\"},\"logo\":{\"@id\":\"https:\/\/apuntesdesanluis.com\/#\/schema\/person\/image\/\"},\"sameAs\":[\"https:\/\/apuntesdesanluis.com\"],\"url\":\"https:\/\/apuntesdesanluis.com\/index.php\/author\/apuntesdesanluis-com\/\"}]}<\/script>\n<!-- \/ Yoast SEO plugin. -->","yoast_head_json":{"title":"EL GOBIERNO CON LA CGT: PARO GENERAL EN SUSPENSO Y SIGUE LA PELEA POR LA HOMOLOGACI\u00d3N DE PARITARIAS - Apuntes de San Luis","robots":{"index":"index","follow":"follow","max-snippet":"max-snippet:-1","max-image-preview":"max-image-preview:large","max-video-preview":"max-video-preview:-1"},"canonical":"https:\/\/apuntesdesanluis.com\/index.php\/2024\/04\/10\/el-gobierno-con-la-cgt-paro-general-en-suspenso-y-sigue-la-pelea-por-la-homologacion-de-paritarias\/","og_locale":"es_ES","og_type":"article","og_title":"EL GOBIERNO CON LA CGT: PARO GENERAL EN SUSPENSO Y SIGUE LA PELEA POR LA HOMOLOGACI\u00d3N DE PARITARIAS - Apuntes de San Luis","og_description":"El ministro de Interior, Guillermo Francos, y el jefe de Gabinete, Nicol\u00e1s Posse, recibieron a...","og_url":"https:\/\/apuntesdesanluis.com\/index.php\/2024\/04\/10\/el-gobierno-con-la-cgt-paro-general-en-suspenso-y-sigue-la-pelea-por-la-homologacion-de-paritarias\/","og_site_name":"Apuntes de San Luis","article_published_time":"2024-04-11T01:13:20+00:00","og_image":[{"width":600,"height":319,"url":"https:\/\/apuntesdesanluis.com\/wp-content\/uploads\/2024\/04\/gobierno-cgt.png","type":"image\/png"}],"author":"apuntesdesanluis.com","twitter_card":"summary_large_image","twitter_misc":{"Escrito por":"apuntesdesanluis.com","Tiempo de lectura":"4 minutos"},"schema":{"@context":"https:\/\/schema.org","@graph":[{"@type":"Article","@id":"https:\/\/apuntesdesanluis.com\/index.php\/2024\/04\/10\/el-gobierno-con-la-cgt-paro-general-en-suspenso-y-sigue-la-pelea-por-la-homologacion-de-paritarias\/#article","isPartOf":{"@id":"https:\/\/apuntesdesanluis.com\/index.php\/2024\/04\/10\/el-gobierno-con-la-cgt-paro-general-en-suspenso-y-sigue-la-pelea-por-la-homologacion-de-paritarias\/"},"author":{"name":"apuntesdesanluis.com","@id":"https:\/\/apuntesdesanluis.com\/#\/schema\/person\/b55151d52296fcce64d1a72538a70b90"},"headline":"EL GOBIERNO CON LA CGT: PARO GENERAL EN SUSPENSO Y SIGUE LA PELEA POR LA HOMOLOGACI\u00d3N DE PARITARIAS","datePublished":"2024-04-11T01:13:20+00:00","mainEntityOfPage":{"@id":"https:\/\/apuntesdesanluis.com\/index.php\/2024\/04\/10\/el-gobierno-con-la-cgt-paro-general-en-suspenso-y-sigue-la-pelea-por-la-homologacion-de-paritarias\/"},"wordCount":782,"publisher":{"@id":"https:\/\/apuntesdesanluis.com\/#\/schema\/person\/b55151d52296fcce64d1a72538a70b90"},"image":{"@id":"https:\/\/apuntesdesanluis.com\/index.php\/2024\/04\/10\/el-gobierno-con-la-cgt-paro-general-en-suspenso-y-sigue-la-pelea-por-la-homologacion-de-paritarias\/#primaryimage"},"thumbnailUrl":"https:\/\/apuntesdesanluis.com\/wp-content\/uploads\/2024\/04\/gobierno-cgt.png","articleSection":["Nacionales\/Internacionales"],"inLanguage":"es-AR"},{"@type":"WebPage","@id":"https:\/\/apuntesdesanluis.com\/index.php\/2024\/04\/10\/el-gobierno-con-la-cgt-paro-general-en-suspenso-y-sigue-la-pelea-por-la-homologacion-de-paritarias\/","url":"https:\/\/apuntesdesanluis.com\/index.php\/2024\/04\/10\/el-gobierno-con-la-cgt-paro-general-en-suspenso-y-sigue-la-pelea-por-la-homologacion-de-paritarias\/","name":"EL GOBIERNO CON LA CGT: PARO GENERAL EN SUSPENSO Y SIGUE LA PELEA POR LA HOMOLOGACI\u00d3N DE PARITARIAS - Apuntes de San Luis","isPartOf":{"@id":"https:\/\/apuntesdesanluis.com\/#website"},"primaryImageOfPage":{"@id":"https:\/\/apuntesdesanluis.com\/index.php\/2024\/04\/10\/el-gobierno-con-la-cgt-paro-general-en-suspenso-y-sigue-la-pelea-por-la-homologacion-de-paritarias\/#primaryimage"},"image":{"@id":"https:\/\/apuntesdesanluis.com\/index.php\/2024\/04\/10\/el-gobierno-con-la-cgt-paro-general-en-suspenso-y-sigue-la-pelea-por-la-homologacion-de-paritarias\/#primaryimage"},"thumbnailUrl":"https:\/\/apuntesdesanluis.com\/wp-content\/uploads\/2024\/04\/gobierno-cgt.png","datePublished":"2024-04-11T01:13:20+00:00","breadcrumb":{"@id":"https:\/\/apuntesdesanluis.com\/index.php\/2024\/04\/10\/el-gobierno-con-la-cgt-paro-general-en-suspenso-y-sigue-la-pelea-por-la-homologacion-de-paritarias\/#breadcrumb"},"inLanguage":"es-AR","potentialAction":[{"@type":"ReadAction","target":["https:\/\/apuntesdesanluis.com\/index.php\/2024\/04\/10\/el-gobierno-con-la-cgt-paro-general-en-suspenso-y-sigue-la-pelea-por-la-homologacion-de-paritarias\/"]}]},{"@type":"ImageObject","inLanguage":"es-AR","@id":"https:\/\/apuntesdesanluis.com\/index.php\/2024\/04\/10\/el-gobierno-con-la-cgt-paro-general-en-suspenso-y-sigue-la-pelea-por-la-homologacion-de-paritarias\/#primaryimage","url":"https:\/\/apuntesdesanluis.com\/wp-content\/uploads\/2024\/04\/gobierno-cgt.png","contentUrl":"https:\/\/apuntesdesanluis.com\/wp-content\/uploads\/2024\/04\/gobierno-cgt.png","width":600,"height":319},{"@type":"BreadcrumbList","@id":"https:\/\/apuntesdesanluis.com\/index.php\/2024\/04\/10\/el-gobierno-con-la-cgt-paro-general-en-suspenso-y-sigue-la-pelea-por-la-homologacion-de-paritarias\/#breadcrumb","itemListElement":[{"@type":"ListItem","position":1,"name":"Inicio","item":"https:\/\/apuntesdesanluis.com\/"},{"@type":"ListItem","position":2,"name":"EL GOBIERNO CON LA CGT: PARO GENERAL EN SUSPENSO Y SIGUE LA PELEA POR LA HOMOLOGACI\u00d3N DE PARITARIAS"}]},{"@type":"WebSite","@id":"https:\/\/apuntesdesanluis.com\/#website","url":"https:\/\/apuntesdesanluis.com\/","name":"Apuntes de San Luis","description":"","publisher":{"@id":"https:\/\/apuntesdesanluis.com\/#\/schema\/person\/b55151d52296fcce64d1a72538a70b90"},"potentialAction":[{"@type":"SearchAction","target":{"@type":"EntryPoint","urlTemplate":"https:\/\/apuntesdesanluis.com\/?s={search_term_string}"},"query-input":{"@type":"PropertyValueSpecification","valueRequired":true,"valueName":"search_term_string"}}],"inLanguage":"es-AR"},{"@type":["Person","Organization"],"@id":"https:\/\/apuntesdesanluis.com\/#\/schema\/person\/b55151d52296fcce64d1a72538a70b90","name":"apuntesdesanluis.com","image":{"@type":"ImageObject","inLanguage":"es-AR","@id":"https:\/\/apuntesdesanluis.com\/#\/schema\/person\/image\/","url":"https:\/\/apuntesdesanluis.com\/wp-content\/uploads\/2023\/07\/cropped-apuntesdesanluis.png","contentUrl":"https:\/\/apuntesdesanluis.com\/wp-content\/uploads\/2023\/07\/cropped-apuntesdesanluis.png","width":450,"height":112,"caption":"apuntesdesanluis.com"},"logo":{"@id":"https:\/\/apuntesdesanluis.com\/#\/schema\/person\/image\/"},"sameAs":["https:\/\/apuntesdesanluis.com"],"url":"https:\/\/apuntesdesanluis.com\/index.php\/author\/apuntesdesanluis-com\/"}]}},"featured_image_urls":{"full":["https:\/\/apuntesdesanluis.com\/wp-content\/uploads\/2024\/04\/gobierno-cgt.png",600,319,false],"thumbnail":["https:\/\/apuntesdesanluis.com\/wp-content\/uploads\/2024\/04\/gobierno-cgt-150x150.png",150,150,true],"medium":["https:\/\/apuntesdesanluis.com\/wp-content\/uploads\/2024\/04\/gobierno-cgt-300x160.png",300,160,true],"medium_large":["https:\/\/apuntesdesanluis.com\/wp-content\/uploads\/2024\/04\/gobierno-cgt.png",600,319,false],"large":["https:\/\/apuntesdesanluis.com\/wp-content\/uploads\/2024\/04\/gobierno-cgt.png",600,319,false],"1536x1536":["https:\/\/apuntesdesanluis.com\/wp-content\/uploads\/2024\/04\/gobierno-cgt.png",600,319,false],"2048x2048":["https:\/\/apuntesdesanluis.com\/wp-content\/uploads\/2024\/04\/gobierno-cgt.png",600,319,false],"newsever-slider-full":["https:\/\/apuntesdesanluis.com\/wp-content\/uploads\/2024\/04\/gobierno-cgt.png",600,319,false],"newsever-featured":["https:\/\/apuntesdesanluis.com\/wp-content\/uploads\/2024\/04\/gobierno-cgt.png",600,319,false],"newsever-medium":["https:\/\/apuntesdesanluis.com\/wp-content\/uploads\/2024\/04\/gobierno-cgt.png",600,319,false]},"author_info":{"display_name":"apuntesdesanluis.com","author_link":"https:\/\/apuntesdesanluis.com\/index.php\/author\/apuntesdesanluis-com\/"},"category_info":"<a href=\"https:\/\/apuntesdesanluis.com\/index.php\/category\/nacionales-internacionales\/\" rel=\"category tag\">Nacionales\/Internacionales<\/a>","tag_info":"Nacionales\/Internacionales","comment_count":"0","_links":{"self":[{"href":"https:\/\/apuntesdesanluis.com\/index.php\/wp-json\/wp\/v2\/posts\/14506","targetHints":{"allow":["GET"]}}],"collection":[{"href":"https:\/\/apuntesdesanluis.com\/index.php\/wp-json\/wp\/v2\/posts"}],"about":[{"href":"https:\/\/apuntesdesanluis.com\/index.php\/wp-json\/wp\/v2\/types\/post"}],"author":[{"embeddable":true,"href":"https:\/\/apuntesdesanluis.com\/index.php\/wp-json\/wp\/v2\/users\/1"}],"replies":[{"embeddable":true,"href":"https:\/\/apuntesdesanluis.com\/index.php\/wp-json\/wp\/v2\/comments?post=14506"}],"version-history":[{"count":2,"href":"https:\/\/apuntesdesanluis.com\/index.php\/wp-json\/wp\/v2\/posts\/14506\/revisions"}],"predecessor-version":[{"id":14509,"href":"https:\/\/apuntesdesanluis.com\/index.php\/wp-json\/wp\/v2\/posts\/14506\/revisions\/14509"}],"wp:featuredmedia":[{"embeddable":true,"href":"https:\/\/apuntesdesanluis.com\/index.php\/wp-json\/wp\/v2\/media\/14508"}],"wp:attachment":[{"href":"https:\/\/apuntesdesanluis.com\/index.php\/wp-json\/wp\/v2\/media?parent=14506"}],"wp:term":[{"taxonomy":"category","embeddable":true,"href":"https:\/\/apuntesdesanluis.com\/index.php\/wp-json\/wp\/v2\/categories?post=14506"},{"taxonomy":"post_tag","embeddable":true,"href":"https:\/\/apuntesdesanluis.com\/index.php\/wp-json\/wp\/v2\/tags?post=14506"}],"curies":[{"name":"wp","href":"https:\/\/api.w.org\/{rel}","templated":true}]}}