{"id":14514,"date":"2024-04-10T22:35:27","date_gmt":"2024-04-11T01:35:27","guid":{"rendered":"https:\/\/apuntesdesanluis.com\/?p=14514"},"modified":"2024-04-10T22:35:27","modified_gmt":"2024-04-11T01:35:27","slug":"lanzaron-con-gran-convocatoria-el-proyecto-ediro-conectando-con-la-neurodiversidad","status":"publish","type":"post","link":"https:\/\/apuntesdesanluis.com\/index.php\/2024\/04\/10\/lanzaron-con-gran-convocatoria-el-proyecto-ediro-conectando-con-la-neurodiversidad\/","title":{"rendered":"LANZARON CON GRAN CONVOCATORIA EL PROYECTO \u2018EDIRO: CONECTANDO CON LA NEURODIVERSIDAD\u2019"},"content":{"rendered":"<h3>El proyecto, que se extender\u00e1 durante todo abril, est\u00e1 enfocado en conmemorar el mes de la concientizaci\u00f3n sobre el autismo con acciones inclusivas e innovadoras.<\/h3>\n<h3>\u2018EDIRO: Conectado con la Neurodiversidad\u2019, es un proyecto dise\u00f1ado para todo el mes de abril en conmemoraci\u00f3n de la concientizaci\u00f3n sobre el Autismo. Se llevaron a cabo acciones concretas de comunicaci\u00f3n amplificada en la terminal de \u00f3mnibus, abarcando los ba\u00f1os p\u00fablicos, hall de espera, entrada al microcine y gr\u00e1fica en el espacio de calma.<\/h3>\n<h3>Particip\u00f3 el Secretario de Personas con Discapacidad, kinesi\u00f3logo <strong>Luis Giraudo<\/strong>, entre otros funcionarios provinciales.<\/h3>\n<p><img fetchpriority=\"high\" decoding=\"async\" class=\"wp-image-14516 aligncenter\" src=\"https:\/\/apuntesdesanluis.com\/wp-content\/uploads\/2024\/04\/GRUPAL-300x164.png\" alt=\"\" width=\"552\" height=\"302\" srcset=\"https:\/\/apuntesdesanluis.com\/wp-content\/uploads\/2024\/04\/GRUPAL-300x164.png 300w, https:\/\/apuntesdesanluis.com\/wp-content\/uploads\/2024\/04\/GRUPAL.png 600w\" sizes=\"(max-width: 552px) 100vw, 552px\" \/><\/p>\n<h3>Los pr\u00f3ximos pasos incluyen agregar m\u00e1s comunicaci\u00f3n amplificada y la formaci\u00f3n del personal en \u00e1reas como boleter\u00edas y locales comerciales.<\/h3>\n<h3>Como parte del proyecto comenz\u00f3 un ciclo de capacitaciones, inaugurado este martes con una asistencia notable de m\u00e1s de 140 personas en el microcine de la EDIRO. Los temas abordados estuvieron a cargo de diversos ministerios y secretar\u00edas de Estado, como Salud, Personas con Discapacidad, Educaci\u00f3n, Deportes y grupos de padres comprometidos con la causa.<\/h3>\n<h3><strong>Juan Pablo Miguel<\/strong>, como padre y coordinador del proyecto, enfatiz\u00f3 que estas capacitaciones constituyen una oportunidad para promover el debate sobre la inclusi\u00f3n y acercar estos importantes temas a toda la comunidad.<\/h3>\n<h3>Disertaron la doctora P\u00eda Fassero, la licenciada en psicolog\u00eda Natalia Arancibia y la especialista en fonoaudiolog\u00eda Cecilia Puliafito, quienes hablaron sobre la concientizaci\u00f3n del autismo y la vinculaci\u00f3n, y tambi\u00e9n trataron las estrategias para la participaci\u00f3n de ni\u00f1os y adolescentes con diagn\u00f3stico TEA en el \u00e1mbito escolar. Luego fue el turno del traumat\u00f3logo Guillermo Simondi; la licenciada en radiolog\u00eda Luc\u00eda Moschella; y el doctor Rodrigo Villarreal, quienes expusieron sobre la empat\u00eda y el respeto.<\/h3>\n<p>&nbsp;<\/p>\n<p>&nbsp;<\/p>\n<p>&nbsp;<\/p>\n<p>&nbsp;<\/p>\n<p>&nbsp;<\/p>\n<p>&nbsp;<\/p>\n","protected":false},"excerpt":{"rendered":"<p>El proyecto, que se extender\u00e1 durante todo abril, est\u00e1 enfocado en conmemorar el mes de&#8230;<\/p>\n","protected":false},"author":1,"featured_media":14515,"comment_status":"closed","ping_status":"closed","sticky":false,"template":"","format":"standard","meta":{"footnotes":""},"categories":[6],"tags":[],"class_list":["post-14514","post","type-post","status-publish","format-standard","has-post-thumbnail","hentry","category-ciudad-provincia"],"yoast_head":"<!-- This site is optimized with the Yoast SEO plugin v26.1.1 - https:\/\/yoast.com\/wordpress\/plugins\/seo\/ -->\n<title>LANZARON CON GRAN CONVOCATORIA EL PROYECTO \u2018EDIRO: CONECTANDO CON LA NEURODIVERSIDAD\u2019 - Apuntes de San Luis<\/title>\n<meta name=\"robots\" content=\"index, follow, max-snippet:-1, max-image-preview:large, max-video-preview:-1\" \/>\n<link rel=\"canonical\" href=\"https:\/\/apuntesdesanluis.com\/index.php\/2024\/04\/10\/lanzaron-con-gran-convocatoria-el-proyecto-ediro-conectando-con-la-neurodiversidad\/\" \/>\n<meta property=\"og:locale\" content=\"es_ES\" \/>\n<meta property=\"og:type\" content=\"article\" \/>\n<meta property=\"og:title\" content=\"LANZARON CON GRAN CONVOCATORIA EL PROYECTO \u2018EDIRO: CONECTANDO CON LA NEURODIVERSIDAD\u2019 - Apuntes de San Luis\" \/>\n<meta property=\"og:description\" content=\"El proyecto, que se extender\u00e1 durante todo abril, est\u00e1 enfocado en conmemorar el mes de...\" \/>\n<meta property=\"og:url\" content=\"https:\/\/apuntesdesanluis.com\/index.php\/2024\/04\/10\/lanzaron-con-gran-convocatoria-el-proyecto-ediro-conectando-con-la-neurodiversidad\/\" \/>\n<meta property=\"og:site_name\" content=\"Apuntes de San Luis\" \/>\n<meta property=\"article:published_time\" content=\"2024-04-11T01:35:27+00:00\" \/>\n<meta property=\"og:image\" content=\"https:\/\/apuntesdesanluis.com\/wp-content\/uploads\/2024\/04\/NEURODIVERSIDAD.png\" \/>\n\t<meta property=\"og:image:width\" content=\"845\" \/>\n\t<meta property=\"og:image:height\" content=\"461\" \/>\n\t<meta property=\"og:image:type\" content=\"image\/png\" \/>\n<meta name=\"author\" content=\"apuntesdesanluis.com\" \/>\n<meta name=\"twitter:card\" content=\"summary_large_image\" \/>\n<meta name=\"twitter:label1\" content=\"Escrito por\" \/>\n\t<meta name=\"twitter:data1\" content=\"apuntesdesanluis.com\" \/>\n\t<meta name=\"twitter:label2\" content=\"Tiempo de lectura\" \/>\n\t<meta name=\"twitter:data2\" content=\"2 minutos\" \/>\n<script type=\"application\/ld+json\" class=\"yoast-schema-graph\">{\"@context\":\"https:\/\/schema.org\",\"@graph\":[{\"@type\":\"Article\",\"@id\":\"https:\/\/apuntesdesanluis.com\/index.php\/2024\/04\/10\/lanzaron-con-gran-convocatoria-el-proyecto-ediro-conectando-con-la-neurodiversidad\/#article\",\"isPartOf\":{\"@id\":\"https:\/\/apuntesdesanluis.com\/index.php\/2024\/04\/10\/lanzaron-con-gran-convocatoria-el-proyecto-ediro-conectando-con-la-neurodiversidad\/\"},\"author\":{\"name\":\"apuntesdesanluis.com\",\"@id\":\"https:\/\/apuntesdesanluis.com\/#\/schema\/person\/b55151d52296fcce64d1a72538a70b90\"},\"headline\":\"LANZARON CON GRAN CONVOCATORIA EL PROYECTO \u2018EDIRO: CONECTANDO CON LA NEURODIVERSIDAD\u2019\",\"datePublished\":\"2024-04-11T01:35:27+00:00\",\"mainEntityOfPage\":{\"@id\":\"https:\/\/apuntesdesanluis.com\/index.php\/2024\/04\/10\/lanzaron-con-gran-convocatoria-el-proyecto-ediro-conectando-con-la-neurodiversidad\/\"},\"wordCount\":321,\"publisher\":{\"@id\":\"https:\/\/apuntesdesanluis.com\/#\/schema\/person\/b55151d52296fcce64d1a72538a70b90\"},\"image\":{\"@id\":\"https:\/\/apuntesdesanluis.com\/index.php\/2024\/04\/10\/lanzaron-con-gran-convocatoria-el-proyecto-ediro-conectando-con-la-neurodiversidad\/#primaryimage\"},\"thumbnailUrl\":\"https:\/\/apuntesdesanluis.com\/wp-content\/uploads\/2024\/04\/NEURODIVERSIDAD.png\",\"articleSection\":[\"Ciudad\/Provincia\"],\"inLanguage\":\"es-AR\"},{\"@type\":\"WebPage\",\"@id\":\"https:\/\/apuntesdesanluis.com\/index.php\/2024\/04\/10\/lanzaron-con-gran-convocatoria-el-proyecto-ediro-conectando-con-la-neurodiversidad\/\",\"url\":\"https:\/\/apuntesdesanluis.com\/index.php\/2024\/04\/10\/lanzaron-con-gran-convocatoria-el-proyecto-ediro-conectando-con-la-neurodiversidad\/\",\"name\":\"LANZARON CON GRAN CONVOCATORIA EL PROYECTO \u2018EDIRO: CONECTANDO CON LA NEURODIVERSIDAD\u2019 - Apuntes de San Luis\",\"isPartOf\":{\"@id\":\"https:\/\/apuntesdesanluis.com\/#website\"},\"primaryImageOfPage\":{\"@id\":\"https:\/\/apuntesdesanluis.com\/index.php\/2024\/04\/10\/lanzaron-con-gran-convocatoria-el-proyecto-ediro-conectando-con-la-neurodiversidad\/#primaryimage\"},\"image\":{\"@id\":\"https:\/\/apuntesdesanluis.com\/index.php\/2024\/04\/10\/lanzaron-con-gran-convocatoria-el-proyecto-ediro-conectando-con-la-neurodiversidad\/#primaryimage\"},\"thumbnailUrl\":\"https:\/\/apuntesdesanluis.com\/wp-content\/uploads\/2024\/04\/NEURODIVERSIDAD.png\",\"datePublished\":\"2024-04-11T01:35:27+00:00\",\"breadcrumb\":{\"@id\":\"https:\/\/apuntesdesanluis.com\/index.php\/2024\/04\/10\/lanzaron-con-gran-convocatoria-el-proyecto-ediro-conectando-con-la-neurodiversidad\/#breadcrumb\"},\"inLanguage\":\"es-AR\",\"potentialAction\":[{\"@type\":\"ReadAction\",\"target\":[\"https:\/\/apuntesdesanluis.com\/index.php\/2024\/04\/10\/lanzaron-con-gran-convocatoria-el-proyecto-ediro-conectando-con-la-neurodiversidad\/\"]}]},{\"@type\":\"ImageObject\",\"inLanguage\":\"es-AR\",\"@id\":\"https:\/\/apuntesdesanluis.com\/index.php\/2024\/04\/10\/lanzaron-con-gran-convocatoria-el-proyecto-ediro-conectando-con-la-neurodiversidad\/#primaryimage\",\"url\":\"https:\/\/apuntesdesanluis.com\/wp-content\/uploads\/2024\/04\/NEURODIVERSIDAD.png\",\"contentUrl\":\"https:\/\/apuntesdesanluis.com\/wp-content\/uploads\/2024\/04\/NEURODIVERSIDAD.png\",\"width\":845,\"height\":461},{\"@type\":\"BreadcrumbList\",\"@id\":\"https:\/\/apuntesdesanluis.com\/index.php\/2024\/04\/10\/lanzaron-con-gran-convocatoria-el-proyecto-ediro-conectando-con-la-neurodiversidad\/#breadcrumb\",\"itemListElement\":[{\"@type\":\"ListItem\",\"position\":1,\"name\":\"Inicio\",\"item\":\"https:\/\/apuntesdesanluis.com\/\"},{\"@type\":\"ListItem\",\"position\":2,\"name\":\"LANZARON CON GRAN CONVOCATORIA EL PROYECTO \u2018EDIRO: CONECTANDO CON LA NEURODIVERSIDAD\u2019\"}]},{\"@type\":\"WebSite\",\"@id\":\"https:\/\/apuntesdesanluis.com\/#website\",\"url\":\"https:\/\/apuntesdesanluis.com\/\",\"name\":\"Apuntes de San Luis\",\"description\":\"\",\"publisher\":{\"@id\":\"https:\/\/apuntesdesanluis.com\/#\/schema\/person\/b55151d52296fcce64d1a72538a70b90\"},\"potentialAction\":[{\"@type\":\"SearchAction\",\"target\":{\"@type\":\"EntryPoint\",\"urlTemplate\":\"https:\/\/apuntesdesanluis.com\/?s={search_term_string}\"},\"query-input\":{\"@type\":\"PropertyValueSpecification\",\"valueRequired\":true,\"valueName\":\"search_term_string\"}}],\"inLanguage\":\"es-AR\"},{\"@type\":[\"Person\",\"Organization\"],\"@id\":\"https:\/\/apuntesdesanluis.com\/#\/schema\/person\/b55151d52296fcce64d1a72538a70b90\",\"name\":\"apuntesdesanluis.com\",\"image\":{\"@type\":\"ImageObject\",\"inLanguage\":\"es-AR\",\"@id\":\"https:\/\/apuntesdesanluis.com\/#\/schema\/person\/image\/\",\"url\":\"https:\/\/apuntesdesanluis.com\/wp-content\/uploads\/2023\/07\/cropped-apuntesdesanluis.png\",\"contentUrl\":\"https:\/\/apuntesdesanluis.com\/wp-content\/uploads\/2023\/07\/cropped-apuntesdesanluis.png\",\"width\":450,\"height\":112,\"caption\":\"apuntesdesanluis.com\"},\"logo\":{\"@id\":\"https:\/\/apuntesdesanluis.com\/#\/schema\/person\/image\/\"},\"sameAs\":[\"https:\/\/apuntesdesanluis.com\"],\"url\":\"https:\/\/apuntesdesanluis.com\/index.php\/author\/apuntesdesanluis-com\/\"}]}<\/script>\n<!-- \/ Yoast SEO plugin. -->","yoast_head_json":{"title":"LANZARON CON GRAN CONVOCATORIA EL PROYECTO \u2018EDIRO: CONECTANDO CON LA NEURODIVERSIDAD\u2019 - Apuntes de San Luis","robots":{"index":"index","follow":"follow","max-snippet":"max-snippet:-1","max-image-preview":"max-image-preview:large","max-video-preview":"max-video-preview:-1"},"canonical":"https:\/\/apuntesdesanluis.com\/index.php\/2024\/04\/10\/lanzaron-con-gran-convocatoria-el-proyecto-ediro-conectando-con-la-neurodiversidad\/","og_locale":"es_ES","og_type":"article","og_title":"LANZARON CON GRAN CONVOCATORIA EL PROYECTO \u2018EDIRO: CONECTANDO CON LA NEURODIVERSIDAD\u2019 - Apuntes de San Luis","og_description":"El proyecto, que se extender\u00e1 durante todo abril, est\u00e1 enfocado en conmemorar el mes de...","og_url":"https:\/\/apuntesdesanluis.com\/index.php\/2024\/04\/10\/lanzaron-con-gran-convocatoria-el-proyecto-ediro-conectando-con-la-neurodiversidad\/","og_site_name":"Apuntes de San Luis","article_published_time":"2024-04-11T01:35:27+00:00","og_image":[{"width":845,"height":461,"url":"https:\/\/apuntesdesanluis.com\/wp-content\/uploads\/2024\/04\/NEURODIVERSIDAD.png","type":"image\/png"}],"author":"apuntesdesanluis.com","twitter_card":"summary_large_image","twitter_misc":{"Escrito por":"apuntesdesanluis.com","Tiempo de lectura":"2 minutos"},"schema":{"@context":"https:\/\/schema.org","@graph":[{"@type":"Article","@id":"https:\/\/apuntesdesanluis.com\/index.php\/2024\/04\/10\/lanzaron-con-gran-convocatoria-el-proyecto-ediro-conectando-con-la-neurodiversidad\/#article","isPartOf":{"@id":"https:\/\/apuntesdesanluis.com\/index.php\/2024\/04\/10\/lanzaron-con-gran-convocatoria-el-proyecto-ediro-conectando-con-la-neurodiversidad\/"},"author":{"name":"apuntesdesanluis.com","@id":"https:\/\/apuntesdesanluis.com\/#\/schema\/person\/b55151d52296fcce64d1a72538a70b90"},"headline":"LANZARON CON GRAN CONVOCATORIA EL PROYECTO \u2018EDIRO: CONECTANDO CON LA NEURODIVERSIDAD\u2019","datePublished":"2024-04-11T01:35:27+00:00","mainEntityOfPage":{"@id":"https:\/\/apuntesdesanluis.com\/index.php\/2024\/04\/10\/lanzaron-con-gran-convocatoria-el-proyecto-ediro-conectando-con-la-neurodiversidad\/"},"wordCount":321,"publisher":{"@id":"https:\/\/apuntesdesanluis.com\/#\/schema\/person\/b55151d52296fcce64d1a72538a70b90"},"image":{"@id":"https:\/\/apuntesdesanluis.com\/index.php\/2024\/04\/10\/lanzaron-con-gran-convocatoria-el-proyecto-ediro-conectando-con-la-neurodiversidad\/#primaryimage"},"thumbnailUrl":"https:\/\/apuntesdesanluis.com\/wp-content\/uploads\/2024\/04\/NEURODIVERSIDAD.png","articleSection":["Ciudad\/Provincia"],"inLanguage":"es-AR"},{"@type":"WebPage","@id":"https:\/\/apuntesdesanluis.com\/index.php\/2024\/04\/10\/lanzaron-con-gran-convocatoria-el-proyecto-ediro-conectando-con-la-neurodiversidad\/","url":"https:\/\/apuntesdesanluis.com\/index.php\/2024\/04\/10\/lanzaron-con-gran-convocatoria-el-proyecto-ediro-conectando-con-la-neurodiversidad\/","name":"LANZARON CON GRAN CONVOCATORIA EL PROYECTO \u2018EDIRO: CONECTANDO CON LA NEURODIVERSIDAD\u2019 - Apuntes de San Luis","isPartOf":{"@id":"https:\/\/apuntesdesanluis.com\/#website"},"primaryImageOfPage":{"@id":"https:\/\/apuntesdesanluis.com\/index.php\/2024\/04\/10\/lanzaron-con-gran-convocatoria-el-proyecto-ediro-conectando-con-la-neurodiversidad\/#primaryimage"},"image":{"@id":"https:\/\/apuntesdesanluis.com\/index.php\/2024\/04\/10\/lanzaron-con-gran-convocatoria-el-proyecto-ediro-conectando-con-la-neurodiversidad\/#primaryimage"},"thumbnailUrl":"https:\/\/apuntesdesanluis.com\/wp-content\/uploads\/2024\/04\/NEURODIVERSIDAD.png","datePublished":"2024-04-11T01:35:27+00:00","breadcrumb":{"@id":"https:\/\/apuntesdesanluis.com\/index.php\/2024\/04\/10\/lanzaron-con-gran-convocatoria-el-proyecto-ediro-conectando-con-la-neurodiversidad\/#breadcrumb"},"inLanguage":"es-AR","potentialAction":[{"@type":"ReadAction","target":["https:\/\/apuntesdesanluis.com\/index.php\/2024\/04\/10\/lanzaron-con-gran-convocatoria-el-proyecto-ediro-conectando-con-la-neurodiversidad\/"]}]},{"@type":"ImageObject","inLanguage":"es-AR","@id":"https:\/\/apuntesdesanluis.com\/index.php\/2024\/04\/10\/lanzaron-con-gran-convocatoria-el-proyecto-ediro-conectando-con-la-neurodiversidad\/#primaryimage","url":"https:\/\/apuntesdesanluis.com\/wp-content\/uploads\/2024\/04\/NEURODIVERSIDAD.png","contentUrl":"https:\/\/apuntesdesanluis.com\/wp-content\/uploads\/2024\/04\/NEURODIVERSIDAD.png","width":845,"height":461},{"@type":"BreadcrumbList","@id":"https:\/\/apuntesdesanluis.com\/index.php\/2024\/04\/10\/lanzaron-con-gran-convocatoria-el-proyecto-ediro-conectando-con-la-neurodiversidad\/#breadcrumb","itemListElement":[{"@type":"ListItem","position":1,"name":"Inicio","item":"https:\/\/apuntesdesanluis.com\/"},{"@type":"ListItem","position":2,"name":"LANZARON CON GRAN CONVOCATORIA EL PROYECTO \u2018EDIRO: CONECTANDO CON LA NEURODIVERSIDAD\u2019"}]},{"@type":"WebSite","@id":"https:\/\/apuntesdesanluis.com\/#website","url":"https:\/\/apuntesdesanluis.com\/","name":"Apuntes de San Luis","description":"","publisher":{"@id":"https:\/\/apuntesdesanluis.com\/#\/schema\/person\/b55151d52296fcce64d1a72538a70b90"},"potentialAction":[{"@type":"SearchAction","target":{"@type":"EntryPoint","urlTemplate":"https:\/\/apuntesdesanluis.com\/?s={search_term_string}"},"query-input":{"@type":"PropertyValueSpecification","valueRequired":true,"valueName":"search_term_string"}}],"inLanguage":"es-AR"},{"@type":["Person","Organization"],"@id":"https:\/\/apuntesdesanluis.com\/#\/schema\/person\/b55151d52296fcce64d1a72538a70b90","name":"apuntesdesanluis.com","image":{"@type":"ImageObject","inLanguage":"es-AR","@id":"https:\/\/apuntesdesanluis.com\/#\/schema\/person\/image\/","url":"https:\/\/apuntesdesanluis.com\/wp-content\/uploads\/2023\/07\/cropped-apuntesdesanluis.png","contentUrl":"https:\/\/apuntesdesanluis.com\/wp-content\/uploads\/2023\/07\/cropped-apuntesdesanluis.png","width":450,"height":112,"caption":"apuntesdesanluis.com"},"logo":{"@id":"https:\/\/apuntesdesanluis.com\/#\/schema\/person\/image\/"},"sameAs":["https:\/\/apuntesdesanluis.com"],"url":"https:\/\/apuntesdesanluis.com\/index.php\/author\/apuntesdesanluis-com\/"}]}},"featured_image_urls":{"full":["https:\/\/apuntesdesanluis.com\/wp-content\/uploads\/2024\/04\/NEURODIVERSIDAD.png",845,461,false],"thumbnail":["https:\/\/apuntesdesanluis.com\/wp-content\/uploads\/2024\/04\/NEURODIVERSIDAD-150x150.png",150,150,true],"medium":["https:\/\/apuntesdesanluis.com\/wp-content\/uploads\/2024\/04\/NEURODIVERSIDAD-300x164.png",300,164,true],"medium_large":["https:\/\/apuntesdesanluis.com\/wp-content\/uploads\/2024\/04\/NEURODIVERSIDAD-768x419.png",640,349,true],"large":["https:\/\/apuntesdesanluis.com\/wp-content\/uploads\/2024\/04\/NEURODIVERSIDAD.png",640,349,false],"1536x1536":["https:\/\/apuntesdesanluis.com\/wp-content\/uploads\/2024\/04\/NEURODIVERSIDAD.png",845,461,false],"2048x2048":["https:\/\/apuntesdesanluis.com\/wp-content\/uploads\/2024\/04\/NEURODIVERSIDAD.png",845,461,false],"newsever-slider-full":["https:\/\/apuntesdesanluis.com\/wp-content\/uploads\/2024\/04\/NEURODIVERSIDAD.png",845,461,false],"newsever-featured":["https:\/\/apuntesdesanluis.com\/wp-content\/uploads\/2024\/04\/NEURODIVERSIDAD.png",845,461,false],"newsever-medium":["https:\/\/apuntesdesanluis.com\/wp-content\/uploads\/2024\/04\/NEURODIVERSIDAD-720x461.png",720,461,true]},"author_info":{"display_name":"apuntesdesanluis.com","author_link":"https:\/\/apuntesdesanluis.com\/index.php\/author\/apuntesdesanluis-com\/"},"category_info":"<a href=\"https:\/\/apuntesdesanluis.com\/index.php\/category\/ciudad-provincia\/\" rel=\"category tag\">Ciudad\/Provincia<\/a>","tag_info":"Ciudad\/Provincia","comment_count":"0","_links":{"self":[{"href":"https:\/\/apuntesdesanluis.com\/index.php\/wp-json\/wp\/v2\/posts\/14514","targetHints":{"allow":["GET"]}}],"collection":[{"href":"https:\/\/apuntesdesanluis.com\/index.php\/wp-json\/wp\/v2\/posts"}],"about":[{"href":"https:\/\/apuntesdesanluis.com\/index.php\/wp-json\/wp\/v2\/types\/post"}],"author":[{"embeddable":true,"href":"https:\/\/apuntesdesanluis.com\/index.php\/wp-json\/wp\/v2\/users\/1"}],"replies":[{"embeddable":true,"href":"https:\/\/apuntesdesanluis.com\/index.php\/wp-json\/wp\/v2\/comments?post=14514"}],"version-history":[{"count":1,"href":"https:\/\/apuntesdesanluis.com\/index.php\/wp-json\/wp\/v2\/posts\/14514\/revisions"}],"predecessor-version":[{"id":14517,"href":"https:\/\/apuntesdesanluis.com\/index.php\/wp-json\/wp\/v2\/posts\/14514\/revisions\/14517"}],"wp:featuredmedia":[{"embeddable":true,"href":"https:\/\/apuntesdesanluis.com\/index.php\/wp-json\/wp\/v2\/media\/14515"}],"wp:attachment":[{"href":"https:\/\/apuntesdesanluis.com\/index.php\/wp-json\/wp\/v2\/media?parent=14514"}],"wp:term":[{"taxonomy":"category","embeddable":true,"href":"https:\/\/apuntesdesanluis.com\/index.php\/wp-json\/wp\/v2\/categories?post=14514"},{"taxonomy":"post_tag","embeddable":true,"href":"https:\/\/apuntesdesanluis.com\/index.php\/wp-json\/wp\/v2\/tags?post=14514"}],"curies":[{"name":"wp","href":"https:\/\/api.w.org\/{rel}","templated":true}]}}