{"id":14540,"date":"2024-04-11T16:20:57","date_gmt":"2024-04-11T19:20:57","guid":{"rendered":"https:\/\/apuntesdesanluis.com\/?p=14540"},"modified":"2024-04-11T21:09:28","modified_gmt":"2024-04-12T00:09:28","slug":"el-gobierno-quiere-impulsar-la-utilizacion-de-inteligencia-artificial-en-la-justicia","status":"publish","type":"post","link":"https:\/\/apuntesdesanluis.com\/index.php\/2024\/04\/11\/el-gobierno-quiere-impulsar-la-utilizacion-de-inteligencia-artificial-en-la-justicia\/","title":{"rendered":"EL GOBIERNO QUIERE IMPULSAR LA UTILIZACI\u00d3N DE INTELIGENCIA ARTIFICIAL EN LA JUSTICIA"},"content":{"rendered":"<h3>El Gobierno cre\u00f3 un programa para impulsar la utilizaci\u00f3n de inteligencia artificial en la Justicia, con el objetivo de mejorar los procedimientos administrativos y los procesos judiciales.<\/h3>\n<h3>La iniciativa fue impulsada por el ministro de Justicia, <strong>Mariano C\u00faneo Libarona<\/strong>, a trav\u00e9s de la Resoluci\u00f3n 111\/2024, publicada este jueves en el Bolet\u00edn Oficial.<\/h3>\n<h3>El texto difundido se\u00f1al\u00f3 que &#8220;la tecnolog\u00eda inform\u00e1tica constituye un instrumento que debe ser utilizado para reducir y eliminar las brechas sociales en el acceso a la Justicia y para brindar herramientas eficientes y eficaces en los procedimientos administrativos y en los procesos judiciales, que aligeren su duraci\u00f3n y mejoren el servicio a la ciudadan\u00eda&#8221;.<\/h3>\n<h3>Al lanzar el Programa Nacional Integral de Inteligencia Artificial en la Justicia, C\u00faneo Libarona subray\u00f3 que &#8220;la consolidaci\u00f3n del Estado de derecho requiere que las demandas de la poblaci\u00f3n, sean atendidas a la luz de los nuevos paradigmas que ofrece la tecnolog\u00eda, que permiten una optimizaci\u00f3n en el sistema de justicia&#8221;.<\/h3>\n<h3>El funcionario nacional afirm\u00f3 que la Inteligencia Artificial &#8220;contribuye a brindar una prestaci\u00f3n p\u00fablica transparente y su uso aumenta la eficiencia y la simplificaci\u00f3n de los procesos, mejorando la calidad del servicio de justicia en favor de la ciudadan\u00eda&#8221;.<\/h3>\n<h3>La iniciativa contar\u00e1 con un coordinador y un Comit\u00e9 Consultivo, con especialistas sobre la tem\u00e1tica que se desempe\u00f1ar\u00e1n de manera ad honorem.<\/h3>\n<p>&nbsp;<\/p>\n<p>&nbsp;<\/p>\n<p>&nbsp;<\/p>\n<p>&nbsp;<\/p>\n<p>&nbsp;<\/p>\n<p>&nbsp;<\/p>\n","protected":false},"excerpt":{"rendered":"<p>El Gobierno cre\u00f3 un programa para impulsar la utilizaci\u00f3n de inteligencia artificial en la Justicia,&#8230;<\/p>\n","protected":false},"author":1,"featured_media":14541,"comment_status":"closed","ping_status":"closed","sticky":false,"template":"","format":"standard","meta":{"footnotes":""},"categories":[5],"tags":[],"class_list":["post-14540","post","type-post","status-publish","format-standard","has-post-thumbnail","hentry","category-nacionales-internacionales"],"yoast_head":"<!-- This site is optimized with the Yoast SEO plugin v26.1.1 - https:\/\/yoast.com\/wordpress\/plugins\/seo\/ -->\n<title>EL GOBIERNO QUIERE IMPULSAR LA UTILIZACI\u00d3N DE INTELIGENCIA ARTIFICIAL EN LA JUSTICIA - Apuntes de San Luis<\/title>\n<meta name=\"robots\" content=\"index, follow, max-snippet:-1, max-image-preview:large, max-video-preview:-1\" \/>\n<link rel=\"canonical\" href=\"https:\/\/apuntesdesanluis.com\/index.php\/2024\/04\/11\/el-gobierno-quiere-impulsar-la-utilizacion-de-inteligencia-artificial-en-la-justicia\/\" \/>\n<meta property=\"og:locale\" content=\"es_ES\" \/>\n<meta property=\"og:type\" content=\"article\" \/>\n<meta property=\"og:title\" content=\"EL GOBIERNO QUIERE IMPULSAR LA UTILIZACI\u00d3N DE INTELIGENCIA ARTIFICIAL EN LA JUSTICIA - Apuntes de San Luis\" \/>\n<meta property=\"og:description\" content=\"El Gobierno cre\u00f3 un programa para impulsar la utilizaci\u00f3n de inteligencia artificial en la Justicia,...\" \/>\n<meta property=\"og:url\" content=\"https:\/\/apuntesdesanluis.com\/index.php\/2024\/04\/11\/el-gobierno-quiere-impulsar-la-utilizacion-de-inteligencia-artificial-en-la-justicia\/\" \/>\n<meta property=\"og:site_name\" content=\"Apuntes de San Luis\" \/>\n<meta property=\"article:published_time\" content=\"2024-04-11T19:20:57+00:00\" \/>\n<meta property=\"article:modified_time\" content=\"2024-04-12T00:09:28+00:00\" \/>\n<meta property=\"og:image\" content=\"https:\/\/apuntesdesanluis.com\/wp-content\/uploads\/2024\/04\/Cuno-libarona.png\" \/>\n\t<meta property=\"og:image:width\" content=\"600\" \/>\n\t<meta property=\"og:image:height\" content=\"360\" \/>\n\t<meta property=\"og:image:type\" content=\"image\/png\" \/>\n<meta name=\"author\" content=\"apuntesdesanluis.com\" \/>\n<meta name=\"twitter:card\" content=\"summary_large_image\" \/>\n<meta name=\"twitter:label1\" content=\"Escrito por\" \/>\n\t<meta name=\"twitter:data1\" content=\"apuntesdesanluis.com\" \/>\n\t<meta name=\"twitter:label2\" content=\"Tiempo de lectura\" \/>\n\t<meta name=\"twitter:data2\" content=\"2 minutos\" \/>\n<script type=\"application\/ld+json\" class=\"yoast-schema-graph\">{\"@context\":\"https:\/\/schema.org\",\"@graph\":[{\"@type\":\"Article\",\"@id\":\"https:\/\/apuntesdesanluis.com\/index.php\/2024\/04\/11\/el-gobierno-quiere-impulsar-la-utilizacion-de-inteligencia-artificial-en-la-justicia\/#article\",\"isPartOf\":{\"@id\":\"https:\/\/apuntesdesanluis.com\/index.php\/2024\/04\/11\/el-gobierno-quiere-impulsar-la-utilizacion-de-inteligencia-artificial-en-la-justicia\/\"},\"author\":{\"name\":\"apuntesdesanluis.com\",\"@id\":\"https:\/\/apuntesdesanluis.com\/#\/schema\/person\/b55151d52296fcce64d1a72538a70b90\"},\"headline\":\"EL GOBIERNO QUIERE IMPULSAR LA UTILIZACI\u00d3N DE INTELIGENCIA ARTIFICIAL EN LA JUSTICIA\",\"datePublished\":\"2024-04-11T19:20:57+00:00\",\"dateModified\":\"2024-04-12T00:09:28+00:00\",\"mainEntityOfPage\":{\"@id\":\"https:\/\/apuntesdesanluis.com\/index.php\/2024\/04\/11\/el-gobierno-quiere-impulsar-la-utilizacion-de-inteligencia-artificial-en-la-justicia\/\"},\"wordCount\":259,\"publisher\":{\"@id\":\"https:\/\/apuntesdesanluis.com\/#\/schema\/person\/b55151d52296fcce64d1a72538a70b90\"},\"image\":{\"@id\":\"https:\/\/apuntesdesanluis.com\/index.php\/2024\/04\/11\/el-gobierno-quiere-impulsar-la-utilizacion-de-inteligencia-artificial-en-la-justicia\/#primaryimage\"},\"thumbnailUrl\":\"https:\/\/apuntesdesanluis.com\/wp-content\/uploads\/2024\/04\/Cuno-libarona.png\",\"articleSection\":[\"Nacionales\/Internacionales\"],\"inLanguage\":\"es-AR\"},{\"@type\":\"WebPage\",\"@id\":\"https:\/\/apuntesdesanluis.com\/index.php\/2024\/04\/11\/el-gobierno-quiere-impulsar-la-utilizacion-de-inteligencia-artificial-en-la-justicia\/\",\"url\":\"https:\/\/apuntesdesanluis.com\/index.php\/2024\/04\/11\/el-gobierno-quiere-impulsar-la-utilizacion-de-inteligencia-artificial-en-la-justicia\/\",\"name\":\"EL GOBIERNO QUIERE IMPULSAR LA UTILIZACI\u00d3N DE INTELIGENCIA ARTIFICIAL EN LA JUSTICIA - Apuntes de San Luis\",\"isPartOf\":{\"@id\":\"https:\/\/apuntesdesanluis.com\/#website\"},\"primaryImageOfPage\":{\"@id\":\"https:\/\/apuntesdesanluis.com\/index.php\/2024\/04\/11\/el-gobierno-quiere-impulsar-la-utilizacion-de-inteligencia-artificial-en-la-justicia\/#primaryimage\"},\"image\":{\"@id\":\"https:\/\/apuntesdesanluis.com\/index.php\/2024\/04\/11\/el-gobierno-quiere-impulsar-la-utilizacion-de-inteligencia-artificial-en-la-justicia\/#primaryimage\"},\"thumbnailUrl\":\"https:\/\/apuntesdesanluis.com\/wp-content\/uploads\/2024\/04\/Cuno-libarona.png\",\"datePublished\":\"2024-04-11T19:20:57+00:00\",\"dateModified\":\"2024-04-12T00:09:28+00:00\",\"breadcrumb\":{\"@id\":\"https:\/\/apuntesdesanluis.com\/index.php\/2024\/04\/11\/el-gobierno-quiere-impulsar-la-utilizacion-de-inteligencia-artificial-en-la-justicia\/#breadcrumb\"},\"inLanguage\":\"es-AR\",\"potentialAction\":[{\"@type\":\"ReadAction\",\"target\":[\"https:\/\/apuntesdesanluis.com\/index.php\/2024\/04\/11\/el-gobierno-quiere-impulsar-la-utilizacion-de-inteligencia-artificial-en-la-justicia\/\"]}]},{\"@type\":\"ImageObject\",\"inLanguage\":\"es-AR\",\"@id\":\"https:\/\/apuntesdesanluis.com\/index.php\/2024\/04\/11\/el-gobierno-quiere-impulsar-la-utilizacion-de-inteligencia-artificial-en-la-justicia\/#primaryimage\",\"url\":\"https:\/\/apuntesdesanluis.com\/wp-content\/uploads\/2024\/04\/Cuno-libarona.png\",\"contentUrl\":\"https:\/\/apuntesdesanluis.com\/wp-content\/uploads\/2024\/04\/Cuno-libarona.png\",\"width\":600,\"height\":360},{\"@type\":\"BreadcrumbList\",\"@id\":\"https:\/\/apuntesdesanluis.com\/index.php\/2024\/04\/11\/el-gobierno-quiere-impulsar-la-utilizacion-de-inteligencia-artificial-en-la-justicia\/#breadcrumb\",\"itemListElement\":[{\"@type\":\"ListItem\",\"position\":1,\"name\":\"Inicio\",\"item\":\"https:\/\/apuntesdesanluis.com\/\"},{\"@type\":\"ListItem\",\"position\":2,\"name\":\"EL GOBIERNO QUIERE IMPULSAR LA UTILIZACI\u00d3N DE INTELIGENCIA ARTIFICIAL EN LA JUSTICIA\"}]},{\"@type\":\"WebSite\",\"@id\":\"https:\/\/apuntesdesanluis.com\/#website\",\"url\":\"https:\/\/apuntesdesanluis.com\/\",\"name\":\"Apuntes de San Luis\",\"description\":\"\",\"publisher\":{\"@id\":\"https:\/\/apuntesdesanluis.com\/#\/schema\/person\/b55151d52296fcce64d1a72538a70b90\"},\"potentialAction\":[{\"@type\":\"SearchAction\",\"target\":{\"@type\":\"EntryPoint\",\"urlTemplate\":\"https:\/\/apuntesdesanluis.com\/?s={search_term_string}\"},\"query-input\":{\"@type\":\"PropertyValueSpecification\",\"valueRequired\":true,\"valueName\":\"search_term_string\"}}],\"inLanguage\":\"es-AR\"},{\"@type\":[\"Person\",\"Organization\"],\"@id\":\"https:\/\/apuntesdesanluis.com\/#\/schema\/person\/b55151d52296fcce64d1a72538a70b90\",\"name\":\"apuntesdesanluis.com\",\"image\":{\"@type\":\"ImageObject\",\"inLanguage\":\"es-AR\",\"@id\":\"https:\/\/apuntesdesanluis.com\/#\/schema\/person\/image\/\",\"url\":\"https:\/\/apuntesdesanluis.com\/wp-content\/uploads\/2023\/07\/cropped-apuntesdesanluis.png\",\"contentUrl\":\"https:\/\/apuntesdesanluis.com\/wp-content\/uploads\/2023\/07\/cropped-apuntesdesanluis.png\",\"width\":450,\"height\":112,\"caption\":\"apuntesdesanluis.com\"},\"logo\":{\"@id\":\"https:\/\/apuntesdesanluis.com\/#\/schema\/person\/image\/\"},\"sameAs\":[\"https:\/\/apuntesdesanluis.com\"],\"url\":\"https:\/\/apuntesdesanluis.com\/index.php\/author\/apuntesdesanluis-com\/\"}]}<\/script>\n<!-- \/ Yoast SEO plugin. -->","yoast_head_json":{"title":"EL GOBIERNO QUIERE IMPULSAR LA UTILIZACI\u00d3N DE INTELIGENCIA ARTIFICIAL EN LA JUSTICIA - Apuntes de San Luis","robots":{"index":"index","follow":"follow","max-snippet":"max-snippet:-1","max-image-preview":"max-image-preview:large","max-video-preview":"max-video-preview:-1"},"canonical":"https:\/\/apuntesdesanluis.com\/index.php\/2024\/04\/11\/el-gobierno-quiere-impulsar-la-utilizacion-de-inteligencia-artificial-en-la-justicia\/","og_locale":"es_ES","og_type":"article","og_title":"EL GOBIERNO QUIERE IMPULSAR LA UTILIZACI\u00d3N DE INTELIGENCIA ARTIFICIAL EN LA JUSTICIA - Apuntes de San Luis","og_description":"El Gobierno cre\u00f3 un programa para impulsar la utilizaci\u00f3n de inteligencia artificial en la Justicia,...","og_url":"https:\/\/apuntesdesanluis.com\/index.php\/2024\/04\/11\/el-gobierno-quiere-impulsar-la-utilizacion-de-inteligencia-artificial-en-la-justicia\/","og_site_name":"Apuntes de San Luis","article_published_time":"2024-04-11T19:20:57+00:00","article_modified_time":"2024-04-12T00:09:28+00:00","og_image":[{"width":600,"height":360,"url":"https:\/\/apuntesdesanluis.com\/wp-content\/uploads\/2024\/04\/Cuno-libarona.png","type":"image\/png"}],"author":"apuntesdesanluis.com","twitter_card":"summary_large_image","twitter_misc":{"Escrito por":"apuntesdesanluis.com","Tiempo de lectura":"2 minutos"},"schema":{"@context":"https:\/\/schema.org","@graph":[{"@type":"Article","@id":"https:\/\/apuntesdesanluis.com\/index.php\/2024\/04\/11\/el-gobierno-quiere-impulsar-la-utilizacion-de-inteligencia-artificial-en-la-justicia\/#article","isPartOf":{"@id":"https:\/\/apuntesdesanluis.com\/index.php\/2024\/04\/11\/el-gobierno-quiere-impulsar-la-utilizacion-de-inteligencia-artificial-en-la-justicia\/"},"author":{"name":"apuntesdesanluis.com","@id":"https:\/\/apuntesdesanluis.com\/#\/schema\/person\/b55151d52296fcce64d1a72538a70b90"},"headline":"EL GOBIERNO QUIERE IMPULSAR LA UTILIZACI\u00d3N DE INTELIGENCIA ARTIFICIAL EN LA JUSTICIA","datePublished":"2024-04-11T19:20:57+00:00","dateModified":"2024-04-12T00:09:28+00:00","mainEntityOfPage":{"@id":"https:\/\/apuntesdesanluis.com\/index.php\/2024\/04\/11\/el-gobierno-quiere-impulsar-la-utilizacion-de-inteligencia-artificial-en-la-justicia\/"},"wordCount":259,"publisher":{"@id":"https:\/\/apuntesdesanluis.com\/#\/schema\/person\/b55151d52296fcce64d1a72538a70b90"},"image":{"@id":"https:\/\/apuntesdesanluis.com\/index.php\/2024\/04\/11\/el-gobierno-quiere-impulsar-la-utilizacion-de-inteligencia-artificial-en-la-justicia\/#primaryimage"},"thumbnailUrl":"https:\/\/apuntesdesanluis.com\/wp-content\/uploads\/2024\/04\/Cuno-libarona.png","articleSection":["Nacionales\/Internacionales"],"inLanguage":"es-AR"},{"@type":"WebPage","@id":"https:\/\/apuntesdesanluis.com\/index.php\/2024\/04\/11\/el-gobierno-quiere-impulsar-la-utilizacion-de-inteligencia-artificial-en-la-justicia\/","url":"https:\/\/apuntesdesanluis.com\/index.php\/2024\/04\/11\/el-gobierno-quiere-impulsar-la-utilizacion-de-inteligencia-artificial-en-la-justicia\/","name":"EL GOBIERNO QUIERE IMPULSAR LA UTILIZACI\u00d3N DE INTELIGENCIA ARTIFICIAL EN LA JUSTICIA - Apuntes de San Luis","isPartOf":{"@id":"https:\/\/apuntesdesanluis.com\/#website"},"primaryImageOfPage":{"@id":"https:\/\/apuntesdesanluis.com\/index.php\/2024\/04\/11\/el-gobierno-quiere-impulsar-la-utilizacion-de-inteligencia-artificial-en-la-justicia\/#primaryimage"},"image":{"@id":"https:\/\/apuntesdesanluis.com\/index.php\/2024\/04\/11\/el-gobierno-quiere-impulsar-la-utilizacion-de-inteligencia-artificial-en-la-justicia\/#primaryimage"},"thumbnailUrl":"https:\/\/apuntesdesanluis.com\/wp-content\/uploads\/2024\/04\/Cuno-libarona.png","datePublished":"2024-04-11T19:20:57+00:00","dateModified":"2024-04-12T00:09:28+00:00","breadcrumb":{"@id":"https:\/\/apuntesdesanluis.com\/index.php\/2024\/04\/11\/el-gobierno-quiere-impulsar-la-utilizacion-de-inteligencia-artificial-en-la-justicia\/#breadcrumb"},"inLanguage":"es-AR","potentialAction":[{"@type":"ReadAction","target":["https:\/\/apuntesdesanluis.com\/index.php\/2024\/04\/11\/el-gobierno-quiere-impulsar-la-utilizacion-de-inteligencia-artificial-en-la-justicia\/"]}]},{"@type":"ImageObject","inLanguage":"es-AR","@id":"https:\/\/apuntesdesanluis.com\/index.php\/2024\/04\/11\/el-gobierno-quiere-impulsar-la-utilizacion-de-inteligencia-artificial-en-la-justicia\/#primaryimage","url":"https:\/\/apuntesdesanluis.com\/wp-content\/uploads\/2024\/04\/Cuno-libarona.png","contentUrl":"https:\/\/apuntesdesanluis.com\/wp-content\/uploads\/2024\/04\/Cuno-libarona.png","width":600,"height":360},{"@type":"BreadcrumbList","@id":"https:\/\/apuntesdesanluis.com\/index.php\/2024\/04\/11\/el-gobierno-quiere-impulsar-la-utilizacion-de-inteligencia-artificial-en-la-justicia\/#breadcrumb","itemListElement":[{"@type":"ListItem","position":1,"name":"Inicio","item":"https:\/\/apuntesdesanluis.com\/"},{"@type":"ListItem","position":2,"name":"EL GOBIERNO QUIERE IMPULSAR LA UTILIZACI\u00d3N DE INTELIGENCIA ARTIFICIAL EN LA JUSTICIA"}]},{"@type":"WebSite","@id":"https:\/\/apuntesdesanluis.com\/#website","url":"https:\/\/apuntesdesanluis.com\/","name":"Apuntes de San Luis","description":"","publisher":{"@id":"https:\/\/apuntesdesanluis.com\/#\/schema\/person\/b55151d52296fcce64d1a72538a70b90"},"potentialAction":[{"@type":"SearchAction","target":{"@type":"EntryPoint","urlTemplate":"https:\/\/apuntesdesanluis.com\/?s={search_term_string}"},"query-input":{"@type":"PropertyValueSpecification","valueRequired":true,"valueName":"search_term_string"}}],"inLanguage":"es-AR"},{"@type":["Person","Organization"],"@id":"https:\/\/apuntesdesanluis.com\/#\/schema\/person\/b55151d52296fcce64d1a72538a70b90","name":"apuntesdesanluis.com","image":{"@type":"ImageObject","inLanguage":"es-AR","@id":"https:\/\/apuntesdesanluis.com\/#\/schema\/person\/image\/","url":"https:\/\/apuntesdesanluis.com\/wp-content\/uploads\/2023\/07\/cropped-apuntesdesanluis.png","contentUrl":"https:\/\/apuntesdesanluis.com\/wp-content\/uploads\/2023\/07\/cropped-apuntesdesanluis.png","width":450,"height":112,"caption":"apuntesdesanluis.com"},"logo":{"@id":"https:\/\/apuntesdesanluis.com\/#\/schema\/person\/image\/"},"sameAs":["https:\/\/apuntesdesanluis.com"],"url":"https:\/\/apuntesdesanluis.com\/index.php\/author\/apuntesdesanluis-com\/"}]}},"featured_image_urls":{"full":["https:\/\/apuntesdesanluis.com\/wp-content\/uploads\/2024\/04\/Cuno-libarona.png",600,360,false],"thumbnail":["https:\/\/apuntesdesanluis.com\/wp-content\/uploads\/2024\/04\/Cuno-libarona-150x150.png",150,150,true],"medium":["https:\/\/apuntesdesanluis.com\/wp-content\/uploads\/2024\/04\/Cuno-libarona-300x180.png",300,180,true],"medium_large":["https:\/\/apuntesdesanluis.com\/wp-content\/uploads\/2024\/04\/Cuno-libarona.png",600,360,false],"large":["https:\/\/apuntesdesanluis.com\/wp-content\/uploads\/2024\/04\/Cuno-libarona.png",600,360,false],"1536x1536":["https:\/\/apuntesdesanluis.com\/wp-content\/uploads\/2024\/04\/Cuno-libarona.png",600,360,false],"2048x2048":["https:\/\/apuntesdesanluis.com\/wp-content\/uploads\/2024\/04\/Cuno-libarona.png",600,360,false],"newsever-slider-full":["https:\/\/apuntesdesanluis.com\/wp-content\/uploads\/2024\/04\/Cuno-libarona.png",600,360,false],"newsever-featured":["https:\/\/apuntesdesanluis.com\/wp-content\/uploads\/2024\/04\/Cuno-libarona.png",600,360,false],"newsever-medium":["https:\/\/apuntesdesanluis.com\/wp-content\/uploads\/2024\/04\/Cuno-libarona.png",600,360,false]},"author_info":{"display_name":"apuntesdesanluis.com","author_link":"https:\/\/apuntesdesanluis.com\/index.php\/author\/apuntesdesanluis-com\/"},"category_info":"<a href=\"https:\/\/apuntesdesanluis.com\/index.php\/category\/nacionales-internacionales\/\" rel=\"category tag\">Nacionales\/Internacionales<\/a>","tag_info":"Nacionales\/Internacionales","comment_count":"0","_links":{"self":[{"href":"https:\/\/apuntesdesanluis.com\/index.php\/wp-json\/wp\/v2\/posts\/14540","targetHints":{"allow":["GET"]}}],"collection":[{"href":"https:\/\/apuntesdesanluis.com\/index.php\/wp-json\/wp\/v2\/posts"}],"about":[{"href":"https:\/\/apuntesdesanluis.com\/index.php\/wp-json\/wp\/v2\/types\/post"}],"author":[{"embeddable":true,"href":"https:\/\/apuntesdesanluis.com\/index.php\/wp-json\/wp\/v2\/users\/1"}],"replies":[{"embeddable":true,"href":"https:\/\/apuntesdesanluis.com\/index.php\/wp-json\/wp\/v2\/comments?post=14540"}],"version-history":[{"count":1,"href":"https:\/\/apuntesdesanluis.com\/index.php\/wp-json\/wp\/v2\/posts\/14540\/revisions"}],"predecessor-version":[{"id":14542,"href":"https:\/\/apuntesdesanluis.com\/index.php\/wp-json\/wp\/v2\/posts\/14540\/revisions\/14542"}],"wp:featuredmedia":[{"embeddable":true,"href":"https:\/\/apuntesdesanluis.com\/index.php\/wp-json\/wp\/v2\/media\/14541"}],"wp:attachment":[{"href":"https:\/\/apuntesdesanluis.com\/index.php\/wp-json\/wp\/v2\/media?parent=14540"}],"wp:term":[{"taxonomy":"category","embeddable":true,"href":"https:\/\/apuntesdesanluis.com\/index.php\/wp-json\/wp\/v2\/categories?post=14540"},{"taxonomy":"post_tag","embeddable":true,"href":"https:\/\/apuntesdesanluis.com\/index.php\/wp-json\/wp\/v2\/tags?post=14540"}],"curies":[{"name":"wp","href":"https:\/\/api.w.org\/{rel}","templated":true}]}}