{"id":14543,"date":"2024-04-11T17:50:21","date_gmt":"2024-04-11T20:50:21","guid":{"rendered":"https:\/\/apuntesdesanluis.com\/?p=14543"},"modified":"2024-04-11T21:08:55","modified_gmt":"2024-04-12T00:08:55","slug":"bazla-con-la-ley-de-extincion-de-dominio-van-a-ir-presos-los-que-tengan-que-ir","status":"publish","type":"post","link":"https:\/\/apuntesdesanluis.com\/index.php\/2024\/04\/11\/bazla-con-la-ley-de-extincion-de-dominio-van-a-ir-presos-los-que-tengan-que-ir\/","title":{"rendered":"BAZLA: \u201cCON LA LEY DE EXTINCI\u00d3N DE DOMINIO VAN A IR PRESOS LOS QUE TENGAN QUE IR\u201d"},"content":{"rendered":"<h3>El secretario de \u00c9tica P\u00fablica y Control de Gesti\u00f3n, <strong>Ricardo Bazla<\/strong>, adelant\u00f3 detalles del proyecto de ley que buscar\u00e1 su aprobaci\u00f3n en la Legislatura provincial. Tendr\u00e1 car\u00e1cter retroactivo y los delitos no prescribir\u00e1n, para que \u201cempecemos a recuperar los bienes que se llev\u00f3 la corrupci\u00f3n\u201d.<\/h3>\n<h3>\u201cLa Extinci\u00f3n de Dominio es un proyecto de ley que present\u00f3 el gobernador Poggi el 1\u00ba de abril, lo anunci\u00f3 en la Asamblea Legislativa y ya ingres\u00f3 a la C\u00e1mara de Diputados de la provincia, de modo que esperamos que en los pr\u00f3ximos d\u00edas empiece a ser tratado en comisi\u00f3n, presumo que en la Comisi\u00f3n de Asuntos Constitucionales y en otras que est\u00e9n vinculadas a esto que pretende ser una ley que cambie la cultura pol\u00edtica en la provincia de San Luis\u201d, anticip\u00f3 Ricardo Bazla, secretario de \u00c9tica P\u00fablica y Control de Gesti\u00f3n, quien dio detalles de c\u00f3mo se gest\u00f3 esta herramienta que brindar\u00e1 una respuesta eficaz a la demanda de la sociedad de procurar la restituci\u00f3n del patrimonio mal habido, de recuperar para el dominio del Estado los bienes que han sido malversados y, en otra arista destacada, desalentar el enriquecimiento patrimonial de funcionarios que acceden a cargos p\u00fablicos, ya que prev\u00e9 castigos penales que incluyen la inhabilitaci\u00f3n y hasta la prisi\u00f3n efectiva.<\/h3>\n<h3>\u201cEs un gran trabajo en equipo que nos pidi\u00f3 el gobernador Poggi a mediados de diciembre. Hac\u00eda una semana que hab\u00edamos asumido y ya est\u00e1bamos trabajando en este tema, tomando como punto de partida un proyecto presentado por el diputado \u2018Charly\u2019 Pereira el a\u00f1o pasado en la Legislatura\u201d, record\u00f3 Bazla, y agreg\u00f3: \u201cNos pidi\u00f3 que hici\u00e9ramos una ronda de conversaciones en el \u00e1mbito del Gobierno, tal es as\u00ed que mantuvimos varias para analizar este proyecto de ley con el Escribano General, con el ministro de Gobierno, con la secretar\u00eda Legal y T\u00e9cnica y con distintos abogados notables, notorios, que integran el Ejecutivo provincial. Y una vez que consensuamos dentro del gobierno el proyecto de ley, abrimos la ronda de consultas a distintos colegios profesionales\u201d.<\/h3>\n<p><iframe title=\"Ricardo Bazla, Secr. de \u00c9tica P\u00fablica y Control de Gesti\u00f3n\" width=\"640\" height=\"360\" src=\"https:\/\/www.youtube.com\/embed\/k_G2sZ16JqU?feature=oembed\" frameborder=\"0\" allow=\"accelerometer; autoplay; clipboard-write; encrypted-media; gyroscope; picture-in-picture; web-share\" referrerpolicy=\"strict-origin-when-cross-origin\" allowfullscreen><\/iframe><\/p>\n<h3>La consulta incluy\u00f3 colegios de abogados, tanto de San Luis como de Villa Mercedes, de escribanos, dirigentes pol\u00edticos, el Colegio de Agrimensores, todas instituciones y profesiones que de una u otra manera est\u00e1n vinculadas a este tema y que pudieran hacer aportes sustanciales a la redacci\u00f3n final del texto de la futura ley. Bazla agreg\u00f3 que tambi\u00e9n tuvieron conversaciones con \u201cel Consejo Profesional de Ciencias Econ\u00f3micas, porque los contadores, los administradores de empresas, los profesionales en esta materia tienen mucho que ver con lo que pretende el Gobernador, que no es otra cosa que empezar a recuperar los bienes que se llev\u00f3 la corrupci\u00f3n\u201d.<\/h3>\n<h3>\u201cCuando hablamos de un hecho de corrupci\u00f3n, hablamos de un funcionario p\u00fablico que se ha quedado con lo que no le pertenece, con lo ajeno. Lo ajeno hay que devolverlo. No corresponde bajo ning\u00fan punto de vista que nadie, y menos un funcionario p\u00fablico, se quede con dinero que no le corresponde. Esto es lo que pretende la Ley de Extinci\u00f3n de Dominio\u201d, enfatiz\u00f3 Bazla.<\/h3>\n<h3>UNA LEY APLICABLE CON RETROACTIVIDAD<\/h3>\n<h3>El funcionario aclar\u00f3 que la Ley de Extinci\u00f3n de Dominio no es una adhesi\u00f3n al DNU 62\/2019, firmado por el ex presidente Mauricio Macri que le permite al Estado recuperar bienes vinculados a delitos, como la corrupci\u00f3n y el narcotr\u00e1fico, sin necesidad de que exista una condena penal, como s\u00ed ocurre con el decomiso.<\/h3>\n<h3>\u201cEs totalmente distinta. Esta ley que vamos a tener en la provincia de San Luis pronto va a ser la segunda de este tipo en la Rep\u00fablica Argentina. Y es una ley que responde a est\u00e1ndares o par\u00e1metros internacionales que tienen que ver con las convenciones internacionales contra la corrupci\u00f3n\u201d, asegur\u00f3 Bazla.<\/h3>\n<h3>\u201cEstos puntos de partida del derecho internacional son los que nos han servido para establecer dos aspectos centrales: la retroactividad y la imprescriptibilidad\u201d, dijo, y cit\u00f3 un ejemplo: \u201cEsta ley puede ser aplicada aunque el hecho se haya producido el a\u00f1o pasado, o hace tres a\u00f1os, o hace cinco. Eso es retroactividad, es decir, no es una ley que va a regir de ac\u00e1 en adelante, sino que rige de ac\u00e1 en adelante y tambi\u00e9n para atr\u00e1s\u201d.<\/h3>\n<h3>\u201cPor otro lado, no es una ley que prescriba, es decir, que no importa cu\u00e1ndo se produjo el hecho de corrupci\u00f3n. Si se produjo hace diez a\u00f1os, se puede aplicar sin ning\u00fan inconveniente. Es decir, no hay un plazo. Son hechos imprescriptibles. As\u00ed como se habla o est\u00e1 definido internacionalmente que los delitos de lesa humanidad no prescriben. Por ejemplo, si se descubrie hoy un hecho de corrupci\u00f3n producido hace treinta a\u00f1os, esta ley se podr\u00e1 aplicar sin ning\u00fan inconveniente\u201d, argument\u00f3.<\/h3>\n<h3>\u201cSan Luis va a ser la segunda provincia del pa\u00eds en tener una ley de extinci\u00f3n de dominio\u201d, asegur\u00f3.<\/h3>\n<h3>Adem\u00e1s del Decreto de Necesidad y Urgencia de 2019, hay un antecedente m\u00e1s reciente y cercano a la provincia, que es el de Mendoza. En un fallo hist\u00f3rico, el 5 de febrero de 2021, la Justicia mendocina resolvi\u00f3 despojar de parte de sus bienes al exintendente de la localidad de Guaymall\u00e9n, Luis Lobos, y su esposa, Claudia Sgr\u00f3. Se trat\u00f3 del primer juicio bajo la figura de extinci\u00f3n de dominio en el pa\u00eds en el que un exfuncionario es condenado y pierde su patrimonio al no poder justificar el origen.<\/h3>\n<h3>\u201cEs la primera provincia que tiene una ley de extinci\u00f3n de dominio. Nosotros vamos a ser la segunda\u201d, vaticin\u00f3 Bazla, y cont\u00f3: \u201cEsa ley le permiti\u00f3 a los mendocinos recuperar gran parte de los bienes que hab\u00eda adquirido este intendente corrupto. Y que eran bienes de todos los mendocinos que pasaron a ser parte del patrimonio de este intendente que crey\u00f3 que lo ajeno era propio. Bueno, ac\u00e1 va a ocurrir lo mismo. Todos los funcionarios que hayan pasado por la provincia de San Luis y que pasen en el futuro y crean que el patrimonio del Estado es propio, van a ser sometidos a esta ley que es una herramienta muy fuerte que le estamos dando a los jueces para que puedan actuar. Y que no solo vayan presos los que tienen que ir presos, sino que tambi\u00e9n devuelvan lo que se han robado\u201d.<\/h3>\n<h3><img fetchpriority=\"high\" decoding=\"async\" class=\"wp-image-14545 aligncenter\" src=\"https:\/\/apuntesdesanluis.com\/wp-content\/uploads\/2024\/04\/bazla-300x182.png\" alt=\"\" width=\"618\" height=\"375\" srcset=\"https:\/\/apuntesdesanluis.com\/wp-content\/uploads\/2024\/04\/bazla-300x182.png 300w, https:\/\/apuntesdesanluis.com\/wp-content\/uploads\/2024\/04\/bazla.png 600w\" sizes=\"(max-width: 618px) 100vw, 618px\" \/><\/h3>\n<h3>NI HEREDEROS, NI TESTAFERROS<\/h3>\n<h3>Sobre c\u00f3mo se llevar\u00e1 a cabo la aplicaci\u00f3n de la ley en la pr\u00e1ctica, el secretario de \u00c9tica P\u00fablica y Control de Gesti\u00f3n cont\u00f3 que va a aplicar \u201clo que se llama el criterio de la realidad econ\u00f3mica. \u00bfQu\u00e9 significa? Que si yo mensualmente gano 500.000 pesos, no puedo tener un nivel de vida de $50 millones. Entonces, si yo gano $500.000 y de repente aparezco con una camioneta nueva, con una mansi\u00f3n impecable, con propiedades alrededor del dique de La Florida, con motos, con veh\u00edculos y me ando paseando por las calles de San Luis mostrando las motos o las camionetas nuevas que tengo, haciendo ostentaci\u00f3n cuando hasta hace dos a\u00f1os trabajaba en un delivery, bueno, algo pas\u00f3. Ese es el criterio de la realidad econ\u00f3mica\u201d.<\/h3>\n<h3>Y fue m\u00e1s all\u00e1: \u201cLa casa en La Florida o en el Potrero puede estar a nombre de una se\u00f1ora que fue empleada dom\u00e9stica. Puede estar a nombre de un primo, de un t\u00edo, de un sobrino, lo que sucede habitualmente. Pero, aunque haya ese traspaso pretendido, simulado de legalidad, esas personas deber\u00e1n demostrar c\u00f3mo lograron con sus ingresos tener esas propiedades a su nombre. Digo, fue por una compra, fue por una donaci\u00f3n, fue por una sucesi\u00f3n. Esta ley tiene algunas particularidades muy interesantes. Por ejemplo, si un se\u00f1or que fue un funcionario corrupto tiene una gran propiedad y luego ese se\u00f1or fallece, esos bienes no pasan a sus herederos. Porque el problema ac\u00e1 est\u00e1 en el cuestionamiento del origen. \u00bfCu\u00e1l fue el origen? El origen es il\u00edcito, ilegal. Entonces, si ese origen de la propiedad es ilegal, por m\u00e1s que lo done, lo venda o fallezca y pase a los herederos, sigue siendo ilegal y el Estado lo tiene que recuperar para todos los sanluise\u00f1os\u201d.<\/h3>\n<h3>Bazla concluy\u00f3 con una reflexi\u00f3n: \u201cTenemos que lograr una provincia normal, alejada de todo acto de corrupci\u00f3n. Entonces, estamos en la construcci\u00f3n de todas estas herramientas que le permitan a los jueces de San Luis recuperar estos bienes de la corrupci\u00f3n para que tengamos una administraci\u00f3n p\u00fablica normal y que nadie se lleve lo que no le corresponde\u201d.<\/h3>\n<p>&nbsp;<\/p>\n<p>&nbsp;<\/p>\n<p>&nbsp;<\/p>\n","protected":false},"excerpt":{"rendered":"<p>El secretario de \u00c9tica P\u00fablica y Control de Gesti\u00f3n, Ricardo Bazla, adelant\u00f3 detalles del proyecto&#8230;<\/p>\n","protected":false},"author":1,"featured_media":14544,"comment_status":"closed","ping_status":"closed","sticky":false,"template":"","format":"standard","meta":{"footnotes":""},"categories":[6],"tags":[],"class_list":["post-14543","post","type-post","status-publish","format-standard","has-post-thumbnail","hentry","category-ciudad-provincia"],"yoast_head":"<!-- This site is optimized with the Yoast SEO plugin v26.1.1 - https:\/\/yoast.com\/wordpress\/plugins\/seo\/ -->\n<title>BAZLA: \u201cCON LA LEY DE EXTINCI\u00d3N DE DOMINIO VAN A IR PRESOS LOS QUE TENGAN QUE IR\u201d - Apuntes de San Luis<\/title>\n<meta name=\"robots\" content=\"index, follow, max-snippet:-1, max-image-preview:large, max-video-preview:-1\" \/>\n<link rel=\"canonical\" href=\"https:\/\/apuntesdesanluis.com\/index.php\/2024\/04\/11\/bazla-con-la-ley-de-extincion-de-dominio-van-a-ir-presos-los-que-tengan-que-ir\/\" \/>\n<meta property=\"og:locale\" content=\"es_ES\" \/>\n<meta property=\"og:type\" content=\"article\" \/>\n<meta property=\"og:title\" content=\"BAZLA: \u201cCON LA LEY DE EXTINCI\u00d3N DE DOMINIO VAN A IR PRESOS LOS QUE TENGAN QUE IR\u201d - Apuntes de San Luis\" \/>\n<meta property=\"og:description\" content=\"El secretario de \u00c9tica P\u00fablica y Control de Gesti\u00f3n, Ricardo Bazla, adelant\u00f3 detalles del proyecto...\" \/>\n<meta property=\"og:url\" content=\"https:\/\/apuntesdesanluis.com\/index.php\/2024\/04\/11\/bazla-con-la-ley-de-extincion-de-dominio-van-a-ir-presos-los-que-tengan-que-ir\/\" \/>\n<meta property=\"og:site_name\" content=\"Apuntes de San Luis\" \/>\n<meta property=\"article:published_time\" content=\"2024-04-11T20:50:21+00:00\" \/>\n<meta property=\"article:modified_time\" content=\"2024-04-12T00:08:55+00:00\" \/>\n<meta property=\"og:image\" content=\"https:\/\/apuntesdesanluis.com\/wp-content\/uploads\/2024\/04\/ricardo-bazla.png\" \/>\n\t<meta property=\"og:image:width\" content=\"600\" \/>\n\t<meta property=\"og:image:height\" content=\"311\" \/>\n\t<meta property=\"og:image:type\" content=\"image\/png\" \/>\n<meta name=\"author\" content=\"apuntesdesanluis.com\" \/>\n<meta name=\"twitter:card\" content=\"summary_large_image\" \/>\n<meta name=\"twitter:label1\" content=\"Escrito por\" \/>\n\t<meta name=\"twitter:data1\" content=\"apuntesdesanluis.com\" \/>\n\t<meta name=\"twitter:label2\" content=\"Tiempo de lectura\" \/>\n\t<meta name=\"twitter:data2\" content=\"7 minutos\" \/>\n<script type=\"application\/ld+json\" class=\"yoast-schema-graph\">{\"@context\":\"https:\/\/schema.org\",\"@graph\":[{\"@type\":\"Article\",\"@id\":\"https:\/\/apuntesdesanluis.com\/index.php\/2024\/04\/11\/bazla-con-la-ley-de-extincion-de-dominio-van-a-ir-presos-los-que-tengan-que-ir\/#article\",\"isPartOf\":{\"@id\":\"https:\/\/apuntesdesanluis.com\/index.php\/2024\/04\/11\/bazla-con-la-ley-de-extincion-de-dominio-van-a-ir-presos-los-que-tengan-que-ir\/\"},\"author\":{\"name\":\"apuntesdesanluis.com\",\"@id\":\"https:\/\/apuntesdesanluis.com\/#\/schema\/person\/b55151d52296fcce64d1a72538a70b90\"},\"headline\":\"BAZLA: \u201cCON LA LEY DE EXTINCI\u00d3N DE DOMINIO VAN A IR PRESOS LOS QUE TENGAN QUE IR\u201d\",\"datePublished\":\"2024-04-11T20:50:21+00:00\",\"dateModified\":\"2024-04-12T00:08:55+00:00\",\"mainEntityOfPage\":{\"@id\":\"https:\/\/apuntesdesanluis.com\/index.php\/2024\/04\/11\/bazla-con-la-ley-de-extincion-de-dominio-van-a-ir-presos-los-que-tengan-que-ir\/\"},\"wordCount\":1503,\"publisher\":{\"@id\":\"https:\/\/apuntesdesanluis.com\/#\/schema\/person\/b55151d52296fcce64d1a72538a70b90\"},\"image\":{\"@id\":\"https:\/\/apuntesdesanluis.com\/index.php\/2024\/04\/11\/bazla-con-la-ley-de-extincion-de-dominio-van-a-ir-presos-los-que-tengan-que-ir\/#primaryimage\"},\"thumbnailUrl\":\"https:\/\/apuntesdesanluis.com\/wp-content\/uploads\/2024\/04\/ricardo-bazla.png\",\"articleSection\":[\"Ciudad\/Provincia\"],\"inLanguage\":\"es-AR\"},{\"@type\":\"WebPage\",\"@id\":\"https:\/\/apuntesdesanluis.com\/index.php\/2024\/04\/11\/bazla-con-la-ley-de-extincion-de-dominio-van-a-ir-presos-los-que-tengan-que-ir\/\",\"url\":\"https:\/\/apuntesdesanluis.com\/index.php\/2024\/04\/11\/bazla-con-la-ley-de-extincion-de-dominio-van-a-ir-presos-los-que-tengan-que-ir\/\",\"name\":\"BAZLA: \u201cCON LA LEY DE EXTINCI\u00d3N DE DOMINIO VAN A IR PRESOS LOS QUE TENGAN QUE IR\u201d - Apuntes de San Luis\",\"isPartOf\":{\"@id\":\"https:\/\/apuntesdesanluis.com\/#website\"},\"primaryImageOfPage\":{\"@id\":\"https:\/\/apuntesdesanluis.com\/index.php\/2024\/04\/11\/bazla-con-la-ley-de-extincion-de-dominio-van-a-ir-presos-los-que-tengan-que-ir\/#primaryimage\"},\"image\":{\"@id\":\"https:\/\/apuntesdesanluis.com\/index.php\/2024\/04\/11\/bazla-con-la-ley-de-extincion-de-dominio-van-a-ir-presos-los-que-tengan-que-ir\/#primaryimage\"},\"thumbnailUrl\":\"https:\/\/apuntesdesanluis.com\/wp-content\/uploads\/2024\/04\/ricardo-bazla.png\",\"datePublished\":\"2024-04-11T20:50:21+00:00\",\"dateModified\":\"2024-04-12T00:08:55+00:00\",\"breadcrumb\":{\"@id\":\"https:\/\/apuntesdesanluis.com\/index.php\/2024\/04\/11\/bazla-con-la-ley-de-extincion-de-dominio-van-a-ir-presos-los-que-tengan-que-ir\/#breadcrumb\"},\"inLanguage\":\"es-AR\",\"potentialAction\":[{\"@type\":\"ReadAction\",\"target\":[\"https:\/\/apuntesdesanluis.com\/index.php\/2024\/04\/11\/bazla-con-la-ley-de-extincion-de-dominio-van-a-ir-presos-los-que-tengan-que-ir\/\"]}]},{\"@type\":\"ImageObject\",\"inLanguage\":\"es-AR\",\"@id\":\"https:\/\/apuntesdesanluis.com\/index.php\/2024\/04\/11\/bazla-con-la-ley-de-extincion-de-dominio-van-a-ir-presos-los-que-tengan-que-ir\/#primaryimage\",\"url\":\"https:\/\/apuntesdesanluis.com\/wp-content\/uploads\/2024\/04\/ricardo-bazla.png\",\"contentUrl\":\"https:\/\/apuntesdesanluis.com\/wp-content\/uploads\/2024\/04\/ricardo-bazla.png\",\"width\":600,\"height\":311},{\"@type\":\"BreadcrumbList\",\"@id\":\"https:\/\/apuntesdesanluis.com\/index.php\/2024\/04\/11\/bazla-con-la-ley-de-extincion-de-dominio-van-a-ir-presos-los-que-tengan-que-ir\/#breadcrumb\",\"itemListElement\":[{\"@type\":\"ListItem\",\"position\":1,\"name\":\"Inicio\",\"item\":\"https:\/\/apuntesdesanluis.com\/\"},{\"@type\":\"ListItem\",\"position\":2,\"name\":\"BAZLA: \u201cCON LA LEY DE EXTINCI\u00d3N DE DOMINIO VAN A IR PRESOS LOS QUE TENGAN QUE IR\u201d\"}]},{\"@type\":\"WebSite\",\"@id\":\"https:\/\/apuntesdesanluis.com\/#website\",\"url\":\"https:\/\/apuntesdesanluis.com\/\",\"name\":\"Apuntes de San Luis\",\"description\":\"\",\"publisher\":{\"@id\":\"https:\/\/apuntesdesanluis.com\/#\/schema\/person\/b55151d52296fcce64d1a72538a70b90\"},\"potentialAction\":[{\"@type\":\"SearchAction\",\"target\":{\"@type\":\"EntryPoint\",\"urlTemplate\":\"https:\/\/apuntesdesanluis.com\/?s={search_term_string}\"},\"query-input\":{\"@type\":\"PropertyValueSpecification\",\"valueRequired\":true,\"valueName\":\"search_term_string\"}}],\"inLanguage\":\"es-AR\"},{\"@type\":[\"Person\",\"Organization\"],\"@id\":\"https:\/\/apuntesdesanluis.com\/#\/schema\/person\/b55151d52296fcce64d1a72538a70b90\",\"name\":\"apuntesdesanluis.com\",\"image\":{\"@type\":\"ImageObject\",\"inLanguage\":\"es-AR\",\"@id\":\"https:\/\/apuntesdesanluis.com\/#\/schema\/person\/image\/\",\"url\":\"https:\/\/apuntesdesanluis.com\/wp-content\/uploads\/2023\/07\/cropped-apuntesdesanluis.png\",\"contentUrl\":\"https:\/\/apuntesdesanluis.com\/wp-content\/uploads\/2023\/07\/cropped-apuntesdesanluis.png\",\"width\":450,\"height\":112,\"caption\":\"apuntesdesanluis.com\"},\"logo\":{\"@id\":\"https:\/\/apuntesdesanluis.com\/#\/schema\/person\/image\/\"},\"sameAs\":[\"https:\/\/apuntesdesanluis.com\"],\"url\":\"https:\/\/apuntesdesanluis.com\/index.php\/author\/apuntesdesanluis-com\/\"}]}<\/script>\n<!-- \/ Yoast SEO plugin. -->","yoast_head_json":{"title":"BAZLA: \u201cCON LA LEY DE EXTINCI\u00d3N DE DOMINIO VAN A IR PRESOS LOS QUE TENGAN QUE IR\u201d - Apuntes de San Luis","robots":{"index":"index","follow":"follow","max-snippet":"max-snippet:-1","max-image-preview":"max-image-preview:large","max-video-preview":"max-video-preview:-1"},"canonical":"https:\/\/apuntesdesanluis.com\/index.php\/2024\/04\/11\/bazla-con-la-ley-de-extincion-de-dominio-van-a-ir-presos-los-que-tengan-que-ir\/","og_locale":"es_ES","og_type":"article","og_title":"BAZLA: \u201cCON LA LEY DE EXTINCI\u00d3N DE DOMINIO VAN A IR PRESOS LOS QUE TENGAN QUE IR\u201d - Apuntes de San Luis","og_description":"El secretario de \u00c9tica P\u00fablica y Control de Gesti\u00f3n, Ricardo Bazla, adelant\u00f3 detalles del proyecto...","og_url":"https:\/\/apuntesdesanluis.com\/index.php\/2024\/04\/11\/bazla-con-la-ley-de-extincion-de-dominio-van-a-ir-presos-los-que-tengan-que-ir\/","og_site_name":"Apuntes de San Luis","article_published_time":"2024-04-11T20:50:21+00:00","article_modified_time":"2024-04-12T00:08:55+00:00","og_image":[{"width":600,"height":311,"url":"https:\/\/apuntesdesanluis.com\/wp-content\/uploads\/2024\/04\/ricardo-bazla.png","type":"image\/png"}],"author":"apuntesdesanluis.com","twitter_card":"summary_large_image","twitter_misc":{"Escrito por":"apuntesdesanluis.com","Tiempo de lectura":"7 minutos"},"schema":{"@context":"https:\/\/schema.org","@graph":[{"@type":"Article","@id":"https:\/\/apuntesdesanluis.com\/index.php\/2024\/04\/11\/bazla-con-la-ley-de-extincion-de-dominio-van-a-ir-presos-los-que-tengan-que-ir\/#article","isPartOf":{"@id":"https:\/\/apuntesdesanluis.com\/index.php\/2024\/04\/11\/bazla-con-la-ley-de-extincion-de-dominio-van-a-ir-presos-los-que-tengan-que-ir\/"},"author":{"name":"apuntesdesanluis.com","@id":"https:\/\/apuntesdesanluis.com\/#\/schema\/person\/b55151d52296fcce64d1a72538a70b90"},"headline":"BAZLA: \u201cCON LA LEY DE EXTINCI\u00d3N DE DOMINIO VAN A IR PRESOS LOS QUE TENGAN QUE IR\u201d","datePublished":"2024-04-11T20:50:21+00:00","dateModified":"2024-04-12T00:08:55+00:00","mainEntityOfPage":{"@id":"https:\/\/apuntesdesanluis.com\/index.php\/2024\/04\/11\/bazla-con-la-ley-de-extincion-de-dominio-van-a-ir-presos-los-que-tengan-que-ir\/"},"wordCount":1503,"publisher":{"@id":"https:\/\/apuntesdesanluis.com\/#\/schema\/person\/b55151d52296fcce64d1a72538a70b90"},"image":{"@id":"https:\/\/apuntesdesanluis.com\/index.php\/2024\/04\/11\/bazla-con-la-ley-de-extincion-de-dominio-van-a-ir-presos-los-que-tengan-que-ir\/#primaryimage"},"thumbnailUrl":"https:\/\/apuntesdesanluis.com\/wp-content\/uploads\/2024\/04\/ricardo-bazla.png","articleSection":["Ciudad\/Provincia"],"inLanguage":"es-AR"},{"@type":"WebPage","@id":"https:\/\/apuntesdesanluis.com\/index.php\/2024\/04\/11\/bazla-con-la-ley-de-extincion-de-dominio-van-a-ir-presos-los-que-tengan-que-ir\/","url":"https:\/\/apuntesdesanluis.com\/index.php\/2024\/04\/11\/bazla-con-la-ley-de-extincion-de-dominio-van-a-ir-presos-los-que-tengan-que-ir\/","name":"BAZLA: \u201cCON LA LEY DE EXTINCI\u00d3N DE DOMINIO VAN A IR PRESOS LOS QUE TENGAN QUE IR\u201d - Apuntes de San Luis","isPartOf":{"@id":"https:\/\/apuntesdesanluis.com\/#website"},"primaryImageOfPage":{"@id":"https:\/\/apuntesdesanluis.com\/index.php\/2024\/04\/11\/bazla-con-la-ley-de-extincion-de-dominio-van-a-ir-presos-los-que-tengan-que-ir\/#primaryimage"},"image":{"@id":"https:\/\/apuntesdesanluis.com\/index.php\/2024\/04\/11\/bazla-con-la-ley-de-extincion-de-dominio-van-a-ir-presos-los-que-tengan-que-ir\/#primaryimage"},"thumbnailUrl":"https:\/\/apuntesdesanluis.com\/wp-content\/uploads\/2024\/04\/ricardo-bazla.png","datePublished":"2024-04-11T20:50:21+00:00","dateModified":"2024-04-12T00:08:55+00:00","breadcrumb":{"@id":"https:\/\/apuntesdesanluis.com\/index.php\/2024\/04\/11\/bazla-con-la-ley-de-extincion-de-dominio-van-a-ir-presos-los-que-tengan-que-ir\/#breadcrumb"},"inLanguage":"es-AR","potentialAction":[{"@type":"ReadAction","target":["https:\/\/apuntesdesanluis.com\/index.php\/2024\/04\/11\/bazla-con-la-ley-de-extincion-de-dominio-van-a-ir-presos-los-que-tengan-que-ir\/"]}]},{"@type":"ImageObject","inLanguage":"es-AR","@id":"https:\/\/apuntesdesanluis.com\/index.php\/2024\/04\/11\/bazla-con-la-ley-de-extincion-de-dominio-van-a-ir-presos-los-que-tengan-que-ir\/#primaryimage","url":"https:\/\/apuntesdesanluis.com\/wp-content\/uploads\/2024\/04\/ricardo-bazla.png","contentUrl":"https:\/\/apuntesdesanluis.com\/wp-content\/uploads\/2024\/04\/ricardo-bazla.png","width":600,"height":311},{"@type":"BreadcrumbList","@id":"https:\/\/apuntesdesanluis.com\/index.php\/2024\/04\/11\/bazla-con-la-ley-de-extincion-de-dominio-van-a-ir-presos-los-que-tengan-que-ir\/#breadcrumb","itemListElement":[{"@type":"ListItem","position":1,"name":"Inicio","item":"https:\/\/apuntesdesanluis.com\/"},{"@type":"ListItem","position":2,"name":"BAZLA: \u201cCON LA LEY DE EXTINCI\u00d3N DE DOMINIO VAN A IR PRESOS LOS QUE TENGAN QUE IR\u201d"}]},{"@type":"WebSite","@id":"https:\/\/apuntesdesanluis.com\/#website","url":"https:\/\/apuntesdesanluis.com\/","name":"Apuntes de San Luis","description":"","publisher":{"@id":"https:\/\/apuntesdesanluis.com\/#\/schema\/person\/b55151d52296fcce64d1a72538a70b90"},"potentialAction":[{"@type":"SearchAction","target":{"@type":"EntryPoint","urlTemplate":"https:\/\/apuntesdesanluis.com\/?s={search_term_string}"},"query-input":{"@type":"PropertyValueSpecification","valueRequired":true,"valueName":"search_term_string"}}],"inLanguage":"es-AR"},{"@type":["Person","Organization"],"@id":"https:\/\/apuntesdesanluis.com\/#\/schema\/person\/b55151d52296fcce64d1a72538a70b90","name":"apuntesdesanluis.com","image":{"@type":"ImageObject","inLanguage":"es-AR","@id":"https:\/\/apuntesdesanluis.com\/#\/schema\/person\/image\/","url":"https:\/\/apuntesdesanluis.com\/wp-content\/uploads\/2023\/07\/cropped-apuntesdesanluis.png","contentUrl":"https:\/\/apuntesdesanluis.com\/wp-content\/uploads\/2023\/07\/cropped-apuntesdesanluis.png","width":450,"height":112,"caption":"apuntesdesanluis.com"},"logo":{"@id":"https:\/\/apuntesdesanluis.com\/#\/schema\/person\/image\/"},"sameAs":["https:\/\/apuntesdesanluis.com"],"url":"https:\/\/apuntesdesanluis.com\/index.php\/author\/apuntesdesanluis-com\/"}]}},"featured_image_urls":{"full":["https:\/\/apuntesdesanluis.com\/wp-content\/uploads\/2024\/04\/ricardo-bazla.png",600,311,false],"thumbnail":["https:\/\/apuntesdesanluis.com\/wp-content\/uploads\/2024\/04\/ricardo-bazla-150x150.png",150,150,true],"medium":["https:\/\/apuntesdesanluis.com\/wp-content\/uploads\/2024\/04\/ricardo-bazla-300x156.png",300,156,true],"medium_large":["https:\/\/apuntesdesanluis.com\/wp-content\/uploads\/2024\/04\/ricardo-bazla.png",600,311,false],"large":["https:\/\/apuntesdesanluis.com\/wp-content\/uploads\/2024\/04\/ricardo-bazla.png",600,311,false],"1536x1536":["https:\/\/apuntesdesanluis.com\/wp-content\/uploads\/2024\/04\/ricardo-bazla.png",600,311,false],"2048x2048":["https:\/\/apuntesdesanluis.com\/wp-content\/uploads\/2024\/04\/ricardo-bazla.png",600,311,false],"newsever-slider-full":["https:\/\/apuntesdesanluis.com\/wp-content\/uploads\/2024\/04\/ricardo-bazla.png",600,311,false],"newsever-featured":["https:\/\/apuntesdesanluis.com\/wp-content\/uploads\/2024\/04\/ricardo-bazla.png",600,311,false],"newsever-medium":["https:\/\/apuntesdesanluis.com\/wp-content\/uploads\/2024\/04\/ricardo-bazla.png",600,311,false]},"author_info":{"display_name":"apuntesdesanluis.com","author_link":"https:\/\/apuntesdesanluis.com\/index.php\/author\/apuntesdesanluis-com\/"},"category_info":"<a href=\"https:\/\/apuntesdesanluis.com\/index.php\/category\/ciudad-provincia\/\" rel=\"category tag\">Ciudad\/Provincia<\/a>","tag_info":"Ciudad\/Provincia","comment_count":"0","_links":{"self":[{"href":"https:\/\/apuntesdesanluis.com\/index.php\/wp-json\/wp\/v2\/posts\/14543","targetHints":{"allow":["GET"]}}],"collection":[{"href":"https:\/\/apuntesdesanluis.com\/index.php\/wp-json\/wp\/v2\/posts"}],"about":[{"href":"https:\/\/apuntesdesanluis.com\/index.php\/wp-json\/wp\/v2\/types\/post"}],"author":[{"embeddable":true,"href":"https:\/\/apuntesdesanluis.com\/index.php\/wp-json\/wp\/v2\/users\/1"}],"replies":[{"embeddable":true,"href":"https:\/\/apuntesdesanluis.com\/index.php\/wp-json\/wp\/v2\/comments?post=14543"}],"version-history":[{"count":1,"href":"https:\/\/apuntesdesanluis.com\/index.php\/wp-json\/wp\/v2\/posts\/14543\/revisions"}],"predecessor-version":[{"id":14546,"href":"https:\/\/apuntesdesanluis.com\/index.php\/wp-json\/wp\/v2\/posts\/14543\/revisions\/14546"}],"wp:featuredmedia":[{"embeddable":true,"href":"https:\/\/apuntesdesanluis.com\/index.php\/wp-json\/wp\/v2\/media\/14544"}],"wp:attachment":[{"href":"https:\/\/apuntesdesanluis.com\/index.php\/wp-json\/wp\/v2\/media?parent=14543"}],"wp:term":[{"taxonomy":"category","embeddable":true,"href":"https:\/\/apuntesdesanluis.com\/index.php\/wp-json\/wp\/v2\/categories?post=14543"},{"taxonomy":"post_tag","embeddable":true,"href":"https:\/\/apuntesdesanluis.com\/index.php\/wp-json\/wp\/v2\/tags?post=14543"}],"curies":[{"name":"wp","href":"https:\/\/api.w.org\/{rel}","templated":true}]}}