{"id":14547,"date":"2024-04-11T18:16:38","date_gmt":"2024-04-11T21:16:38","guid":{"rendered":"https:\/\/apuntesdesanluis.com\/?p=14547"},"modified":"2024-04-11T19:12:32","modified_gmt":"2024-04-11T22:12:32","slug":"investigaran-el-abuso-de-una-menor-de-13-que-quedo-embarazada-y-perdio-el-bebe","status":"publish","type":"post","link":"https:\/\/apuntesdesanluis.com\/index.php\/2024\/04\/11\/investigaran-el-abuso-de-una-menor-de-13-que-quedo-embarazada-y-perdio-el-bebe\/","title":{"rendered":"INVESTIGAR\u00c1N EL ABUSO DE UNA MENOR DE 13 QUE QUED\u00d3 EMBARAZADA Y PERDI\u00d3 EL BEB\u00c9"},"content":{"rendered":"<h3>La Fiscal\u00eda Especializada, a cargo de la Dra. <strong>Mar\u00eda del Valle Dur\u00e1n<\/strong>, investiga un presunto delito de abuso sexual a una menor de 13 a\u00f1os que dio a luz a una beb\u00e9 en el Hospital Perrupato de la provincia de Mendoza.<\/h3>\n<h3>La beb\u00e9, nacida con 32 semanas de gestaci\u00f3n, falleci\u00f3 el 5 de abril en el Hospital Notti, de la ciudad de Mendoza.<\/h3>\n<h3>Los hechos se remontan a 2023, cuando la menor, cuya identidad se reserva, viv\u00eda con su progenitor en el Paraje Represa del Carmen, Departamento Belgrano, de la provincia de San Luis.<\/h3>\n<h3>El 30 de diciembre de 2023, la nena regres\u00f3 a Mendoza al domicilio de su progenitora, y el 17 de marzo del corriente a\u00f1o, dio a luz a una beb\u00e9 en el Hospital Perrupato.<\/h3>\n<h3>La ni\u00f1a present\u00f3 complicaciones y fue trasladada al \u00e1rea de Neonatolog\u00eda del Hospital Notti. El 5 de abril de 2024, la beb\u00e9 falleci\u00f3 en ese nosocomio a causa de enterocolitis necrotizante severa, debido a prematurez extrema, sepsis cl\u00ednica y embarazo no controlado, todo seg\u00fan acta de defunci\u00f3n.<\/h3>\n<h3>Este mi\u00e9rcoles 10 de abril, la Fiscal\u00eda Especializada de San Luis recibi\u00f3 un correo electr\u00f3nico con una compulsa de la Unidad Fiscal de Investigaci\u00f3n de Santa Rosa, de la provincia de Mendoza, causa donde se investiga el presunto delito de abuso sexual a la menor. La Fiscal\u00eda de San Luis est\u00e1 comenzando con la correspondiente investigaci\u00f3n, por lo que los datos son recientes y las medidas a tomar son de car\u00e1cter reservado por la gravedad de la causa y la menor involucrada.<\/h3>\n<h3>Asimismo, se hace saber que el \u00fanico canal fehaciente para brindar informaci\u00f3n sobre el caso ser\u00e1 a trav\u00e9s de los medios de comunicaci\u00f3n oficiales del Ministerio P\u00fablico Fiscal del Poder Judicial de la Provincia de San Luis.<\/h3>\n<p>&nbsp;<\/p>\n<p>&nbsp;<\/p>\n<p>&nbsp;<\/p>\n<p>&nbsp;<\/p>\n<p>&nbsp;<\/p>\n<p>&nbsp;<\/p>\n","protected":false},"excerpt":{"rendered":"<p>La Fiscal\u00eda Especializada, a cargo de la Dra. Mar\u00eda del Valle Dur\u00e1n, investiga un presunto&#8230;<\/p>\n","protected":false},"author":1,"featured_media":631,"comment_status":"closed","ping_status":"closed","sticky":false,"template":"","format":"standard","meta":{"footnotes":""},"categories":[6],"tags":[],"class_list":["post-14547","post","type-post","status-publish","format-standard","has-post-thumbnail","hentry","category-ciudad-provincia"],"yoast_head":"<!-- This site is optimized with the Yoast SEO plugin v26.1.1 - https:\/\/yoast.com\/wordpress\/plugins\/seo\/ -->\n<title>INVESTIGAR\u00c1N EL ABUSO DE UNA MENOR DE 13 QUE QUED\u00d3 EMBARAZADA Y PERDI\u00d3 EL BEB\u00c9 - Apuntes de San Luis<\/title>\n<meta name=\"robots\" content=\"index, follow, max-snippet:-1, max-image-preview:large, max-video-preview:-1\" \/>\n<link rel=\"canonical\" href=\"https:\/\/apuntesdesanluis.com\/index.php\/2024\/04\/11\/investigaran-el-abuso-de-una-menor-de-13-que-quedo-embarazada-y-perdio-el-bebe\/\" \/>\n<meta property=\"og:locale\" content=\"es_ES\" \/>\n<meta property=\"og:type\" content=\"article\" \/>\n<meta property=\"og:title\" content=\"INVESTIGAR\u00c1N EL ABUSO DE UNA MENOR DE 13 QUE QUED\u00d3 EMBARAZADA Y PERDI\u00d3 EL BEB\u00c9 - Apuntes de San Luis\" \/>\n<meta property=\"og:description\" content=\"La Fiscal\u00eda Especializada, a cargo de la Dra. Mar\u00eda del Valle Dur\u00e1n, investiga un presunto...\" \/>\n<meta property=\"og:url\" content=\"https:\/\/apuntesdesanluis.com\/index.php\/2024\/04\/11\/investigaran-el-abuso-de-una-menor-de-13-que-quedo-embarazada-y-perdio-el-bebe\/\" \/>\n<meta property=\"og:site_name\" content=\"Apuntes de San Luis\" \/>\n<meta property=\"article:published_time\" content=\"2024-04-11T21:16:38+00:00\" \/>\n<meta property=\"article:modified_time\" content=\"2024-04-11T22:12:32+00:00\" \/>\n<meta property=\"og:image\" content=\"https:\/\/apuntesdesanluis.com\/wp-content\/uploads\/2023\/07\/fiscal-duran.png\" \/>\n\t<meta property=\"og:image:width\" content=\"638\" \/>\n\t<meta property=\"og:image:height\" content=\"471\" \/>\n\t<meta property=\"og:image:type\" content=\"image\/png\" \/>\n<meta name=\"author\" content=\"apuntesdesanluis.com\" \/>\n<meta name=\"twitter:card\" content=\"summary_large_image\" \/>\n<meta name=\"twitter:label1\" content=\"Escrito por\" \/>\n\t<meta name=\"twitter:data1\" content=\"apuntesdesanluis.com\" \/>\n\t<meta name=\"twitter:label2\" content=\"Tiempo de lectura\" \/>\n\t<meta name=\"twitter:data2\" content=\"2 minutos\" \/>\n<script type=\"application\/ld+json\" class=\"yoast-schema-graph\">{\"@context\":\"https:\/\/schema.org\",\"@graph\":[{\"@type\":\"Article\",\"@id\":\"https:\/\/apuntesdesanluis.com\/index.php\/2024\/04\/11\/investigaran-el-abuso-de-una-menor-de-13-que-quedo-embarazada-y-perdio-el-bebe\/#article\",\"isPartOf\":{\"@id\":\"https:\/\/apuntesdesanluis.com\/index.php\/2024\/04\/11\/investigaran-el-abuso-de-una-menor-de-13-que-quedo-embarazada-y-perdio-el-bebe\/\"},\"author\":{\"name\":\"apuntesdesanluis.com\",\"@id\":\"https:\/\/apuntesdesanluis.com\/#\/schema\/person\/b55151d52296fcce64d1a72538a70b90\"},\"headline\":\"INVESTIGAR\u00c1N EL ABUSO DE UNA MENOR DE 13 QUE QUED\u00d3 EMBARAZADA Y PERDI\u00d3 EL BEB\u00c9\",\"datePublished\":\"2024-04-11T21:16:38+00:00\",\"dateModified\":\"2024-04-11T22:12:32+00:00\",\"mainEntityOfPage\":{\"@id\":\"https:\/\/apuntesdesanluis.com\/index.php\/2024\/04\/11\/investigaran-el-abuso-de-una-menor-de-13-que-quedo-embarazada-y-perdio-el-bebe\/\"},\"wordCount\":328,\"publisher\":{\"@id\":\"https:\/\/apuntesdesanluis.com\/#\/schema\/person\/b55151d52296fcce64d1a72538a70b90\"},\"image\":{\"@id\":\"https:\/\/apuntesdesanluis.com\/index.php\/2024\/04\/11\/investigaran-el-abuso-de-una-menor-de-13-que-quedo-embarazada-y-perdio-el-bebe\/#primaryimage\"},\"thumbnailUrl\":\"https:\/\/apuntesdesanluis.com\/wp-content\/uploads\/2023\/07\/fiscal-duran.png\",\"articleSection\":[\"Ciudad\/Provincia\"],\"inLanguage\":\"es-AR\"},{\"@type\":\"WebPage\",\"@id\":\"https:\/\/apuntesdesanluis.com\/index.php\/2024\/04\/11\/investigaran-el-abuso-de-una-menor-de-13-que-quedo-embarazada-y-perdio-el-bebe\/\",\"url\":\"https:\/\/apuntesdesanluis.com\/index.php\/2024\/04\/11\/investigaran-el-abuso-de-una-menor-de-13-que-quedo-embarazada-y-perdio-el-bebe\/\",\"name\":\"INVESTIGAR\u00c1N EL ABUSO DE UNA MENOR DE 13 QUE QUED\u00d3 EMBARAZADA Y PERDI\u00d3 EL BEB\u00c9 - Apuntes de San Luis\",\"isPartOf\":{\"@id\":\"https:\/\/apuntesdesanluis.com\/#website\"},\"primaryImageOfPage\":{\"@id\":\"https:\/\/apuntesdesanluis.com\/index.php\/2024\/04\/11\/investigaran-el-abuso-de-una-menor-de-13-que-quedo-embarazada-y-perdio-el-bebe\/#primaryimage\"},\"image\":{\"@id\":\"https:\/\/apuntesdesanluis.com\/index.php\/2024\/04\/11\/investigaran-el-abuso-de-una-menor-de-13-que-quedo-embarazada-y-perdio-el-bebe\/#primaryimage\"},\"thumbnailUrl\":\"https:\/\/apuntesdesanluis.com\/wp-content\/uploads\/2023\/07\/fiscal-duran.png\",\"datePublished\":\"2024-04-11T21:16:38+00:00\",\"dateModified\":\"2024-04-11T22:12:32+00:00\",\"breadcrumb\":{\"@id\":\"https:\/\/apuntesdesanluis.com\/index.php\/2024\/04\/11\/investigaran-el-abuso-de-una-menor-de-13-que-quedo-embarazada-y-perdio-el-bebe\/#breadcrumb\"},\"inLanguage\":\"es-AR\",\"potentialAction\":[{\"@type\":\"ReadAction\",\"target\":[\"https:\/\/apuntesdesanluis.com\/index.php\/2024\/04\/11\/investigaran-el-abuso-de-una-menor-de-13-que-quedo-embarazada-y-perdio-el-bebe\/\"]}]},{\"@type\":\"ImageObject\",\"inLanguage\":\"es-AR\",\"@id\":\"https:\/\/apuntesdesanluis.com\/index.php\/2024\/04\/11\/investigaran-el-abuso-de-una-menor-de-13-que-quedo-embarazada-y-perdio-el-bebe\/#primaryimage\",\"url\":\"https:\/\/apuntesdesanluis.com\/wp-content\/uploads\/2023\/07\/fiscal-duran.png\",\"contentUrl\":\"https:\/\/apuntesdesanluis.com\/wp-content\/uploads\/2023\/07\/fiscal-duran.png\",\"width\":638,\"height\":471},{\"@type\":\"BreadcrumbList\",\"@id\":\"https:\/\/apuntesdesanluis.com\/index.php\/2024\/04\/11\/investigaran-el-abuso-de-una-menor-de-13-que-quedo-embarazada-y-perdio-el-bebe\/#breadcrumb\",\"itemListElement\":[{\"@type\":\"ListItem\",\"position\":1,\"name\":\"Inicio\",\"item\":\"https:\/\/apuntesdesanluis.com\/\"},{\"@type\":\"ListItem\",\"position\":2,\"name\":\"INVESTIGAR\u00c1N EL ABUSO DE UNA MENOR DE 13 QUE QUED\u00d3 EMBARAZADA Y PERDI\u00d3 EL BEB\u00c9\"}]},{\"@type\":\"WebSite\",\"@id\":\"https:\/\/apuntesdesanluis.com\/#website\",\"url\":\"https:\/\/apuntesdesanluis.com\/\",\"name\":\"Apuntes de San Luis\",\"description\":\"\",\"publisher\":{\"@id\":\"https:\/\/apuntesdesanluis.com\/#\/schema\/person\/b55151d52296fcce64d1a72538a70b90\"},\"potentialAction\":[{\"@type\":\"SearchAction\",\"target\":{\"@type\":\"EntryPoint\",\"urlTemplate\":\"https:\/\/apuntesdesanluis.com\/?s={search_term_string}\"},\"query-input\":{\"@type\":\"PropertyValueSpecification\",\"valueRequired\":true,\"valueName\":\"search_term_string\"}}],\"inLanguage\":\"es-AR\"},{\"@type\":[\"Person\",\"Organization\"],\"@id\":\"https:\/\/apuntesdesanluis.com\/#\/schema\/person\/b55151d52296fcce64d1a72538a70b90\",\"name\":\"apuntesdesanluis.com\",\"image\":{\"@type\":\"ImageObject\",\"inLanguage\":\"es-AR\",\"@id\":\"https:\/\/apuntesdesanluis.com\/#\/schema\/person\/image\/\",\"url\":\"https:\/\/apuntesdesanluis.com\/wp-content\/uploads\/2023\/07\/cropped-apuntesdesanluis.png\",\"contentUrl\":\"https:\/\/apuntesdesanluis.com\/wp-content\/uploads\/2023\/07\/cropped-apuntesdesanluis.png\",\"width\":450,\"height\":112,\"caption\":\"apuntesdesanluis.com\"},\"logo\":{\"@id\":\"https:\/\/apuntesdesanluis.com\/#\/schema\/person\/image\/\"},\"sameAs\":[\"https:\/\/apuntesdesanluis.com\"],\"url\":\"https:\/\/apuntesdesanluis.com\/index.php\/author\/apuntesdesanluis-com\/\"}]}<\/script>\n<!-- \/ Yoast SEO plugin. -->","yoast_head_json":{"title":"INVESTIGAR\u00c1N EL ABUSO DE UNA MENOR DE 13 QUE QUED\u00d3 EMBARAZADA Y PERDI\u00d3 EL BEB\u00c9 - Apuntes de San Luis","robots":{"index":"index","follow":"follow","max-snippet":"max-snippet:-1","max-image-preview":"max-image-preview:large","max-video-preview":"max-video-preview:-1"},"canonical":"https:\/\/apuntesdesanluis.com\/index.php\/2024\/04\/11\/investigaran-el-abuso-de-una-menor-de-13-que-quedo-embarazada-y-perdio-el-bebe\/","og_locale":"es_ES","og_type":"article","og_title":"INVESTIGAR\u00c1N EL ABUSO DE UNA MENOR DE 13 QUE QUED\u00d3 EMBARAZADA Y PERDI\u00d3 EL BEB\u00c9 - Apuntes de San Luis","og_description":"La Fiscal\u00eda Especializada, a cargo de la Dra. Mar\u00eda del Valle Dur\u00e1n, investiga un presunto...","og_url":"https:\/\/apuntesdesanluis.com\/index.php\/2024\/04\/11\/investigaran-el-abuso-de-una-menor-de-13-que-quedo-embarazada-y-perdio-el-bebe\/","og_site_name":"Apuntes de San Luis","article_published_time":"2024-04-11T21:16:38+00:00","article_modified_time":"2024-04-11T22:12:32+00:00","og_image":[{"width":638,"height":471,"url":"https:\/\/apuntesdesanluis.com\/wp-content\/uploads\/2023\/07\/fiscal-duran.png","type":"image\/png"}],"author":"apuntesdesanluis.com","twitter_card":"summary_large_image","twitter_misc":{"Escrito por":"apuntesdesanluis.com","Tiempo de lectura":"2 minutos"},"schema":{"@context":"https:\/\/schema.org","@graph":[{"@type":"Article","@id":"https:\/\/apuntesdesanluis.com\/index.php\/2024\/04\/11\/investigaran-el-abuso-de-una-menor-de-13-que-quedo-embarazada-y-perdio-el-bebe\/#article","isPartOf":{"@id":"https:\/\/apuntesdesanluis.com\/index.php\/2024\/04\/11\/investigaran-el-abuso-de-una-menor-de-13-que-quedo-embarazada-y-perdio-el-bebe\/"},"author":{"name":"apuntesdesanluis.com","@id":"https:\/\/apuntesdesanluis.com\/#\/schema\/person\/b55151d52296fcce64d1a72538a70b90"},"headline":"INVESTIGAR\u00c1N EL ABUSO DE UNA MENOR DE 13 QUE QUED\u00d3 EMBARAZADA Y PERDI\u00d3 EL BEB\u00c9","datePublished":"2024-04-11T21:16:38+00:00","dateModified":"2024-04-11T22:12:32+00:00","mainEntityOfPage":{"@id":"https:\/\/apuntesdesanluis.com\/index.php\/2024\/04\/11\/investigaran-el-abuso-de-una-menor-de-13-que-quedo-embarazada-y-perdio-el-bebe\/"},"wordCount":328,"publisher":{"@id":"https:\/\/apuntesdesanluis.com\/#\/schema\/person\/b55151d52296fcce64d1a72538a70b90"},"image":{"@id":"https:\/\/apuntesdesanluis.com\/index.php\/2024\/04\/11\/investigaran-el-abuso-de-una-menor-de-13-que-quedo-embarazada-y-perdio-el-bebe\/#primaryimage"},"thumbnailUrl":"https:\/\/apuntesdesanluis.com\/wp-content\/uploads\/2023\/07\/fiscal-duran.png","articleSection":["Ciudad\/Provincia"],"inLanguage":"es-AR"},{"@type":"WebPage","@id":"https:\/\/apuntesdesanluis.com\/index.php\/2024\/04\/11\/investigaran-el-abuso-de-una-menor-de-13-que-quedo-embarazada-y-perdio-el-bebe\/","url":"https:\/\/apuntesdesanluis.com\/index.php\/2024\/04\/11\/investigaran-el-abuso-de-una-menor-de-13-que-quedo-embarazada-y-perdio-el-bebe\/","name":"INVESTIGAR\u00c1N EL ABUSO DE UNA MENOR DE 13 QUE QUED\u00d3 EMBARAZADA Y PERDI\u00d3 EL BEB\u00c9 - Apuntes de San Luis","isPartOf":{"@id":"https:\/\/apuntesdesanluis.com\/#website"},"primaryImageOfPage":{"@id":"https:\/\/apuntesdesanluis.com\/index.php\/2024\/04\/11\/investigaran-el-abuso-de-una-menor-de-13-que-quedo-embarazada-y-perdio-el-bebe\/#primaryimage"},"image":{"@id":"https:\/\/apuntesdesanluis.com\/index.php\/2024\/04\/11\/investigaran-el-abuso-de-una-menor-de-13-que-quedo-embarazada-y-perdio-el-bebe\/#primaryimage"},"thumbnailUrl":"https:\/\/apuntesdesanluis.com\/wp-content\/uploads\/2023\/07\/fiscal-duran.png","datePublished":"2024-04-11T21:16:38+00:00","dateModified":"2024-04-11T22:12:32+00:00","breadcrumb":{"@id":"https:\/\/apuntesdesanluis.com\/index.php\/2024\/04\/11\/investigaran-el-abuso-de-una-menor-de-13-que-quedo-embarazada-y-perdio-el-bebe\/#breadcrumb"},"inLanguage":"es-AR","potentialAction":[{"@type":"ReadAction","target":["https:\/\/apuntesdesanluis.com\/index.php\/2024\/04\/11\/investigaran-el-abuso-de-una-menor-de-13-que-quedo-embarazada-y-perdio-el-bebe\/"]}]},{"@type":"ImageObject","inLanguage":"es-AR","@id":"https:\/\/apuntesdesanluis.com\/index.php\/2024\/04\/11\/investigaran-el-abuso-de-una-menor-de-13-que-quedo-embarazada-y-perdio-el-bebe\/#primaryimage","url":"https:\/\/apuntesdesanluis.com\/wp-content\/uploads\/2023\/07\/fiscal-duran.png","contentUrl":"https:\/\/apuntesdesanluis.com\/wp-content\/uploads\/2023\/07\/fiscal-duran.png","width":638,"height":471},{"@type":"BreadcrumbList","@id":"https:\/\/apuntesdesanluis.com\/index.php\/2024\/04\/11\/investigaran-el-abuso-de-una-menor-de-13-que-quedo-embarazada-y-perdio-el-bebe\/#breadcrumb","itemListElement":[{"@type":"ListItem","position":1,"name":"Inicio","item":"https:\/\/apuntesdesanluis.com\/"},{"@type":"ListItem","position":2,"name":"INVESTIGAR\u00c1N EL ABUSO DE UNA MENOR DE 13 QUE QUED\u00d3 EMBARAZADA Y PERDI\u00d3 EL BEB\u00c9"}]},{"@type":"WebSite","@id":"https:\/\/apuntesdesanluis.com\/#website","url":"https:\/\/apuntesdesanluis.com\/","name":"Apuntes de San Luis","description":"","publisher":{"@id":"https:\/\/apuntesdesanluis.com\/#\/schema\/person\/b55151d52296fcce64d1a72538a70b90"},"potentialAction":[{"@type":"SearchAction","target":{"@type":"EntryPoint","urlTemplate":"https:\/\/apuntesdesanluis.com\/?s={search_term_string}"},"query-input":{"@type":"PropertyValueSpecification","valueRequired":true,"valueName":"search_term_string"}}],"inLanguage":"es-AR"},{"@type":["Person","Organization"],"@id":"https:\/\/apuntesdesanluis.com\/#\/schema\/person\/b55151d52296fcce64d1a72538a70b90","name":"apuntesdesanluis.com","image":{"@type":"ImageObject","inLanguage":"es-AR","@id":"https:\/\/apuntesdesanluis.com\/#\/schema\/person\/image\/","url":"https:\/\/apuntesdesanluis.com\/wp-content\/uploads\/2023\/07\/cropped-apuntesdesanluis.png","contentUrl":"https:\/\/apuntesdesanluis.com\/wp-content\/uploads\/2023\/07\/cropped-apuntesdesanluis.png","width":450,"height":112,"caption":"apuntesdesanluis.com"},"logo":{"@id":"https:\/\/apuntesdesanluis.com\/#\/schema\/person\/image\/"},"sameAs":["https:\/\/apuntesdesanluis.com"],"url":"https:\/\/apuntesdesanluis.com\/index.php\/author\/apuntesdesanluis-com\/"}]}},"featured_image_urls":{"full":["https:\/\/apuntesdesanluis.com\/wp-content\/uploads\/2023\/07\/fiscal-duran.png",638,471,false],"thumbnail":["https:\/\/apuntesdesanluis.com\/wp-content\/uploads\/2023\/07\/fiscal-duran-150x150.png",150,150,true],"medium":["https:\/\/apuntesdesanluis.com\/wp-content\/uploads\/2023\/07\/fiscal-duran-300x221.png",300,221,true],"medium_large":["https:\/\/apuntesdesanluis.com\/wp-content\/uploads\/2023\/07\/fiscal-duran.png",638,471,false],"large":["https:\/\/apuntesdesanluis.com\/wp-content\/uploads\/2023\/07\/fiscal-duran.png",638,471,false],"1536x1536":["https:\/\/apuntesdesanluis.com\/wp-content\/uploads\/2023\/07\/fiscal-duran.png",638,471,false],"2048x2048":["https:\/\/apuntesdesanluis.com\/wp-content\/uploads\/2023\/07\/fiscal-duran.png",638,471,false],"newsever-slider-full":["https:\/\/apuntesdesanluis.com\/wp-content\/uploads\/2023\/07\/fiscal-duran.png",638,471,false],"newsever-featured":["https:\/\/apuntesdesanluis.com\/wp-content\/uploads\/2023\/07\/fiscal-duran.png",638,471,false],"newsever-medium":["https:\/\/apuntesdesanluis.com\/wp-content\/uploads\/2023\/07\/fiscal-duran.png",638,471,false]},"author_info":{"display_name":"apuntesdesanluis.com","author_link":"https:\/\/apuntesdesanluis.com\/index.php\/author\/apuntesdesanluis-com\/"},"category_info":"<a href=\"https:\/\/apuntesdesanluis.com\/index.php\/category\/ciudad-provincia\/\" rel=\"category tag\">Ciudad\/Provincia<\/a>","tag_info":"Ciudad\/Provincia","comment_count":"0","_links":{"self":[{"href":"https:\/\/apuntesdesanluis.com\/index.php\/wp-json\/wp\/v2\/posts\/14547","targetHints":{"allow":["GET"]}}],"collection":[{"href":"https:\/\/apuntesdesanluis.com\/index.php\/wp-json\/wp\/v2\/posts"}],"about":[{"href":"https:\/\/apuntesdesanluis.com\/index.php\/wp-json\/wp\/v2\/types\/post"}],"author":[{"embeddable":true,"href":"https:\/\/apuntesdesanluis.com\/index.php\/wp-json\/wp\/v2\/users\/1"}],"replies":[{"embeddable":true,"href":"https:\/\/apuntesdesanluis.com\/index.php\/wp-json\/wp\/v2\/comments?post=14547"}],"version-history":[{"count":3,"href":"https:\/\/apuntesdesanluis.com\/index.php\/wp-json\/wp\/v2\/posts\/14547\/revisions"}],"predecessor-version":[{"id":14577,"href":"https:\/\/apuntesdesanluis.com\/index.php\/wp-json\/wp\/v2\/posts\/14547\/revisions\/14577"}],"wp:featuredmedia":[{"embeddable":true,"href":"https:\/\/apuntesdesanluis.com\/index.php\/wp-json\/wp\/v2\/media\/631"}],"wp:attachment":[{"href":"https:\/\/apuntesdesanluis.com\/index.php\/wp-json\/wp\/v2\/media?parent=14547"}],"wp:term":[{"taxonomy":"category","embeddable":true,"href":"https:\/\/apuntesdesanluis.com\/index.php\/wp-json\/wp\/v2\/categories?post=14547"},{"taxonomy":"post_tag","embeddable":true,"href":"https:\/\/apuntesdesanluis.com\/index.php\/wp-json\/wp\/v2\/tags?post=14547"}],"curies":[{"name":"wp","href":"https:\/\/api.w.org\/{rel}","templated":true}]}}