{"id":14558,"date":"2024-04-11T20:45:10","date_gmt":"2024-04-11T23:45:10","guid":{"rendered":"https:\/\/apuntesdesanluis.com\/?p=14558"},"modified":"2024-04-11T21:39:17","modified_gmt":"2024-04-12T00:39:17","slug":"la-mujer-que-denuncio-por-abuso-sexual-a-sebastian-villa-llego-a-un-acuerdo-economico-y-retiro-la-acusacion","status":"publish","type":"post","link":"https:\/\/apuntesdesanluis.com\/index.php\/2024\/04\/11\/la-mujer-que-denuncio-por-abuso-sexual-a-sebastian-villa-llego-a-un-acuerdo-economico-y-retiro-la-acusacion\/","title":{"rendered":"LA MUJER QUE DENUNCI\u00d3 POR ABUSO SEXUAL A SEBASTI\u00c1N VILLA LLEG\u00d3 A UN ACUERDO ECON\u00d3MICO Y RETIR\u00d3 LA ACUSACI\u00d3N"},"content":{"rendered":"<h3>Tras varias apariciones medi\u00e1ticas, <strong>Tamara Dold\u00e1n<\/strong> present\u00f3 un escrito pidiendo que no se realice el juicio en contra del futbolista que ya fue condenado por violencia de g\u00e9nero. Adem\u00e1s, avis\u00f3 que, si el proceso se hace, ella se negar\u00eda a declarar<\/h3>\n<h3>Tamara Dold\u00e1n, ex novia del futbolista <strong>Sebasti\u00e1n Villa<\/strong>, denunci\u00f3 al ex jugador de Boca por abuso sexual a mediados de 2021, dos a\u00f1os antes de su condena por violencia de g\u00e9nero, ocurrida en junio de 2023. A partir de ese momento, se gener\u00f3 un expediente en el cual el delantero fue imputado, procesado y elevado a juicio.<\/h3>\n<h3>Sin embargo, en las \u00faltimas horas la situaci\u00f3n cambi\u00f3. Dold\u00e1n lleg\u00f3 a un acuerdo econ\u00f3mico con Villa, que le corresponde a modo de resarcimiento, pero, al mismo tiempo, pidi\u00f3 que el juicio no se realice. Avis\u00f3 tambi\u00e9n que, en caso del que proceso se haga, no va a declarar.<\/h3>\n<p><img fetchpriority=\"high\" decoding=\"async\" class=\"wp-image-7410 aligncenter\" src=\"https:\/\/apuntesdesanluis.com\/wp-content\/uploads\/2023\/11\/villa-300x172.png\" alt=\"\" width=\"644\" height=\"369\" srcset=\"https:\/\/apuntesdesanluis.com\/wp-content\/uploads\/2023\/11\/villa-300x172.png 300w, https:\/\/apuntesdesanluis.com\/wp-content\/uploads\/2023\/11\/villa-768x441.png 768w, https:\/\/apuntesdesanluis.com\/wp-content\/uploads\/2023\/11\/villa.png 846w\" sizes=\"(max-width: 644px) 100vw, 644px\" \/><\/p>\n<h3>Luego de ese acuerdo econ\u00f3mico, Dold\u00e1n, con su abogado Roberto Castillo, se present\u00f3 en la Justicia para homologar el acuerdo, lo que est\u00e1 en tr\u00e1mite. Pero, al mismo tiempo, hizo otra presentaci\u00f3n pidiendo que el juicio no se realice porque \u201cse ventilar\u00edan cosas \u00edntimas\u201d.<\/h3>\n<h3>Adem\u00e1s, aclar\u00f3 que no se presentar\u00e1 a declarar. Dold\u00e1n, tal como Villa, vive desde hace un tiempo en Europa.<\/h3>\n<h3>Si bien el juicio seguir\u00e1 adelante, como indica la norma, desde la Justicia aseguran que \u201cser\u00eda mucho m\u00e1s complicado\u201d llegar a una condena sin la declaraci\u00f3n de la v\u00edctima que constituye \u201cla prueba fundamental\u201d.<\/h3>\n<h3>En junio de 2023, Villa fue condenado a 2 a\u00f1os por violencia de g\u00e9nero por haber golpeado a otra ex pareja, Daniela Cortes. En esa oportunidad, tambi\u00e9n hubo un acuerdo econ\u00f3mico, un resarcimiento.<\/h3>\n<h3>En ese momento, confirmado a Infobae por el abogado de la v\u00edctima, Fernando Burlando. A pesar de ese acuerdo extrajudicial, el juicio contra Villa sigui\u00f3 adelante y se lleg\u00f3 a una condena. Para eso fue fundamental la declaraci\u00f3n de Cortes que, a pesar del arreglo de dinero, declar\u00f3 como v\u00edctima por zoom, desde Colombia, su pa\u00eds de origen.<\/h3>\n<h3>EL CASO DE ABUSO<\/h3>\n<h3>Las pruebas, en una minuciosa investigaci\u00f3n a cargo de la UFI N\u00b03 de Esteban Echeverr\u00eda, a cargo de las fiscales Vanesa Gonz\u00e1lez y Ver\u00f3nica P\u00e9rez le dan la raz\u00f3n a Dold\u00e1n. Tamara, oriunda de Misiones, madre de un hijo, realiz\u00f3 la denuncia en la Justicia, asisti\u00f3 a hospitales donde se constataron sus lesiones, y enfrent\u00f3 una extensa pericia psiqui\u00e1trica, donde las expertas que la analizaron coincidieron en que advert\u00edan los traumas propios de una violaci\u00f3n. No hab\u00eda signos de fabulaci\u00f3n.<\/h3>\n<h3>Su relaci\u00f3n con Villa, aseguraron las especialistas, estuvo marcada por la coerci\u00f3n, por el uso de la fuerza que ella convirti\u00f3 en su propia verg\u00fcenza, entre escenas del machismo m\u00e1s elemental. Las fiscales creyeron en ella. As\u00ed, pidieron la detenci\u00f3n del futbolista. El juez de Garant\u00edas N\u00b02 de Lomas de Zamora, Javier Mafucci Moore, el mismo magistrado que elev\u00f3 a juicio al delantero por violencia de g\u00e9nero contra una pareja anterior, se neg\u00f3 a autorizar el arresto del jugador de Boca.<\/h3>\n<h3>En una entrevista con Infobae, realizada en 2022, Tamara revel\u00f3 que ver al hoy delantero del Beroe en Bulgaria jugar con la camiseta azul y oro tras la denuncia, la lastimaba \u201cmuch\u00edsimo\u201d. \u201cMir\u00e1, yo era de Boca y toda mi familia era de Boca. Se festejaba mucho cuando jugaba Boca, y eso es algo que no se puede hacer m\u00e1s en mi familia. Es decepcionante\u201d, asegur\u00f3.<\/h3>\n<h3><\/h3>\n<h3><\/h3>\n<p>&nbsp;<\/p>\n","protected":false},"excerpt":{"rendered":"<p>Tras varias apariciones medi\u00e1ticas, Tamara Dold\u00e1n present\u00f3 un escrito pidiendo que no se realice el&#8230;<\/p>\n","protected":false},"author":1,"featured_media":14559,"comment_status":"closed","ping_status":"closed","sticky":false,"template":"","format":"standard","meta":{"footnotes":""},"categories":[8,5],"tags":[],"class_list":["post-14558","post","type-post","status-publish","format-standard","has-post-thumbnail","hentry","category-deportes","category-nacionales-internacionales"],"yoast_head":"<!-- This site is optimized with the Yoast SEO plugin v26.1.1 - https:\/\/yoast.com\/wordpress\/plugins\/seo\/ -->\n<title>LA MUJER QUE DENUNCI\u00d3 POR ABUSO SEXUAL A SEBASTI\u00c1N VILLA LLEG\u00d3 A UN ACUERDO ECON\u00d3MICO Y RETIR\u00d3 LA ACUSACI\u00d3N - Apuntes de San Luis<\/title>\n<meta name=\"robots\" content=\"index, follow, max-snippet:-1, max-image-preview:large, max-video-preview:-1\" \/>\n<link rel=\"canonical\" href=\"https:\/\/apuntesdesanluis.com\/index.php\/2024\/04\/11\/la-mujer-que-denuncio-por-abuso-sexual-a-sebastian-villa-llego-a-un-acuerdo-economico-y-retiro-la-acusacion\/\" \/>\n<meta property=\"og:locale\" content=\"es_ES\" \/>\n<meta property=\"og:type\" content=\"article\" \/>\n<meta property=\"og:title\" content=\"LA MUJER QUE DENUNCI\u00d3 POR ABUSO SEXUAL A SEBASTI\u00c1N VILLA LLEG\u00d3 A UN ACUERDO ECON\u00d3MICO Y RETIR\u00d3 LA ACUSACI\u00d3N - Apuntes de San Luis\" \/>\n<meta property=\"og:description\" content=\"Tras varias apariciones medi\u00e1ticas, Tamara Dold\u00e1n present\u00f3 un escrito pidiendo que no se realice el...\" \/>\n<meta property=\"og:url\" content=\"https:\/\/apuntesdesanluis.com\/index.php\/2024\/04\/11\/la-mujer-que-denuncio-por-abuso-sexual-a-sebastian-villa-llego-a-un-acuerdo-economico-y-retiro-la-acusacion\/\" \/>\n<meta property=\"og:site_name\" content=\"Apuntes de San Luis\" \/>\n<meta property=\"article:published_time\" content=\"2024-04-11T23:45:10+00:00\" \/>\n<meta property=\"article:modified_time\" content=\"2024-04-12T00:39:17+00:00\" \/>\n<meta property=\"og:image\" content=\"https:\/\/apuntesdesanluis.com\/wp-content\/uploads\/2024\/04\/villa-y-tamara.png\" \/>\n\t<meta property=\"og:image:width\" content=\"600\" \/>\n\t<meta property=\"og:image:height\" content=\"305\" \/>\n\t<meta property=\"og:image:type\" content=\"image\/png\" \/>\n<meta name=\"author\" content=\"apuntesdesanluis.com\" \/>\n<meta name=\"twitter:card\" content=\"summary_large_image\" \/>\n<meta name=\"twitter:label1\" content=\"Escrito por\" \/>\n\t<meta name=\"twitter:data1\" content=\"apuntesdesanluis.com\" \/>\n\t<meta name=\"twitter:label2\" content=\"Tiempo de lectura\" \/>\n\t<meta name=\"twitter:data2\" content=\"3 minutos\" \/>\n<script type=\"application\/ld+json\" class=\"yoast-schema-graph\">{\"@context\":\"https:\/\/schema.org\",\"@graph\":[{\"@type\":\"Article\",\"@id\":\"https:\/\/apuntesdesanluis.com\/index.php\/2024\/04\/11\/la-mujer-que-denuncio-por-abuso-sexual-a-sebastian-villa-llego-a-un-acuerdo-economico-y-retiro-la-acusacion\/#article\",\"isPartOf\":{\"@id\":\"https:\/\/apuntesdesanluis.com\/index.php\/2024\/04\/11\/la-mujer-que-denuncio-por-abuso-sexual-a-sebastian-villa-llego-a-un-acuerdo-economico-y-retiro-la-acusacion\/\"},\"author\":{\"name\":\"apuntesdesanluis.com\",\"@id\":\"https:\/\/apuntesdesanluis.com\/#\/schema\/person\/b55151d52296fcce64d1a72538a70b90\"},\"headline\":\"LA MUJER QUE DENUNCI\u00d3 POR ABUSO SEXUAL A SEBASTI\u00c1N VILLA LLEG\u00d3 A UN ACUERDO ECON\u00d3MICO Y RETIR\u00d3 LA ACUSACI\u00d3N\",\"datePublished\":\"2024-04-11T23:45:10+00:00\",\"dateModified\":\"2024-04-12T00:39:17+00:00\",\"mainEntityOfPage\":{\"@id\":\"https:\/\/apuntesdesanluis.com\/index.php\/2024\/04\/11\/la-mujer-que-denuncio-por-abuso-sexual-a-sebastian-villa-llego-a-un-acuerdo-economico-y-retiro-la-acusacion\/\"},\"wordCount\":637,\"publisher\":{\"@id\":\"https:\/\/apuntesdesanluis.com\/#\/schema\/person\/b55151d52296fcce64d1a72538a70b90\"},\"image\":{\"@id\":\"https:\/\/apuntesdesanluis.com\/index.php\/2024\/04\/11\/la-mujer-que-denuncio-por-abuso-sexual-a-sebastian-villa-llego-a-un-acuerdo-economico-y-retiro-la-acusacion\/#primaryimage\"},\"thumbnailUrl\":\"https:\/\/apuntesdesanluis.com\/wp-content\/uploads\/2024\/04\/villa-y-tamara.png\",\"articleSection\":[\"Deportes\",\"Nacionales\/Internacionales\"],\"inLanguage\":\"es-AR\"},{\"@type\":\"WebPage\",\"@id\":\"https:\/\/apuntesdesanluis.com\/index.php\/2024\/04\/11\/la-mujer-que-denuncio-por-abuso-sexual-a-sebastian-villa-llego-a-un-acuerdo-economico-y-retiro-la-acusacion\/\",\"url\":\"https:\/\/apuntesdesanluis.com\/index.php\/2024\/04\/11\/la-mujer-que-denuncio-por-abuso-sexual-a-sebastian-villa-llego-a-un-acuerdo-economico-y-retiro-la-acusacion\/\",\"name\":\"LA MUJER QUE DENUNCI\u00d3 POR ABUSO SEXUAL A SEBASTI\u00c1N VILLA LLEG\u00d3 A UN ACUERDO ECON\u00d3MICO Y RETIR\u00d3 LA ACUSACI\u00d3N - Apuntes de San Luis\",\"isPartOf\":{\"@id\":\"https:\/\/apuntesdesanluis.com\/#website\"},\"primaryImageOfPage\":{\"@id\":\"https:\/\/apuntesdesanluis.com\/index.php\/2024\/04\/11\/la-mujer-que-denuncio-por-abuso-sexual-a-sebastian-villa-llego-a-un-acuerdo-economico-y-retiro-la-acusacion\/#primaryimage\"},\"image\":{\"@id\":\"https:\/\/apuntesdesanluis.com\/index.php\/2024\/04\/11\/la-mujer-que-denuncio-por-abuso-sexual-a-sebastian-villa-llego-a-un-acuerdo-economico-y-retiro-la-acusacion\/#primaryimage\"},\"thumbnailUrl\":\"https:\/\/apuntesdesanluis.com\/wp-content\/uploads\/2024\/04\/villa-y-tamara.png\",\"datePublished\":\"2024-04-11T23:45:10+00:00\",\"dateModified\":\"2024-04-12T00:39:17+00:00\",\"breadcrumb\":{\"@id\":\"https:\/\/apuntesdesanluis.com\/index.php\/2024\/04\/11\/la-mujer-que-denuncio-por-abuso-sexual-a-sebastian-villa-llego-a-un-acuerdo-economico-y-retiro-la-acusacion\/#breadcrumb\"},\"inLanguage\":\"es-AR\",\"potentialAction\":[{\"@type\":\"ReadAction\",\"target\":[\"https:\/\/apuntesdesanluis.com\/index.php\/2024\/04\/11\/la-mujer-que-denuncio-por-abuso-sexual-a-sebastian-villa-llego-a-un-acuerdo-economico-y-retiro-la-acusacion\/\"]}]},{\"@type\":\"ImageObject\",\"inLanguage\":\"es-AR\",\"@id\":\"https:\/\/apuntesdesanluis.com\/index.php\/2024\/04\/11\/la-mujer-que-denuncio-por-abuso-sexual-a-sebastian-villa-llego-a-un-acuerdo-economico-y-retiro-la-acusacion\/#primaryimage\",\"url\":\"https:\/\/apuntesdesanluis.com\/wp-content\/uploads\/2024\/04\/villa-y-tamara.png\",\"contentUrl\":\"https:\/\/apuntesdesanluis.com\/wp-content\/uploads\/2024\/04\/villa-y-tamara.png\",\"width\":600,\"height\":305},{\"@type\":\"BreadcrumbList\",\"@id\":\"https:\/\/apuntesdesanluis.com\/index.php\/2024\/04\/11\/la-mujer-que-denuncio-por-abuso-sexual-a-sebastian-villa-llego-a-un-acuerdo-economico-y-retiro-la-acusacion\/#breadcrumb\",\"itemListElement\":[{\"@type\":\"ListItem\",\"position\":1,\"name\":\"Inicio\",\"item\":\"https:\/\/apuntesdesanluis.com\/\"},{\"@type\":\"ListItem\",\"position\":2,\"name\":\"LA MUJER QUE DENUNCI\u00d3 POR ABUSO SEXUAL A SEBASTI\u00c1N VILLA LLEG\u00d3 A UN ACUERDO ECON\u00d3MICO Y RETIR\u00d3 LA ACUSACI\u00d3N\"}]},{\"@type\":\"WebSite\",\"@id\":\"https:\/\/apuntesdesanluis.com\/#website\",\"url\":\"https:\/\/apuntesdesanluis.com\/\",\"name\":\"Apuntes de San Luis\",\"description\":\"\",\"publisher\":{\"@id\":\"https:\/\/apuntesdesanluis.com\/#\/schema\/person\/b55151d52296fcce64d1a72538a70b90\"},\"potentialAction\":[{\"@type\":\"SearchAction\",\"target\":{\"@type\":\"EntryPoint\",\"urlTemplate\":\"https:\/\/apuntesdesanluis.com\/?s={search_term_string}\"},\"query-input\":{\"@type\":\"PropertyValueSpecification\",\"valueRequired\":true,\"valueName\":\"search_term_string\"}}],\"inLanguage\":\"es-AR\"},{\"@type\":[\"Person\",\"Organization\"],\"@id\":\"https:\/\/apuntesdesanluis.com\/#\/schema\/person\/b55151d52296fcce64d1a72538a70b90\",\"name\":\"apuntesdesanluis.com\",\"image\":{\"@type\":\"ImageObject\",\"inLanguage\":\"es-AR\",\"@id\":\"https:\/\/apuntesdesanluis.com\/#\/schema\/person\/image\/\",\"url\":\"https:\/\/apuntesdesanluis.com\/wp-content\/uploads\/2023\/07\/cropped-apuntesdesanluis.png\",\"contentUrl\":\"https:\/\/apuntesdesanluis.com\/wp-content\/uploads\/2023\/07\/cropped-apuntesdesanluis.png\",\"width\":450,\"height\":112,\"caption\":\"apuntesdesanluis.com\"},\"logo\":{\"@id\":\"https:\/\/apuntesdesanluis.com\/#\/schema\/person\/image\/\"},\"sameAs\":[\"https:\/\/apuntesdesanluis.com\"],\"url\":\"https:\/\/apuntesdesanluis.com\/index.php\/author\/apuntesdesanluis-com\/\"}]}<\/script>\n<!-- \/ Yoast SEO plugin. -->","yoast_head_json":{"title":"LA MUJER QUE DENUNCI\u00d3 POR ABUSO SEXUAL A SEBASTI\u00c1N VILLA LLEG\u00d3 A UN ACUERDO ECON\u00d3MICO Y RETIR\u00d3 LA ACUSACI\u00d3N - Apuntes de San Luis","robots":{"index":"index","follow":"follow","max-snippet":"max-snippet:-1","max-image-preview":"max-image-preview:large","max-video-preview":"max-video-preview:-1"},"canonical":"https:\/\/apuntesdesanluis.com\/index.php\/2024\/04\/11\/la-mujer-que-denuncio-por-abuso-sexual-a-sebastian-villa-llego-a-un-acuerdo-economico-y-retiro-la-acusacion\/","og_locale":"es_ES","og_type":"article","og_title":"LA MUJER QUE DENUNCI\u00d3 POR ABUSO SEXUAL A SEBASTI\u00c1N VILLA LLEG\u00d3 A UN ACUERDO ECON\u00d3MICO Y RETIR\u00d3 LA ACUSACI\u00d3N - Apuntes de San Luis","og_description":"Tras varias apariciones medi\u00e1ticas, Tamara Dold\u00e1n present\u00f3 un escrito pidiendo que no se realice el...","og_url":"https:\/\/apuntesdesanluis.com\/index.php\/2024\/04\/11\/la-mujer-que-denuncio-por-abuso-sexual-a-sebastian-villa-llego-a-un-acuerdo-economico-y-retiro-la-acusacion\/","og_site_name":"Apuntes de San Luis","article_published_time":"2024-04-11T23:45:10+00:00","article_modified_time":"2024-04-12T00:39:17+00:00","og_image":[{"width":600,"height":305,"url":"https:\/\/apuntesdesanluis.com\/wp-content\/uploads\/2024\/04\/villa-y-tamara.png","type":"image\/png"}],"author":"apuntesdesanluis.com","twitter_card":"summary_large_image","twitter_misc":{"Escrito por":"apuntesdesanluis.com","Tiempo de lectura":"3 minutos"},"schema":{"@context":"https:\/\/schema.org","@graph":[{"@type":"Article","@id":"https:\/\/apuntesdesanluis.com\/index.php\/2024\/04\/11\/la-mujer-que-denuncio-por-abuso-sexual-a-sebastian-villa-llego-a-un-acuerdo-economico-y-retiro-la-acusacion\/#article","isPartOf":{"@id":"https:\/\/apuntesdesanluis.com\/index.php\/2024\/04\/11\/la-mujer-que-denuncio-por-abuso-sexual-a-sebastian-villa-llego-a-un-acuerdo-economico-y-retiro-la-acusacion\/"},"author":{"name":"apuntesdesanluis.com","@id":"https:\/\/apuntesdesanluis.com\/#\/schema\/person\/b55151d52296fcce64d1a72538a70b90"},"headline":"LA MUJER QUE DENUNCI\u00d3 POR ABUSO SEXUAL A SEBASTI\u00c1N VILLA LLEG\u00d3 A UN ACUERDO ECON\u00d3MICO Y RETIR\u00d3 LA ACUSACI\u00d3N","datePublished":"2024-04-11T23:45:10+00:00","dateModified":"2024-04-12T00:39:17+00:00","mainEntityOfPage":{"@id":"https:\/\/apuntesdesanluis.com\/index.php\/2024\/04\/11\/la-mujer-que-denuncio-por-abuso-sexual-a-sebastian-villa-llego-a-un-acuerdo-economico-y-retiro-la-acusacion\/"},"wordCount":637,"publisher":{"@id":"https:\/\/apuntesdesanluis.com\/#\/schema\/person\/b55151d52296fcce64d1a72538a70b90"},"image":{"@id":"https:\/\/apuntesdesanluis.com\/index.php\/2024\/04\/11\/la-mujer-que-denuncio-por-abuso-sexual-a-sebastian-villa-llego-a-un-acuerdo-economico-y-retiro-la-acusacion\/#primaryimage"},"thumbnailUrl":"https:\/\/apuntesdesanluis.com\/wp-content\/uploads\/2024\/04\/villa-y-tamara.png","articleSection":["Deportes","Nacionales\/Internacionales"],"inLanguage":"es-AR"},{"@type":"WebPage","@id":"https:\/\/apuntesdesanluis.com\/index.php\/2024\/04\/11\/la-mujer-que-denuncio-por-abuso-sexual-a-sebastian-villa-llego-a-un-acuerdo-economico-y-retiro-la-acusacion\/","url":"https:\/\/apuntesdesanluis.com\/index.php\/2024\/04\/11\/la-mujer-que-denuncio-por-abuso-sexual-a-sebastian-villa-llego-a-un-acuerdo-economico-y-retiro-la-acusacion\/","name":"LA MUJER QUE DENUNCI\u00d3 POR ABUSO SEXUAL A SEBASTI\u00c1N VILLA LLEG\u00d3 A UN ACUERDO ECON\u00d3MICO Y RETIR\u00d3 LA ACUSACI\u00d3N - Apuntes de San Luis","isPartOf":{"@id":"https:\/\/apuntesdesanluis.com\/#website"},"primaryImageOfPage":{"@id":"https:\/\/apuntesdesanluis.com\/index.php\/2024\/04\/11\/la-mujer-que-denuncio-por-abuso-sexual-a-sebastian-villa-llego-a-un-acuerdo-economico-y-retiro-la-acusacion\/#primaryimage"},"image":{"@id":"https:\/\/apuntesdesanluis.com\/index.php\/2024\/04\/11\/la-mujer-que-denuncio-por-abuso-sexual-a-sebastian-villa-llego-a-un-acuerdo-economico-y-retiro-la-acusacion\/#primaryimage"},"thumbnailUrl":"https:\/\/apuntesdesanluis.com\/wp-content\/uploads\/2024\/04\/villa-y-tamara.png","datePublished":"2024-04-11T23:45:10+00:00","dateModified":"2024-04-12T00:39:17+00:00","breadcrumb":{"@id":"https:\/\/apuntesdesanluis.com\/index.php\/2024\/04\/11\/la-mujer-que-denuncio-por-abuso-sexual-a-sebastian-villa-llego-a-un-acuerdo-economico-y-retiro-la-acusacion\/#breadcrumb"},"inLanguage":"es-AR","potentialAction":[{"@type":"ReadAction","target":["https:\/\/apuntesdesanluis.com\/index.php\/2024\/04\/11\/la-mujer-que-denuncio-por-abuso-sexual-a-sebastian-villa-llego-a-un-acuerdo-economico-y-retiro-la-acusacion\/"]}]},{"@type":"ImageObject","inLanguage":"es-AR","@id":"https:\/\/apuntesdesanluis.com\/index.php\/2024\/04\/11\/la-mujer-que-denuncio-por-abuso-sexual-a-sebastian-villa-llego-a-un-acuerdo-economico-y-retiro-la-acusacion\/#primaryimage","url":"https:\/\/apuntesdesanluis.com\/wp-content\/uploads\/2024\/04\/villa-y-tamara.png","contentUrl":"https:\/\/apuntesdesanluis.com\/wp-content\/uploads\/2024\/04\/villa-y-tamara.png","width":600,"height":305},{"@type":"BreadcrumbList","@id":"https:\/\/apuntesdesanluis.com\/index.php\/2024\/04\/11\/la-mujer-que-denuncio-por-abuso-sexual-a-sebastian-villa-llego-a-un-acuerdo-economico-y-retiro-la-acusacion\/#breadcrumb","itemListElement":[{"@type":"ListItem","position":1,"name":"Inicio","item":"https:\/\/apuntesdesanluis.com\/"},{"@type":"ListItem","position":2,"name":"LA MUJER QUE DENUNCI\u00d3 POR ABUSO SEXUAL A SEBASTI\u00c1N VILLA LLEG\u00d3 A UN ACUERDO ECON\u00d3MICO Y RETIR\u00d3 LA ACUSACI\u00d3N"}]},{"@type":"WebSite","@id":"https:\/\/apuntesdesanluis.com\/#website","url":"https:\/\/apuntesdesanluis.com\/","name":"Apuntes de San Luis","description":"","publisher":{"@id":"https:\/\/apuntesdesanluis.com\/#\/schema\/person\/b55151d52296fcce64d1a72538a70b90"},"potentialAction":[{"@type":"SearchAction","target":{"@type":"EntryPoint","urlTemplate":"https:\/\/apuntesdesanluis.com\/?s={search_term_string}"},"query-input":{"@type":"PropertyValueSpecification","valueRequired":true,"valueName":"search_term_string"}}],"inLanguage":"es-AR"},{"@type":["Person","Organization"],"@id":"https:\/\/apuntesdesanluis.com\/#\/schema\/person\/b55151d52296fcce64d1a72538a70b90","name":"apuntesdesanluis.com","image":{"@type":"ImageObject","inLanguage":"es-AR","@id":"https:\/\/apuntesdesanluis.com\/#\/schema\/person\/image\/","url":"https:\/\/apuntesdesanluis.com\/wp-content\/uploads\/2023\/07\/cropped-apuntesdesanluis.png","contentUrl":"https:\/\/apuntesdesanluis.com\/wp-content\/uploads\/2023\/07\/cropped-apuntesdesanluis.png","width":450,"height":112,"caption":"apuntesdesanluis.com"},"logo":{"@id":"https:\/\/apuntesdesanluis.com\/#\/schema\/person\/image\/"},"sameAs":["https:\/\/apuntesdesanluis.com"],"url":"https:\/\/apuntesdesanluis.com\/index.php\/author\/apuntesdesanluis-com\/"}]}},"featured_image_urls":{"full":["https:\/\/apuntesdesanluis.com\/wp-content\/uploads\/2024\/04\/villa-y-tamara.png",600,305,false],"thumbnail":["https:\/\/apuntesdesanluis.com\/wp-content\/uploads\/2024\/04\/villa-y-tamara-150x150.png",150,150,true],"medium":["https:\/\/apuntesdesanluis.com\/wp-content\/uploads\/2024\/04\/villa-y-tamara-300x153.png",300,153,true],"medium_large":["https:\/\/apuntesdesanluis.com\/wp-content\/uploads\/2024\/04\/villa-y-tamara.png",600,305,false],"large":["https:\/\/apuntesdesanluis.com\/wp-content\/uploads\/2024\/04\/villa-y-tamara.png",600,305,false],"1536x1536":["https:\/\/apuntesdesanluis.com\/wp-content\/uploads\/2024\/04\/villa-y-tamara.png",600,305,false],"2048x2048":["https:\/\/apuntesdesanluis.com\/wp-content\/uploads\/2024\/04\/villa-y-tamara.png",600,305,false],"newsever-slider-full":["https:\/\/apuntesdesanluis.com\/wp-content\/uploads\/2024\/04\/villa-y-tamara.png",600,305,false],"newsever-featured":["https:\/\/apuntesdesanluis.com\/wp-content\/uploads\/2024\/04\/villa-y-tamara.png",600,305,false],"newsever-medium":["https:\/\/apuntesdesanluis.com\/wp-content\/uploads\/2024\/04\/villa-y-tamara.png",600,305,false]},"author_info":{"display_name":"apuntesdesanluis.com","author_link":"https:\/\/apuntesdesanluis.com\/index.php\/author\/apuntesdesanluis-com\/"},"category_info":"<a href=\"https:\/\/apuntesdesanluis.com\/index.php\/category\/deportes\/\" rel=\"category tag\">Deportes<\/a> <a href=\"https:\/\/apuntesdesanluis.com\/index.php\/category\/nacionales-internacionales\/\" rel=\"category tag\">Nacionales\/Internacionales<\/a>","tag_info":"Nacionales\/Internacionales","comment_count":"0","_links":{"self":[{"href":"https:\/\/apuntesdesanluis.com\/index.php\/wp-json\/wp\/v2\/posts\/14558","targetHints":{"allow":["GET"]}}],"collection":[{"href":"https:\/\/apuntesdesanluis.com\/index.php\/wp-json\/wp\/v2\/posts"}],"about":[{"href":"https:\/\/apuntesdesanluis.com\/index.php\/wp-json\/wp\/v2\/types\/post"}],"author":[{"embeddable":true,"href":"https:\/\/apuntesdesanluis.com\/index.php\/wp-json\/wp\/v2\/users\/1"}],"replies":[{"embeddable":true,"href":"https:\/\/apuntesdesanluis.com\/index.php\/wp-json\/wp\/v2\/comments?post=14558"}],"version-history":[{"count":2,"href":"https:\/\/apuntesdesanluis.com\/index.php\/wp-json\/wp\/v2\/posts\/14558\/revisions"}],"predecessor-version":[{"id":14561,"href":"https:\/\/apuntesdesanluis.com\/index.php\/wp-json\/wp\/v2\/posts\/14558\/revisions\/14561"}],"wp:featuredmedia":[{"embeddable":true,"href":"https:\/\/apuntesdesanluis.com\/index.php\/wp-json\/wp\/v2\/media\/14559"}],"wp:attachment":[{"href":"https:\/\/apuntesdesanluis.com\/index.php\/wp-json\/wp\/v2\/media?parent=14558"}],"wp:term":[{"taxonomy":"category","embeddable":true,"href":"https:\/\/apuntesdesanluis.com\/index.php\/wp-json\/wp\/v2\/categories?post=14558"},{"taxonomy":"post_tag","embeddable":true,"href":"https:\/\/apuntesdesanluis.com\/index.php\/wp-json\/wp\/v2\/tags?post=14558"}],"curies":[{"name":"wp","href":"https:\/\/api.w.org\/{rel}","templated":true}]}}