{"id":14566,"date":"2024-04-11T08:52:22","date_gmt":"2024-04-11T11:52:22","guid":{"rendered":"https:\/\/apuntesdesanluis.com\/?p=14566"},"modified":"2024-04-11T18:53:39","modified_gmt":"2024-04-11T21:53:39","slug":"un-camion-se-quedo-sin-frenos-choco-y-desparramo-la-carga-de-uva","status":"publish","type":"post","link":"https:\/\/apuntesdesanluis.com\/index.php\/2024\/04\/11\/un-camion-se-quedo-sin-frenos-choco-y-desparramo-la-carga-de-uva\/","title":{"rendered":"UN CAMI\u00d3N SE QUED\u00d3 SIN FRENOS, CHOC\u00d3 Y DESPARRAM\u00d3 LA CARGA DE UVA"},"content":{"rendered":"<h3>Este mi\u00e9rcoles por la noche, un cami\u00f3n Renault cargado con uva que viajaba desde San Juan hacia Buenos Aires protagoniz\u00f3 un accidente de tr\u00e1nsito en inmediaciones de avenida Circunvalaci\u00f3n (ruta 147) y avenida Jos\u00e9 Santos Ortiz, en la ciudad de San Luis.<\/h3>\n<p><img fetchpriority=\"high\" decoding=\"async\" class=\"wp-image-14568 aligncenter\" src=\"https:\/\/apuntesdesanluis.com\/wp-content\/uploads\/2024\/04\/camion-300x172.png\" alt=\"\" width=\"556\" height=\"319\" srcset=\"https:\/\/apuntesdesanluis.com\/wp-content\/uploads\/2024\/04\/camion-300x172.png 300w, https:\/\/apuntesdesanluis.com\/wp-content\/uploads\/2024\/04\/camion.png 600w\" sizes=\"(max-width: 556px) 100vw, 556px\" \/><\/p>\n<h3>De acuerdo a lo relatado por el conductor -un hombre de 35 a\u00f1os con domicilio en Jujuy- en ese sector se qued\u00f3 sin frenos y perdi\u00f3 el control del rodado. Luego derrap\u00f3 e impact\u00f3 contra un muro de cemento y un cartel de se\u00f1alizaci\u00f3n de la ruta.<\/h3>\n<h3>A ra\u00edz del choque, el veh\u00edculo volc\u00f3 y perdi\u00f3 parte de la carga, produci\u00e9ndose adem\u00e1s un da\u00f1o en el tren delantero.<\/h3>\n<h3>De acuerdo a las primeras averiguaciones, el conductor del rodado result\u00f3 ileso.<\/h3>\n<!--[if lt IE 9]><script>document.createElement('video');<\/script><![endif]-->\n\t<div class=\"wp-playlist wp-video-playlist wp-playlist-light\">\n\t\t<video controls=\"controls\" preload=\"none\" width=\"618\"\n\t\t height=\"1110\"\t><\/video>\n\t<div class=\"wp-playlist-next\"><\/div>\n\t<div class=\"wp-playlist-prev\"><\/div>\n\t<noscript>\n\t<ol>\n\t\t<li><a href='https:\/\/apuntesdesanluis.com\/wp-content\/uploads\/2024\/04\/Camion-tras-chocar.mp4'>Camion tras chocar<\/a><\/li>\t<\/ol>\n\t<\/noscript>\n\t<script type=\"application\/json\" class=\"wp-playlist-script\">{\"type\":\"video\",\"tracklist\":true,\"tracknumbers\":true,\"images\":true,\"artists\":true,\"tracks\":[{\"src\":\"https:\\\/\\\/apuntesdesanluis.com\\\/wp-content\\\/uploads\\\/2024\\\/04\\\/Camion-tras-chocar.mp4\",\"type\":\"video\\\/mp4\",\"title\":\"Camion tras chocar\",\"caption\":\"\",\"description\":\"\",\"meta\":{\"length_formatted\":\"0:26\"},\"dimensions\":{\"original\":{\"width\":472,\"height\":848},\"resized\":{\"width\":618,\"height\":1110}},\"image\":{\"src\":\"https:\\\/\\\/apuntesdesanluis.com\\\/wp-includes\\\/images\\\/media\\\/video.svg\",\"width\":48,\"height\":64},\"thumb\":{\"src\":\"https:\\\/\\\/apuntesdesanluis.com\\\/wp-includes\\\/images\\\/media\\\/video.svg\",\"width\":48,\"height\":64}}]}<\/script>\n<\/div>\n\t\n<p>&nbsp;<\/p>\n<p>&nbsp;<\/p>\n<p>&nbsp;<\/p>\n","protected":false},"excerpt":{"rendered":"<p>Este mi\u00e9rcoles por la noche, un cami\u00f3n Renault cargado con uva que viajaba desde San&#8230;<\/p>\n","protected":false},"author":1,"featured_media":14567,"comment_status":"closed","ping_status":"closed","sticky":false,"template":"","format":"standard","meta":{"footnotes":""},"categories":[6],"tags":[],"class_list":["post-14566","post","type-post","status-publish","format-standard","has-post-thumbnail","hentry","category-ciudad-provincia"],"yoast_head":"<!-- This site is optimized with the Yoast SEO plugin v26.1.1 - https:\/\/yoast.com\/wordpress\/plugins\/seo\/ -->\n<title>UN CAMI\u00d3N SE QUED\u00d3 SIN FRENOS, CHOC\u00d3 Y DESPARRAM\u00d3 LA CARGA DE UVA - Apuntes de San Luis<\/title>\n<meta name=\"robots\" content=\"index, follow, max-snippet:-1, max-image-preview:large, max-video-preview:-1\" \/>\n<link rel=\"canonical\" href=\"https:\/\/apuntesdesanluis.com\/index.php\/2024\/04\/11\/un-camion-se-quedo-sin-frenos-choco-y-desparramo-la-carga-de-uva\/\" \/>\n<meta property=\"og:locale\" content=\"es_ES\" \/>\n<meta property=\"og:type\" content=\"article\" \/>\n<meta property=\"og:title\" content=\"UN CAMI\u00d3N SE QUED\u00d3 SIN FRENOS, CHOC\u00d3 Y DESPARRAM\u00d3 LA CARGA DE UVA - Apuntes de San Luis\" \/>\n<meta property=\"og:description\" content=\"Este mi\u00e9rcoles por la noche, un cami\u00f3n Renault cargado con uva que viajaba desde San...\" \/>\n<meta property=\"og:url\" content=\"https:\/\/apuntesdesanluis.com\/index.php\/2024\/04\/11\/un-camion-se-quedo-sin-frenos-choco-y-desparramo-la-carga-de-uva\/\" \/>\n<meta property=\"og:site_name\" content=\"Apuntes de San Luis\" \/>\n<meta property=\"article:published_time\" content=\"2024-04-11T11:52:22+00:00\" \/>\n<meta property=\"article:modified_time\" content=\"2024-04-11T21:53:39+00:00\" \/>\n<meta property=\"og:image\" content=\"https:\/\/apuntesdesanluis.com\/wp-content\/uploads\/2024\/04\/camion-chocado.png\" \/>\n\t<meta property=\"og:image:width\" content=\"500\" \/>\n\t<meta property=\"og:image:height\" content=\"279\" \/>\n\t<meta property=\"og:image:type\" content=\"image\/png\" \/>\n<meta name=\"author\" content=\"apuntesdesanluis.com\" \/>\n<meta name=\"twitter:card\" content=\"summary_large_image\" \/>\n<meta name=\"twitter:label1\" content=\"Escrito por\" \/>\n\t<meta name=\"twitter:data1\" content=\"apuntesdesanluis.com\" \/>\n\t<meta name=\"twitter:label2\" content=\"Tiempo de lectura\" \/>\n\t<meta name=\"twitter:data2\" content=\"1 minuto\" \/>\n<script type=\"application\/ld+json\" class=\"yoast-schema-graph\">{\"@context\":\"https:\/\/schema.org\",\"@graph\":[{\"@type\":\"Article\",\"@id\":\"https:\/\/apuntesdesanluis.com\/index.php\/2024\/04\/11\/un-camion-se-quedo-sin-frenos-choco-y-desparramo-la-carga-de-uva\/#article\",\"isPartOf\":{\"@id\":\"https:\/\/apuntesdesanluis.com\/index.php\/2024\/04\/11\/un-camion-se-quedo-sin-frenos-choco-y-desparramo-la-carga-de-uva\/\"},\"author\":{\"name\":\"apuntesdesanluis.com\",\"@id\":\"https:\/\/apuntesdesanluis.com\/#\/schema\/person\/b55151d52296fcce64d1a72538a70b90\"},\"headline\":\"UN CAMI\u00d3N SE QUED\u00d3 SIN FRENOS, CHOC\u00d3 Y DESPARRAM\u00d3 LA CARGA DE UVA\",\"datePublished\":\"2024-04-11T11:52:22+00:00\",\"dateModified\":\"2024-04-11T21:53:39+00:00\",\"mainEntityOfPage\":{\"@id\":\"https:\/\/apuntesdesanluis.com\/index.php\/2024\/04\/11\/un-camion-se-quedo-sin-frenos-choco-y-desparramo-la-carga-de-uva\/\"},\"wordCount\":153,\"publisher\":{\"@id\":\"https:\/\/apuntesdesanluis.com\/#\/schema\/person\/b55151d52296fcce64d1a72538a70b90\"},\"image\":{\"@id\":\"https:\/\/apuntesdesanluis.com\/index.php\/2024\/04\/11\/un-camion-se-quedo-sin-frenos-choco-y-desparramo-la-carga-de-uva\/#primaryimage\"},\"thumbnailUrl\":\"https:\/\/apuntesdesanluis.com\/wp-content\/uploads\/2024\/04\/camion-chocado.png\",\"articleSection\":[\"Ciudad\/Provincia\"],\"inLanguage\":\"es-AR\"},{\"@type\":\"WebPage\",\"@id\":\"https:\/\/apuntesdesanluis.com\/index.php\/2024\/04\/11\/un-camion-se-quedo-sin-frenos-choco-y-desparramo-la-carga-de-uva\/\",\"url\":\"https:\/\/apuntesdesanluis.com\/index.php\/2024\/04\/11\/un-camion-se-quedo-sin-frenos-choco-y-desparramo-la-carga-de-uva\/\",\"name\":\"UN CAMI\u00d3N SE QUED\u00d3 SIN FRENOS, CHOC\u00d3 Y DESPARRAM\u00d3 LA CARGA DE UVA - Apuntes de San Luis\",\"isPartOf\":{\"@id\":\"https:\/\/apuntesdesanluis.com\/#website\"},\"primaryImageOfPage\":{\"@id\":\"https:\/\/apuntesdesanluis.com\/index.php\/2024\/04\/11\/un-camion-se-quedo-sin-frenos-choco-y-desparramo-la-carga-de-uva\/#primaryimage\"},\"image\":{\"@id\":\"https:\/\/apuntesdesanluis.com\/index.php\/2024\/04\/11\/un-camion-se-quedo-sin-frenos-choco-y-desparramo-la-carga-de-uva\/#primaryimage\"},\"thumbnailUrl\":\"https:\/\/apuntesdesanluis.com\/wp-content\/uploads\/2024\/04\/camion-chocado.png\",\"datePublished\":\"2024-04-11T11:52:22+00:00\",\"dateModified\":\"2024-04-11T21:53:39+00:00\",\"breadcrumb\":{\"@id\":\"https:\/\/apuntesdesanluis.com\/index.php\/2024\/04\/11\/un-camion-se-quedo-sin-frenos-choco-y-desparramo-la-carga-de-uva\/#breadcrumb\"},\"inLanguage\":\"es-AR\",\"potentialAction\":[{\"@type\":\"ReadAction\",\"target\":[\"https:\/\/apuntesdesanluis.com\/index.php\/2024\/04\/11\/un-camion-se-quedo-sin-frenos-choco-y-desparramo-la-carga-de-uva\/\"]}]},{\"@type\":\"ImageObject\",\"inLanguage\":\"es-AR\",\"@id\":\"https:\/\/apuntesdesanluis.com\/index.php\/2024\/04\/11\/un-camion-se-quedo-sin-frenos-choco-y-desparramo-la-carga-de-uva\/#primaryimage\",\"url\":\"https:\/\/apuntesdesanluis.com\/wp-content\/uploads\/2024\/04\/camion-chocado.png\",\"contentUrl\":\"https:\/\/apuntesdesanluis.com\/wp-content\/uploads\/2024\/04\/camion-chocado.png\",\"width\":500,\"height\":279},{\"@type\":\"BreadcrumbList\",\"@id\":\"https:\/\/apuntesdesanluis.com\/index.php\/2024\/04\/11\/un-camion-se-quedo-sin-frenos-choco-y-desparramo-la-carga-de-uva\/#breadcrumb\",\"itemListElement\":[{\"@type\":\"ListItem\",\"position\":1,\"name\":\"Inicio\",\"item\":\"https:\/\/apuntesdesanluis.com\/\"},{\"@type\":\"ListItem\",\"position\":2,\"name\":\"UN CAMI\u00d3N SE QUED\u00d3 SIN FRENOS, CHOC\u00d3 Y DESPARRAM\u00d3 LA CARGA DE UVA\"}]},{\"@type\":\"WebSite\",\"@id\":\"https:\/\/apuntesdesanluis.com\/#website\",\"url\":\"https:\/\/apuntesdesanluis.com\/\",\"name\":\"Apuntes de San Luis\",\"description\":\"\",\"publisher\":{\"@id\":\"https:\/\/apuntesdesanluis.com\/#\/schema\/person\/b55151d52296fcce64d1a72538a70b90\"},\"potentialAction\":[{\"@type\":\"SearchAction\",\"target\":{\"@type\":\"EntryPoint\",\"urlTemplate\":\"https:\/\/apuntesdesanluis.com\/?s={search_term_string}\"},\"query-input\":{\"@type\":\"PropertyValueSpecification\",\"valueRequired\":true,\"valueName\":\"search_term_string\"}}],\"inLanguage\":\"es-AR\"},{\"@type\":[\"Person\",\"Organization\"],\"@id\":\"https:\/\/apuntesdesanluis.com\/#\/schema\/person\/b55151d52296fcce64d1a72538a70b90\",\"name\":\"apuntesdesanluis.com\",\"image\":{\"@type\":\"ImageObject\",\"inLanguage\":\"es-AR\",\"@id\":\"https:\/\/apuntesdesanluis.com\/#\/schema\/person\/image\/\",\"url\":\"https:\/\/apuntesdesanluis.com\/wp-content\/uploads\/2023\/07\/cropped-apuntesdesanluis.png\",\"contentUrl\":\"https:\/\/apuntesdesanluis.com\/wp-content\/uploads\/2023\/07\/cropped-apuntesdesanluis.png\",\"width\":450,\"height\":112,\"caption\":\"apuntesdesanluis.com\"},\"logo\":{\"@id\":\"https:\/\/apuntesdesanluis.com\/#\/schema\/person\/image\/\"},\"sameAs\":[\"https:\/\/apuntesdesanluis.com\"],\"url\":\"https:\/\/apuntesdesanluis.com\/index.php\/author\/apuntesdesanluis-com\/\"}]}<\/script>\n<!-- \/ Yoast SEO plugin. -->","yoast_head_json":{"title":"UN CAMI\u00d3N SE QUED\u00d3 SIN FRENOS, CHOC\u00d3 Y DESPARRAM\u00d3 LA CARGA DE UVA - Apuntes de San Luis","robots":{"index":"index","follow":"follow","max-snippet":"max-snippet:-1","max-image-preview":"max-image-preview:large","max-video-preview":"max-video-preview:-1"},"canonical":"https:\/\/apuntesdesanluis.com\/index.php\/2024\/04\/11\/un-camion-se-quedo-sin-frenos-choco-y-desparramo-la-carga-de-uva\/","og_locale":"es_ES","og_type":"article","og_title":"UN CAMI\u00d3N SE QUED\u00d3 SIN FRENOS, CHOC\u00d3 Y DESPARRAM\u00d3 LA CARGA DE UVA - Apuntes de San Luis","og_description":"Este mi\u00e9rcoles por la noche, un cami\u00f3n Renault cargado con uva que viajaba desde San...","og_url":"https:\/\/apuntesdesanluis.com\/index.php\/2024\/04\/11\/un-camion-se-quedo-sin-frenos-choco-y-desparramo-la-carga-de-uva\/","og_site_name":"Apuntes de San Luis","article_published_time":"2024-04-11T11:52:22+00:00","article_modified_time":"2024-04-11T21:53:39+00:00","og_image":[{"width":500,"height":279,"url":"https:\/\/apuntesdesanluis.com\/wp-content\/uploads\/2024\/04\/camion-chocado.png","type":"image\/png"}],"author":"apuntesdesanluis.com","twitter_card":"summary_large_image","twitter_misc":{"Escrito por":"apuntesdesanluis.com","Tiempo de lectura":"1 minuto"},"schema":{"@context":"https:\/\/schema.org","@graph":[{"@type":"Article","@id":"https:\/\/apuntesdesanluis.com\/index.php\/2024\/04\/11\/un-camion-se-quedo-sin-frenos-choco-y-desparramo-la-carga-de-uva\/#article","isPartOf":{"@id":"https:\/\/apuntesdesanluis.com\/index.php\/2024\/04\/11\/un-camion-se-quedo-sin-frenos-choco-y-desparramo-la-carga-de-uva\/"},"author":{"name":"apuntesdesanluis.com","@id":"https:\/\/apuntesdesanluis.com\/#\/schema\/person\/b55151d52296fcce64d1a72538a70b90"},"headline":"UN CAMI\u00d3N SE QUED\u00d3 SIN FRENOS, CHOC\u00d3 Y DESPARRAM\u00d3 LA CARGA DE UVA","datePublished":"2024-04-11T11:52:22+00:00","dateModified":"2024-04-11T21:53:39+00:00","mainEntityOfPage":{"@id":"https:\/\/apuntesdesanluis.com\/index.php\/2024\/04\/11\/un-camion-se-quedo-sin-frenos-choco-y-desparramo-la-carga-de-uva\/"},"wordCount":153,"publisher":{"@id":"https:\/\/apuntesdesanluis.com\/#\/schema\/person\/b55151d52296fcce64d1a72538a70b90"},"image":{"@id":"https:\/\/apuntesdesanluis.com\/index.php\/2024\/04\/11\/un-camion-se-quedo-sin-frenos-choco-y-desparramo-la-carga-de-uva\/#primaryimage"},"thumbnailUrl":"https:\/\/apuntesdesanluis.com\/wp-content\/uploads\/2024\/04\/camion-chocado.png","articleSection":["Ciudad\/Provincia"],"inLanguage":"es-AR"},{"@type":"WebPage","@id":"https:\/\/apuntesdesanluis.com\/index.php\/2024\/04\/11\/un-camion-se-quedo-sin-frenos-choco-y-desparramo-la-carga-de-uva\/","url":"https:\/\/apuntesdesanluis.com\/index.php\/2024\/04\/11\/un-camion-se-quedo-sin-frenos-choco-y-desparramo-la-carga-de-uva\/","name":"UN CAMI\u00d3N SE QUED\u00d3 SIN FRENOS, CHOC\u00d3 Y DESPARRAM\u00d3 LA CARGA DE UVA - Apuntes de San Luis","isPartOf":{"@id":"https:\/\/apuntesdesanluis.com\/#website"},"primaryImageOfPage":{"@id":"https:\/\/apuntesdesanluis.com\/index.php\/2024\/04\/11\/un-camion-se-quedo-sin-frenos-choco-y-desparramo-la-carga-de-uva\/#primaryimage"},"image":{"@id":"https:\/\/apuntesdesanluis.com\/index.php\/2024\/04\/11\/un-camion-se-quedo-sin-frenos-choco-y-desparramo-la-carga-de-uva\/#primaryimage"},"thumbnailUrl":"https:\/\/apuntesdesanluis.com\/wp-content\/uploads\/2024\/04\/camion-chocado.png","datePublished":"2024-04-11T11:52:22+00:00","dateModified":"2024-04-11T21:53:39+00:00","breadcrumb":{"@id":"https:\/\/apuntesdesanluis.com\/index.php\/2024\/04\/11\/un-camion-se-quedo-sin-frenos-choco-y-desparramo-la-carga-de-uva\/#breadcrumb"},"inLanguage":"es-AR","potentialAction":[{"@type":"ReadAction","target":["https:\/\/apuntesdesanluis.com\/index.php\/2024\/04\/11\/un-camion-se-quedo-sin-frenos-choco-y-desparramo-la-carga-de-uva\/"]}]},{"@type":"ImageObject","inLanguage":"es-AR","@id":"https:\/\/apuntesdesanluis.com\/index.php\/2024\/04\/11\/un-camion-se-quedo-sin-frenos-choco-y-desparramo-la-carga-de-uva\/#primaryimage","url":"https:\/\/apuntesdesanluis.com\/wp-content\/uploads\/2024\/04\/camion-chocado.png","contentUrl":"https:\/\/apuntesdesanluis.com\/wp-content\/uploads\/2024\/04\/camion-chocado.png","width":500,"height":279},{"@type":"BreadcrumbList","@id":"https:\/\/apuntesdesanluis.com\/index.php\/2024\/04\/11\/un-camion-se-quedo-sin-frenos-choco-y-desparramo-la-carga-de-uva\/#breadcrumb","itemListElement":[{"@type":"ListItem","position":1,"name":"Inicio","item":"https:\/\/apuntesdesanluis.com\/"},{"@type":"ListItem","position":2,"name":"UN CAMI\u00d3N SE QUED\u00d3 SIN FRENOS, CHOC\u00d3 Y DESPARRAM\u00d3 LA CARGA DE UVA"}]},{"@type":"WebSite","@id":"https:\/\/apuntesdesanluis.com\/#website","url":"https:\/\/apuntesdesanluis.com\/","name":"Apuntes de San Luis","description":"","publisher":{"@id":"https:\/\/apuntesdesanluis.com\/#\/schema\/person\/b55151d52296fcce64d1a72538a70b90"},"potentialAction":[{"@type":"SearchAction","target":{"@type":"EntryPoint","urlTemplate":"https:\/\/apuntesdesanluis.com\/?s={search_term_string}"},"query-input":{"@type":"PropertyValueSpecification","valueRequired":true,"valueName":"search_term_string"}}],"inLanguage":"es-AR"},{"@type":["Person","Organization"],"@id":"https:\/\/apuntesdesanluis.com\/#\/schema\/person\/b55151d52296fcce64d1a72538a70b90","name":"apuntesdesanluis.com","image":{"@type":"ImageObject","inLanguage":"es-AR","@id":"https:\/\/apuntesdesanluis.com\/#\/schema\/person\/image\/","url":"https:\/\/apuntesdesanluis.com\/wp-content\/uploads\/2023\/07\/cropped-apuntesdesanluis.png","contentUrl":"https:\/\/apuntesdesanluis.com\/wp-content\/uploads\/2023\/07\/cropped-apuntesdesanluis.png","width":450,"height":112,"caption":"apuntesdesanluis.com"},"logo":{"@id":"https:\/\/apuntesdesanluis.com\/#\/schema\/person\/image\/"},"sameAs":["https:\/\/apuntesdesanluis.com"],"url":"https:\/\/apuntesdesanluis.com\/index.php\/author\/apuntesdesanluis-com\/"}]}},"featured_image_urls":{"full":["https:\/\/apuntesdesanluis.com\/wp-content\/uploads\/2024\/04\/camion-chocado.png",500,279,false],"thumbnail":["https:\/\/apuntesdesanluis.com\/wp-content\/uploads\/2024\/04\/camion-chocado-150x150.png",150,150,true],"medium":["https:\/\/apuntesdesanluis.com\/wp-content\/uploads\/2024\/04\/camion-chocado-300x167.png",300,167,true],"medium_large":["https:\/\/apuntesdesanluis.com\/wp-content\/uploads\/2024\/04\/camion-chocado.png",500,279,false],"large":["https:\/\/apuntesdesanluis.com\/wp-content\/uploads\/2024\/04\/camion-chocado.png",500,279,false],"1536x1536":["https:\/\/apuntesdesanluis.com\/wp-content\/uploads\/2024\/04\/camion-chocado.png",500,279,false],"2048x2048":["https:\/\/apuntesdesanluis.com\/wp-content\/uploads\/2024\/04\/camion-chocado.png",500,279,false],"newsever-slider-full":["https:\/\/apuntesdesanluis.com\/wp-content\/uploads\/2024\/04\/camion-chocado.png",500,279,false],"newsever-featured":["https:\/\/apuntesdesanluis.com\/wp-content\/uploads\/2024\/04\/camion-chocado.png",500,279,false],"newsever-medium":["https:\/\/apuntesdesanluis.com\/wp-content\/uploads\/2024\/04\/camion-chocado.png",500,279,false]},"author_info":{"display_name":"apuntesdesanluis.com","author_link":"https:\/\/apuntesdesanluis.com\/index.php\/author\/apuntesdesanluis-com\/"},"category_info":"<a href=\"https:\/\/apuntesdesanluis.com\/index.php\/category\/ciudad-provincia\/\" rel=\"category tag\">Ciudad\/Provincia<\/a>","tag_info":"Ciudad\/Provincia","comment_count":"0","_links":{"self":[{"href":"https:\/\/apuntesdesanluis.com\/index.php\/wp-json\/wp\/v2\/posts\/14566","targetHints":{"allow":["GET"]}}],"collection":[{"href":"https:\/\/apuntesdesanluis.com\/index.php\/wp-json\/wp\/v2\/posts"}],"about":[{"href":"https:\/\/apuntesdesanluis.com\/index.php\/wp-json\/wp\/v2\/types\/post"}],"author":[{"embeddable":true,"href":"https:\/\/apuntesdesanluis.com\/index.php\/wp-json\/wp\/v2\/users\/1"}],"replies":[{"embeddable":true,"href":"https:\/\/apuntesdesanluis.com\/index.php\/wp-json\/wp\/v2\/comments?post=14566"}],"version-history":[{"count":1,"href":"https:\/\/apuntesdesanluis.com\/index.php\/wp-json\/wp\/v2\/posts\/14566\/revisions"}],"predecessor-version":[{"id":14570,"href":"https:\/\/apuntesdesanluis.com\/index.php\/wp-json\/wp\/v2\/posts\/14566\/revisions\/14570"}],"wp:featuredmedia":[{"embeddable":true,"href":"https:\/\/apuntesdesanluis.com\/index.php\/wp-json\/wp\/v2\/media\/14567"}],"wp:attachment":[{"href":"https:\/\/apuntesdesanluis.com\/index.php\/wp-json\/wp\/v2\/media?parent=14566"}],"wp:term":[{"taxonomy":"category","embeddable":true,"href":"https:\/\/apuntesdesanluis.com\/index.php\/wp-json\/wp\/v2\/categories?post=14566"},{"taxonomy":"post_tag","embeddable":true,"href":"https:\/\/apuntesdesanluis.com\/index.php\/wp-json\/wp\/v2\/tags?post=14566"}],"curies":[{"name":"wp","href":"https:\/\/api.w.org\/{rel}","templated":true}]}}