{"id":1458,"date":"2023-08-11T13:41:50","date_gmt":"2023-08-11T16:41:50","guid":{"rendered":"https:\/\/apuntesdesanluis.com\/?p=1458"},"modified":"2023-08-11T13:41:50","modified_gmt":"2023-08-11T16:41:50","slug":"conmocion-en-mar-del-plata-murio-una-joven-de-17-anos-tras-caer-desde-un-8-piso-durante-su-viaje-de-egresados","status":"publish","type":"post","link":"https:\/\/apuntesdesanluis.com\/index.php\/2023\/08\/11\/conmocion-en-mar-del-plata-murio-una-joven-de-17-anos-tras-caer-desde-un-8-piso-durante-su-viaje-de-egresados\/","title":{"rendered":"CONMOCI\u00d3N EN MAR DEL PLATA: MURI\u00d3 UNA JOVEN DE 17 A\u00d1OS TRAS CAER DESDE UN 8\u00b0 PISO DURANTE SU VIAJE DE EGRESADOS"},"content":{"rendered":"<h3>Una estudiante de 17 a\u00f1os muri\u00f3 tras caer desde el octavo piso del Gran Hotel Mar del Plata durante su viaje de egresados y la Justicia trata de determinar si fue un accidente.<\/h3>\n<h3>Todo sucedi\u00f3 en la madrugada del viernes, cerca de las 5:15, cuando amigos de la v\u00edctima dieron aviso de que la joven, oriunda de Mercedes, hab\u00eda ca\u00eddo hac\u00eda el vac\u00edo.<\/h3>\n<h3>De inmediato Polic\u00eda, SAME y Bomberos se acercaron a las calles Entre R\u00edos y Rivadavia para asistir a la estudiante del colegio San Antonio de Padua.<\/h3>\n<h3>Mientras el fiscal Leandro Ar\u00e9valo determina c\u00f3mo ocurri\u00f3 el hecho, alumnos y docentes de la instituci\u00f3n recibieron asistencia de equipos especializados de salud mental.<\/h3>\n<h3>Fuentes judiciales indicaron que dicho equipo viajar\u00e1 en las pr\u00f3ximas horas junto a los alumnos y los mayores de regreso a la localidad bonaerense.<\/h3>\n<h3>Adem\u00e1s, se pudo constatar que eran cerca de 130 egresados de cuatro escuelas que llegaron a la ciudad balnearia el mi\u00e9rcoles para disfrutar de su viaje de egresados.<\/h3>\n","protected":false},"excerpt":{"rendered":"<p>Una estudiante de 17 a\u00f1os muri\u00f3 tras caer desde el octavo piso del Gran Hotel&#8230;<\/p>\n","protected":false},"author":1,"featured_media":1459,"comment_status":"closed","ping_status":"closed","sticky":false,"template":"","format":"standard","meta":{"footnotes":""},"categories":[5],"tags":[],"class_list":["post-1458","post","type-post","status-publish","format-standard","has-post-thumbnail","hentry","category-nacionales-internacionales"],"yoast_head":"<!-- This site is optimized with the Yoast SEO plugin v26.1.1 - https:\/\/yoast.com\/wordpress\/plugins\/seo\/ -->\n<title>CONMOCI\u00d3N EN MAR DEL PLATA: MURI\u00d3 UNA JOVEN DE 17 A\u00d1OS TRAS CAER DESDE UN 8\u00b0 PISO DURANTE SU VIAJE DE EGRESADOS - Apuntes de San Luis<\/title>\n<meta name=\"robots\" content=\"index, follow, max-snippet:-1, max-image-preview:large, max-video-preview:-1\" \/>\n<link rel=\"canonical\" href=\"https:\/\/apuntesdesanluis.com\/index.php\/2023\/08\/11\/conmocion-en-mar-del-plata-murio-una-joven-de-17-anos-tras-caer-desde-un-8-piso-durante-su-viaje-de-egresados\/\" \/>\n<meta property=\"og:locale\" content=\"es_ES\" \/>\n<meta property=\"og:type\" content=\"article\" \/>\n<meta property=\"og:title\" content=\"CONMOCI\u00d3N EN MAR DEL PLATA: MURI\u00d3 UNA JOVEN DE 17 A\u00d1OS TRAS CAER DESDE UN 8\u00b0 PISO DURANTE SU VIAJE DE EGRESADOS - Apuntes de San Luis\" \/>\n<meta property=\"og:description\" content=\"Una estudiante de 17 a\u00f1os muri\u00f3 tras caer desde el octavo piso del Gran Hotel...\" \/>\n<meta property=\"og:url\" content=\"https:\/\/apuntesdesanluis.com\/index.php\/2023\/08\/11\/conmocion-en-mar-del-plata-murio-una-joven-de-17-anos-tras-caer-desde-un-8-piso-durante-su-viaje-de-egresados\/\" \/>\n<meta property=\"og:site_name\" content=\"Apuntes de San Luis\" \/>\n<meta property=\"article:published_time\" content=\"2023-08-11T16:41:50+00:00\" \/>\n<meta property=\"og:image\" content=\"https:\/\/apuntesdesanluis.com\/wp-content\/uploads\/2023\/08\/edificio.png\" \/>\n\t<meta property=\"og:image:width\" content=\"600\" \/>\n\t<meta property=\"og:image:height\" content=\"326\" \/>\n\t<meta property=\"og:image:type\" content=\"image\/png\" \/>\n<meta name=\"author\" content=\"apuntesdesanluis.com\" \/>\n<meta name=\"twitter:card\" content=\"summary_large_image\" \/>\n<meta name=\"twitter:label1\" content=\"Escrito por\" \/>\n\t<meta name=\"twitter:data1\" content=\"apuntesdesanluis.com\" \/>\n\t<meta name=\"twitter:label2\" content=\"Tiempo de lectura\" \/>\n\t<meta name=\"twitter:data2\" content=\"1 minuto\" \/>\n<script type=\"application\/ld+json\" class=\"yoast-schema-graph\">{\"@context\":\"https:\/\/schema.org\",\"@graph\":[{\"@type\":\"Article\",\"@id\":\"https:\/\/apuntesdesanluis.com\/index.php\/2023\/08\/11\/conmocion-en-mar-del-plata-murio-una-joven-de-17-anos-tras-caer-desde-un-8-piso-durante-su-viaje-de-egresados\/#article\",\"isPartOf\":{\"@id\":\"https:\/\/apuntesdesanluis.com\/index.php\/2023\/08\/11\/conmocion-en-mar-del-plata-murio-una-joven-de-17-anos-tras-caer-desde-un-8-piso-durante-su-viaje-de-egresados\/\"},\"author\":{\"name\":\"apuntesdesanluis.com\",\"@id\":\"https:\/\/apuntesdesanluis.com\/#\/schema\/person\/b55151d52296fcce64d1a72538a70b90\"},\"headline\":\"CONMOCI\u00d3N EN MAR DEL PLATA: MURI\u00d3 UNA JOVEN DE 17 A\u00d1OS TRAS CAER DESDE UN 8\u00b0 PISO DURANTE SU VIAJE DE EGRESADOS\",\"datePublished\":\"2023-08-11T16:41:50+00:00\",\"mainEntityOfPage\":{\"@id\":\"https:\/\/apuntesdesanluis.com\/index.php\/2023\/08\/11\/conmocion-en-mar-del-plata-murio-una-joven-de-17-anos-tras-caer-desde-un-8-piso-durante-su-viaje-de-egresados\/\"},\"wordCount\":198,\"publisher\":{\"@id\":\"https:\/\/apuntesdesanluis.com\/#\/schema\/person\/b55151d52296fcce64d1a72538a70b90\"},\"image\":{\"@id\":\"https:\/\/apuntesdesanluis.com\/index.php\/2023\/08\/11\/conmocion-en-mar-del-plata-murio-una-joven-de-17-anos-tras-caer-desde-un-8-piso-durante-su-viaje-de-egresados\/#primaryimage\"},\"thumbnailUrl\":\"https:\/\/apuntesdesanluis.com\/wp-content\/uploads\/2023\/08\/edificio.png\",\"articleSection\":[\"Nacionales\/Internacionales\"],\"inLanguage\":\"es-AR\"},{\"@type\":\"WebPage\",\"@id\":\"https:\/\/apuntesdesanluis.com\/index.php\/2023\/08\/11\/conmocion-en-mar-del-plata-murio-una-joven-de-17-anos-tras-caer-desde-un-8-piso-durante-su-viaje-de-egresados\/\",\"url\":\"https:\/\/apuntesdesanluis.com\/index.php\/2023\/08\/11\/conmocion-en-mar-del-plata-murio-una-joven-de-17-anos-tras-caer-desde-un-8-piso-durante-su-viaje-de-egresados\/\",\"name\":\"CONMOCI\u00d3N EN MAR DEL PLATA: MURI\u00d3 UNA JOVEN DE 17 A\u00d1OS TRAS CAER DESDE UN 8\u00b0 PISO DURANTE SU VIAJE DE EGRESADOS - Apuntes de San Luis\",\"isPartOf\":{\"@id\":\"https:\/\/apuntesdesanluis.com\/#website\"},\"primaryImageOfPage\":{\"@id\":\"https:\/\/apuntesdesanluis.com\/index.php\/2023\/08\/11\/conmocion-en-mar-del-plata-murio-una-joven-de-17-anos-tras-caer-desde-un-8-piso-durante-su-viaje-de-egresados\/#primaryimage\"},\"image\":{\"@id\":\"https:\/\/apuntesdesanluis.com\/index.php\/2023\/08\/11\/conmocion-en-mar-del-plata-murio-una-joven-de-17-anos-tras-caer-desde-un-8-piso-durante-su-viaje-de-egresados\/#primaryimage\"},\"thumbnailUrl\":\"https:\/\/apuntesdesanluis.com\/wp-content\/uploads\/2023\/08\/edificio.png\",\"datePublished\":\"2023-08-11T16:41:50+00:00\",\"breadcrumb\":{\"@id\":\"https:\/\/apuntesdesanluis.com\/index.php\/2023\/08\/11\/conmocion-en-mar-del-plata-murio-una-joven-de-17-anos-tras-caer-desde-un-8-piso-durante-su-viaje-de-egresados\/#breadcrumb\"},\"inLanguage\":\"es-AR\",\"potentialAction\":[{\"@type\":\"ReadAction\",\"target\":[\"https:\/\/apuntesdesanluis.com\/index.php\/2023\/08\/11\/conmocion-en-mar-del-plata-murio-una-joven-de-17-anos-tras-caer-desde-un-8-piso-durante-su-viaje-de-egresados\/\"]}]},{\"@type\":\"ImageObject\",\"inLanguage\":\"es-AR\",\"@id\":\"https:\/\/apuntesdesanluis.com\/index.php\/2023\/08\/11\/conmocion-en-mar-del-plata-murio-una-joven-de-17-anos-tras-caer-desde-un-8-piso-durante-su-viaje-de-egresados\/#primaryimage\",\"url\":\"https:\/\/apuntesdesanluis.com\/wp-content\/uploads\/2023\/08\/edificio.png\",\"contentUrl\":\"https:\/\/apuntesdesanluis.com\/wp-content\/uploads\/2023\/08\/edificio.png\",\"width\":600,\"height\":326},{\"@type\":\"BreadcrumbList\",\"@id\":\"https:\/\/apuntesdesanluis.com\/index.php\/2023\/08\/11\/conmocion-en-mar-del-plata-murio-una-joven-de-17-anos-tras-caer-desde-un-8-piso-durante-su-viaje-de-egresados\/#breadcrumb\",\"itemListElement\":[{\"@type\":\"ListItem\",\"position\":1,\"name\":\"Inicio\",\"item\":\"https:\/\/apuntesdesanluis.com\/\"},{\"@type\":\"ListItem\",\"position\":2,\"name\":\"CONMOCI\u00d3N EN MAR DEL PLATA: MURI\u00d3 UNA JOVEN DE 17 A\u00d1OS TRAS CAER DESDE UN 8\u00b0 PISO DURANTE SU VIAJE DE EGRESADOS\"}]},{\"@type\":\"WebSite\",\"@id\":\"https:\/\/apuntesdesanluis.com\/#website\",\"url\":\"https:\/\/apuntesdesanluis.com\/\",\"name\":\"Apuntes de San Luis\",\"description\":\"\",\"publisher\":{\"@id\":\"https:\/\/apuntesdesanluis.com\/#\/schema\/person\/b55151d52296fcce64d1a72538a70b90\"},\"potentialAction\":[{\"@type\":\"SearchAction\",\"target\":{\"@type\":\"EntryPoint\",\"urlTemplate\":\"https:\/\/apuntesdesanluis.com\/?s={search_term_string}\"},\"query-input\":{\"@type\":\"PropertyValueSpecification\",\"valueRequired\":true,\"valueName\":\"search_term_string\"}}],\"inLanguage\":\"es-AR\"},{\"@type\":[\"Person\",\"Organization\"],\"@id\":\"https:\/\/apuntesdesanluis.com\/#\/schema\/person\/b55151d52296fcce64d1a72538a70b90\",\"name\":\"apuntesdesanluis.com\",\"image\":{\"@type\":\"ImageObject\",\"inLanguage\":\"es-AR\",\"@id\":\"https:\/\/apuntesdesanluis.com\/#\/schema\/person\/image\/\",\"url\":\"https:\/\/apuntesdesanluis.com\/wp-content\/uploads\/2023\/07\/cropped-apuntesdesanluis.png\",\"contentUrl\":\"https:\/\/apuntesdesanluis.com\/wp-content\/uploads\/2023\/07\/cropped-apuntesdesanluis.png\",\"width\":450,\"height\":112,\"caption\":\"apuntesdesanluis.com\"},\"logo\":{\"@id\":\"https:\/\/apuntesdesanluis.com\/#\/schema\/person\/image\/\"},\"sameAs\":[\"https:\/\/apuntesdesanluis.com\"],\"url\":\"https:\/\/apuntesdesanluis.com\/index.php\/author\/apuntesdesanluis-com\/\"}]}<\/script>\n<!-- \/ Yoast SEO plugin. -->","yoast_head_json":{"title":"CONMOCI\u00d3N EN MAR DEL PLATA: MURI\u00d3 UNA JOVEN DE 17 A\u00d1OS TRAS CAER DESDE UN 8\u00b0 PISO DURANTE SU VIAJE DE EGRESADOS - Apuntes de San Luis","robots":{"index":"index","follow":"follow","max-snippet":"max-snippet:-1","max-image-preview":"max-image-preview:large","max-video-preview":"max-video-preview:-1"},"canonical":"https:\/\/apuntesdesanluis.com\/index.php\/2023\/08\/11\/conmocion-en-mar-del-plata-murio-una-joven-de-17-anos-tras-caer-desde-un-8-piso-durante-su-viaje-de-egresados\/","og_locale":"es_ES","og_type":"article","og_title":"CONMOCI\u00d3N EN MAR DEL PLATA: MURI\u00d3 UNA JOVEN DE 17 A\u00d1OS TRAS CAER DESDE UN 8\u00b0 PISO DURANTE SU VIAJE DE EGRESADOS - Apuntes de San Luis","og_description":"Una estudiante de 17 a\u00f1os muri\u00f3 tras caer desde el octavo piso del Gran Hotel...","og_url":"https:\/\/apuntesdesanluis.com\/index.php\/2023\/08\/11\/conmocion-en-mar-del-plata-murio-una-joven-de-17-anos-tras-caer-desde-un-8-piso-durante-su-viaje-de-egresados\/","og_site_name":"Apuntes de San Luis","article_published_time":"2023-08-11T16:41:50+00:00","og_image":[{"width":600,"height":326,"url":"https:\/\/apuntesdesanluis.com\/wp-content\/uploads\/2023\/08\/edificio.png","type":"image\/png"}],"author":"apuntesdesanluis.com","twitter_card":"summary_large_image","twitter_misc":{"Escrito por":"apuntesdesanluis.com","Tiempo de lectura":"1 minuto"},"schema":{"@context":"https:\/\/schema.org","@graph":[{"@type":"Article","@id":"https:\/\/apuntesdesanluis.com\/index.php\/2023\/08\/11\/conmocion-en-mar-del-plata-murio-una-joven-de-17-anos-tras-caer-desde-un-8-piso-durante-su-viaje-de-egresados\/#article","isPartOf":{"@id":"https:\/\/apuntesdesanluis.com\/index.php\/2023\/08\/11\/conmocion-en-mar-del-plata-murio-una-joven-de-17-anos-tras-caer-desde-un-8-piso-durante-su-viaje-de-egresados\/"},"author":{"name":"apuntesdesanluis.com","@id":"https:\/\/apuntesdesanluis.com\/#\/schema\/person\/b55151d52296fcce64d1a72538a70b90"},"headline":"CONMOCI\u00d3N EN MAR DEL PLATA: MURI\u00d3 UNA JOVEN DE 17 A\u00d1OS TRAS CAER DESDE UN 8\u00b0 PISO DURANTE SU VIAJE DE EGRESADOS","datePublished":"2023-08-11T16:41:50+00:00","mainEntityOfPage":{"@id":"https:\/\/apuntesdesanluis.com\/index.php\/2023\/08\/11\/conmocion-en-mar-del-plata-murio-una-joven-de-17-anos-tras-caer-desde-un-8-piso-durante-su-viaje-de-egresados\/"},"wordCount":198,"publisher":{"@id":"https:\/\/apuntesdesanluis.com\/#\/schema\/person\/b55151d52296fcce64d1a72538a70b90"},"image":{"@id":"https:\/\/apuntesdesanluis.com\/index.php\/2023\/08\/11\/conmocion-en-mar-del-plata-murio-una-joven-de-17-anos-tras-caer-desde-un-8-piso-durante-su-viaje-de-egresados\/#primaryimage"},"thumbnailUrl":"https:\/\/apuntesdesanluis.com\/wp-content\/uploads\/2023\/08\/edificio.png","articleSection":["Nacionales\/Internacionales"],"inLanguage":"es-AR"},{"@type":"WebPage","@id":"https:\/\/apuntesdesanluis.com\/index.php\/2023\/08\/11\/conmocion-en-mar-del-plata-murio-una-joven-de-17-anos-tras-caer-desde-un-8-piso-durante-su-viaje-de-egresados\/","url":"https:\/\/apuntesdesanluis.com\/index.php\/2023\/08\/11\/conmocion-en-mar-del-plata-murio-una-joven-de-17-anos-tras-caer-desde-un-8-piso-durante-su-viaje-de-egresados\/","name":"CONMOCI\u00d3N EN MAR DEL PLATA: MURI\u00d3 UNA JOVEN DE 17 A\u00d1OS TRAS CAER DESDE UN 8\u00b0 PISO DURANTE SU VIAJE DE EGRESADOS - Apuntes de San Luis","isPartOf":{"@id":"https:\/\/apuntesdesanluis.com\/#website"},"primaryImageOfPage":{"@id":"https:\/\/apuntesdesanluis.com\/index.php\/2023\/08\/11\/conmocion-en-mar-del-plata-murio-una-joven-de-17-anos-tras-caer-desde-un-8-piso-durante-su-viaje-de-egresados\/#primaryimage"},"image":{"@id":"https:\/\/apuntesdesanluis.com\/index.php\/2023\/08\/11\/conmocion-en-mar-del-plata-murio-una-joven-de-17-anos-tras-caer-desde-un-8-piso-durante-su-viaje-de-egresados\/#primaryimage"},"thumbnailUrl":"https:\/\/apuntesdesanluis.com\/wp-content\/uploads\/2023\/08\/edificio.png","datePublished":"2023-08-11T16:41:50+00:00","breadcrumb":{"@id":"https:\/\/apuntesdesanluis.com\/index.php\/2023\/08\/11\/conmocion-en-mar-del-plata-murio-una-joven-de-17-anos-tras-caer-desde-un-8-piso-durante-su-viaje-de-egresados\/#breadcrumb"},"inLanguage":"es-AR","potentialAction":[{"@type":"ReadAction","target":["https:\/\/apuntesdesanluis.com\/index.php\/2023\/08\/11\/conmocion-en-mar-del-plata-murio-una-joven-de-17-anos-tras-caer-desde-un-8-piso-durante-su-viaje-de-egresados\/"]}]},{"@type":"ImageObject","inLanguage":"es-AR","@id":"https:\/\/apuntesdesanluis.com\/index.php\/2023\/08\/11\/conmocion-en-mar-del-plata-murio-una-joven-de-17-anos-tras-caer-desde-un-8-piso-durante-su-viaje-de-egresados\/#primaryimage","url":"https:\/\/apuntesdesanluis.com\/wp-content\/uploads\/2023\/08\/edificio.png","contentUrl":"https:\/\/apuntesdesanluis.com\/wp-content\/uploads\/2023\/08\/edificio.png","width":600,"height":326},{"@type":"BreadcrumbList","@id":"https:\/\/apuntesdesanluis.com\/index.php\/2023\/08\/11\/conmocion-en-mar-del-plata-murio-una-joven-de-17-anos-tras-caer-desde-un-8-piso-durante-su-viaje-de-egresados\/#breadcrumb","itemListElement":[{"@type":"ListItem","position":1,"name":"Inicio","item":"https:\/\/apuntesdesanluis.com\/"},{"@type":"ListItem","position":2,"name":"CONMOCI\u00d3N EN MAR DEL PLATA: MURI\u00d3 UNA JOVEN DE 17 A\u00d1OS TRAS CAER DESDE UN 8\u00b0 PISO DURANTE SU VIAJE DE EGRESADOS"}]},{"@type":"WebSite","@id":"https:\/\/apuntesdesanluis.com\/#website","url":"https:\/\/apuntesdesanluis.com\/","name":"Apuntes de San Luis","description":"","publisher":{"@id":"https:\/\/apuntesdesanluis.com\/#\/schema\/person\/b55151d52296fcce64d1a72538a70b90"},"potentialAction":[{"@type":"SearchAction","target":{"@type":"EntryPoint","urlTemplate":"https:\/\/apuntesdesanluis.com\/?s={search_term_string}"},"query-input":{"@type":"PropertyValueSpecification","valueRequired":true,"valueName":"search_term_string"}}],"inLanguage":"es-AR"},{"@type":["Person","Organization"],"@id":"https:\/\/apuntesdesanluis.com\/#\/schema\/person\/b55151d52296fcce64d1a72538a70b90","name":"apuntesdesanluis.com","image":{"@type":"ImageObject","inLanguage":"es-AR","@id":"https:\/\/apuntesdesanluis.com\/#\/schema\/person\/image\/","url":"https:\/\/apuntesdesanluis.com\/wp-content\/uploads\/2023\/07\/cropped-apuntesdesanluis.png","contentUrl":"https:\/\/apuntesdesanluis.com\/wp-content\/uploads\/2023\/07\/cropped-apuntesdesanluis.png","width":450,"height":112,"caption":"apuntesdesanluis.com"},"logo":{"@id":"https:\/\/apuntesdesanluis.com\/#\/schema\/person\/image\/"},"sameAs":["https:\/\/apuntesdesanluis.com"],"url":"https:\/\/apuntesdesanluis.com\/index.php\/author\/apuntesdesanluis-com\/"}]}},"featured_image_urls":{"full":["https:\/\/apuntesdesanluis.com\/wp-content\/uploads\/2023\/08\/edificio.png",600,326,false],"thumbnail":["https:\/\/apuntesdesanluis.com\/wp-content\/uploads\/2023\/08\/edificio-150x150.png",150,150,true],"medium":["https:\/\/apuntesdesanluis.com\/wp-content\/uploads\/2023\/08\/edificio-300x163.png",300,163,true],"medium_large":["https:\/\/apuntesdesanluis.com\/wp-content\/uploads\/2023\/08\/edificio.png",600,326,false],"large":["https:\/\/apuntesdesanluis.com\/wp-content\/uploads\/2023\/08\/edificio.png",600,326,false],"1536x1536":["https:\/\/apuntesdesanluis.com\/wp-content\/uploads\/2023\/08\/edificio.png",600,326,false],"2048x2048":["https:\/\/apuntesdesanluis.com\/wp-content\/uploads\/2023\/08\/edificio.png",600,326,false],"newsever-slider-full":["https:\/\/apuntesdesanluis.com\/wp-content\/uploads\/2023\/08\/edificio.png",600,326,false],"newsever-featured":["https:\/\/apuntesdesanluis.com\/wp-content\/uploads\/2023\/08\/edificio.png",600,326,false],"newsever-medium":["https:\/\/apuntesdesanluis.com\/wp-content\/uploads\/2023\/08\/edificio.png",600,326,false]},"author_info":{"display_name":"apuntesdesanluis.com","author_link":"https:\/\/apuntesdesanluis.com\/index.php\/author\/apuntesdesanluis-com\/"},"category_info":"<a href=\"https:\/\/apuntesdesanluis.com\/index.php\/category\/nacionales-internacionales\/\" rel=\"category tag\">Nacionales\/Internacionales<\/a>","tag_info":"Nacionales\/Internacionales","comment_count":"0","_links":{"self":[{"href":"https:\/\/apuntesdesanluis.com\/index.php\/wp-json\/wp\/v2\/posts\/1458","targetHints":{"allow":["GET"]}}],"collection":[{"href":"https:\/\/apuntesdesanluis.com\/index.php\/wp-json\/wp\/v2\/posts"}],"about":[{"href":"https:\/\/apuntesdesanluis.com\/index.php\/wp-json\/wp\/v2\/types\/post"}],"author":[{"embeddable":true,"href":"https:\/\/apuntesdesanluis.com\/index.php\/wp-json\/wp\/v2\/users\/1"}],"replies":[{"embeddable":true,"href":"https:\/\/apuntesdesanluis.com\/index.php\/wp-json\/wp\/v2\/comments?post=1458"}],"version-history":[{"count":1,"href":"https:\/\/apuntesdesanluis.com\/index.php\/wp-json\/wp\/v2\/posts\/1458\/revisions"}],"predecessor-version":[{"id":1460,"href":"https:\/\/apuntesdesanluis.com\/index.php\/wp-json\/wp\/v2\/posts\/1458\/revisions\/1460"}],"wp:featuredmedia":[{"embeddable":true,"href":"https:\/\/apuntesdesanluis.com\/index.php\/wp-json\/wp\/v2\/media\/1459"}],"wp:attachment":[{"href":"https:\/\/apuntesdesanluis.com\/index.php\/wp-json\/wp\/v2\/media?parent=1458"}],"wp:term":[{"taxonomy":"category","embeddable":true,"href":"https:\/\/apuntesdesanluis.com\/index.php\/wp-json\/wp\/v2\/categories?post=1458"},{"taxonomy":"post_tag","embeddable":true,"href":"https:\/\/apuntesdesanluis.com\/index.php\/wp-json\/wp\/v2\/tags?post=1458"}],"curies":[{"name":"wp","href":"https:\/\/api.w.org\/{rel}","templated":true}]}}