{"id":14582,"date":"2024-04-11T21:28:30","date_gmt":"2024-04-12T00:28:30","guid":{"rendered":"https:\/\/apuntesdesanluis.com\/?p=14582"},"modified":"2024-04-11T21:28:30","modified_gmt":"2024-04-12T00:28:30","slug":"la-cgt-confirmo-un-nuevo-paro-general-para-el-9-de-mayo","status":"publish","type":"post","link":"https:\/\/apuntesdesanluis.com\/index.php\/2024\/04\/11\/la-cgt-confirmo-un-nuevo-paro-general-para-el-9-de-mayo\/","title":{"rendered":"LA CGT CONFIRM\u00d3 UN NUEVO PARO GENERAL PARA EL 9 DE MAYO"},"content":{"rendered":"<h3>Un d\u00eda despu\u00e9s de reunirse con funcionarios nacionales y no alcanzar ning\u00fan acuerdo, la <strong>Confederaci\u00f3n General del Trabajo (CGT)<\/strong> confirm\u00f3 que el pr\u00f3ximo 9 de mayo realizar\u00e1 el segundo paro general contra el gobierno de Javier Milei.<\/h3>\n<h3>En la sede de Azopardo al 800 tambi\u00e9n se decidi\u00f3 que el 1 de mayo, en el D\u00eda del Trabajador, se llevar\u00e1 a cabo una gran movilizaci\u00f3n a Playa de Mayo.<\/h3>\n<h3>Las medidas de fuerza se realizar\u00e1n en protesta por las medidas econ\u00f3micas aplicadas por el gobierno nacional, que impactaron directamente contra los salarios de los trabajadores.<\/h3>\n<h3>Dentro de la central hab\u00eda una discusi\u00f3n sobre la conveniencia de hacer otro paro y tambi\u00e9n sobre la fecha de realizaci\u00f3n, en caso de ponerse de acuerdo en la convocatoria.<\/h3>\n<h3>Si bien los sectores m\u00e1s combativos reclamaban una huelga lo m\u00e1s pronto posible, finalmente la fecha que se fij\u00f3 fue la del 9 mayo.<\/h3>\n<h3>Un paro con mes de anticipaci\u00f3n da tiempo para una eventual negociaci\u00f3n, aunque en la CGT no se esperan demasiadas se\u00f1ales de parte del gobierno.<\/h3>\n<h3>El encuentro de este mi\u00e9rcoles entre H\u00e9ctor Daer, Carlos Acu\u00f1a y Hugo Moyano con el jefe de Gabinete, Nicol\u00e1s Posse, y el ministro del Interior, Guillermo Francos, fue extenso y herm\u00e9tico, aunque trascendi\u00f3 que se dio en buenos t\u00e9rminos.<\/h3>\n<h3>No estuvo presente el secretario general de la CGT y adjunto de Camioneros, Pablo Moyano, quien reclamaba paro general lo m\u00e1s pronto posible.<\/h3>\n<h3>Seg\u00fan se supo, de parte del Gobierno no hubo pedidos para cancelar una eventual huelga.<\/h3>\n<h3>La delicada situaci\u00f3n de la econom\u00eda, los salarios deprimidos y la inflaci\u00f3n, hicieron que la balanza se inclinar\u00e1 este jueves a favor de una nueva medida nacional.<\/h3>\n<h3>Ser\u00e1 la segunda en lo que va del a\u00f1o y la gesti\u00f3n del libertario, que se encuentra por estas horas de gira por los Estados Unidos.<\/h3>\n<h3><\/h3>\n<p>&nbsp;<\/p>\n<p>&nbsp;<\/p>\n<p>&nbsp;<\/p>\n","protected":false},"excerpt":{"rendered":"<p>Un d\u00eda despu\u00e9s de reunirse con funcionarios nacionales y no alcanzar ning\u00fan acuerdo, la Confederaci\u00f3n&#8230;<\/p>\n","protected":false},"author":1,"featured_media":14583,"comment_status":"closed","ping_status":"closed","sticky":false,"template":"","format":"standard","meta":{"footnotes":""},"categories":[5],"tags":[],"class_list":["post-14582","post","type-post","status-publish","format-standard","has-post-thumbnail","hentry","category-nacionales-internacionales"],"yoast_head":"<!-- This site is optimized with the Yoast SEO plugin v26.1.1 - https:\/\/yoast.com\/wordpress\/plugins\/seo\/ -->\n<title>LA CGT CONFIRM\u00d3 UN NUEVO PARO GENERAL PARA EL 9 DE MAYO - Apuntes de San Luis<\/title>\n<meta name=\"robots\" content=\"index, follow, max-snippet:-1, max-image-preview:large, max-video-preview:-1\" \/>\n<link rel=\"canonical\" href=\"https:\/\/apuntesdesanluis.com\/index.php\/2024\/04\/11\/la-cgt-confirmo-un-nuevo-paro-general-para-el-9-de-mayo\/\" \/>\n<meta property=\"og:locale\" content=\"es_ES\" \/>\n<meta property=\"og:type\" content=\"article\" \/>\n<meta property=\"og:title\" content=\"LA CGT CONFIRM\u00d3 UN NUEVO PARO GENERAL PARA EL 9 DE MAYO - Apuntes de San Luis\" \/>\n<meta property=\"og:description\" content=\"Un d\u00eda despu\u00e9s de reunirse con funcionarios nacionales y no alcanzar ning\u00fan acuerdo, la Confederaci\u00f3n...\" \/>\n<meta property=\"og:url\" content=\"https:\/\/apuntesdesanluis.com\/index.php\/2024\/04\/11\/la-cgt-confirmo-un-nuevo-paro-general-para-el-9-de-mayo\/\" \/>\n<meta property=\"og:site_name\" content=\"Apuntes de San Luis\" \/>\n<meta property=\"article:published_time\" content=\"2024-04-12T00:28:30+00:00\" \/>\n<meta property=\"og:image\" content=\"https:\/\/apuntesdesanluis.com\/wp-content\/uploads\/2024\/04\/GGT.png\" \/>\n\t<meta property=\"og:image:width\" content=\"600\" \/>\n\t<meta property=\"og:image:height\" content=\"342\" \/>\n\t<meta property=\"og:image:type\" content=\"image\/png\" \/>\n<meta name=\"author\" content=\"apuntesdesanluis.com\" \/>\n<meta name=\"twitter:card\" content=\"summary_large_image\" \/>\n<meta name=\"twitter:label1\" content=\"Escrito por\" \/>\n\t<meta name=\"twitter:data1\" content=\"apuntesdesanluis.com\" \/>\n\t<meta name=\"twitter:label2\" content=\"Tiempo de lectura\" \/>\n\t<meta name=\"twitter:data2\" content=\"2 minutos\" \/>\n<script type=\"application\/ld+json\" class=\"yoast-schema-graph\">{\"@context\":\"https:\/\/schema.org\",\"@graph\":[{\"@type\":\"Article\",\"@id\":\"https:\/\/apuntesdesanluis.com\/index.php\/2024\/04\/11\/la-cgt-confirmo-un-nuevo-paro-general-para-el-9-de-mayo\/#article\",\"isPartOf\":{\"@id\":\"https:\/\/apuntesdesanluis.com\/index.php\/2024\/04\/11\/la-cgt-confirmo-un-nuevo-paro-general-para-el-9-de-mayo\/\"},\"author\":{\"name\":\"apuntesdesanluis.com\",\"@id\":\"https:\/\/apuntesdesanluis.com\/#\/schema\/person\/b55151d52296fcce64d1a72538a70b90\"},\"headline\":\"LA CGT CONFIRM\u00d3 UN NUEVO PARO GENERAL PARA EL 9 DE MAYO\",\"datePublished\":\"2024-04-12T00:28:30+00:00\",\"mainEntityOfPage\":{\"@id\":\"https:\/\/apuntesdesanluis.com\/index.php\/2024\/04\/11\/la-cgt-confirmo-un-nuevo-paro-general-para-el-9-de-mayo\/\"},\"wordCount\":345,\"publisher\":{\"@id\":\"https:\/\/apuntesdesanluis.com\/#\/schema\/person\/b55151d52296fcce64d1a72538a70b90\"},\"image\":{\"@id\":\"https:\/\/apuntesdesanluis.com\/index.php\/2024\/04\/11\/la-cgt-confirmo-un-nuevo-paro-general-para-el-9-de-mayo\/#primaryimage\"},\"thumbnailUrl\":\"https:\/\/apuntesdesanluis.com\/wp-content\/uploads\/2024\/04\/GGT.png\",\"articleSection\":[\"Nacionales\/Internacionales\"],\"inLanguage\":\"es-AR\"},{\"@type\":\"WebPage\",\"@id\":\"https:\/\/apuntesdesanluis.com\/index.php\/2024\/04\/11\/la-cgt-confirmo-un-nuevo-paro-general-para-el-9-de-mayo\/\",\"url\":\"https:\/\/apuntesdesanluis.com\/index.php\/2024\/04\/11\/la-cgt-confirmo-un-nuevo-paro-general-para-el-9-de-mayo\/\",\"name\":\"LA CGT CONFIRM\u00d3 UN NUEVO PARO GENERAL PARA EL 9 DE MAYO - Apuntes de San Luis\",\"isPartOf\":{\"@id\":\"https:\/\/apuntesdesanluis.com\/#website\"},\"primaryImageOfPage\":{\"@id\":\"https:\/\/apuntesdesanluis.com\/index.php\/2024\/04\/11\/la-cgt-confirmo-un-nuevo-paro-general-para-el-9-de-mayo\/#primaryimage\"},\"image\":{\"@id\":\"https:\/\/apuntesdesanluis.com\/index.php\/2024\/04\/11\/la-cgt-confirmo-un-nuevo-paro-general-para-el-9-de-mayo\/#primaryimage\"},\"thumbnailUrl\":\"https:\/\/apuntesdesanluis.com\/wp-content\/uploads\/2024\/04\/GGT.png\",\"datePublished\":\"2024-04-12T00:28:30+00:00\",\"breadcrumb\":{\"@id\":\"https:\/\/apuntesdesanluis.com\/index.php\/2024\/04\/11\/la-cgt-confirmo-un-nuevo-paro-general-para-el-9-de-mayo\/#breadcrumb\"},\"inLanguage\":\"es-AR\",\"potentialAction\":[{\"@type\":\"ReadAction\",\"target\":[\"https:\/\/apuntesdesanluis.com\/index.php\/2024\/04\/11\/la-cgt-confirmo-un-nuevo-paro-general-para-el-9-de-mayo\/\"]}]},{\"@type\":\"ImageObject\",\"inLanguage\":\"es-AR\",\"@id\":\"https:\/\/apuntesdesanluis.com\/index.php\/2024\/04\/11\/la-cgt-confirmo-un-nuevo-paro-general-para-el-9-de-mayo\/#primaryimage\",\"url\":\"https:\/\/apuntesdesanluis.com\/wp-content\/uploads\/2024\/04\/GGT.png\",\"contentUrl\":\"https:\/\/apuntesdesanluis.com\/wp-content\/uploads\/2024\/04\/GGT.png\",\"width\":600,\"height\":342},{\"@type\":\"BreadcrumbList\",\"@id\":\"https:\/\/apuntesdesanluis.com\/index.php\/2024\/04\/11\/la-cgt-confirmo-un-nuevo-paro-general-para-el-9-de-mayo\/#breadcrumb\",\"itemListElement\":[{\"@type\":\"ListItem\",\"position\":1,\"name\":\"Inicio\",\"item\":\"https:\/\/apuntesdesanluis.com\/\"},{\"@type\":\"ListItem\",\"position\":2,\"name\":\"LA CGT CONFIRM\u00d3 UN NUEVO PARO GENERAL PARA EL 9 DE MAYO\"}]},{\"@type\":\"WebSite\",\"@id\":\"https:\/\/apuntesdesanluis.com\/#website\",\"url\":\"https:\/\/apuntesdesanluis.com\/\",\"name\":\"Apuntes de San Luis\",\"description\":\"\",\"publisher\":{\"@id\":\"https:\/\/apuntesdesanluis.com\/#\/schema\/person\/b55151d52296fcce64d1a72538a70b90\"},\"potentialAction\":[{\"@type\":\"SearchAction\",\"target\":{\"@type\":\"EntryPoint\",\"urlTemplate\":\"https:\/\/apuntesdesanluis.com\/?s={search_term_string}\"},\"query-input\":{\"@type\":\"PropertyValueSpecification\",\"valueRequired\":true,\"valueName\":\"search_term_string\"}}],\"inLanguage\":\"es-AR\"},{\"@type\":[\"Person\",\"Organization\"],\"@id\":\"https:\/\/apuntesdesanluis.com\/#\/schema\/person\/b55151d52296fcce64d1a72538a70b90\",\"name\":\"apuntesdesanluis.com\",\"image\":{\"@type\":\"ImageObject\",\"inLanguage\":\"es-AR\",\"@id\":\"https:\/\/apuntesdesanluis.com\/#\/schema\/person\/image\/\",\"url\":\"https:\/\/apuntesdesanluis.com\/wp-content\/uploads\/2023\/07\/cropped-apuntesdesanluis.png\",\"contentUrl\":\"https:\/\/apuntesdesanluis.com\/wp-content\/uploads\/2023\/07\/cropped-apuntesdesanluis.png\",\"width\":450,\"height\":112,\"caption\":\"apuntesdesanluis.com\"},\"logo\":{\"@id\":\"https:\/\/apuntesdesanluis.com\/#\/schema\/person\/image\/\"},\"sameAs\":[\"https:\/\/apuntesdesanluis.com\"],\"url\":\"https:\/\/apuntesdesanluis.com\/index.php\/author\/apuntesdesanluis-com\/\"}]}<\/script>\n<!-- \/ Yoast SEO plugin. -->","yoast_head_json":{"title":"LA CGT CONFIRM\u00d3 UN NUEVO PARO GENERAL PARA EL 9 DE MAYO - Apuntes de San Luis","robots":{"index":"index","follow":"follow","max-snippet":"max-snippet:-1","max-image-preview":"max-image-preview:large","max-video-preview":"max-video-preview:-1"},"canonical":"https:\/\/apuntesdesanluis.com\/index.php\/2024\/04\/11\/la-cgt-confirmo-un-nuevo-paro-general-para-el-9-de-mayo\/","og_locale":"es_ES","og_type":"article","og_title":"LA CGT CONFIRM\u00d3 UN NUEVO PARO GENERAL PARA EL 9 DE MAYO - Apuntes de San Luis","og_description":"Un d\u00eda despu\u00e9s de reunirse con funcionarios nacionales y no alcanzar ning\u00fan acuerdo, la Confederaci\u00f3n...","og_url":"https:\/\/apuntesdesanluis.com\/index.php\/2024\/04\/11\/la-cgt-confirmo-un-nuevo-paro-general-para-el-9-de-mayo\/","og_site_name":"Apuntes de San Luis","article_published_time":"2024-04-12T00:28:30+00:00","og_image":[{"width":600,"height":342,"url":"https:\/\/apuntesdesanluis.com\/wp-content\/uploads\/2024\/04\/GGT.png","type":"image\/png"}],"author":"apuntesdesanluis.com","twitter_card":"summary_large_image","twitter_misc":{"Escrito por":"apuntesdesanluis.com","Tiempo de lectura":"2 minutos"},"schema":{"@context":"https:\/\/schema.org","@graph":[{"@type":"Article","@id":"https:\/\/apuntesdesanluis.com\/index.php\/2024\/04\/11\/la-cgt-confirmo-un-nuevo-paro-general-para-el-9-de-mayo\/#article","isPartOf":{"@id":"https:\/\/apuntesdesanluis.com\/index.php\/2024\/04\/11\/la-cgt-confirmo-un-nuevo-paro-general-para-el-9-de-mayo\/"},"author":{"name":"apuntesdesanluis.com","@id":"https:\/\/apuntesdesanluis.com\/#\/schema\/person\/b55151d52296fcce64d1a72538a70b90"},"headline":"LA CGT CONFIRM\u00d3 UN NUEVO PARO GENERAL PARA EL 9 DE MAYO","datePublished":"2024-04-12T00:28:30+00:00","mainEntityOfPage":{"@id":"https:\/\/apuntesdesanluis.com\/index.php\/2024\/04\/11\/la-cgt-confirmo-un-nuevo-paro-general-para-el-9-de-mayo\/"},"wordCount":345,"publisher":{"@id":"https:\/\/apuntesdesanluis.com\/#\/schema\/person\/b55151d52296fcce64d1a72538a70b90"},"image":{"@id":"https:\/\/apuntesdesanluis.com\/index.php\/2024\/04\/11\/la-cgt-confirmo-un-nuevo-paro-general-para-el-9-de-mayo\/#primaryimage"},"thumbnailUrl":"https:\/\/apuntesdesanluis.com\/wp-content\/uploads\/2024\/04\/GGT.png","articleSection":["Nacionales\/Internacionales"],"inLanguage":"es-AR"},{"@type":"WebPage","@id":"https:\/\/apuntesdesanluis.com\/index.php\/2024\/04\/11\/la-cgt-confirmo-un-nuevo-paro-general-para-el-9-de-mayo\/","url":"https:\/\/apuntesdesanluis.com\/index.php\/2024\/04\/11\/la-cgt-confirmo-un-nuevo-paro-general-para-el-9-de-mayo\/","name":"LA CGT CONFIRM\u00d3 UN NUEVO PARO GENERAL PARA EL 9 DE MAYO - Apuntes de San Luis","isPartOf":{"@id":"https:\/\/apuntesdesanluis.com\/#website"},"primaryImageOfPage":{"@id":"https:\/\/apuntesdesanluis.com\/index.php\/2024\/04\/11\/la-cgt-confirmo-un-nuevo-paro-general-para-el-9-de-mayo\/#primaryimage"},"image":{"@id":"https:\/\/apuntesdesanluis.com\/index.php\/2024\/04\/11\/la-cgt-confirmo-un-nuevo-paro-general-para-el-9-de-mayo\/#primaryimage"},"thumbnailUrl":"https:\/\/apuntesdesanluis.com\/wp-content\/uploads\/2024\/04\/GGT.png","datePublished":"2024-04-12T00:28:30+00:00","breadcrumb":{"@id":"https:\/\/apuntesdesanluis.com\/index.php\/2024\/04\/11\/la-cgt-confirmo-un-nuevo-paro-general-para-el-9-de-mayo\/#breadcrumb"},"inLanguage":"es-AR","potentialAction":[{"@type":"ReadAction","target":["https:\/\/apuntesdesanluis.com\/index.php\/2024\/04\/11\/la-cgt-confirmo-un-nuevo-paro-general-para-el-9-de-mayo\/"]}]},{"@type":"ImageObject","inLanguage":"es-AR","@id":"https:\/\/apuntesdesanluis.com\/index.php\/2024\/04\/11\/la-cgt-confirmo-un-nuevo-paro-general-para-el-9-de-mayo\/#primaryimage","url":"https:\/\/apuntesdesanluis.com\/wp-content\/uploads\/2024\/04\/GGT.png","contentUrl":"https:\/\/apuntesdesanluis.com\/wp-content\/uploads\/2024\/04\/GGT.png","width":600,"height":342},{"@type":"BreadcrumbList","@id":"https:\/\/apuntesdesanluis.com\/index.php\/2024\/04\/11\/la-cgt-confirmo-un-nuevo-paro-general-para-el-9-de-mayo\/#breadcrumb","itemListElement":[{"@type":"ListItem","position":1,"name":"Inicio","item":"https:\/\/apuntesdesanluis.com\/"},{"@type":"ListItem","position":2,"name":"LA CGT CONFIRM\u00d3 UN NUEVO PARO GENERAL PARA EL 9 DE MAYO"}]},{"@type":"WebSite","@id":"https:\/\/apuntesdesanluis.com\/#website","url":"https:\/\/apuntesdesanluis.com\/","name":"Apuntes de San Luis","description":"","publisher":{"@id":"https:\/\/apuntesdesanluis.com\/#\/schema\/person\/b55151d52296fcce64d1a72538a70b90"},"potentialAction":[{"@type":"SearchAction","target":{"@type":"EntryPoint","urlTemplate":"https:\/\/apuntesdesanluis.com\/?s={search_term_string}"},"query-input":{"@type":"PropertyValueSpecification","valueRequired":true,"valueName":"search_term_string"}}],"inLanguage":"es-AR"},{"@type":["Person","Organization"],"@id":"https:\/\/apuntesdesanluis.com\/#\/schema\/person\/b55151d52296fcce64d1a72538a70b90","name":"apuntesdesanluis.com","image":{"@type":"ImageObject","inLanguage":"es-AR","@id":"https:\/\/apuntesdesanluis.com\/#\/schema\/person\/image\/","url":"https:\/\/apuntesdesanluis.com\/wp-content\/uploads\/2023\/07\/cropped-apuntesdesanluis.png","contentUrl":"https:\/\/apuntesdesanluis.com\/wp-content\/uploads\/2023\/07\/cropped-apuntesdesanluis.png","width":450,"height":112,"caption":"apuntesdesanluis.com"},"logo":{"@id":"https:\/\/apuntesdesanluis.com\/#\/schema\/person\/image\/"},"sameAs":["https:\/\/apuntesdesanluis.com"],"url":"https:\/\/apuntesdesanluis.com\/index.php\/author\/apuntesdesanluis-com\/"}]}},"featured_image_urls":{"full":["https:\/\/apuntesdesanluis.com\/wp-content\/uploads\/2024\/04\/GGT.png",600,342,false],"thumbnail":["https:\/\/apuntesdesanluis.com\/wp-content\/uploads\/2024\/04\/GGT-150x150.png",150,150,true],"medium":["https:\/\/apuntesdesanluis.com\/wp-content\/uploads\/2024\/04\/GGT-300x171.png",300,171,true],"medium_large":["https:\/\/apuntesdesanluis.com\/wp-content\/uploads\/2024\/04\/GGT.png",600,342,false],"large":["https:\/\/apuntesdesanluis.com\/wp-content\/uploads\/2024\/04\/GGT.png",600,342,false],"1536x1536":["https:\/\/apuntesdesanluis.com\/wp-content\/uploads\/2024\/04\/GGT.png",600,342,false],"2048x2048":["https:\/\/apuntesdesanluis.com\/wp-content\/uploads\/2024\/04\/GGT.png",600,342,false],"newsever-slider-full":["https:\/\/apuntesdesanluis.com\/wp-content\/uploads\/2024\/04\/GGT.png",600,342,false],"newsever-featured":["https:\/\/apuntesdesanluis.com\/wp-content\/uploads\/2024\/04\/GGT.png",600,342,false],"newsever-medium":["https:\/\/apuntesdesanluis.com\/wp-content\/uploads\/2024\/04\/GGT.png",600,342,false]},"author_info":{"display_name":"apuntesdesanluis.com","author_link":"https:\/\/apuntesdesanluis.com\/index.php\/author\/apuntesdesanluis-com\/"},"category_info":"<a href=\"https:\/\/apuntesdesanluis.com\/index.php\/category\/nacionales-internacionales\/\" rel=\"category tag\">Nacionales\/Internacionales<\/a>","tag_info":"Nacionales\/Internacionales","comment_count":"0","_links":{"self":[{"href":"https:\/\/apuntesdesanluis.com\/index.php\/wp-json\/wp\/v2\/posts\/14582","targetHints":{"allow":["GET"]}}],"collection":[{"href":"https:\/\/apuntesdesanluis.com\/index.php\/wp-json\/wp\/v2\/posts"}],"about":[{"href":"https:\/\/apuntesdesanluis.com\/index.php\/wp-json\/wp\/v2\/types\/post"}],"author":[{"embeddable":true,"href":"https:\/\/apuntesdesanluis.com\/index.php\/wp-json\/wp\/v2\/users\/1"}],"replies":[{"embeddable":true,"href":"https:\/\/apuntesdesanluis.com\/index.php\/wp-json\/wp\/v2\/comments?post=14582"}],"version-history":[{"count":1,"href":"https:\/\/apuntesdesanluis.com\/index.php\/wp-json\/wp\/v2\/posts\/14582\/revisions"}],"predecessor-version":[{"id":14584,"href":"https:\/\/apuntesdesanluis.com\/index.php\/wp-json\/wp\/v2\/posts\/14582\/revisions\/14584"}],"wp:featuredmedia":[{"embeddable":true,"href":"https:\/\/apuntesdesanluis.com\/index.php\/wp-json\/wp\/v2\/media\/14583"}],"wp:attachment":[{"href":"https:\/\/apuntesdesanluis.com\/index.php\/wp-json\/wp\/v2\/media?parent=14582"}],"wp:term":[{"taxonomy":"category","embeddable":true,"href":"https:\/\/apuntesdesanluis.com\/index.php\/wp-json\/wp\/v2\/categories?post=14582"},{"taxonomy":"post_tag","embeddable":true,"href":"https:\/\/apuntesdesanluis.com\/index.php\/wp-json\/wp\/v2\/tags?post=14582"}],"curies":[{"name":"wp","href":"https:\/\/api.w.org\/{rel}","templated":true}]}}