{"id":14612,"date":"2024-04-12T11:52:33","date_gmt":"2024-04-12T14:52:33","guid":{"rendered":"https:\/\/apuntesdesanluis.com\/?p=14612"},"modified":"2024-04-12T11:52:33","modified_gmt":"2024-04-12T14:52:33","slug":"el-ministro-endeiza-fundamento-los-beneficios-que-trae-eliminar-la-feria-judicial","status":"publish","type":"post","link":"https:\/\/apuntesdesanluis.com\/index.php\/2024\/04\/12\/el-ministro-endeiza-fundamento-los-beneficios-que-trae-eliminar-la-feria-judicial\/","title":{"rendered":"EL MINISTRO ENDEIZA FUNDAMENT\u00d3 LOS BENEFICIOS QUE TRAE ELIMINAR LA FERIA JUDICIAL"},"content":{"rendered":"<h3>El ministro de Gobierno, <strong>Facundo Endeiza<\/strong>, explic\u00f3 los alcances del proyecto de ley enviado por el Ejecutivo que pretende dejar de lado un privilegio del Estado, garantizando de todas maneras el funcionamiento ininterrumpido de la administraci\u00f3n de justicia.<\/h3>\n<h3>\u201cEl Poder Judicial tiene 30 d\u00edas de vacaciones en verano y 15 d\u00edas en julio, en total 45 d\u00edas en los cuales los plazos procesales y judiciales quedan suspendidos, lo que atenta contra el normal funcionamiento de la Justicia. Creemos que no hay raz\u00f3n para que se produzca esta paralizaci\u00f3n por tanto tiempo, porque perjudica b\u00e1sicamente a la gente que tiene alguna demanda o controversia judicial\u201d, indic\u00f3 el ministro de Gobierno, Facundo Endeiza, en relaci\u00f3n a las razones que fundamentaron la elaboraci\u00f3n de un proyecto de ley, ya enviado a la Legislatura, que pide eliminar la feria judicial.<\/h3>\n<h3>Durante la feria judicial, los plazos procesales no corren y se limita la atenci\u00f3n a unos pocos asuntos, lo que conduce a una acumulaci\u00f3n significativa de casos pendientes, sobrecargando el sistema judicial y retrasando la resoluci\u00f3n de conflictos. \u201cAspiramos a que el sistema de plazos y tiempos en la Justicia ya no se vean afectados por lo que hoy es la feria judicial y la atenci\u00f3n sea normal todo el a\u00f1o\u201d, agreg\u00f3 Endeiza.<\/h3>\n<p><iframe title=\"Facundo Endeiza, Ministro de Gobierno\" width=\"640\" height=\"360\" src=\"https:\/\/www.youtube.com\/embed\/H9GlNolpK-s?feature=oembed\" frameborder=\"0\" allow=\"accelerometer; autoplay; clipboard-write; encrypted-media; gyroscope; picture-in-picture; web-share\" referrerpolicy=\"strict-origin-when-cross-origin\" allowfullscreen><\/iframe><\/p>\n<h3>El proyecto es integral e implica una reorganizaci\u00f3n del sistema para garantizar la continuidad del servicio sin comprometer el derecho al descanso de quienes trabajan en el \u00e1mbito judicial. \u201cNo se toca ning\u00fan derecho adquirido. Se puede hacer una rotaci\u00f3n de personal, organizarse de otra manera para no perjudicar a ning\u00fan empleado en las vacaciones. Y es posible porque hay que tener en cuenta todos los avances en materia digital\u201d, explic\u00f3 Endeiza.<\/h3>\n<h3>Sostener un sistema tan antiguo como el actual, que comprende la feria por 45 d\u00edas, hoy no tiene raz\u00f3n de ser. Varios pa\u00edses de Sudam\u00e9rica la suprimieron y el personal judicial no se vio perjudicado. \u201cEn otros pa\u00edses la feria no existe, no hay ninguna suspensi\u00f3n de plazo ni paralizaci\u00f3n de nada y los empleados tienen sus vacaciones. En Argentina s\u00ed existe, por eso me parece que San Luis ser\u00e1 precursora con esta ley y en lo que a administraci\u00f3n de justicia se refiere\u201d, enfatiz\u00f3 el funcionario.<\/h3>\n<h3>La \u00faltima palabra la tiene hoy la Legislatura provincial, que es la que tratar\u00e1 el proyecto. \u201cLa idea, como dijo el Gobernador, es que estas propuestas sean discutidas y analizadas, no solo en lo que tiene que ver en las respectivas comisiones de la Legislatura, sino tambi\u00e9n con todos los sectores interesados\u201d, finaliz\u00f3 el Ministro.<\/h3>\n<p>&nbsp;<\/p>\n<p>&nbsp;<\/p>\n<p>&nbsp;<\/p>\n<p>&nbsp;<\/p>\n<p>&nbsp;<\/p>\n<p>&nbsp;<\/p>\n","protected":false},"excerpt":{"rendered":"<p>El ministro de Gobierno, Facundo Endeiza, explic\u00f3 los alcances del proyecto de ley enviado por&#8230;<\/p>\n","protected":false},"author":1,"featured_media":14613,"comment_status":"closed","ping_status":"closed","sticky":false,"template":"","format":"standard","meta":{"footnotes":""},"categories":[6],"tags":[],"class_list":["post-14612","post","type-post","status-publish","format-standard","has-post-thumbnail","hentry","category-ciudad-provincia"],"yoast_head":"<!-- This site is optimized with the Yoast SEO plugin v26.1.1 - https:\/\/yoast.com\/wordpress\/plugins\/seo\/ -->\n<title>EL MINISTRO ENDEIZA FUNDAMENT\u00d3 LOS BENEFICIOS QUE TRAE ELIMINAR LA FERIA JUDICIAL - Apuntes de San Luis<\/title>\n<meta name=\"robots\" content=\"index, follow, max-snippet:-1, max-image-preview:large, max-video-preview:-1\" \/>\n<link rel=\"canonical\" href=\"https:\/\/apuntesdesanluis.com\/index.php\/2024\/04\/12\/el-ministro-endeiza-fundamento-los-beneficios-que-trae-eliminar-la-feria-judicial\/\" \/>\n<meta property=\"og:locale\" content=\"es_ES\" \/>\n<meta property=\"og:type\" content=\"article\" \/>\n<meta property=\"og:title\" content=\"EL MINISTRO ENDEIZA FUNDAMENT\u00d3 LOS BENEFICIOS QUE TRAE ELIMINAR LA FERIA JUDICIAL - Apuntes de San Luis\" \/>\n<meta property=\"og:description\" content=\"El ministro de Gobierno, Facundo Endeiza, explic\u00f3 los alcances del proyecto de ley enviado por...\" \/>\n<meta property=\"og:url\" content=\"https:\/\/apuntesdesanluis.com\/index.php\/2024\/04\/12\/el-ministro-endeiza-fundamento-los-beneficios-que-trae-eliminar-la-feria-judicial\/\" \/>\n<meta property=\"og:site_name\" content=\"Apuntes de San Luis\" \/>\n<meta property=\"article:published_time\" content=\"2024-04-12T14:52:33+00:00\" \/>\n<meta property=\"og:image\" content=\"https:\/\/apuntesdesanluis.com\/wp-content\/uploads\/2024\/04\/FACUNDO-ENDEIZA.jpg\" \/>\n\t<meta property=\"og:image:width\" content=\"572\" \/>\n\t<meta property=\"og:image:height\" content=\"336\" \/>\n\t<meta property=\"og:image:type\" content=\"image\/jpeg\" \/>\n<meta name=\"author\" content=\"apuntesdesanluis.com\" \/>\n<meta name=\"twitter:card\" content=\"summary_large_image\" \/>\n<meta name=\"twitter:label1\" content=\"Escrito por\" \/>\n\t<meta name=\"twitter:data1\" content=\"apuntesdesanluis.com\" \/>\n\t<meta name=\"twitter:label2\" content=\"Tiempo de lectura\" \/>\n\t<meta name=\"twitter:data2\" content=\"2 minutos\" \/>\n<script type=\"application\/ld+json\" class=\"yoast-schema-graph\">{\"@context\":\"https:\/\/schema.org\",\"@graph\":[{\"@type\":\"Article\",\"@id\":\"https:\/\/apuntesdesanluis.com\/index.php\/2024\/04\/12\/el-ministro-endeiza-fundamento-los-beneficios-que-trae-eliminar-la-feria-judicial\/#article\",\"isPartOf\":{\"@id\":\"https:\/\/apuntesdesanluis.com\/index.php\/2024\/04\/12\/el-ministro-endeiza-fundamento-los-beneficios-que-trae-eliminar-la-feria-judicial\/\"},\"author\":{\"name\":\"apuntesdesanluis.com\",\"@id\":\"https:\/\/apuntesdesanluis.com\/#\/schema\/person\/b55151d52296fcce64d1a72538a70b90\"},\"headline\":\"EL MINISTRO ENDEIZA FUNDAMENT\u00d3 LOS BENEFICIOS QUE TRAE ELIMINAR LA FERIA JUDICIAL\",\"datePublished\":\"2024-04-12T14:52:33+00:00\",\"mainEntityOfPage\":{\"@id\":\"https:\/\/apuntesdesanluis.com\/index.php\/2024\/04\/12\/el-ministro-endeiza-fundamento-los-beneficios-que-trae-eliminar-la-feria-judicial\/\"},\"wordCount\":471,\"publisher\":{\"@id\":\"https:\/\/apuntesdesanluis.com\/#\/schema\/person\/b55151d52296fcce64d1a72538a70b90\"},\"image\":{\"@id\":\"https:\/\/apuntesdesanluis.com\/index.php\/2024\/04\/12\/el-ministro-endeiza-fundamento-los-beneficios-que-trae-eliminar-la-feria-judicial\/#primaryimage\"},\"thumbnailUrl\":\"https:\/\/apuntesdesanluis.com\/wp-content\/uploads\/2024\/04\/FACUNDO-ENDEIZA.jpg\",\"articleSection\":[\"Ciudad\/Provincia\"],\"inLanguage\":\"es-AR\"},{\"@type\":\"WebPage\",\"@id\":\"https:\/\/apuntesdesanluis.com\/index.php\/2024\/04\/12\/el-ministro-endeiza-fundamento-los-beneficios-que-trae-eliminar-la-feria-judicial\/\",\"url\":\"https:\/\/apuntesdesanluis.com\/index.php\/2024\/04\/12\/el-ministro-endeiza-fundamento-los-beneficios-que-trae-eliminar-la-feria-judicial\/\",\"name\":\"EL MINISTRO ENDEIZA FUNDAMENT\u00d3 LOS BENEFICIOS QUE TRAE ELIMINAR LA FERIA JUDICIAL - Apuntes de San Luis\",\"isPartOf\":{\"@id\":\"https:\/\/apuntesdesanluis.com\/#website\"},\"primaryImageOfPage\":{\"@id\":\"https:\/\/apuntesdesanluis.com\/index.php\/2024\/04\/12\/el-ministro-endeiza-fundamento-los-beneficios-que-trae-eliminar-la-feria-judicial\/#primaryimage\"},\"image\":{\"@id\":\"https:\/\/apuntesdesanluis.com\/index.php\/2024\/04\/12\/el-ministro-endeiza-fundamento-los-beneficios-que-trae-eliminar-la-feria-judicial\/#primaryimage\"},\"thumbnailUrl\":\"https:\/\/apuntesdesanluis.com\/wp-content\/uploads\/2024\/04\/FACUNDO-ENDEIZA.jpg\",\"datePublished\":\"2024-04-12T14:52:33+00:00\",\"breadcrumb\":{\"@id\":\"https:\/\/apuntesdesanluis.com\/index.php\/2024\/04\/12\/el-ministro-endeiza-fundamento-los-beneficios-que-trae-eliminar-la-feria-judicial\/#breadcrumb\"},\"inLanguage\":\"es-AR\",\"potentialAction\":[{\"@type\":\"ReadAction\",\"target\":[\"https:\/\/apuntesdesanluis.com\/index.php\/2024\/04\/12\/el-ministro-endeiza-fundamento-los-beneficios-que-trae-eliminar-la-feria-judicial\/\"]}]},{\"@type\":\"ImageObject\",\"inLanguage\":\"es-AR\",\"@id\":\"https:\/\/apuntesdesanluis.com\/index.php\/2024\/04\/12\/el-ministro-endeiza-fundamento-los-beneficios-que-trae-eliminar-la-feria-judicial\/#primaryimage\",\"url\":\"https:\/\/apuntesdesanluis.com\/wp-content\/uploads\/2024\/04\/FACUNDO-ENDEIZA.jpg\",\"contentUrl\":\"https:\/\/apuntesdesanluis.com\/wp-content\/uploads\/2024\/04\/FACUNDO-ENDEIZA.jpg\",\"width\":572,\"height\":336},{\"@type\":\"BreadcrumbList\",\"@id\":\"https:\/\/apuntesdesanluis.com\/index.php\/2024\/04\/12\/el-ministro-endeiza-fundamento-los-beneficios-que-trae-eliminar-la-feria-judicial\/#breadcrumb\",\"itemListElement\":[{\"@type\":\"ListItem\",\"position\":1,\"name\":\"Inicio\",\"item\":\"https:\/\/apuntesdesanluis.com\/\"},{\"@type\":\"ListItem\",\"position\":2,\"name\":\"EL MINISTRO ENDEIZA FUNDAMENT\u00d3 LOS BENEFICIOS QUE TRAE ELIMINAR LA FERIA JUDICIAL\"}]},{\"@type\":\"WebSite\",\"@id\":\"https:\/\/apuntesdesanluis.com\/#website\",\"url\":\"https:\/\/apuntesdesanluis.com\/\",\"name\":\"Apuntes de San Luis\",\"description\":\"\",\"publisher\":{\"@id\":\"https:\/\/apuntesdesanluis.com\/#\/schema\/person\/b55151d52296fcce64d1a72538a70b90\"},\"potentialAction\":[{\"@type\":\"SearchAction\",\"target\":{\"@type\":\"EntryPoint\",\"urlTemplate\":\"https:\/\/apuntesdesanluis.com\/?s={search_term_string}\"},\"query-input\":{\"@type\":\"PropertyValueSpecification\",\"valueRequired\":true,\"valueName\":\"search_term_string\"}}],\"inLanguage\":\"es-AR\"},{\"@type\":[\"Person\",\"Organization\"],\"@id\":\"https:\/\/apuntesdesanluis.com\/#\/schema\/person\/b55151d52296fcce64d1a72538a70b90\",\"name\":\"apuntesdesanluis.com\",\"image\":{\"@type\":\"ImageObject\",\"inLanguage\":\"es-AR\",\"@id\":\"https:\/\/apuntesdesanluis.com\/#\/schema\/person\/image\/\",\"url\":\"https:\/\/apuntesdesanluis.com\/wp-content\/uploads\/2023\/07\/cropped-apuntesdesanluis.png\",\"contentUrl\":\"https:\/\/apuntesdesanluis.com\/wp-content\/uploads\/2023\/07\/cropped-apuntesdesanluis.png\",\"width\":450,\"height\":112,\"caption\":\"apuntesdesanluis.com\"},\"logo\":{\"@id\":\"https:\/\/apuntesdesanluis.com\/#\/schema\/person\/image\/\"},\"sameAs\":[\"https:\/\/apuntesdesanluis.com\"],\"url\":\"https:\/\/apuntesdesanluis.com\/index.php\/author\/apuntesdesanluis-com\/\"}]}<\/script>\n<!-- \/ Yoast SEO plugin. -->","yoast_head_json":{"title":"EL MINISTRO ENDEIZA FUNDAMENT\u00d3 LOS BENEFICIOS QUE TRAE ELIMINAR LA FERIA JUDICIAL - Apuntes de San Luis","robots":{"index":"index","follow":"follow","max-snippet":"max-snippet:-1","max-image-preview":"max-image-preview:large","max-video-preview":"max-video-preview:-1"},"canonical":"https:\/\/apuntesdesanluis.com\/index.php\/2024\/04\/12\/el-ministro-endeiza-fundamento-los-beneficios-que-trae-eliminar-la-feria-judicial\/","og_locale":"es_ES","og_type":"article","og_title":"EL MINISTRO ENDEIZA FUNDAMENT\u00d3 LOS BENEFICIOS QUE TRAE ELIMINAR LA FERIA JUDICIAL - Apuntes de San Luis","og_description":"El ministro de Gobierno, Facundo Endeiza, explic\u00f3 los alcances del proyecto de ley enviado por...","og_url":"https:\/\/apuntesdesanluis.com\/index.php\/2024\/04\/12\/el-ministro-endeiza-fundamento-los-beneficios-que-trae-eliminar-la-feria-judicial\/","og_site_name":"Apuntes de San Luis","article_published_time":"2024-04-12T14:52:33+00:00","og_image":[{"width":572,"height":336,"url":"https:\/\/apuntesdesanluis.com\/wp-content\/uploads\/2024\/04\/FACUNDO-ENDEIZA.jpg","type":"image\/jpeg"}],"author":"apuntesdesanluis.com","twitter_card":"summary_large_image","twitter_misc":{"Escrito por":"apuntesdesanluis.com","Tiempo de lectura":"2 minutos"},"schema":{"@context":"https:\/\/schema.org","@graph":[{"@type":"Article","@id":"https:\/\/apuntesdesanluis.com\/index.php\/2024\/04\/12\/el-ministro-endeiza-fundamento-los-beneficios-que-trae-eliminar-la-feria-judicial\/#article","isPartOf":{"@id":"https:\/\/apuntesdesanluis.com\/index.php\/2024\/04\/12\/el-ministro-endeiza-fundamento-los-beneficios-que-trae-eliminar-la-feria-judicial\/"},"author":{"name":"apuntesdesanluis.com","@id":"https:\/\/apuntesdesanluis.com\/#\/schema\/person\/b55151d52296fcce64d1a72538a70b90"},"headline":"EL MINISTRO ENDEIZA FUNDAMENT\u00d3 LOS BENEFICIOS QUE TRAE ELIMINAR LA FERIA JUDICIAL","datePublished":"2024-04-12T14:52:33+00:00","mainEntityOfPage":{"@id":"https:\/\/apuntesdesanluis.com\/index.php\/2024\/04\/12\/el-ministro-endeiza-fundamento-los-beneficios-que-trae-eliminar-la-feria-judicial\/"},"wordCount":471,"publisher":{"@id":"https:\/\/apuntesdesanluis.com\/#\/schema\/person\/b55151d52296fcce64d1a72538a70b90"},"image":{"@id":"https:\/\/apuntesdesanluis.com\/index.php\/2024\/04\/12\/el-ministro-endeiza-fundamento-los-beneficios-que-trae-eliminar-la-feria-judicial\/#primaryimage"},"thumbnailUrl":"https:\/\/apuntesdesanluis.com\/wp-content\/uploads\/2024\/04\/FACUNDO-ENDEIZA.jpg","articleSection":["Ciudad\/Provincia"],"inLanguage":"es-AR"},{"@type":"WebPage","@id":"https:\/\/apuntesdesanluis.com\/index.php\/2024\/04\/12\/el-ministro-endeiza-fundamento-los-beneficios-que-trae-eliminar-la-feria-judicial\/","url":"https:\/\/apuntesdesanluis.com\/index.php\/2024\/04\/12\/el-ministro-endeiza-fundamento-los-beneficios-que-trae-eliminar-la-feria-judicial\/","name":"EL MINISTRO ENDEIZA FUNDAMENT\u00d3 LOS BENEFICIOS QUE TRAE ELIMINAR LA FERIA JUDICIAL - Apuntes de San Luis","isPartOf":{"@id":"https:\/\/apuntesdesanluis.com\/#website"},"primaryImageOfPage":{"@id":"https:\/\/apuntesdesanluis.com\/index.php\/2024\/04\/12\/el-ministro-endeiza-fundamento-los-beneficios-que-trae-eliminar-la-feria-judicial\/#primaryimage"},"image":{"@id":"https:\/\/apuntesdesanluis.com\/index.php\/2024\/04\/12\/el-ministro-endeiza-fundamento-los-beneficios-que-trae-eliminar-la-feria-judicial\/#primaryimage"},"thumbnailUrl":"https:\/\/apuntesdesanluis.com\/wp-content\/uploads\/2024\/04\/FACUNDO-ENDEIZA.jpg","datePublished":"2024-04-12T14:52:33+00:00","breadcrumb":{"@id":"https:\/\/apuntesdesanluis.com\/index.php\/2024\/04\/12\/el-ministro-endeiza-fundamento-los-beneficios-que-trae-eliminar-la-feria-judicial\/#breadcrumb"},"inLanguage":"es-AR","potentialAction":[{"@type":"ReadAction","target":["https:\/\/apuntesdesanluis.com\/index.php\/2024\/04\/12\/el-ministro-endeiza-fundamento-los-beneficios-que-trae-eliminar-la-feria-judicial\/"]}]},{"@type":"ImageObject","inLanguage":"es-AR","@id":"https:\/\/apuntesdesanluis.com\/index.php\/2024\/04\/12\/el-ministro-endeiza-fundamento-los-beneficios-que-trae-eliminar-la-feria-judicial\/#primaryimage","url":"https:\/\/apuntesdesanluis.com\/wp-content\/uploads\/2024\/04\/FACUNDO-ENDEIZA.jpg","contentUrl":"https:\/\/apuntesdesanluis.com\/wp-content\/uploads\/2024\/04\/FACUNDO-ENDEIZA.jpg","width":572,"height":336},{"@type":"BreadcrumbList","@id":"https:\/\/apuntesdesanluis.com\/index.php\/2024\/04\/12\/el-ministro-endeiza-fundamento-los-beneficios-que-trae-eliminar-la-feria-judicial\/#breadcrumb","itemListElement":[{"@type":"ListItem","position":1,"name":"Inicio","item":"https:\/\/apuntesdesanluis.com\/"},{"@type":"ListItem","position":2,"name":"EL MINISTRO ENDEIZA FUNDAMENT\u00d3 LOS BENEFICIOS QUE TRAE ELIMINAR LA FERIA JUDICIAL"}]},{"@type":"WebSite","@id":"https:\/\/apuntesdesanluis.com\/#website","url":"https:\/\/apuntesdesanluis.com\/","name":"Apuntes de San Luis","description":"","publisher":{"@id":"https:\/\/apuntesdesanluis.com\/#\/schema\/person\/b55151d52296fcce64d1a72538a70b90"},"potentialAction":[{"@type":"SearchAction","target":{"@type":"EntryPoint","urlTemplate":"https:\/\/apuntesdesanluis.com\/?s={search_term_string}"},"query-input":{"@type":"PropertyValueSpecification","valueRequired":true,"valueName":"search_term_string"}}],"inLanguage":"es-AR"},{"@type":["Person","Organization"],"@id":"https:\/\/apuntesdesanluis.com\/#\/schema\/person\/b55151d52296fcce64d1a72538a70b90","name":"apuntesdesanluis.com","image":{"@type":"ImageObject","inLanguage":"es-AR","@id":"https:\/\/apuntesdesanluis.com\/#\/schema\/person\/image\/","url":"https:\/\/apuntesdesanluis.com\/wp-content\/uploads\/2023\/07\/cropped-apuntesdesanluis.png","contentUrl":"https:\/\/apuntesdesanluis.com\/wp-content\/uploads\/2023\/07\/cropped-apuntesdesanluis.png","width":450,"height":112,"caption":"apuntesdesanluis.com"},"logo":{"@id":"https:\/\/apuntesdesanluis.com\/#\/schema\/person\/image\/"},"sameAs":["https:\/\/apuntesdesanluis.com"],"url":"https:\/\/apuntesdesanluis.com\/index.php\/author\/apuntesdesanluis-com\/"}]}},"featured_image_urls":{"full":["https:\/\/apuntesdesanluis.com\/wp-content\/uploads\/2024\/04\/FACUNDO-ENDEIZA.jpg",572,336,false],"thumbnail":["https:\/\/apuntesdesanluis.com\/wp-content\/uploads\/2024\/04\/FACUNDO-ENDEIZA-150x150.jpg",150,150,true],"medium":["https:\/\/apuntesdesanluis.com\/wp-content\/uploads\/2024\/04\/FACUNDO-ENDEIZA-300x176.jpg",300,176,true],"medium_large":["https:\/\/apuntesdesanluis.com\/wp-content\/uploads\/2024\/04\/FACUNDO-ENDEIZA.jpg",572,336,false],"large":["https:\/\/apuntesdesanluis.com\/wp-content\/uploads\/2024\/04\/FACUNDO-ENDEIZA.jpg",572,336,false],"1536x1536":["https:\/\/apuntesdesanluis.com\/wp-content\/uploads\/2024\/04\/FACUNDO-ENDEIZA.jpg",572,336,false],"2048x2048":["https:\/\/apuntesdesanluis.com\/wp-content\/uploads\/2024\/04\/FACUNDO-ENDEIZA.jpg",572,336,false],"newsever-slider-full":["https:\/\/apuntesdesanluis.com\/wp-content\/uploads\/2024\/04\/FACUNDO-ENDEIZA.jpg",572,336,false],"newsever-featured":["https:\/\/apuntesdesanluis.com\/wp-content\/uploads\/2024\/04\/FACUNDO-ENDEIZA.jpg",572,336,false],"newsever-medium":["https:\/\/apuntesdesanluis.com\/wp-content\/uploads\/2024\/04\/FACUNDO-ENDEIZA.jpg",572,336,false]},"author_info":{"display_name":"apuntesdesanluis.com","author_link":"https:\/\/apuntesdesanluis.com\/index.php\/author\/apuntesdesanluis-com\/"},"category_info":"<a href=\"https:\/\/apuntesdesanluis.com\/index.php\/category\/ciudad-provincia\/\" rel=\"category tag\">Ciudad\/Provincia<\/a>","tag_info":"Ciudad\/Provincia","comment_count":"0","_links":{"self":[{"href":"https:\/\/apuntesdesanluis.com\/index.php\/wp-json\/wp\/v2\/posts\/14612","targetHints":{"allow":["GET"]}}],"collection":[{"href":"https:\/\/apuntesdesanluis.com\/index.php\/wp-json\/wp\/v2\/posts"}],"about":[{"href":"https:\/\/apuntesdesanluis.com\/index.php\/wp-json\/wp\/v2\/types\/post"}],"author":[{"embeddable":true,"href":"https:\/\/apuntesdesanluis.com\/index.php\/wp-json\/wp\/v2\/users\/1"}],"replies":[{"embeddable":true,"href":"https:\/\/apuntesdesanluis.com\/index.php\/wp-json\/wp\/v2\/comments?post=14612"}],"version-history":[{"count":1,"href":"https:\/\/apuntesdesanluis.com\/index.php\/wp-json\/wp\/v2\/posts\/14612\/revisions"}],"predecessor-version":[{"id":14614,"href":"https:\/\/apuntesdesanluis.com\/index.php\/wp-json\/wp\/v2\/posts\/14612\/revisions\/14614"}],"wp:featuredmedia":[{"embeddable":true,"href":"https:\/\/apuntesdesanluis.com\/index.php\/wp-json\/wp\/v2\/media\/14613"}],"wp:attachment":[{"href":"https:\/\/apuntesdesanluis.com\/index.php\/wp-json\/wp\/v2\/media?parent=14612"}],"wp:term":[{"taxonomy":"category","embeddable":true,"href":"https:\/\/apuntesdesanluis.com\/index.php\/wp-json\/wp\/v2\/categories?post=14612"},{"taxonomy":"post_tag","embeddable":true,"href":"https:\/\/apuntesdesanluis.com\/index.php\/wp-json\/wp\/v2\/tags?post=14612"}],"curies":[{"name":"wp","href":"https:\/\/api.w.org\/{rel}","templated":true}]}}