{"id":1464,"date":"2023-08-11T15:16:26","date_gmt":"2023-08-11T18:16:26","guid":{"rendered":"https:\/\/apuntesdesanluis.com\/?p=1464"},"modified":"2023-08-11T15:16:26","modified_gmt":"2023-08-11T18:16:26","slug":"juan-alvarez-pinto-recibio-al-intendente-electo-de-mina-clavero","status":"publish","type":"post","link":"https:\/\/apuntesdesanluis.com\/index.php\/2023\/08\/11\/juan-alvarez-pinto-recibio-al-intendente-electo-de-mina-clavero\/","title":{"rendered":"JUAN \u00c1LVAREZ PINTO RECIBI\u00d3 AL INTENDENTE ELECTO DE MINA CLAVERO"},"content":{"rendered":"<h3>Este viernes por la ma\u00f1ana el intendente de la Villa de Merlo, <strong>Juan \u00c1lvarez Pinto<\/strong>, recibi\u00f3 al intendente electo de la localidad cordobesa de Mina Clavero, <strong>Luis Quiroga<\/strong>, quien viaj\u00f3 acompa\u00f1ado por su futuro jefe de Gabinete, Mart\u00edn Zaz\u00fa y su futuro secretario de Turismo, Alberto P\u00e9rez.<\/h3>\n<h3>La reuni\u00f3n, a la que tambi\u00e9n asistieron el jefe de Gabinete merlino, Bruno Mini y el presidente del Concejo Deliberante, Leonardo Rodriguez, se desarroll\u00f3 en el marco de una serie de estrategias conjuntas que se est\u00e1n entablando entre ambas ciudades para fortalecer el turismo dentro de la regi\u00f3n.<\/h3>\n<p><img fetchpriority=\"high\" decoding=\"async\" class=\"wp-image-1466 aligncenter\" src=\"https:\/\/apuntesdesanluis.com\/wp-content\/uploads\/2023\/08\/alvarez-pinto-300x225.jpg\" alt=\"\" width=\"541\" height=\"406\" srcset=\"https:\/\/apuntesdesanluis.com\/wp-content\/uploads\/2023\/08\/alvarez-pinto-300x225.jpg 300w, https:\/\/apuntesdesanluis.com\/wp-content\/uploads\/2023\/08\/alvarez-pinto.jpg 600w\" sizes=\"(max-width: 541px) 100vw, 541px\" \/><\/p>\n<h3>\u201cEsta reuni\u00f3n ratifica el compromiso que hemos sostenido desde la gesti\u00f3n municipal para impulsar la actividad tur\u00edstica y establecer lazos con las localidades vecinas, apoy\u00e1ndonos en las pol\u00edticas p\u00fablicas y las entidades privadas, en pos de un beneficio para toda la comunidad\u201d, dijo \u00c1lvarez Pinto.<\/h3>\n","protected":false},"excerpt":{"rendered":"<p>Este viernes por la ma\u00f1ana el intendente de la Villa de Merlo, Juan \u00c1lvarez Pinto,&#8230;<\/p>\n","protected":false},"author":1,"featured_media":1465,"comment_status":"closed","ping_status":"closed","sticky":false,"template":"","format":"standard","meta":{"footnotes":""},"categories":[6],"tags":[],"class_list":["post-1464","post","type-post","status-publish","format-standard","has-post-thumbnail","hentry","category-ciudad-provincia"],"yoast_head":"<!-- This site is optimized with the Yoast SEO plugin v26.1.1 - https:\/\/yoast.com\/wordpress\/plugins\/seo\/ -->\n<title>JUAN \u00c1LVAREZ PINTO RECIBI\u00d3 AL INTENDENTE ELECTO DE MINA CLAVERO - Apuntes de San Luis<\/title>\n<meta name=\"robots\" content=\"index, follow, max-snippet:-1, max-image-preview:large, max-video-preview:-1\" \/>\n<link rel=\"canonical\" href=\"https:\/\/apuntesdesanluis.com\/index.php\/2023\/08\/11\/juan-alvarez-pinto-recibio-al-intendente-electo-de-mina-clavero\/\" \/>\n<meta property=\"og:locale\" content=\"es_ES\" \/>\n<meta property=\"og:type\" content=\"article\" \/>\n<meta property=\"og:title\" content=\"JUAN \u00c1LVAREZ PINTO RECIBI\u00d3 AL INTENDENTE ELECTO DE MINA CLAVERO - Apuntes de San Luis\" \/>\n<meta property=\"og:description\" content=\"Este viernes por la ma\u00f1ana el intendente de la Villa de Merlo, Juan \u00c1lvarez Pinto,...\" \/>\n<meta property=\"og:url\" content=\"https:\/\/apuntesdesanluis.com\/index.php\/2023\/08\/11\/juan-alvarez-pinto-recibio-al-intendente-electo-de-mina-clavero\/\" \/>\n<meta property=\"og:site_name\" content=\"Apuntes de San Luis\" \/>\n<meta property=\"article:published_time\" content=\"2023-08-11T18:16:26+00:00\" \/>\n<meta property=\"og:image\" content=\"https:\/\/apuntesdesanluis.com\/wp-content\/uploads\/2023\/08\/alvarez-reunion.jpg\" \/>\n\t<meta property=\"og:image:width\" content=\"596\" \/>\n\t<meta property=\"og:image:height\" content=\"408\" \/>\n\t<meta property=\"og:image:type\" content=\"image\/jpeg\" \/>\n<meta name=\"author\" content=\"apuntesdesanluis.com\" \/>\n<meta name=\"twitter:card\" content=\"summary_large_image\" \/>\n<meta name=\"twitter:label1\" content=\"Escrito por\" \/>\n\t<meta name=\"twitter:data1\" content=\"apuntesdesanluis.com\" \/>\n\t<meta name=\"twitter:label2\" content=\"Tiempo de lectura\" \/>\n\t<meta name=\"twitter:data2\" content=\"1 minuto\" \/>\n<script type=\"application\/ld+json\" class=\"yoast-schema-graph\">{\"@context\":\"https:\/\/schema.org\",\"@graph\":[{\"@type\":\"Article\",\"@id\":\"https:\/\/apuntesdesanluis.com\/index.php\/2023\/08\/11\/juan-alvarez-pinto-recibio-al-intendente-electo-de-mina-clavero\/#article\",\"isPartOf\":{\"@id\":\"https:\/\/apuntesdesanluis.com\/index.php\/2023\/08\/11\/juan-alvarez-pinto-recibio-al-intendente-electo-de-mina-clavero\/\"},\"author\":{\"name\":\"apuntesdesanluis.com\",\"@id\":\"https:\/\/apuntesdesanluis.com\/#\/schema\/person\/b55151d52296fcce64d1a72538a70b90\"},\"headline\":\"JUAN \u00c1LVAREZ PINTO RECIBI\u00d3 AL INTENDENTE ELECTO DE MINA CLAVERO\",\"datePublished\":\"2023-08-11T18:16:26+00:00\",\"mainEntityOfPage\":{\"@id\":\"https:\/\/apuntesdesanluis.com\/index.php\/2023\/08\/11\/juan-alvarez-pinto-recibio-al-intendente-electo-de-mina-clavero\/\"},\"wordCount\":164,\"publisher\":{\"@id\":\"https:\/\/apuntesdesanluis.com\/#\/schema\/person\/b55151d52296fcce64d1a72538a70b90\"},\"image\":{\"@id\":\"https:\/\/apuntesdesanluis.com\/index.php\/2023\/08\/11\/juan-alvarez-pinto-recibio-al-intendente-electo-de-mina-clavero\/#primaryimage\"},\"thumbnailUrl\":\"https:\/\/apuntesdesanluis.com\/wp-content\/uploads\/2023\/08\/alvarez-reunion.jpg\",\"articleSection\":[\"Ciudad\/Provincia\"],\"inLanguage\":\"es-AR\"},{\"@type\":\"WebPage\",\"@id\":\"https:\/\/apuntesdesanluis.com\/index.php\/2023\/08\/11\/juan-alvarez-pinto-recibio-al-intendente-electo-de-mina-clavero\/\",\"url\":\"https:\/\/apuntesdesanluis.com\/index.php\/2023\/08\/11\/juan-alvarez-pinto-recibio-al-intendente-electo-de-mina-clavero\/\",\"name\":\"JUAN \u00c1LVAREZ PINTO RECIBI\u00d3 AL INTENDENTE ELECTO DE MINA CLAVERO - Apuntes de San Luis\",\"isPartOf\":{\"@id\":\"https:\/\/apuntesdesanluis.com\/#website\"},\"primaryImageOfPage\":{\"@id\":\"https:\/\/apuntesdesanluis.com\/index.php\/2023\/08\/11\/juan-alvarez-pinto-recibio-al-intendente-electo-de-mina-clavero\/#primaryimage\"},\"image\":{\"@id\":\"https:\/\/apuntesdesanluis.com\/index.php\/2023\/08\/11\/juan-alvarez-pinto-recibio-al-intendente-electo-de-mina-clavero\/#primaryimage\"},\"thumbnailUrl\":\"https:\/\/apuntesdesanluis.com\/wp-content\/uploads\/2023\/08\/alvarez-reunion.jpg\",\"datePublished\":\"2023-08-11T18:16:26+00:00\",\"breadcrumb\":{\"@id\":\"https:\/\/apuntesdesanluis.com\/index.php\/2023\/08\/11\/juan-alvarez-pinto-recibio-al-intendente-electo-de-mina-clavero\/#breadcrumb\"},\"inLanguage\":\"es-AR\",\"potentialAction\":[{\"@type\":\"ReadAction\",\"target\":[\"https:\/\/apuntesdesanluis.com\/index.php\/2023\/08\/11\/juan-alvarez-pinto-recibio-al-intendente-electo-de-mina-clavero\/\"]}]},{\"@type\":\"ImageObject\",\"inLanguage\":\"es-AR\",\"@id\":\"https:\/\/apuntesdesanluis.com\/index.php\/2023\/08\/11\/juan-alvarez-pinto-recibio-al-intendente-electo-de-mina-clavero\/#primaryimage\",\"url\":\"https:\/\/apuntesdesanluis.com\/wp-content\/uploads\/2023\/08\/alvarez-reunion.jpg\",\"contentUrl\":\"https:\/\/apuntesdesanluis.com\/wp-content\/uploads\/2023\/08\/alvarez-reunion.jpg\",\"width\":596,\"height\":408},{\"@type\":\"BreadcrumbList\",\"@id\":\"https:\/\/apuntesdesanluis.com\/index.php\/2023\/08\/11\/juan-alvarez-pinto-recibio-al-intendente-electo-de-mina-clavero\/#breadcrumb\",\"itemListElement\":[{\"@type\":\"ListItem\",\"position\":1,\"name\":\"Inicio\",\"item\":\"https:\/\/apuntesdesanluis.com\/\"},{\"@type\":\"ListItem\",\"position\":2,\"name\":\"JUAN \u00c1LVAREZ PINTO RECIBI\u00d3 AL INTENDENTE ELECTO DE MINA CLAVERO\"}]},{\"@type\":\"WebSite\",\"@id\":\"https:\/\/apuntesdesanluis.com\/#website\",\"url\":\"https:\/\/apuntesdesanluis.com\/\",\"name\":\"Apuntes de San Luis\",\"description\":\"\",\"publisher\":{\"@id\":\"https:\/\/apuntesdesanluis.com\/#\/schema\/person\/b55151d52296fcce64d1a72538a70b90\"},\"potentialAction\":[{\"@type\":\"SearchAction\",\"target\":{\"@type\":\"EntryPoint\",\"urlTemplate\":\"https:\/\/apuntesdesanluis.com\/?s={search_term_string}\"},\"query-input\":{\"@type\":\"PropertyValueSpecification\",\"valueRequired\":true,\"valueName\":\"search_term_string\"}}],\"inLanguage\":\"es-AR\"},{\"@type\":[\"Person\",\"Organization\"],\"@id\":\"https:\/\/apuntesdesanluis.com\/#\/schema\/person\/b55151d52296fcce64d1a72538a70b90\",\"name\":\"apuntesdesanluis.com\",\"image\":{\"@type\":\"ImageObject\",\"inLanguage\":\"es-AR\",\"@id\":\"https:\/\/apuntesdesanluis.com\/#\/schema\/person\/image\/\",\"url\":\"https:\/\/apuntesdesanluis.com\/wp-content\/uploads\/2023\/07\/cropped-apuntesdesanluis.png\",\"contentUrl\":\"https:\/\/apuntesdesanluis.com\/wp-content\/uploads\/2023\/07\/cropped-apuntesdesanluis.png\",\"width\":450,\"height\":112,\"caption\":\"apuntesdesanluis.com\"},\"logo\":{\"@id\":\"https:\/\/apuntesdesanluis.com\/#\/schema\/person\/image\/\"},\"sameAs\":[\"https:\/\/apuntesdesanluis.com\"],\"url\":\"https:\/\/apuntesdesanluis.com\/index.php\/author\/apuntesdesanluis-com\/\"}]}<\/script>\n<!-- \/ Yoast SEO plugin. -->","yoast_head_json":{"title":"JUAN \u00c1LVAREZ PINTO RECIBI\u00d3 AL INTENDENTE ELECTO DE MINA CLAVERO - Apuntes de San Luis","robots":{"index":"index","follow":"follow","max-snippet":"max-snippet:-1","max-image-preview":"max-image-preview:large","max-video-preview":"max-video-preview:-1"},"canonical":"https:\/\/apuntesdesanluis.com\/index.php\/2023\/08\/11\/juan-alvarez-pinto-recibio-al-intendente-electo-de-mina-clavero\/","og_locale":"es_ES","og_type":"article","og_title":"JUAN \u00c1LVAREZ PINTO RECIBI\u00d3 AL INTENDENTE ELECTO DE MINA CLAVERO - Apuntes de San Luis","og_description":"Este viernes por la ma\u00f1ana el intendente de la Villa de Merlo, Juan \u00c1lvarez Pinto,...","og_url":"https:\/\/apuntesdesanluis.com\/index.php\/2023\/08\/11\/juan-alvarez-pinto-recibio-al-intendente-electo-de-mina-clavero\/","og_site_name":"Apuntes de San Luis","article_published_time":"2023-08-11T18:16:26+00:00","og_image":[{"width":596,"height":408,"url":"https:\/\/apuntesdesanluis.com\/wp-content\/uploads\/2023\/08\/alvarez-reunion.jpg","type":"image\/jpeg"}],"author":"apuntesdesanluis.com","twitter_card":"summary_large_image","twitter_misc":{"Escrito por":"apuntesdesanluis.com","Tiempo de lectura":"1 minuto"},"schema":{"@context":"https:\/\/schema.org","@graph":[{"@type":"Article","@id":"https:\/\/apuntesdesanluis.com\/index.php\/2023\/08\/11\/juan-alvarez-pinto-recibio-al-intendente-electo-de-mina-clavero\/#article","isPartOf":{"@id":"https:\/\/apuntesdesanluis.com\/index.php\/2023\/08\/11\/juan-alvarez-pinto-recibio-al-intendente-electo-de-mina-clavero\/"},"author":{"name":"apuntesdesanluis.com","@id":"https:\/\/apuntesdesanluis.com\/#\/schema\/person\/b55151d52296fcce64d1a72538a70b90"},"headline":"JUAN \u00c1LVAREZ PINTO RECIBI\u00d3 AL INTENDENTE ELECTO DE MINA CLAVERO","datePublished":"2023-08-11T18:16:26+00:00","mainEntityOfPage":{"@id":"https:\/\/apuntesdesanluis.com\/index.php\/2023\/08\/11\/juan-alvarez-pinto-recibio-al-intendente-electo-de-mina-clavero\/"},"wordCount":164,"publisher":{"@id":"https:\/\/apuntesdesanluis.com\/#\/schema\/person\/b55151d52296fcce64d1a72538a70b90"},"image":{"@id":"https:\/\/apuntesdesanluis.com\/index.php\/2023\/08\/11\/juan-alvarez-pinto-recibio-al-intendente-electo-de-mina-clavero\/#primaryimage"},"thumbnailUrl":"https:\/\/apuntesdesanluis.com\/wp-content\/uploads\/2023\/08\/alvarez-reunion.jpg","articleSection":["Ciudad\/Provincia"],"inLanguage":"es-AR"},{"@type":"WebPage","@id":"https:\/\/apuntesdesanluis.com\/index.php\/2023\/08\/11\/juan-alvarez-pinto-recibio-al-intendente-electo-de-mina-clavero\/","url":"https:\/\/apuntesdesanluis.com\/index.php\/2023\/08\/11\/juan-alvarez-pinto-recibio-al-intendente-electo-de-mina-clavero\/","name":"JUAN \u00c1LVAREZ PINTO RECIBI\u00d3 AL INTENDENTE ELECTO DE MINA CLAVERO - Apuntes de San Luis","isPartOf":{"@id":"https:\/\/apuntesdesanluis.com\/#website"},"primaryImageOfPage":{"@id":"https:\/\/apuntesdesanluis.com\/index.php\/2023\/08\/11\/juan-alvarez-pinto-recibio-al-intendente-electo-de-mina-clavero\/#primaryimage"},"image":{"@id":"https:\/\/apuntesdesanluis.com\/index.php\/2023\/08\/11\/juan-alvarez-pinto-recibio-al-intendente-electo-de-mina-clavero\/#primaryimage"},"thumbnailUrl":"https:\/\/apuntesdesanluis.com\/wp-content\/uploads\/2023\/08\/alvarez-reunion.jpg","datePublished":"2023-08-11T18:16:26+00:00","breadcrumb":{"@id":"https:\/\/apuntesdesanluis.com\/index.php\/2023\/08\/11\/juan-alvarez-pinto-recibio-al-intendente-electo-de-mina-clavero\/#breadcrumb"},"inLanguage":"es-AR","potentialAction":[{"@type":"ReadAction","target":["https:\/\/apuntesdesanluis.com\/index.php\/2023\/08\/11\/juan-alvarez-pinto-recibio-al-intendente-electo-de-mina-clavero\/"]}]},{"@type":"ImageObject","inLanguage":"es-AR","@id":"https:\/\/apuntesdesanluis.com\/index.php\/2023\/08\/11\/juan-alvarez-pinto-recibio-al-intendente-electo-de-mina-clavero\/#primaryimage","url":"https:\/\/apuntesdesanluis.com\/wp-content\/uploads\/2023\/08\/alvarez-reunion.jpg","contentUrl":"https:\/\/apuntesdesanluis.com\/wp-content\/uploads\/2023\/08\/alvarez-reunion.jpg","width":596,"height":408},{"@type":"BreadcrumbList","@id":"https:\/\/apuntesdesanluis.com\/index.php\/2023\/08\/11\/juan-alvarez-pinto-recibio-al-intendente-electo-de-mina-clavero\/#breadcrumb","itemListElement":[{"@type":"ListItem","position":1,"name":"Inicio","item":"https:\/\/apuntesdesanluis.com\/"},{"@type":"ListItem","position":2,"name":"JUAN \u00c1LVAREZ PINTO RECIBI\u00d3 AL INTENDENTE ELECTO DE MINA CLAVERO"}]},{"@type":"WebSite","@id":"https:\/\/apuntesdesanluis.com\/#website","url":"https:\/\/apuntesdesanluis.com\/","name":"Apuntes de San Luis","description":"","publisher":{"@id":"https:\/\/apuntesdesanluis.com\/#\/schema\/person\/b55151d52296fcce64d1a72538a70b90"},"potentialAction":[{"@type":"SearchAction","target":{"@type":"EntryPoint","urlTemplate":"https:\/\/apuntesdesanluis.com\/?s={search_term_string}"},"query-input":{"@type":"PropertyValueSpecification","valueRequired":true,"valueName":"search_term_string"}}],"inLanguage":"es-AR"},{"@type":["Person","Organization"],"@id":"https:\/\/apuntesdesanluis.com\/#\/schema\/person\/b55151d52296fcce64d1a72538a70b90","name":"apuntesdesanluis.com","image":{"@type":"ImageObject","inLanguage":"es-AR","@id":"https:\/\/apuntesdesanluis.com\/#\/schema\/person\/image\/","url":"https:\/\/apuntesdesanluis.com\/wp-content\/uploads\/2023\/07\/cropped-apuntesdesanluis.png","contentUrl":"https:\/\/apuntesdesanluis.com\/wp-content\/uploads\/2023\/07\/cropped-apuntesdesanluis.png","width":450,"height":112,"caption":"apuntesdesanluis.com"},"logo":{"@id":"https:\/\/apuntesdesanluis.com\/#\/schema\/person\/image\/"},"sameAs":["https:\/\/apuntesdesanluis.com"],"url":"https:\/\/apuntesdesanluis.com\/index.php\/author\/apuntesdesanluis-com\/"}]}},"featured_image_urls":{"full":["https:\/\/apuntesdesanluis.com\/wp-content\/uploads\/2023\/08\/alvarez-reunion.jpg",596,408,false],"thumbnail":["https:\/\/apuntesdesanluis.com\/wp-content\/uploads\/2023\/08\/alvarez-reunion-150x150.jpg",150,150,true],"medium":["https:\/\/apuntesdesanluis.com\/wp-content\/uploads\/2023\/08\/alvarez-reunion-300x205.jpg",300,205,true],"medium_large":["https:\/\/apuntesdesanluis.com\/wp-content\/uploads\/2023\/08\/alvarez-reunion.jpg",596,408,false],"large":["https:\/\/apuntesdesanluis.com\/wp-content\/uploads\/2023\/08\/alvarez-reunion.jpg",596,408,false],"1536x1536":["https:\/\/apuntesdesanluis.com\/wp-content\/uploads\/2023\/08\/alvarez-reunion.jpg",596,408,false],"2048x2048":["https:\/\/apuntesdesanluis.com\/wp-content\/uploads\/2023\/08\/alvarez-reunion.jpg",596,408,false],"newsever-slider-full":["https:\/\/apuntesdesanluis.com\/wp-content\/uploads\/2023\/08\/alvarez-reunion.jpg",596,408,false],"newsever-featured":["https:\/\/apuntesdesanluis.com\/wp-content\/uploads\/2023\/08\/alvarez-reunion.jpg",596,408,false],"newsever-medium":["https:\/\/apuntesdesanluis.com\/wp-content\/uploads\/2023\/08\/alvarez-reunion.jpg",596,408,false]},"author_info":{"display_name":"apuntesdesanluis.com","author_link":"https:\/\/apuntesdesanluis.com\/index.php\/author\/apuntesdesanluis-com\/"},"category_info":"<a href=\"https:\/\/apuntesdesanluis.com\/index.php\/category\/ciudad-provincia\/\" rel=\"category tag\">Ciudad\/Provincia<\/a>","tag_info":"Ciudad\/Provincia","comment_count":"0","_links":{"self":[{"href":"https:\/\/apuntesdesanluis.com\/index.php\/wp-json\/wp\/v2\/posts\/1464","targetHints":{"allow":["GET"]}}],"collection":[{"href":"https:\/\/apuntesdesanluis.com\/index.php\/wp-json\/wp\/v2\/posts"}],"about":[{"href":"https:\/\/apuntesdesanluis.com\/index.php\/wp-json\/wp\/v2\/types\/post"}],"author":[{"embeddable":true,"href":"https:\/\/apuntesdesanluis.com\/index.php\/wp-json\/wp\/v2\/users\/1"}],"replies":[{"embeddable":true,"href":"https:\/\/apuntesdesanluis.com\/index.php\/wp-json\/wp\/v2\/comments?post=1464"}],"version-history":[{"count":1,"href":"https:\/\/apuntesdesanluis.com\/index.php\/wp-json\/wp\/v2\/posts\/1464\/revisions"}],"predecessor-version":[{"id":1467,"href":"https:\/\/apuntesdesanluis.com\/index.php\/wp-json\/wp\/v2\/posts\/1464\/revisions\/1467"}],"wp:featuredmedia":[{"embeddable":true,"href":"https:\/\/apuntesdesanluis.com\/index.php\/wp-json\/wp\/v2\/media\/1465"}],"wp:attachment":[{"href":"https:\/\/apuntesdesanluis.com\/index.php\/wp-json\/wp\/v2\/media?parent=1464"}],"wp:term":[{"taxonomy":"category","embeddable":true,"href":"https:\/\/apuntesdesanluis.com\/index.php\/wp-json\/wp\/v2\/categories?post=1464"},{"taxonomy":"post_tag","embeddable":true,"href":"https:\/\/apuntesdesanluis.com\/index.php\/wp-json\/wp\/v2\/tags?post=1464"}],"curies":[{"name":"wp","href":"https:\/\/api.w.org\/{rel}","templated":true}]}}