{"id":14643,"date":"2024-04-12T21:35:30","date_gmt":"2024-04-13T00:35:30","guid":{"rendered":"https:\/\/apuntesdesanluis.com\/?p=14643"},"modified":"2024-04-12T21:35:30","modified_gmt":"2024-04-13T00:35:30","slug":"milei-se-reunio-con-elon-musk-y-recorrio-la-fabrica-de-tesla","status":"publish","type":"post","link":"https:\/\/apuntesdesanluis.com\/index.php\/2024\/04\/12\/milei-se-reunio-con-elon-musk-y-recorrio-la-fabrica-de-tesla\/","title":{"rendered":"MILEI SE REUNI\u00d3 CON ELON MUSK Y RECORRI\u00d3 LA F\u00c1BRICA DE TESLA"},"content":{"rendered":"<h3>El presidente <strong>Javier Milei<\/strong> se reuni\u00f3 con el poderoso empresario <strong>Elon Musk<\/strong> en Austin, Estado de Texas, en el marco de su gira por Estados Unidos. Tras su paso por la ciudad costera de Miami, el mandatario viaj\u00f3 a Texas para recorrer la f\u00e1brica de Tesla y entrevistarse con su propietario, con quien comparte afinidad ideol\u00f3gica.<\/h3>\n<h3>En la previa al convite, Milei se dedic\u00f3 a recorrer la f\u00e1brica conocida como GigaTexas, la segunda m\u00e1s grande de Estados Unidos, que cuenta con m\u00e1s de 20 mil empleados y en la que fabrican el reconocido nuevo auto el\u00e9ctrico que est\u00e1 a la orden de los US$25.000.<\/h3>\n<h3>\u201cHacia un futuro emocionante e inspirador\u201d, public\u00f3 el due\u00f1o de la red social X, a trav\u00e9s de su cuenta junto a una foto con el libertario.<\/h3>\n<p><img fetchpriority=\"high\" decoding=\"async\" class=\"wp-image-14645 aligncenter\" src=\"https:\/\/apuntesdesanluis.com\/wp-content\/uploads\/2024\/04\/MUSK-X-253x300.png\" alt=\"\" width=\"533\" height=\"632\" srcset=\"https:\/\/apuntesdesanluis.com\/wp-content\/uploads\/2024\/04\/MUSK-X-253x300.png 253w, https:\/\/apuntesdesanluis.com\/wp-content\/uploads\/2024\/04\/MUSK-X.png 450w\" sizes=\"(max-width: 533px) 100vw, 533px\" \/><\/p>\n<h3>Seg\u00fan supo la agencia Noticias Argentinas, ambos referentes liberales coincidieron en la necesidad de liberar los mercados, defender \u201clas ideas de la libertad\u201d, y desregular las econom\u00edas para fomentar la llegada de inversores fue otro de los temas abordados en el encuentro.<\/h3>\n<h3>Durante la reuni\u00f3n, Musk hizo hincapi\u00e9 en fomentar la tasa de natalidad en el mundo, bajo el argumento de que la falta de crecimiento de la poblaci\u00f3n puede afectar a la civilizaci\u00f3n.<\/h3>\n<h3>Por su parte, el Presidente le ofreci\u00f3 colaboraci\u00f3n en la disputa que mantiene la red social X en Brasil, en el marco del conflicto judicial y pol\u00edtico abierto luego de que la Corte Suprema de dicho pa\u00eds ordenara investigar a su propietario por supuestos delitos de &#8220;manipulaci\u00f3n criminal y dolosa&#8221; de la plataforma.<\/h3>\n<h3>Adem\u00e1s, comprometi\u00f3 a la Argentina a ser sede de un gran evento, en el que el empresario sudafricano ser\u00e1 expositor, y que tendr\u00e1 el objetivo de fomentar la ideolog\u00eda que comparten.<\/h3>\n<h3>Otro de los puntos de acuerdo fue avanzar en el desarrollo tecnol\u00f3gico \u201cpara el progreso de la humanidad\u201d y en la necesidad de establecer reglas claras para atraer inversiones.<\/h3>\n<h3>El mandatario visit\u00f3 las oficinas de la Gigafactory junto a la secretaria General de la Presidencia, su hermana Karina Milei; el embajador en Estados Unidos, Guillermo Werthein; y su rabino y gu\u00eda espiritual, Axel Wahnish.<\/h3>\n<p><img decoding=\"async\" class=\"wp-image-14646 aligncenter\" src=\"https:\/\/apuntesdesanluis.com\/wp-content\/uploads\/2024\/04\/MILEI-KARINA-300x232.png\" alt=\"\" width=\"544\" height=\"421\" srcset=\"https:\/\/apuntesdesanluis.com\/wp-content\/uploads\/2024\/04\/MILEI-KARINA-300x232.png 300w, https:\/\/apuntesdesanluis.com\/wp-content\/uploads\/2024\/04\/MILEI-KARINA.png 474w\" sizes=\"(max-width: 544px) 100vw, 544px\" \/><\/p>\n<h3>La relaci\u00f3n del magnate de la comunicaci\u00f3n y la industria automotriz con el mandatario data desde la campa\u00f1a electoral, \u00e9poca en la que profundizaron su v\u00ednculo a trav\u00e9s X, y que reci\u00e9n pudieron concretar hoy en un encuentro.<\/h3>\n<h3>En un fragmento del video compartido por la cuenta El Peluca Milei, uno de los canales de comunicaci\u00f3n no institucionales del Gobierno, lo muestran al mandatario visiblemente emocionado por conocer a Musk: \u201cEs un gran placer de mi parte. Es incre\u00edble. Gracias por todo lo que haces por el mundo\u201d, se lo escuchar decir al tiempo que presenta a su hermana como \u201cEl Jefe\u201d.<\/h3>\n<h3>\u201cEs un honor conocerte tambi\u00e9n\u201d, responde el empresario y les ofrece la posibilidad de retratar el momento.<\/h3>\n<p>&nbsp;<\/p>\n<p>&nbsp;<\/p>\n<p>&nbsp;<\/p>\n<p>&nbsp;<\/p>\n<p>&nbsp;<\/p>\n<p>&nbsp;<\/p>\n","protected":false},"excerpt":{"rendered":"<p>El presidente Javier Milei se reuni\u00f3 con el poderoso empresario Elon Musk en Austin, Estado&#8230;<\/p>\n","protected":false},"author":1,"featured_media":14644,"comment_status":"closed","ping_status":"closed","sticky":false,"template":"","format":"standard","meta":{"footnotes":""},"categories":[5],"tags":[],"class_list":["post-14643","post","type-post","status-publish","format-standard","has-post-thumbnail","hentry","category-nacionales-internacionales"],"yoast_head":"<!-- This site is optimized with the Yoast SEO plugin v26.1.1 - https:\/\/yoast.com\/wordpress\/plugins\/seo\/ -->\n<title>MILEI SE REUNI\u00d3 CON ELON MUSK Y RECORRI\u00d3 LA F\u00c1BRICA DE TESLA - Apuntes de San Luis<\/title>\n<meta name=\"robots\" content=\"index, follow, max-snippet:-1, max-image-preview:large, max-video-preview:-1\" \/>\n<link rel=\"canonical\" href=\"https:\/\/apuntesdesanluis.com\/index.php\/2024\/04\/12\/milei-se-reunio-con-elon-musk-y-recorrio-la-fabrica-de-tesla\/\" \/>\n<meta property=\"og:locale\" content=\"es_ES\" \/>\n<meta property=\"og:type\" content=\"article\" \/>\n<meta property=\"og:title\" content=\"MILEI SE REUNI\u00d3 CON ELON MUSK Y RECORRI\u00d3 LA F\u00c1BRICA DE TESLA - Apuntes de San Luis\" \/>\n<meta property=\"og:description\" content=\"El presidente Javier Milei se reuni\u00f3 con el poderoso empresario Elon Musk en Austin, Estado...\" \/>\n<meta property=\"og:url\" content=\"https:\/\/apuntesdesanluis.com\/index.php\/2024\/04\/12\/milei-se-reunio-con-elon-musk-y-recorrio-la-fabrica-de-tesla\/\" \/>\n<meta property=\"og:site_name\" content=\"Apuntes de San Luis\" \/>\n<meta property=\"article:published_time\" content=\"2024-04-13T00:35:30+00:00\" \/>\n<meta property=\"og:image\" content=\"https:\/\/apuntesdesanluis.com\/wp-content\/uploads\/2024\/04\/MUSK-MILEI.png\" \/>\n\t<meta property=\"og:image:width\" content=\"600\" \/>\n\t<meta property=\"og:image:height\" content=\"371\" \/>\n\t<meta property=\"og:image:type\" content=\"image\/png\" \/>\n<meta name=\"author\" content=\"apuntesdesanluis.com\" \/>\n<meta name=\"twitter:card\" content=\"summary_large_image\" \/>\n<meta name=\"twitter:label1\" content=\"Escrito por\" \/>\n\t<meta name=\"twitter:data1\" content=\"apuntesdesanluis.com\" \/>\n\t<meta name=\"twitter:label2\" content=\"Tiempo de lectura\" \/>\n\t<meta name=\"twitter:data2\" content=\"3 minutos\" \/>\n<script type=\"application\/ld+json\" class=\"yoast-schema-graph\">{\"@context\":\"https:\/\/schema.org\",\"@graph\":[{\"@type\":\"Article\",\"@id\":\"https:\/\/apuntesdesanluis.com\/index.php\/2024\/04\/12\/milei-se-reunio-con-elon-musk-y-recorrio-la-fabrica-de-tesla\/#article\",\"isPartOf\":{\"@id\":\"https:\/\/apuntesdesanluis.com\/index.php\/2024\/04\/12\/milei-se-reunio-con-elon-musk-y-recorrio-la-fabrica-de-tesla\/\"},\"author\":{\"name\":\"apuntesdesanluis.com\",\"@id\":\"https:\/\/apuntesdesanluis.com\/#\/schema\/person\/b55151d52296fcce64d1a72538a70b90\"},\"headline\":\"MILEI SE REUNI\u00d3 CON ELON MUSK Y RECORRI\u00d3 LA F\u00c1BRICA DE TESLA\",\"datePublished\":\"2024-04-13T00:35:30+00:00\",\"mainEntityOfPage\":{\"@id\":\"https:\/\/apuntesdesanluis.com\/index.php\/2024\/04\/12\/milei-se-reunio-con-elon-musk-y-recorrio-la-fabrica-de-tesla\/\"},\"wordCount\":519,\"publisher\":{\"@id\":\"https:\/\/apuntesdesanluis.com\/#\/schema\/person\/b55151d52296fcce64d1a72538a70b90\"},\"image\":{\"@id\":\"https:\/\/apuntesdesanluis.com\/index.php\/2024\/04\/12\/milei-se-reunio-con-elon-musk-y-recorrio-la-fabrica-de-tesla\/#primaryimage\"},\"thumbnailUrl\":\"https:\/\/apuntesdesanluis.com\/wp-content\/uploads\/2024\/04\/MUSK-MILEI.png\",\"articleSection\":[\"Nacionales\/Internacionales\"],\"inLanguage\":\"es-AR\"},{\"@type\":\"WebPage\",\"@id\":\"https:\/\/apuntesdesanluis.com\/index.php\/2024\/04\/12\/milei-se-reunio-con-elon-musk-y-recorrio-la-fabrica-de-tesla\/\",\"url\":\"https:\/\/apuntesdesanluis.com\/index.php\/2024\/04\/12\/milei-se-reunio-con-elon-musk-y-recorrio-la-fabrica-de-tesla\/\",\"name\":\"MILEI SE REUNI\u00d3 CON ELON MUSK Y RECORRI\u00d3 LA F\u00c1BRICA DE TESLA - Apuntes de San Luis\",\"isPartOf\":{\"@id\":\"https:\/\/apuntesdesanluis.com\/#website\"},\"primaryImageOfPage\":{\"@id\":\"https:\/\/apuntesdesanluis.com\/index.php\/2024\/04\/12\/milei-se-reunio-con-elon-musk-y-recorrio-la-fabrica-de-tesla\/#primaryimage\"},\"image\":{\"@id\":\"https:\/\/apuntesdesanluis.com\/index.php\/2024\/04\/12\/milei-se-reunio-con-elon-musk-y-recorrio-la-fabrica-de-tesla\/#primaryimage\"},\"thumbnailUrl\":\"https:\/\/apuntesdesanluis.com\/wp-content\/uploads\/2024\/04\/MUSK-MILEI.png\",\"datePublished\":\"2024-04-13T00:35:30+00:00\",\"breadcrumb\":{\"@id\":\"https:\/\/apuntesdesanluis.com\/index.php\/2024\/04\/12\/milei-se-reunio-con-elon-musk-y-recorrio-la-fabrica-de-tesla\/#breadcrumb\"},\"inLanguage\":\"es-AR\",\"potentialAction\":[{\"@type\":\"ReadAction\",\"target\":[\"https:\/\/apuntesdesanluis.com\/index.php\/2024\/04\/12\/milei-se-reunio-con-elon-musk-y-recorrio-la-fabrica-de-tesla\/\"]}]},{\"@type\":\"ImageObject\",\"inLanguage\":\"es-AR\",\"@id\":\"https:\/\/apuntesdesanluis.com\/index.php\/2024\/04\/12\/milei-se-reunio-con-elon-musk-y-recorrio-la-fabrica-de-tesla\/#primaryimage\",\"url\":\"https:\/\/apuntesdesanluis.com\/wp-content\/uploads\/2024\/04\/MUSK-MILEI.png\",\"contentUrl\":\"https:\/\/apuntesdesanluis.com\/wp-content\/uploads\/2024\/04\/MUSK-MILEI.png\",\"width\":600,\"height\":371},{\"@type\":\"BreadcrumbList\",\"@id\":\"https:\/\/apuntesdesanluis.com\/index.php\/2024\/04\/12\/milei-se-reunio-con-elon-musk-y-recorrio-la-fabrica-de-tesla\/#breadcrumb\",\"itemListElement\":[{\"@type\":\"ListItem\",\"position\":1,\"name\":\"Inicio\",\"item\":\"https:\/\/apuntesdesanluis.com\/\"},{\"@type\":\"ListItem\",\"position\":2,\"name\":\"MILEI SE REUNI\u00d3 CON ELON MUSK Y RECORRI\u00d3 LA F\u00c1BRICA DE TESLA\"}]},{\"@type\":\"WebSite\",\"@id\":\"https:\/\/apuntesdesanluis.com\/#website\",\"url\":\"https:\/\/apuntesdesanluis.com\/\",\"name\":\"Apuntes de San Luis\",\"description\":\"\",\"publisher\":{\"@id\":\"https:\/\/apuntesdesanluis.com\/#\/schema\/person\/b55151d52296fcce64d1a72538a70b90\"},\"potentialAction\":[{\"@type\":\"SearchAction\",\"target\":{\"@type\":\"EntryPoint\",\"urlTemplate\":\"https:\/\/apuntesdesanluis.com\/?s={search_term_string}\"},\"query-input\":{\"@type\":\"PropertyValueSpecification\",\"valueRequired\":true,\"valueName\":\"search_term_string\"}}],\"inLanguage\":\"es-AR\"},{\"@type\":[\"Person\",\"Organization\"],\"@id\":\"https:\/\/apuntesdesanluis.com\/#\/schema\/person\/b55151d52296fcce64d1a72538a70b90\",\"name\":\"apuntesdesanluis.com\",\"image\":{\"@type\":\"ImageObject\",\"inLanguage\":\"es-AR\",\"@id\":\"https:\/\/apuntesdesanluis.com\/#\/schema\/person\/image\/\",\"url\":\"https:\/\/apuntesdesanluis.com\/wp-content\/uploads\/2023\/07\/cropped-apuntesdesanluis.png\",\"contentUrl\":\"https:\/\/apuntesdesanluis.com\/wp-content\/uploads\/2023\/07\/cropped-apuntesdesanluis.png\",\"width\":450,\"height\":112,\"caption\":\"apuntesdesanluis.com\"},\"logo\":{\"@id\":\"https:\/\/apuntesdesanluis.com\/#\/schema\/person\/image\/\"},\"sameAs\":[\"https:\/\/apuntesdesanluis.com\"],\"url\":\"https:\/\/apuntesdesanluis.com\/index.php\/author\/apuntesdesanluis-com\/\"}]}<\/script>\n<!-- \/ Yoast SEO plugin. -->","yoast_head_json":{"title":"MILEI SE REUNI\u00d3 CON ELON MUSK Y RECORRI\u00d3 LA F\u00c1BRICA DE TESLA - Apuntes de San Luis","robots":{"index":"index","follow":"follow","max-snippet":"max-snippet:-1","max-image-preview":"max-image-preview:large","max-video-preview":"max-video-preview:-1"},"canonical":"https:\/\/apuntesdesanluis.com\/index.php\/2024\/04\/12\/milei-se-reunio-con-elon-musk-y-recorrio-la-fabrica-de-tesla\/","og_locale":"es_ES","og_type":"article","og_title":"MILEI SE REUNI\u00d3 CON ELON MUSK Y RECORRI\u00d3 LA F\u00c1BRICA DE TESLA - Apuntes de San Luis","og_description":"El presidente Javier Milei se reuni\u00f3 con el poderoso empresario Elon Musk en Austin, Estado...","og_url":"https:\/\/apuntesdesanluis.com\/index.php\/2024\/04\/12\/milei-se-reunio-con-elon-musk-y-recorrio-la-fabrica-de-tesla\/","og_site_name":"Apuntes de San Luis","article_published_time":"2024-04-13T00:35:30+00:00","og_image":[{"width":600,"height":371,"url":"https:\/\/apuntesdesanluis.com\/wp-content\/uploads\/2024\/04\/MUSK-MILEI.png","type":"image\/png"}],"author":"apuntesdesanluis.com","twitter_card":"summary_large_image","twitter_misc":{"Escrito por":"apuntesdesanluis.com","Tiempo de lectura":"3 minutos"},"schema":{"@context":"https:\/\/schema.org","@graph":[{"@type":"Article","@id":"https:\/\/apuntesdesanluis.com\/index.php\/2024\/04\/12\/milei-se-reunio-con-elon-musk-y-recorrio-la-fabrica-de-tesla\/#article","isPartOf":{"@id":"https:\/\/apuntesdesanluis.com\/index.php\/2024\/04\/12\/milei-se-reunio-con-elon-musk-y-recorrio-la-fabrica-de-tesla\/"},"author":{"name":"apuntesdesanluis.com","@id":"https:\/\/apuntesdesanluis.com\/#\/schema\/person\/b55151d52296fcce64d1a72538a70b90"},"headline":"MILEI SE REUNI\u00d3 CON ELON MUSK Y RECORRI\u00d3 LA F\u00c1BRICA DE TESLA","datePublished":"2024-04-13T00:35:30+00:00","mainEntityOfPage":{"@id":"https:\/\/apuntesdesanluis.com\/index.php\/2024\/04\/12\/milei-se-reunio-con-elon-musk-y-recorrio-la-fabrica-de-tesla\/"},"wordCount":519,"publisher":{"@id":"https:\/\/apuntesdesanluis.com\/#\/schema\/person\/b55151d52296fcce64d1a72538a70b90"},"image":{"@id":"https:\/\/apuntesdesanluis.com\/index.php\/2024\/04\/12\/milei-se-reunio-con-elon-musk-y-recorrio-la-fabrica-de-tesla\/#primaryimage"},"thumbnailUrl":"https:\/\/apuntesdesanluis.com\/wp-content\/uploads\/2024\/04\/MUSK-MILEI.png","articleSection":["Nacionales\/Internacionales"],"inLanguage":"es-AR"},{"@type":"WebPage","@id":"https:\/\/apuntesdesanluis.com\/index.php\/2024\/04\/12\/milei-se-reunio-con-elon-musk-y-recorrio-la-fabrica-de-tesla\/","url":"https:\/\/apuntesdesanluis.com\/index.php\/2024\/04\/12\/milei-se-reunio-con-elon-musk-y-recorrio-la-fabrica-de-tesla\/","name":"MILEI SE REUNI\u00d3 CON ELON MUSK Y RECORRI\u00d3 LA F\u00c1BRICA DE TESLA - Apuntes de San Luis","isPartOf":{"@id":"https:\/\/apuntesdesanluis.com\/#website"},"primaryImageOfPage":{"@id":"https:\/\/apuntesdesanluis.com\/index.php\/2024\/04\/12\/milei-se-reunio-con-elon-musk-y-recorrio-la-fabrica-de-tesla\/#primaryimage"},"image":{"@id":"https:\/\/apuntesdesanluis.com\/index.php\/2024\/04\/12\/milei-se-reunio-con-elon-musk-y-recorrio-la-fabrica-de-tesla\/#primaryimage"},"thumbnailUrl":"https:\/\/apuntesdesanluis.com\/wp-content\/uploads\/2024\/04\/MUSK-MILEI.png","datePublished":"2024-04-13T00:35:30+00:00","breadcrumb":{"@id":"https:\/\/apuntesdesanluis.com\/index.php\/2024\/04\/12\/milei-se-reunio-con-elon-musk-y-recorrio-la-fabrica-de-tesla\/#breadcrumb"},"inLanguage":"es-AR","potentialAction":[{"@type":"ReadAction","target":["https:\/\/apuntesdesanluis.com\/index.php\/2024\/04\/12\/milei-se-reunio-con-elon-musk-y-recorrio-la-fabrica-de-tesla\/"]}]},{"@type":"ImageObject","inLanguage":"es-AR","@id":"https:\/\/apuntesdesanluis.com\/index.php\/2024\/04\/12\/milei-se-reunio-con-elon-musk-y-recorrio-la-fabrica-de-tesla\/#primaryimage","url":"https:\/\/apuntesdesanluis.com\/wp-content\/uploads\/2024\/04\/MUSK-MILEI.png","contentUrl":"https:\/\/apuntesdesanluis.com\/wp-content\/uploads\/2024\/04\/MUSK-MILEI.png","width":600,"height":371},{"@type":"BreadcrumbList","@id":"https:\/\/apuntesdesanluis.com\/index.php\/2024\/04\/12\/milei-se-reunio-con-elon-musk-y-recorrio-la-fabrica-de-tesla\/#breadcrumb","itemListElement":[{"@type":"ListItem","position":1,"name":"Inicio","item":"https:\/\/apuntesdesanluis.com\/"},{"@type":"ListItem","position":2,"name":"MILEI SE REUNI\u00d3 CON ELON MUSK Y RECORRI\u00d3 LA F\u00c1BRICA DE TESLA"}]},{"@type":"WebSite","@id":"https:\/\/apuntesdesanluis.com\/#website","url":"https:\/\/apuntesdesanluis.com\/","name":"Apuntes de San Luis","description":"","publisher":{"@id":"https:\/\/apuntesdesanluis.com\/#\/schema\/person\/b55151d52296fcce64d1a72538a70b90"},"potentialAction":[{"@type":"SearchAction","target":{"@type":"EntryPoint","urlTemplate":"https:\/\/apuntesdesanluis.com\/?s={search_term_string}"},"query-input":{"@type":"PropertyValueSpecification","valueRequired":true,"valueName":"search_term_string"}}],"inLanguage":"es-AR"},{"@type":["Person","Organization"],"@id":"https:\/\/apuntesdesanluis.com\/#\/schema\/person\/b55151d52296fcce64d1a72538a70b90","name":"apuntesdesanluis.com","image":{"@type":"ImageObject","inLanguage":"es-AR","@id":"https:\/\/apuntesdesanluis.com\/#\/schema\/person\/image\/","url":"https:\/\/apuntesdesanluis.com\/wp-content\/uploads\/2023\/07\/cropped-apuntesdesanluis.png","contentUrl":"https:\/\/apuntesdesanluis.com\/wp-content\/uploads\/2023\/07\/cropped-apuntesdesanluis.png","width":450,"height":112,"caption":"apuntesdesanluis.com"},"logo":{"@id":"https:\/\/apuntesdesanluis.com\/#\/schema\/person\/image\/"},"sameAs":["https:\/\/apuntesdesanluis.com"],"url":"https:\/\/apuntesdesanluis.com\/index.php\/author\/apuntesdesanluis-com\/"}]}},"featured_image_urls":{"full":["https:\/\/apuntesdesanluis.com\/wp-content\/uploads\/2024\/04\/MUSK-MILEI.png",600,371,false],"thumbnail":["https:\/\/apuntesdesanluis.com\/wp-content\/uploads\/2024\/04\/MUSK-MILEI-150x150.png",150,150,true],"medium":["https:\/\/apuntesdesanluis.com\/wp-content\/uploads\/2024\/04\/MUSK-MILEI-300x186.png",300,186,true],"medium_large":["https:\/\/apuntesdesanluis.com\/wp-content\/uploads\/2024\/04\/MUSK-MILEI.png",600,371,false],"large":["https:\/\/apuntesdesanluis.com\/wp-content\/uploads\/2024\/04\/MUSK-MILEI.png",600,371,false],"1536x1536":["https:\/\/apuntesdesanluis.com\/wp-content\/uploads\/2024\/04\/MUSK-MILEI.png",600,371,false],"2048x2048":["https:\/\/apuntesdesanluis.com\/wp-content\/uploads\/2024\/04\/MUSK-MILEI.png",600,371,false],"newsever-slider-full":["https:\/\/apuntesdesanluis.com\/wp-content\/uploads\/2024\/04\/MUSK-MILEI.png",600,371,false],"newsever-featured":["https:\/\/apuntesdesanluis.com\/wp-content\/uploads\/2024\/04\/MUSK-MILEI.png",600,371,false],"newsever-medium":["https:\/\/apuntesdesanluis.com\/wp-content\/uploads\/2024\/04\/MUSK-MILEI.png",600,371,false]},"author_info":{"display_name":"apuntesdesanluis.com","author_link":"https:\/\/apuntesdesanluis.com\/index.php\/author\/apuntesdesanluis-com\/"},"category_info":"<a href=\"https:\/\/apuntesdesanluis.com\/index.php\/category\/nacionales-internacionales\/\" rel=\"category tag\">Nacionales\/Internacionales<\/a>","tag_info":"Nacionales\/Internacionales","comment_count":"0","_links":{"self":[{"href":"https:\/\/apuntesdesanluis.com\/index.php\/wp-json\/wp\/v2\/posts\/14643","targetHints":{"allow":["GET"]}}],"collection":[{"href":"https:\/\/apuntesdesanluis.com\/index.php\/wp-json\/wp\/v2\/posts"}],"about":[{"href":"https:\/\/apuntesdesanluis.com\/index.php\/wp-json\/wp\/v2\/types\/post"}],"author":[{"embeddable":true,"href":"https:\/\/apuntesdesanluis.com\/index.php\/wp-json\/wp\/v2\/users\/1"}],"replies":[{"embeddable":true,"href":"https:\/\/apuntesdesanluis.com\/index.php\/wp-json\/wp\/v2\/comments?post=14643"}],"version-history":[{"count":1,"href":"https:\/\/apuntesdesanluis.com\/index.php\/wp-json\/wp\/v2\/posts\/14643\/revisions"}],"predecessor-version":[{"id":14647,"href":"https:\/\/apuntesdesanluis.com\/index.php\/wp-json\/wp\/v2\/posts\/14643\/revisions\/14647"}],"wp:featuredmedia":[{"embeddable":true,"href":"https:\/\/apuntesdesanluis.com\/index.php\/wp-json\/wp\/v2\/media\/14644"}],"wp:attachment":[{"href":"https:\/\/apuntesdesanluis.com\/index.php\/wp-json\/wp\/v2\/media?parent=14643"}],"wp:term":[{"taxonomy":"category","embeddable":true,"href":"https:\/\/apuntesdesanluis.com\/index.php\/wp-json\/wp\/v2\/categories?post=14643"},{"taxonomy":"post_tag","embeddable":true,"href":"https:\/\/apuntesdesanluis.com\/index.php\/wp-json\/wp\/v2\/tags?post=14643"}],"curies":[{"name":"wp","href":"https:\/\/api.w.org\/{rel}","templated":true}]}}