{"id":14652,"date":"2024-04-13T22:04:07","date_gmt":"2024-04-14T01:04:07","guid":{"rendered":"https:\/\/apuntesdesanluis.com\/?p=14652"},"modified":"2024-04-13T22:04:07","modified_gmt":"2024-04-14T01:04:07","slug":"iran-ataco-a-israel-pero-dijo-que-es-de-autodefensa-tras-la-ofensiva-israeli-en-damasco","status":"publish","type":"post","link":"https:\/\/apuntesdesanluis.com\/index.php\/2024\/04\/13\/iran-ataco-a-israel-pero-dijo-que-es-de-autodefensa-tras-la-ofensiva-israeli-en-damasco\/","title":{"rendered":"IR\u00c1N ATAC\u00d3 A ISRAEL PERO DIJO QUE ES DE &#8220;AUTODEFENSA&#8221; TRAS LA OFENSIVA ISRAEL\u00cd EN DAMASCO"},"content":{"rendered":"<h3>En una declaraci\u00f3n publicada en Telegram, el Ministerio dijo que las fuerzas armadas de<strong> Ir\u00e1n<\/strong> estaban \u201cejerciendo el derecho inherente de autodefensa estipulado en el Art\u00edculo 51 de la Carta de las Naciones Unidas y en respuesta a las repetidas agresiones militares del r\u00e9gimen sionista y al martirio del asesores militares oficiales de Ir\u00e1n que estaban trabajando en este pa\u00eds [Siria] por invitaci\u00f3n del gobierno sirio\u201d y especialmente en respuesta al ataque al consulado de Ir\u00e1n en Damasco, a principios de este mes.<\/h3>\n<h3>\u201cEl recurso de la Rep\u00fablica Isl\u00e1mica del Ir\u00e1n a medidas defensivas en el ejercicio del derecho a la autodefensa muestra el enfoque responsable del Ir\u00e1n hacia la paz y la seguridad regionales e internacionales en un momento en que las acciones ilegales y genocidas del r\u00e9gimen del apartheid sionista contra la naci\u00f3n palestina y sus repetidas agresiones militares\u2026\u201d<\/h3>\n<h3>La declaraci\u00f3n del Ministerio conclu\u00eda: \u201cSi es necesario, la Rep\u00fablica Isl\u00e1mica de Ir\u00e1n no dudar\u00e1 en tomar m\u00e1s medidas defensivas para proteger sus intereses leg\u00edtimos contra cualquier acci\u00f3n militar agresiva y uso ilegal de la fuerza\u201d.<\/h3>\n<h3><strong>Israel<\/strong> no confirm\u00f3 que llev\u00f3 a cabo el ataque en Damasco el 1 de abril, pero neg\u00f3 la afirmaci\u00f3n de Ir\u00e1n de que el edificio atacado fuera un consulado, diciendo que era un \u201cedificio militar de las fuerzas Quds\u201d.<\/h3>\n<p>&nbsp;<\/p>\n<p>&nbsp;<\/p>\n<p>&nbsp;<\/p>\n","protected":false},"excerpt":{"rendered":"<p>En una declaraci\u00f3n publicada en Telegram, el Ministerio dijo que las fuerzas armadas de Ir\u00e1n&#8230;<\/p>\n","protected":false},"author":1,"featured_media":14653,"comment_status":"closed","ping_status":"closed","sticky":false,"template":"","format":"standard","meta":{"footnotes":""},"categories":[5],"tags":[],"class_list":["post-14652","post","type-post","status-publish","format-standard","has-post-thumbnail","hentry","category-nacionales-internacionales"],"yoast_head":"<!-- This site is optimized with the Yoast SEO plugin v26.1.1 - https:\/\/yoast.com\/wordpress\/plugins\/seo\/ -->\n<title>IR\u00c1N ATAC\u00d3 A ISRAEL PERO DIJO QUE ES DE &quot;AUTODEFENSA&quot; TRAS LA OFENSIVA ISRAEL\u00cd EN DAMASCO - Apuntes de San Luis<\/title>\n<meta name=\"robots\" content=\"index, follow, max-snippet:-1, max-image-preview:large, max-video-preview:-1\" \/>\n<link rel=\"canonical\" href=\"https:\/\/apuntesdesanluis.com\/index.php\/2024\/04\/13\/iran-ataco-a-israel-pero-dijo-que-es-de-autodefensa-tras-la-ofensiva-israeli-en-damasco\/\" \/>\n<meta property=\"og:locale\" content=\"es_ES\" \/>\n<meta property=\"og:type\" content=\"article\" \/>\n<meta property=\"og:title\" content=\"IR\u00c1N ATAC\u00d3 A ISRAEL PERO DIJO QUE ES DE &quot;AUTODEFENSA&quot; TRAS LA OFENSIVA ISRAEL\u00cd EN DAMASCO - Apuntes de San Luis\" \/>\n<meta property=\"og:description\" content=\"En una declaraci\u00f3n publicada en Telegram, el Ministerio dijo que las fuerzas armadas de Ir\u00e1n...\" \/>\n<meta property=\"og:url\" content=\"https:\/\/apuntesdesanluis.com\/index.php\/2024\/04\/13\/iran-ataco-a-israel-pero-dijo-que-es-de-autodefensa-tras-la-ofensiva-israeli-en-damasco\/\" \/>\n<meta property=\"og:site_name\" content=\"Apuntes de San Luis\" \/>\n<meta property=\"article:published_time\" content=\"2024-04-14T01:04:07+00:00\" \/>\n<meta property=\"og:image\" content=\"https:\/\/apuntesdesanluis.com\/wp-content\/uploads\/2024\/04\/MISILES.png\" \/>\n\t<meta property=\"og:image:width\" content=\"700\" \/>\n\t<meta property=\"og:image:height\" content=\"392\" \/>\n\t<meta property=\"og:image:type\" content=\"image\/png\" \/>\n<meta name=\"author\" content=\"apuntesdesanluis.com\" \/>\n<meta name=\"twitter:card\" content=\"summary_large_image\" \/>\n<meta name=\"twitter:label1\" content=\"Escrito por\" \/>\n\t<meta name=\"twitter:data1\" content=\"apuntesdesanluis.com\" \/>\n\t<meta name=\"twitter:label2\" content=\"Tiempo de lectura\" \/>\n\t<meta name=\"twitter:data2\" content=\"1 minuto\" \/>\n<script type=\"application\/ld+json\" class=\"yoast-schema-graph\">{\"@context\":\"https:\/\/schema.org\",\"@graph\":[{\"@type\":\"Article\",\"@id\":\"https:\/\/apuntesdesanluis.com\/index.php\/2024\/04\/13\/iran-ataco-a-israel-pero-dijo-que-es-de-autodefensa-tras-la-ofensiva-israeli-en-damasco\/#article\",\"isPartOf\":{\"@id\":\"https:\/\/apuntesdesanluis.com\/index.php\/2024\/04\/13\/iran-ataco-a-israel-pero-dijo-que-es-de-autodefensa-tras-la-ofensiva-israeli-en-damasco\/\"},\"author\":{\"name\":\"apuntesdesanluis.com\",\"@id\":\"https:\/\/apuntesdesanluis.com\/#\/schema\/person\/b55151d52296fcce64d1a72538a70b90\"},\"headline\":\"IR\u00c1N ATAC\u00d3 A ISRAEL PERO DIJO QUE ES DE &#8220;AUTODEFENSA&#8221; TRAS LA OFENSIVA ISRAEL\u00cd EN DAMASCO\",\"datePublished\":\"2024-04-14T01:04:07+00:00\",\"mainEntityOfPage\":{\"@id\":\"https:\/\/apuntesdesanluis.com\/index.php\/2024\/04\/13\/iran-ataco-a-israel-pero-dijo-que-es-de-autodefensa-tras-la-ofensiva-israeli-en-damasco\/\"},\"wordCount\":258,\"publisher\":{\"@id\":\"https:\/\/apuntesdesanluis.com\/#\/schema\/person\/b55151d52296fcce64d1a72538a70b90\"},\"image\":{\"@id\":\"https:\/\/apuntesdesanluis.com\/index.php\/2024\/04\/13\/iran-ataco-a-israel-pero-dijo-que-es-de-autodefensa-tras-la-ofensiva-israeli-en-damasco\/#primaryimage\"},\"thumbnailUrl\":\"https:\/\/apuntesdesanluis.com\/wp-content\/uploads\/2024\/04\/MISILES.png\",\"articleSection\":[\"Nacionales\/Internacionales\"],\"inLanguage\":\"es-AR\"},{\"@type\":\"WebPage\",\"@id\":\"https:\/\/apuntesdesanluis.com\/index.php\/2024\/04\/13\/iran-ataco-a-israel-pero-dijo-que-es-de-autodefensa-tras-la-ofensiva-israeli-en-damasco\/\",\"url\":\"https:\/\/apuntesdesanluis.com\/index.php\/2024\/04\/13\/iran-ataco-a-israel-pero-dijo-que-es-de-autodefensa-tras-la-ofensiva-israeli-en-damasco\/\",\"name\":\"IR\u00c1N ATAC\u00d3 A ISRAEL PERO DIJO QUE ES DE \\\"AUTODEFENSA\\\" TRAS LA OFENSIVA ISRAEL\u00cd EN DAMASCO - Apuntes de San Luis\",\"isPartOf\":{\"@id\":\"https:\/\/apuntesdesanluis.com\/#website\"},\"primaryImageOfPage\":{\"@id\":\"https:\/\/apuntesdesanluis.com\/index.php\/2024\/04\/13\/iran-ataco-a-israel-pero-dijo-que-es-de-autodefensa-tras-la-ofensiva-israeli-en-damasco\/#primaryimage\"},\"image\":{\"@id\":\"https:\/\/apuntesdesanluis.com\/index.php\/2024\/04\/13\/iran-ataco-a-israel-pero-dijo-que-es-de-autodefensa-tras-la-ofensiva-israeli-en-damasco\/#primaryimage\"},\"thumbnailUrl\":\"https:\/\/apuntesdesanluis.com\/wp-content\/uploads\/2024\/04\/MISILES.png\",\"datePublished\":\"2024-04-14T01:04:07+00:00\",\"breadcrumb\":{\"@id\":\"https:\/\/apuntesdesanluis.com\/index.php\/2024\/04\/13\/iran-ataco-a-israel-pero-dijo-que-es-de-autodefensa-tras-la-ofensiva-israeli-en-damasco\/#breadcrumb\"},\"inLanguage\":\"es-AR\",\"potentialAction\":[{\"@type\":\"ReadAction\",\"target\":[\"https:\/\/apuntesdesanluis.com\/index.php\/2024\/04\/13\/iran-ataco-a-israel-pero-dijo-que-es-de-autodefensa-tras-la-ofensiva-israeli-en-damasco\/\"]}]},{\"@type\":\"ImageObject\",\"inLanguage\":\"es-AR\",\"@id\":\"https:\/\/apuntesdesanluis.com\/index.php\/2024\/04\/13\/iran-ataco-a-israel-pero-dijo-que-es-de-autodefensa-tras-la-ofensiva-israeli-en-damasco\/#primaryimage\",\"url\":\"https:\/\/apuntesdesanluis.com\/wp-content\/uploads\/2024\/04\/MISILES.png\",\"contentUrl\":\"https:\/\/apuntesdesanluis.com\/wp-content\/uploads\/2024\/04\/MISILES.png\",\"width\":700,\"height\":392},{\"@type\":\"BreadcrumbList\",\"@id\":\"https:\/\/apuntesdesanluis.com\/index.php\/2024\/04\/13\/iran-ataco-a-israel-pero-dijo-que-es-de-autodefensa-tras-la-ofensiva-israeli-en-damasco\/#breadcrumb\",\"itemListElement\":[{\"@type\":\"ListItem\",\"position\":1,\"name\":\"Inicio\",\"item\":\"https:\/\/apuntesdesanluis.com\/\"},{\"@type\":\"ListItem\",\"position\":2,\"name\":\"IR\u00c1N ATAC\u00d3 A ISRAEL PERO DIJO QUE ES DE &#8220;AUTODEFENSA&#8221; TRAS LA OFENSIVA ISRAEL\u00cd EN DAMASCO\"}]},{\"@type\":\"WebSite\",\"@id\":\"https:\/\/apuntesdesanluis.com\/#website\",\"url\":\"https:\/\/apuntesdesanluis.com\/\",\"name\":\"Apuntes de San Luis\",\"description\":\"\",\"publisher\":{\"@id\":\"https:\/\/apuntesdesanluis.com\/#\/schema\/person\/b55151d52296fcce64d1a72538a70b90\"},\"potentialAction\":[{\"@type\":\"SearchAction\",\"target\":{\"@type\":\"EntryPoint\",\"urlTemplate\":\"https:\/\/apuntesdesanluis.com\/?s={search_term_string}\"},\"query-input\":{\"@type\":\"PropertyValueSpecification\",\"valueRequired\":true,\"valueName\":\"search_term_string\"}}],\"inLanguage\":\"es-AR\"},{\"@type\":[\"Person\",\"Organization\"],\"@id\":\"https:\/\/apuntesdesanluis.com\/#\/schema\/person\/b55151d52296fcce64d1a72538a70b90\",\"name\":\"apuntesdesanluis.com\",\"image\":{\"@type\":\"ImageObject\",\"inLanguage\":\"es-AR\",\"@id\":\"https:\/\/apuntesdesanluis.com\/#\/schema\/person\/image\/\",\"url\":\"https:\/\/apuntesdesanluis.com\/wp-content\/uploads\/2023\/07\/cropped-apuntesdesanluis.png\",\"contentUrl\":\"https:\/\/apuntesdesanluis.com\/wp-content\/uploads\/2023\/07\/cropped-apuntesdesanluis.png\",\"width\":450,\"height\":112,\"caption\":\"apuntesdesanluis.com\"},\"logo\":{\"@id\":\"https:\/\/apuntesdesanluis.com\/#\/schema\/person\/image\/\"},\"sameAs\":[\"https:\/\/apuntesdesanluis.com\"],\"url\":\"https:\/\/apuntesdesanluis.com\/index.php\/author\/apuntesdesanluis-com\/\"}]}<\/script>\n<!-- \/ Yoast SEO plugin. -->","yoast_head_json":{"title":"IR\u00c1N ATAC\u00d3 A ISRAEL PERO DIJO QUE ES DE \"AUTODEFENSA\" TRAS LA OFENSIVA ISRAEL\u00cd EN DAMASCO - Apuntes de San Luis","robots":{"index":"index","follow":"follow","max-snippet":"max-snippet:-1","max-image-preview":"max-image-preview:large","max-video-preview":"max-video-preview:-1"},"canonical":"https:\/\/apuntesdesanluis.com\/index.php\/2024\/04\/13\/iran-ataco-a-israel-pero-dijo-que-es-de-autodefensa-tras-la-ofensiva-israeli-en-damasco\/","og_locale":"es_ES","og_type":"article","og_title":"IR\u00c1N ATAC\u00d3 A ISRAEL PERO DIJO QUE ES DE \"AUTODEFENSA\" TRAS LA OFENSIVA ISRAEL\u00cd EN DAMASCO - Apuntes de San Luis","og_description":"En una declaraci\u00f3n publicada en Telegram, el Ministerio dijo que las fuerzas armadas de Ir\u00e1n...","og_url":"https:\/\/apuntesdesanluis.com\/index.php\/2024\/04\/13\/iran-ataco-a-israel-pero-dijo-que-es-de-autodefensa-tras-la-ofensiva-israeli-en-damasco\/","og_site_name":"Apuntes de San Luis","article_published_time":"2024-04-14T01:04:07+00:00","og_image":[{"width":700,"height":392,"url":"https:\/\/apuntesdesanluis.com\/wp-content\/uploads\/2024\/04\/MISILES.png","type":"image\/png"}],"author":"apuntesdesanluis.com","twitter_card":"summary_large_image","twitter_misc":{"Escrito por":"apuntesdesanluis.com","Tiempo de lectura":"1 minuto"},"schema":{"@context":"https:\/\/schema.org","@graph":[{"@type":"Article","@id":"https:\/\/apuntesdesanluis.com\/index.php\/2024\/04\/13\/iran-ataco-a-israel-pero-dijo-que-es-de-autodefensa-tras-la-ofensiva-israeli-en-damasco\/#article","isPartOf":{"@id":"https:\/\/apuntesdesanluis.com\/index.php\/2024\/04\/13\/iran-ataco-a-israel-pero-dijo-que-es-de-autodefensa-tras-la-ofensiva-israeli-en-damasco\/"},"author":{"name":"apuntesdesanluis.com","@id":"https:\/\/apuntesdesanluis.com\/#\/schema\/person\/b55151d52296fcce64d1a72538a70b90"},"headline":"IR\u00c1N ATAC\u00d3 A ISRAEL PERO DIJO QUE ES DE &#8220;AUTODEFENSA&#8221; TRAS LA OFENSIVA ISRAEL\u00cd EN DAMASCO","datePublished":"2024-04-14T01:04:07+00:00","mainEntityOfPage":{"@id":"https:\/\/apuntesdesanluis.com\/index.php\/2024\/04\/13\/iran-ataco-a-israel-pero-dijo-que-es-de-autodefensa-tras-la-ofensiva-israeli-en-damasco\/"},"wordCount":258,"publisher":{"@id":"https:\/\/apuntesdesanluis.com\/#\/schema\/person\/b55151d52296fcce64d1a72538a70b90"},"image":{"@id":"https:\/\/apuntesdesanluis.com\/index.php\/2024\/04\/13\/iran-ataco-a-israel-pero-dijo-que-es-de-autodefensa-tras-la-ofensiva-israeli-en-damasco\/#primaryimage"},"thumbnailUrl":"https:\/\/apuntesdesanluis.com\/wp-content\/uploads\/2024\/04\/MISILES.png","articleSection":["Nacionales\/Internacionales"],"inLanguage":"es-AR"},{"@type":"WebPage","@id":"https:\/\/apuntesdesanluis.com\/index.php\/2024\/04\/13\/iran-ataco-a-israel-pero-dijo-que-es-de-autodefensa-tras-la-ofensiva-israeli-en-damasco\/","url":"https:\/\/apuntesdesanluis.com\/index.php\/2024\/04\/13\/iran-ataco-a-israel-pero-dijo-que-es-de-autodefensa-tras-la-ofensiva-israeli-en-damasco\/","name":"IR\u00c1N ATAC\u00d3 A ISRAEL PERO DIJO QUE ES DE \"AUTODEFENSA\" TRAS LA OFENSIVA ISRAEL\u00cd EN DAMASCO - Apuntes de San Luis","isPartOf":{"@id":"https:\/\/apuntesdesanluis.com\/#website"},"primaryImageOfPage":{"@id":"https:\/\/apuntesdesanluis.com\/index.php\/2024\/04\/13\/iran-ataco-a-israel-pero-dijo-que-es-de-autodefensa-tras-la-ofensiva-israeli-en-damasco\/#primaryimage"},"image":{"@id":"https:\/\/apuntesdesanluis.com\/index.php\/2024\/04\/13\/iran-ataco-a-israel-pero-dijo-que-es-de-autodefensa-tras-la-ofensiva-israeli-en-damasco\/#primaryimage"},"thumbnailUrl":"https:\/\/apuntesdesanluis.com\/wp-content\/uploads\/2024\/04\/MISILES.png","datePublished":"2024-04-14T01:04:07+00:00","breadcrumb":{"@id":"https:\/\/apuntesdesanluis.com\/index.php\/2024\/04\/13\/iran-ataco-a-israel-pero-dijo-que-es-de-autodefensa-tras-la-ofensiva-israeli-en-damasco\/#breadcrumb"},"inLanguage":"es-AR","potentialAction":[{"@type":"ReadAction","target":["https:\/\/apuntesdesanluis.com\/index.php\/2024\/04\/13\/iran-ataco-a-israel-pero-dijo-que-es-de-autodefensa-tras-la-ofensiva-israeli-en-damasco\/"]}]},{"@type":"ImageObject","inLanguage":"es-AR","@id":"https:\/\/apuntesdesanluis.com\/index.php\/2024\/04\/13\/iran-ataco-a-israel-pero-dijo-que-es-de-autodefensa-tras-la-ofensiva-israeli-en-damasco\/#primaryimage","url":"https:\/\/apuntesdesanluis.com\/wp-content\/uploads\/2024\/04\/MISILES.png","contentUrl":"https:\/\/apuntesdesanluis.com\/wp-content\/uploads\/2024\/04\/MISILES.png","width":700,"height":392},{"@type":"BreadcrumbList","@id":"https:\/\/apuntesdesanluis.com\/index.php\/2024\/04\/13\/iran-ataco-a-israel-pero-dijo-que-es-de-autodefensa-tras-la-ofensiva-israeli-en-damasco\/#breadcrumb","itemListElement":[{"@type":"ListItem","position":1,"name":"Inicio","item":"https:\/\/apuntesdesanluis.com\/"},{"@type":"ListItem","position":2,"name":"IR\u00c1N ATAC\u00d3 A ISRAEL PERO DIJO QUE ES DE &#8220;AUTODEFENSA&#8221; TRAS LA OFENSIVA ISRAEL\u00cd EN DAMASCO"}]},{"@type":"WebSite","@id":"https:\/\/apuntesdesanluis.com\/#website","url":"https:\/\/apuntesdesanluis.com\/","name":"Apuntes de San Luis","description":"","publisher":{"@id":"https:\/\/apuntesdesanluis.com\/#\/schema\/person\/b55151d52296fcce64d1a72538a70b90"},"potentialAction":[{"@type":"SearchAction","target":{"@type":"EntryPoint","urlTemplate":"https:\/\/apuntesdesanluis.com\/?s={search_term_string}"},"query-input":{"@type":"PropertyValueSpecification","valueRequired":true,"valueName":"search_term_string"}}],"inLanguage":"es-AR"},{"@type":["Person","Organization"],"@id":"https:\/\/apuntesdesanluis.com\/#\/schema\/person\/b55151d52296fcce64d1a72538a70b90","name":"apuntesdesanluis.com","image":{"@type":"ImageObject","inLanguage":"es-AR","@id":"https:\/\/apuntesdesanluis.com\/#\/schema\/person\/image\/","url":"https:\/\/apuntesdesanluis.com\/wp-content\/uploads\/2023\/07\/cropped-apuntesdesanluis.png","contentUrl":"https:\/\/apuntesdesanluis.com\/wp-content\/uploads\/2023\/07\/cropped-apuntesdesanluis.png","width":450,"height":112,"caption":"apuntesdesanluis.com"},"logo":{"@id":"https:\/\/apuntesdesanluis.com\/#\/schema\/person\/image\/"},"sameAs":["https:\/\/apuntesdesanluis.com"],"url":"https:\/\/apuntesdesanluis.com\/index.php\/author\/apuntesdesanluis-com\/"}]}},"featured_image_urls":{"full":["https:\/\/apuntesdesanluis.com\/wp-content\/uploads\/2024\/04\/MISILES.png",700,392,false],"thumbnail":["https:\/\/apuntesdesanluis.com\/wp-content\/uploads\/2024\/04\/MISILES-150x150.png",150,150,true],"medium":["https:\/\/apuntesdesanluis.com\/wp-content\/uploads\/2024\/04\/MISILES-300x168.png",300,168,true],"medium_large":["https:\/\/apuntesdesanluis.com\/wp-content\/uploads\/2024\/04\/MISILES.png",640,358,false],"large":["https:\/\/apuntesdesanluis.com\/wp-content\/uploads\/2024\/04\/MISILES.png",640,358,false],"1536x1536":["https:\/\/apuntesdesanluis.com\/wp-content\/uploads\/2024\/04\/MISILES.png",700,392,false],"2048x2048":["https:\/\/apuntesdesanluis.com\/wp-content\/uploads\/2024\/04\/MISILES.png",700,392,false],"newsever-slider-full":["https:\/\/apuntesdesanluis.com\/wp-content\/uploads\/2024\/04\/MISILES.png",700,392,false],"newsever-featured":["https:\/\/apuntesdesanluis.com\/wp-content\/uploads\/2024\/04\/MISILES.png",700,392,false],"newsever-medium":["https:\/\/apuntesdesanluis.com\/wp-content\/uploads\/2024\/04\/MISILES.png",700,392,false]},"author_info":{"display_name":"apuntesdesanluis.com","author_link":"https:\/\/apuntesdesanluis.com\/index.php\/author\/apuntesdesanluis-com\/"},"category_info":"<a href=\"https:\/\/apuntesdesanluis.com\/index.php\/category\/nacionales-internacionales\/\" rel=\"category tag\">Nacionales\/Internacionales<\/a>","tag_info":"Nacionales\/Internacionales","comment_count":"0","_links":{"self":[{"href":"https:\/\/apuntesdesanluis.com\/index.php\/wp-json\/wp\/v2\/posts\/14652","targetHints":{"allow":["GET"]}}],"collection":[{"href":"https:\/\/apuntesdesanluis.com\/index.php\/wp-json\/wp\/v2\/posts"}],"about":[{"href":"https:\/\/apuntesdesanluis.com\/index.php\/wp-json\/wp\/v2\/types\/post"}],"author":[{"embeddable":true,"href":"https:\/\/apuntesdesanluis.com\/index.php\/wp-json\/wp\/v2\/users\/1"}],"replies":[{"embeddable":true,"href":"https:\/\/apuntesdesanluis.com\/index.php\/wp-json\/wp\/v2\/comments?post=14652"}],"version-history":[{"count":1,"href":"https:\/\/apuntesdesanluis.com\/index.php\/wp-json\/wp\/v2\/posts\/14652\/revisions"}],"predecessor-version":[{"id":14654,"href":"https:\/\/apuntesdesanluis.com\/index.php\/wp-json\/wp\/v2\/posts\/14652\/revisions\/14654"}],"wp:featuredmedia":[{"embeddable":true,"href":"https:\/\/apuntesdesanluis.com\/index.php\/wp-json\/wp\/v2\/media\/14653"}],"wp:attachment":[{"href":"https:\/\/apuntesdesanluis.com\/index.php\/wp-json\/wp\/v2\/media?parent=14652"}],"wp:term":[{"taxonomy":"category","embeddable":true,"href":"https:\/\/apuntesdesanluis.com\/index.php\/wp-json\/wp\/v2\/categories?post=14652"},{"taxonomy":"post_tag","embeddable":true,"href":"https:\/\/apuntesdesanluis.com\/index.php\/wp-json\/wp\/v2\/tags?post=14652"}],"curies":[{"name":"wp","href":"https:\/\/api.w.org\/{rel}","templated":true}]}}