{"id":14655,"date":"2024-04-13T22:11:01","date_gmt":"2024-04-14T01:11:01","guid":{"rendered":"https:\/\/apuntesdesanluis.com\/?p=14655"},"modified":"2024-04-13T22:11:01","modified_gmt":"2024-04-14T01:11:01","slug":"milei-suspendio-su-viaje-a-dinamarca-y-regresara-a-la-argentina-por-la-escalada-de-violencia-en-oriente-medio","status":"publish","type":"post","link":"https:\/\/apuntesdesanluis.com\/index.php\/2024\/04\/13\/milei-suspendio-su-viaje-a-dinamarca-y-regresara-a-la-argentina-por-la-escalada-de-violencia-en-oriente-medio\/","title":{"rendered":"MILEI SUSPENDI\u00d3 SU VIAJE A DINAMARCA Y REGRESAR\u00c1 A LA ARGENTINA POR LA ESCALADA DE VIOLENCIA EN ORIENTE MEDIO"},"content":{"rendered":"<h3>El presidente <strong>Javier Milei<\/strong> suspendi\u00f3 hoy su viaje a Dinamarca y regresar\u00e1 a la Argentina desde Estados Unidos este domingo a ra\u00edz de su preocupaci\u00f3n por el ataque de Ir\u00e1n a Israel y la tensi\u00f3n que se vive en Oriente Medio.<\/h3>\n<h3>&#8220;Por cuestiones de agenda, el Presidente Javier Milei regresar\u00e1 a la Rep\u00fablica Argentina y no podr\u00e1 completar su viaje a Dinamarca. Este domingo por la ma\u00f1ana abordar\u00e1 su vuelo de regreso al pa\u00eds&#8221;, asegur\u00f3 el portavoz presidencial Manuel Adorni.<\/h3>\n<h3>A trav\u00e9s de un mensaje en redes sociales, el funcionario nacional detall\u00f3 que &#8220;la delegaci\u00f3n argentina firmar\u00e1 el pr\u00f3ximo martes en Copenhague el acuerdo para la adquisici\u00f3n de los aviones de caza F-16&#8221;.<\/h3>\n<h3>En tanto, de acuerdo a lo que indic\u00f3 Adorni, la suspensi\u00f3n del viaje est\u00e1 vinculada al ataque con docenas de drones que Ir\u00e1n lanz\u00f3 contra Israel, ya que el jefe de Estado planea \u201cconformar un comit\u00e9 de crisis en virtud de los \u00faltimos acontecimientos ocurridos\u201d en ese pa\u00eds.<\/h3>\n<h3>Tras la visita a la F\u00e1brica Tesla Giga y el intercambio con el empresario sudafricano Elon Musk, la delegaci\u00f3n presidencial ten\u00eda previsto realizar este s\u00e1bado una escala en Par\u00eds, Francia, para luego partir rumbo a Dinamarca.<\/h3>\n<h3>Seg\u00fan estaba estipulado en la agenda oficial, el jefe de Estado iba a arribar a Copenhague este domingo, para luego reunirse con la primera ministra de Dinamarca, Mette Frederiksen. Tambi\u00e9n formaba parte del itinerario del Presidente la ceremonia de adquisici\u00f3n de 24 aviones cazas F16, que la Argentina le comprar\u00e1 al pa\u00eds escandinavo.<\/h3>\n<h3>Ante la cancelaci\u00f3n del viaje de Milei, el ministro de Defensa, Luis Petri, parti\u00f3 este s\u00e1bado hacia tierras danesas para encabezar la firma del acuerdo que tiene como objetivo \u201cgarantizar el control y vigilancia\u201d del espacio a\u00e9reo argentino.<\/h3>\n<h3>&#8220;Gracias por todo el apoyo. Por orden del presidente Milei voy a Dinamarca a firmar un hist\u00f3rico acuerdo que va a permitir garantizar el control y vigilancia de nuestro espacio a\u00e9reo ante cualquier amenaza!&#8221;, escribi\u00f3 Petri en redes sociales.<\/h3>\n<h3><strong>CIERRE DE EMBAJADAS<\/strong><\/h3>\n<h3>Tras el ataque del r\u00e9gimen teocr\u00e1tico de Ir\u00e1n a Israel, el Ministerio de Relaciones Exteriores argentino dispuso esta noche el cierre temporario de las principales embajadas en la regi\u00f3n donde se registra una escalada b\u00e9lica de consecuencias imprevisibles. La decisi\u00f3n la tom\u00f3 la canciller Diana Mondino, que se mantiene desde esta tarde en comunicaci\u00f3n permanente con el presidente Javier Milei, quien ya decidi\u00f3 suspender el viaje a Dinamarca y regresar a la Argentina ante el conflicto desatado en Medio Oriente.<\/h3>\n<h3>Entre las Embajadas que fueron cerradas de manera preventiva y sin plazo por ahora de reapertura est\u00e1n Israel, Ir\u00e1n, El L\u00edbano, Siria y Jordania, seg\u00fan pudo saber Infobae de fuentes que est\u00e1n siguiendo minuto a minuto los acontecimientos.<\/h3>\n<h3>Son decisi\u00f3n que se tomaron en simult\u00e1neo a la confirmaci\u00f3n de que el gobierno argentino estar\u00e1, sin matices, con una posici\u00f3n en este conflicto, seg\u00fan lo confirm\u00f3 oficialmente en una declaraci\u00f3n oficial: \u201cEl Gobierno de la Rep\u00fablica Argentina condena categ\u00f3ricamente el ataque sin precedentes de la Rep\u00fablica Isl\u00e1mica de Ir\u00e1n contra el Estado de Israel y reafirma su apoyo al leg\u00edtimo derecho de Israel a la defensa de su soberan\u00eda. El Gobierno argentino insta a Ir\u00e1n a cesar sus ataques injustificados y evitar una crisis de alcance global\u201d, expres\u00f3 la Canciller\u00eda.<\/h3>\n<p>&nbsp;<\/p>\n<p>&nbsp;<\/p>\n<p>&nbsp;<\/p>\n<p>&nbsp;<\/p>\n<p>&nbsp;<\/p>\n<p>&nbsp;<\/p>\n","protected":false},"excerpt":{"rendered":"<p>El presidente Javier Milei suspendi\u00f3 hoy su viaje a Dinamarca y regresar\u00e1 a la Argentina&#8230;<\/p>\n","protected":false},"author":1,"featured_media":14656,"comment_status":"closed","ping_status":"closed","sticky":false,"template":"","format":"standard","meta":{"footnotes":""},"categories":[5],"tags":[],"class_list":["post-14655","post","type-post","status-publish","format-standard","has-post-thumbnail","hentry","category-nacionales-internacionales"],"yoast_head":"<!-- This site is optimized with the Yoast SEO plugin v26.1.1 - https:\/\/yoast.com\/wordpress\/plugins\/seo\/ -->\n<title>MILEI SUSPENDI\u00d3 SU VIAJE A DINAMARCA Y REGRESAR\u00c1 A LA ARGENTINA POR LA ESCALADA DE VIOLENCIA EN ORIENTE MEDIO - Apuntes de San Luis<\/title>\n<meta name=\"robots\" content=\"index, follow, max-snippet:-1, max-image-preview:large, max-video-preview:-1\" \/>\n<link rel=\"canonical\" href=\"https:\/\/apuntesdesanluis.com\/index.php\/2024\/04\/13\/milei-suspendio-su-viaje-a-dinamarca-y-regresara-a-la-argentina-por-la-escalada-de-violencia-en-oriente-medio\/\" \/>\n<meta property=\"og:locale\" content=\"es_ES\" \/>\n<meta property=\"og:type\" content=\"article\" \/>\n<meta property=\"og:title\" content=\"MILEI SUSPENDI\u00d3 SU VIAJE A DINAMARCA Y REGRESAR\u00c1 A LA ARGENTINA POR LA ESCALADA DE VIOLENCIA EN ORIENTE MEDIO - Apuntes de San Luis\" \/>\n<meta property=\"og:description\" content=\"El presidente Javier Milei suspendi\u00f3 hoy su viaje a Dinamarca y regresar\u00e1 a la Argentina...\" \/>\n<meta property=\"og:url\" content=\"https:\/\/apuntesdesanluis.com\/index.php\/2024\/04\/13\/milei-suspendio-su-viaje-a-dinamarca-y-regresara-a-la-argentina-por-la-escalada-de-violencia-en-oriente-medio\/\" \/>\n<meta property=\"og:site_name\" content=\"Apuntes de San Luis\" \/>\n<meta property=\"article:published_time\" content=\"2024-04-14T01:11:01+00:00\" \/>\n<meta property=\"og:image\" content=\"https:\/\/apuntesdesanluis.com\/wp-content\/uploads\/2024\/04\/MILEI-4.png\" \/>\n\t<meta property=\"og:image:width\" content=\"731\" \/>\n\t<meta property=\"og:image:height\" content=\"443\" \/>\n\t<meta property=\"og:image:type\" content=\"image\/png\" \/>\n<meta name=\"author\" content=\"apuntesdesanluis.com\" \/>\n<meta name=\"twitter:card\" content=\"summary_large_image\" \/>\n<meta name=\"twitter:label1\" content=\"Escrito por\" \/>\n\t<meta name=\"twitter:data1\" content=\"apuntesdesanluis.com\" \/>\n\t<meta name=\"twitter:label2\" content=\"Tiempo de lectura\" \/>\n\t<meta name=\"twitter:data2\" content=\"3 minutos\" \/>\n<script type=\"application\/ld+json\" class=\"yoast-schema-graph\">{\"@context\":\"https:\/\/schema.org\",\"@graph\":[{\"@type\":\"Article\",\"@id\":\"https:\/\/apuntesdesanluis.com\/index.php\/2024\/04\/13\/milei-suspendio-su-viaje-a-dinamarca-y-regresara-a-la-argentina-por-la-escalada-de-violencia-en-oriente-medio\/#article\",\"isPartOf\":{\"@id\":\"https:\/\/apuntesdesanluis.com\/index.php\/2024\/04\/13\/milei-suspendio-su-viaje-a-dinamarca-y-regresara-a-la-argentina-por-la-escalada-de-violencia-en-oriente-medio\/\"},\"author\":{\"name\":\"apuntesdesanluis.com\",\"@id\":\"https:\/\/apuntesdesanluis.com\/#\/schema\/person\/b55151d52296fcce64d1a72538a70b90\"},\"headline\":\"MILEI SUSPENDI\u00d3 SU VIAJE A DINAMARCA Y REGRESAR\u00c1 A LA ARGENTINA POR LA ESCALADA DE VIOLENCIA EN ORIENTE MEDIO\",\"datePublished\":\"2024-04-14T01:11:01+00:00\",\"mainEntityOfPage\":{\"@id\":\"https:\/\/apuntesdesanluis.com\/index.php\/2024\/04\/13\/milei-suspendio-su-viaje-a-dinamarca-y-regresara-a-la-argentina-por-la-escalada-de-violencia-en-oriente-medio\/\"},\"wordCount\":618,\"publisher\":{\"@id\":\"https:\/\/apuntesdesanluis.com\/#\/schema\/person\/b55151d52296fcce64d1a72538a70b90\"},\"image\":{\"@id\":\"https:\/\/apuntesdesanluis.com\/index.php\/2024\/04\/13\/milei-suspendio-su-viaje-a-dinamarca-y-regresara-a-la-argentina-por-la-escalada-de-violencia-en-oriente-medio\/#primaryimage\"},\"thumbnailUrl\":\"https:\/\/apuntesdesanluis.com\/wp-content\/uploads\/2024\/04\/MILEI-4.png\",\"articleSection\":[\"Nacionales\/Internacionales\"],\"inLanguage\":\"es-AR\"},{\"@type\":\"WebPage\",\"@id\":\"https:\/\/apuntesdesanluis.com\/index.php\/2024\/04\/13\/milei-suspendio-su-viaje-a-dinamarca-y-regresara-a-la-argentina-por-la-escalada-de-violencia-en-oriente-medio\/\",\"url\":\"https:\/\/apuntesdesanluis.com\/index.php\/2024\/04\/13\/milei-suspendio-su-viaje-a-dinamarca-y-regresara-a-la-argentina-por-la-escalada-de-violencia-en-oriente-medio\/\",\"name\":\"MILEI SUSPENDI\u00d3 SU VIAJE A DINAMARCA Y REGRESAR\u00c1 A LA ARGENTINA POR LA ESCALADA DE VIOLENCIA EN ORIENTE MEDIO - Apuntes de San Luis\",\"isPartOf\":{\"@id\":\"https:\/\/apuntesdesanluis.com\/#website\"},\"primaryImageOfPage\":{\"@id\":\"https:\/\/apuntesdesanluis.com\/index.php\/2024\/04\/13\/milei-suspendio-su-viaje-a-dinamarca-y-regresara-a-la-argentina-por-la-escalada-de-violencia-en-oriente-medio\/#primaryimage\"},\"image\":{\"@id\":\"https:\/\/apuntesdesanluis.com\/index.php\/2024\/04\/13\/milei-suspendio-su-viaje-a-dinamarca-y-regresara-a-la-argentina-por-la-escalada-de-violencia-en-oriente-medio\/#primaryimage\"},\"thumbnailUrl\":\"https:\/\/apuntesdesanluis.com\/wp-content\/uploads\/2024\/04\/MILEI-4.png\",\"datePublished\":\"2024-04-14T01:11:01+00:00\",\"breadcrumb\":{\"@id\":\"https:\/\/apuntesdesanluis.com\/index.php\/2024\/04\/13\/milei-suspendio-su-viaje-a-dinamarca-y-regresara-a-la-argentina-por-la-escalada-de-violencia-en-oriente-medio\/#breadcrumb\"},\"inLanguage\":\"es-AR\",\"potentialAction\":[{\"@type\":\"ReadAction\",\"target\":[\"https:\/\/apuntesdesanluis.com\/index.php\/2024\/04\/13\/milei-suspendio-su-viaje-a-dinamarca-y-regresara-a-la-argentina-por-la-escalada-de-violencia-en-oriente-medio\/\"]}]},{\"@type\":\"ImageObject\",\"inLanguage\":\"es-AR\",\"@id\":\"https:\/\/apuntesdesanluis.com\/index.php\/2024\/04\/13\/milei-suspendio-su-viaje-a-dinamarca-y-regresara-a-la-argentina-por-la-escalada-de-violencia-en-oriente-medio\/#primaryimage\",\"url\":\"https:\/\/apuntesdesanluis.com\/wp-content\/uploads\/2024\/04\/MILEI-4.png\",\"contentUrl\":\"https:\/\/apuntesdesanluis.com\/wp-content\/uploads\/2024\/04\/MILEI-4.png\",\"width\":731,\"height\":443},{\"@type\":\"BreadcrumbList\",\"@id\":\"https:\/\/apuntesdesanluis.com\/index.php\/2024\/04\/13\/milei-suspendio-su-viaje-a-dinamarca-y-regresara-a-la-argentina-por-la-escalada-de-violencia-en-oriente-medio\/#breadcrumb\",\"itemListElement\":[{\"@type\":\"ListItem\",\"position\":1,\"name\":\"Inicio\",\"item\":\"https:\/\/apuntesdesanluis.com\/\"},{\"@type\":\"ListItem\",\"position\":2,\"name\":\"MILEI SUSPENDI\u00d3 SU VIAJE A DINAMARCA Y REGRESAR\u00c1 A LA ARGENTINA POR LA ESCALADA DE VIOLENCIA EN ORIENTE MEDIO\"}]},{\"@type\":\"WebSite\",\"@id\":\"https:\/\/apuntesdesanluis.com\/#website\",\"url\":\"https:\/\/apuntesdesanluis.com\/\",\"name\":\"Apuntes de San Luis\",\"description\":\"\",\"publisher\":{\"@id\":\"https:\/\/apuntesdesanluis.com\/#\/schema\/person\/b55151d52296fcce64d1a72538a70b90\"},\"potentialAction\":[{\"@type\":\"SearchAction\",\"target\":{\"@type\":\"EntryPoint\",\"urlTemplate\":\"https:\/\/apuntesdesanluis.com\/?s={search_term_string}\"},\"query-input\":{\"@type\":\"PropertyValueSpecification\",\"valueRequired\":true,\"valueName\":\"search_term_string\"}}],\"inLanguage\":\"es-AR\"},{\"@type\":[\"Person\",\"Organization\"],\"@id\":\"https:\/\/apuntesdesanluis.com\/#\/schema\/person\/b55151d52296fcce64d1a72538a70b90\",\"name\":\"apuntesdesanluis.com\",\"image\":{\"@type\":\"ImageObject\",\"inLanguage\":\"es-AR\",\"@id\":\"https:\/\/apuntesdesanluis.com\/#\/schema\/person\/image\/\",\"url\":\"https:\/\/apuntesdesanluis.com\/wp-content\/uploads\/2023\/07\/cropped-apuntesdesanluis.png\",\"contentUrl\":\"https:\/\/apuntesdesanluis.com\/wp-content\/uploads\/2023\/07\/cropped-apuntesdesanluis.png\",\"width\":450,\"height\":112,\"caption\":\"apuntesdesanluis.com\"},\"logo\":{\"@id\":\"https:\/\/apuntesdesanluis.com\/#\/schema\/person\/image\/\"},\"sameAs\":[\"https:\/\/apuntesdesanluis.com\"],\"url\":\"https:\/\/apuntesdesanluis.com\/index.php\/author\/apuntesdesanluis-com\/\"}]}<\/script>\n<!-- \/ Yoast SEO plugin. -->","yoast_head_json":{"title":"MILEI SUSPENDI\u00d3 SU VIAJE A DINAMARCA Y REGRESAR\u00c1 A LA ARGENTINA POR LA ESCALADA DE VIOLENCIA EN ORIENTE MEDIO - Apuntes de San Luis","robots":{"index":"index","follow":"follow","max-snippet":"max-snippet:-1","max-image-preview":"max-image-preview:large","max-video-preview":"max-video-preview:-1"},"canonical":"https:\/\/apuntesdesanluis.com\/index.php\/2024\/04\/13\/milei-suspendio-su-viaje-a-dinamarca-y-regresara-a-la-argentina-por-la-escalada-de-violencia-en-oriente-medio\/","og_locale":"es_ES","og_type":"article","og_title":"MILEI SUSPENDI\u00d3 SU VIAJE A DINAMARCA Y REGRESAR\u00c1 A LA ARGENTINA POR LA ESCALADA DE VIOLENCIA EN ORIENTE MEDIO - Apuntes de San Luis","og_description":"El presidente Javier Milei suspendi\u00f3 hoy su viaje a Dinamarca y regresar\u00e1 a la Argentina...","og_url":"https:\/\/apuntesdesanluis.com\/index.php\/2024\/04\/13\/milei-suspendio-su-viaje-a-dinamarca-y-regresara-a-la-argentina-por-la-escalada-de-violencia-en-oriente-medio\/","og_site_name":"Apuntes de San Luis","article_published_time":"2024-04-14T01:11:01+00:00","og_image":[{"width":731,"height":443,"url":"https:\/\/apuntesdesanluis.com\/wp-content\/uploads\/2024\/04\/MILEI-4.png","type":"image\/png"}],"author":"apuntesdesanluis.com","twitter_card":"summary_large_image","twitter_misc":{"Escrito por":"apuntesdesanluis.com","Tiempo de lectura":"3 minutos"},"schema":{"@context":"https:\/\/schema.org","@graph":[{"@type":"Article","@id":"https:\/\/apuntesdesanluis.com\/index.php\/2024\/04\/13\/milei-suspendio-su-viaje-a-dinamarca-y-regresara-a-la-argentina-por-la-escalada-de-violencia-en-oriente-medio\/#article","isPartOf":{"@id":"https:\/\/apuntesdesanluis.com\/index.php\/2024\/04\/13\/milei-suspendio-su-viaje-a-dinamarca-y-regresara-a-la-argentina-por-la-escalada-de-violencia-en-oriente-medio\/"},"author":{"name":"apuntesdesanluis.com","@id":"https:\/\/apuntesdesanluis.com\/#\/schema\/person\/b55151d52296fcce64d1a72538a70b90"},"headline":"MILEI SUSPENDI\u00d3 SU VIAJE A DINAMARCA Y REGRESAR\u00c1 A LA ARGENTINA POR LA ESCALADA DE VIOLENCIA EN ORIENTE MEDIO","datePublished":"2024-04-14T01:11:01+00:00","mainEntityOfPage":{"@id":"https:\/\/apuntesdesanluis.com\/index.php\/2024\/04\/13\/milei-suspendio-su-viaje-a-dinamarca-y-regresara-a-la-argentina-por-la-escalada-de-violencia-en-oriente-medio\/"},"wordCount":618,"publisher":{"@id":"https:\/\/apuntesdesanluis.com\/#\/schema\/person\/b55151d52296fcce64d1a72538a70b90"},"image":{"@id":"https:\/\/apuntesdesanluis.com\/index.php\/2024\/04\/13\/milei-suspendio-su-viaje-a-dinamarca-y-regresara-a-la-argentina-por-la-escalada-de-violencia-en-oriente-medio\/#primaryimage"},"thumbnailUrl":"https:\/\/apuntesdesanluis.com\/wp-content\/uploads\/2024\/04\/MILEI-4.png","articleSection":["Nacionales\/Internacionales"],"inLanguage":"es-AR"},{"@type":"WebPage","@id":"https:\/\/apuntesdesanluis.com\/index.php\/2024\/04\/13\/milei-suspendio-su-viaje-a-dinamarca-y-regresara-a-la-argentina-por-la-escalada-de-violencia-en-oriente-medio\/","url":"https:\/\/apuntesdesanluis.com\/index.php\/2024\/04\/13\/milei-suspendio-su-viaje-a-dinamarca-y-regresara-a-la-argentina-por-la-escalada-de-violencia-en-oriente-medio\/","name":"MILEI SUSPENDI\u00d3 SU VIAJE A DINAMARCA Y REGRESAR\u00c1 A LA ARGENTINA POR LA ESCALADA DE VIOLENCIA EN ORIENTE MEDIO - Apuntes de San Luis","isPartOf":{"@id":"https:\/\/apuntesdesanluis.com\/#website"},"primaryImageOfPage":{"@id":"https:\/\/apuntesdesanluis.com\/index.php\/2024\/04\/13\/milei-suspendio-su-viaje-a-dinamarca-y-regresara-a-la-argentina-por-la-escalada-de-violencia-en-oriente-medio\/#primaryimage"},"image":{"@id":"https:\/\/apuntesdesanluis.com\/index.php\/2024\/04\/13\/milei-suspendio-su-viaje-a-dinamarca-y-regresara-a-la-argentina-por-la-escalada-de-violencia-en-oriente-medio\/#primaryimage"},"thumbnailUrl":"https:\/\/apuntesdesanluis.com\/wp-content\/uploads\/2024\/04\/MILEI-4.png","datePublished":"2024-04-14T01:11:01+00:00","breadcrumb":{"@id":"https:\/\/apuntesdesanluis.com\/index.php\/2024\/04\/13\/milei-suspendio-su-viaje-a-dinamarca-y-regresara-a-la-argentina-por-la-escalada-de-violencia-en-oriente-medio\/#breadcrumb"},"inLanguage":"es-AR","potentialAction":[{"@type":"ReadAction","target":["https:\/\/apuntesdesanluis.com\/index.php\/2024\/04\/13\/milei-suspendio-su-viaje-a-dinamarca-y-regresara-a-la-argentina-por-la-escalada-de-violencia-en-oriente-medio\/"]}]},{"@type":"ImageObject","inLanguage":"es-AR","@id":"https:\/\/apuntesdesanluis.com\/index.php\/2024\/04\/13\/milei-suspendio-su-viaje-a-dinamarca-y-regresara-a-la-argentina-por-la-escalada-de-violencia-en-oriente-medio\/#primaryimage","url":"https:\/\/apuntesdesanluis.com\/wp-content\/uploads\/2024\/04\/MILEI-4.png","contentUrl":"https:\/\/apuntesdesanluis.com\/wp-content\/uploads\/2024\/04\/MILEI-4.png","width":731,"height":443},{"@type":"BreadcrumbList","@id":"https:\/\/apuntesdesanluis.com\/index.php\/2024\/04\/13\/milei-suspendio-su-viaje-a-dinamarca-y-regresara-a-la-argentina-por-la-escalada-de-violencia-en-oriente-medio\/#breadcrumb","itemListElement":[{"@type":"ListItem","position":1,"name":"Inicio","item":"https:\/\/apuntesdesanluis.com\/"},{"@type":"ListItem","position":2,"name":"MILEI SUSPENDI\u00d3 SU VIAJE A DINAMARCA Y REGRESAR\u00c1 A LA ARGENTINA POR LA ESCALADA DE VIOLENCIA EN ORIENTE MEDIO"}]},{"@type":"WebSite","@id":"https:\/\/apuntesdesanluis.com\/#website","url":"https:\/\/apuntesdesanluis.com\/","name":"Apuntes de San Luis","description":"","publisher":{"@id":"https:\/\/apuntesdesanluis.com\/#\/schema\/person\/b55151d52296fcce64d1a72538a70b90"},"potentialAction":[{"@type":"SearchAction","target":{"@type":"EntryPoint","urlTemplate":"https:\/\/apuntesdesanluis.com\/?s={search_term_string}"},"query-input":{"@type":"PropertyValueSpecification","valueRequired":true,"valueName":"search_term_string"}}],"inLanguage":"es-AR"},{"@type":["Person","Organization"],"@id":"https:\/\/apuntesdesanluis.com\/#\/schema\/person\/b55151d52296fcce64d1a72538a70b90","name":"apuntesdesanluis.com","image":{"@type":"ImageObject","inLanguage":"es-AR","@id":"https:\/\/apuntesdesanluis.com\/#\/schema\/person\/image\/","url":"https:\/\/apuntesdesanluis.com\/wp-content\/uploads\/2023\/07\/cropped-apuntesdesanluis.png","contentUrl":"https:\/\/apuntesdesanluis.com\/wp-content\/uploads\/2023\/07\/cropped-apuntesdesanluis.png","width":450,"height":112,"caption":"apuntesdesanluis.com"},"logo":{"@id":"https:\/\/apuntesdesanluis.com\/#\/schema\/person\/image\/"},"sameAs":["https:\/\/apuntesdesanluis.com"],"url":"https:\/\/apuntesdesanluis.com\/index.php\/author\/apuntesdesanluis-com\/"}]}},"featured_image_urls":{"full":["https:\/\/apuntesdesanluis.com\/wp-content\/uploads\/2024\/04\/MILEI-4.png",731,443,false],"thumbnail":["https:\/\/apuntesdesanluis.com\/wp-content\/uploads\/2024\/04\/MILEI-4-150x150.png",150,150,true],"medium":["https:\/\/apuntesdesanluis.com\/wp-content\/uploads\/2024\/04\/MILEI-4-300x182.png",300,182,true],"medium_large":["https:\/\/apuntesdesanluis.com\/wp-content\/uploads\/2024\/04\/MILEI-4.png",640,388,false],"large":["https:\/\/apuntesdesanluis.com\/wp-content\/uploads\/2024\/04\/MILEI-4.png",640,388,false],"1536x1536":["https:\/\/apuntesdesanluis.com\/wp-content\/uploads\/2024\/04\/MILEI-4.png",731,443,false],"2048x2048":["https:\/\/apuntesdesanluis.com\/wp-content\/uploads\/2024\/04\/MILEI-4.png",731,443,false],"newsever-slider-full":["https:\/\/apuntesdesanluis.com\/wp-content\/uploads\/2024\/04\/MILEI-4.png",731,443,false],"newsever-featured":["https:\/\/apuntesdesanluis.com\/wp-content\/uploads\/2024\/04\/MILEI-4.png",731,443,false],"newsever-medium":["https:\/\/apuntesdesanluis.com\/wp-content\/uploads\/2024\/04\/MILEI-4-720x443.png",720,443,true]},"author_info":{"display_name":"apuntesdesanluis.com","author_link":"https:\/\/apuntesdesanluis.com\/index.php\/author\/apuntesdesanluis-com\/"},"category_info":"<a href=\"https:\/\/apuntesdesanluis.com\/index.php\/category\/nacionales-internacionales\/\" rel=\"category tag\">Nacionales\/Internacionales<\/a>","tag_info":"Nacionales\/Internacionales","comment_count":"0","_links":{"self":[{"href":"https:\/\/apuntesdesanluis.com\/index.php\/wp-json\/wp\/v2\/posts\/14655","targetHints":{"allow":["GET"]}}],"collection":[{"href":"https:\/\/apuntesdesanluis.com\/index.php\/wp-json\/wp\/v2\/posts"}],"about":[{"href":"https:\/\/apuntesdesanluis.com\/index.php\/wp-json\/wp\/v2\/types\/post"}],"author":[{"embeddable":true,"href":"https:\/\/apuntesdesanluis.com\/index.php\/wp-json\/wp\/v2\/users\/1"}],"replies":[{"embeddable":true,"href":"https:\/\/apuntesdesanluis.com\/index.php\/wp-json\/wp\/v2\/comments?post=14655"}],"version-history":[{"count":1,"href":"https:\/\/apuntesdesanluis.com\/index.php\/wp-json\/wp\/v2\/posts\/14655\/revisions"}],"predecessor-version":[{"id":14657,"href":"https:\/\/apuntesdesanluis.com\/index.php\/wp-json\/wp\/v2\/posts\/14655\/revisions\/14657"}],"wp:featuredmedia":[{"embeddable":true,"href":"https:\/\/apuntesdesanluis.com\/index.php\/wp-json\/wp\/v2\/media\/14656"}],"wp:attachment":[{"href":"https:\/\/apuntesdesanluis.com\/index.php\/wp-json\/wp\/v2\/media?parent=14655"}],"wp:term":[{"taxonomy":"category","embeddable":true,"href":"https:\/\/apuntesdesanluis.com\/index.php\/wp-json\/wp\/v2\/categories?post=14655"},{"taxonomy":"post_tag","embeddable":true,"href":"https:\/\/apuntesdesanluis.com\/index.php\/wp-json\/wp\/v2\/tags?post=14655"}],"curies":[{"name":"wp","href":"https:\/\/api.w.org\/{rel}","templated":true}]}}