{"id":14661,"date":"2024-04-13T22:41:42","date_gmt":"2024-04-14T01:41:42","guid":{"rendered":"https:\/\/apuntesdesanluis.com\/?p=14661"},"modified":"2024-04-13T22:56:10","modified_gmt":"2024-04-14T01:56:10","slug":"quebrar","status":"publish","type":"post","link":"https:\/\/apuntesdesanluis.com\/index.php\/2024\/04\/13\/quebrar\/","title":{"rendered":"QUEBRAR"},"content":{"rendered":"<h3>Por <span style=\"color: #000000;\"><strong>Jorge Fontevecchia *<\/strong><\/span><\/h3>\n<h3><img fetchpriority=\"high\" decoding=\"async\" class=\"wp-image-14662 aligncenter\" src=\"https:\/\/apuntesdesanluis.com\/wp-content\/uploads\/2024\/04\/fontevechia-300x219.png\" alt=\"\" width=\"445\" height=\"325\" srcset=\"https:\/\/apuntesdesanluis.com\/wp-content\/uploads\/2024\/04\/fontevechia-300x219.png 300w, https:\/\/apuntesdesanluis.com\/wp-content\/uploads\/2024\/04\/fontevechia.png 551w\" sizes=\"(max-width: 445px) 100vw, 445px\" \/><\/h3>\n<h3>En la jerga de la represi\u00f3n ilegal de la dictadura, se quebraba al detenido a quien se le venc\u00eda la voluntad. El significado literal es \u201cromper con violencia\u201d y en el derecho comercial, cuando una empresa quiebra, es porque muere: no puede continuar ni ser comprada por ning\u00fan interesado porque sus deudas son mayores que sus activos. Casualmente en Colombia quebrar es sin\u00f3nimo de matar, eliminar, ultimar, extinguir.<\/h3>\n<h3>Es cierto que el diario PERFIL cerr\u00f3 en 1998, pero volvi\u00f3 a aparecer en 2005, aunque no quebr\u00f3 porque nunca quebr\u00f3 nuestra voluntad de continuarlo, ni nos salv\u00f3 ning\u00fan empresario, como dice el Presidente, sino los recursos de las propias publicaciones de Perfil en Brasil, ni tampoco \u201cla pol\u00edtica\u201d, porque al discontinuar su publicaci\u00f3n en 1998 el gobierno de Menem nos persegu\u00eda con juicios (que finalmente terminamos ganando en la Corte de San Jos\u00e9 de Costa Rica veinte a\u00f1os despu\u00e9s) mientras explotaron dos bombas en la puerta de nuestra editorial y Jos\u00e9 Luis Cabezas era asesinado, y tampoco cuando el diario PERFIL fue relanzado en 2005 porque, al contrario, el kirchnerismo nos castig\u00f3 siendo el \u00fanico medio con cero de publicidad oficial durante los doce a\u00f1os de sus tres gobiernos.<\/h3>\n<h3>Es c\u00e9lebre el fallo de la Justicia contra el Estado nacional por la discriminaci\u00f3n con la publicidad oficial que, tras batallar una d\u00e9cada en primera instancia y luego en c\u00e1mara, termin\u00f3 ganando PERFIL en la Corte Suprema al fin del kirchnerismo, sentando jurisprudencia para todos los medios y oblig\u00f3 a los dos gobiernos posteriores a distribuir publicidad oficial sin discriminar a ninguno, no por benevolencia, sino por obligaci\u00f3n. Juicio que despu\u00e9s de dos per\u00edodos presidenciales incre\u00edblemente volvemos a iniciar contra este Estado en el fuero Contencioso Administrativo, porque las empresas p\u00fablicas controladas por el Gobierno nacional (Aerol\u00edneas Argentinas, YPF, por ejemplo) en 2024 publican avisos en otros medios y se discrimina ex profeso a PERFIL.<\/h3>\n<h3>Tambi\u00e9n haremos un juicio personal a Javier Milei por da\u00f1o econ\u00f3mico en el fuero Comercial y otro por abuso de autoridad en el fuero Penal, por decir que PERFIL va a quebrar buscando lo que enuncia o, por lo menos, crear zozobra y costos materiales. M\u00e1s un posible amparo judicial al ministerio que conduce Sandra Pettovello si se produjera un retraso adrede de la aprobaci\u00f3n del estatuto de nuestra universidad. Por desgracia, tuvimos que aprender a enfrentar distintos gobiernos autoritarios desarrollando resiliencia y paciencia para esperar los desenlaces finales. Casi medio siglo de una Argentina tumultuosa haciendo periodismo contra poder desenvolvi\u00f3 esa especie de costra.<\/h3>\n<p><iframe title=\"Milei festej\u00f3 que Perfil &quot;est\u00e1 camino a la quiebra&quot;\" width=\"640\" height=\"360\" src=\"https:\/\/www.youtube.com\/embed\/Tu_GGiFrmMM?feature=oembed\" frameborder=\"0\" allow=\"accelerometer; autoplay; clipboard-write; encrypted-media; gyroscope; picture-in-picture; web-share\" referrerpolicy=\"strict-origin-when-cross-origin\" allowfullscreen><\/iframe><\/p>\n<h3>Con ingenua estratagema el Presidente no coloca el nombre y apellido del atacado creyendo que usar apodos \u2013\u201cpautero\u201d o \u201ctintureli\u201d\u2013 lo exime de la responsabilidad de sus actos de la misma forma que en una discusi\u00f3n acalorada hace varios a\u00f1os en c\u00e1mara le dec\u00eda a una actriz que \u00e9l no era responsable de los agravios porque solo retuitiaba los mensajes (agravios) de un tercero.<\/h3>\n<h3>Pero ese lenguaje performativo del Presidente tratando de producir lo que enuncia, una quiebra, ha generado el efecto contrario en el pasado. Fueron las persecuciones de la dictadura las que hicieron que aquella incipiente Editorial Perfil con su inicialmente primitiva revista La Semana cobrara visibilidad cuando no era m\u00e1s que un pu\u00f1ado de escritorios y m\u00e1quinas de escribir. A comienzos de los 90 fueron los ataques de Menem los que hicieron relevante desde su inicio a la revista Noticias cuando reci\u00e9n comenzaba, lo mismo que ya hacia fines de esa d\u00e9cada las dos bombas en la puerta de la editorial simult\u00e1neamente con el deleznable asesinato de Jos\u00e9 Luis Cabezas por publicar la \u00fanica foto del empresario prebendario del Estado Alfredo Yabr\u00e1n.<\/h3>\n<h3>Y fue N\u00e9stor Kirchner un impensado art\u00edfice del relanzamiento del diario PERFIL a comienzo de 2005 por habernos elegido como enemigo medi\u00e1tico. Joaqu\u00edn Morales Sol\u00e1 hab\u00eda difundido que el presidente de entonces le dijo: \u201cMe llevo bien con todos los medios, menos con uno: Perfil\u201d. Previamente, y sabiendo la estima personal que yo le ten\u00eda al fundador de Torneos y Competencias, Kirchner le pidi\u00f3 a Carlos \u00c1vila que intercediera transmitiendo el ofrecimiento de publicidad oficial a cambio de que dej\u00e1ramos de denunciar los casos de corrupci\u00f3n que una d\u00e9cada despu\u00e9s tom\u00f3 todo el periodismo argentino. La t\u00e9cnica de N\u00e9stor Kirchner era primero seducir, sino comprar, y si nada de lo anterior resultaba conducente, aniquilar.<\/h3>\n<h3>La anticipaci\u00f3n fue la caracter\u00edstica que enfureci\u00f3 a distintos gobiernos con los medios de Perfil: en los tramos finales de la dictadura, y a mediados del menemato y del kirchnerismo todos los medios fueron cr\u00edticos y denunciaron sus malas pr\u00e1cticas, pero la soledad inicial marc\u00f3 nuestro posicionamiento para siempre. Y nuevamente se repite ahora con el gobierno de Javier Milei.<\/h3>\n<h3>No habr\u00eda que descartar entonces que sus cr\u00edticas hacia nosotros terminasen produciendo el efecto contrario y que, en lugar de quebrar a PERFIL, permitan que se cumpla el sue\u00f1o de que pase a ser impreso tambi\u00e9n de lunes a viernes. Ojal\u00e1 fuera ese el destino de los padecimientos que hoy nos genera inseguridad entre anunciantes, estudiantes y empleados. Ojal\u00e1 produzca la misma empat\u00eda de lectores y anunciantes que en 2006 gener\u00f3 el Fideicomiso en Contra de la Discriminaci\u00f3n con Publicidad Oficial que condujo el entonces ombudsman de PERFIL Nelson Castro y, salvando las gigantescas distancias, el crecimiento de las suscripciones digitales que le crearon al diario The New York Times los ataques de Donald Trump.<\/h3>\n<h3>M\u00e1s all\u00e1 de las impredecibles consecuencias que los agravios de Javier Milei pudieran producir sobre el diario PERFIL, vale hacer un repaso del conjunto de veh\u00edculos y plataformas que trascienden a este diario. Trabajan en Perfil alrededor de mil personas: m\u00e1s de seiscientas personas full time y casi doscientas part time en Argentina, y m\u00e1s de doscientas personas en Perfil Brasil. Al rev\u00e9s de otras empresas que frente a la crisis de los medios en todo el mundo redujeron su personal, en Editorial Perfil se recapacit\u00f3 a fot\u00f3grafos como camar\u00f3grafos, dise\u00f1adores de papel como dise\u00f1adores digitales y de video, y hasta t\u00e9cnicos de la impresora en t\u00e9cnicos de televisi\u00f3n.<\/h3>\n<h3>La gr\u00e1fica de Perfil, Impresora Maguncia, imprime cuatro diarios: el propio, P\u00e1gina\/12, Cronista y Cr\u00f3nica, y es la \u00fanica planta de impresi\u00f3n de alta velocidad junto con la de Clar\u00edn, que imprime tambi\u00e9n La Naci\u00f3n. Perfil preside la Asociaci\u00f3n de Editores y es la \u00fanica que abastece a los kioscos con varias revistas semanales, adem\u00e1s de varias mensuales. En Brasil se editan en papel las revistas Caras, Contigo y Aventura na Historia. Y en Portugal, las revistas Caras y Decora\u00e7\u00e3o.<\/h3>\n<h3>En digital, con la suma de sus 21 sitios, Perfil tiene la cuarta audiencia de noticias de Argentina con 15 millones de usuarios y, en Brasil, una posici\u00f3n similar con 17 sitios, pero dado que es una poblaci\u00f3n cuatro veces mayor, con 65 millones de usuarios. En Portugal, un pa\u00eds m\u00e1s peque\u00f1o, solo un d\u00e9cimo que en Brasil. A diferencia de Brasil y de Portugal, en Argentina hay suscriptores digitales que pagan por acceso ilimitado, a los que se suman los suscriptores de dos clubes de afinidad, uno de vino y otro de teatro: Delirio y Vivo, respectivamente (este \u00faltimo, junto con la Asociaci\u00f3n de Empresarios Teatrales).<\/h3>\n<h3>Desde hace una d\u00e9cada, la Fundaci\u00f3n Perfil tiene un Instituto Terciario de Educaci\u00f3n (en 2017 fue elegido por la Unesco como uno de los ocho casos destacables del a\u00f1o) que el a\u00f1o pasado se aprob\u00f3 como universidad nacional: Universidad del Sur de Buenos Aires. Finalmente Perfil opera dos radios: AM 1190 Radio Perfil y la FM 101.9 Radio Horizonte, y cuatro canales de televisi\u00f3n: NET TV, Bravo, Canal E y Caras TV (este \u00faltimo, tambi\u00e9n en Portugal).<\/h3>\n<h3>Dentro de dos a\u00f1os Perfil cumplir\u00e1 50 a\u00f1os y nos encontrar\u00e1 haciendo lo mismo que simboliza el ave de nuestro logotipo expresado en la c\u00e9lebre met\u00e1fora de Immanuel Kant sobre el conocimiento: \u201cPodr\u00eda imaginarse que la ligera paloma volar\u00eda mejor sin la resistencia del aire que surca al volar libremente, pero es la resistencia del viento lo que le permite elevarse\u201d.<\/h3>\n<h3><\/h3>\n<h4><strong>* <em>Cofundador de Editorial Perfil &#8211; CEO de Perfil Network.<\/em><\/strong><\/h4>\n<p>&#8230;&#8230;&#8230;&#8230;&#8230;<\/p>\n<h3><strong>NOTA:<\/strong> Las peleas de Milei no s\u00f3lo abarcan al grupo Perfil, sino que empiezan a cubrir todo el espectro period\u00edstico, algunos de los cuales lo apoyan y comienzan a reaccionar t\u00edmidamente.<\/h3>\n<p><iframe title=\"Milei acus\u00f3 a periodistas de ensobrados y Longobardi, Tenembaum y Lanata lo cruzaron\" width=\"640\" height=\"360\" src=\"https:\/\/www.youtube.com\/embed\/BwaIWilDEEQ?feature=oembed\" frameborder=\"0\" allow=\"accelerometer; autoplay; clipboard-write; encrypted-media; gyroscope; picture-in-picture; web-share\" referrerpolicy=\"strict-origin-when-cross-origin\" allowfullscreen><\/iframe><\/p>\n<p>&nbsp;<\/p>\n<p>&nbsp;<\/p>\n","protected":false},"excerpt":{"rendered":"<p>Por Jorge Fontevecchia * En la jerga de la represi\u00f3n ilegal de la dictadura, se&#8230;<\/p>\n","protected":false},"author":1,"featured_media":14663,"comment_status":"closed","ping_status":"closed","sticky":false,"template":"","format":"standard","meta":{"footnotes":""},"categories":[9],"tags":[],"class_list":["post-14661","post","type-post","status-publish","format-standard","has-post-thumbnail","hentry","category-opinion"],"yoast_head":"<!-- This site is optimized with the Yoast SEO plugin v26.1.1 - https:\/\/yoast.com\/wordpress\/plugins\/seo\/ -->\n<title>QUEBRAR - Apuntes de San Luis<\/title>\n<meta name=\"robots\" content=\"index, follow, max-snippet:-1, max-image-preview:large, max-video-preview:-1\" \/>\n<link rel=\"canonical\" href=\"https:\/\/apuntesdesanluis.com\/index.php\/2024\/04\/13\/quebrar\/\" \/>\n<meta property=\"og:locale\" content=\"es_ES\" \/>\n<meta property=\"og:type\" content=\"article\" \/>\n<meta property=\"og:title\" content=\"QUEBRAR - Apuntes de San Luis\" \/>\n<meta property=\"og:description\" content=\"Por Jorge Fontevecchia * En la jerga de la represi\u00f3n ilegal de la dictadura, se...\" \/>\n<meta property=\"og:url\" content=\"https:\/\/apuntesdesanluis.com\/index.php\/2024\/04\/13\/quebrar\/\" \/>\n<meta property=\"og:site_name\" content=\"Apuntes de San Luis\" \/>\n<meta property=\"article:published_time\" content=\"2024-04-14T01:41:42+00:00\" \/>\n<meta property=\"article:modified_time\" content=\"2024-04-14T01:56:10+00:00\" \/>\n<meta property=\"og:image\" content=\"https:\/\/apuntesdesanluis.com\/wp-content\/uploads\/2024\/04\/editorial-perfil.png\" \/>\n\t<meta property=\"og:image:width\" content=\"643\" \/>\n\t<meta property=\"og:image:height\" content=\"368\" \/>\n\t<meta property=\"og:image:type\" content=\"image\/png\" \/>\n<meta name=\"author\" content=\"apuntesdesanluis.com\" \/>\n<meta name=\"twitter:card\" content=\"summary_large_image\" \/>\n<meta name=\"twitter:label1\" content=\"Escrito por\" \/>\n\t<meta name=\"twitter:data1\" content=\"apuntesdesanluis.com\" \/>\n\t<meta name=\"twitter:label2\" content=\"Tiempo de lectura\" \/>\n\t<meta name=\"twitter:data2\" content=\"7 minutos\" \/>\n<script type=\"application\/ld+json\" class=\"yoast-schema-graph\">{\"@context\":\"https:\/\/schema.org\",\"@graph\":[{\"@type\":\"Article\",\"@id\":\"https:\/\/apuntesdesanluis.com\/index.php\/2024\/04\/13\/quebrar\/#article\",\"isPartOf\":{\"@id\":\"https:\/\/apuntesdesanluis.com\/index.php\/2024\/04\/13\/quebrar\/\"},\"author\":{\"name\":\"apuntesdesanluis.com\",\"@id\":\"https:\/\/apuntesdesanluis.com\/#\/schema\/person\/b55151d52296fcce64d1a72538a70b90\"},\"headline\":\"QUEBRAR\",\"datePublished\":\"2024-04-14T01:41:42+00:00\",\"dateModified\":\"2024-04-14T01:56:10+00:00\",\"mainEntityOfPage\":{\"@id\":\"https:\/\/apuntesdesanluis.com\/index.php\/2024\/04\/13\/quebrar\/\"},\"wordCount\":1479,\"publisher\":{\"@id\":\"https:\/\/apuntesdesanluis.com\/#\/schema\/person\/b55151d52296fcce64d1a72538a70b90\"},\"image\":{\"@id\":\"https:\/\/apuntesdesanluis.com\/index.php\/2024\/04\/13\/quebrar\/#primaryimage\"},\"thumbnailUrl\":\"https:\/\/apuntesdesanluis.com\/wp-content\/uploads\/2024\/04\/editorial-perfil.png\",\"articleSection\":[\"Opini\u00f3n\"],\"inLanguage\":\"es-AR\"},{\"@type\":\"WebPage\",\"@id\":\"https:\/\/apuntesdesanluis.com\/index.php\/2024\/04\/13\/quebrar\/\",\"url\":\"https:\/\/apuntesdesanluis.com\/index.php\/2024\/04\/13\/quebrar\/\",\"name\":\"QUEBRAR - Apuntes de San Luis\",\"isPartOf\":{\"@id\":\"https:\/\/apuntesdesanluis.com\/#website\"},\"primaryImageOfPage\":{\"@id\":\"https:\/\/apuntesdesanluis.com\/index.php\/2024\/04\/13\/quebrar\/#primaryimage\"},\"image\":{\"@id\":\"https:\/\/apuntesdesanluis.com\/index.php\/2024\/04\/13\/quebrar\/#primaryimage\"},\"thumbnailUrl\":\"https:\/\/apuntesdesanluis.com\/wp-content\/uploads\/2024\/04\/editorial-perfil.png\",\"datePublished\":\"2024-04-14T01:41:42+00:00\",\"dateModified\":\"2024-04-14T01:56:10+00:00\",\"breadcrumb\":{\"@id\":\"https:\/\/apuntesdesanluis.com\/index.php\/2024\/04\/13\/quebrar\/#breadcrumb\"},\"inLanguage\":\"es-AR\",\"potentialAction\":[{\"@type\":\"ReadAction\",\"target\":[\"https:\/\/apuntesdesanluis.com\/index.php\/2024\/04\/13\/quebrar\/\"]}]},{\"@type\":\"ImageObject\",\"inLanguage\":\"es-AR\",\"@id\":\"https:\/\/apuntesdesanluis.com\/index.php\/2024\/04\/13\/quebrar\/#primaryimage\",\"url\":\"https:\/\/apuntesdesanluis.com\/wp-content\/uploads\/2024\/04\/editorial-perfil.png\",\"contentUrl\":\"https:\/\/apuntesdesanluis.com\/wp-content\/uploads\/2024\/04\/editorial-perfil.png\",\"width\":643,\"height\":368},{\"@type\":\"BreadcrumbList\",\"@id\":\"https:\/\/apuntesdesanluis.com\/index.php\/2024\/04\/13\/quebrar\/#breadcrumb\",\"itemListElement\":[{\"@type\":\"ListItem\",\"position\":1,\"name\":\"Inicio\",\"item\":\"https:\/\/apuntesdesanluis.com\/\"},{\"@type\":\"ListItem\",\"position\":2,\"name\":\"QUEBRAR\"}]},{\"@type\":\"WebSite\",\"@id\":\"https:\/\/apuntesdesanluis.com\/#website\",\"url\":\"https:\/\/apuntesdesanluis.com\/\",\"name\":\"Apuntes de San Luis\",\"description\":\"\",\"publisher\":{\"@id\":\"https:\/\/apuntesdesanluis.com\/#\/schema\/person\/b55151d52296fcce64d1a72538a70b90\"},\"potentialAction\":[{\"@type\":\"SearchAction\",\"target\":{\"@type\":\"EntryPoint\",\"urlTemplate\":\"https:\/\/apuntesdesanluis.com\/?s={search_term_string}\"},\"query-input\":{\"@type\":\"PropertyValueSpecification\",\"valueRequired\":true,\"valueName\":\"search_term_string\"}}],\"inLanguage\":\"es-AR\"},{\"@type\":[\"Person\",\"Organization\"],\"@id\":\"https:\/\/apuntesdesanluis.com\/#\/schema\/person\/b55151d52296fcce64d1a72538a70b90\",\"name\":\"apuntesdesanluis.com\",\"image\":{\"@type\":\"ImageObject\",\"inLanguage\":\"es-AR\",\"@id\":\"https:\/\/apuntesdesanluis.com\/#\/schema\/person\/image\/\",\"url\":\"https:\/\/apuntesdesanluis.com\/wp-content\/uploads\/2023\/07\/cropped-apuntesdesanluis.png\",\"contentUrl\":\"https:\/\/apuntesdesanluis.com\/wp-content\/uploads\/2023\/07\/cropped-apuntesdesanluis.png\",\"width\":450,\"height\":112,\"caption\":\"apuntesdesanluis.com\"},\"logo\":{\"@id\":\"https:\/\/apuntesdesanluis.com\/#\/schema\/person\/image\/\"},\"sameAs\":[\"https:\/\/apuntesdesanluis.com\"],\"url\":\"https:\/\/apuntesdesanluis.com\/index.php\/author\/apuntesdesanluis-com\/\"}]}<\/script>\n<!-- \/ Yoast SEO plugin. -->","yoast_head_json":{"title":"QUEBRAR - Apuntes de San Luis","robots":{"index":"index","follow":"follow","max-snippet":"max-snippet:-1","max-image-preview":"max-image-preview:large","max-video-preview":"max-video-preview:-1"},"canonical":"https:\/\/apuntesdesanluis.com\/index.php\/2024\/04\/13\/quebrar\/","og_locale":"es_ES","og_type":"article","og_title":"QUEBRAR - Apuntes de San Luis","og_description":"Por Jorge Fontevecchia * En la jerga de la represi\u00f3n ilegal de la dictadura, se...","og_url":"https:\/\/apuntesdesanluis.com\/index.php\/2024\/04\/13\/quebrar\/","og_site_name":"Apuntes de San Luis","article_published_time":"2024-04-14T01:41:42+00:00","article_modified_time":"2024-04-14T01:56:10+00:00","og_image":[{"width":643,"height":368,"url":"https:\/\/apuntesdesanluis.com\/wp-content\/uploads\/2024\/04\/editorial-perfil.png","type":"image\/png"}],"author":"apuntesdesanluis.com","twitter_card":"summary_large_image","twitter_misc":{"Escrito por":"apuntesdesanluis.com","Tiempo de lectura":"7 minutos"},"schema":{"@context":"https:\/\/schema.org","@graph":[{"@type":"Article","@id":"https:\/\/apuntesdesanluis.com\/index.php\/2024\/04\/13\/quebrar\/#article","isPartOf":{"@id":"https:\/\/apuntesdesanluis.com\/index.php\/2024\/04\/13\/quebrar\/"},"author":{"name":"apuntesdesanluis.com","@id":"https:\/\/apuntesdesanluis.com\/#\/schema\/person\/b55151d52296fcce64d1a72538a70b90"},"headline":"QUEBRAR","datePublished":"2024-04-14T01:41:42+00:00","dateModified":"2024-04-14T01:56:10+00:00","mainEntityOfPage":{"@id":"https:\/\/apuntesdesanluis.com\/index.php\/2024\/04\/13\/quebrar\/"},"wordCount":1479,"publisher":{"@id":"https:\/\/apuntesdesanluis.com\/#\/schema\/person\/b55151d52296fcce64d1a72538a70b90"},"image":{"@id":"https:\/\/apuntesdesanluis.com\/index.php\/2024\/04\/13\/quebrar\/#primaryimage"},"thumbnailUrl":"https:\/\/apuntesdesanluis.com\/wp-content\/uploads\/2024\/04\/editorial-perfil.png","articleSection":["Opini\u00f3n"],"inLanguage":"es-AR"},{"@type":"WebPage","@id":"https:\/\/apuntesdesanluis.com\/index.php\/2024\/04\/13\/quebrar\/","url":"https:\/\/apuntesdesanluis.com\/index.php\/2024\/04\/13\/quebrar\/","name":"QUEBRAR - Apuntes de San Luis","isPartOf":{"@id":"https:\/\/apuntesdesanluis.com\/#website"},"primaryImageOfPage":{"@id":"https:\/\/apuntesdesanluis.com\/index.php\/2024\/04\/13\/quebrar\/#primaryimage"},"image":{"@id":"https:\/\/apuntesdesanluis.com\/index.php\/2024\/04\/13\/quebrar\/#primaryimage"},"thumbnailUrl":"https:\/\/apuntesdesanluis.com\/wp-content\/uploads\/2024\/04\/editorial-perfil.png","datePublished":"2024-04-14T01:41:42+00:00","dateModified":"2024-04-14T01:56:10+00:00","breadcrumb":{"@id":"https:\/\/apuntesdesanluis.com\/index.php\/2024\/04\/13\/quebrar\/#breadcrumb"},"inLanguage":"es-AR","potentialAction":[{"@type":"ReadAction","target":["https:\/\/apuntesdesanluis.com\/index.php\/2024\/04\/13\/quebrar\/"]}]},{"@type":"ImageObject","inLanguage":"es-AR","@id":"https:\/\/apuntesdesanluis.com\/index.php\/2024\/04\/13\/quebrar\/#primaryimage","url":"https:\/\/apuntesdesanluis.com\/wp-content\/uploads\/2024\/04\/editorial-perfil.png","contentUrl":"https:\/\/apuntesdesanluis.com\/wp-content\/uploads\/2024\/04\/editorial-perfil.png","width":643,"height":368},{"@type":"BreadcrumbList","@id":"https:\/\/apuntesdesanluis.com\/index.php\/2024\/04\/13\/quebrar\/#breadcrumb","itemListElement":[{"@type":"ListItem","position":1,"name":"Inicio","item":"https:\/\/apuntesdesanluis.com\/"},{"@type":"ListItem","position":2,"name":"QUEBRAR"}]},{"@type":"WebSite","@id":"https:\/\/apuntesdesanluis.com\/#website","url":"https:\/\/apuntesdesanluis.com\/","name":"Apuntes de San Luis","description":"","publisher":{"@id":"https:\/\/apuntesdesanluis.com\/#\/schema\/person\/b55151d52296fcce64d1a72538a70b90"},"potentialAction":[{"@type":"SearchAction","target":{"@type":"EntryPoint","urlTemplate":"https:\/\/apuntesdesanluis.com\/?s={search_term_string}"},"query-input":{"@type":"PropertyValueSpecification","valueRequired":true,"valueName":"search_term_string"}}],"inLanguage":"es-AR"},{"@type":["Person","Organization"],"@id":"https:\/\/apuntesdesanluis.com\/#\/schema\/person\/b55151d52296fcce64d1a72538a70b90","name":"apuntesdesanluis.com","image":{"@type":"ImageObject","inLanguage":"es-AR","@id":"https:\/\/apuntesdesanluis.com\/#\/schema\/person\/image\/","url":"https:\/\/apuntesdesanluis.com\/wp-content\/uploads\/2023\/07\/cropped-apuntesdesanluis.png","contentUrl":"https:\/\/apuntesdesanluis.com\/wp-content\/uploads\/2023\/07\/cropped-apuntesdesanluis.png","width":450,"height":112,"caption":"apuntesdesanluis.com"},"logo":{"@id":"https:\/\/apuntesdesanluis.com\/#\/schema\/person\/image\/"},"sameAs":["https:\/\/apuntesdesanluis.com"],"url":"https:\/\/apuntesdesanluis.com\/index.php\/author\/apuntesdesanluis-com\/"}]}},"featured_image_urls":{"full":["https:\/\/apuntesdesanluis.com\/wp-content\/uploads\/2024\/04\/editorial-perfil.png",643,368,false],"thumbnail":["https:\/\/apuntesdesanluis.com\/wp-content\/uploads\/2024\/04\/editorial-perfil-150x150.png",150,150,true],"medium":["https:\/\/apuntesdesanluis.com\/wp-content\/uploads\/2024\/04\/editorial-perfil-300x172.png",300,172,true],"medium_large":["https:\/\/apuntesdesanluis.com\/wp-content\/uploads\/2024\/04\/editorial-perfil.png",640,366,false],"large":["https:\/\/apuntesdesanluis.com\/wp-content\/uploads\/2024\/04\/editorial-perfil.png",640,366,false],"1536x1536":["https:\/\/apuntesdesanluis.com\/wp-content\/uploads\/2024\/04\/editorial-perfil.png",643,368,false],"2048x2048":["https:\/\/apuntesdesanluis.com\/wp-content\/uploads\/2024\/04\/editorial-perfil.png",643,368,false],"newsever-slider-full":["https:\/\/apuntesdesanluis.com\/wp-content\/uploads\/2024\/04\/editorial-perfil.png",643,368,false],"newsever-featured":["https:\/\/apuntesdesanluis.com\/wp-content\/uploads\/2024\/04\/editorial-perfil.png",643,368,false],"newsever-medium":["https:\/\/apuntesdesanluis.com\/wp-content\/uploads\/2024\/04\/editorial-perfil.png",643,368,false]},"author_info":{"display_name":"apuntesdesanluis.com","author_link":"https:\/\/apuntesdesanluis.com\/index.php\/author\/apuntesdesanluis-com\/"},"category_info":"<a href=\"https:\/\/apuntesdesanluis.com\/index.php\/category\/opinion\/\" rel=\"category tag\">Opini\u00f3n<\/a>","tag_info":"Opini\u00f3n","comment_count":"0","_links":{"self":[{"href":"https:\/\/apuntesdesanluis.com\/index.php\/wp-json\/wp\/v2\/posts\/14661","targetHints":{"allow":["GET"]}}],"collection":[{"href":"https:\/\/apuntesdesanluis.com\/index.php\/wp-json\/wp\/v2\/posts"}],"about":[{"href":"https:\/\/apuntesdesanluis.com\/index.php\/wp-json\/wp\/v2\/types\/post"}],"author":[{"embeddable":true,"href":"https:\/\/apuntesdesanluis.com\/index.php\/wp-json\/wp\/v2\/users\/1"}],"replies":[{"embeddable":true,"href":"https:\/\/apuntesdesanluis.com\/index.php\/wp-json\/wp\/v2\/comments?post=14661"}],"version-history":[{"count":4,"href":"https:\/\/apuntesdesanluis.com\/index.php\/wp-json\/wp\/v2\/posts\/14661\/revisions"}],"predecessor-version":[{"id":14667,"href":"https:\/\/apuntesdesanluis.com\/index.php\/wp-json\/wp\/v2\/posts\/14661\/revisions\/14667"}],"wp:featuredmedia":[{"embeddable":true,"href":"https:\/\/apuntesdesanluis.com\/index.php\/wp-json\/wp\/v2\/media\/14663"}],"wp:attachment":[{"href":"https:\/\/apuntesdesanluis.com\/index.php\/wp-json\/wp\/v2\/media?parent=14661"}],"wp:term":[{"taxonomy":"category","embeddable":true,"href":"https:\/\/apuntesdesanluis.com\/index.php\/wp-json\/wp\/v2\/categories?post=14661"},{"taxonomy":"post_tag","embeddable":true,"href":"https:\/\/apuntesdesanluis.com\/index.php\/wp-json\/wp\/v2\/tags?post=14661"}],"curies":[{"name":"wp","href":"https:\/\/api.w.org\/{rel}","templated":true}]}}