{"id":14670,"date":"2024-04-14T21:35:56","date_gmt":"2024-04-15T00:35:56","guid":{"rendered":"https:\/\/apuntesdesanluis.com\/?p=14670"},"modified":"2024-04-14T21:35:56","modified_gmt":"2024-04-15T00:35:56","slug":"javier-milei-recibio-al-embajador-de-israel-en-argentina-el-informe-que-puso-en-alerta-al-gobierno","status":"publish","type":"post","link":"https:\/\/apuntesdesanluis.com\/index.php\/2024\/04\/14\/javier-milei-recibio-al-embajador-de-israel-en-argentina-el-informe-que-puso-en-alerta-al-gobierno\/","title":{"rendered":"JAVIER MILEI RECIBI\u00d3 AL EMBAJADOR DE ISRAEL EN ARGENTINA: EL INFORME QUE PUSO EN ALERTA AL GOBIERNO"},"content":{"rendered":"<h3>Durante el encuentro que el jefe de Estado y sus ministros mantienen en Casa Rosada, el diplom\u00e1tico brind\u00f3 informaci\u00f3n acerca del contexto geopol\u00edtico, tras el ataque de Ir\u00e1n sobre territorio israel\u00ed<\/h3>\n<h3>Tras haber sido distinguido como \u201cEmbajador Internacional de la Luz\u201d por la comunidad jud\u00eda Jabad Lubavitch y ratificando su alineamiento con Estados Unidos y con el resto del G7, el presidente <strong>Javier Milei<\/strong> regres\u00f3 de manera anticipada a la Argentina para reunir de urgencia a todo su Gabinete en la Casa Rosada y analizar la seguridad nacional y la forma de cooperar con Israel tras los ataques de Ir\u00e1n.<\/h3>\n<h3>El mandatario nacional despeg\u00f3 de Miami poco antes de las 9:00, a bordo de un vuelo comercial, y aterriz\u00f3 en Buenos Aires pasadas las 18:30, tras lo cual se dirigir\u00e1 inmediatamente a la sede del Gobierno para estudiar el cuadro de situaci\u00f3n en Medio Oriente.<\/h3>\n<h3>El encuentro comenz\u00f3 a las 20:00, como estaba previsto, y adem\u00e1s del mandatario nacional, participan su vice, Victoria Villarruel; su secretaria general, Karina Milei; su principal asesor pol\u00edtico, Santiago Caputo; su vocero, Manuel Adorni; el jefe de Gabinete, Nicol\u00e1s Posse, y casi todos los ministros.<\/h3>\n<h3>La reuni\u00f3n inici\u00f3 con un discurso del embajador de Israel en la Argentina, <strong>Eyal Sela<\/strong>, quien personalmente asisti\u00f3 para dar precisiones de los ataques iran\u00edes en su pa\u00eds y c\u00f3mo lograron derribar la mayor\u00eda de las bombas y los drones.<\/h3>\n<p><img fetchpriority=\"high\" decoding=\"async\" class=\"wp-image-14672 aligncenter\" src=\"https:\/\/apuntesdesanluis.com\/wp-content\/uploads\/2024\/04\/GABINETE-300x162.png\" alt=\"\" width=\"617\" height=\"333\" srcset=\"https:\/\/apuntesdesanluis.com\/wp-content\/uploads\/2024\/04\/GABINETE-300x162.png 300w, https:\/\/apuntesdesanluis.com\/wp-content\/uploads\/2024\/04\/GABINETE.png 600w\" sizes=\"(max-width: 617px) 100vw, 617px\" \/><\/p>\n<h3>Posteriormente, los funcionarios conversaron sobre un informe especial elaborado por distintas \u00e1reas del Gobierno, coordinados por Posse, cuyo contenido por el momento se desconoce, pero que podr\u00eda haber sido uno de los detonantes del regreso repentino de Milei.<\/h3>\n<h3>Si bien al principio se preve\u00eda que el comit\u00e9 de crisis que se arm\u00f3 para enfrentar la situaci\u00f3n internacional estuviera integrado solamente por la canciller, Diana Mondino, y el ministro de Defensa, Luis Petri, finalmente tambi\u00e9n se conform\u00f3 un segundo, en el que est\u00e1n todos los funcionarios de alto rango involucrados.<\/h3>\n<h3>De hecho, ellos dos ser\u00edan los \u00fanicos que no pudieron asistir este domingo a Balcarce 50, ya que la titular de la cartera de Relaciones Exteriores emprendi\u00f3 un viaje a Brasil para tratar de acordar un posicionamiento regional, mientras que el segundo se encuentra en Dinamarca, donde firmar\u00e1 un acuerdo para la adquisici\u00f3n de aviones de caza F-16.<\/h3>\n<h3>De acuerdo con lo que precisaron fuentes oficiales, Mondino, adem\u00e1s de haber sido instruida por Milei para tomar contacto con sus pares de Estados Unidos, Francia, Alemania, Italia e Israel, buscar\u00e1 apoyo en Am\u00e9rica Latina.<\/h3>\n<h3>En este marco, la canciller visita primero la capital de Brasil, para reunirse el lunes con su par de ese pa\u00eds, Mauro Vieira, y luego volar\u00e1 a San Pablo para encontrarse con el vicepresidente local, Geraldo Alckmin.<\/h3>\n<h3>Por este motivo, quien iba a participar del comit\u00e9 de crisis en la Casa Rosada es el secretario de Relaciones Exteriores, <strong>Leopoldo Francisco Sahores<\/strong>, mientras que Petri est\u00e1 en comunicaci\u00f3n con el grupo desde Copenhague por zoom.<\/h3>\n<h3>Desde el s\u00e1bado pasado, cuando estall\u00f3 el conflicto en Medio Oriente, el jefe de Gabinete est\u00e1 coordinando permanentemente el trabajo de los enlaces de Inteligencia, Seguridad, Defensa, Canciller\u00eda, Interior y Estrategia de la Argentina.<\/h3>\n<h3>De hecho, a partir de ese entrecruzamiento se gener\u00f3 este primer informe que Posse les entreg\u00f3 a todos los ministros y al Presidente de cara a la reuni\u00f3n del comit\u00e9 de crisis y que se ir\u00e1 actualizando peri\u00f3dicamente.<\/h3>\n<h3>Javier Milei se encontraba en plena gira cuando se enter\u00f3 de los ataques contra Israel con cientos de misiles y drones que fueron disparados, por orden de Teher\u00e1n, desde Ir\u00e1n, Siria, Irak, L\u00edbano y Yemen, que en su mayor\u00eda fueron interceptados antes de que pudieran causar da\u00f1o, pero que generaron un conflicto de escala mundial.<\/h3>\n<h3>Inmediatamente, la Oficina del Presidente de la Rep\u00fablica Argentina emiti\u00f3 un comunicado en el que expres\u00f3 \u201csu solidaridad y compromiso inclaudicable con el Estado de Israel frente a los ataques iniciados por la Rep\u00fablica Isl\u00e1mica de Ir\u00e1n\u201d.<\/h3>\n<h3>\u201cLa Rep\u00fablica Argentina reconoce el derecho de los Estados-Naci\u00f3n a defenderse, y respalda enf\u00e1ticamente al Estado de Israel en la defensa de su soberan\u00eda, en especial contra reg\u00edmenes que promocionan el terror y buscan la destrucci\u00f3n de la civilizaci\u00f3n occidental\u201d, se\u00f1al\u00f3 el texto.<\/h3>\n<h3>Por su parte, la Canciller\u00eda tambi\u00e9n conden\u00f3 \u201ccateg\u00f3ricamente el ataque sin precedentes de la Rep\u00fablica Isl\u00e1mica de Ir\u00e1n contra el Estado de Israel\u201d y dispuso el cierre temporario de las principales embajadas en Medio Oriente, sin plazo por ahora de reapertura.<\/h3>\n<h3>Semanas atr\u00e1s, Milei fue el \u00fanico mandatario de Am\u00e9rica Latina que respald\u00f3 el derecho a la leg\u00edtima defensa ejercido por Israel para aniquilar al grupo terrorista Hamas en Gaza, tras los primeros ataques de esa organizaci\u00f3n fundamentalista, el 7 de octubre de 2023.<\/h3>\n<h3>Por el momento, tanto Brasil, como Colombia y M\u00e9xico, optaron por una salida diplom\u00e1tica a la reciente escalada del conflicto, haciendo un llamado a \u201cla paz y la fraternidad universal\u201d, pero sin tomar posicionamiento por ninguno de los dos bandos.<\/h3>\n<h3>Por el contrario, los l\u00edderes del G7 criticaron \u201cinequ\u00edvocamente en los t\u00e9rminos m\u00e1s en\u00e9rgicos el ataque directo y sin precedentes de Ir\u00e1n\u201d, expresaron \u201cplena solidaridad y apoyo a Israel y a su pueblo\u201d y reafirmaron su \u201ccompromiso con su seguridad\u201d.<\/h3>\n<p>&nbsp;<\/p>\n<p>&nbsp;<\/p>\n<p>&nbsp;<\/p>\n","protected":false},"excerpt":{"rendered":"<p>Durante el encuentro que el jefe de Estado y sus ministros mantienen en Casa Rosada,&#8230;<\/p>\n","protected":false},"author":1,"featured_media":14671,"comment_status":"closed","ping_status":"closed","sticky":false,"template":"","format":"standard","meta":{"footnotes":""},"categories":[5],"tags":[],"class_list":["post-14670","post","type-post","status-publish","format-standard","has-post-thumbnail","hentry","category-nacionales-internacionales"],"yoast_head":"<!-- This site is optimized with the Yoast SEO plugin v26.1.1 - https:\/\/yoast.com\/wordpress\/plugins\/seo\/ -->\n<title>JAVIER MILEI RECIBI\u00d3 AL EMBAJADOR DE ISRAEL EN ARGENTINA: EL INFORME QUE PUSO EN ALERTA AL GOBIERNO - Apuntes de San Luis<\/title>\n<meta name=\"robots\" content=\"index, follow, max-snippet:-1, max-image-preview:large, max-video-preview:-1\" \/>\n<link rel=\"canonical\" href=\"https:\/\/apuntesdesanluis.com\/index.php\/2024\/04\/14\/javier-milei-recibio-al-embajador-de-israel-en-argentina-el-informe-que-puso-en-alerta-al-gobierno\/\" \/>\n<meta property=\"og:locale\" content=\"es_ES\" \/>\n<meta property=\"og:type\" content=\"article\" \/>\n<meta property=\"og:title\" content=\"JAVIER MILEI RECIBI\u00d3 AL EMBAJADOR DE ISRAEL EN ARGENTINA: EL INFORME QUE PUSO EN ALERTA AL GOBIERNO - Apuntes de San Luis\" \/>\n<meta property=\"og:description\" content=\"Durante el encuentro que el jefe de Estado y sus ministros mantienen en Casa Rosada,...\" \/>\n<meta property=\"og:url\" content=\"https:\/\/apuntesdesanluis.com\/index.php\/2024\/04\/14\/javier-milei-recibio-al-embajador-de-israel-en-argentina-el-informe-que-puso-en-alerta-al-gobierno\/\" \/>\n<meta property=\"og:site_name\" content=\"Apuntes de San Luis\" \/>\n<meta property=\"article:published_time\" content=\"2024-04-15T00:35:56+00:00\" \/>\n<meta property=\"og:image\" content=\"https:\/\/apuntesdesanluis.com\/wp-content\/uploads\/2024\/04\/EMBAJADOR-DE-ISRAEL.png\" \/>\n\t<meta property=\"og:image:width\" content=\"697\" \/>\n\t<meta property=\"og:image:height\" content=\"448\" \/>\n\t<meta property=\"og:image:type\" content=\"image\/png\" \/>\n<meta name=\"author\" content=\"apuntesdesanluis.com\" \/>\n<meta name=\"twitter:card\" content=\"summary_large_image\" \/>\n<meta name=\"twitter:label1\" content=\"Escrito por\" \/>\n\t<meta name=\"twitter:data1\" content=\"apuntesdesanluis.com\" \/>\n\t<meta name=\"twitter:label2\" content=\"Tiempo de lectura\" \/>\n\t<meta name=\"twitter:data2\" content=\"5 minutos\" \/>\n<script type=\"application\/ld+json\" class=\"yoast-schema-graph\">{\"@context\":\"https:\/\/schema.org\",\"@graph\":[{\"@type\":\"Article\",\"@id\":\"https:\/\/apuntesdesanluis.com\/index.php\/2024\/04\/14\/javier-milei-recibio-al-embajador-de-israel-en-argentina-el-informe-que-puso-en-alerta-al-gobierno\/#article\",\"isPartOf\":{\"@id\":\"https:\/\/apuntesdesanluis.com\/index.php\/2024\/04\/14\/javier-milei-recibio-al-embajador-de-israel-en-argentina-el-informe-que-puso-en-alerta-al-gobierno\/\"},\"author\":{\"name\":\"apuntesdesanluis.com\",\"@id\":\"https:\/\/apuntesdesanluis.com\/#\/schema\/person\/b55151d52296fcce64d1a72538a70b90\"},\"headline\":\"JAVIER MILEI RECIBI\u00d3 AL EMBAJADOR DE ISRAEL EN ARGENTINA: EL INFORME QUE PUSO EN ALERTA AL GOBIERNO\",\"datePublished\":\"2024-04-15T00:35:56+00:00\",\"mainEntityOfPage\":{\"@id\":\"https:\/\/apuntesdesanluis.com\/index.php\/2024\/04\/14\/javier-milei-recibio-al-embajador-de-israel-en-argentina-el-informe-que-puso-en-alerta-al-gobierno\/\"},\"wordCount\":936,\"publisher\":{\"@id\":\"https:\/\/apuntesdesanluis.com\/#\/schema\/person\/b55151d52296fcce64d1a72538a70b90\"},\"image\":{\"@id\":\"https:\/\/apuntesdesanluis.com\/index.php\/2024\/04\/14\/javier-milei-recibio-al-embajador-de-israel-en-argentina-el-informe-que-puso-en-alerta-al-gobierno\/#primaryimage\"},\"thumbnailUrl\":\"https:\/\/apuntesdesanluis.com\/wp-content\/uploads\/2024\/04\/EMBAJADOR-DE-ISRAEL.png\",\"articleSection\":[\"Nacionales\/Internacionales\"],\"inLanguage\":\"es-AR\"},{\"@type\":\"WebPage\",\"@id\":\"https:\/\/apuntesdesanluis.com\/index.php\/2024\/04\/14\/javier-milei-recibio-al-embajador-de-israel-en-argentina-el-informe-que-puso-en-alerta-al-gobierno\/\",\"url\":\"https:\/\/apuntesdesanluis.com\/index.php\/2024\/04\/14\/javier-milei-recibio-al-embajador-de-israel-en-argentina-el-informe-que-puso-en-alerta-al-gobierno\/\",\"name\":\"JAVIER MILEI RECIBI\u00d3 AL EMBAJADOR DE ISRAEL EN ARGENTINA: EL INFORME QUE PUSO EN ALERTA AL GOBIERNO - Apuntes de San Luis\",\"isPartOf\":{\"@id\":\"https:\/\/apuntesdesanluis.com\/#website\"},\"primaryImageOfPage\":{\"@id\":\"https:\/\/apuntesdesanluis.com\/index.php\/2024\/04\/14\/javier-milei-recibio-al-embajador-de-israel-en-argentina-el-informe-que-puso-en-alerta-al-gobierno\/#primaryimage\"},\"image\":{\"@id\":\"https:\/\/apuntesdesanluis.com\/index.php\/2024\/04\/14\/javier-milei-recibio-al-embajador-de-israel-en-argentina-el-informe-que-puso-en-alerta-al-gobierno\/#primaryimage\"},\"thumbnailUrl\":\"https:\/\/apuntesdesanluis.com\/wp-content\/uploads\/2024\/04\/EMBAJADOR-DE-ISRAEL.png\",\"datePublished\":\"2024-04-15T00:35:56+00:00\",\"breadcrumb\":{\"@id\":\"https:\/\/apuntesdesanluis.com\/index.php\/2024\/04\/14\/javier-milei-recibio-al-embajador-de-israel-en-argentina-el-informe-que-puso-en-alerta-al-gobierno\/#breadcrumb\"},\"inLanguage\":\"es-AR\",\"potentialAction\":[{\"@type\":\"ReadAction\",\"target\":[\"https:\/\/apuntesdesanluis.com\/index.php\/2024\/04\/14\/javier-milei-recibio-al-embajador-de-israel-en-argentina-el-informe-que-puso-en-alerta-al-gobierno\/\"]}]},{\"@type\":\"ImageObject\",\"inLanguage\":\"es-AR\",\"@id\":\"https:\/\/apuntesdesanluis.com\/index.php\/2024\/04\/14\/javier-milei-recibio-al-embajador-de-israel-en-argentina-el-informe-que-puso-en-alerta-al-gobierno\/#primaryimage\",\"url\":\"https:\/\/apuntesdesanluis.com\/wp-content\/uploads\/2024\/04\/EMBAJADOR-DE-ISRAEL.png\",\"contentUrl\":\"https:\/\/apuntesdesanluis.com\/wp-content\/uploads\/2024\/04\/EMBAJADOR-DE-ISRAEL.png\",\"width\":697,\"height\":448},{\"@type\":\"BreadcrumbList\",\"@id\":\"https:\/\/apuntesdesanluis.com\/index.php\/2024\/04\/14\/javier-milei-recibio-al-embajador-de-israel-en-argentina-el-informe-que-puso-en-alerta-al-gobierno\/#breadcrumb\",\"itemListElement\":[{\"@type\":\"ListItem\",\"position\":1,\"name\":\"Inicio\",\"item\":\"https:\/\/apuntesdesanluis.com\/\"},{\"@type\":\"ListItem\",\"position\":2,\"name\":\"JAVIER MILEI RECIBI\u00d3 AL EMBAJADOR DE ISRAEL EN ARGENTINA: EL INFORME QUE PUSO EN ALERTA AL GOBIERNO\"}]},{\"@type\":\"WebSite\",\"@id\":\"https:\/\/apuntesdesanluis.com\/#website\",\"url\":\"https:\/\/apuntesdesanluis.com\/\",\"name\":\"Apuntes de San Luis\",\"description\":\"\",\"publisher\":{\"@id\":\"https:\/\/apuntesdesanluis.com\/#\/schema\/person\/b55151d52296fcce64d1a72538a70b90\"},\"potentialAction\":[{\"@type\":\"SearchAction\",\"target\":{\"@type\":\"EntryPoint\",\"urlTemplate\":\"https:\/\/apuntesdesanluis.com\/?s={search_term_string}\"},\"query-input\":{\"@type\":\"PropertyValueSpecification\",\"valueRequired\":true,\"valueName\":\"search_term_string\"}}],\"inLanguage\":\"es-AR\"},{\"@type\":[\"Person\",\"Organization\"],\"@id\":\"https:\/\/apuntesdesanluis.com\/#\/schema\/person\/b55151d52296fcce64d1a72538a70b90\",\"name\":\"apuntesdesanluis.com\",\"image\":{\"@type\":\"ImageObject\",\"inLanguage\":\"es-AR\",\"@id\":\"https:\/\/apuntesdesanluis.com\/#\/schema\/person\/image\/\",\"url\":\"https:\/\/apuntesdesanluis.com\/wp-content\/uploads\/2023\/07\/cropped-apuntesdesanluis.png\",\"contentUrl\":\"https:\/\/apuntesdesanluis.com\/wp-content\/uploads\/2023\/07\/cropped-apuntesdesanluis.png\",\"width\":450,\"height\":112,\"caption\":\"apuntesdesanluis.com\"},\"logo\":{\"@id\":\"https:\/\/apuntesdesanluis.com\/#\/schema\/person\/image\/\"},\"sameAs\":[\"https:\/\/apuntesdesanluis.com\"],\"url\":\"https:\/\/apuntesdesanluis.com\/index.php\/author\/apuntesdesanluis-com\/\"}]}<\/script>\n<!-- \/ Yoast SEO plugin. -->","yoast_head_json":{"title":"JAVIER MILEI RECIBI\u00d3 AL EMBAJADOR DE ISRAEL EN ARGENTINA: EL INFORME QUE PUSO EN ALERTA AL GOBIERNO - Apuntes de San Luis","robots":{"index":"index","follow":"follow","max-snippet":"max-snippet:-1","max-image-preview":"max-image-preview:large","max-video-preview":"max-video-preview:-1"},"canonical":"https:\/\/apuntesdesanluis.com\/index.php\/2024\/04\/14\/javier-milei-recibio-al-embajador-de-israel-en-argentina-el-informe-que-puso-en-alerta-al-gobierno\/","og_locale":"es_ES","og_type":"article","og_title":"JAVIER MILEI RECIBI\u00d3 AL EMBAJADOR DE ISRAEL EN ARGENTINA: EL INFORME QUE PUSO EN ALERTA AL GOBIERNO - Apuntes de San Luis","og_description":"Durante el encuentro que el jefe de Estado y sus ministros mantienen en Casa Rosada,...","og_url":"https:\/\/apuntesdesanluis.com\/index.php\/2024\/04\/14\/javier-milei-recibio-al-embajador-de-israel-en-argentina-el-informe-que-puso-en-alerta-al-gobierno\/","og_site_name":"Apuntes de San Luis","article_published_time":"2024-04-15T00:35:56+00:00","og_image":[{"width":697,"height":448,"url":"https:\/\/apuntesdesanluis.com\/wp-content\/uploads\/2024\/04\/EMBAJADOR-DE-ISRAEL.png","type":"image\/png"}],"author":"apuntesdesanluis.com","twitter_card":"summary_large_image","twitter_misc":{"Escrito por":"apuntesdesanluis.com","Tiempo de lectura":"5 minutos"},"schema":{"@context":"https:\/\/schema.org","@graph":[{"@type":"Article","@id":"https:\/\/apuntesdesanluis.com\/index.php\/2024\/04\/14\/javier-milei-recibio-al-embajador-de-israel-en-argentina-el-informe-que-puso-en-alerta-al-gobierno\/#article","isPartOf":{"@id":"https:\/\/apuntesdesanluis.com\/index.php\/2024\/04\/14\/javier-milei-recibio-al-embajador-de-israel-en-argentina-el-informe-que-puso-en-alerta-al-gobierno\/"},"author":{"name":"apuntesdesanluis.com","@id":"https:\/\/apuntesdesanluis.com\/#\/schema\/person\/b55151d52296fcce64d1a72538a70b90"},"headline":"JAVIER MILEI RECIBI\u00d3 AL EMBAJADOR DE ISRAEL EN ARGENTINA: EL INFORME QUE PUSO EN ALERTA AL GOBIERNO","datePublished":"2024-04-15T00:35:56+00:00","mainEntityOfPage":{"@id":"https:\/\/apuntesdesanluis.com\/index.php\/2024\/04\/14\/javier-milei-recibio-al-embajador-de-israel-en-argentina-el-informe-que-puso-en-alerta-al-gobierno\/"},"wordCount":936,"publisher":{"@id":"https:\/\/apuntesdesanluis.com\/#\/schema\/person\/b55151d52296fcce64d1a72538a70b90"},"image":{"@id":"https:\/\/apuntesdesanluis.com\/index.php\/2024\/04\/14\/javier-milei-recibio-al-embajador-de-israel-en-argentina-el-informe-que-puso-en-alerta-al-gobierno\/#primaryimage"},"thumbnailUrl":"https:\/\/apuntesdesanluis.com\/wp-content\/uploads\/2024\/04\/EMBAJADOR-DE-ISRAEL.png","articleSection":["Nacionales\/Internacionales"],"inLanguage":"es-AR"},{"@type":"WebPage","@id":"https:\/\/apuntesdesanluis.com\/index.php\/2024\/04\/14\/javier-milei-recibio-al-embajador-de-israel-en-argentina-el-informe-que-puso-en-alerta-al-gobierno\/","url":"https:\/\/apuntesdesanluis.com\/index.php\/2024\/04\/14\/javier-milei-recibio-al-embajador-de-israel-en-argentina-el-informe-que-puso-en-alerta-al-gobierno\/","name":"JAVIER MILEI RECIBI\u00d3 AL EMBAJADOR DE ISRAEL EN ARGENTINA: EL INFORME QUE PUSO EN ALERTA AL GOBIERNO - Apuntes de San Luis","isPartOf":{"@id":"https:\/\/apuntesdesanluis.com\/#website"},"primaryImageOfPage":{"@id":"https:\/\/apuntesdesanluis.com\/index.php\/2024\/04\/14\/javier-milei-recibio-al-embajador-de-israel-en-argentina-el-informe-que-puso-en-alerta-al-gobierno\/#primaryimage"},"image":{"@id":"https:\/\/apuntesdesanluis.com\/index.php\/2024\/04\/14\/javier-milei-recibio-al-embajador-de-israel-en-argentina-el-informe-que-puso-en-alerta-al-gobierno\/#primaryimage"},"thumbnailUrl":"https:\/\/apuntesdesanluis.com\/wp-content\/uploads\/2024\/04\/EMBAJADOR-DE-ISRAEL.png","datePublished":"2024-04-15T00:35:56+00:00","breadcrumb":{"@id":"https:\/\/apuntesdesanluis.com\/index.php\/2024\/04\/14\/javier-milei-recibio-al-embajador-de-israel-en-argentina-el-informe-que-puso-en-alerta-al-gobierno\/#breadcrumb"},"inLanguage":"es-AR","potentialAction":[{"@type":"ReadAction","target":["https:\/\/apuntesdesanluis.com\/index.php\/2024\/04\/14\/javier-milei-recibio-al-embajador-de-israel-en-argentina-el-informe-que-puso-en-alerta-al-gobierno\/"]}]},{"@type":"ImageObject","inLanguage":"es-AR","@id":"https:\/\/apuntesdesanluis.com\/index.php\/2024\/04\/14\/javier-milei-recibio-al-embajador-de-israel-en-argentina-el-informe-que-puso-en-alerta-al-gobierno\/#primaryimage","url":"https:\/\/apuntesdesanluis.com\/wp-content\/uploads\/2024\/04\/EMBAJADOR-DE-ISRAEL.png","contentUrl":"https:\/\/apuntesdesanluis.com\/wp-content\/uploads\/2024\/04\/EMBAJADOR-DE-ISRAEL.png","width":697,"height":448},{"@type":"BreadcrumbList","@id":"https:\/\/apuntesdesanluis.com\/index.php\/2024\/04\/14\/javier-milei-recibio-al-embajador-de-israel-en-argentina-el-informe-que-puso-en-alerta-al-gobierno\/#breadcrumb","itemListElement":[{"@type":"ListItem","position":1,"name":"Inicio","item":"https:\/\/apuntesdesanluis.com\/"},{"@type":"ListItem","position":2,"name":"JAVIER MILEI RECIBI\u00d3 AL EMBAJADOR DE ISRAEL EN ARGENTINA: EL INFORME QUE PUSO EN ALERTA AL GOBIERNO"}]},{"@type":"WebSite","@id":"https:\/\/apuntesdesanluis.com\/#website","url":"https:\/\/apuntesdesanluis.com\/","name":"Apuntes de San Luis","description":"","publisher":{"@id":"https:\/\/apuntesdesanluis.com\/#\/schema\/person\/b55151d52296fcce64d1a72538a70b90"},"potentialAction":[{"@type":"SearchAction","target":{"@type":"EntryPoint","urlTemplate":"https:\/\/apuntesdesanluis.com\/?s={search_term_string}"},"query-input":{"@type":"PropertyValueSpecification","valueRequired":true,"valueName":"search_term_string"}}],"inLanguage":"es-AR"},{"@type":["Person","Organization"],"@id":"https:\/\/apuntesdesanluis.com\/#\/schema\/person\/b55151d52296fcce64d1a72538a70b90","name":"apuntesdesanluis.com","image":{"@type":"ImageObject","inLanguage":"es-AR","@id":"https:\/\/apuntesdesanluis.com\/#\/schema\/person\/image\/","url":"https:\/\/apuntesdesanluis.com\/wp-content\/uploads\/2023\/07\/cropped-apuntesdesanluis.png","contentUrl":"https:\/\/apuntesdesanluis.com\/wp-content\/uploads\/2023\/07\/cropped-apuntesdesanluis.png","width":450,"height":112,"caption":"apuntesdesanluis.com"},"logo":{"@id":"https:\/\/apuntesdesanluis.com\/#\/schema\/person\/image\/"},"sameAs":["https:\/\/apuntesdesanluis.com"],"url":"https:\/\/apuntesdesanluis.com\/index.php\/author\/apuntesdesanluis-com\/"}]}},"featured_image_urls":{"full":["https:\/\/apuntesdesanluis.com\/wp-content\/uploads\/2024\/04\/EMBAJADOR-DE-ISRAEL.png",697,448,false],"thumbnail":["https:\/\/apuntesdesanluis.com\/wp-content\/uploads\/2024\/04\/EMBAJADOR-DE-ISRAEL-150x150.png",150,150,true],"medium":["https:\/\/apuntesdesanluis.com\/wp-content\/uploads\/2024\/04\/EMBAJADOR-DE-ISRAEL-300x193.png",300,193,true],"medium_large":["https:\/\/apuntesdesanluis.com\/wp-content\/uploads\/2024\/04\/EMBAJADOR-DE-ISRAEL.png",640,411,false],"large":["https:\/\/apuntesdesanluis.com\/wp-content\/uploads\/2024\/04\/EMBAJADOR-DE-ISRAEL.png",640,411,false],"1536x1536":["https:\/\/apuntesdesanluis.com\/wp-content\/uploads\/2024\/04\/EMBAJADOR-DE-ISRAEL.png",697,448,false],"2048x2048":["https:\/\/apuntesdesanluis.com\/wp-content\/uploads\/2024\/04\/EMBAJADOR-DE-ISRAEL.png",697,448,false],"newsever-slider-full":["https:\/\/apuntesdesanluis.com\/wp-content\/uploads\/2024\/04\/EMBAJADOR-DE-ISRAEL.png",697,448,false],"newsever-featured":["https:\/\/apuntesdesanluis.com\/wp-content\/uploads\/2024\/04\/EMBAJADOR-DE-ISRAEL.png",697,448,false],"newsever-medium":["https:\/\/apuntesdesanluis.com\/wp-content\/uploads\/2024\/04\/EMBAJADOR-DE-ISRAEL.png",697,448,false]},"author_info":{"display_name":"apuntesdesanluis.com","author_link":"https:\/\/apuntesdesanluis.com\/index.php\/author\/apuntesdesanluis-com\/"},"category_info":"<a href=\"https:\/\/apuntesdesanluis.com\/index.php\/category\/nacionales-internacionales\/\" rel=\"category tag\">Nacionales\/Internacionales<\/a>","tag_info":"Nacionales\/Internacionales","comment_count":"0","_links":{"self":[{"href":"https:\/\/apuntesdesanluis.com\/index.php\/wp-json\/wp\/v2\/posts\/14670","targetHints":{"allow":["GET"]}}],"collection":[{"href":"https:\/\/apuntesdesanluis.com\/index.php\/wp-json\/wp\/v2\/posts"}],"about":[{"href":"https:\/\/apuntesdesanluis.com\/index.php\/wp-json\/wp\/v2\/types\/post"}],"author":[{"embeddable":true,"href":"https:\/\/apuntesdesanluis.com\/index.php\/wp-json\/wp\/v2\/users\/1"}],"replies":[{"embeddable":true,"href":"https:\/\/apuntesdesanluis.com\/index.php\/wp-json\/wp\/v2\/comments?post=14670"}],"version-history":[{"count":1,"href":"https:\/\/apuntesdesanluis.com\/index.php\/wp-json\/wp\/v2\/posts\/14670\/revisions"}],"predecessor-version":[{"id":14673,"href":"https:\/\/apuntesdesanluis.com\/index.php\/wp-json\/wp\/v2\/posts\/14670\/revisions\/14673"}],"wp:featuredmedia":[{"embeddable":true,"href":"https:\/\/apuntesdesanluis.com\/index.php\/wp-json\/wp\/v2\/media\/14671"}],"wp:attachment":[{"href":"https:\/\/apuntesdesanluis.com\/index.php\/wp-json\/wp\/v2\/media?parent=14670"}],"wp:term":[{"taxonomy":"category","embeddable":true,"href":"https:\/\/apuntesdesanluis.com\/index.php\/wp-json\/wp\/v2\/categories?post=14670"},{"taxonomy":"post_tag","embeddable":true,"href":"https:\/\/apuntesdesanluis.com\/index.php\/wp-json\/wp\/v2\/tags?post=14670"}],"curies":[{"name":"wp","href":"https:\/\/api.w.org\/{rel}","templated":true}]}}