{"id":14693,"date":"2024-04-13T23:49:44","date_gmt":"2024-04-14T02:49:44","guid":{"rendered":"https:\/\/apuntesdesanluis.com\/?p=14693"},"modified":"2024-04-14T23:56:08","modified_gmt":"2024-04-15T02:56:08","slug":"se-dicto-la-conciliacion-obligatoria-y-la-atencion-en-los-hospitales-publicos-sera-normal","status":"publish","type":"post","link":"https:\/\/apuntesdesanluis.com\/index.php\/2024\/04\/13\/se-dicto-la-conciliacion-obligatoria-y-la-atencion-en-los-hospitales-publicos-sera-normal\/","title":{"rendered":"SE DICT\u00d3 LA CONCILIACI\u00d3N OBLIGATORIA Y LA ATENCI\u00d3N EN LOS HOSPITALES P\u00daBLICOS SER\u00c1 NORMAL"},"content":{"rendered":"<h3>Mediante la resoluci\u00f3n N\u00b0013 la <strong>Direcci\u00f3n de Relaciones Laborales<\/strong> del Gobierno provincial inform\u00f3 la medida que tiene un alcance de 15 d\u00edas y ya fue informada a la <strong>Asociaci\u00f3n de Profesionales y T\u00e9cnicos de la Salud (APTS)<\/strong> para que dejen sin efecto toda medida que pretenden implementar.<\/h3>\n<h3>El documento, adem\u00e1s exhorta a las partes a contribuir a la negociaci\u00f3n contribuyendo de esta manera a mejorar las relaciones laborales.<\/h3>\n<h3>En este sentido se fij\u00f3 una fecha para la audiencia conciliatoria para el mi\u00e9rcoles 17 de abril de 2024 a las 10:00 en dependencias de la Direcci\u00f3n de Relaciones Laborales.<\/h3>\n<h3>VER:<\/h3>\n<h2><span style=\"color: #3366ff;\"><a style=\"color: #3366ff;\" href=\"https:\/\/apuntesdesanluis.com\/wp-content\/uploads\/2024\/04\/Res.-Relac.-Laborales.pdf\" target=\"_blank\" rel=\"noopener\">Res. Relac. Laborales<\/a><\/span><\/h2>\n","protected":false},"excerpt":{"rendered":"<p>Mediante la resoluci\u00f3n N\u00b0013 la Direcci\u00f3n de Relaciones Laborales del Gobierno provincial inform\u00f3 la medida&#8230;<\/p>\n","protected":false},"author":1,"featured_media":14695,"comment_status":"closed","ping_status":"closed","sticky":false,"template":"","format":"standard","meta":{"footnotes":""},"categories":[6],"tags":[],"class_list":["post-14693","post","type-post","status-publish","format-standard","has-post-thumbnail","hentry","category-ciudad-provincia"],"yoast_head":"<!-- This site is optimized with the Yoast SEO plugin v26.1.1 - https:\/\/yoast.com\/wordpress\/plugins\/seo\/ -->\n<title>SE DICT\u00d3 LA CONCILIACI\u00d3N OBLIGATORIA Y LA ATENCI\u00d3N EN LOS HOSPITALES P\u00daBLICOS SER\u00c1 NORMAL - Apuntes de San Luis<\/title>\n<meta name=\"robots\" content=\"index, follow, max-snippet:-1, max-image-preview:large, max-video-preview:-1\" \/>\n<link rel=\"canonical\" href=\"https:\/\/apuntesdesanluis.com\/index.php\/2024\/04\/13\/se-dicto-la-conciliacion-obligatoria-y-la-atencion-en-los-hospitales-publicos-sera-normal\/\" \/>\n<meta property=\"og:locale\" content=\"es_ES\" \/>\n<meta property=\"og:type\" content=\"article\" \/>\n<meta property=\"og:title\" content=\"SE DICT\u00d3 LA CONCILIACI\u00d3N OBLIGATORIA Y LA ATENCI\u00d3N EN LOS HOSPITALES P\u00daBLICOS SER\u00c1 NORMAL - Apuntes de San Luis\" \/>\n<meta property=\"og:description\" content=\"Mediante la resoluci\u00f3n N\u00b0013 la Direcci\u00f3n de Relaciones Laborales del Gobierno provincial inform\u00f3 la medida...\" \/>\n<meta property=\"og:url\" content=\"https:\/\/apuntesdesanluis.com\/index.php\/2024\/04\/13\/se-dicto-la-conciliacion-obligatoria-y-la-atencion-en-los-hospitales-publicos-sera-normal\/\" \/>\n<meta property=\"og:site_name\" content=\"Apuntes de San Luis\" \/>\n<meta property=\"article:published_time\" content=\"2024-04-14T02:49:44+00:00\" \/>\n<meta property=\"article:modified_time\" content=\"2024-04-15T02:56:08+00:00\" \/>\n<meta property=\"og:image\" content=\"https:\/\/apuntesdesanluis.com\/wp-content\/uploads\/2024\/04\/atencion-salud.png\" \/>\n\t<meta property=\"og:image:width\" content=\"600\" \/>\n\t<meta property=\"og:image:height\" content=\"368\" \/>\n\t<meta property=\"og:image:type\" content=\"image\/png\" \/>\n<meta name=\"author\" content=\"apuntesdesanluis.com\" \/>\n<meta name=\"twitter:card\" content=\"summary_large_image\" \/>\n<meta name=\"twitter:label1\" content=\"Escrito por\" \/>\n\t<meta name=\"twitter:data1\" content=\"apuntesdesanluis.com\" \/>\n\t<meta name=\"twitter:label2\" content=\"Tiempo de lectura\" \/>\n\t<meta name=\"twitter:data2\" content=\"1 minuto\" \/>\n<script type=\"application\/ld+json\" class=\"yoast-schema-graph\">{\"@context\":\"https:\/\/schema.org\",\"@graph\":[{\"@type\":\"Article\",\"@id\":\"https:\/\/apuntesdesanluis.com\/index.php\/2024\/04\/13\/se-dicto-la-conciliacion-obligatoria-y-la-atencion-en-los-hospitales-publicos-sera-normal\/#article\",\"isPartOf\":{\"@id\":\"https:\/\/apuntesdesanluis.com\/index.php\/2024\/04\/13\/se-dicto-la-conciliacion-obligatoria-y-la-atencion-en-los-hospitales-publicos-sera-normal\/\"},\"author\":{\"name\":\"apuntesdesanluis.com\",\"@id\":\"https:\/\/apuntesdesanluis.com\/#\/schema\/person\/b55151d52296fcce64d1a72538a70b90\"},\"headline\":\"SE DICT\u00d3 LA CONCILIACI\u00d3N OBLIGATORIA Y LA ATENCI\u00d3N EN LOS HOSPITALES P\u00daBLICOS SER\u00c1 NORMAL\",\"datePublished\":\"2024-04-14T02:49:44+00:00\",\"dateModified\":\"2024-04-15T02:56:08+00:00\",\"mainEntityOfPage\":{\"@id\":\"https:\/\/apuntesdesanluis.com\/index.php\/2024\/04\/13\/se-dicto-la-conciliacion-obligatoria-y-la-atencion-en-los-hospitales-publicos-sera-normal\/\"},\"wordCount\":124,\"publisher\":{\"@id\":\"https:\/\/apuntesdesanluis.com\/#\/schema\/person\/b55151d52296fcce64d1a72538a70b90\"},\"image\":{\"@id\":\"https:\/\/apuntesdesanluis.com\/index.php\/2024\/04\/13\/se-dicto-la-conciliacion-obligatoria-y-la-atencion-en-los-hospitales-publicos-sera-normal\/#primaryimage\"},\"thumbnailUrl\":\"https:\/\/apuntesdesanluis.com\/wp-content\/uploads\/2024\/04\/atencion-salud.png\",\"articleSection\":[\"Ciudad\/Provincia\"],\"inLanguage\":\"es-AR\"},{\"@type\":\"WebPage\",\"@id\":\"https:\/\/apuntesdesanluis.com\/index.php\/2024\/04\/13\/se-dicto-la-conciliacion-obligatoria-y-la-atencion-en-los-hospitales-publicos-sera-normal\/\",\"url\":\"https:\/\/apuntesdesanluis.com\/index.php\/2024\/04\/13\/se-dicto-la-conciliacion-obligatoria-y-la-atencion-en-los-hospitales-publicos-sera-normal\/\",\"name\":\"SE DICT\u00d3 LA CONCILIACI\u00d3N OBLIGATORIA Y LA ATENCI\u00d3N EN LOS HOSPITALES P\u00daBLICOS SER\u00c1 NORMAL - Apuntes de San Luis\",\"isPartOf\":{\"@id\":\"https:\/\/apuntesdesanluis.com\/#website\"},\"primaryImageOfPage\":{\"@id\":\"https:\/\/apuntesdesanluis.com\/index.php\/2024\/04\/13\/se-dicto-la-conciliacion-obligatoria-y-la-atencion-en-los-hospitales-publicos-sera-normal\/#primaryimage\"},\"image\":{\"@id\":\"https:\/\/apuntesdesanluis.com\/index.php\/2024\/04\/13\/se-dicto-la-conciliacion-obligatoria-y-la-atencion-en-los-hospitales-publicos-sera-normal\/#primaryimage\"},\"thumbnailUrl\":\"https:\/\/apuntesdesanluis.com\/wp-content\/uploads\/2024\/04\/atencion-salud.png\",\"datePublished\":\"2024-04-14T02:49:44+00:00\",\"dateModified\":\"2024-04-15T02:56:08+00:00\",\"breadcrumb\":{\"@id\":\"https:\/\/apuntesdesanluis.com\/index.php\/2024\/04\/13\/se-dicto-la-conciliacion-obligatoria-y-la-atencion-en-los-hospitales-publicos-sera-normal\/#breadcrumb\"},\"inLanguage\":\"es-AR\",\"potentialAction\":[{\"@type\":\"ReadAction\",\"target\":[\"https:\/\/apuntesdesanluis.com\/index.php\/2024\/04\/13\/se-dicto-la-conciliacion-obligatoria-y-la-atencion-en-los-hospitales-publicos-sera-normal\/\"]}]},{\"@type\":\"ImageObject\",\"inLanguage\":\"es-AR\",\"@id\":\"https:\/\/apuntesdesanluis.com\/index.php\/2024\/04\/13\/se-dicto-la-conciliacion-obligatoria-y-la-atencion-en-los-hospitales-publicos-sera-normal\/#primaryimage\",\"url\":\"https:\/\/apuntesdesanluis.com\/wp-content\/uploads\/2024\/04\/atencion-salud.png\",\"contentUrl\":\"https:\/\/apuntesdesanluis.com\/wp-content\/uploads\/2024\/04\/atencion-salud.png\",\"width\":600,\"height\":368},{\"@type\":\"BreadcrumbList\",\"@id\":\"https:\/\/apuntesdesanluis.com\/index.php\/2024\/04\/13\/se-dicto-la-conciliacion-obligatoria-y-la-atencion-en-los-hospitales-publicos-sera-normal\/#breadcrumb\",\"itemListElement\":[{\"@type\":\"ListItem\",\"position\":1,\"name\":\"Inicio\",\"item\":\"https:\/\/apuntesdesanluis.com\/\"},{\"@type\":\"ListItem\",\"position\":2,\"name\":\"SE DICT\u00d3 LA CONCILIACI\u00d3N OBLIGATORIA Y LA ATENCI\u00d3N EN LOS HOSPITALES P\u00daBLICOS SER\u00c1 NORMAL\"}]},{\"@type\":\"WebSite\",\"@id\":\"https:\/\/apuntesdesanluis.com\/#website\",\"url\":\"https:\/\/apuntesdesanluis.com\/\",\"name\":\"Apuntes de San Luis\",\"description\":\"\",\"publisher\":{\"@id\":\"https:\/\/apuntesdesanluis.com\/#\/schema\/person\/b55151d52296fcce64d1a72538a70b90\"},\"potentialAction\":[{\"@type\":\"SearchAction\",\"target\":{\"@type\":\"EntryPoint\",\"urlTemplate\":\"https:\/\/apuntesdesanluis.com\/?s={search_term_string}\"},\"query-input\":{\"@type\":\"PropertyValueSpecification\",\"valueRequired\":true,\"valueName\":\"search_term_string\"}}],\"inLanguage\":\"es-AR\"},{\"@type\":[\"Person\",\"Organization\"],\"@id\":\"https:\/\/apuntesdesanluis.com\/#\/schema\/person\/b55151d52296fcce64d1a72538a70b90\",\"name\":\"apuntesdesanluis.com\",\"image\":{\"@type\":\"ImageObject\",\"inLanguage\":\"es-AR\",\"@id\":\"https:\/\/apuntesdesanluis.com\/#\/schema\/person\/image\/\",\"url\":\"https:\/\/apuntesdesanluis.com\/wp-content\/uploads\/2023\/07\/cropped-apuntesdesanluis.png\",\"contentUrl\":\"https:\/\/apuntesdesanluis.com\/wp-content\/uploads\/2023\/07\/cropped-apuntesdesanluis.png\",\"width\":450,\"height\":112,\"caption\":\"apuntesdesanluis.com\"},\"logo\":{\"@id\":\"https:\/\/apuntesdesanluis.com\/#\/schema\/person\/image\/\"},\"sameAs\":[\"https:\/\/apuntesdesanluis.com\"],\"url\":\"https:\/\/apuntesdesanluis.com\/index.php\/author\/apuntesdesanluis-com\/\"}]}<\/script>\n<!-- \/ Yoast SEO plugin. -->","yoast_head_json":{"title":"SE DICT\u00d3 LA CONCILIACI\u00d3N OBLIGATORIA Y LA ATENCI\u00d3N EN LOS HOSPITALES P\u00daBLICOS SER\u00c1 NORMAL - Apuntes de San Luis","robots":{"index":"index","follow":"follow","max-snippet":"max-snippet:-1","max-image-preview":"max-image-preview:large","max-video-preview":"max-video-preview:-1"},"canonical":"https:\/\/apuntesdesanluis.com\/index.php\/2024\/04\/13\/se-dicto-la-conciliacion-obligatoria-y-la-atencion-en-los-hospitales-publicos-sera-normal\/","og_locale":"es_ES","og_type":"article","og_title":"SE DICT\u00d3 LA CONCILIACI\u00d3N OBLIGATORIA Y LA ATENCI\u00d3N EN LOS HOSPITALES P\u00daBLICOS SER\u00c1 NORMAL - Apuntes de San Luis","og_description":"Mediante la resoluci\u00f3n N\u00b0013 la Direcci\u00f3n de Relaciones Laborales del Gobierno provincial inform\u00f3 la medida...","og_url":"https:\/\/apuntesdesanluis.com\/index.php\/2024\/04\/13\/se-dicto-la-conciliacion-obligatoria-y-la-atencion-en-los-hospitales-publicos-sera-normal\/","og_site_name":"Apuntes de San Luis","article_published_time":"2024-04-14T02:49:44+00:00","article_modified_time":"2024-04-15T02:56:08+00:00","og_image":[{"width":600,"height":368,"url":"https:\/\/apuntesdesanluis.com\/wp-content\/uploads\/2024\/04\/atencion-salud.png","type":"image\/png"}],"author":"apuntesdesanluis.com","twitter_card":"summary_large_image","twitter_misc":{"Escrito por":"apuntesdesanluis.com","Tiempo de lectura":"1 minuto"},"schema":{"@context":"https:\/\/schema.org","@graph":[{"@type":"Article","@id":"https:\/\/apuntesdesanluis.com\/index.php\/2024\/04\/13\/se-dicto-la-conciliacion-obligatoria-y-la-atencion-en-los-hospitales-publicos-sera-normal\/#article","isPartOf":{"@id":"https:\/\/apuntesdesanluis.com\/index.php\/2024\/04\/13\/se-dicto-la-conciliacion-obligatoria-y-la-atencion-en-los-hospitales-publicos-sera-normal\/"},"author":{"name":"apuntesdesanluis.com","@id":"https:\/\/apuntesdesanluis.com\/#\/schema\/person\/b55151d52296fcce64d1a72538a70b90"},"headline":"SE DICT\u00d3 LA CONCILIACI\u00d3N OBLIGATORIA Y LA ATENCI\u00d3N EN LOS HOSPITALES P\u00daBLICOS SER\u00c1 NORMAL","datePublished":"2024-04-14T02:49:44+00:00","dateModified":"2024-04-15T02:56:08+00:00","mainEntityOfPage":{"@id":"https:\/\/apuntesdesanluis.com\/index.php\/2024\/04\/13\/se-dicto-la-conciliacion-obligatoria-y-la-atencion-en-los-hospitales-publicos-sera-normal\/"},"wordCount":124,"publisher":{"@id":"https:\/\/apuntesdesanluis.com\/#\/schema\/person\/b55151d52296fcce64d1a72538a70b90"},"image":{"@id":"https:\/\/apuntesdesanluis.com\/index.php\/2024\/04\/13\/se-dicto-la-conciliacion-obligatoria-y-la-atencion-en-los-hospitales-publicos-sera-normal\/#primaryimage"},"thumbnailUrl":"https:\/\/apuntesdesanluis.com\/wp-content\/uploads\/2024\/04\/atencion-salud.png","articleSection":["Ciudad\/Provincia"],"inLanguage":"es-AR"},{"@type":"WebPage","@id":"https:\/\/apuntesdesanluis.com\/index.php\/2024\/04\/13\/se-dicto-la-conciliacion-obligatoria-y-la-atencion-en-los-hospitales-publicos-sera-normal\/","url":"https:\/\/apuntesdesanluis.com\/index.php\/2024\/04\/13\/se-dicto-la-conciliacion-obligatoria-y-la-atencion-en-los-hospitales-publicos-sera-normal\/","name":"SE DICT\u00d3 LA CONCILIACI\u00d3N OBLIGATORIA Y LA ATENCI\u00d3N EN LOS HOSPITALES P\u00daBLICOS SER\u00c1 NORMAL - Apuntes de San Luis","isPartOf":{"@id":"https:\/\/apuntesdesanluis.com\/#website"},"primaryImageOfPage":{"@id":"https:\/\/apuntesdesanluis.com\/index.php\/2024\/04\/13\/se-dicto-la-conciliacion-obligatoria-y-la-atencion-en-los-hospitales-publicos-sera-normal\/#primaryimage"},"image":{"@id":"https:\/\/apuntesdesanluis.com\/index.php\/2024\/04\/13\/se-dicto-la-conciliacion-obligatoria-y-la-atencion-en-los-hospitales-publicos-sera-normal\/#primaryimage"},"thumbnailUrl":"https:\/\/apuntesdesanluis.com\/wp-content\/uploads\/2024\/04\/atencion-salud.png","datePublished":"2024-04-14T02:49:44+00:00","dateModified":"2024-04-15T02:56:08+00:00","breadcrumb":{"@id":"https:\/\/apuntesdesanluis.com\/index.php\/2024\/04\/13\/se-dicto-la-conciliacion-obligatoria-y-la-atencion-en-los-hospitales-publicos-sera-normal\/#breadcrumb"},"inLanguage":"es-AR","potentialAction":[{"@type":"ReadAction","target":["https:\/\/apuntesdesanluis.com\/index.php\/2024\/04\/13\/se-dicto-la-conciliacion-obligatoria-y-la-atencion-en-los-hospitales-publicos-sera-normal\/"]}]},{"@type":"ImageObject","inLanguage":"es-AR","@id":"https:\/\/apuntesdesanluis.com\/index.php\/2024\/04\/13\/se-dicto-la-conciliacion-obligatoria-y-la-atencion-en-los-hospitales-publicos-sera-normal\/#primaryimage","url":"https:\/\/apuntesdesanluis.com\/wp-content\/uploads\/2024\/04\/atencion-salud.png","contentUrl":"https:\/\/apuntesdesanluis.com\/wp-content\/uploads\/2024\/04\/atencion-salud.png","width":600,"height":368},{"@type":"BreadcrumbList","@id":"https:\/\/apuntesdesanluis.com\/index.php\/2024\/04\/13\/se-dicto-la-conciliacion-obligatoria-y-la-atencion-en-los-hospitales-publicos-sera-normal\/#breadcrumb","itemListElement":[{"@type":"ListItem","position":1,"name":"Inicio","item":"https:\/\/apuntesdesanluis.com\/"},{"@type":"ListItem","position":2,"name":"SE DICT\u00d3 LA CONCILIACI\u00d3N OBLIGATORIA Y LA ATENCI\u00d3N EN LOS HOSPITALES P\u00daBLICOS SER\u00c1 NORMAL"}]},{"@type":"WebSite","@id":"https:\/\/apuntesdesanluis.com\/#website","url":"https:\/\/apuntesdesanluis.com\/","name":"Apuntes de San Luis","description":"","publisher":{"@id":"https:\/\/apuntesdesanluis.com\/#\/schema\/person\/b55151d52296fcce64d1a72538a70b90"},"potentialAction":[{"@type":"SearchAction","target":{"@type":"EntryPoint","urlTemplate":"https:\/\/apuntesdesanluis.com\/?s={search_term_string}"},"query-input":{"@type":"PropertyValueSpecification","valueRequired":true,"valueName":"search_term_string"}}],"inLanguage":"es-AR"},{"@type":["Person","Organization"],"@id":"https:\/\/apuntesdesanluis.com\/#\/schema\/person\/b55151d52296fcce64d1a72538a70b90","name":"apuntesdesanluis.com","image":{"@type":"ImageObject","inLanguage":"es-AR","@id":"https:\/\/apuntesdesanluis.com\/#\/schema\/person\/image\/","url":"https:\/\/apuntesdesanluis.com\/wp-content\/uploads\/2023\/07\/cropped-apuntesdesanluis.png","contentUrl":"https:\/\/apuntesdesanluis.com\/wp-content\/uploads\/2023\/07\/cropped-apuntesdesanluis.png","width":450,"height":112,"caption":"apuntesdesanluis.com"},"logo":{"@id":"https:\/\/apuntesdesanluis.com\/#\/schema\/person\/image\/"},"sameAs":["https:\/\/apuntesdesanluis.com"],"url":"https:\/\/apuntesdesanluis.com\/index.php\/author\/apuntesdesanluis-com\/"}]}},"featured_image_urls":{"full":["https:\/\/apuntesdesanluis.com\/wp-content\/uploads\/2024\/04\/atencion-salud.png",600,368,false],"thumbnail":["https:\/\/apuntesdesanluis.com\/wp-content\/uploads\/2024\/04\/atencion-salud-150x150.png",150,150,true],"medium":["https:\/\/apuntesdesanluis.com\/wp-content\/uploads\/2024\/04\/atencion-salud-300x184.png",300,184,true],"medium_large":["https:\/\/apuntesdesanluis.com\/wp-content\/uploads\/2024\/04\/atencion-salud.png",600,368,false],"large":["https:\/\/apuntesdesanluis.com\/wp-content\/uploads\/2024\/04\/atencion-salud.png",600,368,false],"1536x1536":["https:\/\/apuntesdesanluis.com\/wp-content\/uploads\/2024\/04\/atencion-salud.png",600,368,false],"2048x2048":["https:\/\/apuntesdesanluis.com\/wp-content\/uploads\/2024\/04\/atencion-salud.png",600,368,false],"newsever-slider-full":["https:\/\/apuntesdesanluis.com\/wp-content\/uploads\/2024\/04\/atencion-salud.png",600,368,false],"newsever-featured":["https:\/\/apuntesdesanluis.com\/wp-content\/uploads\/2024\/04\/atencion-salud.png",600,368,false],"newsever-medium":["https:\/\/apuntesdesanluis.com\/wp-content\/uploads\/2024\/04\/atencion-salud.png",600,368,false]},"author_info":{"display_name":"apuntesdesanluis.com","author_link":"https:\/\/apuntesdesanluis.com\/index.php\/author\/apuntesdesanluis-com\/"},"category_info":"<a href=\"https:\/\/apuntesdesanluis.com\/index.php\/category\/ciudad-provincia\/\" rel=\"category tag\">Ciudad\/Provincia<\/a>","tag_info":"Ciudad\/Provincia","comment_count":"0","_links":{"self":[{"href":"https:\/\/apuntesdesanluis.com\/index.php\/wp-json\/wp\/v2\/posts\/14693","targetHints":{"allow":["GET"]}}],"collection":[{"href":"https:\/\/apuntesdesanluis.com\/index.php\/wp-json\/wp\/v2\/posts"}],"about":[{"href":"https:\/\/apuntesdesanluis.com\/index.php\/wp-json\/wp\/v2\/types\/post"}],"author":[{"embeddable":true,"href":"https:\/\/apuntesdesanluis.com\/index.php\/wp-json\/wp\/v2\/users\/1"}],"replies":[{"embeddable":true,"href":"https:\/\/apuntesdesanluis.com\/index.php\/wp-json\/wp\/v2\/comments?post=14693"}],"version-history":[{"count":2,"href":"https:\/\/apuntesdesanluis.com\/index.php\/wp-json\/wp\/v2\/posts\/14693\/revisions"}],"predecessor-version":[{"id":14697,"href":"https:\/\/apuntesdesanluis.com\/index.php\/wp-json\/wp\/v2\/posts\/14693\/revisions\/14697"}],"wp:featuredmedia":[{"embeddable":true,"href":"https:\/\/apuntesdesanluis.com\/index.php\/wp-json\/wp\/v2\/media\/14695"}],"wp:attachment":[{"href":"https:\/\/apuntesdesanluis.com\/index.php\/wp-json\/wp\/v2\/media?parent=14693"}],"wp:term":[{"taxonomy":"category","embeddable":true,"href":"https:\/\/apuntesdesanluis.com\/index.php\/wp-json\/wp\/v2\/categories?post=14693"},{"taxonomy":"post_tag","embeddable":true,"href":"https:\/\/apuntesdesanluis.com\/index.php\/wp-json\/wp\/v2\/tags?post=14693"}],"curies":[{"name":"wp","href":"https:\/\/api.w.org\/{rel}","templated":true}]}}