{"id":14708,"date":"2024-04-15T22:36:48","date_gmt":"2024-04-16T01:36:48","guid":{"rendered":"https:\/\/apuntesdesanluis.com\/?p=14708"},"modified":"2024-04-15T22:36:48","modified_gmt":"2024-04-16T01:36:48","slug":"la-tercera-victima-fatal-por-dengue-es-de-villa-mercedes","status":"publish","type":"post","link":"https:\/\/apuntesdesanluis.com\/index.php\/2024\/04\/15\/la-tercera-victima-fatal-por-dengue-es-de-villa-mercedes\/","title":{"rendered":"LA TERCERA V\u00cdCTIMA FATAL POR DENGUE ES DE VILLA MERCEDES"},"content":{"rendered":"<h3>El deceso fue confirmado en conferencia de prensa por la ministra de Salud, <strong>Claudia Spagnuolo<\/strong>.<\/h3>\n<h3>La funcionaria indic\u00f3 que se trata de una mujer de 37 a\u00f1os, oriunda de Villa Mercedes, con antecedentes patol\u00f3gicos que no respondi\u00f3 al tratamiento y lamentablemente falleci\u00f3 el d\u00eda domingo.<\/h3>\n<h3>Seg\u00fan indic\u00f3 la Ministra, la paciente falleci\u00f3 en el Hospital de Villa Mercedes. \u201cSe trata de una mujer de 37 a\u00f1os con antecedentes patol\u00f3gicos, cardiopat\u00edas, retraso madurativo, sufr\u00eda convulsiones y depresi\u00f3n.<\/h3>\n<h3>Ingres\u00f3 el 27 de marzo al hospital en estado grave, fue trasladada a terapia intensiva y falleci\u00f3 el d\u00eda de ayer\u201d, inform\u00f3.<\/h3>\n<h3>LOS N\u00daMEROS DEL DENGUE EN SAN LUIS Y ARGENTINA<\/h3>\n<h3>Spagnuolo se refiri\u00f3 a la actualidad del dengue y detall\u00f3 que en la provincia, desde el 1\u00ba de agosto, hay 2.250 casos confirmados. A nivel nacional esa cifra asciende a 444 mil casos con 197 fallecidos en todo el pa\u00eds, de los cuales tres son de San Luis.<\/h3>\n<h3>Respecto a este distrito, agreg\u00f3 que las localidades o ciudades con mayores casos confirmados son: Villa Mercedes, San Luis, Merlo, Quines y casos menores en el resto de la provincia.<\/h3>\n<h3>LA IMPORTANCIA DE PREVENIR<\/h3>\n<h3>La Ministra reiter\u00f3 que en San Luis se trabaja fuertemente en la prevenci\u00f3n, una acci\u00f3n que se realiza de forma mancomunada con otros ministerios y fundamentalmente en escuelas de toda la geograf\u00eda.<\/h3>\n<h3>\u201cEn San Luis estamos aplicando todos los protocolos de prevenci\u00f3n, tratamiento y focalizaci\u00f3n en los lugares donde hay un caso positivo, todo bajo la normativa de la Organizaci\u00f3n Panamericana de la Salud, ministerio de Salud de la Naci\u00f3n. Todo est\u00e1 consensuado y en base a ello se puede avanzar desde la detecci\u00f3n, tratamiento, qu\u00e9 paciente tiene criterio de quedarse en terapia intensiva, cu\u00e1l tiene criterio para quedarse en la casa o bien en una sala com\u00fan de internaci\u00f3n. De esta forma nos estamos manejando\u201d, remarc\u00f3.<\/h3>\n<p>&nbsp;<\/p>\n<p>&nbsp;<\/p>\n<p>&nbsp;<\/p>\n","protected":false},"excerpt":{"rendered":"<p>El deceso fue confirmado en conferencia de prensa por la ministra de Salud, Claudia Spagnuolo&#8230;.<\/p>\n","protected":false},"author":1,"featured_media":14709,"comment_status":"closed","ping_status":"closed","sticky":false,"template":"","format":"standard","meta":{"footnotes":""},"categories":[6],"tags":[],"class_list":["post-14708","post","type-post","status-publish","format-standard","has-post-thumbnail","hentry","category-ciudad-provincia"],"yoast_head":"<!-- This site is optimized with the Yoast SEO plugin v26.1.1 - https:\/\/yoast.com\/wordpress\/plugins\/seo\/ -->\n<title>LA TERCERA V\u00cdCTIMA FATAL POR DENGUE ES DE VILLA MERCEDES - Apuntes de San Luis<\/title>\n<meta name=\"robots\" content=\"index, follow, max-snippet:-1, max-image-preview:large, max-video-preview:-1\" \/>\n<link rel=\"canonical\" href=\"https:\/\/apuntesdesanluis.com\/index.php\/2024\/04\/15\/la-tercera-victima-fatal-por-dengue-es-de-villa-mercedes\/\" \/>\n<meta property=\"og:locale\" content=\"es_ES\" \/>\n<meta property=\"og:type\" content=\"article\" \/>\n<meta property=\"og:title\" content=\"LA TERCERA V\u00cdCTIMA FATAL POR DENGUE ES DE VILLA MERCEDES - Apuntes de San Luis\" \/>\n<meta property=\"og:description\" content=\"El deceso fue confirmado en conferencia de prensa por la ministra de Salud, Claudia Spagnuolo....\" \/>\n<meta property=\"og:url\" content=\"https:\/\/apuntesdesanluis.com\/index.php\/2024\/04\/15\/la-tercera-victima-fatal-por-dengue-es-de-villa-mercedes\/\" \/>\n<meta property=\"og:site_name\" content=\"Apuntes de San Luis\" \/>\n<meta property=\"article:published_time\" content=\"2024-04-16T01:36:48+00:00\" \/>\n<meta property=\"og:image\" content=\"https:\/\/apuntesdesanluis.com\/wp-content\/uploads\/2024\/04\/claudia-spagnuolo.png\" \/>\n\t<meta property=\"og:image:width\" content=\"600\" \/>\n\t<meta property=\"og:image:height\" content=\"363\" \/>\n\t<meta property=\"og:image:type\" content=\"image\/png\" \/>\n<meta name=\"author\" content=\"apuntesdesanluis.com\" \/>\n<meta name=\"twitter:card\" content=\"summary_large_image\" \/>\n<meta name=\"twitter:label1\" content=\"Escrito por\" \/>\n\t<meta name=\"twitter:data1\" content=\"apuntesdesanluis.com\" \/>\n\t<meta name=\"twitter:label2\" content=\"Tiempo de lectura\" \/>\n\t<meta name=\"twitter:data2\" content=\"2 minutos\" \/>\n<script type=\"application\/ld+json\" class=\"yoast-schema-graph\">{\"@context\":\"https:\/\/schema.org\",\"@graph\":[{\"@type\":\"Article\",\"@id\":\"https:\/\/apuntesdesanluis.com\/index.php\/2024\/04\/15\/la-tercera-victima-fatal-por-dengue-es-de-villa-mercedes\/#article\",\"isPartOf\":{\"@id\":\"https:\/\/apuntesdesanluis.com\/index.php\/2024\/04\/15\/la-tercera-victima-fatal-por-dengue-es-de-villa-mercedes\/\"},\"author\":{\"name\":\"apuntesdesanluis.com\",\"@id\":\"https:\/\/apuntesdesanluis.com\/#\/schema\/person\/b55151d52296fcce64d1a72538a70b90\"},\"headline\":\"LA TERCERA V\u00cdCTIMA FATAL POR DENGUE ES DE VILLA MERCEDES\",\"datePublished\":\"2024-04-16T01:36:48+00:00\",\"mainEntityOfPage\":{\"@id\":\"https:\/\/apuntesdesanluis.com\/index.php\/2024\/04\/15\/la-tercera-victima-fatal-por-dengue-es-de-villa-mercedes\/\"},\"wordCount\":336,\"publisher\":{\"@id\":\"https:\/\/apuntesdesanluis.com\/#\/schema\/person\/b55151d52296fcce64d1a72538a70b90\"},\"image\":{\"@id\":\"https:\/\/apuntesdesanluis.com\/index.php\/2024\/04\/15\/la-tercera-victima-fatal-por-dengue-es-de-villa-mercedes\/#primaryimage\"},\"thumbnailUrl\":\"https:\/\/apuntesdesanluis.com\/wp-content\/uploads\/2024\/04\/claudia-spagnuolo.png\",\"articleSection\":[\"Ciudad\/Provincia\"],\"inLanguage\":\"es-AR\"},{\"@type\":\"WebPage\",\"@id\":\"https:\/\/apuntesdesanluis.com\/index.php\/2024\/04\/15\/la-tercera-victima-fatal-por-dengue-es-de-villa-mercedes\/\",\"url\":\"https:\/\/apuntesdesanluis.com\/index.php\/2024\/04\/15\/la-tercera-victima-fatal-por-dengue-es-de-villa-mercedes\/\",\"name\":\"LA TERCERA V\u00cdCTIMA FATAL POR DENGUE ES DE VILLA MERCEDES - Apuntes de San Luis\",\"isPartOf\":{\"@id\":\"https:\/\/apuntesdesanluis.com\/#website\"},\"primaryImageOfPage\":{\"@id\":\"https:\/\/apuntesdesanluis.com\/index.php\/2024\/04\/15\/la-tercera-victima-fatal-por-dengue-es-de-villa-mercedes\/#primaryimage\"},\"image\":{\"@id\":\"https:\/\/apuntesdesanluis.com\/index.php\/2024\/04\/15\/la-tercera-victima-fatal-por-dengue-es-de-villa-mercedes\/#primaryimage\"},\"thumbnailUrl\":\"https:\/\/apuntesdesanluis.com\/wp-content\/uploads\/2024\/04\/claudia-spagnuolo.png\",\"datePublished\":\"2024-04-16T01:36:48+00:00\",\"breadcrumb\":{\"@id\":\"https:\/\/apuntesdesanluis.com\/index.php\/2024\/04\/15\/la-tercera-victima-fatal-por-dengue-es-de-villa-mercedes\/#breadcrumb\"},\"inLanguage\":\"es-AR\",\"potentialAction\":[{\"@type\":\"ReadAction\",\"target\":[\"https:\/\/apuntesdesanluis.com\/index.php\/2024\/04\/15\/la-tercera-victima-fatal-por-dengue-es-de-villa-mercedes\/\"]}]},{\"@type\":\"ImageObject\",\"inLanguage\":\"es-AR\",\"@id\":\"https:\/\/apuntesdesanluis.com\/index.php\/2024\/04\/15\/la-tercera-victima-fatal-por-dengue-es-de-villa-mercedes\/#primaryimage\",\"url\":\"https:\/\/apuntesdesanluis.com\/wp-content\/uploads\/2024\/04\/claudia-spagnuolo.png\",\"contentUrl\":\"https:\/\/apuntesdesanluis.com\/wp-content\/uploads\/2024\/04\/claudia-spagnuolo.png\",\"width\":600,\"height\":363},{\"@type\":\"BreadcrumbList\",\"@id\":\"https:\/\/apuntesdesanluis.com\/index.php\/2024\/04\/15\/la-tercera-victima-fatal-por-dengue-es-de-villa-mercedes\/#breadcrumb\",\"itemListElement\":[{\"@type\":\"ListItem\",\"position\":1,\"name\":\"Inicio\",\"item\":\"https:\/\/apuntesdesanluis.com\/\"},{\"@type\":\"ListItem\",\"position\":2,\"name\":\"LA TERCERA V\u00cdCTIMA FATAL POR DENGUE ES DE VILLA MERCEDES\"}]},{\"@type\":\"WebSite\",\"@id\":\"https:\/\/apuntesdesanluis.com\/#website\",\"url\":\"https:\/\/apuntesdesanluis.com\/\",\"name\":\"Apuntes de San Luis\",\"description\":\"\",\"publisher\":{\"@id\":\"https:\/\/apuntesdesanluis.com\/#\/schema\/person\/b55151d52296fcce64d1a72538a70b90\"},\"potentialAction\":[{\"@type\":\"SearchAction\",\"target\":{\"@type\":\"EntryPoint\",\"urlTemplate\":\"https:\/\/apuntesdesanluis.com\/?s={search_term_string}\"},\"query-input\":{\"@type\":\"PropertyValueSpecification\",\"valueRequired\":true,\"valueName\":\"search_term_string\"}}],\"inLanguage\":\"es-AR\"},{\"@type\":[\"Person\",\"Organization\"],\"@id\":\"https:\/\/apuntesdesanluis.com\/#\/schema\/person\/b55151d52296fcce64d1a72538a70b90\",\"name\":\"apuntesdesanluis.com\",\"image\":{\"@type\":\"ImageObject\",\"inLanguage\":\"es-AR\",\"@id\":\"https:\/\/apuntesdesanluis.com\/#\/schema\/person\/image\/\",\"url\":\"https:\/\/apuntesdesanluis.com\/wp-content\/uploads\/2023\/07\/cropped-apuntesdesanluis.png\",\"contentUrl\":\"https:\/\/apuntesdesanluis.com\/wp-content\/uploads\/2023\/07\/cropped-apuntesdesanluis.png\",\"width\":450,\"height\":112,\"caption\":\"apuntesdesanluis.com\"},\"logo\":{\"@id\":\"https:\/\/apuntesdesanluis.com\/#\/schema\/person\/image\/\"},\"sameAs\":[\"https:\/\/apuntesdesanluis.com\"],\"url\":\"https:\/\/apuntesdesanluis.com\/index.php\/author\/apuntesdesanluis-com\/\"}]}<\/script>\n<!-- \/ Yoast SEO plugin. -->","yoast_head_json":{"title":"LA TERCERA V\u00cdCTIMA FATAL POR DENGUE ES DE VILLA MERCEDES - Apuntes de San Luis","robots":{"index":"index","follow":"follow","max-snippet":"max-snippet:-1","max-image-preview":"max-image-preview:large","max-video-preview":"max-video-preview:-1"},"canonical":"https:\/\/apuntesdesanluis.com\/index.php\/2024\/04\/15\/la-tercera-victima-fatal-por-dengue-es-de-villa-mercedes\/","og_locale":"es_ES","og_type":"article","og_title":"LA TERCERA V\u00cdCTIMA FATAL POR DENGUE ES DE VILLA MERCEDES - Apuntes de San Luis","og_description":"El deceso fue confirmado en conferencia de prensa por la ministra de Salud, Claudia Spagnuolo....","og_url":"https:\/\/apuntesdesanluis.com\/index.php\/2024\/04\/15\/la-tercera-victima-fatal-por-dengue-es-de-villa-mercedes\/","og_site_name":"Apuntes de San Luis","article_published_time":"2024-04-16T01:36:48+00:00","og_image":[{"width":600,"height":363,"url":"https:\/\/apuntesdesanluis.com\/wp-content\/uploads\/2024\/04\/claudia-spagnuolo.png","type":"image\/png"}],"author":"apuntesdesanluis.com","twitter_card":"summary_large_image","twitter_misc":{"Escrito por":"apuntesdesanluis.com","Tiempo de lectura":"2 minutos"},"schema":{"@context":"https:\/\/schema.org","@graph":[{"@type":"Article","@id":"https:\/\/apuntesdesanluis.com\/index.php\/2024\/04\/15\/la-tercera-victima-fatal-por-dengue-es-de-villa-mercedes\/#article","isPartOf":{"@id":"https:\/\/apuntesdesanluis.com\/index.php\/2024\/04\/15\/la-tercera-victima-fatal-por-dengue-es-de-villa-mercedes\/"},"author":{"name":"apuntesdesanluis.com","@id":"https:\/\/apuntesdesanluis.com\/#\/schema\/person\/b55151d52296fcce64d1a72538a70b90"},"headline":"LA TERCERA V\u00cdCTIMA FATAL POR DENGUE ES DE VILLA MERCEDES","datePublished":"2024-04-16T01:36:48+00:00","mainEntityOfPage":{"@id":"https:\/\/apuntesdesanluis.com\/index.php\/2024\/04\/15\/la-tercera-victima-fatal-por-dengue-es-de-villa-mercedes\/"},"wordCount":336,"publisher":{"@id":"https:\/\/apuntesdesanluis.com\/#\/schema\/person\/b55151d52296fcce64d1a72538a70b90"},"image":{"@id":"https:\/\/apuntesdesanluis.com\/index.php\/2024\/04\/15\/la-tercera-victima-fatal-por-dengue-es-de-villa-mercedes\/#primaryimage"},"thumbnailUrl":"https:\/\/apuntesdesanluis.com\/wp-content\/uploads\/2024\/04\/claudia-spagnuolo.png","articleSection":["Ciudad\/Provincia"],"inLanguage":"es-AR"},{"@type":"WebPage","@id":"https:\/\/apuntesdesanluis.com\/index.php\/2024\/04\/15\/la-tercera-victima-fatal-por-dengue-es-de-villa-mercedes\/","url":"https:\/\/apuntesdesanluis.com\/index.php\/2024\/04\/15\/la-tercera-victima-fatal-por-dengue-es-de-villa-mercedes\/","name":"LA TERCERA V\u00cdCTIMA FATAL POR DENGUE ES DE VILLA MERCEDES - Apuntes de San Luis","isPartOf":{"@id":"https:\/\/apuntesdesanluis.com\/#website"},"primaryImageOfPage":{"@id":"https:\/\/apuntesdesanluis.com\/index.php\/2024\/04\/15\/la-tercera-victima-fatal-por-dengue-es-de-villa-mercedes\/#primaryimage"},"image":{"@id":"https:\/\/apuntesdesanluis.com\/index.php\/2024\/04\/15\/la-tercera-victima-fatal-por-dengue-es-de-villa-mercedes\/#primaryimage"},"thumbnailUrl":"https:\/\/apuntesdesanluis.com\/wp-content\/uploads\/2024\/04\/claudia-spagnuolo.png","datePublished":"2024-04-16T01:36:48+00:00","breadcrumb":{"@id":"https:\/\/apuntesdesanluis.com\/index.php\/2024\/04\/15\/la-tercera-victima-fatal-por-dengue-es-de-villa-mercedes\/#breadcrumb"},"inLanguage":"es-AR","potentialAction":[{"@type":"ReadAction","target":["https:\/\/apuntesdesanluis.com\/index.php\/2024\/04\/15\/la-tercera-victima-fatal-por-dengue-es-de-villa-mercedes\/"]}]},{"@type":"ImageObject","inLanguage":"es-AR","@id":"https:\/\/apuntesdesanluis.com\/index.php\/2024\/04\/15\/la-tercera-victima-fatal-por-dengue-es-de-villa-mercedes\/#primaryimage","url":"https:\/\/apuntesdesanluis.com\/wp-content\/uploads\/2024\/04\/claudia-spagnuolo.png","contentUrl":"https:\/\/apuntesdesanluis.com\/wp-content\/uploads\/2024\/04\/claudia-spagnuolo.png","width":600,"height":363},{"@type":"BreadcrumbList","@id":"https:\/\/apuntesdesanluis.com\/index.php\/2024\/04\/15\/la-tercera-victima-fatal-por-dengue-es-de-villa-mercedes\/#breadcrumb","itemListElement":[{"@type":"ListItem","position":1,"name":"Inicio","item":"https:\/\/apuntesdesanluis.com\/"},{"@type":"ListItem","position":2,"name":"LA TERCERA V\u00cdCTIMA FATAL POR DENGUE ES DE VILLA MERCEDES"}]},{"@type":"WebSite","@id":"https:\/\/apuntesdesanluis.com\/#website","url":"https:\/\/apuntesdesanluis.com\/","name":"Apuntes de San Luis","description":"","publisher":{"@id":"https:\/\/apuntesdesanluis.com\/#\/schema\/person\/b55151d52296fcce64d1a72538a70b90"},"potentialAction":[{"@type":"SearchAction","target":{"@type":"EntryPoint","urlTemplate":"https:\/\/apuntesdesanluis.com\/?s={search_term_string}"},"query-input":{"@type":"PropertyValueSpecification","valueRequired":true,"valueName":"search_term_string"}}],"inLanguage":"es-AR"},{"@type":["Person","Organization"],"@id":"https:\/\/apuntesdesanluis.com\/#\/schema\/person\/b55151d52296fcce64d1a72538a70b90","name":"apuntesdesanluis.com","image":{"@type":"ImageObject","inLanguage":"es-AR","@id":"https:\/\/apuntesdesanluis.com\/#\/schema\/person\/image\/","url":"https:\/\/apuntesdesanluis.com\/wp-content\/uploads\/2023\/07\/cropped-apuntesdesanluis.png","contentUrl":"https:\/\/apuntesdesanluis.com\/wp-content\/uploads\/2023\/07\/cropped-apuntesdesanluis.png","width":450,"height":112,"caption":"apuntesdesanluis.com"},"logo":{"@id":"https:\/\/apuntesdesanluis.com\/#\/schema\/person\/image\/"},"sameAs":["https:\/\/apuntesdesanluis.com"],"url":"https:\/\/apuntesdesanluis.com\/index.php\/author\/apuntesdesanluis-com\/"}]}},"featured_image_urls":{"full":["https:\/\/apuntesdesanluis.com\/wp-content\/uploads\/2024\/04\/claudia-spagnuolo.png",600,363,false],"thumbnail":["https:\/\/apuntesdesanluis.com\/wp-content\/uploads\/2024\/04\/claudia-spagnuolo-150x150.png",150,150,true],"medium":["https:\/\/apuntesdesanluis.com\/wp-content\/uploads\/2024\/04\/claudia-spagnuolo-300x182.png",300,182,true],"medium_large":["https:\/\/apuntesdesanluis.com\/wp-content\/uploads\/2024\/04\/claudia-spagnuolo.png",600,363,false],"large":["https:\/\/apuntesdesanluis.com\/wp-content\/uploads\/2024\/04\/claudia-spagnuolo.png",600,363,false],"1536x1536":["https:\/\/apuntesdesanluis.com\/wp-content\/uploads\/2024\/04\/claudia-spagnuolo.png",600,363,false],"2048x2048":["https:\/\/apuntesdesanluis.com\/wp-content\/uploads\/2024\/04\/claudia-spagnuolo.png",600,363,false],"newsever-slider-full":["https:\/\/apuntesdesanluis.com\/wp-content\/uploads\/2024\/04\/claudia-spagnuolo.png",600,363,false],"newsever-featured":["https:\/\/apuntesdesanluis.com\/wp-content\/uploads\/2024\/04\/claudia-spagnuolo.png",600,363,false],"newsever-medium":["https:\/\/apuntesdesanluis.com\/wp-content\/uploads\/2024\/04\/claudia-spagnuolo.png",600,363,false]},"author_info":{"display_name":"apuntesdesanluis.com","author_link":"https:\/\/apuntesdesanluis.com\/index.php\/author\/apuntesdesanluis-com\/"},"category_info":"<a href=\"https:\/\/apuntesdesanluis.com\/index.php\/category\/ciudad-provincia\/\" rel=\"category tag\">Ciudad\/Provincia<\/a>","tag_info":"Ciudad\/Provincia","comment_count":"0","_links":{"self":[{"href":"https:\/\/apuntesdesanluis.com\/index.php\/wp-json\/wp\/v2\/posts\/14708","targetHints":{"allow":["GET"]}}],"collection":[{"href":"https:\/\/apuntesdesanluis.com\/index.php\/wp-json\/wp\/v2\/posts"}],"about":[{"href":"https:\/\/apuntesdesanluis.com\/index.php\/wp-json\/wp\/v2\/types\/post"}],"author":[{"embeddable":true,"href":"https:\/\/apuntesdesanluis.com\/index.php\/wp-json\/wp\/v2\/users\/1"}],"replies":[{"embeddable":true,"href":"https:\/\/apuntesdesanluis.com\/index.php\/wp-json\/wp\/v2\/comments?post=14708"}],"version-history":[{"count":1,"href":"https:\/\/apuntesdesanluis.com\/index.php\/wp-json\/wp\/v2\/posts\/14708\/revisions"}],"predecessor-version":[{"id":14710,"href":"https:\/\/apuntesdesanluis.com\/index.php\/wp-json\/wp\/v2\/posts\/14708\/revisions\/14710"}],"wp:featuredmedia":[{"embeddable":true,"href":"https:\/\/apuntesdesanluis.com\/index.php\/wp-json\/wp\/v2\/media\/14709"}],"wp:attachment":[{"href":"https:\/\/apuntesdesanluis.com\/index.php\/wp-json\/wp\/v2\/media?parent=14708"}],"wp:term":[{"taxonomy":"category","embeddable":true,"href":"https:\/\/apuntesdesanluis.com\/index.php\/wp-json\/wp\/v2\/categories?post=14708"},{"taxonomy":"post_tag","embeddable":true,"href":"https:\/\/apuntesdesanluis.com\/index.php\/wp-json\/wp\/v2\/tags?post=14708"}],"curies":[{"name":"wp","href":"https:\/\/api.w.org\/{rel}","templated":true}]}}