{"id":14711,"date":"2024-04-15T22:10:59","date_gmt":"2024-04-16T01:10:59","guid":{"rendered":"https:\/\/apuntesdesanluis.com\/?p=14711"},"modified":"2024-04-15T22:42:11","modified_gmt":"2024-04-16T01:42:11","slug":"se-conocio-la-identidad-de-los-jovenes-que-se-mataron-al-chocar-con-su-moto","status":"publish","type":"post","link":"https:\/\/apuntesdesanluis.com\/index.php\/2024\/04\/15\/se-conocio-la-identidad-de-los-jovenes-que-se-mataron-al-chocar-con-su-moto\/","title":{"rendered":"SE CONOCI\u00d3 LA IDENTIDAD DE LOS J\u00d3VENES QUE SE MATARON AL CHOCAR CON SU MOTO"},"content":{"rendered":"<h3>El Ministerio P\u00fablico Fiscal de la Segunda Circunscripci\u00f3n Judicial emiti\u00f3 un comunicado en relaci\u00f3n al accidente de tr\u00e1nsito ocurrido el pasado 12 de abril en ruta provincial N\u00ba 55, Km 754 (a la altura de la planta Metalmec\u00e1nica), que tuvo como consecuencia el fallecimiento de <strong>Agust\u00edn Umere<\/strong> y <strong>Julieta Andrada<\/strong>.<\/h3>\n<h3>En la investigaci\u00f3n interviene la Fiscal\u00eda de Instrucci\u00f3n N\u00ba 2 a cargo de la Dra. Daniela Torres (Fiscal de Instrucci\u00f3n) y de los Fiscales Adjuntos, Dra. Julieta Moyano y el Dr. Alberto Orellana quienes el d\u00eda del hecho se hicieron presentes junto a personal de la Comisar\u00eda 29.<\/h3>\n<h3>En relaci\u00f3n a las medidas, hasta el momento se han tomado entrevistas de personas que estaban presentes en el lugar del hecho y\u00a0 est\u00e1n a la espera de los informes de pericia accidentol\u00f3gica y autopsia m\u00e9dico legal, asimismo se han solicitado videos de c\u00e1maras de seguridad p\u00fablicas y privadas y siguen en la b\u00fasqueda de m\u00e1s testigos que oportunamente hayan circulado por el lugar.<\/h3>\n<h3>Por la p\u00e1gina web oficial del Poder Judicial se informar\u00e1 sobre el avance de la investigaci\u00f3n de la causa.<\/h3>\n<p>&nbsp;<\/p>\n<p>&nbsp;<\/p>\n<p>&nbsp;<\/p>\n","protected":false},"excerpt":{"rendered":"<p>El Ministerio P\u00fablico Fiscal de la Segunda Circunscripci\u00f3n Judicial emiti\u00f3 un comunicado en relaci\u00f3n al&#8230;<\/p>\n","protected":false},"author":1,"featured_media":14637,"comment_status":"closed","ping_status":"closed","sticky":false,"template":"","format":"standard","meta":{"footnotes":""},"categories":[6],"tags":[],"class_list":["post-14711","post","type-post","status-publish","format-standard","has-post-thumbnail","hentry","category-ciudad-provincia"],"yoast_head":"<!-- This site is optimized with the Yoast SEO plugin v26.1.1 - https:\/\/yoast.com\/wordpress\/plugins\/seo\/ -->\n<title>SE CONOCI\u00d3 LA IDENTIDAD DE LOS J\u00d3VENES QUE SE MATARON AL CHOCAR CON SU MOTO - Apuntes de San Luis<\/title>\n<meta name=\"robots\" content=\"index, follow, max-snippet:-1, max-image-preview:large, max-video-preview:-1\" \/>\n<link rel=\"canonical\" href=\"https:\/\/apuntesdesanluis.com\/index.php\/2024\/04\/15\/se-conocio-la-identidad-de-los-jovenes-que-se-mataron-al-chocar-con-su-moto\/\" \/>\n<meta property=\"og:locale\" content=\"es_ES\" \/>\n<meta property=\"og:type\" content=\"article\" \/>\n<meta property=\"og:title\" content=\"SE CONOCI\u00d3 LA IDENTIDAD DE LOS J\u00d3VENES QUE SE MATARON AL CHOCAR CON SU MOTO - Apuntes de San Luis\" \/>\n<meta property=\"og:description\" content=\"El Ministerio P\u00fablico Fiscal de la Segunda Circunscripci\u00f3n Judicial emiti\u00f3 un comunicado en relaci\u00f3n al...\" \/>\n<meta property=\"og:url\" content=\"https:\/\/apuntesdesanluis.com\/index.php\/2024\/04\/15\/se-conocio-la-identidad-de-los-jovenes-que-se-mataron-al-chocar-con-su-moto\/\" \/>\n<meta property=\"og:site_name\" content=\"Apuntes de San Luis\" \/>\n<meta property=\"article:published_time\" content=\"2024-04-16T01:10:59+00:00\" \/>\n<meta property=\"article:modified_time\" content=\"2024-04-16T01:42:11+00:00\" \/>\n<meta property=\"og:image\" content=\"https:\/\/apuntesdesanluis.com\/wp-content\/uploads\/2024\/04\/pareja.jpg\" \/>\n\t<meta property=\"og:image:width\" content=\"546\" \/>\n\t<meta property=\"og:image:height\" content=\"292\" \/>\n\t<meta property=\"og:image:type\" content=\"image\/jpeg\" \/>\n<meta name=\"author\" content=\"apuntesdesanluis.com\" \/>\n<meta name=\"twitter:card\" content=\"summary_large_image\" \/>\n<meta name=\"twitter:label1\" content=\"Escrito por\" \/>\n\t<meta name=\"twitter:data1\" content=\"apuntesdesanluis.com\" \/>\n\t<meta name=\"twitter:label2\" content=\"Tiempo de lectura\" \/>\n\t<meta name=\"twitter:data2\" content=\"1 minuto\" \/>\n<script type=\"application\/ld+json\" class=\"yoast-schema-graph\">{\"@context\":\"https:\/\/schema.org\",\"@graph\":[{\"@type\":\"Article\",\"@id\":\"https:\/\/apuntesdesanluis.com\/index.php\/2024\/04\/15\/se-conocio-la-identidad-de-los-jovenes-que-se-mataron-al-chocar-con-su-moto\/#article\",\"isPartOf\":{\"@id\":\"https:\/\/apuntesdesanluis.com\/index.php\/2024\/04\/15\/se-conocio-la-identidad-de-los-jovenes-que-se-mataron-al-chocar-con-su-moto\/\"},\"author\":{\"name\":\"apuntesdesanluis.com\",\"@id\":\"https:\/\/apuntesdesanluis.com\/#\/schema\/person\/b55151d52296fcce64d1a72538a70b90\"},\"headline\":\"SE CONOCI\u00d3 LA IDENTIDAD DE LOS J\u00d3VENES QUE SE MATARON AL CHOCAR CON SU MOTO\",\"datePublished\":\"2024-04-16T01:10:59+00:00\",\"dateModified\":\"2024-04-16T01:42:11+00:00\",\"mainEntityOfPage\":{\"@id\":\"https:\/\/apuntesdesanluis.com\/index.php\/2024\/04\/15\/se-conocio-la-identidad-de-los-jovenes-que-se-mataron-al-chocar-con-su-moto\/\"},\"wordCount\":217,\"publisher\":{\"@id\":\"https:\/\/apuntesdesanluis.com\/#\/schema\/person\/b55151d52296fcce64d1a72538a70b90\"},\"image\":{\"@id\":\"https:\/\/apuntesdesanluis.com\/index.php\/2024\/04\/15\/se-conocio-la-identidad-de-los-jovenes-que-se-mataron-al-chocar-con-su-moto\/#primaryimage\"},\"thumbnailUrl\":\"https:\/\/apuntesdesanluis.com\/wp-content\/uploads\/2024\/04\/pareja.jpg\",\"articleSection\":[\"Ciudad\/Provincia\"],\"inLanguage\":\"es-AR\"},{\"@type\":\"WebPage\",\"@id\":\"https:\/\/apuntesdesanluis.com\/index.php\/2024\/04\/15\/se-conocio-la-identidad-de-los-jovenes-que-se-mataron-al-chocar-con-su-moto\/\",\"url\":\"https:\/\/apuntesdesanluis.com\/index.php\/2024\/04\/15\/se-conocio-la-identidad-de-los-jovenes-que-se-mataron-al-chocar-con-su-moto\/\",\"name\":\"SE CONOCI\u00d3 LA IDENTIDAD DE LOS J\u00d3VENES QUE SE MATARON AL CHOCAR CON SU MOTO - Apuntes de San Luis\",\"isPartOf\":{\"@id\":\"https:\/\/apuntesdesanluis.com\/#website\"},\"primaryImageOfPage\":{\"@id\":\"https:\/\/apuntesdesanluis.com\/index.php\/2024\/04\/15\/se-conocio-la-identidad-de-los-jovenes-que-se-mataron-al-chocar-con-su-moto\/#primaryimage\"},\"image\":{\"@id\":\"https:\/\/apuntesdesanluis.com\/index.php\/2024\/04\/15\/se-conocio-la-identidad-de-los-jovenes-que-se-mataron-al-chocar-con-su-moto\/#primaryimage\"},\"thumbnailUrl\":\"https:\/\/apuntesdesanluis.com\/wp-content\/uploads\/2024\/04\/pareja.jpg\",\"datePublished\":\"2024-04-16T01:10:59+00:00\",\"dateModified\":\"2024-04-16T01:42:11+00:00\",\"breadcrumb\":{\"@id\":\"https:\/\/apuntesdesanluis.com\/index.php\/2024\/04\/15\/se-conocio-la-identidad-de-los-jovenes-que-se-mataron-al-chocar-con-su-moto\/#breadcrumb\"},\"inLanguage\":\"es-AR\",\"potentialAction\":[{\"@type\":\"ReadAction\",\"target\":[\"https:\/\/apuntesdesanluis.com\/index.php\/2024\/04\/15\/se-conocio-la-identidad-de-los-jovenes-que-se-mataron-al-chocar-con-su-moto\/\"]}]},{\"@type\":\"ImageObject\",\"inLanguage\":\"es-AR\",\"@id\":\"https:\/\/apuntesdesanluis.com\/index.php\/2024\/04\/15\/se-conocio-la-identidad-de-los-jovenes-que-se-mataron-al-chocar-con-su-moto\/#primaryimage\",\"url\":\"https:\/\/apuntesdesanluis.com\/wp-content\/uploads\/2024\/04\/pareja.jpg\",\"contentUrl\":\"https:\/\/apuntesdesanluis.com\/wp-content\/uploads\/2024\/04\/pareja.jpg\",\"width\":546,\"height\":292},{\"@type\":\"BreadcrumbList\",\"@id\":\"https:\/\/apuntesdesanluis.com\/index.php\/2024\/04\/15\/se-conocio-la-identidad-de-los-jovenes-que-se-mataron-al-chocar-con-su-moto\/#breadcrumb\",\"itemListElement\":[{\"@type\":\"ListItem\",\"position\":1,\"name\":\"Inicio\",\"item\":\"https:\/\/apuntesdesanluis.com\/\"},{\"@type\":\"ListItem\",\"position\":2,\"name\":\"SE CONOCI\u00d3 LA IDENTIDAD DE LOS J\u00d3VENES QUE SE MATARON AL CHOCAR CON SU MOTO\"}]},{\"@type\":\"WebSite\",\"@id\":\"https:\/\/apuntesdesanluis.com\/#website\",\"url\":\"https:\/\/apuntesdesanluis.com\/\",\"name\":\"Apuntes de San Luis\",\"description\":\"\",\"publisher\":{\"@id\":\"https:\/\/apuntesdesanluis.com\/#\/schema\/person\/b55151d52296fcce64d1a72538a70b90\"},\"potentialAction\":[{\"@type\":\"SearchAction\",\"target\":{\"@type\":\"EntryPoint\",\"urlTemplate\":\"https:\/\/apuntesdesanluis.com\/?s={search_term_string}\"},\"query-input\":{\"@type\":\"PropertyValueSpecification\",\"valueRequired\":true,\"valueName\":\"search_term_string\"}}],\"inLanguage\":\"es-AR\"},{\"@type\":[\"Person\",\"Organization\"],\"@id\":\"https:\/\/apuntesdesanluis.com\/#\/schema\/person\/b55151d52296fcce64d1a72538a70b90\",\"name\":\"apuntesdesanluis.com\",\"image\":{\"@type\":\"ImageObject\",\"inLanguage\":\"es-AR\",\"@id\":\"https:\/\/apuntesdesanluis.com\/#\/schema\/person\/image\/\",\"url\":\"https:\/\/apuntesdesanluis.com\/wp-content\/uploads\/2023\/07\/cropped-apuntesdesanluis.png\",\"contentUrl\":\"https:\/\/apuntesdesanluis.com\/wp-content\/uploads\/2023\/07\/cropped-apuntesdesanluis.png\",\"width\":450,\"height\":112,\"caption\":\"apuntesdesanluis.com\"},\"logo\":{\"@id\":\"https:\/\/apuntesdesanluis.com\/#\/schema\/person\/image\/\"},\"sameAs\":[\"https:\/\/apuntesdesanluis.com\"],\"url\":\"https:\/\/apuntesdesanluis.com\/index.php\/author\/apuntesdesanluis-com\/\"}]}<\/script>\n<!-- \/ Yoast SEO plugin. -->","yoast_head_json":{"title":"SE CONOCI\u00d3 LA IDENTIDAD DE LOS J\u00d3VENES QUE SE MATARON AL CHOCAR CON SU MOTO - Apuntes de San Luis","robots":{"index":"index","follow":"follow","max-snippet":"max-snippet:-1","max-image-preview":"max-image-preview:large","max-video-preview":"max-video-preview:-1"},"canonical":"https:\/\/apuntesdesanluis.com\/index.php\/2024\/04\/15\/se-conocio-la-identidad-de-los-jovenes-que-se-mataron-al-chocar-con-su-moto\/","og_locale":"es_ES","og_type":"article","og_title":"SE CONOCI\u00d3 LA IDENTIDAD DE LOS J\u00d3VENES QUE SE MATARON AL CHOCAR CON SU MOTO - Apuntes de San Luis","og_description":"El Ministerio P\u00fablico Fiscal de la Segunda Circunscripci\u00f3n Judicial emiti\u00f3 un comunicado en relaci\u00f3n al...","og_url":"https:\/\/apuntesdesanluis.com\/index.php\/2024\/04\/15\/se-conocio-la-identidad-de-los-jovenes-que-se-mataron-al-chocar-con-su-moto\/","og_site_name":"Apuntes de San Luis","article_published_time":"2024-04-16T01:10:59+00:00","article_modified_time":"2024-04-16T01:42:11+00:00","og_image":[{"width":546,"height":292,"url":"https:\/\/apuntesdesanluis.com\/wp-content\/uploads\/2024\/04\/pareja.jpg","type":"image\/jpeg"}],"author":"apuntesdesanluis.com","twitter_card":"summary_large_image","twitter_misc":{"Escrito por":"apuntesdesanluis.com","Tiempo de lectura":"1 minuto"},"schema":{"@context":"https:\/\/schema.org","@graph":[{"@type":"Article","@id":"https:\/\/apuntesdesanluis.com\/index.php\/2024\/04\/15\/se-conocio-la-identidad-de-los-jovenes-que-se-mataron-al-chocar-con-su-moto\/#article","isPartOf":{"@id":"https:\/\/apuntesdesanluis.com\/index.php\/2024\/04\/15\/se-conocio-la-identidad-de-los-jovenes-que-se-mataron-al-chocar-con-su-moto\/"},"author":{"name":"apuntesdesanluis.com","@id":"https:\/\/apuntesdesanluis.com\/#\/schema\/person\/b55151d52296fcce64d1a72538a70b90"},"headline":"SE CONOCI\u00d3 LA IDENTIDAD DE LOS J\u00d3VENES QUE SE MATARON AL CHOCAR CON SU MOTO","datePublished":"2024-04-16T01:10:59+00:00","dateModified":"2024-04-16T01:42:11+00:00","mainEntityOfPage":{"@id":"https:\/\/apuntesdesanluis.com\/index.php\/2024\/04\/15\/se-conocio-la-identidad-de-los-jovenes-que-se-mataron-al-chocar-con-su-moto\/"},"wordCount":217,"publisher":{"@id":"https:\/\/apuntesdesanluis.com\/#\/schema\/person\/b55151d52296fcce64d1a72538a70b90"},"image":{"@id":"https:\/\/apuntesdesanluis.com\/index.php\/2024\/04\/15\/se-conocio-la-identidad-de-los-jovenes-que-se-mataron-al-chocar-con-su-moto\/#primaryimage"},"thumbnailUrl":"https:\/\/apuntesdesanluis.com\/wp-content\/uploads\/2024\/04\/pareja.jpg","articleSection":["Ciudad\/Provincia"],"inLanguage":"es-AR"},{"@type":"WebPage","@id":"https:\/\/apuntesdesanluis.com\/index.php\/2024\/04\/15\/se-conocio-la-identidad-de-los-jovenes-que-se-mataron-al-chocar-con-su-moto\/","url":"https:\/\/apuntesdesanluis.com\/index.php\/2024\/04\/15\/se-conocio-la-identidad-de-los-jovenes-que-se-mataron-al-chocar-con-su-moto\/","name":"SE CONOCI\u00d3 LA IDENTIDAD DE LOS J\u00d3VENES QUE SE MATARON AL CHOCAR CON SU MOTO - Apuntes de San Luis","isPartOf":{"@id":"https:\/\/apuntesdesanluis.com\/#website"},"primaryImageOfPage":{"@id":"https:\/\/apuntesdesanluis.com\/index.php\/2024\/04\/15\/se-conocio-la-identidad-de-los-jovenes-que-se-mataron-al-chocar-con-su-moto\/#primaryimage"},"image":{"@id":"https:\/\/apuntesdesanluis.com\/index.php\/2024\/04\/15\/se-conocio-la-identidad-de-los-jovenes-que-se-mataron-al-chocar-con-su-moto\/#primaryimage"},"thumbnailUrl":"https:\/\/apuntesdesanluis.com\/wp-content\/uploads\/2024\/04\/pareja.jpg","datePublished":"2024-04-16T01:10:59+00:00","dateModified":"2024-04-16T01:42:11+00:00","breadcrumb":{"@id":"https:\/\/apuntesdesanluis.com\/index.php\/2024\/04\/15\/se-conocio-la-identidad-de-los-jovenes-que-se-mataron-al-chocar-con-su-moto\/#breadcrumb"},"inLanguage":"es-AR","potentialAction":[{"@type":"ReadAction","target":["https:\/\/apuntesdesanluis.com\/index.php\/2024\/04\/15\/se-conocio-la-identidad-de-los-jovenes-que-se-mataron-al-chocar-con-su-moto\/"]}]},{"@type":"ImageObject","inLanguage":"es-AR","@id":"https:\/\/apuntesdesanluis.com\/index.php\/2024\/04\/15\/se-conocio-la-identidad-de-los-jovenes-que-se-mataron-al-chocar-con-su-moto\/#primaryimage","url":"https:\/\/apuntesdesanluis.com\/wp-content\/uploads\/2024\/04\/pareja.jpg","contentUrl":"https:\/\/apuntesdesanluis.com\/wp-content\/uploads\/2024\/04\/pareja.jpg","width":546,"height":292},{"@type":"BreadcrumbList","@id":"https:\/\/apuntesdesanluis.com\/index.php\/2024\/04\/15\/se-conocio-la-identidad-de-los-jovenes-que-se-mataron-al-chocar-con-su-moto\/#breadcrumb","itemListElement":[{"@type":"ListItem","position":1,"name":"Inicio","item":"https:\/\/apuntesdesanluis.com\/"},{"@type":"ListItem","position":2,"name":"SE CONOCI\u00d3 LA IDENTIDAD DE LOS J\u00d3VENES QUE SE MATARON AL CHOCAR CON SU MOTO"}]},{"@type":"WebSite","@id":"https:\/\/apuntesdesanluis.com\/#website","url":"https:\/\/apuntesdesanluis.com\/","name":"Apuntes de San Luis","description":"","publisher":{"@id":"https:\/\/apuntesdesanluis.com\/#\/schema\/person\/b55151d52296fcce64d1a72538a70b90"},"potentialAction":[{"@type":"SearchAction","target":{"@type":"EntryPoint","urlTemplate":"https:\/\/apuntesdesanluis.com\/?s={search_term_string}"},"query-input":{"@type":"PropertyValueSpecification","valueRequired":true,"valueName":"search_term_string"}}],"inLanguage":"es-AR"},{"@type":["Person","Organization"],"@id":"https:\/\/apuntesdesanluis.com\/#\/schema\/person\/b55151d52296fcce64d1a72538a70b90","name":"apuntesdesanluis.com","image":{"@type":"ImageObject","inLanguage":"es-AR","@id":"https:\/\/apuntesdesanluis.com\/#\/schema\/person\/image\/","url":"https:\/\/apuntesdesanluis.com\/wp-content\/uploads\/2023\/07\/cropped-apuntesdesanluis.png","contentUrl":"https:\/\/apuntesdesanluis.com\/wp-content\/uploads\/2023\/07\/cropped-apuntesdesanluis.png","width":450,"height":112,"caption":"apuntesdesanluis.com"},"logo":{"@id":"https:\/\/apuntesdesanluis.com\/#\/schema\/person\/image\/"},"sameAs":["https:\/\/apuntesdesanluis.com"],"url":"https:\/\/apuntesdesanluis.com\/index.php\/author\/apuntesdesanluis-com\/"}]}},"featured_image_urls":{"full":["https:\/\/apuntesdesanluis.com\/wp-content\/uploads\/2024\/04\/pareja.jpg",546,292,false],"thumbnail":["https:\/\/apuntesdesanluis.com\/wp-content\/uploads\/2024\/04\/pareja-150x150.jpg",150,150,true],"medium":["https:\/\/apuntesdesanluis.com\/wp-content\/uploads\/2024\/04\/pareja-300x160.jpg",300,160,true],"medium_large":["https:\/\/apuntesdesanluis.com\/wp-content\/uploads\/2024\/04\/pareja.jpg",546,292,false],"large":["https:\/\/apuntesdesanluis.com\/wp-content\/uploads\/2024\/04\/pareja.jpg",546,292,false],"1536x1536":["https:\/\/apuntesdesanluis.com\/wp-content\/uploads\/2024\/04\/pareja.jpg",546,292,false],"2048x2048":["https:\/\/apuntesdesanluis.com\/wp-content\/uploads\/2024\/04\/pareja.jpg",546,292,false],"newsever-slider-full":["https:\/\/apuntesdesanluis.com\/wp-content\/uploads\/2024\/04\/pareja.jpg",546,292,false],"newsever-featured":["https:\/\/apuntesdesanluis.com\/wp-content\/uploads\/2024\/04\/pareja.jpg",546,292,false],"newsever-medium":["https:\/\/apuntesdesanluis.com\/wp-content\/uploads\/2024\/04\/pareja.jpg",546,292,false]},"author_info":{"display_name":"apuntesdesanluis.com","author_link":"https:\/\/apuntesdesanluis.com\/index.php\/author\/apuntesdesanluis-com\/"},"category_info":"<a href=\"https:\/\/apuntesdesanluis.com\/index.php\/category\/ciudad-provincia\/\" rel=\"category tag\">Ciudad\/Provincia<\/a>","tag_info":"Ciudad\/Provincia","comment_count":"0","_links":{"self":[{"href":"https:\/\/apuntesdesanluis.com\/index.php\/wp-json\/wp\/v2\/posts\/14711","targetHints":{"allow":["GET"]}}],"collection":[{"href":"https:\/\/apuntesdesanluis.com\/index.php\/wp-json\/wp\/v2\/posts"}],"about":[{"href":"https:\/\/apuntesdesanluis.com\/index.php\/wp-json\/wp\/v2\/types\/post"}],"author":[{"embeddable":true,"href":"https:\/\/apuntesdesanluis.com\/index.php\/wp-json\/wp\/v2\/users\/1"}],"replies":[{"embeddable":true,"href":"https:\/\/apuntesdesanluis.com\/index.php\/wp-json\/wp\/v2\/comments?post=14711"}],"version-history":[{"count":1,"href":"https:\/\/apuntesdesanluis.com\/index.php\/wp-json\/wp\/v2\/posts\/14711\/revisions"}],"predecessor-version":[{"id":14712,"href":"https:\/\/apuntesdesanluis.com\/index.php\/wp-json\/wp\/v2\/posts\/14711\/revisions\/14712"}],"wp:featuredmedia":[{"embeddable":true,"href":"https:\/\/apuntesdesanluis.com\/index.php\/wp-json\/wp\/v2\/media\/14637"}],"wp:attachment":[{"href":"https:\/\/apuntesdesanluis.com\/index.php\/wp-json\/wp\/v2\/media?parent=14711"}],"wp:term":[{"taxonomy":"category","embeddable":true,"href":"https:\/\/apuntesdesanluis.com\/index.php\/wp-json\/wp\/v2\/categories?post=14711"},{"taxonomy":"post_tag","embeddable":true,"href":"https:\/\/apuntesdesanluis.com\/index.php\/wp-json\/wp\/v2\/tags?post=14711"}],"curies":[{"name":"wp","href":"https:\/\/api.w.org\/{rel}","templated":true}]}}